{"id":5986,"date":"2014-11-07T14:03:15","date_gmt":"2014-11-07T13:03:15","guid":{"rendered":"https:\/\/www.lactissima.com\/a-tire-d-ailes\/?p=5986"},"modified":"2014-11-07T14:03:15","modified_gmt":"2014-11-07T13:03:15","slug":"poursuivre-tire-allaitement-reprise-du-travail","status":"publish","type":"post","link":"https:\/\/www.lactissima.com\/a-tire-d-ailes\/poursuivre-tire-allaitement-reprise-du-travail\/","title":{"rendered":"Poursuivre un tire-allaitement \u00e0 la reprise du travail"},"content":{"rendered":"<p style=\"text-align: justify;\"><img loading=\"lazy\" decoding=\"async\" class=\"alignright size-full wp-image-5990\" src=\"https:\/\/www.lactissima.com\/a-tire-d-ailes\/wp-content\/uploads\/2014\/11\/Bologne.jpg\" alt=\"tire-allaitement\" width=\"320\" height=\"240\" srcset=\"https:\/\/www.lactissima.com\/a-tire-d-ailes\/wp-content\/uploads\/2014\/11\/Bologne.jpg 320w, https:\/\/www.lactissima.com\/a-tire-d-ailes\/wp-content\/uploads\/2014\/11\/Bologne-300x225.jpg 300w\" sizes=\"(max-width: 320px) 100vw, 320px\" \/>S&rsquo;il est un sujet dont on parle peu, c&rsquo;est bien celui du<strong> tire-allaitement<\/strong>. Le tire-allaitement consiste pour une m\u00e8re \u00e0 <a href=\"https:\/\/www.lactissima.com\/a-tire-d-ailes\/comment-tirer-son-lait\/\" target=\"_blank\">tirer son lait<\/a> et le donner au biberon.<\/p>\n<p style=\"text-align: justify;\">C&rsquo;est un <strong>choix<\/strong> que font certaines femmes qui ne souhaitent pas avoir de mises au sein. C&rsquo;est un choix qui peut s&rsquo;imposer quand le b\u00e9b\u00e9 n&rsquo;est pas capable de t\u00e9ter correctement, soit il est alors inefficace, soit il occasionne des douleurs importantes \u00e0 sa m\u00e8re. C&rsquo;est enfin un choix qui est fait par certaines femmes quand leur <a href=\"https:\/\/www.lactissima.com\/a-tire-d-ailes\/bebe-refuse-le-sein\/\" target=\"_blank\">b\u00e9b\u00e9 refuse le sein<\/a>.<\/p>\n<p style=\"text-align: justify;\">Au moment de la <a href=\"https:\/\/www.lactissima.com\/a-tire-d-ailes\/5-facons-de-conjuguer-allaitement-et-reprise-du-travail\/\" target=\"_blank\">reprise du travail<\/a>, les m\u00eames choix que pour un allaitement au sein se pr\u00e9sentent :<\/p>\n<ul style=\"text-align: justify;\">\n<li>poursuite du tire-allaitement de mani\u00e8re exclusive.<\/li>\n<li>passage \u00e0 un <a href=\"https:\/\/www.lactissima.com\/a-tire-d-ailes\/6-trucs-reprendre-travail-en-allaitement-mixte\/\" target=\"_blank\">allaitement mixte<\/a>.<\/li>\n<li><a href=\"https:\/\/www.lactissima.com\/a-tire-d-ailes\/sevrage\/\" target=\"_blank\">sevrage<\/a>.<\/li>\n<\/ul>\n<p style=\"text-align: justify;\">Si vous faites un tire-allaitement et que vous souhaitez le poursuivre de mani\u00e8re <strong>exclusive<\/strong> \u00e0 la reprise du travail, vous pouvez essayer de tirer votre lait au travail aussi souvent que si vous \u00e9tiez chez vous. Si le nombre de tirage exc\u00e8de alors trois sur votre temps de travail, cela risque de s&rsquo;av\u00e9rer compliqu\u00e9. Mais si vous pouvez faire 2 ou 3 tirages au travail selon vos besoins, c&rsquo;est tout \u00e0 fait faisable.<\/p>\n<p style=\"text-align: justify;\">Par contre, si vous utilisez un gros tire-lait de type hospitalier, vous allez peut-\u00eatre envisager de <strong>changer de tire-lait<\/strong> pour un mod\u00e8le plus petit mais qui reste efficace. Vous trouverez diff\u00e9rents mod\u00e8les de petits <a href=\"https:\/\/www.lactissima.com\/a-tire-d-ailes\/le-point-sur-les-tire-lait\/\" target=\"_blank\">tire-lait<\/a>.<\/p>\n<p style=\"text-align: justify;\">Si vous ne souhaitez pas tirer votre lait au travail et passer en <strong>allaitement mixte<\/strong>, vous pouvez continuer \u00e0 tirer le lait chez vous aussi souvent les jours non travaill\u00e9s et autant que possible les jours travaill\u00e9s. S&rsquo;il vous manque du lait pour votre temps d&rsquo;absence, votre b\u00e9b\u00e9 prendra une <a href=\"https:\/\/www.lactissima.com\/a-tire-d-ailes\/savez-preparer-biberon\/\" target=\"_blank\">pr\u00e9paration pour nourrisson<\/a>.<\/p>\n<p style=\"text-align: justify;\">Les premiers jours, je vous sugg\u00e8re d&#8217;emporter avec vous un petit tire-lait <strong>manuel<\/strong> pour soulager vos seins en cours de journ\u00e9e.<\/p>\n<p style=\"text-align: justify;\">Si vous souhaitez <strong>arr\u00eater<\/strong> votre tire-allaitement \u00e0 la reprise du travail, je vous sugg\u00e8re de commencer par diminuer le temps de chaque tirage pour arriver \u00e0 5 minutes \u00e0 chaque fois, puis de supprimer les tirages un par un, en surveillant que vos seins ne s&rsquo;engorgent pas.<\/p>\n<p style=\"text-align: justify;\">Avec un tire-allaitement, quels sont vos <strong>avantages<\/strong> \u00e0 la reprise du travail, par rapport \u00e0 un allaitement au sein ?<\/p>\n<ul style=\"text-align: justify;\">\n<li>Votre b\u00e9b\u00e9 sait d\u00e9j\u00e0 prendre le biberon.<\/li>\n<li>Vous savez d\u00e9j\u00e0 de combien de ml vous avez besoin pour r\u00e9pondre aux besoins de votre b\u00e9b\u00e9.<\/li>\n<li>Vous ma\u00eetrisez d\u00e9j\u00e0 l&rsquo;usage du tire-lait.<\/li>\n<\/ul>\n<p style=\"text-align: justify;\">Et <strong>vous<\/strong>, qu&rsquo;avez-vous choisi \u00e0 la reprise du travail ?<\/p>\n<p style=\"text-align: justify;\"><strong>Articles en rapport :<\/strong><\/p>\n<ul>\n<li style=\"text-align: justify;\"><a href=\"https:\/\/www.lactissima.com\/a-tire-d-ailes\/bebe-refuse-le-sein\/\" target=\"_blank\">Quand mon b\u00e9b\u00e9 refuse le sein<\/a><\/li>\n<li style=\"text-align: justify;\"><a href=\"https:\/\/www.lactissima.com\/a-tire-d-ailes\/5-facons-de-conjuguer-allaitement-et-reprise-du-travail\/\" target=\"_blank\">5 fa\u00e7ons de conjuguer allaitement et reprise du travail<\/a>.<\/li>\n<li style=\"text-align: justify;\"><a href=\"https:\/\/www.lactissima.com\/a-tire-d-ailes\/6-trucs-reprendre-travail-en-allaitement-mixte\/\" target=\"_blank\">6 trucs pour reprendre le travail en allaitement mixte.<\/a><\/li>\n<li style=\"text-align: justify;\"><a href=\"https:\/\/www.lactissima.com\/a-tire-d-ailes\/le-point-sur-les-tire-lait\/\" target=\"_blank\">Le point sur les tire-lait.<\/a><\/li>\n<li style=\"text-align: justify;\"><a href=\"https:\/\/www.lactissima.com\/a-tire-d-ailes\/savez-preparer-biberon\/\" target=\"_blank\">Savez-vous pr\u00e9parer un biberon ?<\/a><\/li>\n<li style=\"text-align: justify;\"><a href=\"https:\/\/www.lactissima.com\/a-tire-d-ailes\/sevrage\/\" target=\"_blank\">Choisir le sevrage \u00e0 la reprise du travail.<\/a><\/li>\n<\/ul>\n<p>&nbsp;<\/p>\n","protected":false},"excerpt":{"rendered":"<p>S&rsquo;il est un sujet dont on parle peu, c&rsquo;est bien celui du tire-allaitement. Le tire-allaitement consiste pour une m\u00e8re \u00e0 tirer son lait et le donner au biberon. C&rsquo;est un choix que font certaines femmes qui ne souhaitent pas avoir de mises au sein. C&rsquo;est un choix qui peut s&rsquo;imposer quand le b\u00e9b\u00e9 n&rsquo;est pas [&hellip;]<\/p>\n","protected":false},"author":170,"featured_media":5990,"comment_status":"open","ping_status":"open","sticky":false,"template":"","format":"standard","meta":{"_et_pb_use_builder":"","_et_pb_old_content":"","_et_gb_content_width":"","footnotes":""},"categories":[36],"tags":[89,640,180,128,56,57,72],"class_list":["post-5986","post","type-post","status-publish","format-standard","has-post-thumbnail","hentry","category-allaitement-et-travail","tag-allaitement-mixte","tag-bebe-refuse-le-sein","tag-preparation-pour-nourrisson","tag-reprise-du-travail","tag-sevrage","tag-tire-lait","tag-tirer-son-lait"],"yoast_head":"<!-- This site is optimized with the Yoast SEO plugin v27.4 - https:\/\/yoast.com\/product\/yoast-seo-wordpress\/ -->\n<title>Poursuivre un tire-allaitement \u00e0 la reprise du travail<\/title>\n<meta name=\"description\" content=\"Quelques suggestions pour aborder la reprise du travail lorsque que l&#039;on est en tire-allaitement.\" \/>\n<meta name=\"robots\" content=\"index, follow, max-snippet:-1, max-image-preview:large, max-video-preview:-1\" \/>\n<link rel=\"canonical\" href=\"https:\/\/www.lactissima.com\/a-tire-d-ailes\/poursuivre-tire-allaitement-reprise-du-travail\/\" \/>\n<meta property=\"og:locale\" content=\"fr_FR\" \/>\n<meta property=\"og:type\" content=\"article\" \/>\n<meta property=\"og:title\" content=\"Poursuivre un tire-allaitement \u00e0 la reprise du travail\" \/>\n<meta property=\"og:description\" content=\"Quelques suggestions pour aborder la reprise du travail lorsque que l&#039;on est en tire-allaitement.\" \/>\n<meta property=\"og:url\" content=\"https:\/\/www.lactissima.com\/a-tire-d-ailes\/poursuivre-tire-allaitement-reprise-du-travail\/\" \/>\n<meta property=\"og:site_name\" content=\"A tire d&#039;Ailes\" \/>\n<meta property=\"article:publisher\" content=\"https:\/\/www.facebook.com\/consultante.en.lactation\" \/>\n<meta property=\"article:author\" content=\"www.facebook.com\/consultante.en.lactation\" \/>\n<meta property=\"article:published_time\" content=\"2014-11-07T13:03:15+00:00\" \/>\n<meta property=\"og:image\" content=\"https:\/\/www.lactissima.com\/a-tire-d-ailes\/wp-content\/uploads\/2014\/11\/Bologne.jpg\" \/>\n\t<meta property=\"og:image:width\" content=\"320\" \/>\n\t<meta property=\"og:image:height\" content=\"240\" \/>\n\t<meta property=\"og:image:type\" content=\"image\/jpeg\" \/>\n<meta name=\"author\" content=\"V\u00e9ronique Darmangeat\" \/>\n<meta name=\"twitter:card\" content=\"summary_large_image\" \/>\n<meta name=\"twitter:creator\" content=\"@VeroniqueIBCLC\" \/>\n<meta name=\"twitter:site\" content=\"@VeroniqueIBCLC\" \/>\n<meta name=\"twitter:label1\" content=\"\u00c9crit par\" \/>\n\t<meta name=\"twitter:data1\" content=\"V\u00e9ronique Darmangeat\" \/>\n\t<meta name=\"twitter:label2\" content=\"Dur\u00e9e de lecture estim\u00e9e\" \/>\n\t<meta name=\"twitter:data2\" content=\"2 minutes\" \/>\n<script type=\"application\/ld+json\" class=\"yoast-schema-graph\">{\"@context\":\"https:\\\/\\\/schema.org\",\"@graph\":[{\"@type\":\"Article\",\"@id\":\"https:\\\/\\\/www.lactissima.com\\\/a-tire-d-ailes\\\/poursuivre-tire-allaitement-reprise-du-travail\\\/#article\",\"isPartOf\":{\"@id\":\"https:\\\/\\\/www.lactissima.com\\\/a-tire-d-ailes\\\/poursuivre-tire-allaitement-reprise-du-travail\\\/\"},\"author\":{\"name\":\"V\u00e9ronique Darmangeat\",\"@id\":\"https:\\\/\\\/www.lactissima.com\\\/a-tire-d-ailes\\\/#\\\/schema\\\/person\\\/8f98d3a89530861bc1240e6d53d44eed\"},\"headline\":\"Poursuivre un tire-allaitement \u00e0 la reprise du travail\",\"datePublished\":\"2014-11-07T13:03:15+00:00\",\"mainEntityOfPage\":{\"@id\":\"https:\\\/\\\/www.lactissima.com\\\/a-tire-d-ailes\\\/poursuivre-tire-allaitement-reprise-du-travail\\\/\"},\"wordCount\":488,\"commentCount\":23,\"image\":{\"@id\":\"https:\\\/\\\/www.lactissima.com\\\/a-tire-d-ailes\\\/poursuivre-tire-allaitement-reprise-du-travail\\\/#primaryimage\"},\"thumbnailUrl\":\"https:\\\/\\\/www.lactissima.com\\\/a-tire-d-ailes\\\/wp-content\\\/uploads\\\/2014\\\/11\\\/Bologne.jpg\",\"keywords\":[\"allaitement mixte\",\"b\u00e9b\u00e9 refuse le sein\",\"pr\u00e9paration pour nourrisson\",\"reprise du travail\",\"Sevrage\",\"tire-lait\",\"tirer son lait\"],\"articleSection\":[\"Allaitement et Travail\"],\"inLanguage\":\"fr-FR\",\"potentialAction\":[{\"@type\":\"CommentAction\",\"name\":\"Comment\",\"target\":[\"https:\\\/\\\/www.lactissima.com\\\/a-tire-d-ailes\\\/poursuivre-tire-allaitement-reprise-du-travail\\\/#respond\"]}]},{\"@type\":\"WebPage\",\"@id\":\"https:\\\/\\\/www.lactissima.com\\\/a-tire-d-ailes\\\/poursuivre-tire-allaitement-reprise-du-travail\\\/\",\"url\":\"https:\\\/\\\/www.lactissima.com\\\/a-tire-d-ailes\\\/poursuivre-tire-allaitement-reprise-du-travail\\\/\",\"name\":\"Poursuivre un tire-allaitement \u00e0 la reprise du travail\",\"isPartOf\":{\"@id\":\"https:\\\/\\\/www.lactissima.com\\\/a-tire-d-ailes\\\/#website\"},\"primaryImageOfPage\":{\"@id\":\"https:\\\/\\\/www.lactissima.com\\\/a-tire-d-ailes\\\/poursuivre-tire-allaitement-reprise-du-travail\\\/#primaryimage\"},\"image\":{\"@id\":\"https:\\\/\\\/www.lactissima.com\\\/a-tire-d-ailes\\\/poursuivre-tire-allaitement-reprise-du-travail\\\/#primaryimage\"},\"thumbnailUrl\":\"https:\\\/\\\/www.lactissima.com\\\/a-tire-d-ailes\\\/wp-content\\\/uploads\\\/2014\\\/11\\\/Bologne.jpg\",\"datePublished\":\"2014-11-07T13:03:15+00:00\",\"author\":{\"@id\":\"https:\\\/\\\/www.lactissima.com\\\/a-tire-d-ailes\\\/#\\\/schema\\\/person\\\/8f98d3a89530861bc1240e6d53d44eed\"},\"description\":\"Quelques suggestions pour aborder la reprise du travail lorsque que l'on est en tire-allaitement.\",\"breadcrumb\":{\"@id\":\"https:\\\/\\\/www.lactissima.com\\\/a-tire-d-ailes\\\/poursuivre-tire-allaitement-reprise-du-travail\\\/#breadcrumb\"},\"inLanguage\":\"fr-FR\",\"potentialAction\":[{\"@type\":\"ReadAction\",\"target\":[\"https:\\\/\\\/www.lactissima.com\\\/a-tire-d-ailes\\\/poursuivre-tire-allaitement-reprise-du-travail\\\/\"]}]},{\"@type\":\"ImageObject\",\"inLanguage\":\"fr-FR\",\"@id\":\"https:\\\/\\\/www.lactissima.com\\\/a-tire-d-ailes\\\/poursuivre-tire-allaitement-reprise-du-travail\\\/#primaryimage\",\"url\":\"https:\\\/\\\/www.lactissima.com\\\/a-tire-d-ailes\\\/wp-content\\\/uploads\\\/2014\\\/11\\\/Bologne.jpg\",\"contentUrl\":\"https:\\\/\\\/www.lactissima.com\\\/a-tire-d-ailes\\\/wp-content\\\/uploads\\\/2014\\\/11\\\/Bologne.jpg\",\"width\":320,\"height\":240,\"caption\":\"tire-allaitement\"},{\"@type\":\"BreadcrumbList\",\"@id\":\"https:\\\/\\\/www.lactissima.com\\\/a-tire-d-ailes\\\/poursuivre-tire-allaitement-reprise-du-travail\\\/#breadcrumb\",\"itemListElement\":[{\"@type\":\"ListItem\",\"position\":1,\"name\":\"Accueil\",\"item\":\"https:\\\/\\\/www.lactissima.com\\\/a-tire-d-ailes\\\/\"},{\"@type\":\"ListItem\",\"position\":2,\"name\":\"Poursuivre un tire-allaitement \u00e0 la reprise du travail\"}]},{\"@type\":\"WebSite\",\"@id\":\"https:\\\/\\\/www.lactissima.com\\\/a-tire-d-ailes\\\/#website\",\"url\":\"https:\\\/\\\/www.lactissima.com\\\/a-tire-d-ailes\\\/\",\"name\":\"A tire d&#039;Ailes\",\"description\":\"Le blog des femmes qui allaitent et travaillent.\",\"potentialAction\":[{\"@type\":\"SearchAction\",\"target\":{\"@type\":\"EntryPoint\",\"urlTemplate\":\"https:\\\/\\\/www.lactissima.com\\\/a-tire-d-ailes\\\/?s={search_term_string}\"},\"query-input\":{\"@type\":\"PropertyValueSpecification\",\"valueRequired\":true,\"valueName\":\"search_term_string\"}}],\"inLanguage\":\"fr-FR\"},{\"@type\":\"Person\",\"@id\":\"https:\\\/\\\/www.lactissima.com\\\/a-tire-d-ailes\\\/#\\\/schema\\\/person\\\/8f98d3a89530861bc1240e6d53d44eed\",\"name\":\"V\u00e9ronique Darmangeat\",\"image\":{\"@type\":\"ImageObject\",\"inLanguage\":\"fr-FR\",\"@id\":\"https:\\\/\\\/secure.gravatar.com\\\/avatar\\\/268c99344c89cebfe4f5df5fa8be43068a18884fc76a29f3206fae98465b9cab?s=96&d=identicon&r=g\",\"url\":\"https:\\\/\\\/secure.gravatar.com\\\/avatar\\\/268c99344c89cebfe4f5df5fa8be43068a18884fc76a29f3206fae98465b9cab?s=96&d=identicon&r=g\",\"contentUrl\":\"https:\\\/\\\/secure.gravatar.com\\\/avatar\\\/268c99344c89cebfe4f5df5fa8be43068a18884fc76a29f3206fae98465b9cab?s=96&d=identicon&r=g\",\"caption\":\"V\u00e9ronique Darmangeat\"},\"sameAs\":[\"https:\\\/\\\/www.lactissima.com\\\/a-tire-d-ailes\",\"www.facebook.com\\\/consultante.en.lactation\"]}]}<\/script>\n<!-- \/ Yoast SEO plugin. -->","yoast_head_json":{"title":"Poursuivre un tire-allaitement \u00e0 la reprise du travail","description":"Quelques suggestions pour aborder la reprise du travail lorsque que l'on est en tire-allaitement.","robots":{"index":"index","follow":"follow","max-snippet":"max-snippet:-1","max-image-preview":"max-image-preview:large","max-video-preview":"max-video-preview:-1"},"canonical":"https:\/\/www.lactissima.com\/a-tire-d-ailes\/poursuivre-tire-allaitement-reprise-du-travail\/","og_locale":"fr_FR","og_type":"article","og_title":"Poursuivre un tire-allaitement \u00e0 la reprise du travail","og_description":"Quelques suggestions pour aborder la reprise du travail lorsque que l'on est en tire-allaitement.","og_url":"https:\/\/www.lactissima.com\/a-tire-d-ailes\/poursuivre-tire-allaitement-reprise-du-travail\/","og_site_name":"A tire d&#039;Ailes","article_publisher":"https:\/\/www.facebook.com\/consultante.en.lactation","article_author":"www.facebook.com\/consultante.en.lactation","article_published_time":"2014-11-07T13:03:15+00:00","og_image":[{"width":320,"height":240,"url":"https:\/\/www.lactissima.com\/a-tire-d-ailes\/wp-content\/uploads\/2014\/11\/Bologne.jpg","type":"image\/jpeg"}],"author":"V\u00e9ronique Darmangeat","twitter_card":"summary_large_image","twitter_creator":"@VeroniqueIBCLC","twitter_site":"@VeroniqueIBCLC","twitter_misc":{"\u00c9crit par":"V\u00e9ronique Darmangeat","Dur\u00e9e de lecture estim\u00e9e":"2 minutes"},"schema":{"@context":"https:\/\/schema.org","@graph":[{"@type":"Article","@id":"https:\/\/www.lactissima.com\/a-tire-d-ailes\/poursuivre-tire-allaitement-reprise-du-travail\/#article","isPartOf":{"@id":"https:\/\/www.lactissima.com\/a-tire-d-ailes\/poursuivre-tire-allaitement-reprise-du-travail\/"},"author":{"name":"V\u00e9ronique Darmangeat","@id":"https:\/\/www.lactissima.com\/a-tire-d-ailes\/#\/schema\/person\/8f98d3a89530861bc1240e6d53d44eed"},"headline":"Poursuivre un tire-allaitement \u00e0 la reprise du travail","datePublished":"2014-11-07T13:03:15+00:00","mainEntityOfPage":{"@id":"https:\/\/www.lactissima.com\/a-tire-d-ailes\/poursuivre-tire-allaitement-reprise-du-travail\/"},"wordCount":488,"commentCount":23,"image":{"@id":"https:\/\/www.lactissima.com\/a-tire-d-ailes\/poursuivre-tire-allaitement-reprise-du-travail\/#primaryimage"},"thumbnailUrl":"https:\/\/www.lactissima.com\/a-tire-d-ailes\/wp-content\/uploads\/2014\/11\/Bologne.jpg","keywords":["allaitement mixte","b\u00e9b\u00e9 refuse le sein","pr\u00e9paration pour nourrisson","reprise du travail","Sevrage","tire-lait","tirer son lait"],"articleSection":["Allaitement et Travail"],"inLanguage":"fr-FR","potentialAction":[{"@type":"CommentAction","name":"Comment","target":["https:\/\/www.lactissima.com\/a-tire-d-ailes\/poursuivre-tire-allaitement-reprise-du-travail\/#respond"]}]},{"@type":"WebPage","@id":"https:\/\/www.lactissima.com\/a-tire-d-ailes\/poursuivre-tire-allaitement-reprise-du-travail\/","url":"https:\/\/www.lactissima.com\/a-tire-d-ailes\/poursuivre-tire-allaitement-reprise-du-travail\/","name":"Poursuivre un tire-allaitement \u00e0 la reprise du travail","isPartOf":{"@id":"https:\/\/www.lactissima.com\/a-tire-d-ailes\/#website"},"primaryImageOfPage":{"@id":"https:\/\/www.lactissima.com\/a-tire-d-ailes\/poursuivre-tire-allaitement-reprise-du-travail\/#primaryimage"},"image":{"@id":"https:\/\/www.lactissima.com\/a-tire-d-ailes\/poursuivre-tire-allaitement-reprise-du-travail\/#primaryimage"},"thumbnailUrl":"https:\/\/www.lactissima.com\/a-tire-d-ailes\/wp-content\/uploads\/2014\/11\/Bologne.jpg","datePublished":"2014-11-07T13:03:15+00:00","author":{"@id":"https:\/\/www.lactissima.com\/a-tire-d-ailes\/#\/schema\/person\/8f98d3a89530861bc1240e6d53d44eed"},"description":"Quelques suggestions pour aborder la reprise du travail lorsque que l'on est en tire-allaitement.","breadcrumb":{"@id":"https:\/\/www.lactissima.com\/a-tire-d-ailes\/poursuivre-tire-allaitement-reprise-du-travail\/#breadcrumb"},"inLanguage":"fr-FR","potentialAction":[{"@type":"ReadAction","target":["https:\/\/www.lactissima.com\/a-tire-d-ailes\/poursuivre-tire-allaitement-reprise-du-travail\/"]}]},{"@type":"ImageObject","inLanguage":"fr-FR","@id":"https:\/\/www.lactissima.com\/a-tire-d-ailes\/poursuivre-tire-allaitement-reprise-du-travail\/#primaryimage","url":"https:\/\/www.lactissima.com\/a-tire-d-ailes\/wp-content\/uploads\/2014\/11\/Bologne.jpg","contentUrl":"https:\/\/www.lactissima.com\/a-tire-d-ailes\/wp-content\/uploads\/2014\/11\/Bologne.jpg","width":320,"height":240,"caption":"tire-allaitement"},{"@type":"BreadcrumbList","@id":"https:\/\/www.lactissima.com\/a-tire-d-ailes\/poursuivre-tire-allaitement-reprise-du-travail\/#breadcrumb","itemListElement":[{"@type":"ListItem","position":1,"name":"Accueil","item":"https:\/\/www.lactissima.com\/a-tire-d-ailes\/"},{"@type":"ListItem","position":2,"name":"Poursuivre un tire-allaitement \u00e0 la reprise du travail"}]},{"@type":"WebSite","@id":"https:\/\/www.lactissima.com\/a-tire-d-ailes\/#website","url":"https:\/\/www.lactissima.com\/a-tire-d-ailes\/","name":"A tire d&#039;Ailes","description":"Le blog des femmes qui allaitent et travaillent.","potentialAction":[{"@type":"SearchAction","target":{"@type":"EntryPoint","urlTemplate":"https:\/\/www.lactissima.com\/a-tire-d-ailes\/?s={search_term_string}"},"query-input":{"@type":"PropertyValueSpecification","valueRequired":true,"valueName":"search_term_string"}}],"inLanguage":"fr-FR"},{"@type":"Person","@id":"https:\/\/www.lactissima.com\/a-tire-d-ailes\/#\/schema\/person\/8f98d3a89530861bc1240e6d53d44eed","name":"V\u00e9ronique Darmangeat","image":{"@type":"ImageObject","inLanguage":"fr-FR","@id":"https:\/\/secure.gravatar.com\/avatar\/268c99344c89cebfe4f5df5fa8be43068a18884fc76a29f3206fae98465b9cab?s=96&d=identicon&r=g","url":"https:\/\/secure.gravatar.com\/avatar\/268c99344c89cebfe4f5df5fa8be43068a18884fc76a29f3206fae98465b9cab?s=96&d=identicon&r=g","contentUrl":"https:\/\/secure.gravatar.com\/avatar\/268c99344c89cebfe4f5df5fa8be43068a18884fc76a29f3206fae98465b9cab?s=96&d=identicon&r=g","caption":"V\u00e9ronique Darmangeat"},"sameAs":["https:\/\/www.lactissima.com\/a-tire-d-ailes","www.facebook.com\/consultante.en.lactation"]}]}},"_links":{"self":[{"href":"https:\/\/www.lactissima.com\/a-tire-d-ailes\/wp-json\/wp\/v2\/posts\/5986","targetHints":{"allow":["GET"]}}],"collection":[{"href":"https:\/\/www.lactissima.com\/a-tire-d-ailes\/wp-json\/wp\/v2\/posts"}],"about":[{"href":"https:\/\/www.lactissima.com\/a-tire-d-ailes\/wp-json\/wp\/v2\/types\/post"}],"author":[{"embeddable":true,"href":"https:\/\/www.lactissima.com\/a-tire-d-ailes\/wp-json\/wp\/v2\/users\/170"}],"replies":[{"embeddable":true,"href":"https:\/\/www.lactissima.com\/a-tire-d-ailes\/wp-json\/wp\/v2\/comments?post=5986"}],"version-history":[{"count":4,"href":"https:\/\/www.lactissima.com\/a-tire-d-ailes\/wp-json\/wp\/v2\/posts\/5986\/revisions"}],"predecessor-version":[{"id":5991,"href":"https:\/\/www.lactissima.com\/a-tire-d-ailes\/wp-json\/wp\/v2\/posts\/5986\/revisions\/5991"}],"wp:featuredmedia":[{"embeddable":true,"href":"https:\/\/www.lactissima.com\/a-tire-d-ailes\/wp-json\/wp\/v2\/media\/5990"}],"wp:attachment":[{"href":"https:\/\/www.lactissima.com\/a-tire-d-ailes\/wp-json\/wp\/v2\/media?parent=5986"}],"wp:term":[{"taxonomy":"category","embeddable":true,"href":"https:\/\/www.lactissima.com\/a-tire-d-ailes\/wp-json\/wp\/v2\/categories?post=5986"},{"taxonomy":"post_tag","embeddable":true,"href":"https:\/\/www.lactissima.com\/a-tire-d-ailes\/wp-json\/wp\/v2\/tags?post=5986"}],"curies":[{"name":"wp","href":"https:\/\/api.w.org\/{rel}","templated":true}]}}