{"id":5971,"date":"2014-10-23T10:49:36","date_gmt":"2014-10-23T08:49:36","guid":{"rendered":"https:\/\/www.lactissima.com\/a-tire-d-ailes\/?p=5971"},"modified":"2014-10-23T10:49:36","modified_gmt":"2014-10-23T08:49:36","slug":"allaitement-travail-temoignage-marion","status":"publish","type":"post","link":"https:\/\/www.lactissima.com\/a-tire-d-ailes\/allaitement-travail-temoignage-marion\/","title":{"rendered":"Allaitement et travail : le t\u00e9moignage de Marion"},"content":{"rendered":"<p style=\"text-align: justify;\"><strong><img loading=\"lazy\" decoding=\"async\" class=\"alignright size-full wp-image-5972\" src=\"https:\/\/www.lactissima.com\/a-tire-d-ailes\/wp-content\/uploads\/2014\/10\/marion.jpg\" alt=\"allaitement et travail\" width=\"230\" height=\"307\" srcset=\"https:\/\/www.lactissima.com\/a-tire-d-ailes\/wp-content\/uploads\/2014\/10\/marion.jpg 230w, https:\/\/www.lactissima.com\/a-tire-d-ailes\/wp-content\/uploads\/2014\/10\/marion-224x300.jpg 224w\" sizes=\"(max-width: 230px) 100vw, 230px\" \/>Quel choix avez-vous fait au moment de la reprise du travail : sevrage ou poursuite de l&rsquo;allaitement ?<\/strong><\/p>\n<p style=\"text-align: justify;\">J&rsquo;ai repris le travail alors que mon fils avait 4 mois. L&rsquo;allaitement s&rsquo;\u00e9tait bien pass\u00e9 jusque-l\u00e0 . J&rsquo;ai choisi d&rsquo;essayer de continuer l&rsquo;allaitement.<\/p>\n<p style=\"text-align: justify;\"><strong>Pourquoi ?<\/strong><\/p>\n<p style=\"text-align: justify;\">Deux mamans de mon entourage avaient continu\u00e9 l&rsquo;allaitement gr\u00e2ce aux tire-lait et m&rsquo;en avaient parl\u00e9 comme quelque-chose de simple. Un voyage en Asie \u00e9tait \u00e9galement en pr\u00e9vision (mon fils aurait alors 9 mois), l&rsquo;allaitement en voyage me paraissait plus simple que les biberons (surtout en ce qui concerne le nettoyage).<\/p>\n<p style=\"text-align: justify;\"><strong> Comment vous \u00eates-vous organis\u00e9e ?<\/strong><\/p>\n<p style=\"text-align: justify;\">3 semaines avant de reprendre le travail, j&rsquo;ai fait pas mal de stock de lait au tire-lait \u00e9lectrique (Ardo). Mon mari a donn\u00e9 plusieurs biberons de lait maternel avant ma reprise pour habituer notre fils au biberon (sans grand succ\u00e8s). Lorsque j&rsquo;ai repris le travail, mon fils, qui \u00e9tait gard\u00e9 chez nous, a refus\u00e9 tous les biberons qu&rsquo;on lui proposait. Je rentrais d\u00e9jeuner le midi, je pouvais donc l&rsquo;allaiter \u00e0 la mi-journ\u00e9e et notre enfant est pass\u00e9 de 6 t\u00e9t\u00e9es par jour \u00e0 4 en une semaine. J&rsquo;ai donc arr\u00eat\u00e9 de tirer mon lait puisque je pouvais l&rsquo;allaiter 4 fois par jour.<\/p>\n<p style=\"text-align: justify;\">Lorsque mon fils a eu 7 mois, il a commenc\u00e9 \u00e0 aller chez la nourrice toute la journ\u00e9e. Une semaine avant l&rsquo;adaptation, nous avons repropos\u00e9 des biberons qu&rsquo;il a pris sans difficult\u00e9. Cette fois-ci, il acceptait les biberons en milieu de journ\u00e9e. J&rsquo;ai donc recommenc\u00e9 \u00e0 tirer mon lait. Apr\u00e8s quelques semaines, j&rsquo;ai fini par trouver le bon rythme : tire-lait \u00e9lectrique le matin \u00e0 la maison, tire-lait manuel  (Avent) le midi au travail. Je me d\u00e9place en v\u00e9lo, et je suis d\u00e9j\u00e0 bien charg\u00e9e (mon fils en porte-b\u00e9b\u00e9, son sac \u00e0 langer sur mon dos, mon sac \u00e0 main sur le porte bagage). Le tire-lait manuel tient dans mon sac, il est moins encombrant que le tire-lait \u00e9lectrique et la productivit\u00e9 n&rsquo;en n&rsquo;est pas beaucoup moindre (60 ml en 10 minutes \u00e0 peu pr\u00e8s).<\/p>\n<p style=\"text-align: justify;\">Je tire mon lait pendant ma pause d\u00e9jeuner dans mon bureau qui ferme \u00e0 cl\u00e9. Je peux conserver mon lait dans le frigo de mon travail. Pour ne pas laver mon tire-lait devant mes coll\u00e8gues, je le maintiens au frigo l&rsquo;apr\u00e8s-midi dans un sac cong\u00e9lation que je laisse dans le frigo, dans une trousse opaque \u00e0 l&rsquo;abri des regards indiscrets. Je le lave \u00e0 la maison le soir.<\/p>\n<p style=\"text-align: justify;\"><strong>Quelles ont \u00e9t\u00e9 vos principales difficult\u00e9s ?<\/strong><\/p>\n<p style=\"text-align: justify;\">La premi\u00e8re semaine de reprise du travail a \u00e9t\u00e9 difficile car mon fils refusait tous les biberons et il a beaucoup pleur\u00e9. Cela n&rsquo;a dur\u00e9 que quelques jours car avant la fin de la semaine, il a trouv\u00e9 son pouce et a pris le rythme de 4 repas par jours.<\/p>\n<p style=\"text-align: justify;\">Mon tire-lait \u00e9lectrique est tomb\u00e9 en panne. Le temps que l&rsquo;association aupr\u00e8s de laquelle je le louais (Grandir Nature) m&rsquo;en envoie un autre, j&rsquo;ai eu peur de manquer de lait (j&rsquo;en avais pourtant un bon stock au cong\u00e9lateur). J&rsquo;ai achet\u00e9 du lait en poudre au cas o\u00f9 (pour me rassurer), mais je n&rsquo;ai pas eu besoin d&rsquo;en donner. Le tire-lait manuel (achet\u00e9 \u00e0 ce moment-l\u00e0 ) a bien remplac\u00e9 le tire-lait \u00e9lectrique.<\/p>\n<p style=\"text-align: justify;\">Il m&rsquo;a fallu un peu de temps pour comprendre que le tire-lait \u00e9lectrique pouvait \u00eatre remplac\u00e9 le midi par le tire-lait manuel. J&rsquo;ai trouv\u00e9 contraignant pour moi de transporter le tire-lait \u00e9lectrique \u00e0 v\u00e9lo. Je me suis forc\u00e9e \u00e0 le faire plusieurs semaines car je voulais maintenir l&rsquo;allaitement jusqu&rsquo;\u00e0 notre voyage en Asie. La solution l\u00e9g\u00e8re du tire-lait manuel me fait envisager de continuer \u00e0 tirer mon lait le midi apr\u00e8s notre voyage, alors que je commen\u00e7ais \u00e0 avoir envie d&rsquo;arr\u00eater apr\u00e8s notre retour d&rsquo;Asie.<\/p>\n<p style=\"text-align: justify;\"><strong> Quels ont \u00e9t\u00e9 vos meilleurs moments ?<\/strong><\/p>\n<p style=\"text-align: justify;\">La t\u00e9t\u00e9e du matin et du soir sont de tr\u00e8s bons moments, je suis tr\u00e8s contente de pouvoir les vivre avec mon b\u00e9b\u00e9 qui a maintenant pr\u00e8s de 9 mois.<\/p>\n<p style=\"text-align: justify;\"><strong> Qu&rsquo;est-ce que vous souhaiteriez dire aux mamans qui doivent faire un choix dans les semaines \u00e0 venir ?<\/strong><\/p>\n<p style=\"text-align: justify;\">Tirer son lait, c&rsquo;est possible. Il y a quelques contraintes, c&rsquo;est certain (laver le tire-lait, le transporter), mais chacun (b\u00e9b\u00e9 et parents) trouve rapidement son rythme et les solutions aux petits tracas (tire-lait trop lourd, panne) finissent par arriver si on se laisse un peu de temps, de disponibilit\u00e9 et de souplesse pour s&rsquo;adapter.<\/p>\n<p style=\"text-align: justify;\">Il faut \u00e0 mon avis aussi \u00eatre en paix avec soi-m\u00eame par rapport au choix qu&rsquo;on a fait (quel qu&rsquo;il soit) car tirer son lait au travail, cela provoque forc\u00e9ment des r\u00e9actions (\u00c2\u00ab ton b\u00e9b\u00e9 n&rsquo;a pas assez avec ton lait, il doit avoir faim \u00c2\u00bb, \u00c2\u00ab il faut couper le cordon \u00c2\u00bb). Le fait d&rsquo;avoir un entourage (p\u00e9diatre, famille, sage-femme, amis, et, \u00e9videmment, conjoint) qui nous soutient (sans nous pousser !!!) est \u00e0 mon avis tr\u00e8s important dans la r\u00e9ussite de la poursuite de l&rsquo;allaitement.<\/p>\n<p style=\"text-align: justify;\"><strong> Ce serait \u00e0 refaire, vous referiez le m\u00eame choix ? Que changeriez-vous ?<\/strong><\/p>\n<p style=\"text-align: justify;\">Pour un deuxi\u00e8me b\u00e9b\u00e9, je serai \u00e9videmment pr\u00eate \u00e0 refaire le m\u00eame choix. J&rsquo;essaierai peut-\u00eatre de mieux habituer mon b\u00e9b\u00e9 au biberon car la semaine de transition a sans doute \u00e9t\u00e9 un peu violente (pour lui).<\/p>\n<p style=\"text-align: justify;\"><strong>Articles en rapport :<\/strong><\/p>\n<ul style=\"text-align: justify;\">\n<li>Voir l&rsquo;onglet <a title=\"T\u00e9moignages\" href=\"https:\/\/www.lactissima.com\/a-tire-d-ailes\/temoignages-travail-et-allaitement\/\" target=\"_blank\">t\u00e9moignages<\/a><\/li>\n<\/ul>\n<p style=\"text-align: justify;\">\n","protected":false},"excerpt":{"rendered":"<p>Quel choix avez-vous fait au moment de la reprise du travail : sevrage ou poursuite de l&rsquo;allaitement ? J&rsquo;ai repris le travail alors que mon fils avait 4 mois. L&rsquo;allaitement s&rsquo;\u00e9tait bien pass\u00e9 jusque-l\u00e0 . J&rsquo;ai choisi d&rsquo;essayer de continuer l&rsquo;allaitement. Pourquoi ? Deux mamans de mon entourage avaient continu\u00e9 l&rsquo;allaitement gr\u00e2ce aux tire-lait et [&hellip;]<\/p>\n","protected":false},"author":170,"featured_media":5972,"comment_status":"open","ping_status":"open","sticky":false,"template":"","format":"standard","meta":{"_et_pb_use_builder":"","_et_pb_old_content":"","_et_gb_content_width":"","footnotes":""},"categories":[150],"tags":[],"class_list":["post-5971","post","type-post","status-publish","format-standard","has-post-thumbnail","hentry","category-temoignages"],"yoast_head":"<!-- This site is optimized with the Yoast SEO plugin v27.4 - https:\/\/yoast.com\/product\/yoast-seo-wordpress\/ -->\n<title>Allaitement et travail : le t\u00e9moignage de Marion<\/title>\n<meta name=\"description\" content=\"Marion a tir\u00e9 son lait au travail. Comme elle se d\u00e9place \u00e0 v\u00e9lo, elle a fait le choix d&#039;un petit tire-lait manuel.\" \/>\n<meta name=\"robots\" content=\"index, follow, max-snippet:-1, max-image-preview:large, max-video-preview:-1\" \/>\n<link rel=\"canonical\" href=\"https:\/\/www.lactissima.com\/a-tire-d-ailes\/allaitement-travail-temoignage-marion\/\" \/>\n<meta property=\"og:locale\" content=\"fr_FR\" \/>\n<meta property=\"og:type\" content=\"article\" \/>\n<meta property=\"og:title\" content=\"Allaitement et travail : le t\u00e9moignage de Marion\" \/>\n<meta property=\"og:description\" content=\"Marion a tir\u00e9 son lait au travail. Comme elle se d\u00e9place \u00e0 v\u00e9lo, elle a fait le choix d&#039;un petit tire-lait manuel.\" \/>\n<meta property=\"og:url\" content=\"https:\/\/www.lactissima.com\/a-tire-d-ailes\/allaitement-travail-temoignage-marion\/\" \/>\n<meta property=\"og:site_name\" content=\"A tire d&#039;Ailes\" \/>\n<meta property=\"article:publisher\" content=\"https:\/\/www.facebook.com\/consultante.en.lactation\" \/>\n<meta property=\"article:author\" content=\"www.facebook.com\/consultante.en.lactation\" \/>\n<meta property=\"article:published_time\" content=\"2014-10-23T08:49:36+00:00\" \/>\n<meta property=\"og:image\" content=\"https:\/\/www.lactissima.com\/a-tire-d-ailes\/wp-content\/uploads\/2014\/10\/marion.jpg\" \/>\n\t<meta property=\"og:image:width\" content=\"230\" \/>\n\t<meta property=\"og:image:height\" content=\"307\" \/>\n\t<meta property=\"og:image:type\" content=\"image\/jpeg\" \/>\n<meta name=\"author\" content=\"V\u00e9ronique Darmangeat\" \/>\n<meta name=\"twitter:card\" content=\"summary_large_image\" \/>\n<meta name=\"twitter:creator\" content=\"@VeroniqueIBCLC\" \/>\n<meta name=\"twitter:site\" content=\"@VeroniqueIBCLC\" \/>\n<meta name=\"twitter:label1\" content=\"\u00c9crit par\" \/>\n\t<meta name=\"twitter:data1\" content=\"V\u00e9ronique Darmangeat\" \/>\n\t<meta name=\"twitter:label2\" content=\"Dur\u00e9e de lecture estim\u00e9e\" \/>\n\t<meta name=\"twitter:data2\" content=\"4 minutes\" \/>\n<script type=\"application\/ld+json\" class=\"yoast-schema-graph\">{\"@context\":\"https:\\\/\\\/schema.org\",\"@graph\":[{\"@type\":\"Article\",\"@id\":\"https:\\\/\\\/www.lactissima.com\\\/a-tire-d-ailes\\\/allaitement-travail-temoignage-marion\\\/#article\",\"isPartOf\":{\"@id\":\"https:\\\/\\\/www.lactissima.com\\\/a-tire-d-ailes\\\/allaitement-travail-temoignage-marion\\\/\"},\"author\":{\"name\":\"V\u00e9ronique Darmangeat\",\"@id\":\"https:\\\/\\\/www.lactissima.com\\\/a-tire-d-ailes\\\/#\\\/schema\\\/person\\\/8f98d3a89530861bc1240e6d53d44eed\"},\"headline\":\"Allaitement et travail : le t\u00e9moignage de Marion\",\"datePublished\":\"2014-10-23T08:49:36+00:00\",\"mainEntityOfPage\":{\"@id\":\"https:\\\/\\\/www.lactissima.com\\\/a-tire-d-ailes\\\/allaitement-travail-temoignage-marion\\\/\"},\"wordCount\":930,\"commentCount\":4,\"image\":{\"@id\":\"https:\\\/\\\/www.lactissima.com\\\/a-tire-d-ailes\\\/allaitement-travail-temoignage-marion\\\/#primaryimage\"},\"thumbnailUrl\":\"https:\\\/\\\/www.lactissima.com\\\/a-tire-d-ailes\\\/wp-content\\\/uploads\\\/2014\\\/10\\\/marion.jpg\",\"articleSection\":[\"t\u00e9moignages\"],\"inLanguage\":\"fr-FR\",\"potentialAction\":[{\"@type\":\"CommentAction\",\"name\":\"Comment\",\"target\":[\"https:\\\/\\\/www.lactissima.com\\\/a-tire-d-ailes\\\/allaitement-travail-temoignage-marion\\\/#respond\"]}]},{\"@type\":\"WebPage\",\"@id\":\"https:\\\/\\\/www.lactissima.com\\\/a-tire-d-ailes\\\/allaitement-travail-temoignage-marion\\\/\",\"url\":\"https:\\\/\\\/www.lactissima.com\\\/a-tire-d-ailes\\\/allaitement-travail-temoignage-marion\\\/\",\"name\":\"Allaitement et travail : le t\u00e9moignage de Marion\",\"isPartOf\":{\"@id\":\"https:\\\/\\\/www.lactissima.com\\\/a-tire-d-ailes\\\/#website\"},\"primaryImageOfPage\":{\"@id\":\"https:\\\/\\\/www.lactissima.com\\\/a-tire-d-ailes\\\/allaitement-travail-temoignage-marion\\\/#primaryimage\"},\"image\":{\"@id\":\"https:\\\/\\\/www.lactissima.com\\\/a-tire-d-ailes\\\/allaitement-travail-temoignage-marion\\\/#primaryimage\"},\"thumbnailUrl\":\"https:\\\/\\\/www.lactissima.com\\\/a-tire-d-ailes\\\/wp-content\\\/uploads\\\/2014\\\/10\\\/marion.jpg\",\"datePublished\":\"2014-10-23T08:49:36+00:00\",\"author\":{\"@id\":\"https:\\\/\\\/www.lactissima.com\\\/a-tire-d-ailes\\\/#\\\/schema\\\/person\\\/8f98d3a89530861bc1240e6d53d44eed\"},\"description\":\"Marion a tir\u00e9 son lait au travail. Comme elle se d\u00e9place \u00e0 v\u00e9lo, elle a fait le choix d'un petit tire-lait manuel.\",\"breadcrumb\":{\"@id\":\"https:\\\/\\\/www.lactissima.com\\\/a-tire-d-ailes\\\/allaitement-travail-temoignage-marion\\\/#breadcrumb\"},\"inLanguage\":\"fr-FR\",\"potentialAction\":[{\"@type\":\"ReadAction\",\"target\":[\"https:\\\/\\\/www.lactissima.com\\\/a-tire-d-ailes\\\/allaitement-travail-temoignage-marion\\\/\"]}]},{\"@type\":\"ImageObject\",\"inLanguage\":\"fr-FR\",\"@id\":\"https:\\\/\\\/www.lactissima.com\\\/a-tire-d-ailes\\\/allaitement-travail-temoignage-marion\\\/#primaryimage\",\"url\":\"https:\\\/\\\/www.lactissima.com\\\/a-tire-d-ailes\\\/wp-content\\\/uploads\\\/2014\\\/10\\\/marion.jpg\",\"contentUrl\":\"https:\\\/\\\/www.lactissima.com\\\/a-tire-d-ailes\\\/wp-content\\\/uploads\\\/2014\\\/10\\\/marion.jpg\",\"width\":230,\"height\":307,\"caption\":\"allaitement et travail\"},{\"@type\":\"BreadcrumbList\",\"@id\":\"https:\\\/\\\/www.lactissima.com\\\/a-tire-d-ailes\\\/allaitement-travail-temoignage-marion\\\/#breadcrumb\",\"itemListElement\":[{\"@type\":\"ListItem\",\"position\":1,\"name\":\"Accueil\",\"item\":\"https:\\\/\\\/www.lactissima.com\\\/a-tire-d-ailes\\\/\"},{\"@type\":\"ListItem\",\"position\":2,\"name\":\"Allaitement et travail : le t\u00e9moignage de Marion\"}]},{\"@type\":\"WebSite\",\"@id\":\"https:\\\/\\\/www.lactissima.com\\\/a-tire-d-ailes\\\/#website\",\"url\":\"https:\\\/\\\/www.lactissima.com\\\/a-tire-d-ailes\\\/\",\"name\":\"A tire d&#039;Ailes\",\"description\":\"Le blog des femmes qui allaitent et travaillent.\",\"potentialAction\":[{\"@type\":\"SearchAction\",\"target\":{\"@type\":\"EntryPoint\",\"urlTemplate\":\"https:\\\/\\\/www.lactissima.com\\\/a-tire-d-ailes\\\/?s={search_term_string}\"},\"query-input\":{\"@type\":\"PropertyValueSpecification\",\"valueRequired\":true,\"valueName\":\"search_term_string\"}}],\"inLanguage\":\"fr-FR\"},{\"@type\":\"Person\",\"@id\":\"https:\\\/\\\/www.lactissima.com\\\/a-tire-d-ailes\\\/#\\\/schema\\\/person\\\/8f98d3a89530861bc1240e6d53d44eed\",\"name\":\"V\u00e9ronique Darmangeat\",\"image\":{\"@type\":\"ImageObject\",\"inLanguage\":\"fr-FR\",\"@id\":\"https:\\\/\\\/secure.gravatar.com\\\/avatar\\\/268c99344c89cebfe4f5df5fa8be43068a18884fc76a29f3206fae98465b9cab?s=96&d=identicon&r=g\",\"url\":\"https:\\\/\\\/secure.gravatar.com\\\/avatar\\\/268c99344c89cebfe4f5df5fa8be43068a18884fc76a29f3206fae98465b9cab?s=96&d=identicon&r=g\",\"contentUrl\":\"https:\\\/\\\/secure.gravatar.com\\\/avatar\\\/268c99344c89cebfe4f5df5fa8be43068a18884fc76a29f3206fae98465b9cab?s=96&d=identicon&r=g\",\"caption\":\"V\u00e9ronique Darmangeat\"},\"sameAs\":[\"https:\\\/\\\/www.lactissima.com\\\/a-tire-d-ailes\",\"www.facebook.com\\\/consultante.en.lactation\"]}]}<\/script>\n<!-- \/ Yoast SEO plugin. -->","yoast_head_json":{"title":"Allaitement et travail : le t\u00e9moignage de Marion","description":"Marion a tir\u00e9 son lait au travail. Comme elle se d\u00e9place \u00e0 v\u00e9lo, elle a fait le choix d'un petit tire-lait manuel.","robots":{"index":"index","follow":"follow","max-snippet":"max-snippet:-1","max-image-preview":"max-image-preview:large","max-video-preview":"max-video-preview:-1"},"canonical":"https:\/\/www.lactissima.com\/a-tire-d-ailes\/allaitement-travail-temoignage-marion\/","og_locale":"fr_FR","og_type":"article","og_title":"Allaitement et travail : le t\u00e9moignage de Marion","og_description":"Marion a tir\u00e9 son lait au travail. Comme elle se d\u00e9place \u00e0 v\u00e9lo, elle a fait le choix d'un petit tire-lait manuel.","og_url":"https:\/\/www.lactissima.com\/a-tire-d-ailes\/allaitement-travail-temoignage-marion\/","og_site_name":"A tire d&#039;Ailes","article_publisher":"https:\/\/www.facebook.com\/consultante.en.lactation","article_author":"www.facebook.com\/consultante.en.lactation","article_published_time":"2014-10-23T08:49:36+00:00","og_image":[{"width":230,"height":307,"url":"https:\/\/www.lactissima.com\/a-tire-d-ailes\/wp-content\/uploads\/2014\/10\/marion.jpg","type":"image\/jpeg"}],"author":"V\u00e9ronique Darmangeat","twitter_card":"summary_large_image","twitter_creator":"@VeroniqueIBCLC","twitter_site":"@VeroniqueIBCLC","twitter_misc":{"\u00c9crit par":"V\u00e9ronique Darmangeat","Dur\u00e9e de lecture estim\u00e9e":"4 minutes"},"schema":{"@context":"https:\/\/schema.org","@graph":[{"@type":"Article","@id":"https:\/\/www.lactissima.com\/a-tire-d-ailes\/allaitement-travail-temoignage-marion\/#article","isPartOf":{"@id":"https:\/\/www.lactissima.com\/a-tire-d-ailes\/allaitement-travail-temoignage-marion\/"},"author":{"name":"V\u00e9ronique Darmangeat","@id":"https:\/\/www.lactissima.com\/a-tire-d-ailes\/#\/schema\/person\/8f98d3a89530861bc1240e6d53d44eed"},"headline":"Allaitement et travail : le t\u00e9moignage de Marion","datePublished":"2014-10-23T08:49:36+00:00","mainEntityOfPage":{"@id":"https:\/\/www.lactissima.com\/a-tire-d-ailes\/allaitement-travail-temoignage-marion\/"},"wordCount":930,"commentCount":4,"image":{"@id":"https:\/\/www.lactissima.com\/a-tire-d-ailes\/allaitement-travail-temoignage-marion\/#primaryimage"},"thumbnailUrl":"https:\/\/www.lactissima.com\/a-tire-d-ailes\/wp-content\/uploads\/2014\/10\/marion.jpg","articleSection":["t\u00e9moignages"],"inLanguage":"fr-FR","potentialAction":[{"@type":"CommentAction","name":"Comment","target":["https:\/\/www.lactissima.com\/a-tire-d-ailes\/allaitement-travail-temoignage-marion\/#respond"]}]},{"@type":"WebPage","@id":"https:\/\/www.lactissima.com\/a-tire-d-ailes\/allaitement-travail-temoignage-marion\/","url":"https:\/\/www.lactissima.com\/a-tire-d-ailes\/allaitement-travail-temoignage-marion\/","name":"Allaitement et travail : le t\u00e9moignage de Marion","isPartOf":{"@id":"https:\/\/www.lactissima.com\/a-tire-d-ailes\/#website"},"primaryImageOfPage":{"@id":"https:\/\/www.lactissima.com\/a-tire-d-ailes\/allaitement-travail-temoignage-marion\/#primaryimage"},"image":{"@id":"https:\/\/www.lactissima.com\/a-tire-d-ailes\/allaitement-travail-temoignage-marion\/#primaryimage"},"thumbnailUrl":"https:\/\/www.lactissima.com\/a-tire-d-ailes\/wp-content\/uploads\/2014\/10\/marion.jpg","datePublished":"2014-10-23T08:49:36+00:00","author":{"@id":"https:\/\/www.lactissima.com\/a-tire-d-ailes\/#\/schema\/person\/8f98d3a89530861bc1240e6d53d44eed"},"description":"Marion a tir\u00e9 son lait au travail. Comme elle se d\u00e9place \u00e0 v\u00e9lo, elle a fait le choix d'un petit tire-lait manuel.","breadcrumb":{"@id":"https:\/\/www.lactissima.com\/a-tire-d-ailes\/allaitement-travail-temoignage-marion\/#breadcrumb"},"inLanguage":"fr-FR","potentialAction":[{"@type":"ReadAction","target":["https:\/\/www.lactissima.com\/a-tire-d-ailes\/allaitement-travail-temoignage-marion\/"]}]},{"@type":"ImageObject","inLanguage":"fr-FR","@id":"https:\/\/www.lactissima.com\/a-tire-d-ailes\/allaitement-travail-temoignage-marion\/#primaryimage","url":"https:\/\/www.lactissima.com\/a-tire-d-ailes\/wp-content\/uploads\/2014\/10\/marion.jpg","contentUrl":"https:\/\/www.lactissima.com\/a-tire-d-ailes\/wp-content\/uploads\/2014\/10\/marion.jpg","width":230,"height":307,"caption":"allaitement et travail"},{"@type":"BreadcrumbList","@id":"https:\/\/www.lactissima.com\/a-tire-d-ailes\/allaitement-travail-temoignage-marion\/#breadcrumb","itemListElement":[{"@type":"ListItem","position":1,"name":"Accueil","item":"https:\/\/www.lactissima.com\/a-tire-d-ailes\/"},{"@type":"ListItem","position":2,"name":"Allaitement et travail : le t\u00e9moignage de Marion"}]},{"@type":"WebSite","@id":"https:\/\/www.lactissima.com\/a-tire-d-ailes\/#website","url":"https:\/\/www.lactissima.com\/a-tire-d-ailes\/","name":"A tire d&#039;Ailes","description":"Le blog des femmes qui allaitent et travaillent.","potentialAction":[{"@type":"SearchAction","target":{"@type":"EntryPoint","urlTemplate":"https:\/\/www.lactissima.com\/a-tire-d-ailes\/?s={search_term_string}"},"query-input":{"@type":"PropertyValueSpecification","valueRequired":true,"valueName":"search_term_string"}}],"inLanguage":"fr-FR"},{"@type":"Person","@id":"https:\/\/www.lactissima.com\/a-tire-d-ailes\/#\/schema\/person\/8f98d3a89530861bc1240e6d53d44eed","name":"V\u00e9ronique Darmangeat","image":{"@type":"ImageObject","inLanguage":"fr-FR","@id":"https:\/\/secure.gravatar.com\/avatar\/268c99344c89cebfe4f5df5fa8be43068a18884fc76a29f3206fae98465b9cab?s=96&d=identicon&r=g","url":"https:\/\/secure.gravatar.com\/avatar\/268c99344c89cebfe4f5df5fa8be43068a18884fc76a29f3206fae98465b9cab?s=96&d=identicon&r=g","contentUrl":"https:\/\/secure.gravatar.com\/avatar\/268c99344c89cebfe4f5df5fa8be43068a18884fc76a29f3206fae98465b9cab?s=96&d=identicon&r=g","caption":"V\u00e9ronique Darmangeat"},"sameAs":["https:\/\/www.lactissima.com\/a-tire-d-ailes","www.facebook.com\/consultante.en.lactation"]}]}},"_links":{"self":[{"href":"https:\/\/www.lactissima.com\/a-tire-d-ailes\/wp-json\/wp\/v2\/posts\/5971","targetHints":{"allow":["GET"]}}],"collection":[{"href":"https:\/\/www.lactissima.com\/a-tire-d-ailes\/wp-json\/wp\/v2\/posts"}],"about":[{"href":"https:\/\/www.lactissima.com\/a-tire-d-ailes\/wp-json\/wp\/v2\/types\/post"}],"author":[{"embeddable":true,"href":"https:\/\/www.lactissima.com\/a-tire-d-ailes\/wp-json\/wp\/v2\/users\/170"}],"replies":[{"embeddable":true,"href":"https:\/\/www.lactissima.com\/a-tire-d-ailes\/wp-json\/wp\/v2\/comments?post=5971"}],"version-history":[{"count":1,"href":"https:\/\/www.lactissima.com\/a-tire-d-ailes\/wp-json\/wp\/v2\/posts\/5971\/revisions"}],"predecessor-version":[{"id":5973,"href":"https:\/\/www.lactissima.com\/a-tire-d-ailes\/wp-json\/wp\/v2\/posts\/5971\/revisions\/5973"}],"wp:featuredmedia":[{"embeddable":true,"href":"https:\/\/www.lactissima.com\/a-tire-d-ailes\/wp-json\/wp\/v2\/media\/5972"}],"wp:attachment":[{"href":"https:\/\/www.lactissima.com\/a-tire-d-ailes\/wp-json\/wp\/v2\/media?parent=5971"}],"wp:term":[{"taxonomy":"category","embeddable":true,"href":"https:\/\/www.lactissima.com\/a-tire-d-ailes\/wp-json\/wp\/v2\/categories?post=5971"},{"taxonomy":"post_tag","embeddable":true,"href":"https:\/\/www.lactissima.com\/a-tire-d-ailes\/wp-json\/wp\/v2\/tags?post=5971"}],"curies":[{"name":"wp","href":"https:\/\/api.w.org\/{rel}","templated":true}]}}