{"id":5879,"date":"2014-08-29T09:50:06","date_gmt":"2014-08-29T07:50:06","guid":{"rendered":"https:\/\/www.lactissima.com\/a-tire-d-ailes\/?p=5879"},"modified":"2014-08-29T09:50:06","modified_gmt":"2014-08-29T07:50:06","slug":"allaitement-travail-temoignage-demilie","status":"publish","type":"post","link":"https:\/\/www.lactissima.com\/a-tire-d-ailes\/allaitement-travail-temoignage-demilie\/","title":{"rendered":"Allaitement et travail : le t\u00e9moignage d&rsquo;Emilie"},"content":{"rendered":"<p style=\"text-align: justify;\"><strong><img loading=\"lazy\" decoding=\"async\" class=\"alignright size-full wp-image-5881\" src=\"https:\/\/www.lactissima.com\/a-tire-d-ailes\/wp-content\/uploads\/2014\/08\/emilie2.jpg\" alt=\"allaitement et travail\" width=\"275\" height=\"367\" srcset=\"https:\/\/www.lactissima.com\/a-tire-d-ailes\/wp-content\/uploads\/2014\/08\/emilie2.jpg 275w, https:\/\/www.lactissima.com\/a-tire-d-ailes\/wp-content\/uploads\/2014\/08\/emilie2-224x300.jpg 224w\" sizes=\"(max-width: 275px) 100vw, 275px\" \/><\/strong><\/p>\n<ul>\n<li><strong>Quel choix avez-vous fait au moment de la reprise du travail : sevrage ou poursuite de l&rsquo;allaitement ? Pourquoi ?<\/strong><\/li>\n<\/ul>\n<p style=\"text-align: justify;\">J&rsquo;ai choisi de poursuivre l&rsquo;allaitement, c&rsquo;\u00e9tait une \u00e9vidence pour moi apr\u00e8s les difficult\u00e9s de mise en route de l&rsquo;allaitement, heureusement surmont\u00e9es avec l&rsquo;aide de V\u00e9ronique que j&rsquo;ai vue plusieurs fois. B\u00e9b\u00e9 n\u00e9 en avance sans force pour t\u00e9ter et qui s&rsquo;endormait d\u00e8s que je le mettais au sein, tire allaitement pendant presque 1 mois et demi avec les quantit\u00e9s tir\u00e9es qui diminuaient, puis b\u00e9b\u00e9 qui serre trop les gencives et qui fait mal \u00e0 maman. Apr\u00e8s avoir pass\u00e9 tout cela, je ne me voyais pas arr\u00eater et lui donner du lait en poudre.<\/p>\n<ul>\n<li><strong>Comment vous \u00eates-vous organis\u00e9e ?<\/strong><\/li>\n<\/ul>\n<p style=\"text-align: justify;\">Nous avons trouv\u00e9 une assistante maternelle agr\u00e9\u00e9e ouverte concernant l&rsquo;allaitement, elle-m\u00eame ayant allait\u00e9 ses 4 enfants. Elle a \u00e9t\u00e9 tr\u00e8s surprise de savoir qu&rsquo;on pouvait congeler le lait maternel, mais a accept\u00e9 tout de suite d&rsquo;en prendre dans son cong\u00e9lateur, ce qui m&rsquo;a tout de suite rassur\u00e9e car je savais qu&rsquo;il y aurait toujours de quoi le nourrir si le lait frais fourni le matin ne suffisait pas. La nounou a donc en r\u00e9serve 2 sachets de 150 ml et un sac de gla\u00e7ons de 15 ml pour les petites faims.<\/p>\n<p style=\"text-align: justify;\">J&rsquo;utilise le tire lait manuel Medela Harmony (en continuit\u00e9 du Symphony lou\u00e9 les premiers mois, comme j&rsquo;avais investi dans des t\u00e9terelles \u00e0 ma taille). Je tire entre 80 et 150 ml par sein quand c&rsquo;est plein en moins de 10 minutes, il me convient tr\u00e8s bien : silencieux, petit, l\u00e9ger. Je me disais que je passerais \u00e0 un double pompage si \u00e7a ne suffisait plus. Je prends une boite herm\u00e9tique (avec les ailettes) pour stocker mon tire-lait au frigo la journ\u00e9e (au lieu de sachets ziploc) que je lave tous les soirs.<\/p>\n<p style=\"text-align: justify;\">Quand je sens que le lait a du mal \u00e0 venir je compresse le sein avec la main qui tient la t\u00e9terelle, \u00e7a repart bien en g\u00e9n\u00e9ral.<\/p>\n<p style=\"text-align: justify;\">La premi\u00e8re semaine je rentrais tirer mon lait \u00e0 la maison \u00e0 la pause d\u00e9jeuner (10 min \u00e0 pied de mon travail), je tirais le sein non t\u00e9t\u00e9 le matin ou les 2 si b\u00e9b\u00e9 dormait encore, puis les 2 le midi. Ca roulait, je tirais ce qu&rsquo;il fallait pour remplir les biberons. Puis j&rsquo;ai \u00e9t\u00e9 en formation toute la semaine avec 2 heures de trajet en plus. J&rsquo;avais appel\u00e9 la semaine d&rsquo;avant l&rsquo;organisme de formation et ils m&rsquo;ont gentiment mis \u00e0 disposition une salle et leur r\u00e9frig\u00e9rateur. Pour le transport, impossible de trouver un pain de glace en cette saison et en une semaine&#8230; Commander sur internet je l&rsquo;aurais re\u00e7u trop tard. C&rsquo;\u00e9tait donc syst\u00e8me D : sac isotherme et bouteille de 50 cl d&rsquo;eau glac\u00e9e. Ca a march\u00e9 j&rsquo;ai tenu toute la semaine comme \u00e7a. Maintenant j&#8217;emm\u00e8ne mon tire-lait au boulot (toujours avec mon sac isotherme et la bouteille d&rsquo;eau glac\u00e9e), je tire \u00e0 11h30 et \u00e0 15h.<\/p>\n<p style=\"text-align: justify;\">J&rsquo;ai de la chance d&rsquo;avoir un responsable papa de 2 enfants qui soutient compl\u00e8tement les mamans allaitantes. Il me permet d&rsquo;utiliser une salle de r\u00e9union attenante. J&rsquo;ai la cl\u00e9 de la salle et j&rsquo;y vais quand j&rsquo;en ai besoin, je m&rsquo;y enferme et tire tranquillement en \u00e9coutant de la musique. Il me permet \u00e9galement de m&rsquo;\u00e9clipser des r\u00e9unions pour \u00ab\u00a0faire ce que j&rsquo;ai \u00e0 faire\u00a0\u00bb, que c&rsquo;est plus important pour le moment et que je m&rsquo;occuperai du travail apr\u00e8s.<\/p>\n<ul>\n<li><strong>Quelles ont \u00e9t\u00e9 vos principales difficult\u00e9s ?<\/strong><\/li>\n<\/ul>\n<p style=\"text-align: justify;\">Apr\u00e8s les premiers mois difficiles, la premi\u00e8re semaine de garde compl\u00e8te a \u00e9t\u00e9 tr\u00e8s angoissante pour moi. Mon fils ne buvait \u00ab\u00a0que\u00a0\u00bb 2 biberons de 80 ml chez la nounou sur 9 heures de garde et ne voulait plus t\u00e9ter le soir. Il ne faisait que dormir, et a m\u00eame recommenc\u00e9 \u00e0 faire ses nuits cette semaine l\u00e0 . J&rsquo;\u00e9tais vraiment inqui\u00e8te, je pensais qu&rsquo;il ne voulait plus t\u00e9ter. En plus de \u00e7a, il avait perdu du poids \u00e0 la visite mensuelle chez le p\u00e9diatre, lui qui m&rsquo;avait habitu\u00e9e \u00e0 prendre quasiment 1 kg par mois, j&rsquo;ai vraiment eu peur qu&rsquo;il ne boive pas assez. Avec le recul je me dis que dormir beaucoup \u00e9tait sa mani\u00e8re \u00e0 lui de s&rsquo;adapter \u00e0 tous ces chamboulements dans sa vie, le fait d&rsquo;\u00eatre avec quelqu&rsquo;un d&rsquo;autre que maman, les biberons, s&rsquo;endormir autrement qu&rsquo;au sein.<br \/>\nPuis il a repris app\u00e9tit et s&rsquo;est remis \u00e0 t\u00e9ter une \u00e0 deux fois la nuit. Maintenant on a retrouv\u00e9 un rythme plus r\u00e9gulier : 2 t\u00e9t\u00e9es le matin, 2 biberons de 150 ml + 1 variable (80 \u00e0 120ml) pour le go\u00fbter, 2 t\u00e9t\u00e9es le soir. Il finit rarement le bib du gouter, comme s&rsquo;il savait que maman allait bient\u00f4t venir le chercher \ud83d\ude42 et redort la nuit jusqu&rsquo;\u00e0 5-6h du matin.<\/p>\n<p style=\"text-align: justify;\">Suite \u00e0 la semaine de formation (et sans doute le stress de la semaine de reprise et la fatigue) j&rsquo;ai senti une baisse de lait, je n&rsquo;arrivais plus \u00e0 tirer assez le midi. Comme je rentrais plus tard le soir, je ratais la t\u00e9t\u00e9e (papa donnait le bib \u00e0 la place). Je tirais quand m\u00eame mon lait en rentrant mais \u00e7a ne donnait plus grand chose. En plus, mon fils r\u00e9clamait \u00e0 t\u00e9ter 2 fois le matin donc je ne tirais plus rien le matin, et la nounou me disait qu&rsquo;il fallait remplir les biberons&#8230; Mon stock de lait au cong\u00e9lateur m&rsquo;a \u00e9t\u00e9 bien utile. J&rsquo;ai ajout\u00e9 un tirage l&rsquo;apr\u00e8s-midi, commenc\u00e9 une cure de fenugrec (en g\u00e9lules 4g par 24 heures). Ca fait une semaine et je sens que \u00e7a revient je tire largement ce qu&rsquo;il faut.<\/p>\n<ul>\n<li><strong>Quels ont \u00e9t\u00e9 vos meilleurs moments ?<\/strong><\/li>\n<\/ul>\n<p style=\"text-align: justify;\">La t\u00e9t\u00e9e de retrouvailles quand je vais le chercher le soir ! Avant je m&rsquo;occupais pendant les t\u00e9t\u00e9es (bouquin, t\u00e9l\u00e9phone), maintenant je savoure le moment et regarde mon fils, lui prends la main, lui caresse les cheveux.<\/p>\n<p style=\"text-align: justify;\">J&rsquo;aime aussi les t\u00e9t\u00e9es dodo, devenues rares maintenant qu&rsquo;il s&rsquo;endort seul dans son lit avec sa berceuse.<\/p>\n<ul>\n<li><strong>Qu&rsquo;est-ce que vous souhaiteriez dire aux mamans qui doivent faire un choix dans les semaines \u00e0 venir ?<\/strong><\/li>\n<\/ul>\n<p style=\"text-align: justify;\">Lire vos livres et votre blog pour prendre le maximum d&rsquo;informations avant de d\u00e9cider. Les t\u00e9moignages des mamans m&rsquo;ont bien inspir\u00e9e aussi, il y a pleins de bonnes id\u00e9es et d&rsquo;astuces pour s&rsquo;organiser avant la reprise.<\/p>\n<p style=\"text-align: justify;\">Ne pas culpabiliser car on n&rsquo;a pas toutes la chance de pouvoir tirer son lait confortablement au travail, l&rsquo;allaitement mixte est aussi un moyen de poursuivre. C&rsquo;est ce que j&rsquo;envisage si je n&rsquo;arrive plus \u00e0 tirer assez la journ\u00e9e.<\/p>\n<p style=\"text-align: justify;\">Echanger avec d&rsquo;autres mamans allaitantes ou pas c&rsquo;est super important de se soutenir et se rassurer.<\/p>\n<p style=\"text-align: justify;\">T\u00e9moigner apr\u00e8s car \u00e7a aidera d&rsquo;autres mamans qui doutent.<\/p>\n<ul>\n<li><strong>Ce serait \u00e0 refaire, vous referiez le m\u00eame choix ? Que changeriez-vous ?<\/strong><\/li>\n<\/ul>\n<p style=\"text-align: justify;\">Oui sans h\u00e9siter. Je suis consciente que j&rsquo;ai vraiment de la chance d&rsquo;\u00eatre soutenue tant au travail qu&rsquo;\u00e0 la maison.<\/p>\n<p style=\"text-align: justify;\">Je pense que je prendrais un cong\u00e9 parental s&rsquo;il y a un 2\u00e8me b\u00e9b\u00e9, pour allaiter tranquillement au moins jusqu&rsquo;\u00e0 ses 6 mois.<\/p>\n<p style=\"color: #525252;\"><strong style=\"color: #1c1c1c;\">Articles en rapport :<\/strong><\/p>\n<ul style=\"color: #525252;\">\n<li>Voir l&rsquo;onglet <a style=\"color: #35a679;\" title=\"T\u00e9moignages\" href=\"https:\/\/www.lactissima.com\/a-tire-d-ailes\/temoignages-travail-et-allaitement\/\" target=\"_blank\">t\u00e9moignages<\/a><\/li>\n<\/ul>\n<p style=\"text-align: justify;\">\n<p>&nbsp;<\/p>\n","protected":false},"excerpt":{"rendered":"<p>Quel choix avez-vous fait au moment de la reprise du travail : sevrage ou poursuite de l&rsquo;allaitement ? Pourquoi ? J&rsquo;ai choisi de poursuivre l&rsquo;allaitement, c&rsquo;\u00e9tait une \u00e9vidence pour moi apr\u00e8s les difficult\u00e9s de mise en route de l&rsquo;allaitement, heureusement surmont\u00e9es avec l&rsquo;aide de V\u00e9ronique que j&rsquo;ai vue plusieurs fois. B\u00e9b\u00e9 n\u00e9 en avance sans [&hellip;]<\/p>\n","protected":false},"author":170,"featured_media":5881,"comment_status":"open","ping_status":"open","sticky":false,"template":"","format":"standard","meta":{"_et_pb_use_builder":"","_et_pb_old_content":"","_et_gb_content_width":"","footnotes":""},"categories":[150],"tags":[],"class_list":["post-5879","post","type-post","status-publish","format-standard","has-post-thumbnail","hentry","category-temoignages"],"yoast_head":"<!-- This site is optimized with the Yoast SEO plugin v27.4 - https:\/\/yoast.com\/product\/yoast-seo-wordpress\/ -->\n<title>Allaitement et travail : le t\u00e9moignage d&#039;Emilie<\/title>\n<meta name=\"description\" content=\"Emilie a tir\u00e9 son lait au travail et a b\u00e9n\u00e9fici\u00e9 d&#039;un patron hyper-compr\u00e9hensif.\" \/>\n<meta name=\"robots\" content=\"index, follow, max-snippet:-1, max-image-preview:large, max-video-preview:-1\" \/>\n<link rel=\"canonical\" href=\"https:\/\/www.lactissima.com\/a-tire-d-ailes\/allaitement-travail-temoignage-demilie\/\" \/>\n<meta property=\"og:locale\" content=\"fr_FR\" \/>\n<meta property=\"og:type\" content=\"article\" \/>\n<meta property=\"og:title\" content=\"Allaitement et travail : le t\u00e9moignage d&#039;Emilie\" \/>\n<meta property=\"og:description\" content=\"Emilie a tir\u00e9 son lait au travail et a b\u00e9n\u00e9fici\u00e9 d&#039;un patron hyper-compr\u00e9hensif.\" \/>\n<meta property=\"og:url\" content=\"https:\/\/www.lactissima.com\/a-tire-d-ailes\/allaitement-travail-temoignage-demilie\/\" \/>\n<meta property=\"og:site_name\" content=\"A tire d&#039;Ailes\" \/>\n<meta property=\"article:publisher\" content=\"https:\/\/www.facebook.com\/consultante.en.lactation\" \/>\n<meta property=\"article:author\" content=\"www.facebook.com\/consultante.en.lactation\" \/>\n<meta property=\"article:published_time\" content=\"2014-08-29T07:50:06+00:00\" \/>\n<meta property=\"og:image\" content=\"https:\/\/www.lactissima.com\/a-tire-d-ailes\/wp-content\/uploads\/2014\/08\/emilie2.jpg\" \/>\n\t<meta property=\"og:image:width\" content=\"275\" \/>\n\t<meta property=\"og:image:height\" content=\"367\" \/>\n\t<meta property=\"og:image:type\" content=\"image\/jpeg\" \/>\n<meta name=\"author\" content=\"V\u00e9ronique Darmangeat\" \/>\n<meta name=\"twitter:card\" content=\"summary_large_image\" \/>\n<meta name=\"twitter:creator\" content=\"@VeroniqueIBCLC\" \/>\n<meta name=\"twitter:site\" content=\"@VeroniqueIBCLC\" \/>\n<meta name=\"twitter:label1\" content=\"\u00c9crit par\" \/>\n\t<meta name=\"twitter:data1\" content=\"V\u00e9ronique Darmangeat\" \/>\n\t<meta name=\"twitter:label2\" content=\"Dur\u00e9e de lecture estim\u00e9e\" \/>\n\t<meta name=\"twitter:data2\" content=\"6 minutes\" \/>\n<script type=\"application\/ld+json\" class=\"yoast-schema-graph\">{\"@context\":\"https:\\\/\\\/schema.org\",\"@graph\":[{\"@type\":\"Article\",\"@id\":\"https:\\\/\\\/www.lactissima.com\\\/a-tire-d-ailes\\\/allaitement-travail-temoignage-demilie\\\/#article\",\"isPartOf\":{\"@id\":\"https:\\\/\\\/www.lactissima.com\\\/a-tire-d-ailes\\\/allaitement-travail-temoignage-demilie\\\/\"},\"author\":{\"name\":\"V\u00e9ronique Darmangeat\",\"@id\":\"https:\\\/\\\/www.lactissima.com\\\/a-tire-d-ailes\\\/#\\\/schema\\\/person\\\/8f98d3a89530861bc1240e6d53d44eed\"},\"headline\":\"Allaitement et travail : le t\u00e9moignage d&rsquo;Emilie\",\"datePublished\":\"2014-08-29T07:50:06+00:00\",\"mainEntityOfPage\":{\"@id\":\"https:\\\/\\\/www.lactissima.com\\\/a-tire-d-ailes\\\/allaitement-travail-temoignage-demilie\\\/\"},\"wordCount\":1280,\"commentCount\":4,\"image\":{\"@id\":\"https:\\\/\\\/www.lactissima.com\\\/a-tire-d-ailes\\\/allaitement-travail-temoignage-demilie\\\/#primaryimage\"},\"thumbnailUrl\":\"https:\\\/\\\/www.lactissima.com\\\/a-tire-d-ailes\\\/wp-content\\\/uploads\\\/2014\\\/08\\\/emilie2.jpg\",\"articleSection\":[\"t\u00e9moignages\"],\"inLanguage\":\"fr-FR\",\"potentialAction\":[{\"@type\":\"CommentAction\",\"name\":\"Comment\",\"target\":[\"https:\\\/\\\/www.lactissima.com\\\/a-tire-d-ailes\\\/allaitement-travail-temoignage-demilie\\\/#respond\"]}]},{\"@type\":\"WebPage\",\"@id\":\"https:\\\/\\\/www.lactissima.com\\\/a-tire-d-ailes\\\/allaitement-travail-temoignage-demilie\\\/\",\"url\":\"https:\\\/\\\/www.lactissima.com\\\/a-tire-d-ailes\\\/allaitement-travail-temoignage-demilie\\\/\",\"name\":\"Allaitement et travail : le t\u00e9moignage d'Emilie\",\"isPartOf\":{\"@id\":\"https:\\\/\\\/www.lactissima.com\\\/a-tire-d-ailes\\\/#website\"},\"primaryImageOfPage\":{\"@id\":\"https:\\\/\\\/www.lactissima.com\\\/a-tire-d-ailes\\\/allaitement-travail-temoignage-demilie\\\/#primaryimage\"},\"image\":{\"@id\":\"https:\\\/\\\/www.lactissima.com\\\/a-tire-d-ailes\\\/allaitement-travail-temoignage-demilie\\\/#primaryimage\"},\"thumbnailUrl\":\"https:\\\/\\\/www.lactissima.com\\\/a-tire-d-ailes\\\/wp-content\\\/uploads\\\/2014\\\/08\\\/emilie2.jpg\",\"datePublished\":\"2014-08-29T07:50:06+00:00\",\"author\":{\"@id\":\"https:\\\/\\\/www.lactissima.com\\\/a-tire-d-ailes\\\/#\\\/schema\\\/person\\\/8f98d3a89530861bc1240e6d53d44eed\"},\"description\":\"Emilie a tir\u00e9 son lait au travail et a b\u00e9n\u00e9fici\u00e9 d'un patron hyper-compr\u00e9hensif.\",\"breadcrumb\":{\"@id\":\"https:\\\/\\\/www.lactissima.com\\\/a-tire-d-ailes\\\/allaitement-travail-temoignage-demilie\\\/#breadcrumb\"},\"inLanguage\":\"fr-FR\",\"potentialAction\":[{\"@type\":\"ReadAction\",\"target\":[\"https:\\\/\\\/www.lactissima.com\\\/a-tire-d-ailes\\\/allaitement-travail-temoignage-demilie\\\/\"]}]},{\"@type\":\"ImageObject\",\"inLanguage\":\"fr-FR\",\"@id\":\"https:\\\/\\\/www.lactissima.com\\\/a-tire-d-ailes\\\/allaitement-travail-temoignage-demilie\\\/#primaryimage\",\"url\":\"https:\\\/\\\/www.lactissima.com\\\/a-tire-d-ailes\\\/wp-content\\\/uploads\\\/2014\\\/08\\\/emilie2.jpg\",\"contentUrl\":\"https:\\\/\\\/www.lactissima.com\\\/a-tire-d-ailes\\\/wp-content\\\/uploads\\\/2014\\\/08\\\/emilie2.jpg\",\"width\":275,\"height\":367,\"caption\":\"allaitement et travail\"},{\"@type\":\"BreadcrumbList\",\"@id\":\"https:\\\/\\\/www.lactissima.com\\\/a-tire-d-ailes\\\/allaitement-travail-temoignage-demilie\\\/#breadcrumb\",\"itemListElement\":[{\"@type\":\"ListItem\",\"position\":1,\"name\":\"Accueil\",\"item\":\"https:\\\/\\\/www.lactissima.com\\\/a-tire-d-ailes\\\/\"},{\"@type\":\"ListItem\",\"position\":2,\"name\":\"Allaitement et travail : le t\u00e9moignage d&rsquo;Emilie\"}]},{\"@type\":\"WebSite\",\"@id\":\"https:\\\/\\\/www.lactissima.com\\\/a-tire-d-ailes\\\/#website\",\"url\":\"https:\\\/\\\/www.lactissima.com\\\/a-tire-d-ailes\\\/\",\"name\":\"A tire d&#039;Ailes\",\"description\":\"Le blog des femmes qui allaitent et travaillent.\",\"potentialAction\":[{\"@type\":\"SearchAction\",\"target\":{\"@type\":\"EntryPoint\",\"urlTemplate\":\"https:\\\/\\\/www.lactissima.com\\\/a-tire-d-ailes\\\/?s={search_term_string}\"},\"query-input\":{\"@type\":\"PropertyValueSpecification\",\"valueRequired\":true,\"valueName\":\"search_term_string\"}}],\"inLanguage\":\"fr-FR\"},{\"@type\":\"Person\",\"@id\":\"https:\\\/\\\/www.lactissima.com\\\/a-tire-d-ailes\\\/#\\\/schema\\\/person\\\/8f98d3a89530861bc1240e6d53d44eed\",\"name\":\"V\u00e9ronique Darmangeat\",\"image\":{\"@type\":\"ImageObject\",\"inLanguage\":\"fr-FR\",\"@id\":\"https:\\\/\\\/secure.gravatar.com\\\/avatar\\\/268c99344c89cebfe4f5df5fa8be43068a18884fc76a29f3206fae98465b9cab?s=96&d=identicon&r=g\",\"url\":\"https:\\\/\\\/secure.gravatar.com\\\/avatar\\\/268c99344c89cebfe4f5df5fa8be43068a18884fc76a29f3206fae98465b9cab?s=96&d=identicon&r=g\",\"contentUrl\":\"https:\\\/\\\/secure.gravatar.com\\\/avatar\\\/268c99344c89cebfe4f5df5fa8be43068a18884fc76a29f3206fae98465b9cab?s=96&d=identicon&r=g\",\"caption\":\"V\u00e9ronique Darmangeat\"},\"sameAs\":[\"https:\\\/\\\/www.lactissima.com\\\/a-tire-d-ailes\",\"www.facebook.com\\\/consultante.en.lactation\"]}]}<\/script>\n<!-- \/ Yoast SEO plugin. -->","yoast_head_json":{"title":"Allaitement et travail : le t\u00e9moignage d'Emilie","description":"Emilie a tir\u00e9 son lait au travail et a b\u00e9n\u00e9fici\u00e9 d'un patron hyper-compr\u00e9hensif.","robots":{"index":"index","follow":"follow","max-snippet":"max-snippet:-1","max-image-preview":"max-image-preview:large","max-video-preview":"max-video-preview:-1"},"canonical":"https:\/\/www.lactissima.com\/a-tire-d-ailes\/allaitement-travail-temoignage-demilie\/","og_locale":"fr_FR","og_type":"article","og_title":"Allaitement et travail : le t\u00e9moignage d'Emilie","og_description":"Emilie a tir\u00e9 son lait au travail et a b\u00e9n\u00e9fici\u00e9 d'un patron hyper-compr\u00e9hensif.","og_url":"https:\/\/www.lactissima.com\/a-tire-d-ailes\/allaitement-travail-temoignage-demilie\/","og_site_name":"A tire d&#039;Ailes","article_publisher":"https:\/\/www.facebook.com\/consultante.en.lactation","article_author":"www.facebook.com\/consultante.en.lactation","article_published_time":"2014-08-29T07:50:06+00:00","og_image":[{"width":275,"height":367,"url":"https:\/\/www.lactissima.com\/a-tire-d-ailes\/wp-content\/uploads\/2014\/08\/emilie2.jpg","type":"image\/jpeg"}],"author":"V\u00e9ronique Darmangeat","twitter_card":"summary_large_image","twitter_creator":"@VeroniqueIBCLC","twitter_site":"@VeroniqueIBCLC","twitter_misc":{"\u00c9crit par":"V\u00e9ronique Darmangeat","Dur\u00e9e de lecture estim\u00e9e":"6 minutes"},"schema":{"@context":"https:\/\/schema.org","@graph":[{"@type":"Article","@id":"https:\/\/www.lactissima.com\/a-tire-d-ailes\/allaitement-travail-temoignage-demilie\/#article","isPartOf":{"@id":"https:\/\/www.lactissima.com\/a-tire-d-ailes\/allaitement-travail-temoignage-demilie\/"},"author":{"name":"V\u00e9ronique Darmangeat","@id":"https:\/\/www.lactissima.com\/a-tire-d-ailes\/#\/schema\/person\/8f98d3a89530861bc1240e6d53d44eed"},"headline":"Allaitement et travail : le t\u00e9moignage d&rsquo;Emilie","datePublished":"2014-08-29T07:50:06+00:00","mainEntityOfPage":{"@id":"https:\/\/www.lactissima.com\/a-tire-d-ailes\/allaitement-travail-temoignage-demilie\/"},"wordCount":1280,"commentCount":4,"image":{"@id":"https:\/\/www.lactissima.com\/a-tire-d-ailes\/allaitement-travail-temoignage-demilie\/#primaryimage"},"thumbnailUrl":"https:\/\/www.lactissima.com\/a-tire-d-ailes\/wp-content\/uploads\/2014\/08\/emilie2.jpg","articleSection":["t\u00e9moignages"],"inLanguage":"fr-FR","potentialAction":[{"@type":"CommentAction","name":"Comment","target":["https:\/\/www.lactissima.com\/a-tire-d-ailes\/allaitement-travail-temoignage-demilie\/#respond"]}]},{"@type":"WebPage","@id":"https:\/\/www.lactissima.com\/a-tire-d-ailes\/allaitement-travail-temoignage-demilie\/","url":"https:\/\/www.lactissima.com\/a-tire-d-ailes\/allaitement-travail-temoignage-demilie\/","name":"Allaitement et travail : le t\u00e9moignage d'Emilie","isPartOf":{"@id":"https:\/\/www.lactissima.com\/a-tire-d-ailes\/#website"},"primaryImageOfPage":{"@id":"https:\/\/www.lactissima.com\/a-tire-d-ailes\/allaitement-travail-temoignage-demilie\/#primaryimage"},"image":{"@id":"https:\/\/www.lactissima.com\/a-tire-d-ailes\/allaitement-travail-temoignage-demilie\/#primaryimage"},"thumbnailUrl":"https:\/\/www.lactissima.com\/a-tire-d-ailes\/wp-content\/uploads\/2014\/08\/emilie2.jpg","datePublished":"2014-08-29T07:50:06+00:00","author":{"@id":"https:\/\/www.lactissima.com\/a-tire-d-ailes\/#\/schema\/person\/8f98d3a89530861bc1240e6d53d44eed"},"description":"Emilie a tir\u00e9 son lait au travail et a b\u00e9n\u00e9fici\u00e9 d'un patron hyper-compr\u00e9hensif.","breadcrumb":{"@id":"https:\/\/www.lactissima.com\/a-tire-d-ailes\/allaitement-travail-temoignage-demilie\/#breadcrumb"},"inLanguage":"fr-FR","potentialAction":[{"@type":"ReadAction","target":["https:\/\/www.lactissima.com\/a-tire-d-ailes\/allaitement-travail-temoignage-demilie\/"]}]},{"@type":"ImageObject","inLanguage":"fr-FR","@id":"https:\/\/www.lactissima.com\/a-tire-d-ailes\/allaitement-travail-temoignage-demilie\/#primaryimage","url":"https:\/\/www.lactissima.com\/a-tire-d-ailes\/wp-content\/uploads\/2014\/08\/emilie2.jpg","contentUrl":"https:\/\/www.lactissima.com\/a-tire-d-ailes\/wp-content\/uploads\/2014\/08\/emilie2.jpg","width":275,"height":367,"caption":"allaitement et travail"},{"@type":"BreadcrumbList","@id":"https:\/\/www.lactissima.com\/a-tire-d-ailes\/allaitement-travail-temoignage-demilie\/#breadcrumb","itemListElement":[{"@type":"ListItem","position":1,"name":"Accueil","item":"https:\/\/www.lactissima.com\/a-tire-d-ailes\/"},{"@type":"ListItem","position":2,"name":"Allaitement et travail : le t\u00e9moignage d&rsquo;Emilie"}]},{"@type":"WebSite","@id":"https:\/\/www.lactissima.com\/a-tire-d-ailes\/#website","url":"https:\/\/www.lactissima.com\/a-tire-d-ailes\/","name":"A tire d&#039;Ailes","description":"Le blog des femmes qui allaitent et travaillent.","potentialAction":[{"@type":"SearchAction","target":{"@type":"EntryPoint","urlTemplate":"https:\/\/www.lactissima.com\/a-tire-d-ailes\/?s={search_term_string}"},"query-input":{"@type":"PropertyValueSpecification","valueRequired":true,"valueName":"search_term_string"}}],"inLanguage":"fr-FR"},{"@type":"Person","@id":"https:\/\/www.lactissima.com\/a-tire-d-ailes\/#\/schema\/person\/8f98d3a89530861bc1240e6d53d44eed","name":"V\u00e9ronique Darmangeat","image":{"@type":"ImageObject","inLanguage":"fr-FR","@id":"https:\/\/secure.gravatar.com\/avatar\/268c99344c89cebfe4f5df5fa8be43068a18884fc76a29f3206fae98465b9cab?s=96&d=identicon&r=g","url":"https:\/\/secure.gravatar.com\/avatar\/268c99344c89cebfe4f5df5fa8be43068a18884fc76a29f3206fae98465b9cab?s=96&d=identicon&r=g","contentUrl":"https:\/\/secure.gravatar.com\/avatar\/268c99344c89cebfe4f5df5fa8be43068a18884fc76a29f3206fae98465b9cab?s=96&d=identicon&r=g","caption":"V\u00e9ronique Darmangeat"},"sameAs":["https:\/\/www.lactissima.com\/a-tire-d-ailes","www.facebook.com\/consultante.en.lactation"]}]}},"_links":{"self":[{"href":"https:\/\/www.lactissima.com\/a-tire-d-ailes\/wp-json\/wp\/v2\/posts\/5879","targetHints":{"allow":["GET"]}}],"collection":[{"href":"https:\/\/www.lactissima.com\/a-tire-d-ailes\/wp-json\/wp\/v2\/posts"}],"about":[{"href":"https:\/\/www.lactissima.com\/a-tire-d-ailes\/wp-json\/wp\/v2\/types\/post"}],"author":[{"embeddable":true,"href":"https:\/\/www.lactissima.com\/a-tire-d-ailes\/wp-json\/wp\/v2\/users\/170"}],"replies":[{"embeddable":true,"href":"https:\/\/www.lactissima.com\/a-tire-d-ailes\/wp-json\/wp\/v2\/comments?post=5879"}],"version-history":[{"count":3,"href":"https:\/\/www.lactissima.com\/a-tire-d-ailes\/wp-json\/wp\/v2\/posts\/5879\/revisions"}],"predecessor-version":[{"id":5884,"href":"https:\/\/www.lactissima.com\/a-tire-d-ailes\/wp-json\/wp\/v2\/posts\/5879\/revisions\/5884"}],"wp:featuredmedia":[{"embeddable":true,"href":"https:\/\/www.lactissima.com\/a-tire-d-ailes\/wp-json\/wp\/v2\/media\/5881"}],"wp:attachment":[{"href":"https:\/\/www.lactissima.com\/a-tire-d-ailes\/wp-json\/wp\/v2\/media?parent=5879"}],"wp:term":[{"taxonomy":"category","embeddable":true,"href":"https:\/\/www.lactissima.com\/a-tire-d-ailes\/wp-json\/wp\/v2\/categories?post=5879"},{"taxonomy":"post_tag","embeddable":true,"href":"https:\/\/www.lactissima.com\/a-tire-d-ailes\/wp-json\/wp\/v2\/tags?post=5879"}],"curies":[{"name":"wp","href":"https:\/\/api.w.org\/{rel}","templated":true}]}}