{"id":5865,"date":"2014-07-30T10:24:39","date_gmt":"2014-07-30T08:24:39","guid":{"rendered":"https:\/\/www.lactissima.com\/a-tire-d-ailes\/?p=5865"},"modified":"2014-07-30T10:24:39","modified_gmt":"2014-07-30T08:24:39","slug":"allaitement-travail-temoignage-virginie","status":"publish","type":"post","link":"https:\/\/www.lactissima.com\/a-tire-d-ailes\/allaitement-travail-temoignage-virginie\/","title":{"rendered":"Allaitement et travail : le t\u00e9moignage de Virginie"},"content":{"rendered":"<p><strong style=\"text-align: justify;\"><img loading=\"lazy\" decoding=\"async\" class=\"alignright size-full wp-image-5863\" src=\"https:\/\/www.lactissima.com\/a-tire-d-ailes\/wp-content\/uploads\/2014\/07\/alicia.jpg\" alt=\"travail et allaitement\" width=\"307\" height=\"230\" srcset=\"https:\/\/www.lactissima.com\/a-tire-d-ailes\/wp-content\/uploads\/2014\/07\/alicia.jpg 307w, https:\/\/www.lactissima.com\/a-tire-d-ailes\/wp-content\/uploads\/2014\/07\/alicia-300x224.jpg 300w\" sizes=\"(max-width: 307px) 100vw, 307px\" \/><\/strong><\/p>\n<ul>\n<li style=\"text-align: justify;\"><strong>Quel choix avez-vous fait au moment de la reprise du travail : sevrage ou poursuite de l&rsquo;allaitement ? Pourquoi ? <\/strong><\/li>\n<\/ul>\n<p style=\"text-align: justify;\">J&rsquo;\u00e9tais un peu perdue, mon nouveau r\u00f4le de maman \u00e9tait compliqu\u00e9, ma fille souffrait d&rsquo;un RGO, de coliques, et elle pleurait beaucoup. Aussi on m&rsquo;a \u00e9norm\u00e9ment culpabilis\u00e9e vis \u00e0 vis de l&rsquo;allaitement. En me disant que c&rsquo;\u00e9tait \u00e0 cause de cela que ma fille souffrait. Qu&rsquo;elle devait avoir faim. Elle t\u00e9tait \u00e9norm\u00e9ment, environ 18 \u00e0 20 fois par jour, et dormait tr\u00e8s peu, 4h sur 24h, la plus part du temps au sein. Forc\u00e9ment, p\u00e9diatre, sage femme et compagnie me disait d&rsquo;arr\u00eater, de sevrer? Alors que faire, que choisir ?<br \/>\nJe ne me voyais pas reprendre le travail, alors qu&rsquo;elle t\u00e9tait encore toutes les heures.<br \/>\nOn me parle de me tirer le lait, pourquoi pas ? J&rsquo;essaye et l\u00e0 , d\u00e9ception, je tire 3 fois rien, simple pompage en plus.<br \/>\nJ&rsquo;ai commenc\u00e9 \u00e0 me faire \u00e0 l&rsquo;id\u00e9e de la sevrer. Mais au fond de mon c\u00c5\u201cur, je n&rsquo;arrivais pas \u00e0 m&rsquo;y r\u00e9soudre.<br \/>\nElle souffrait tellement, et \u00e9tait si apais\u00e9e par ces t\u00e9t\u00e9es, que je ne pouvais pas lui enlever \u00e7a.<br \/>\nJe devais reprendre fin janvier, elle aurait du avoir 2 mois et demi. Et \u00e7a me semblait insurmontable.<br \/>\nJ&rsquo;\u00e9tais dans un tel \u00e9tat de fatigue et de stress que mon m\u00e9decin m&rsquo;a prolong\u00e9 d&rsquo;un mois. J&rsquo;\u00e9tais soulag\u00e9e et je me suis dis que j&rsquo;allais tout mettre en \u00c5\u201cuvre pour pouvoir continuer l&rsquo;allaitement au moment de la reprise, du moins essayer.<br \/>\nJ&rsquo;ai commenc\u00e9 \u00e0 tirer le lait, devant le peu de r\u00e9colte, je d\u00e9cide de changer de tire-lait, et l\u00e0 : miracle, je tire de grosses quantit\u00e9s. Je suis alors motiv\u00e9e et cong\u00e8le 7 litres de lait. Apr\u00e8s 15 jours de prolongation par le m\u00e9decin, je me sentais encore incapable de reprendre, ma fille souffrait toujours et on m&rsquo;avait donn\u00e9 une piste \u00e0 explorer : un r\u00e9gime sans prot\u00e9ines de lait de vache.<br \/>\nJe pose alors 15 jours de cong\u00e9s \u00e0 la suite de la prolongation, ce qui m&rsquo;a permis de reprendre qu&rsquo;aux 4 mois et demi de ma fille.<br \/>\nPendant le mois qu&rsquo;il me restait, j&rsquo;ai commenc\u00e9 un r\u00e9gime strict et il s&rsquo;est av\u00e9r\u00e9 gagnant. Disparition du reflux, des coliques, des pleurs.<br \/>\nElle a commenc\u00e9 \u00e0 dormir la nuit (6-7h d&rsquo;affil\u00e9, jusqu&rsquo;ici elle ne dormait jamais plus de 2h d&rsquo;affil\u00e9), elle a commenc\u00e9 \u00e0 faire des siestes, m\u00eame sans le sein ! Elle est pass\u00e9e de 18 t\u00e9t\u00e9s \u00e0 \u00ab\u00a0seulement\u00a0\u00bb 8, et je voyais enfin une \u00e9tincelle d&rsquo;espoir pour ma reprise.<br \/>\nMa sage-femme continuait de me dire de sevrer, de commencer le biberon etc.<br \/>\nEt heureusement avant de faire cela, on m&rsquo;a parl\u00e9 de La Leche League, je me suis inscrite \u00e0 la communaut\u00e9 internet, et j&rsquo;ai beaucoup appris. J&rsquo;ai command\u00e9 des livres comme L&rsquo;art de l&rsquo;allaitement maternel, et j&rsquo;ai acquis des connaissances. J&rsquo;ai compris beaucoup de choses et j&rsquo;ai arr\u00eat\u00e9 de culpabiliser et d&rsquo;avoir peur.<br \/>\nMa fille est n\u00e9e \u00e0 terme \u00e0 4.100kg et 53 cm, et malgr\u00e9 une bonne prise de poids, on n&rsquo;a cess\u00e9 de me dire qu&rsquo;elle n&rsquo;avait pas assez de lait, qu&rsquo;il \u00e9tait pas nourrissant, pas bon, voir acide. Personne n&rsquo;a jamais une seule fois admis que si elle t\u00e9tait autant, c&rsquo;\u00e9tait juste pour se soulager.<br \/>\nPour mon mari et moi, il \u00e9tait \u00e9vident qu&rsquo;il y avait un lien entre les prot\u00e9ines de lait de vache, et tous les sympt\u00f4mes qu&rsquo;elle avait. Les proches aussi ont dit que c&rsquo;\u00e9tait pas possible une telle co\u00c3\u00afncidence, mais n&rsquo;\u00e9taient pas \u00e0 fond avec nous pour autant. Le p\u00e9diatre m&rsquo;a cru ridicule et ne voulait pas explorer plus cette piste.<br \/>\nMais pour moi, \u00e7a a \u00e9t\u00e9 le vrai d\u00e9clic pour  continuer l&rsquo;allaitement maternel. Et avec les livres, la Leche League j&rsquo;\u00e9tais motiv\u00e9e pour allaiter 6 mois exclusivement.<br \/>\nMe voil\u00e0 arm\u00e9e de mon tire-lait double pompage, de mon sac Medela, et de ma motivation grandissante pour affronter la reprise.<br \/>\nDouloureuse cette reprise, surtout avec des seins qui \u00ab\u00a0pleuraient\u00a0\u00bb ma fille pendant mes longues absences.<\/p>\n<p style=\"text-align: justify;\"><span style=\"color: #ffffff;\">&#8212;<\/span><\/p>\n<ul style=\"text-align: justify;\">\n<li><strong>Comment vous \u00eates-vous organis\u00e9e ? <\/strong><\/li>\n<\/ul>\n<p style=\"text-align: justify;\">Je suis infirmi\u00e8re, j&rsquo;allais donc \u00eatre confront\u00e9e \u00e0 3 horaires de boulot (matin, soir et nuit).<br \/>\nJ&rsquo;ai pr\u00e9venu mes coll\u00e8gues que j&rsquo;allais tirer mon lait et qui ont trouv\u00e9 \u00e7a honorable pour certains, bizarre pour d&rsquo;autre, voir m\u00eame dingue pour quelques-uns. Mais \u00e0 aucun moment ils m&rsquo;ont reproch\u00e9 quoi que ce soit.<br \/>\nJe faisais le boulot que j&rsquo;avais \u00e0 faire, je demandais toujours s&rsquo;ils avaient besoin de moi, et si tout \u00e9tait OK, je m&rsquo;isolais dans le vestiaire, o\u00f9 il y avait un fauteuil, un point d&rsquo;eau, une prise \u00e9lectrique.<br \/>\nQuand je commen\u00e7ais mon service j&rsquo;installais tout mon mat\u00e9riel pour ne pas perdre de temps. J&rsquo;avais une pochette o\u00f9 je mettais liquide vaisselle, \u00e9ponge, torchon, que je mettais sur un bord du lavabo, je branchais mon tire-lait et le posais sur le fauteuil.<br \/>\nJe prenais mon t\u00e9l\u00e9phone avec moi et je prenais 15\/20min, 10min de tirage et 5 \u00e0 10min pour le nettoyage.<br \/>\nSur mon t\u00e9l\u00e9phone je regardais l&rsquo;heure mais surtout des photos ou des vid\u00e9os de ma fille afin de favoriser le r\u00e9flexe d&rsquo;\u00e9jection. Ou mieux encore, je me permettais d&rsquo;appeler la nounou (ma m\u00e8re), pour l&rsquo;entendre gazouiller, avoir des nouvelles, bref avoir une pens\u00e9e positive.<br \/>\nUne fois le tirage fini, je pouvais conserver mon lait dans un frigo dans la salle de pause du personnel.<br \/>\nA la fin du service, je le mettais dans la glaci\u00e8re fournie avec le sac Medela o\u00f9 un pain de glace est install\u00e9 et permet de stocker jusqu&rsquo;\u00e0 4 pots ou biberon de lait maternel.<br \/>\nLe 1er mois de ma reprise, je tirais 4 fois par jour (2 fois sur le lieu de travail, parfois sur ma pause d\u00e9jeuner, quand j&rsquo;en avais une. Et 2 fois \u00e0 la maison)<br \/>\nTr\u00e8s vite je n&rsquo;ai pu le faire qu&rsquo;une fois au boulot, trop de pression, trop de travail, trop de fatigue.<br \/>\nEt pour finir, au bout de 2-3 mois de reprise, je ne tirais plus que 2 fois par jour, et les 2 fois c&rsquo;\u00e9tait \u00e0 la maison.<br \/>\nSauf quand j&rsquo;\u00e9tais de soir ou de nuit, horaires qui permettaient de faire 1 \u00e0 2 tirages encore.<br \/>\nA la maison, r\u00e9veil \u00e0 5h30 du matin TOUS LES JOURS, m\u00eame pendant les jours de repos, m\u00eame pendant les week end. J&rsquo;ai ainsi cr\u00e9\u00e9 une t\u00e9t\u00e9e fictive. Je faisais pareil \u00e0 15h.<br \/>\nCe qui me permettais de tirer 200ml par tirage, donc 400ml.<br \/>\nMa fille prenait 2X150ml, donc j&rsquo;avais toujours 100ml d&rsquo;avance pour le lendemain, ce qui me rassurait.<br \/>\nEn fin de semaine, tout le surplus je le congelais.<br \/>\nD\u00e8s que le boulot \u00e9tait fini, c&rsquo;\u00e9tait t\u00e9t\u00e9es \u00e0 volont\u00e9, plus de tire-lait et ma fille au sein +++.<br \/>\nOn s&rsquo;est parfaitement adapt\u00e9 \u00e0 ce rythme, pourtant on est parti de loin.<br \/>\nMes seins ont arr\u00eat\u00e9 de pleurer son absence, pour s&rsquo;adapter parfaitement \u00e0 ces horaires.<br \/>\nOn est arriv\u00e9 aux 6 mois d&rsquo;allaitement exclusif, pour notre plus grande fiert\u00e9, mon mari et moi !<br \/>\nA ses 7 mois jusqu&rsquo;\u00e0 ses 1 an, j&rsquo;ai donn\u00e9 tous le surplus au lactarium, car je n&rsquo;ai jamais eu besoin de taper dans le stock.<br \/>\nA ses 11 mois, une prise de sang (longuement demand\u00e9e) a r\u00e9v\u00e9l\u00e9 une allergie aux prot\u00e9ines de lait de vache.<br \/>\nPar la suite on a d\u00e9couvert qu&rsquo;elle \u00e9tait aussi allergique aux prot\u00e9ines de lait de ch\u00e8vre, brebis et au soja.<br \/>\nC&rsquo;est aussi \u00e0 ce moment l\u00e0 o\u00f9 je n&rsquo;arrivais plus \u00e0 tirer autant de lait qu&rsquo;avant. Mon p\u00e9diatre m&rsquo;a dit que c&rsquo;\u00e9tait alors la fin, et qu&rsquo;il fallait la sevrer. Il avait raison, il \u00e9tait temps de sevrer, mais de se sevrer de ce p\u00e9diatre ! J&rsquo;ai chang\u00e9 de m\u00e9decin, et apr\u00e8s quelques recherches sur le net, je suis tomb\u00e9e sur un p\u00e9diatre pro-allaitement. Il a \u00e9t\u00e9 mon arc en ciel dans ce paysage si gris. Il m&rsquo;a reboost\u00e9 \u00e0 fond, et m&rsquo;a dit que ce n&rsquo;\u00e9tait pas la fin non, mais une \u00e9volution de l&rsquo;allaitement. Il m&rsquo;a dit d&rsquo;arr\u00eater de paniquer sur la machine, et de ne plus stresser sur les quantit\u00e9s.<br \/>\nJe suis alors pass\u00e9e de 200ml par tirage \u00e0 100, puis \u00e0 70, puis \u00e0 50 sur quelques mois, pour ne plus tirer que 20ml \u00e0 ses 20 mois.<br \/>\nNe pouvant pas compenser par d&rsquo;autres laitages, c&rsquo;est dans la diversification que j&rsquo;ai trouv\u00e9 les apports n\u00e9cessaires et que j&rsquo;ai appris que le lait de vache n&rsquo;apporte rien en r\u00e9alit\u00e9. Qu&rsquo;on trouvait tout dans les l\u00e9gumes, fruits, poissons&#8230;<br \/>\nComme je continue \u00e0 paniquer de perdre ce lien lact\u00e9, mon \u00ab\u00a0Sauveur\u00a0\u00bb de p\u00e9diatre m&rsquo;a dit de ne plus tirer mon lait, mais de prendre doucement ma fille dans son lit le matin, pour la mettre au sein avant de partir bosser quand je suis d&rsquo;horaire du matin.<br \/>\nVoil\u00e0 donc 15 jours que lorsque le r\u00e9veil sonne \u00e0 5h15, au lieu de me diriger vers le tire lait avec la t\u00eate dans le&#8230;.brouillard,  je vais doucement, tout sourire, la sortir de son lit, pour la lover dans mes bras d\u00e9licatement, elle ne se r\u00e9veille m\u00eame pas. Elle prend sa dose de bonheur, et je la repose ni vu ni connu. Mais moi je pars au boulot gonfl\u00e9e de soulagement.<br \/>\nQuand je suis de soir, elle t\u00e8te tout le matin et a une t\u00e9t\u00e9e de retrouvaille vers 22h, seules fois o\u00f9 elle se couche si tard. Mais elle est trop accro pour s&rsquo;endormir sans.<br \/>\nQuand je suis de nuit, elle t\u00e8te une fois \u00e0 son r\u00e9veil, quand je rentre de ma nuit, puis je dors pendant qu&rsquo;elle va chez la nounou (ma m\u00e8re). Et je la r\u00e9cup\u00e8re vers 14h, elle t\u00e8te \u00e0 volont\u00e9 jusqu&rsquo;\u00e0 20h30, heure \u00e0 laquelle je pars pour aller bosser.<br \/>\nNotre aventure avec le tire-lait aura dur\u00e9 17 mois.<br \/>\nCela fait aussi 17 mois que nous faisons toutes les deux le r\u00e9gime sans prot\u00e9ines de lait animal et soja.<br \/>\nNotre histoire lact\u00e9e \u00e9volue et continuera d&rsquo;\u00e9voluer. Ce qui ne change pas, c&rsquo;est ce plaisir qu&rsquo;on partage.<br \/>\nJe r\u00eave secr\u00e8tement d&rsquo;un sevrage naturel, quand elle l&rsquo;aura d\u00e9cid\u00e9 elle, et non pas la soci\u00e9t\u00e9 ou une quelconque personne.<\/p>\n<p style=\"text-align: justify;\"><span style=\"color: #ffffff;\">&#8212;<\/span><\/p>\n<ul style=\"text-align: justify;\">\n<li><strong>Quelles ont \u00e9t\u00e9 vos principales difficult\u00e9s ? <\/strong><\/li>\n<\/ul>\n<p style=\"text-align: justify;\">Trouver du temps pour tirer mon lait au travail.<br \/>\nLes pr\u00e9jug\u00e9s, les remarques n\u00e9gatives, le r\u00e9veil \u00e0 5h30 les jours de repos pour maintenir cette t\u00e9t\u00e9e fictive.<br \/>\nLa peur de manquer de lait.<\/p>\n<p style=\"text-align: justify;\"><span style=\"color: #ffffff;\">&#8212;<\/span><\/p>\n<ul style=\"text-align: justify;\">\n<li><strong>Quels ont \u00e9t\u00e9 vos meilleurs moments ? <\/strong><\/li>\n<\/ul>\n<p style=\"text-align: justify;\">Le fait d&rsquo;avoir eu le \u00ab\u00a0choix\u00a0\u00bb de lui offrir le meilleur. Et dire qu&rsquo;\u00e0 la naissance je pensais ne pas tenir plus de 2 mois et demi (date \u00e0 laquelle j&rsquo;aurais du reprendre le travail)&#8230;<br \/>\nLes t\u00e9t\u00e9es retrouvailles aussi sont d&rsquo;excellents moments. Je n&rsquo;en ai pas une en particulier, car elles sont toutes merveilleuses. C&rsquo;est chaque jour ma bulle d&rsquo;oxyg\u00e8ne pour finir ma journ\u00e9e de travail.<br \/>\nLe soutien du papa, sa fiert\u00e9 et ce regard qu&rsquo;il porte sur moi.<br \/>\nAvoir pu surmonter 2 py\u00e9lon\u00e9phrites, o\u00f9 \u00e0 41\u00c2\u00b0 de fi\u00e8vre, elle ne voulait rien d&rsquo;autre que mon lait. La satisfaction et ce c\u00f4t\u00e9 rassurant de savoir que je pouvais lui apporter tout ce dont elle avait besoin \u00e0 travers un bout de moi. Chaleur, c\u00e2lin, r\u00e9confort, s\u00e9curit\u00e9, r\u00e9assurance et du lait adapt\u00e9.<br \/>\nAvoir acquis la confiance qu&rsquo;on m&rsquo;avait enlev\u00e9 au tout d\u00e9but de mon r\u00f4le de maman.<br \/>\nAvoir su faire confiance \u00e0 mon instinct. Cette fiert\u00e9 que je ressens quand je m&rsquo;aper\u00e7ois que je viens de passer une semaine de 52h, en ayant bosser lundi et mardi en horaire du matin, mercredi en horaire du soir et vendredi-samedi et dimanche en horaire de nuit et que malgr\u00e9 \u00e7a ma fille eu ses 5 \u00e0 7 t\u00e9t\u00e9es journali\u00e8res, que je prends toujours autant de plaisir et que je la vois s&rsquo;\u00e9panouir sereinement.<br \/>\nCe que j&rsquo;adore, c&rsquo;est quand elle vient avec ses yeux brillants me demander \u00ab\u00a0poupou maman teplait\u00a0\u00bb ou qu&rsquo;elle me dit \u00ab\u00a0poupou est bon et doux\u00a0\u00bb.<\/p>\n<p style=\"text-align: justify;\"><span style=\"color: #ffffff;\">&#8212;<\/span><\/p>\n<ul style=\"text-align: justify;\">\n<li><strong>Qu&rsquo;est-ce que vous souhaiteriez dire aux mamans qui doivent faire un choix dans les semaines \u00e0 venir ? <\/strong><\/li>\n<\/ul>\n<p style=\"text-align: justify;\">Ne pas se pr\u00e9cipiter, \u00e9couter les besoins de notre enfant, et se faire confiance.<br \/>\nJe n&rsquo;ai aucunement pr\u00e9par\u00e9 la transition pour la reprise du boulot, si ce n&rsquo;est avoir stock\u00e9 du lait au cong\u00e9lateur, je ne l&rsquo;ai pas habitu\u00e9e au biberon. Son 1er biberon \u00e9tait le jour de ma reprise, avec une t\u00e9tine sp\u00e9ciale qui r\u00e9duit le risque de confusion sein t\u00e9tine. Elle a mis une semaine avant de prendre des quantit\u00e9s raisonnables, mais se rattrapait toujours le soir quand je rentrais.<br \/>\nSe rapprocher d&rsquo;associations qui soutiennent l&rsquo;allaitement, car seule, c&rsquo;est tr\u00e8s difficile d&rsquo;y arriver.<br \/>\nCar quand on a des coups de mou, c&rsquo;est toujours bien d&rsquo;avoir du soutien de partout.<br \/>\nLire un peu sur l&rsquo;allaitement, pour \u00e9viter tous les \u00ab\u00a0on dit\u00a0\u00bb qui peuvent d\u00e9truire le peu de confiance en nous.<\/p>\n<p style=\"text-align: justify;\"><span style=\"color: #ffffff;\">&#8212;<\/span><\/p>\n<ul style=\"text-align: justify;\">\n<li><strong>Ce serait \u00e0 refaire, vous referiez le m\u00eame choix ? Que changeriez-vous ?<\/strong><\/li>\n<\/ul>\n<p style=\"text-align: justify;\">Absolument. Il me tarde d\u00e9j\u00e0 le prochain allaitement. Je sais maintenant tout ce que j&rsquo;ai \u00e0 savoir pour allier allaitement et reprise du boulot. Il me tarde, car je sais que je ne le vivrai pas de la m\u00eame mani\u00e8re.<br \/>\nMoins de stress et de pression. Plus de confiance, de s\u00e9r\u00e9nit\u00e9. J&rsquo;ai v\u00e9cu les premiers mois de souffrance et d&rsquo;amour, mais ce qui nous a permis de surmonter tout \u00e7a, c&rsquo;est l&rsquo;allaitement. Ainsi ce choix est rest\u00e9 le meilleur que j&rsquo;ai pris dans ma vie de maman.<br \/>\nCe que je changerais et qu&rsquo;il me semble que je change d\u00e9j\u00e0 , c&rsquo;est le regard des gens sur l&rsquo;allaitement. Je prouve que quand on veut on peut. Et surtout, je n&rsquo;aurai jamais de regret, c&rsquo;est le plus important pour moi.<br \/>\nC&rsquo;est une histoire que j&rsquo;\u00e9cris avec ma fille, et qui restera \u00e0 jamais grav\u00e9e dans notre \u00e2me, une histoire que mon mari nous aide \u00e0 \u00e9crire, et qui nous unis tous les 3 comme personne ne pourra jamais le faire.<\/p>\n<p style=\"text-align: justify;\"><span style=\"color: #ffffff;\">&#8212;<\/span><\/p>\n<p style=\"text-align: justify;\"><strong>Articles en rapport :<\/strong><\/p>\n<ul>\n<li>Voir l&rsquo;onglet <a title=\"T\u00e9moignages\" href=\"https:\/\/www.lactissima.com\/a-tire-d-ailes\/temoignages-travail-et-allaitement\/\" target=\"_blank\">t\u00e9moignages<\/a><\/li>\n<\/ul>\n<p>&nbsp;<\/p>\n","protected":false},"excerpt":{"rendered":"<p>Virginie a du se battre pour maintenir l&rsquo;allaitement de sa fille, allergiques aux prot\u00e9ines de lait de vache et souffrant de grave reflux. La reprise du travail n&rsquo;a pas \u00e9t\u00e9 simple.<\/p>\n","protected":false},"author":170,"featured_media":5863,"comment_status":"open","ping_status":"open","sticky":false,"template":"","format":"standard","meta":{"_et_pb_use_builder":"","_et_pb_old_content":"","_et_gb_content_width":"","footnotes":""},"categories":[150],"tags":[],"class_list":["post-5865","post","type-post","status-publish","format-standard","has-post-thumbnail","hentry","category-temoignages"],"yoast_head":"<!-- This site is optimized with the Yoast SEO plugin v27.4 - https:\/\/yoast.com\/product\/yoast-seo-wordpress\/ -->\n<title>Allaitement et travail : le t\u00e9moignage de Virginie<\/title>\n<meta name=\"description\" content=\"Virginie a du se battre pour maintenir l&#039;allaitement de sa fille, allergiques aux prot\u00e9ines de lait de vache et souffrant de grave reflux. La reprise du travail n&#039;a pas \u00e9t\u00e9 simple.\" \/>\n<meta name=\"robots\" content=\"index, follow, max-snippet:-1, max-image-preview:large, max-video-preview:-1\" \/>\n<link rel=\"canonical\" href=\"https:\/\/www.lactissima.com\/a-tire-d-ailes\/allaitement-travail-temoignage-virginie\/\" \/>\n<meta property=\"og:locale\" content=\"fr_FR\" \/>\n<meta property=\"og:type\" content=\"article\" \/>\n<meta property=\"og:title\" content=\"Allaitement et travail : le t\u00e9moignage de Virginie\" \/>\n<meta property=\"og:description\" content=\"Virginie a du se battre pour maintenir l&#039;allaitement de sa fille, allergiques aux prot\u00e9ines de lait de vache et souffrant de grave reflux. La reprise du travail n&#039;a pas \u00e9t\u00e9 simple.\" \/>\n<meta property=\"og:url\" content=\"https:\/\/www.lactissima.com\/a-tire-d-ailes\/allaitement-travail-temoignage-virginie\/\" \/>\n<meta property=\"og:site_name\" content=\"A tire d&#039;Ailes\" \/>\n<meta property=\"article:publisher\" content=\"https:\/\/www.facebook.com\/consultante.en.lactation\" \/>\n<meta property=\"article:author\" content=\"www.facebook.com\/consultante.en.lactation\" \/>\n<meta property=\"article:published_time\" content=\"2014-07-30T08:24:39+00:00\" \/>\n<meta property=\"og:image\" content=\"https:\/\/www.lactissima.com\/a-tire-d-ailes\/wp-content\/uploads\/2014\/07\/alicia.jpg\" \/>\n\t<meta property=\"og:image:width\" content=\"307\" \/>\n\t<meta property=\"og:image:height\" content=\"230\" \/>\n\t<meta property=\"og:image:type\" content=\"image\/jpeg\" \/>\n<meta name=\"author\" content=\"V\u00e9ronique Darmangeat\" \/>\n<meta name=\"twitter:card\" content=\"summary_large_image\" \/>\n<meta name=\"twitter:creator\" content=\"@VeroniqueIBCLC\" \/>\n<meta name=\"twitter:site\" content=\"@VeroniqueIBCLC\" \/>\n<meta name=\"twitter:label1\" content=\"\u00c9crit par\" \/>\n\t<meta name=\"twitter:data1\" content=\"V\u00e9ronique Darmangeat\" \/>\n\t<meta name=\"twitter:label2\" content=\"Dur\u00e9e de lecture estim\u00e9e\" \/>\n\t<meta name=\"twitter:data2\" content=\"12 minutes\" \/>\n<script type=\"application\/ld+json\" class=\"yoast-schema-graph\">{\"@context\":\"https:\\\/\\\/schema.org\",\"@graph\":[{\"@type\":\"Article\",\"@id\":\"https:\\\/\\\/www.lactissima.com\\\/a-tire-d-ailes\\\/allaitement-travail-temoignage-virginie\\\/#article\",\"isPartOf\":{\"@id\":\"https:\\\/\\\/www.lactissima.com\\\/a-tire-d-ailes\\\/allaitement-travail-temoignage-virginie\\\/\"},\"author\":{\"name\":\"V\u00e9ronique Darmangeat\",\"@id\":\"https:\\\/\\\/www.lactissima.com\\\/a-tire-d-ailes\\\/#\\\/schema\\\/person\\\/8f98d3a89530861bc1240e6d53d44eed\"},\"headline\":\"Allaitement et travail : le t\u00e9moignage de Virginie\",\"datePublished\":\"2014-07-30T08:24:39+00:00\",\"mainEntityOfPage\":{\"@id\":\"https:\\\/\\\/www.lactissima.com\\\/a-tire-d-ailes\\\/allaitement-travail-temoignage-virginie\\\/\"},\"wordCount\":2517,\"commentCount\":28,\"image\":{\"@id\":\"https:\\\/\\\/www.lactissima.com\\\/a-tire-d-ailes\\\/allaitement-travail-temoignage-virginie\\\/#primaryimage\"},\"thumbnailUrl\":\"https:\\\/\\\/www.lactissima.com\\\/a-tire-d-ailes\\\/wp-content\\\/uploads\\\/2014\\\/07\\\/alicia.jpg\",\"articleSection\":[\"t\u00e9moignages\"],\"inLanguage\":\"fr-FR\",\"potentialAction\":[{\"@type\":\"CommentAction\",\"name\":\"Comment\",\"target\":[\"https:\\\/\\\/www.lactissima.com\\\/a-tire-d-ailes\\\/allaitement-travail-temoignage-virginie\\\/#respond\"]}]},{\"@type\":\"WebPage\",\"@id\":\"https:\\\/\\\/www.lactissima.com\\\/a-tire-d-ailes\\\/allaitement-travail-temoignage-virginie\\\/\",\"url\":\"https:\\\/\\\/www.lactissima.com\\\/a-tire-d-ailes\\\/allaitement-travail-temoignage-virginie\\\/\",\"name\":\"Allaitement et travail : le t\u00e9moignage de Virginie\",\"isPartOf\":{\"@id\":\"https:\\\/\\\/www.lactissima.com\\\/a-tire-d-ailes\\\/#website\"},\"primaryImageOfPage\":{\"@id\":\"https:\\\/\\\/www.lactissima.com\\\/a-tire-d-ailes\\\/allaitement-travail-temoignage-virginie\\\/#primaryimage\"},\"image\":{\"@id\":\"https:\\\/\\\/www.lactissima.com\\\/a-tire-d-ailes\\\/allaitement-travail-temoignage-virginie\\\/#primaryimage\"},\"thumbnailUrl\":\"https:\\\/\\\/www.lactissima.com\\\/a-tire-d-ailes\\\/wp-content\\\/uploads\\\/2014\\\/07\\\/alicia.jpg\",\"datePublished\":\"2014-07-30T08:24:39+00:00\",\"author\":{\"@id\":\"https:\\\/\\\/www.lactissima.com\\\/a-tire-d-ailes\\\/#\\\/schema\\\/person\\\/8f98d3a89530861bc1240e6d53d44eed\"},\"description\":\"Virginie a du se battre pour maintenir l'allaitement de sa fille, allergiques aux prot\u00e9ines de lait de vache et souffrant de grave reflux. La reprise du travail n'a pas \u00e9t\u00e9 simple.\",\"breadcrumb\":{\"@id\":\"https:\\\/\\\/www.lactissima.com\\\/a-tire-d-ailes\\\/allaitement-travail-temoignage-virginie\\\/#breadcrumb\"},\"inLanguage\":\"fr-FR\",\"potentialAction\":[{\"@type\":\"ReadAction\",\"target\":[\"https:\\\/\\\/www.lactissima.com\\\/a-tire-d-ailes\\\/allaitement-travail-temoignage-virginie\\\/\"]}]},{\"@type\":\"ImageObject\",\"inLanguage\":\"fr-FR\",\"@id\":\"https:\\\/\\\/www.lactissima.com\\\/a-tire-d-ailes\\\/allaitement-travail-temoignage-virginie\\\/#primaryimage\",\"url\":\"https:\\\/\\\/www.lactissima.com\\\/a-tire-d-ailes\\\/wp-content\\\/uploads\\\/2014\\\/07\\\/alicia.jpg\",\"contentUrl\":\"https:\\\/\\\/www.lactissima.com\\\/a-tire-d-ailes\\\/wp-content\\\/uploads\\\/2014\\\/07\\\/alicia.jpg\",\"width\":307,\"height\":230,\"caption\":\"travail et allaitement\"},{\"@type\":\"BreadcrumbList\",\"@id\":\"https:\\\/\\\/www.lactissima.com\\\/a-tire-d-ailes\\\/allaitement-travail-temoignage-virginie\\\/#breadcrumb\",\"itemListElement\":[{\"@type\":\"ListItem\",\"position\":1,\"name\":\"Accueil\",\"item\":\"https:\\\/\\\/www.lactissima.com\\\/a-tire-d-ailes\\\/\"},{\"@type\":\"ListItem\",\"position\":2,\"name\":\"Allaitement et travail : le t\u00e9moignage de Virginie\"}]},{\"@type\":\"WebSite\",\"@id\":\"https:\\\/\\\/www.lactissima.com\\\/a-tire-d-ailes\\\/#website\",\"url\":\"https:\\\/\\\/www.lactissima.com\\\/a-tire-d-ailes\\\/\",\"name\":\"A tire d&#039;Ailes\",\"description\":\"Le blog des femmes qui allaitent et travaillent.\",\"potentialAction\":[{\"@type\":\"SearchAction\",\"target\":{\"@type\":\"EntryPoint\",\"urlTemplate\":\"https:\\\/\\\/www.lactissima.com\\\/a-tire-d-ailes\\\/?s={search_term_string}\"},\"query-input\":{\"@type\":\"PropertyValueSpecification\",\"valueRequired\":true,\"valueName\":\"search_term_string\"}}],\"inLanguage\":\"fr-FR\"},{\"@type\":\"Person\",\"@id\":\"https:\\\/\\\/www.lactissima.com\\\/a-tire-d-ailes\\\/#\\\/schema\\\/person\\\/8f98d3a89530861bc1240e6d53d44eed\",\"name\":\"V\u00e9ronique Darmangeat\",\"image\":{\"@type\":\"ImageObject\",\"inLanguage\":\"fr-FR\",\"@id\":\"https:\\\/\\\/secure.gravatar.com\\\/avatar\\\/268c99344c89cebfe4f5df5fa8be43068a18884fc76a29f3206fae98465b9cab?s=96&d=identicon&r=g\",\"url\":\"https:\\\/\\\/secure.gravatar.com\\\/avatar\\\/268c99344c89cebfe4f5df5fa8be43068a18884fc76a29f3206fae98465b9cab?s=96&d=identicon&r=g\",\"contentUrl\":\"https:\\\/\\\/secure.gravatar.com\\\/avatar\\\/268c99344c89cebfe4f5df5fa8be43068a18884fc76a29f3206fae98465b9cab?s=96&d=identicon&r=g\",\"caption\":\"V\u00e9ronique Darmangeat\"},\"sameAs\":[\"https:\\\/\\\/www.lactissima.com\\\/a-tire-d-ailes\",\"www.facebook.com\\\/consultante.en.lactation\"]}]}<\/script>\n<!-- \/ Yoast SEO plugin. -->","yoast_head_json":{"title":"Allaitement et travail : le t\u00e9moignage de Virginie","description":"Virginie a du se battre pour maintenir l'allaitement de sa fille, allergiques aux prot\u00e9ines de lait de vache et souffrant de grave reflux. La reprise du travail n'a pas \u00e9t\u00e9 simple.","robots":{"index":"index","follow":"follow","max-snippet":"max-snippet:-1","max-image-preview":"max-image-preview:large","max-video-preview":"max-video-preview:-1"},"canonical":"https:\/\/www.lactissima.com\/a-tire-d-ailes\/allaitement-travail-temoignage-virginie\/","og_locale":"fr_FR","og_type":"article","og_title":"Allaitement et travail : le t\u00e9moignage de Virginie","og_description":"Virginie a du se battre pour maintenir l'allaitement de sa fille, allergiques aux prot\u00e9ines de lait de vache et souffrant de grave reflux. La reprise du travail n'a pas \u00e9t\u00e9 simple.","og_url":"https:\/\/www.lactissima.com\/a-tire-d-ailes\/allaitement-travail-temoignage-virginie\/","og_site_name":"A tire d&#039;Ailes","article_publisher":"https:\/\/www.facebook.com\/consultante.en.lactation","article_author":"www.facebook.com\/consultante.en.lactation","article_published_time":"2014-07-30T08:24:39+00:00","og_image":[{"width":307,"height":230,"url":"https:\/\/www.lactissima.com\/a-tire-d-ailes\/wp-content\/uploads\/2014\/07\/alicia.jpg","type":"image\/jpeg"}],"author":"V\u00e9ronique Darmangeat","twitter_card":"summary_large_image","twitter_creator":"@VeroniqueIBCLC","twitter_site":"@VeroniqueIBCLC","twitter_misc":{"\u00c9crit par":"V\u00e9ronique Darmangeat","Dur\u00e9e de lecture estim\u00e9e":"12 minutes"},"schema":{"@context":"https:\/\/schema.org","@graph":[{"@type":"Article","@id":"https:\/\/www.lactissima.com\/a-tire-d-ailes\/allaitement-travail-temoignage-virginie\/#article","isPartOf":{"@id":"https:\/\/www.lactissima.com\/a-tire-d-ailes\/allaitement-travail-temoignage-virginie\/"},"author":{"name":"V\u00e9ronique Darmangeat","@id":"https:\/\/www.lactissima.com\/a-tire-d-ailes\/#\/schema\/person\/8f98d3a89530861bc1240e6d53d44eed"},"headline":"Allaitement et travail : le t\u00e9moignage de Virginie","datePublished":"2014-07-30T08:24:39+00:00","mainEntityOfPage":{"@id":"https:\/\/www.lactissima.com\/a-tire-d-ailes\/allaitement-travail-temoignage-virginie\/"},"wordCount":2517,"commentCount":28,"image":{"@id":"https:\/\/www.lactissima.com\/a-tire-d-ailes\/allaitement-travail-temoignage-virginie\/#primaryimage"},"thumbnailUrl":"https:\/\/www.lactissima.com\/a-tire-d-ailes\/wp-content\/uploads\/2014\/07\/alicia.jpg","articleSection":["t\u00e9moignages"],"inLanguage":"fr-FR","potentialAction":[{"@type":"CommentAction","name":"Comment","target":["https:\/\/www.lactissima.com\/a-tire-d-ailes\/allaitement-travail-temoignage-virginie\/#respond"]}]},{"@type":"WebPage","@id":"https:\/\/www.lactissima.com\/a-tire-d-ailes\/allaitement-travail-temoignage-virginie\/","url":"https:\/\/www.lactissima.com\/a-tire-d-ailes\/allaitement-travail-temoignage-virginie\/","name":"Allaitement et travail : le t\u00e9moignage de Virginie","isPartOf":{"@id":"https:\/\/www.lactissima.com\/a-tire-d-ailes\/#website"},"primaryImageOfPage":{"@id":"https:\/\/www.lactissima.com\/a-tire-d-ailes\/allaitement-travail-temoignage-virginie\/#primaryimage"},"image":{"@id":"https:\/\/www.lactissima.com\/a-tire-d-ailes\/allaitement-travail-temoignage-virginie\/#primaryimage"},"thumbnailUrl":"https:\/\/www.lactissima.com\/a-tire-d-ailes\/wp-content\/uploads\/2014\/07\/alicia.jpg","datePublished":"2014-07-30T08:24:39+00:00","author":{"@id":"https:\/\/www.lactissima.com\/a-tire-d-ailes\/#\/schema\/person\/8f98d3a89530861bc1240e6d53d44eed"},"description":"Virginie a du se battre pour maintenir l'allaitement de sa fille, allergiques aux prot\u00e9ines de lait de vache et souffrant de grave reflux. La reprise du travail n'a pas \u00e9t\u00e9 simple.","breadcrumb":{"@id":"https:\/\/www.lactissima.com\/a-tire-d-ailes\/allaitement-travail-temoignage-virginie\/#breadcrumb"},"inLanguage":"fr-FR","potentialAction":[{"@type":"ReadAction","target":["https:\/\/www.lactissima.com\/a-tire-d-ailes\/allaitement-travail-temoignage-virginie\/"]}]},{"@type":"ImageObject","inLanguage":"fr-FR","@id":"https:\/\/www.lactissima.com\/a-tire-d-ailes\/allaitement-travail-temoignage-virginie\/#primaryimage","url":"https:\/\/www.lactissima.com\/a-tire-d-ailes\/wp-content\/uploads\/2014\/07\/alicia.jpg","contentUrl":"https:\/\/www.lactissima.com\/a-tire-d-ailes\/wp-content\/uploads\/2014\/07\/alicia.jpg","width":307,"height":230,"caption":"travail et allaitement"},{"@type":"BreadcrumbList","@id":"https:\/\/www.lactissima.com\/a-tire-d-ailes\/allaitement-travail-temoignage-virginie\/#breadcrumb","itemListElement":[{"@type":"ListItem","position":1,"name":"Accueil","item":"https:\/\/www.lactissima.com\/a-tire-d-ailes\/"},{"@type":"ListItem","position":2,"name":"Allaitement et travail : le t\u00e9moignage de Virginie"}]},{"@type":"WebSite","@id":"https:\/\/www.lactissima.com\/a-tire-d-ailes\/#website","url":"https:\/\/www.lactissima.com\/a-tire-d-ailes\/","name":"A tire d&#039;Ailes","description":"Le blog des femmes qui allaitent et travaillent.","potentialAction":[{"@type":"SearchAction","target":{"@type":"EntryPoint","urlTemplate":"https:\/\/www.lactissima.com\/a-tire-d-ailes\/?s={search_term_string}"},"query-input":{"@type":"PropertyValueSpecification","valueRequired":true,"valueName":"search_term_string"}}],"inLanguage":"fr-FR"},{"@type":"Person","@id":"https:\/\/www.lactissima.com\/a-tire-d-ailes\/#\/schema\/person\/8f98d3a89530861bc1240e6d53d44eed","name":"V\u00e9ronique Darmangeat","image":{"@type":"ImageObject","inLanguage":"fr-FR","@id":"https:\/\/secure.gravatar.com\/avatar\/268c99344c89cebfe4f5df5fa8be43068a18884fc76a29f3206fae98465b9cab?s=96&d=identicon&r=g","url":"https:\/\/secure.gravatar.com\/avatar\/268c99344c89cebfe4f5df5fa8be43068a18884fc76a29f3206fae98465b9cab?s=96&d=identicon&r=g","contentUrl":"https:\/\/secure.gravatar.com\/avatar\/268c99344c89cebfe4f5df5fa8be43068a18884fc76a29f3206fae98465b9cab?s=96&d=identicon&r=g","caption":"V\u00e9ronique Darmangeat"},"sameAs":["https:\/\/www.lactissima.com\/a-tire-d-ailes","www.facebook.com\/consultante.en.lactation"]}]}},"_links":{"self":[{"href":"https:\/\/www.lactissima.com\/a-tire-d-ailes\/wp-json\/wp\/v2\/posts\/5865","targetHints":{"allow":["GET"]}}],"collection":[{"href":"https:\/\/www.lactissima.com\/a-tire-d-ailes\/wp-json\/wp\/v2\/posts"}],"about":[{"href":"https:\/\/www.lactissima.com\/a-tire-d-ailes\/wp-json\/wp\/v2\/types\/post"}],"author":[{"embeddable":true,"href":"https:\/\/www.lactissima.com\/a-tire-d-ailes\/wp-json\/wp\/v2\/users\/170"}],"replies":[{"embeddable":true,"href":"https:\/\/www.lactissima.com\/a-tire-d-ailes\/wp-json\/wp\/v2\/comments?post=5865"}],"version-history":[{"count":6,"href":"https:\/\/www.lactissima.com\/a-tire-d-ailes\/wp-json\/wp\/v2\/posts\/5865\/revisions"}],"predecessor-version":[{"id":5871,"href":"https:\/\/www.lactissima.com\/a-tire-d-ailes\/wp-json\/wp\/v2\/posts\/5865\/revisions\/5871"}],"wp:featuredmedia":[{"embeddable":true,"href":"https:\/\/www.lactissima.com\/a-tire-d-ailes\/wp-json\/wp\/v2\/media\/5863"}],"wp:attachment":[{"href":"https:\/\/www.lactissima.com\/a-tire-d-ailes\/wp-json\/wp\/v2\/media?parent=5865"}],"wp:term":[{"taxonomy":"category","embeddable":true,"href":"https:\/\/www.lactissima.com\/a-tire-d-ailes\/wp-json\/wp\/v2\/categories?post=5865"},{"taxonomy":"post_tag","embeddable":true,"href":"https:\/\/www.lactissima.com\/a-tire-d-ailes\/wp-json\/wp\/v2\/tags?post=5865"}],"curies":[{"name":"wp","href":"https:\/\/api.w.org\/{rel}","templated":true}]}}