{"id":5829,"date":"2014-07-09T15:29:00","date_gmt":"2014-07-09T13:29:00","guid":{"rendered":"https:\/\/www.lactissima.com\/a-tire-d-ailes\/?p=5829"},"modified":"2016-08-03T19:09:22","modified_gmt":"2016-08-03T17:09:22","slug":"medecine-du-travail-et-allaitement","status":"publish","type":"post","link":"https:\/\/www.lactissima.com\/a-tire-d-ailes\/medecine-du-travail-et-allaitement\/","title":{"rendered":"Le m\u00e9decin du travail, votre alli\u00e9 !"},"content":{"rendered":"<p style=\"text-align: justify;\"><img loading=\"lazy\" decoding=\"async\" class=\"alignright wp-image-5831 size-full\" src=\"https:\/\/www.lactissima.com\/a-tire-d-ailes\/wp-content\/uploads\/2014\/07\/m\u00e9decin-du-travail.jpg\" alt=\"m\u00e9decine du travail et allaitement\" width=\"339\" height=\"218\" srcset=\"https:\/\/www.lactissima.com\/a-tire-d-ailes\/wp-content\/uploads\/2014\/07\/m\u00e9decin-du-travail.jpg 339w, https:\/\/www.lactissima.com\/a-tire-d-ailes\/wp-content\/uploads\/2014\/07\/m\u00e9decin-du-travail-300x192.jpg 300w\" sizes=\"(max-width: 339px) 100vw, 339px\" \/>Acteur m\u00e9connu, le <strong>m\u00e9decin du travail<\/strong> peut avoir une place importante dans la poursuite de votre allaitement \u00e0 la reprise du travail.<\/p>\n<p style=\"text-align: justify;\">La m\u00e9decine du travail doit veiller sur la sant\u00e9 des salari\u00e9s de l&rsquo;entreprise. Dans ce cadre, la poursuite de l&rsquo;allaitement est un facteur important puisqu&rsquo;il vous permet une meilleure sant\u00e9 et prot\u00e8ge la sant\u00e9 de votre enfant. Les m\u00e9decins du travail sont donc en g\u00e9n\u00e9ral favorables \u00e0 la poursuite de l&rsquo;allaitement \u00e0 la reprise du travail.<\/p>\n<p style=\"text-align: justify;\">Dans le cadre de mon cabinet <a href=\"https:\/\/www.lactissima.com\/\" target=\"_blank\">Lactissima<\/a>, j&rsquo;ai rencontr\u00e9 de nombreux m\u00e9decins du travail. Il sont toujours en faveur de l&rsquo;allaitement mais manquent cruellement d&rsquo;informations pour vous soutenir efficacement. Ils peuvent m\u00eame ignorer qu&rsquo;il est possible de poursuivre l&rsquo;allaitement \u00e0 la reprise du travail.<\/p>\n<p style=\"text-align: justify;\">Cependant, ils sont g\u00e9n\u00e9ralement tr\u00e8s <strong>ouverts<\/strong> et vous pouvez aller les trouver lorsque vous cherchez un lieu pour tirer votre lait. Vous pouvez \u00e9galement leur apporter de l&rsquo;information, et m\u00eame pourquoi pas les coordonn\u00e9es de Lactissima \ud83d\ude42 .<br \/>\nIls acceptent la plupart du temps que vous tiriez votre lait dans le service de sant\u00e9 au travail (sauf si l&rsquo;espace ne s&rsquo;y pr\u00eate vraiment pas) et que vous utilisez leur r\u00e9frig\u00e9rateur pour y entreposer votre lait.<\/p>\n<p style=\"text-align: justify;\">Le m\u00e9decin du travail peut \u00e9galement \u00eatre un <strong>soutien<\/strong> si votre patron ne veut pas vous accorder vos pauses d&rsquo;allaitement.<\/p>\n<p style=\"text-align: justify;\">Donc n&rsquo;h\u00e9sitez pas \u00e0 contacter votre m\u00e9decin du travail !<\/p>\n<p style=\"text-align: justify;\">Et <strong>vous<\/strong>, votre m\u00e9decin du travail a t-il \u00e9t\u00e9 un alli\u00e9 ?<\/p>\n<p style=\"text-align: justify;\"><strong>Articles en rapport :<\/strong><\/p>\n<ul>\n<li><a href=\"https:\/\/www.lactissima.com\/a-tire-d-ailes\/problemes-dallaitement\/\" target=\"_blank\">6 probl\u00e8mes d&rsquo;allaitement que vous pouvez rencontrer au travail<\/a><\/li>\n<\/ul>\n<p>&nbsp;<\/p>\n","protected":false},"excerpt":{"rendered":"<p>Acteur m\u00e9connu, le m\u00e9decin du travail peut avoir une place importante dans la poursuite de votre allaitement \u00e0 la reprise du travail. La m\u00e9decine du travail doit veiller sur la sant\u00e9 des salari\u00e9s de l&rsquo;entreprise. Dans ce cadre, la poursuite de l&rsquo;allaitement est un facteur important puisqu&rsquo;il vous permet une meilleure sant\u00e9 et prot\u00e8ge la [&hellip;]<\/p>\n","protected":false},"author":170,"featured_media":5831,"comment_status":"open","ping_status":"open","sticky":false,"template":"","format":"standard","meta":{"_et_pb_use_builder":"","_et_pb_old_content":"","_et_gb_content_width":"","footnotes":""},"categories":[36,42],"tags":[144],"class_list":["post-5829","post","type-post","status-publish","format-standard","has-post-thumbnail","hentry","category-allaitement-et-travail","category-legislation","tag-lactissima"],"yoast_head":"<!-- This site is optimized with the Yoast SEO plugin v27.4 - https:\/\/yoast.com\/product\/yoast-seo-wordpress\/ -->\n<title>m\u00e9decine du travail et allaitement<\/title>\n<meta name=\"description\" content=\"M\u00e9decine du travail et allaitement, pourquoi pas ! Le m\u00e9decin du travail peut vous permettre de poursuivre l&#039;allaitement dans de meilleures conditions.\" \/>\n<meta name=\"robots\" content=\"index, follow, max-snippet:-1, max-image-preview:large, max-video-preview:-1\" \/>\n<link rel=\"canonical\" href=\"https:\/\/www.lactissima.com\/a-tire-d-ailes\/medecine-du-travail-et-allaitement\/\" \/>\n<meta property=\"og:locale\" content=\"fr_FR\" \/>\n<meta property=\"og:type\" content=\"article\" \/>\n<meta property=\"og:title\" content=\"m\u00e9decine du travail et allaitement\" \/>\n<meta property=\"og:description\" content=\"M\u00e9decine du travail et allaitement, pourquoi pas ! Le m\u00e9decin du travail peut vous permettre de poursuivre l&#039;allaitement dans de meilleures conditions.\" \/>\n<meta property=\"og:url\" content=\"https:\/\/www.lactissima.com\/a-tire-d-ailes\/medecine-du-travail-et-allaitement\/\" \/>\n<meta property=\"og:site_name\" content=\"A tire d&#039;Ailes\" \/>\n<meta property=\"article:publisher\" content=\"https:\/\/www.facebook.com\/consultante.en.lactation\" \/>\n<meta property=\"article:author\" content=\"www.facebook.com\/consultante.en.lactation\" \/>\n<meta property=\"article:published_time\" content=\"2014-07-09T13:29:00+00:00\" \/>\n<meta property=\"article:modified_time\" content=\"2016-08-03T17:09:22+00:00\" \/>\n<meta property=\"og:image\" content=\"https:\/\/www.lactissima.com\/a-tire-d-ailes\/wp-content\/uploads\/2014\/07\/m\u00e9decin-du-travail.jpg\" \/>\n\t<meta property=\"og:image:width\" content=\"339\" \/>\n\t<meta property=\"og:image:height\" content=\"218\" \/>\n\t<meta property=\"og:image:type\" content=\"image\/jpeg\" \/>\n<meta name=\"author\" content=\"V\u00e9ronique Darmangeat\" \/>\n<meta name=\"twitter:card\" content=\"summary_large_image\" \/>\n<meta name=\"twitter:creator\" content=\"@VeroniqueIBCLC\" \/>\n<meta name=\"twitter:site\" content=\"@VeroniqueIBCLC\" \/>\n<meta name=\"twitter:label1\" content=\"\u00c9crit par\" \/>\n\t<meta name=\"twitter:data1\" content=\"V\u00e9ronique Darmangeat\" \/>\n\t<meta name=\"twitter:label2\" content=\"Dur\u00e9e de lecture estim\u00e9e\" \/>\n\t<meta name=\"twitter:data2\" content=\"1 minute\" \/>\n<script type=\"application\/ld+json\" class=\"yoast-schema-graph\">{\"@context\":\"https:\\\/\\\/schema.org\",\"@graph\":[{\"@type\":\"Article\",\"@id\":\"https:\\\/\\\/www.lactissima.com\\\/a-tire-d-ailes\\\/medecine-du-travail-et-allaitement\\\/#article\",\"isPartOf\":{\"@id\":\"https:\\\/\\\/www.lactissima.com\\\/a-tire-d-ailes\\\/medecine-du-travail-et-allaitement\\\/\"},\"author\":{\"name\":\"V\u00e9ronique Darmangeat\",\"@id\":\"https:\\\/\\\/www.lactissima.com\\\/a-tire-d-ailes\\\/#\\\/schema\\\/person\\\/8f98d3a89530861bc1240e6d53d44eed\"},\"headline\":\"Le m\u00e9decin du travail, votre alli\u00e9 !\",\"datePublished\":\"2014-07-09T13:29:00+00:00\",\"dateModified\":\"2016-08-03T17:09:22+00:00\",\"mainEntityOfPage\":{\"@id\":\"https:\\\/\\\/www.lactissima.com\\\/a-tire-d-ailes\\\/medecine-du-travail-et-allaitement\\\/\"},\"wordCount\":288,\"commentCount\":21,\"image\":{\"@id\":\"https:\\\/\\\/www.lactissima.com\\\/a-tire-d-ailes\\\/medecine-du-travail-et-allaitement\\\/#primaryimage\"},\"thumbnailUrl\":\"https:\\\/\\\/www.lactissima.com\\\/a-tire-d-ailes\\\/wp-content\\\/uploads\\\/2014\\\/07\\\/m\u00e9decin-du-travail.jpg\",\"keywords\":[\"Lactissima\"],\"articleSection\":[\"Allaitement et Travail\",\"L\u00e9gislation\"],\"inLanguage\":\"fr-FR\",\"potentialAction\":[{\"@type\":\"CommentAction\",\"name\":\"Comment\",\"target\":[\"https:\\\/\\\/www.lactissima.com\\\/a-tire-d-ailes\\\/medecine-du-travail-et-allaitement\\\/#respond\"]}]},{\"@type\":\"WebPage\",\"@id\":\"https:\\\/\\\/www.lactissima.com\\\/a-tire-d-ailes\\\/medecine-du-travail-et-allaitement\\\/\",\"url\":\"https:\\\/\\\/www.lactissima.com\\\/a-tire-d-ailes\\\/medecine-du-travail-et-allaitement\\\/\",\"name\":\"m\u00e9decine du travail et allaitement\",\"isPartOf\":{\"@id\":\"https:\\\/\\\/www.lactissima.com\\\/a-tire-d-ailes\\\/#website\"},\"primaryImageOfPage\":{\"@id\":\"https:\\\/\\\/www.lactissima.com\\\/a-tire-d-ailes\\\/medecine-du-travail-et-allaitement\\\/#primaryimage\"},\"image\":{\"@id\":\"https:\\\/\\\/www.lactissima.com\\\/a-tire-d-ailes\\\/medecine-du-travail-et-allaitement\\\/#primaryimage\"},\"thumbnailUrl\":\"https:\\\/\\\/www.lactissima.com\\\/a-tire-d-ailes\\\/wp-content\\\/uploads\\\/2014\\\/07\\\/m\u00e9decin-du-travail.jpg\",\"datePublished\":\"2014-07-09T13:29:00+00:00\",\"dateModified\":\"2016-08-03T17:09:22+00:00\",\"author\":{\"@id\":\"https:\\\/\\\/www.lactissima.com\\\/a-tire-d-ailes\\\/#\\\/schema\\\/person\\\/8f98d3a89530861bc1240e6d53d44eed\"},\"description\":\"M\u00e9decine du travail et allaitement, pourquoi pas ! Le m\u00e9decin du travail peut vous permettre de poursuivre l'allaitement dans de meilleures conditions.\",\"breadcrumb\":{\"@id\":\"https:\\\/\\\/www.lactissima.com\\\/a-tire-d-ailes\\\/medecine-du-travail-et-allaitement\\\/#breadcrumb\"},\"inLanguage\":\"fr-FR\",\"potentialAction\":[{\"@type\":\"ReadAction\",\"target\":[\"https:\\\/\\\/www.lactissima.com\\\/a-tire-d-ailes\\\/medecine-du-travail-et-allaitement\\\/\"]}]},{\"@type\":\"ImageObject\",\"inLanguage\":\"fr-FR\",\"@id\":\"https:\\\/\\\/www.lactissima.com\\\/a-tire-d-ailes\\\/medecine-du-travail-et-allaitement\\\/#primaryimage\",\"url\":\"https:\\\/\\\/www.lactissima.com\\\/a-tire-d-ailes\\\/wp-content\\\/uploads\\\/2014\\\/07\\\/m\u00e9decin-du-travail.jpg\",\"contentUrl\":\"https:\\\/\\\/www.lactissima.com\\\/a-tire-d-ailes\\\/wp-content\\\/uploads\\\/2014\\\/07\\\/m\u00e9decin-du-travail.jpg\",\"width\":339,\"height\":218,\"caption\":\"m\u00e9decin du travail et allaitement\"},{\"@type\":\"BreadcrumbList\",\"@id\":\"https:\\\/\\\/www.lactissima.com\\\/a-tire-d-ailes\\\/medecine-du-travail-et-allaitement\\\/#breadcrumb\",\"itemListElement\":[{\"@type\":\"ListItem\",\"position\":1,\"name\":\"Accueil\",\"item\":\"https:\\\/\\\/www.lactissima.com\\\/a-tire-d-ailes\\\/\"},{\"@type\":\"ListItem\",\"position\":2,\"name\":\"Le m\u00e9decin du travail, votre alli\u00e9 !\"}]},{\"@type\":\"WebSite\",\"@id\":\"https:\\\/\\\/www.lactissima.com\\\/a-tire-d-ailes\\\/#website\",\"url\":\"https:\\\/\\\/www.lactissima.com\\\/a-tire-d-ailes\\\/\",\"name\":\"A tire d&#039;Ailes\",\"description\":\"Le blog des femmes qui allaitent et travaillent.\",\"potentialAction\":[{\"@type\":\"SearchAction\",\"target\":{\"@type\":\"EntryPoint\",\"urlTemplate\":\"https:\\\/\\\/www.lactissima.com\\\/a-tire-d-ailes\\\/?s={search_term_string}\"},\"query-input\":{\"@type\":\"PropertyValueSpecification\",\"valueRequired\":true,\"valueName\":\"search_term_string\"}}],\"inLanguage\":\"fr-FR\"},{\"@type\":\"Person\",\"@id\":\"https:\\\/\\\/www.lactissima.com\\\/a-tire-d-ailes\\\/#\\\/schema\\\/person\\\/8f98d3a89530861bc1240e6d53d44eed\",\"name\":\"V\u00e9ronique Darmangeat\",\"image\":{\"@type\":\"ImageObject\",\"inLanguage\":\"fr-FR\",\"@id\":\"https:\\\/\\\/secure.gravatar.com\\\/avatar\\\/268c99344c89cebfe4f5df5fa8be43068a18884fc76a29f3206fae98465b9cab?s=96&d=identicon&r=g\",\"url\":\"https:\\\/\\\/secure.gravatar.com\\\/avatar\\\/268c99344c89cebfe4f5df5fa8be43068a18884fc76a29f3206fae98465b9cab?s=96&d=identicon&r=g\",\"contentUrl\":\"https:\\\/\\\/secure.gravatar.com\\\/avatar\\\/268c99344c89cebfe4f5df5fa8be43068a18884fc76a29f3206fae98465b9cab?s=96&d=identicon&r=g\",\"caption\":\"V\u00e9ronique Darmangeat\"},\"sameAs\":[\"https:\\\/\\\/www.lactissima.com\\\/a-tire-d-ailes\",\"www.facebook.com\\\/consultante.en.lactation\"]}]}<\/script>\n<!-- \/ Yoast SEO plugin. -->","yoast_head_json":{"title":"m\u00e9decine du travail et allaitement","description":"M\u00e9decine du travail et allaitement, pourquoi pas ! Le m\u00e9decin du travail peut vous permettre de poursuivre l'allaitement dans de meilleures conditions.","robots":{"index":"index","follow":"follow","max-snippet":"max-snippet:-1","max-image-preview":"max-image-preview:large","max-video-preview":"max-video-preview:-1"},"canonical":"https:\/\/www.lactissima.com\/a-tire-d-ailes\/medecine-du-travail-et-allaitement\/","og_locale":"fr_FR","og_type":"article","og_title":"m\u00e9decine du travail et allaitement","og_description":"M\u00e9decine du travail et allaitement, pourquoi pas ! Le m\u00e9decin du travail peut vous permettre de poursuivre l'allaitement dans de meilleures conditions.","og_url":"https:\/\/www.lactissima.com\/a-tire-d-ailes\/medecine-du-travail-et-allaitement\/","og_site_name":"A tire d&#039;Ailes","article_publisher":"https:\/\/www.facebook.com\/consultante.en.lactation","article_author":"www.facebook.com\/consultante.en.lactation","article_published_time":"2014-07-09T13:29:00+00:00","article_modified_time":"2016-08-03T17:09:22+00:00","og_image":[{"width":339,"height":218,"url":"https:\/\/www.lactissima.com\/a-tire-d-ailes\/wp-content\/uploads\/2014\/07\/m\u00e9decin-du-travail.jpg","type":"image\/jpeg"}],"author":"V\u00e9ronique Darmangeat","twitter_card":"summary_large_image","twitter_creator":"@VeroniqueIBCLC","twitter_site":"@VeroniqueIBCLC","twitter_misc":{"\u00c9crit par":"V\u00e9ronique Darmangeat","Dur\u00e9e de lecture estim\u00e9e":"1 minute"},"schema":{"@context":"https:\/\/schema.org","@graph":[{"@type":"Article","@id":"https:\/\/www.lactissima.com\/a-tire-d-ailes\/medecine-du-travail-et-allaitement\/#article","isPartOf":{"@id":"https:\/\/www.lactissima.com\/a-tire-d-ailes\/medecine-du-travail-et-allaitement\/"},"author":{"name":"V\u00e9ronique Darmangeat","@id":"https:\/\/www.lactissima.com\/a-tire-d-ailes\/#\/schema\/person\/8f98d3a89530861bc1240e6d53d44eed"},"headline":"Le m\u00e9decin du travail, votre alli\u00e9 !","datePublished":"2014-07-09T13:29:00+00:00","dateModified":"2016-08-03T17:09:22+00:00","mainEntityOfPage":{"@id":"https:\/\/www.lactissima.com\/a-tire-d-ailes\/medecine-du-travail-et-allaitement\/"},"wordCount":288,"commentCount":21,"image":{"@id":"https:\/\/www.lactissima.com\/a-tire-d-ailes\/medecine-du-travail-et-allaitement\/#primaryimage"},"thumbnailUrl":"https:\/\/www.lactissima.com\/a-tire-d-ailes\/wp-content\/uploads\/2014\/07\/m\u00e9decin-du-travail.jpg","keywords":["Lactissima"],"articleSection":["Allaitement et Travail","L\u00e9gislation"],"inLanguage":"fr-FR","potentialAction":[{"@type":"CommentAction","name":"Comment","target":["https:\/\/www.lactissima.com\/a-tire-d-ailes\/medecine-du-travail-et-allaitement\/#respond"]}]},{"@type":"WebPage","@id":"https:\/\/www.lactissima.com\/a-tire-d-ailes\/medecine-du-travail-et-allaitement\/","url":"https:\/\/www.lactissima.com\/a-tire-d-ailes\/medecine-du-travail-et-allaitement\/","name":"m\u00e9decine du travail et allaitement","isPartOf":{"@id":"https:\/\/www.lactissima.com\/a-tire-d-ailes\/#website"},"primaryImageOfPage":{"@id":"https:\/\/www.lactissima.com\/a-tire-d-ailes\/medecine-du-travail-et-allaitement\/#primaryimage"},"image":{"@id":"https:\/\/www.lactissima.com\/a-tire-d-ailes\/medecine-du-travail-et-allaitement\/#primaryimage"},"thumbnailUrl":"https:\/\/www.lactissima.com\/a-tire-d-ailes\/wp-content\/uploads\/2014\/07\/m\u00e9decin-du-travail.jpg","datePublished":"2014-07-09T13:29:00+00:00","dateModified":"2016-08-03T17:09:22+00:00","author":{"@id":"https:\/\/www.lactissima.com\/a-tire-d-ailes\/#\/schema\/person\/8f98d3a89530861bc1240e6d53d44eed"},"description":"M\u00e9decine du travail et allaitement, pourquoi pas ! Le m\u00e9decin du travail peut vous permettre de poursuivre l'allaitement dans de meilleures conditions.","breadcrumb":{"@id":"https:\/\/www.lactissima.com\/a-tire-d-ailes\/medecine-du-travail-et-allaitement\/#breadcrumb"},"inLanguage":"fr-FR","potentialAction":[{"@type":"ReadAction","target":["https:\/\/www.lactissima.com\/a-tire-d-ailes\/medecine-du-travail-et-allaitement\/"]}]},{"@type":"ImageObject","inLanguage":"fr-FR","@id":"https:\/\/www.lactissima.com\/a-tire-d-ailes\/medecine-du-travail-et-allaitement\/#primaryimage","url":"https:\/\/www.lactissima.com\/a-tire-d-ailes\/wp-content\/uploads\/2014\/07\/m\u00e9decin-du-travail.jpg","contentUrl":"https:\/\/www.lactissima.com\/a-tire-d-ailes\/wp-content\/uploads\/2014\/07\/m\u00e9decin-du-travail.jpg","width":339,"height":218,"caption":"m\u00e9decin du travail et allaitement"},{"@type":"BreadcrumbList","@id":"https:\/\/www.lactissima.com\/a-tire-d-ailes\/medecine-du-travail-et-allaitement\/#breadcrumb","itemListElement":[{"@type":"ListItem","position":1,"name":"Accueil","item":"https:\/\/www.lactissima.com\/a-tire-d-ailes\/"},{"@type":"ListItem","position":2,"name":"Le m\u00e9decin du travail, votre alli\u00e9 !"}]},{"@type":"WebSite","@id":"https:\/\/www.lactissima.com\/a-tire-d-ailes\/#website","url":"https:\/\/www.lactissima.com\/a-tire-d-ailes\/","name":"A tire d&#039;Ailes","description":"Le blog des femmes qui allaitent et travaillent.","potentialAction":[{"@type":"SearchAction","target":{"@type":"EntryPoint","urlTemplate":"https:\/\/www.lactissima.com\/a-tire-d-ailes\/?s={search_term_string}"},"query-input":{"@type":"PropertyValueSpecification","valueRequired":true,"valueName":"search_term_string"}}],"inLanguage":"fr-FR"},{"@type":"Person","@id":"https:\/\/www.lactissima.com\/a-tire-d-ailes\/#\/schema\/person\/8f98d3a89530861bc1240e6d53d44eed","name":"V\u00e9ronique Darmangeat","image":{"@type":"ImageObject","inLanguage":"fr-FR","@id":"https:\/\/secure.gravatar.com\/avatar\/268c99344c89cebfe4f5df5fa8be43068a18884fc76a29f3206fae98465b9cab?s=96&d=identicon&r=g","url":"https:\/\/secure.gravatar.com\/avatar\/268c99344c89cebfe4f5df5fa8be43068a18884fc76a29f3206fae98465b9cab?s=96&d=identicon&r=g","contentUrl":"https:\/\/secure.gravatar.com\/avatar\/268c99344c89cebfe4f5df5fa8be43068a18884fc76a29f3206fae98465b9cab?s=96&d=identicon&r=g","caption":"V\u00e9ronique Darmangeat"},"sameAs":["https:\/\/www.lactissima.com\/a-tire-d-ailes","www.facebook.com\/consultante.en.lactation"]}]}},"_links":{"self":[{"href":"https:\/\/www.lactissima.com\/a-tire-d-ailes\/wp-json\/wp\/v2\/posts\/5829","targetHints":{"allow":["GET"]}}],"collection":[{"href":"https:\/\/www.lactissima.com\/a-tire-d-ailes\/wp-json\/wp\/v2\/posts"}],"about":[{"href":"https:\/\/www.lactissima.com\/a-tire-d-ailes\/wp-json\/wp\/v2\/types\/post"}],"author":[{"embeddable":true,"href":"https:\/\/www.lactissima.com\/a-tire-d-ailes\/wp-json\/wp\/v2\/users\/170"}],"replies":[{"embeddable":true,"href":"https:\/\/www.lactissima.com\/a-tire-d-ailes\/wp-json\/wp\/v2\/comments?post=5829"}],"version-history":[{"count":6,"href":"https:\/\/www.lactissima.com\/a-tire-d-ailes\/wp-json\/wp\/v2\/posts\/5829\/revisions"}],"predecessor-version":[{"id":5836,"href":"https:\/\/www.lactissima.com\/a-tire-d-ailes\/wp-json\/wp\/v2\/posts\/5829\/revisions\/5836"}],"wp:featuredmedia":[{"embeddable":true,"href":"https:\/\/www.lactissima.com\/a-tire-d-ailes\/wp-json\/wp\/v2\/media\/5831"}],"wp:attachment":[{"href":"https:\/\/www.lactissima.com\/a-tire-d-ailes\/wp-json\/wp\/v2\/media?parent=5829"}],"wp:term":[{"taxonomy":"category","embeddable":true,"href":"https:\/\/www.lactissima.com\/a-tire-d-ailes\/wp-json\/wp\/v2\/categories?post=5829"},{"taxonomy":"post_tag","embeddable":true,"href":"https:\/\/www.lactissima.com\/a-tire-d-ailes\/wp-json\/wp\/v2\/tags?post=5829"}],"curies":[{"name":"wp","href":"https:\/\/api.w.org\/{rel}","templated":true}]}}