{"id":5794,"date":"2014-06-14T12:04:51","date_gmt":"2014-06-14T10:04:51","guid":{"rendered":"https:\/\/www.lactissima.com\/a-tire-d-ailes\/?p=5794"},"modified":"2016-08-03T19:09:41","modified_gmt":"2016-08-03T17:09:41","slug":"petit-memo-conjuguer-allaitement-travail-nuit","status":"publish","type":"post","link":"https:\/\/www.lactissima.com\/a-tire-d-ailes\/petit-memo-conjuguer-allaitement-travail-nuit\/","title":{"rendered":"Petit m\u00e9mo pour conjuguer allaitement et travail de nuit"},"content":{"rendered":"<p><img loading=\"lazy\" decoding=\"async\" class=\"aligncenter wp-image-5798 size-full\" src=\"https:\/\/www.lactissima.com\/a-tire-d-ailes\/wp-content\/uploads\/2014\/06\/infirmi\u00e8re.jpg\" alt=\"allaitement et travail de nuit\" width=\"332\" height=\"243\" srcset=\"https:\/\/www.lactissima.com\/a-tire-d-ailes\/wp-content\/uploads\/2014\/06\/infirmi\u00e8re.jpg 332w, https:\/\/www.lactissima.com\/a-tire-d-ailes\/wp-content\/uploads\/2014\/06\/infirmi\u00e8re-300x219.jpg 300w\" sizes=\"(max-width: 332px) 100vw, 332px\" \/><\/p>\n<p style=\"text-align: justify;\">Voici la s\u00e9rie de points \u00e0 consid\u00e9rer lorsque l&rsquo;on veut conjuguer <a href=\"https:\/\/www.lactissima.com\/a-tire-d-ailes\/allaitement-et-travail-de-nuit\/\" target=\"_blank\">allaitement et travail de nuit<\/a> :<\/p>\n<ul style=\"text-align: justify;\">\n<li>Est-ce un <strong>rythme<\/strong> choisi par vous ?<\/li>\n<li>C&rsquo;est un rythme de travail qui convient tr\u00e8s bien \u00e0 certaines mamans.<\/li>\n<li>Pensez \u00e0 <strong>dormir<\/strong> le plus possible car ce n&rsquo;est pas toujours facile de r\u00e9cup\u00e9rer.<\/li>\n<li>Pensez \u00e0 manger <strong>\u00e9quilibr\u00e9<\/strong> car une mauvaise alimentation fatigue.<\/li>\n<li>Vous pouvez choisir de faire un <a href=\"https:\/\/www.lactissima.com\/a-tire-d-ailes\/6-trucs-reprendre-travail-en-allaitement-mixte\/\" target=\"_blank\">allaitement mixte<\/a>,<\/li>\n<li>ou de <a href=\"https:\/\/www.lactissima.com\/a-tire-d-ailes\/comment-tirer-son-lait\/\" target=\"_blank\">tirer votre lait<\/a> au travail pour qu&rsquo;il soit donn\u00e9 en journ\u00e9e,<\/li>\n<li>ou que la personne qui s&rsquo;occupe de votre enfant vous l&rsquo;am\u00e8ne pour les t\u00e9t\u00e9es pendant votre <strong>sommeil<\/strong>.<\/li>\n<li>Si votre b\u00e9b\u00e9 ne fait pas ses nuits, vous devez lui pr\u00e9voir du lait, soit du lait maternel tir\u00e9 au travail, soit une pr\u00e9paration pour nourrisson.<\/li>\n<li>Si vous faites un allaitement mixte, prenez soin de vos seins et \u00e9vitez les <a href=\"https:\/\/www.lactissima.com\/a-tire-d-ailes\/engorgement\/\" target=\"_blank\">engorgements<\/a>.<\/li>\n<\/ul>\n<p style=\"text-align: justify;\">Et <strong>vous<\/strong>, comment avez-vous r\u00e9ussi \u00e0 concilier allaitement et travail de nuit .<\/p>\n<p style=\"text-align: justify;\"><strong>Articles en rapport :<\/strong><\/p>\n<ul style=\"text-align: justify;\">\n<li><a href=\"https:\/\/www.lactissima.com\/a-tire-d-ailes\/allaitement-et-travail-de-nuit\/\" target=\"_blank\">Allaitement et travail de nuit<\/a><\/li>\n<\/ul>\n<p style=\"text-align: justify;\">\n","protected":false},"excerpt":{"rendered":"<p>Voici la s\u00e9rie de points \u00e0 consid\u00e9rer lorsque l&rsquo;on veut conjuguer allaitement et travail de nuit : Est-ce un rythme choisi par vous ? C&rsquo;est un rythme de travail qui convient tr\u00e8s bien \u00e0 certaines mamans. Pensez \u00e0 dormir le plus possible car ce n&rsquo;est pas toujours facile de r\u00e9cup\u00e9rer. Pensez \u00e0 manger \u00e9quilibr\u00e9 car [&hellip;]<\/p>\n","protected":false},"author":170,"featured_media":5798,"comment_status":"open","ping_status":"open","sticky":false,"template":"","format":"standard","meta":{"_et_pb_use_builder":"","_et_pb_old_content":"","_et_gb_content_width":"","footnotes":""},"categories":[36,37,45],"tags":[621,89,92,72],"class_list":["post-5794","post","type-post","status-publish","format-standard","has-post-thumbnail","hentry","category-allaitement-et-travail","category-articulation-vie-professionnelle-vie-famille","category-travail-des-femmes","tag-allaitement-et-travail-de-nuit","tag-allaitement-mixte","tag-engorgement","tag-tirer-son-lait"],"yoast_head":"<!-- This site is optimized with the Yoast SEO plugin v27.4 - https:\/\/yoast.com\/product\/yoast-seo-wordpress\/ -->\n<title>Petit m\u00e9mo pour conjuguer allaitement et travail de nuit<\/title>\n<meta name=\"description\" content=\"Allaitement et travail de nuit sont compatibles, voici quelques points pour vous aider.\" \/>\n<meta name=\"robots\" content=\"index, follow, max-snippet:-1, max-image-preview:large, max-video-preview:-1\" \/>\n<link rel=\"canonical\" href=\"https:\/\/www.lactissima.com\/a-tire-d-ailes\/petit-memo-conjuguer-allaitement-travail-nuit\/\" \/>\n<meta property=\"og:locale\" content=\"fr_FR\" \/>\n<meta property=\"og:type\" content=\"article\" \/>\n<meta property=\"og:title\" content=\"Petit m\u00e9mo pour conjuguer allaitement et travail de nuit\" \/>\n<meta property=\"og:description\" content=\"Allaitement et travail de nuit sont compatibles, voici quelques points pour vous aider.\" \/>\n<meta property=\"og:url\" content=\"https:\/\/www.lactissima.com\/a-tire-d-ailes\/petit-memo-conjuguer-allaitement-travail-nuit\/\" \/>\n<meta property=\"og:site_name\" content=\"A tire d&#039;Ailes\" \/>\n<meta property=\"article:publisher\" content=\"https:\/\/www.facebook.com\/consultante.en.lactation\" \/>\n<meta property=\"article:author\" content=\"www.facebook.com\/consultante.en.lactation\" \/>\n<meta property=\"article:published_time\" content=\"2014-06-14T10:04:51+00:00\" \/>\n<meta property=\"article:modified_time\" content=\"2016-08-03T17:09:41+00:00\" \/>\n<meta property=\"og:image\" content=\"https:\/\/www.lactissima.com\/a-tire-d-ailes\/wp-content\/uploads\/2014\/06\/infirmi\u00e8re.jpg\" \/>\n\t<meta property=\"og:image:width\" content=\"332\" \/>\n\t<meta property=\"og:image:height\" content=\"243\" \/>\n\t<meta property=\"og:image:type\" content=\"image\/jpeg\" \/>\n<meta name=\"author\" content=\"V\u00e9ronique Darmangeat\" \/>\n<meta name=\"twitter:card\" content=\"summary_large_image\" \/>\n<meta name=\"twitter:creator\" content=\"@VeroniqueIBCLC\" \/>\n<meta name=\"twitter:site\" content=\"@VeroniqueIBCLC\" \/>\n<meta name=\"twitter:label1\" content=\"\u00c9crit par\" \/>\n\t<meta name=\"twitter:data1\" content=\"V\u00e9ronique Darmangeat\" \/>\n\t<meta name=\"twitter:label2\" content=\"Dur\u00e9e de lecture estim\u00e9e\" \/>\n\t<meta name=\"twitter:data2\" content=\"1 minute\" \/>\n<script type=\"application\/ld+json\" class=\"yoast-schema-graph\">{\"@context\":\"https:\\\/\\\/schema.org\",\"@graph\":[{\"@type\":\"Article\",\"@id\":\"https:\\\/\\\/www.lactissima.com\\\/a-tire-d-ailes\\\/petit-memo-conjuguer-allaitement-travail-nuit\\\/#article\",\"isPartOf\":{\"@id\":\"https:\\\/\\\/www.lactissima.com\\\/a-tire-d-ailes\\\/petit-memo-conjuguer-allaitement-travail-nuit\\\/\"},\"author\":{\"name\":\"V\u00e9ronique Darmangeat\",\"@id\":\"https:\\\/\\\/www.lactissima.com\\\/a-tire-d-ailes\\\/#\\\/schema\\\/person\\\/8f98d3a89530861bc1240e6d53d44eed\"},\"headline\":\"Petit m\u00e9mo pour conjuguer allaitement et travail de nuit\",\"datePublished\":\"2014-06-14T10:04:51+00:00\",\"dateModified\":\"2016-08-03T17:09:41+00:00\",\"mainEntityOfPage\":{\"@id\":\"https:\\\/\\\/www.lactissima.com\\\/a-tire-d-ailes\\\/petit-memo-conjuguer-allaitement-travail-nuit\\\/\"},\"wordCount\":180,\"commentCount\":21,\"image\":{\"@id\":\"https:\\\/\\\/www.lactissima.com\\\/a-tire-d-ailes\\\/petit-memo-conjuguer-allaitement-travail-nuit\\\/#primaryimage\"},\"thumbnailUrl\":\"https:\\\/\\\/www.lactissima.com\\\/a-tire-d-ailes\\\/wp-content\\\/uploads\\\/2014\\\/06\\\/infirmi\u00e8re.jpg\",\"keywords\":[\"allaitement et travail de nuit\",\"allaitement mixte\",\"engorgement\",\"tirer son lait\"],\"articleSection\":[\"Allaitement et Travail\",\"Articulation Vie Professionnelle Vie Famille\",\"Travail des femmes\"],\"inLanguage\":\"fr-FR\",\"potentialAction\":[{\"@type\":\"CommentAction\",\"name\":\"Comment\",\"target\":[\"https:\\\/\\\/www.lactissima.com\\\/a-tire-d-ailes\\\/petit-memo-conjuguer-allaitement-travail-nuit\\\/#respond\"]}]},{\"@type\":\"WebPage\",\"@id\":\"https:\\\/\\\/www.lactissima.com\\\/a-tire-d-ailes\\\/petit-memo-conjuguer-allaitement-travail-nuit\\\/\",\"url\":\"https:\\\/\\\/www.lactissima.com\\\/a-tire-d-ailes\\\/petit-memo-conjuguer-allaitement-travail-nuit\\\/\",\"name\":\"Petit m\u00e9mo pour conjuguer allaitement et travail de nuit\",\"isPartOf\":{\"@id\":\"https:\\\/\\\/www.lactissima.com\\\/a-tire-d-ailes\\\/#website\"},\"primaryImageOfPage\":{\"@id\":\"https:\\\/\\\/www.lactissima.com\\\/a-tire-d-ailes\\\/petit-memo-conjuguer-allaitement-travail-nuit\\\/#primaryimage\"},\"image\":{\"@id\":\"https:\\\/\\\/www.lactissima.com\\\/a-tire-d-ailes\\\/petit-memo-conjuguer-allaitement-travail-nuit\\\/#primaryimage\"},\"thumbnailUrl\":\"https:\\\/\\\/www.lactissima.com\\\/a-tire-d-ailes\\\/wp-content\\\/uploads\\\/2014\\\/06\\\/infirmi\u00e8re.jpg\",\"datePublished\":\"2014-06-14T10:04:51+00:00\",\"dateModified\":\"2016-08-03T17:09:41+00:00\",\"author\":{\"@id\":\"https:\\\/\\\/www.lactissima.com\\\/a-tire-d-ailes\\\/#\\\/schema\\\/person\\\/8f98d3a89530861bc1240e6d53d44eed\"},\"description\":\"Allaitement et travail de nuit sont compatibles, voici quelques points pour vous aider.\",\"breadcrumb\":{\"@id\":\"https:\\\/\\\/www.lactissima.com\\\/a-tire-d-ailes\\\/petit-memo-conjuguer-allaitement-travail-nuit\\\/#breadcrumb\"},\"inLanguage\":\"fr-FR\",\"potentialAction\":[{\"@type\":\"ReadAction\",\"target\":[\"https:\\\/\\\/www.lactissima.com\\\/a-tire-d-ailes\\\/petit-memo-conjuguer-allaitement-travail-nuit\\\/\"]}]},{\"@type\":\"ImageObject\",\"inLanguage\":\"fr-FR\",\"@id\":\"https:\\\/\\\/www.lactissima.com\\\/a-tire-d-ailes\\\/petit-memo-conjuguer-allaitement-travail-nuit\\\/#primaryimage\",\"url\":\"https:\\\/\\\/www.lactissima.com\\\/a-tire-d-ailes\\\/wp-content\\\/uploads\\\/2014\\\/06\\\/infirmi\u00e8re.jpg\",\"contentUrl\":\"https:\\\/\\\/www.lactissima.com\\\/a-tire-d-ailes\\\/wp-content\\\/uploads\\\/2014\\\/06\\\/infirmi\u00e8re.jpg\",\"width\":332,\"height\":243,\"caption\":\"allaitement et travail de nuit\"},{\"@type\":\"BreadcrumbList\",\"@id\":\"https:\\\/\\\/www.lactissima.com\\\/a-tire-d-ailes\\\/petit-memo-conjuguer-allaitement-travail-nuit\\\/#breadcrumb\",\"itemListElement\":[{\"@type\":\"ListItem\",\"position\":1,\"name\":\"Accueil\",\"item\":\"https:\\\/\\\/www.lactissima.com\\\/a-tire-d-ailes\\\/\"},{\"@type\":\"ListItem\",\"position\":2,\"name\":\"Petit m\u00e9mo pour conjuguer allaitement et travail de nuit\"}]},{\"@type\":\"WebSite\",\"@id\":\"https:\\\/\\\/www.lactissima.com\\\/a-tire-d-ailes\\\/#website\",\"url\":\"https:\\\/\\\/www.lactissima.com\\\/a-tire-d-ailes\\\/\",\"name\":\"A tire d&#039;Ailes\",\"description\":\"Le blog des femmes qui allaitent et travaillent.\",\"potentialAction\":[{\"@type\":\"SearchAction\",\"target\":{\"@type\":\"EntryPoint\",\"urlTemplate\":\"https:\\\/\\\/www.lactissima.com\\\/a-tire-d-ailes\\\/?s={search_term_string}\"},\"query-input\":{\"@type\":\"PropertyValueSpecification\",\"valueRequired\":true,\"valueName\":\"search_term_string\"}}],\"inLanguage\":\"fr-FR\"},{\"@type\":\"Person\",\"@id\":\"https:\\\/\\\/www.lactissima.com\\\/a-tire-d-ailes\\\/#\\\/schema\\\/person\\\/8f98d3a89530861bc1240e6d53d44eed\",\"name\":\"V\u00e9ronique Darmangeat\",\"image\":{\"@type\":\"ImageObject\",\"inLanguage\":\"fr-FR\",\"@id\":\"https:\\\/\\\/secure.gravatar.com\\\/avatar\\\/268c99344c89cebfe4f5df5fa8be43068a18884fc76a29f3206fae98465b9cab?s=96&d=identicon&r=g\",\"url\":\"https:\\\/\\\/secure.gravatar.com\\\/avatar\\\/268c99344c89cebfe4f5df5fa8be43068a18884fc76a29f3206fae98465b9cab?s=96&d=identicon&r=g\",\"contentUrl\":\"https:\\\/\\\/secure.gravatar.com\\\/avatar\\\/268c99344c89cebfe4f5df5fa8be43068a18884fc76a29f3206fae98465b9cab?s=96&d=identicon&r=g\",\"caption\":\"V\u00e9ronique Darmangeat\"},\"sameAs\":[\"https:\\\/\\\/www.lactissima.com\\\/a-tire-d-ailes\",\"www.facebook.com\\\/consultante.en.lactation\"]}]}<\/script>\n<!-- \/ Yoast SEO plugin. -->","yoast_head_json":{"title":"Petit m\u00e9mo pour conjuguer allaitement et travail de nuit","description":"Allaitement et travail de nuit sont compatibles, voici quelques points pour vous aider.","robots":{"index":"index","follow":"follow","max-snippet":"max-snippet:-1","max-image-preview":"max-image-preview:large","max-video-preview":"max-video-preview:-1"},"canonical":"https:\/\/www.lactissima.com\/a-tire-d-ailes\/petit-memo-conjuguer-allaitement-travail-nuit\/","og_locale":"fr_FR","og_type":"article","og_title":"Petit m\u00e9mo pour conjuguer allaitement et travail de nuit","og_description":"Allaitement et travail de nuit sont compatibles, voici quelques points pour vous aider.","og_url":"https:\/\/www.lactissima.com\/a-tire-d-ailes\/petit-memo-conjuguer-allaitement-travail-nuit\/","og_site_name":"A tire d&#039;Ailes","article_publisher":"https:\/\/www.facebook.com\/consultante.en.lactation","article_author":"www.facebook.com\/consultante.en.lactation","article_published_time":"2014-06-14T10:04:51+00:00","article_modified_time":"2016-08-03T17:09:41+00:00","og_image":[{"width":332,"height":243,"url":"https:\/\/www.lactissima.com\/a-tire-d-ailes\/wp-content\/uploads\/2014\/06\/infirmi\u00e8re.jpg","type":"image\/jpeg"}],"author":"V\u00e9ronique Darmangeat","twitter_card":"summary_large_image","twitter_creator":"@VeroniqueIBCLC","twitter_site":"@VeroniqueIBCLC","twitter_misc":{"\u00c9crit par":"V\u00e9ronique Darmangeat","Dur\u00e9e de lecture estim\u00e9e":"1 minute"},"schema":{"@context":"https:\/\/schema.org","@graph":[{"@type":"Article","@id":"https:\/\/www.lactissima.com\/a-tire-d-ailes\/petit-memo-conjuguer-allaitement-travail-nuit\/#article","isPartOf":{"@id":"https:\/\/www.lactissima.com\/a-tire-d-ailes\/petit-memo-conjuguer-allaitement-travail-nuit\/"},"author":{"name":"V\u00e9ronique Darmangeat","@id":"https:\/\/www.lactissima.com\/a-tire-d-ailes\/#\/schema\/person\/8f98d3a89530861bc1240e6d53d44eed"},"headline":"Petit m\u00e9mo pour conjuguer allaitement et travail de nuit","datePublished":"2014-06-14T10:04:51+00:00","dateModified":"2016-08-03T17:09:41+00:00","mainEntityOfPage":{"@id":"https:\/\/www.lactissima.com\/a-tire-d-ailes\/petit-memo-conjuguer-allaitement-travail-nuit\/"},"wordCount":180,"commentCount":21,"image":{"@id":"https:\/\/www.lactissima.com\/a-tire-d-ailes\/petit-memo-conjuguer-allaitement-travail-nuit\/#primaryimage"},"thumbnailUrl":"https:\/\/www.lactissima.com\/a-tire-d-ailes\/wp-content\/uploads\/2014\/06\/infirmi\u00e8re.jpg","keywords":["allaitement et travail de nuit","allaitement mixte","engorgement","tirer son lait"],"articleSection":["Allaitement et Travail","Articulation Vie Professionnelle Vie Famille","Travail des femmes"],"inLanguage":"fr-FR","potentialAction":[{"@type":"CommentAction","name":"Comment","target":["https:\/\/www.lactissima.com\/a-tire-d-ailes\/petit-memo-conjuguer-allaitement-travail-nuit\/#respond"]}]},{"@type":"WebPage","@id":"https:\/\/www.lactissima.com\/a-tire-d-ailes\/petit-memo-conjuguer-allaitement-travail-nuit\/","url":"https:\/\/www.lactissima.com\/a-tire-d-ailes\/petit-memo-conjuguer-allaitement-travail-nuit\/","name":"Petit m\u00e9mo pour conjuguer allaitement et travail de nuit","isPartOf":{"@id":"https:\/\/www.lactissima.com\/a-tire-d-ailes\/#website"},"primaryImageOfPage":{"@id":"https:\/\/www.lactissima.com\/a-tire-d-ailes\/petit-memo-conjuguer-allaitement-travail-nuit\/#primaryimage"},"image":{"@id":"https:\/\/www.lactissima.com\/a-tire-d-ailes\/petit-memo-conjuguer-allaitement-travail-nuit\/#primaryimage"},"thumbnailUrl":"https:\/\/www.lactissima.com\/a-tire-d-ailes\/wp-content\/uploads\/2014\/06\/infirmi\u00e8re.jpg","datePublished":"2014-06-14T10:04:51+00:00","dateModified":"2016-08-03T17:09:41+00:00","author":{"@id":"https:\/\/www.lactissima.com\/a-tire-d-ailes\/#\/schema\/person\/8f98d3a89530861bc1240e6d53d44eed"},"description":"Allaitement et travail de nuit sont compatibles, voici quelques points pour vous aider.","breadcrumb":{"@id":"https:\/\/www.lactissima.com\/a-tire-d-ailes\/petit-memo-conjuguer-allaitement-travail-nuit\/#breadcrumb"},"inLanguage":"fr-FR","potentialAction":[{"@type":"ReadAction","target":["https:\/\/www.lactissima.com\/a-tire-d-ailes\/petit-memo-conjuguer-allaitement-travail-nuit\/"]}]},{"@type":"ImageObject","inLanguage":"fr-FR","@id":"https:\/\/www.lactissima.com\/a-tire-d-ailes\/petit-memo-conjuguer-allaitement-travail-nuit\/#primaryimage","url":"https:\/\/www.lactissima.com\/a-tire-d-ailes\/wp-content\/uploads\/2014\/06\/infirmi\u00e8re.jpg","contentUrl":"https:\/\/www.lactissima.com\/a-tire-d-ailes\/wp-content\/uploads\/2014\/06\/infirmi\u00e8re.jpg","width":332,"height":243,"caption":"allaitement et travail de nuit"},{"@type":"BreadcrumbList","@id":"https:\/\/www.lactissima.com\/a-tire-d-ailes\/petit-memo-conjuguer-allaitement-travail-nuit\/#breadcrumb","itemListElement":[{"@type":"ListItem","position":1,"name":"Accueil","item":"https:\/\/www.lactissima.com\/a-tire-d-ailes\/"},{"@type":"ListItem","position":2,"name":"Petit m\u00e9mo pour conjuguer allaitement et travail de nuit"}]},{"@type":"WebSite","@id":"https:\/\/www.lactissima.com\/a-tire-d-ailes\/#website","url":"https:\/\/www.lactissima.com\/a-tire-d-ailes\/","name":"A tire d&#039;Ailes","description":"Le blog des femmes qui allaitent et travaillent.","potentialAction":[{"@type":"SearchAction","target":{"@type":"EntryPoint","urlTemplate":"https:\/\/www.lactissima.com\/a-tire-d-ailes\/?s={search_term_string}"},"query-input":{"@type":"PropertyValueSpecification","valueRequired":true,"valueName":"search_term_string"}}],"inLanguage":"fr-FR"},{"@type":"Person","@id":"https:\/\/www.lactissima.com\/a-tire-d-ailes\/#\/schema\/person\/8f98d3a89530861bc1240e6d53d44eed","name":"V\u00e9ronique Darmangeat","image":{"@type":"ImageObject","inLanguage":"fr-FR","@id":"https:\/\/secure.gravatar.com\/avatar\/268c99344c89cebfe4f5df5fa8be43068a18884fc76a29f3206fae98465b9cab?s=96&d=identicon&r=g","url":"https:\/\/secure.gravatar.com\/avatar\/268c99344c89cebfe4f5df5fa8be43068a18884fc76a29f3206fae98465b9cab?s=96&d=identicon&r=g","contentUrl":"https:\/\/secure.gravatar.com\/avatar\/268c99344c89cebfe4f5df5fa8be43068a18884fc76a29f3206fae98465b9cab?s=96&d=identicon&r=g","caption":"V\u00e9ronique Darmangeat"},"sameAs":["https:\/\/www.lactissima.com\/a-tire-d-ailes","www.facebook.com\/consultante.en.lactation"]}]}},"_links":{"self":[{"href":"https:\/\/www.lactissima.com\/a-tire-d-ailes\/wp-json\/wp\/v2\/posts\/5794","targetHints":{"allow":["GET"]}}],"collection":[{"href":"https:\/\/www.lactissima.com\/a-tire-d-ailes\/wp-json\/wp\/v2\/posts"}],"about":[{"href":"https:\/\/www.lactissima.com\/a-tire-d-ailes\/wp-json\/wp\/v2\/types\/post"}],"author":[{"embeddable":true,"href":"https:\/\/www.lactissima.com\/a-tire-d-ailes\/wp-json\/wp\/v2\/users\/170"}],"replies":[{"embeddable":true,"href":"https:\/\/www.lactissima.com\/a-tire-d-ailes\/wp-json\/wp\/v2\/comments?post=5794"}],"version-history":[{"count":5,"href":"https:\/\/www.lactissima.com\/a-tire-d-ailes\/wp-json\/wp\/v2\/posts\/5794\/revisions"}],"predecessor-version":[{"id":5801,"href":"https:\/\/www.lactissima.com\/a-tire-d-ailes\/wp-json\/wp\/v2\/posts\/5794\/revisions\/5801"}],"wp:featuredmedia":[{"embeddable":true,"href":"https:\/\/www.lactissima.com\/a-tire-d-ailes\/wp-json\/wp\/v2\/media\/5798"}],"wp:attachment":[{"href":"https:\/\/www.lactissima.com\/a-tire-d-ailes\/wp-json\/wp\/v2\/media?parent=5794"}],"wp:term":[{"taxonomy":"category","embeddable":true,"href":"https:\/\/www.lactissima.com\/a-tire-d-ailes\/wp-json\/wp\/v2\/categories?post=5794"},{"taxonomy":"post_tag","embeddable":true,"href":"https:\/\/www.lactissima.com\/a-tire-d-ailes\/wp-json\/wp\/v2\/tags?post=5794"}],"curies":[{"name":"wp","href":"https:\/\/api.w.org\/{rel}","templated":true}]}}