{"id":5782,"date":"2014-06-05T10:42:37","date_gmt":"2014-06-05T08:42:37","guid":{"rendered":"https:\/\/www.lactissima.com\/a-tire-d-ailes\/?p=5782"},"modified":"2021-06-07T19:22:01","modified_gmt":"2021-06-07T17:22:01","slug":"allaitement-travail","status":"publish","type":"post","link":"https:\/\/www.lactissima.com\/a-tire-d-ailes\/allaitement-travail\/","title":{"rendered":"Allaitement et travail, les choses changent-elles ?"},"content":{"rendered":"<p style=\"text-align: justify;\">J&rsquo;ai commenc\u00e9 \u00e0 m&rsquo;int\u00e9resser \u00e0 la question <span style=\"color: #333333;\"><a title=\"Au coeur du sujet : allaiter et travailler\" href=\"https:\/\/www.lactissima.com\/a-tire-d-ailes\/allaiter-et-travailler\/\" target=\"_blank\" rel=\"noopener\"><span style=\"color: #333333;\">allaitement et travail<\/span><\/a> <\/span>en 2001. Les choses ont-elles <strong>\u00e9volu\u00e9<\/strong> depuis 13 ans ?<\/p>\n<p style=\"text-align: justify;\">Il y a eu la mise \u00e0 jour du <a title=\"code du travail\" href=\"https:\/\/www.lactissima.com\/a-tire-d-ailes\/code-du-travail-et-allaitement\/\" target=\"_blank\" rel=\"noopener\">code du travail<\/a> en 2007&#8230;qui n&rsquo;a rien chang\u00e9 aux mesures existantes, bien que l&rsquo;on ai bien failli perdre les mesures prot\u00e9geant l&rsquo;allaitement.<\/p>\n<p style=\"text-align: justify;\">Dans la pratique, l&rsquo;id\u00e9e qu&rsquo;il ne soit pas obligatoire de sevrer son b\u00e9b\u00e9 pour reprendre le travail a fait son chemin et <strong>de plus en plus de femmes<\/strong> poursuivent leur allaitement \u00e0 la reprise du travail. Je le vois sur ce blog o\u00f9 le nombre de lecteurs et le nombre de commentaires ne cesse d&rsquo;augmenter. Mais je le vois aussi dans ma pratique de <a title=\"conseill\u00e8re en allaitement\" href=\"http:\/\/www.allaiteraparis.fr\/consultante-en-lactation\/\" target=\"_blank\" rel=\"noopener\">consultante en lactation<\/a> : de plus en plus de femmes me contactent pour des renseignements sur cette question.<\/p>\n<p style=\"text-align: justify;\">Dans le monde du travail, de plus en plus de femmes<a href=\"https:\/\/www.lactissima.com\/a-tire-d-ailes\/tirage-de-lait-efficace\/\" target=\"_blank\" rel=\"noopener\"> tirent leur lait<\/a> sur leur lieu de travail, c&rsquo;est absolument incontestable. De plus en plus de femmes rencontrent le soutien de leur milieu professionnel et c&rsquo;est une excellente nouvelle ! Ceci \u00e9tant, cela ne signifie pas qu&rsquo;elles ne rencontrent plus de <strong>difficult\u00e9s<\/strong>, loin de l\u00e0 . Les t\u00e9moignages sont nombreux pour d\u00e9noncer l&rsquo;attitude des coll\u00e8gues ou de la hi\u00e9rarchie et il existe encore des femmes qui perdent leur poste parce qu&rsquo;elles ont os\u00e9 tenir t\u00eate \u00e0 leur chef et poursuivre leur tirage de lait. Alors certes, elles ne sont jamais licenci\u00e9es express\u00e9ment pour cette raison, ce serait ill\u00e9gal mais on trouve une autre raison ou on les pousse dehors en leur imposant de longs voyages loin de chez elles par exemple.<\/p>\n<p style=\"text-align: justify;\">Du c\u00f4t\u00e9 des <strong>media<\/strong>, cette question a fait l&rsquo;objet de plus en plus d&rsquo;articles ou de reportages et j&rsquo;en suis absolument ravie. Plus on en parlera, plus cette question n&rsquo;en sera plus une, il sera normal de tirer son lait au travail si on le souhaite.<\/p>\n<p style=\"text-align: justify;\">Enfin, il y a cette d\u00e9put\u00e9 europ\u00e9enne que vous voyez ici en photo, repr\u00e9sentant l&rsquo;Italie qui est venue au parlement accompagn\u00e9e de sa fille pendant de nombreux mois et qui a d\u00e9clar\u00e9 : \u00c2\u00ab Je suis ici avec ma fille pour penser \u00e0 toutes les femmes qui ne peuvent pas concilier sereinement grossesse et emploi, vie professionnelle et vie de famille. \u00c2\u00bb<\/p>\n<p style=\"text-align: justify;\">Et <strong>vous<\/strong>, voyez-vous les choses \u00e9voluer ?<\/p>\n<p style=\"text-align: justify;\"><strong>Articles en rapport : <\/strong><\/p>\n<ul>\n<li><a title=\"Au coeur du sujet : allaiter et travailler\" href=\"https:\/\/www.lactissima.com\/a-tire-d-ailes\/allaiter-et-travailler\/\" target=\"_blank\" rel=\"noopener\">Au coeur du sujet : allaiter et travailler<\/a><\/li>\n<li><a title=\"Et la loi ?\" href=\"https:\/\/www.lactissima.com\/a-tire-d-ailes\/code-du-travail-et-allaitement\/\" target=\"_blank\" rel=\"noopener\">Et la loi ?<\/a><\/li>\n<\/ul>\n<p>&nbsp;<\/p>\n","protected":false},"excerpt":{"rendered":"<p>J&rsquo;ai commenc\u00e9 \u00e0 m&rsquo;int\u00e9resser \u00e0 la question allaitement et travail en 2001. Les choses ont-elles \u00e9volu\u00e9 depuis 13 ans ? Il y a eu la mise \u00e0 jour du code du travail en 2007&#8230;qui n&rsquo;a rien chang\u00e9 aux mesures existantes, bien que l&rsquo;on ai bien failli perdre les mesures prot\u00e9geant l&rsquo;allaitement. Dans la pratique, l&rsquo;id\u00e9e [&hellip;]<\/p>\n","protected":false},"author":170,"featured_media":0,"comment_status":"open","ping_status":"open","sticky":false,"template":"","format":"standard","meta":{"_et_pb_use_builder":"","_et_pb_old_content":"","_et_gb_content_width":"","footnotes":""},"categories":[36],"tags":[681,116,195,573],"class_list":["post-5782","post","type-post","status-publish","format-standard","hentry","category-allaitement-et-travail","tag-allaitement-et-travail","tag-code-du-travail","tag-consultante-en-lactation","tag-tirent-leur-lait"],"yoast_head":"<!-- This site is optimized with the Yoast SEO plugin v27.4 - https:\/\/yoast.com\/product\/yoast-seo-wordpress\/ -->\n<title>Allaitement et travail, les choses changent-elles ?<\/title>\n<meta name=\"description\" content=\"Le sujet allaitement et travail a-t-il \u00e9volu\u00e9 en 15 ans ? Oui dans bien des domaines mais il reste d&#039;importants progr\u00e8s \u00e0 faire...\" \/>\n<meta name=\"robots\" content=\"index, follow, max-snippet:-1, max-image-preview:large, max-video-preview:-1\" \/>\n<link rel=\"canonical\" href=\"https:\/\/www.lactissima.com\/a-tire-d-ailes\/allaitement-travail\/\" \/>\n<meta property=\"og:locale\" content=\"fr_FR\" \/>\n<meta property=\"og:type\" content=\"article\" \/>\n<meta property=\"og:title\" content=\"Allaitement et travail, les choses changent-elles ?\" \/>\n<meta property=\"og:description\" content=\"Le sujet allaitement et travail a-t-il \u00e9volu\u00e9 en 15 ans ? Oui dans bien des domaines mais il reste d&#039;importants progr\u00e8s \u00e0 faire...\" \/>\n<meta property=\"og:url\" content=\"https:\/\/www.lactissima.com\/a-tire-d-ailes\/allaitement-travail\/\" \/>\n<meta property=\"og:site_name\" content=\"A tire d&#039;Ailes\" \/>\n<meta property=\"article:publisher\" content=\"https:\/\/www.facebook.com\/consultante.en.lactation\" \/>\n<meta property=\"article:author\" content=\"www.facebook.com\/consultante.en.lactation\" \/>\n<meta property=\"article:published_time\" content=\"2014-06-05T08:42:37+00:00\" \/>\n<meta property=\"article:modified_time\" content=\"2021-06-07T17:22:01+00:00\" \/>\n<meta name=\"author\" content=\"V\u00e9ronique Darmangeat\" \/>\n<meta name=\"twitter:card\" content=\"summary_large_image\" \/>\n<meta name=\"twitter:creator\" content=\"@VeroniqueIBCLC\" \/>\n<meta name=\"twitter:site\" content=\"@VeroniqueIBCLC\" \/>\n<meta name=\"twitter:label1\" content=\"\u00c9crit par\" \/>\n\t<meta name=\"twitter:data1\" content=\"V\u00e9ronique Darmangeat\" \/>\n\t<meta name=\"twitter:label2\" content=\"Dur\u00e9e de lecture estim\u00e9e\" \/>\n\t<meta name=\"twitter:data2\" content=\"2 minutes\" \/>\n<script type=\"application\/ld+json\" class=\"yoast-schema-graph\">{\"@context\":\"https:\\\/\\\/schema.org\",\"@graph\":[{\"@type\":\"Article\",\"@id\":\"https:\\\/\\\/www.lactissima.com\\\/a-tire-d-ailes\\\/allaitement-travail\\\/#article\",\"isPartOf\":{\"@id\":\"https:\\\/\\\/www.lactissima.com\\\/a-tire-d-ailes\\\/allaitement-travail\\\/\"},\"author\":{\"name\":\"V\u00e9ronique Darmangeat\",\"@id\":\"https:\\\/\\\/www.lactissima.com\\\/a-tire-d-ailes\\\/#\\\/schema\\\/person\\\/8f98d3a89530861bc1240e6d53d44eed\"},\"headline\":\"Allaitement et travail, les choses changent-elles ?\",\"datePublished\":\"2014-06-05T08:42:37+00:00\",\"dateModified\":\"2021-06-07T17:22:01+00:00\",\"mainEntityOfPage\":{\"@id\":\"https:\\\/\\\/www.lactissima.com\\\/a-tire-d-ailes\\\/allaitement-travail\\\/\"},\"wordCount\":421,\"commentCount\":13,\"keywords\":[\"Allaitement et Travail\",\"code du travail\",\"consultante en lactation\",\"tirent leur lait\"],\"articleSection\":[\"Allaitement et Travail\"],\"inLanguage\":\"fr-FR\",\"potentialAction\":[{\"@type\":\"CommentAction\",\"name\":\"Comment\",\"target\":[\"https:\\\/\\\/www.lactissima.com\\\/a-tire-d-ailes\\\/allaitement-travail\\\/#respond\"]}]},{\"@type\":\"WebPage\",\"@id\":\"https:\\\/\\\/www.lactissima.com\\\/a-tire-d-ailes\\\/allaitement-travail\\\/\",\"url\":\"https:\\\/\\\/www.lactissima.com\\\/a-tire-d-ailes\\\/allaitement-travail\\\/\",\"name\":\"Allaitement et travail, les choses changent-elles ?\",\"isPartOf\":{\"@id\":\"https:\\\/\\\/www.lactissima.com\\\/a-tire-d-ailes\\\/#website\"},\"datePublished\":\"2014-06-05T08:42:37+00:00\",\"dateModified\":\"2021-06-07T17:22:01+00:00\",\"author\":{\"@id\":\"https:\\\/\\\/www.lactissima.com\\\/a-tire-d-ailes\\\/#\\\/schema\\\/person\\\/8f98d3a89530861bc1240e6d53d44eed\"},\"description\":\"Le sujet allaitement et travail a-t-il \u00e9volu\u00e9 en 15 ans ? Oui dans bien des domaines mais il reste d'importants progr\u00e8s \u00e0 faire...\",\"breadcrumb\":{\"@id\":\"https:\\\/\\\/www.lactissima.com\\\/a-tire-d-ailes\\\/allaitement-travail\\\/#breadcrumb\"},\"inLanguage\":\"fr-FR\",\"potentialAction\":[{\"@type\":\"ReadAction\",\"target\":[\"https:\\\/\\\/www.lactissima.com\\\/a-tire-d-ailes\\\/allaitement-travail\\\/\"]}]},{\"@type\":\"BreadcrumbList\",\"@id\":\"https:\\\/\\\/www.lactissima.com\\\/a-tire-d-ailes\\\/allaitement-travail\\\/#breadcrumb\",\"itemListElement\":[{\"@type\":\"ListItem\",\"position\":1,\"name\":\"Accueil\",\"item\":\"https:\\\/\\\/www.lactissima.com\\\/a-tire-d-ailes\\\/\"},{\"@type\":\"ListItem\",\"position\":2,\"name\":\"Allaitement et travail, les choses changent-elles ?\"}]},{\"@type\":\"WebSite\",\"@id\":\"https:\\\/\\\/www.lactissima.com\\\/a-tire-d-ailes\\\/#website\",\"url\":\"https:\\\/\\\/www.lactissima.com\\\/a-tire-d-ailes\\\/\",\"name\":\"A tire d&#039;Ailes\",\"description\":\"Le blog des femmes qui allaitent et travaillent.\",\"potentialAction\":[{\"@type\":\"SearchAction\",\"target\":{\"@type\":\"EntryPoint\",\"urlTemplate\":\"https:\\\/\\\/www.lactissima.com\\\/a-tire-d-ailes\\\/?s={search_term_string}\"},\"query-input\":{\"@type\":\"PropertyValueSpecification\",\"valueRequired\":true,\"valueName\":\"search_term_string\"}}],\"inLanguage\":\"fr-FR\"},{\"@type\":\"Person\",\"@id\":\"https:\\\/\\\/www.lactissima.com\\\/a-tire-d-ailes\\\/#\\\/schema\\\/person\\\/8f98d3a89530861bc1240e6d53d44eed\",\"name\":\"V\u00e9ronique Darmangeat\",\"image\":{\"@type\":\"ImageObject\",\"inLanguage\":\"fr-FR\",\"@id\":\"https:\\\/\\\/secure.gravatar.com\\\/avatar\\\/268c99344c89cebfe4f5df5fa8be43068a18884fc76a29f3206fae98465b9cab?s=96&d=identicon&r=g\",\"url\":\"https:\\\/\\\/secure.gravatar.com\\\/avatar\\\/268c99344c89cebfe4f5df5fa8be43068a18884fc76a29f3206fae98465b9cab?s=96&d=identicon&r=g\",\"contentUrl\":\"https:\\\/\\\/secure.gravatar.com\\\/avatar\\\/268c99344c89cebfe4f5df5fa8be43068a18884fc76a29f3206fae98465b9cab?s=96&d=identicon&r=g\",\"caption\":\"V\u00e9ronique Darmangeat\"},\"sameAs\":[\"https:\\\/\\\/www.lactissima.com\\\/a-tire-d-ailes\",\"www.facebook.com\\\/consultante.en.lactation\"]}]}<\/script>\n<!-- \/ Yoast SEO plugin. -->","yoast_head_json":{"title":"Allaitement et travail, les choses changent-elles ?","description":"Le sujet allaitement et travail a-t-il \u00e9volu\u00e9 en 15 ans ? Oui dans bien des domaines mais il reste d'importants progr\u00e8s \u00e0 faire...","robots":{"index":"index","follow":"follow","max-snippet":"max-snippet:-1","max-image-preview":"max-image-preview:large","max-video-preview":"max-video-preview:-1"},"canonical":"https:\/\/www.lactissima.com\/a-tire-d-ailes\/allaitement-travail\/","og_locale":"fr_FR","og_type":"article","og_title":"Allaitement et travail, les choses changent-elles ?","og_description":"Le sujet allaitement et travail a-t-il \u00e9volu\u00e9 en 15 ans ? Oui dans bien des domaines mais il reste d'importants progr\u00e8s \u00e0 faire...","og_url":"https:\/\/www.lactissima.com\/a-tire-d-ailes\/allaitement-travail\/","og_site_name":"A tire d&#039;Ailes","article_publisher":"https:\/\/www.facebook.com\/consultante.en.lactation","article_author":"www.facebook.com\/consultante.en.lactation","article_published_time":"2014-06-05T08:42:37+00:00","article_modified_time":"2021-06-07T17:22:01+00:00","author":"V\u00e9ronique Darmangeat","twitter_card":"summary_large_image","twitter_creator":"@VeroniqueIBCLC","twitter_site":"@VeroniqueIBCLC","twitter_misc":{"\u00c9crit par":"V\u00e9ronique Darmangeat","Dur\u00e9e de lecture estim\u00e9e":"2 minutes"},"schema":{"@context":"https:\/\/schema.org","@graph":[{"@type":"Article","@id":"https:\/\/www.lactissima.com\/a-tire-d-ailes\/allaitement-travail\/#article","isPartOf":{"@id":"https:\/\/www.lactissima.com\/a-tire-d-ailes\/allaitement-travail\/"},"author":{"name":"V\u00e9ronique Darmangeat","@id":"https:\/\/www.lactissima.com\/a-tire-d-ailes\/#\/schema\/person\/8f98d3a89530861bc1240e6d53d44eed"},"headline":"Allaitement et travail, les choses changent-elles ?","datePublished":"2014-06-05T08:42:37+00:00","dateModified":"2021-06-07T17:22:01+00:00","mainEntityOfPage":{"@id":"https:\/\/www.lactissima.com\/a-tire-d-ailes\/allaitement-travail\/"},"wordCount":421,"commentCount":13,"keywords":["Allaitement et Travail","code du travail","consultante en lactation","tirent leur lait"],"articleSection":["Allaitement et Travail"],"inLanguage":"fr-FR","potentialAction":[{"@type":"CommentAction","name":"Comment","target":["https:\/\/www.lactissima.com\/a-tire-d-ailes\/allaitement-travail\/#respond"]}]},{"@type":"WebPage","@id":"https:\/\/www.lactissima.com\/a-tire-d-ailes\/allaitement-travail\/","url":"https:\/\/www.lactissima.com\/a-tire-d-ailes\/allaitement-travail\/","name":"Allaitement et travail, les choses changent-elles ?","isPartOf":{"@id":"https:\/\/www.lactissima.com\/a-tire-d-ailes\/#website"},"datePublished":"2014-06-05T08:42:37+00:00","dateModified":"2021-06-07T17:22:01+00:00","author":{"@id":"https:\/\/www.lactissima.com\/a-tire-d-ailes\/#\/schema\/person\/8f98d3a89530861bc1240e6d53d44eed"},"description":"Le sujet allaitement et travail a-t-il \u00e9volu\u00e9 en 15 ans ? Oui dans bien des domaines mais il reste d'importants progr\u00e8s \u00e0 faire...","breadcrumb":{"@id":"https:\/\/www.lactissima.com\/a-tire-d-ailes\/allaitement-travail\/#breadcrumb"},"inLanguage":"fr-FR","potentialAction":[{"@type":"ReadAction","target":["https:\/\/www.lactissima.com\/a-tire-d-ailes\/allaitement-travail\/"]}]},{"@type":"BreadcrumbList","@id":"https:\/\/www.lactissima.com\/a-tire-d-ailes\/allaitement-travail\/#breadcrumb","itemListElement":[{"@type":"ListItem","position":1,"name":"Accueil","item":"https:\/\/www.lactissima.com\/a-tire-d-ailes\/"},{"@type":"ListItem","position":2,"name":"Allaitement et travail, les choses changent-elles ?"}]},{"@type":"WebSite","@id":"https:\/\/www.lactissima.com\/a-tire-d-ailes\/#website","url":"https:\/\/www.lactissima.com\/a-tire-d-ailes\/","name":"A tire d&#039;Ailes","description":"Le blog des femmes qui allaitent et travaillent.","potentialAction":[{"@type":"SearchAction","target":{"@type":"EntryPoint","urlTemplate":"https:\/\/www.lactissima.com\/a-tire-d-ailes\/?s={search_term_string}"},"query-input":{"@type":"PropertyValueSpecification","valueRequired":true,"valueName":"search_term_string"}}],"inLanguage":"fr-FR"},{"@type":"Person","@id":"https:\/\/www.lactissima.com\/a-tire-d-ailes\/#\/schema\/person\/8f98d3a89530861bc1240e6d53d44eed","name":"V\u00e9ronique Darmangeat","image":{"@type":"ImageObject","inLanguage":"fr-FR","@id":"https:\/\/secure.gravatar.com\/avatar\/268c99344c89cebfe4f5df5fa8be43068a18884fc76a29f3206fae98465b9cab?s=96&d=identicon&r=g","url":"https:\/\/secure.gravatar.com\/avatar\/268c99344c89cebfe4f5df5fa8be43068a18884fc76a29f3206fae98465b9cab?s=96&d=identicon&r=g","contentUrl":"https:\/\/secure.gravatar.com\/avatar\/268c99344c89cebfe4f5df5fa8be43068a18884fc76a29f3206fae98465b9cab?s=96&d=identicon&r=g","caption":"V\u00e9ronique Darmangeat"},"sameAs":["https:\/\/www.lactissima.com\/a-tire-d-ailes","www.facebook.com\/consultante.en.lactation"]}]}},"_links":{"self":[{"href":"https:\/\/www.lactissima.com\/a-tire-d-ailes\/wp-json\/wp\/v2\/posts\/5782","targetHints":{"allow":["GET"]}}],"collection":[{"href":"https:\/\/www.lactissima.com\/a-tire-d-ailes\/wp-json\/wp\/v2\/posts"}],"about":[{"href":"https:\/\/www.lactissima.com\/a-tire-d-ailes\/wp-json\/wp\/v2\/types\/post"}],"author":[{"embeddable":true,"href":"https:\/\/www.lactissima.com\/a-tire-d-ailes\/wp-json\/wp\/v2\/users\/170"}],"replies":[{"embeddable":true,"href":"https:\/\/www.lactissima.com\/a-tire-d-ailes\/wp-json\/wp\/v2\/comments?post=5782"}],"version-history":[{"count":8,"href":"https:\/\/www.lactissima.com\/a-tire-d-ailes\/wp-json\/wp\/v2\/posts\/5782\/revisions"}],"predecessor-version":[{"id":8576,"href":"https:\/\/www.lactissima.com\/a-tire-d-ailes\/wp-json\/wp\/v2\/posts\/5782\/revisions\/8576"}],"wp:attachment":[{"href":"https:\/\/www.lactissima.com\/a-tire-d-ailes\/wp-json\/wp\/v2\/media?parent=5782"}],"wp:term":[{"taxonomy":"category","embeddable":true,"href":"https:\/\/www.lactissima.com\/a-tire-d-ailes\/wp-json\/wp\/v2\/categories?post=5782"},{"taxonomy":"post_tag","embeddable":true,"href":"https:\/\/www.lactissima.com\/a-tire-d-ailes\/wp-json\/wp\/v2\/tags?post=5782"}],"curies":[{"name":"wp","href":"https:\/\/api.w.org\/{rel}","templated":true}]}}