{"id":5738,"date":"2014-05-08T15:33:53","date_gmt":"2014-05-08T13:33:53","guid":{"rendered":"https:\/\/www.lactissima.com\/a-tire-d-ailes\/?p=5738"},"modified":"2016-08-03T19:10:10","modified_gmt":"2016-08-03T17:10:10","slug":"lait-predigere","status":"publish","type":"post","link":"https:\/\/www.lactissima.com\/a-tire-d-ailes\/lait-predigere\/","title":{"rendered":"Mon lait sent affreusement mauvais !"},"content":{"rendered":"<p style=\"text-align: justify;\"><img loading=\"lazy\" decoding=\"async\" class=\"alignright size-full wp-image-5742\" src=\"https:\/\/www.lactissima.com\/a-tire-d-ailes\/wp-content\/uploads\/2014\/05\/lait-maternel5.jpg\" alt=\"lait pr\u00e9dig\u00e9r\u00e9\" width=\"278\" height=\"254\" \/>C&rsquo;est ce que me disent de nombreuses femmes en craignant que le lait qu&rsquo;elles ont laborieusement tir\u00e9 au travail ait tourn\u00e9 et ne soit plus bon pour leur b\u00e9b\u00e9.<br \/>\nCertaines d\u00e9crivent un go\u00fbt de <strong>rance<\/strong>, de lait caill\u00e9, de savon, &#8230; Parfois le lait prend un aspect mousseux. Dans tous les cas, il sent tr\u00e8s fort et le go\u00fbt est tr\u00e8s <strong>mauvais<\/strong>.<\/p>\n<p style=\"text-align: justify;\">Et pourtant, ce lait est <strong>bon<\/strong> \u00e0 la consommation ! Si votre b\u00e9b\u00e9 le boit sans faire la grimace, vous pouvez continuer \u00e0 lui donner sans aucun probl\u00e8me.<br \/>\nMais certains b\u00e9b\u00e9s (souvent plus \u00e2g\u00e9s) refusent ce lait. Voyons ensemble que faire dans ce cas de figure.<\/p>\n<p style=\"text-align: justify;\">En fait, <strong>3 raisons<\/strong> peuvent conduire au mauvais go\u00fbt du lait.<\/p>\n<p><strong>1-<\/strong> La premi\u00e8re est due aux modifications des mati\u00e8res grasses du lait lors de l&rsquo;entreposage dans les cong\u00e9lateurs \u00e0 <strong>d\u00e9givrage automatique<\/strong>. Cette cause semble assez peu fr\u00e9quente.<\/p>\n<p><span style=\"text-align: justify;\"><strong>2-<\/strong> La cause qui semble la plus fr\u00e9quente est <\/span><span style=\"text-align: justify;\">l&rsquo;action des <strong>lipases<\/strong> du lait maternel. Leur r\u00f4le est de dig\u00e9rer les graisses du lait. On trouve bien s\u00fbr des lipases dans l&rsquo;intestin du b\u00e9b\u00e9 mais \u00e9galement dans le lait maternel, ce qui permet d&rsquo;aider le syst\u00e8me digestif du b\u00e9b\u00e9, encore immature.<\/span><\/p>\n<p style=\"text-align: justify;\">L&rsquo;action des lipases commence d\u00e8s que le lait est tir\u00e9. Or il semble que certaines femmes produisent plus de lipases dans leur lait que d&rsquo;autres. Et c&rsquo;est la transformation du gras du lait, dig\u00e9r\u00e9 par ces lipases qui donne un go\u00fbt savonneux ou rance au lait. Il s&rsquo;agit de <span style=\"color: #333333;\"><a href=\"https:\/\/www.lactissima.com\/a-tire-d-ailes\/?p=5738\"><span style=\"color: #333333;\">lait pr\u00e9dig\u00e9r\u00e9<\/span><\/a><span style=\"color: #333333;\"> <\/span><\/span>&#8230;<\/p>\n<p style=\"text-align: justify;\">Certaines femmes constatent l&rsquo;apparition de ce mauvais go\u00fbt tr\u00e8s rapidement apr\u00e8s le tirage alors que pour d&rsquo;autres, le mauvais go\u00fbt appara\u00eet de nombreuses heures apr\u00e8s le tirage ou bien lors de la cong\u00e9lation.<\/p>\n<p style=\"text-align: justify;\">Pour \u00e9viter l&rsquo;apparition de ce go\u00fbt, il faut bloquer l&rsquo;action des lipase. Pour cela, il suffit de <strong>chauffer le lait \u00e0 60\u00c2\u00b0<\/strong> avant qu&rsquo;il ne prenne ce go\u00fbt. 60\u00c2\u00b0 correspond au moment o\u00f9 le lait fait des bulles sur le bord de la casserole. Une fois \u00e0 cette temp\u00e9rature, on arr\u00eate de le chauffer pour \u00e9viter de le faire bouillir, ce qui d\u00e9truirait les \u00e9l\u00e9ments vivants du lait maternel. Puis on le refroidit rapidement avant de le mettre au r\u00e9frig\u00e9rateur ou au cong\u00e9lateur.<\/p>\n<p style=\"text-align: justify;\">Si vous faites partie des femmes qui peuvent attendre plusieurs heures avant que le mauvais go\u00fbt se manifeste, il suffit que vous fassiez chauffer votre lait \u00e0 votre retour du travail. Certaines m\u00e8res utilisent un thermoplongeur en v\u00e9rifiant la temp\u00e9rature \u00e0 l&rsquo;aide d&rsquo;un thermom\u00e8tre de cuisson.<br \/>\nPar contre, si vous devez le faire chauffer rapidement, vous devrez le faire au travail. Il existe certains chauffe-biberon qui permettent de chauffer \u00e0 60\u00c2\u00b0. Une m\u00e8re m&rsquo;a indiqu\u00e9 que la marque Philips Avent fait un chauffe-biberon qui chauffe au choix \u00e0 30-60-90 \u00c2\u00b0C. Si vous connaissez d&rsquo;autres marques, merci de les partager en commentaire ! Sinon, il est possible de choisir un chauffe-biberon tr\u00e8s bas de gamme qui n&rsquo;a pas de thermostat et de surveiller le lait.<\/p>\n<p style=\"text-align: justify;\">Une m\u00e8re m&rsquo;a propos\u00e9 la technique suivante : \u00ab\u00a0Eur\u00eaka ! Technique du bain-marie-bouilloire ! Mettre de l&rsquo;eau \u00e0 mi-bouilloire et prendre un grand bib (360). Contr\u00f4ler la temp\u00e9rature du lait avec un thermom\u00e8tre. \u00c3\u2021a prend 3 min. Attention \u00e0 ne pas se br\u00fbler avec l&rsquo;eau (ne pas mettre trop d eau). Et mettre une serviette sous la bouilloire (\u00e7a \u00e9clabousse). Il faut attendre au moins 1 min quand l eau bout \u00e0 gros bouillon pour atteindre les 60\u00c2\u00b0.\u00a0\u00bb<\/p>\n<p style=\"text-align: justify;\"><strong>3-<\/strong> La derni\u00e8re cause semble \u00eatre l&rsquo;<strong>oxydation<\/strong> des acides gras polyinsatur\u00e9s du lait maternel. Comme on ne dispose pas de recherches sur ce sujet sur le lait humain, on ne peut que se r\u00e9f\u00e9rer aux recherches faites sur le lait bovin. Celles-ci laissent \u00e0 penser que l&rsquo;alimentation de la m\u00e8re peut acc\u00e9l\u00e9rer ce processus. En effet la composition en graisses du lait maternel est en grande partie li\u00e9e \u00e0 la composition en graisses de l&rsquo;alimentation de la m\u00e8re. Si celle-ci consomme beaucoup d&rsquo;acides gras polyinsatur\u00e9s, l&rsquo;oxydation pourrait \u00eatre plus importante. Si l&rsquo;alimentation de la m\u00e8re est riche en fer libre ou en ion cuivre, cette oxydation peut \u00eatre acc\u00e9l\u00e9r\u00e9e. Enfin, la consommation de graisses rances (comme les anchois par exemple) peut aussi conduire \u00e0 ce r\u00e9sultat.<\/p>\n<p style=\"text-align: justify;\">Les m\u00e8res pour lesquelles le lait ne prend pas toujours une odeur rance mais seulement certains jours semblent plut\u00f4t concern\u00e9es par ce cas de figure. Dans ce cas, chauffer le lait n&rsquo;est pas efficace et il suffit que la m\u00e8re change son alimentation pour que le probl\u00e8me disparaisse.<\/p>\n<p style=\"text-align: justify;\">Et <strong>vous<\/strong>, comment avez-vous fait ?<\/p>\n<p style=\"text-align: justify;\"><strong>Articles en rapport :<\/strong><\/p>\n<ul>\n<li><a href=\"https:\/\/www.lactissima.com\/a-tire-d-ailes\/la-conservation-du-lait-maternel\/\" target=\"_blank\">La conservation du lait maternel<\/a><\/li>\n<li><a href=\"https:\/\/www.lactissima.com\/a-tire-d-ailes\/conservation-lait-maternel\/\" target=\"_blank\">Controverse sur les temps de conservation du lait maternel<\/a><\/li>\n<\/ul>\n<p>&nbsp;<\/p>\n","protected":false},"excerpt":{"rendered":"<p>C&rsquo;est ce que me disent de nombreuses femmes en craignant que le lait qu&rsquo;elles ont laborieusement tir\u00e9 au travail ait tourn\u00e9 et ne soit plus bon pour leur b\u00e9b\u00e9. Certaines d\u00e9crivent un go\u00fbt de rance, de lait caill\u00e9, de savon, &#8230; Parfois le lait prend un aspect mousseux. Dans tous les cas, il sent tr\u00e8s [&hellip;]<\/p>\n","protected":false},"author":170,"featured_media":5742,"comment_status":"open","ping_status":"open","sticky":false,"template":"","format":"standard","meta":{"_et_pb_use_builder":"","_et_pb_old_content":"","_et_gb_content_width":"","footnotes":""},"categories":[710,39],"tags":[],"class_list":["post-5738","post","type-post","status-publish","format-standard","has-post-thumbnail","hentry","category-conserver-le-lait","category-difficultes"],"yoast_head":"<!-- This site is optimized with the Yoast SEO plugin v27.4 - https:\/\/yoast.com\/product\/yoast-seo-wordpress\/ -->\n<title>lait pr\u00e9dig\u00e9r\u00e9<\/title>\n<meta name=\"description\" content=\"Le lait maternel tir\u00e9 peut prendre un go\u00fbt tr\u00e8s fort et d\u00e9sagr\u00e9able. La plupart du temps il s&#039;agit de lait pr\u00e9dig\u00e9r\u00e9 mais il existe 2 autres causes \u00e0 cela.\" \/>\n<meta name=\"robots\" content=\"index, follow, max-snippet:-1, max-image-preview:large, max-video-preview:-1\" \/>\n<link rel=\"canonical\" href=\"https:\/\/www.lactissima.com\/a-tire-d-ailes\/lait-predigere\/\" \/>\n<meta property=\"og:locale\" content=\"fr_FR\" \/>\n<meta property=\"og:type\" content=\"article\" \/>\n<meta property=\"og:title\" content=\"lait pr\u00e9dig\u00e9r\u00e9\" \/>\n<meta property=\"og:description\" content=\"Le lait maternel tir\u00e9 peut prendre un go\u00fbt tr\u00e8s fort et d\u00e9sagr\u00e9able. La plupart du temps il s&#039;agit de lait pr\u00e9dig\u00e9r\u00e9 mais il existe 2 autres causes \u00e0 cela.\" \/>\n<meta property=\"og:url\" content=\"https:\/\/www.lactissima.com\/a-tire-d-ailes\/lait-predigere\/\" \/>\n<meta property=\"og:site_name\" content=\"A tire d&#039;Ailes\" \/>\n<meta property=\"article:publisher\" content=\"https:\/\/www.facebook.com\/consultante.en.lactation\" \/>\n<meta property=\"article:author\" content=\"www.facebook.com\/consultante.en.lactation\" \/>\n<meta property=\"article:published_time\" content=\"2014-05-08T13:33:53+00:00\" \/>\n<meta property=\"article:modified_time\" content=\"2016-08-03T17:10:10+00:00\" \/>\n<meta property=\"og:image\" content=\"https:\/\/www.lactissima.com\/a-tire-d-ailes\/wp-content\/uploads\/2014\/05\/lait-maternel5.jpg\" \/>\n\t<meta property=\"og:image:width\" content=\"278\" \/>\n\t<meta property=\"og:image:height\" content=\"254\" \/>\n\t<meta property=\"og:image:type\" content=\"image\/jpeg\" \/>\n<meta name=\"author\" content=\"V\u00e9ronique Darmangeat\" \/>\n<meta name=\"twitter:card\" content=\"summary_large_image\" \/>\n<meta name=\"twitter:creator\" content=\"@VeroniqueIBCLC\" \/>\n<meta name=\"twitter:site\" content=\"@VeroniqueIBCLC\" \/>\n<meta name=\"twitter:label1\" content=\"\u00c9crit par\" \/>\n\t<meta name=\"twitter:data1\" content=\"V\u00e9ronique Darmangeat\" \/>\n\t<meta name=\"twitter:label2\" content=\"Dur\u00e9e de lecture estim\u00e9e\" \/>\n\t<meta name=\"twitter:data2\" content=\"4 minutes\" \/>\n<script type=\"application\/ld+json\" class=\"yoast-schema-graph\">{\"@context\":\"https:\\\/\\\/schema.org\",\"@graph\":[{\"@type\":\"Article\",\"@id\":\"https:\\\/\\\/www.lactissima.com\\\/a-tire-d-ailes\\\/lait-predigere\\\/#article\",\"isPartOf\":{\"@id\":\"https:\\\/\\\/www.lactissima.com\\\/a-tire-d-ailes\\\/lait-predigere\\\/\"},\"author\":{\"name\":\"V\u00e9ronique Darmangeat\",\"@id\":\"https:\\\/\\\/www.lactissima.com\\\/a-tire-d-ailes\\\/#\\\/schema\\\/person\\\/8f98d3a89530861bc1240e6d53d44eed\"},\"headline\":\"Mon lait sent affreusement mauvais !\",\"datePublished\":\"2014-05-08T13:33:53+00:00\",\"dateModified\":\"2016-08-03T17:10:10+00:00\",\"mainEntityOfPage\":{\"@id\":\"https:\\\/\\\/www.lactissima.com\\\/a-tire-d-ailes\\\/lait-predigere\\\/\"},\"wordCount\":848,\"commentCount\":252,\"image\":{\"@id\":\"https:\\\/\\\/www.lactissima.com\\\/a-tire-d-ailes\\\/lait-predigere\\\/#primaryimage\"},\"thumbnailUrl\":\"https:\\\/\\\/www.lactissima.com\\\/a-tire-d-ailes\\\/wp-content\\\/uploads\\\/2014\\\/05\\\/lait-maternel5.jpg\",\"articleSection\":[\"Conserver le lait\",\"Difficult\u00e9s\"],\"inLanguage\":\"fr-FR\",\"potentialAction\":[{\"@type\":\"CommentAction\",\"name\":\"Comment\",\"target\":[\"https:\\\/\\\/www.lactissima.com\\\/a-tire-d-ailes\\\/lait-predigere\\\/#respond\"]}]},{\"@type\":\"WebPage\",\"@id\":\"https:\\\/\\\/www.lactissima.com\\\/a-tire-d-ailes\\\/lait-predigere\\\/\",\"url\":\"https:\\\/\\\/www.lactissima.com\\\/a-tire-d-ailes\\\/lait-predigere\\\/\",\"name\":\"lait pr\u00e9dig\u00e9r\u00e9\",\"isPartOf\":{\"@id\":\"https:\\\/\\\/www.lactissima.com\\\/a-tire-d-ailes\\\/#website\"},\"primaryImageOfPage\":{\"@id\":\"https:\\\/\\\/www.lactissima.com\\\/a-tire-d-ailes\\\/lait-predigere\\\/#primaryimage\"},\"image\":{\"@id\":\"https:\\\/\\\/www.lactissima.com\\\/a-tire-d-ailes\\\/lait-predigere\\\/#primaryimage\"},\"thumbnailUrl\":\"https:\\\/\\\/www.lactissima.com\\\/a-tire-d-ailes\\\/wp-content\\\/uploads\\\/2014\\\/05\\\/lait-maternel5.jpg\",\"datePublished\":\"2014-05-08T13:33:53+00:00\",\"dateModified\":\"2016-08-03T17:10:10+00:00\",\"author\":{\"@id\":\"https:\\\/\\\/www.lactissima.com\\\/a-tire-d-ailes\\\/#\\\/schema\\\/person\\\/8f98d3a89530861bc1240e6d53d44eed\"},\"description\":\"Le lait maternel tir\u00e9 peut prendre un go\u00fbt tr\u00e8s fort et d\u00e9sagr\u00e9able. La plupart du temps il s'agit de lait pr\u00e9dig\u00e9r\u00e9 mais il existe 2 autres causes \u00e0 cela.\",\"breadcrumb\":{\"@id\":\"https:\\\/\\\/www.lactissima.com\\\/a-tire-d-ailes\\\/lait-predigere\\\/#breadcrumb\"},\"inLanguage\":\"fr-FR\",\"potentialAction\":[{\"@type\":\"ReadAction\",\"target\":[\"https:\\\/\\\/www.lactissima.com\\\/a-tire-d-ailes\\\/lait-predigere\\\/\"]}]},{\"@type\":\"ImageObject\",\"inLanguage\":\"fr-FR\",\"@id\":\"https:\\\/\\\/www.lactissima.com\\\/a-tire-d-ailes\\\/lait-predigere\\\/#primaryimage\",\"url\":\"https:\\\/\\\/www.lactissima.com\\\/a-tire-d-ailes\\\/wp-content\\\/uploads\\\/2014\\\/05\\\/lait-maternel5.jpg\",\"contentUrl\":\"https:\\\/\\\/www.lactissima.com\\\/a-tire-d-ailes\\\/wp-content\\\/uploads\\\/2014\\\/05\\\/lait-maternel5.jpg\",\"width\":278,\"height\":254,\"caption\":\"lait pr\u00e9dig\u00e9r\u00e9\"},{\"@type\":\"BreadcrumbList\",\"@id\":\"https:\\\/\\\/www.lactissima.com\\\/a-tire-d-ailes\\\/lait-predigere\\\/#breadcrumb\",\"itemListElement\":[{\"@type\":\"ListItem\",\"position\":1,\"name\":\"Accueil\",\"item\":\"https:\\\/\\\/www.lactissima.com\\\/a-tire-d-ailes\\\/\"},{\"@type\":\"ListItem\",\"position\":2,\"name\":\"Mon lait sent affreusement mauvais !\"}]},{\"@type\":\"WebSite\",\"@id\":\"https:\\\/\\\/www.lactissima.com\\\/a-tire-d-ailes\\\/#website\",\"url\":\"https:\\\/\\\/www.lactissima.com\\\/a-tire-d-ailes\\\/\",\"name\":\"A tire d&#039;Ailes\",\"description\":\"Le blog des femmes qui allaitent et travaillent.\",\"potentialAction\":[{\"@type\":\"SearchAction\",\"target\":{\"@type\":\"EntryPoint\",\"urlTemplate\":\"https:\\\/\\\/www.lactissima.com\\\/a-tire-d-ailes\\\/?s={search_term_string}\"},\"query-input\":{\"@type\":\"PropertyValueSpecification\",\"valueRequired\":true,\"valueName\":\"search_term_string\"}}],\"inLanguage\":\"fr-FR\"},{\"@type\":\"Person\",\"@id\":\"https:\\\/\\\/www.lactissima.com\\\/a-tire-d-ailes\\\/#\\\/schema\\\/person\\\/8f98d3a89530861bc1240e6d53d44eed\",\"name\":\"V\u00e9ronique Darmangeat\",\"image\":{\"@type\":\"ImageObject\",\"inLanguage\":\"fr-FR\",\"@id\":\"https:\\\/\\\/secure.gravatar.com\\\/avatar\\\/268c99344c89cebfe4f5df5fa8be43068a18884fc76a29f3206fae98465b9cab?s=96&d=identicon&r=g\",\"url\":\"https:\\\/\\\/secure.gravatar.com\\\/avatar\\\/268c99344c89cebfe4f5df5fa8be43068a18884fc76a29f3206fae98465b9cab?s=96&d=identicon&r=g\",\"contentUrl\":\"https:\\\/\\\/secure.gravatar.com\\\/avatar\\\/268c99344c89cebfe4f5df5fa8be43068a18884fc76a29f3206fae98465b9cab?s=96&d=identicon&r=g\",\"caption\":\"V\u00e9ronique Darmangeat\"},\"sameAs\":[\"https:\\\/\\\/www.lactissima.com\\\/a-tire-d-ailes\",\"www.facebook.com\\\/consultante.en.lactation\"]}]}<\/script>\n<!-- \/ Yoast SEO plugin. -->","yoast_head_json":{"title":"lait pr\u00e9dig\u00e9r\u00e9","description":"Le lait maternel tir\u00e9 peut prendre un go\u00fbt tr\u00e8s fort et d\u00e9sagr\u00e9able. La plupart du temps il s'agit de lait pr\u00e9dig\u00e9r\u00e9 mais il existe 2 autres causes \u00e0 cela.","robots":{"index":"index","follow":"follow","max-snippet":"max-snippet:-1","max-image-preview":"max-image-preview:large","max-video-preview":"max-video-preview:-1"},"canonical":"https:\/\/www.lactissima.com\/a-tire-d-ailes\/lait-predigere\/","og_locale":"fr_FR","og_type":"article","og_title":"lait pr\u00e9dig\u00e9r\u00e9","og_description":"Le lait maternel tir\u00e9 peut prendre un go\u00fbt tr\u00e8s fort et d\u00e9sagr\u00e9able. La plupart du temps il s'agit de lait pr\u00e9dig\u00e9r\u00e9 mais il existe 2 autres causes \u00e0 cela.","og_url":"https:\/\/www.lactissima.com\/a-tire-d-ailes\/lait-predigere\/","og_site_name":"A tire d&#039;Ailes","article_publisher":"https:\/\/www.facebook.com\/consultante.en.lactation","article_author":"www.facebook.com\/consultante.en.lactation","article_published_time":"2014-05-08T13:33:53+00:00","article_modified_time":"2016-08-03T17:10:10+00:00","og_image":[{"width":278,"height":254,"url":"https:\/\/www.lactissima.com\/a-tire-d-ailes\/wp-content\/uploads\/2014\/05\/lait-maternel5.jpg","type":"image\/jpeg"}],"author":"V\u00e9ronique Darmangeat","twitter_card":"summary_large_image","twitter_creator":"@VeroniqueIBCLC","twitter_site":"@VeroniqueIBCLC","twitter_misc":{"\u00c9crit par":"V\u00e9ronique Darmangeat","Dur\u00e9e de lecture estim\u00e9e":"4 minutes"},"schema":{"@context":"https:\/\/schema.org","@graph":[{"@type":"Article","@id":"https:\/\/www.lactissima.com\/a-tire-d-ailes\/lait-predigere\/#article","isPartOf":{"@id":"https:\/\/www.lactissima.com\/a-tire-d-ailes\/lait-predigere\/"},"author":{"name":"V\u00e9ronique Darmangeat","@id":"https:\/\/www.lactissima.com\/a-tire-d-ailes\/#\/schema\/person\/8f98d3a89530861bc1240e6d53d44eed"},"headline":"Mon lait sent affreusement mauvais !","datePublished":"2014-05-08T13:33:53+00:00","dateModified":"2016-08-03T17:10:10+00:00","mainEntityOfPage":{"@id":"https:\/\/www.lactissima.com\/a-tire-d-ailes\/lait-predigere\/"},"wordCount":848,"commentCount":252,"image":{"@id":"https:\/\/www.lactissima.com\/a-tire-d-ailes\/lait-predigere\/#primaryimage"},"thumbnailUrl":"https:\/\/www.lactissima.com\/a-tire-d-ailes\/wp-content\/uploads\/2014\/05\/lait-maternel5.jpg","articleSection":["Conserver le lait","Difficult\u00e9s"],"inLanguage":"fr-FR","potentialAction":[{"@type":"CommentAction","name":"Comment","target":["https:\/\/www.lactissima.com\/a-tire-d-ailes\/lait-predigere\/#respond"]}]},{"@type":"WebPage","@id":"https:\/\/www.lactissima.com\/a-tire-d-ailes\/lait-predigere\/","url":"https:\/\/www.lactissima.com\/a-tire-d-ailes\/lait-predigere\/","name":"lait pr\u00e9dig\u00e9r\u00e9","isPartOf":{"@id":"https:\/\/www.lactissima.com\/a-tire-d-ailes\/#website"},"primaryImageOfPage":{"@id":"https:\/\/www.lactissima.com\/a-tire-d-ailes\/lait-predigere\/#primaryimage"},"image":{"@id":"https:\/\/www.lactissima.com\/a-tire-d-ailes\/lait-predigere\/#primaryimage"},"thumbnailUrl":"https:\/\/www.lactissima.com\/a-tire-d-ailes\/wp-content\/uploads\/2014\/05\/lait-maternel5.jpg","datePublished":"2014-05-08T13:33:53+00:00","dateModified":"2016-08-03T17:10:10+00:00","author":{"@id":"https:\/\/www.lactissima.com\/a-tire-d-ailes\/#\/schema\/person\/8f98d3a89530861bc1240e6d53d44eed"},"description":"Le lait maternel tir\u00e9 peut prendre un go\u00fbt tr\u00e8s fort et d\u00e9sagr\u00e9able. La plupart du temps il s'agit de lait pr\u00e9dig\u00e9r\u00e9 mais il existe 2 autres causes \u00e0 cela.","breadcrumb":{"@id":"https:\/\/www.lactissima.com\/a-tire-d-ailes\/lait-predigere\/#breadcrumb"},"inLanguage":"fr-FR","potentialAction":[{"@type":"ReadAction","target":["https:\/\/www.lactissima.com\/a-tire-d-ailes\/lait-predigere\/"]}]},{"@type":"ImageObject","inLanguage":"fr-FR","@id":"https:\/\/www.lactissima.com\/a-tire-d-ailes\/lait-predigere\/#primaryimage","url":"https:\/\/www.lactissima.com\/a-tire-d-ailes\/wp-content\/uploads\/2014\/05\/lait-maternel5.jpg","contentUrl":"https:\/\/www.lactissima.com\/a-tire-d-ailes\/wp-content\/uploads\/2014\/05\/lait-maternel5.jpg","width":278,"height":254,"caption":"lait pr\u00e9dig\u00e9r\u00e9"},{"@type":"BreadcrumbList","@id":"https:\/\/www.lactissima.com\/a-tire-d-ailes\/lait-predigere\/#breadcrumb","itemListElement":[{"@type":"ListItem","position":1,"name":"Accueil","item":"https:\/\/www.lactissima.com\/a-tire-d-ailes\/"},{"@type":"ListItem","position":2,"name":"Mon lait sent affreusement mauvais !"}]},{"@type":"WebSite","@id":"https:\/\/www.lactissima.com\/a-tire-d-ailes\/#website","url":"https:\/\/www.lactissima.com\/a-tire-d-ailes\/","name":"A tire d&#039;Ailes","description":"Le blog des femmes qui allaitent et travaillent.","potentialAction":[{"@type":"SearchAction","target":{"@type":"EntryPoint","urlTemplate":"https:\/\/www.lactissima.com\/a-tire-d-ailes\/?s={search_term_string}"},"query-input":{"@type":"PropertyValueSpecification","valueRequired":true,"valueName":"search_term_string"}}],"inLanguage":"fr-FR"},{"@type":"Person","@id":"https:\/\/www.lactissima.com\/a-tire-d-ailes\/#\/schema\/person\/8f98d3a89530861bc1240e6d53d44eed","name":"V\u00e9ronique Darmangeat","image":{"@type":"ImageObject","inLanguage":"fr-FR","@id":"https:\/\/secure.gravatar.com\/avatar\/268c99344c89cebfe4f5df5fa8be43068a18884fc76a29f3206fae98465b9cab?s=96&d=identicon&r=g","url":"https:\/\/secure.gravatar.com\/avatar\/268c99344c89cebfe4f5df5fa8be43068a18884fc76a29f3206fae98465b9cab?s=96&d=identicon&r=g","contentUrl":"https:\/\/secure.gravatar.com\/avatar\/268c99344c89cebfe4f5df5fa8be43068a18884fc76a29f3206fae98465b9cab?s=96&d=identicon&r=g","caption":"V\u00e9ronique Darmangeat"},"sameAs":["https:\/\/www.lactissima.com\/a-tire-d-ailes","www.facebook.com\/consultante.en.lactation"]}]}},"_links":{"self":[{"href":"https:\/\/www.lactissima.com\/a-tire-d-ailes\/wp-json\/wp\/v2\/posts\/5738","targetHints":{"allow":["GET"]}}],"collection":[{"href":"https:\/\/www.lactissima.com\/a-tire-d-ailes\/wp-json\/wp\/v2\/posts"}],"about":[{"href":"https:\/\/www.lactissima.com\/a-tire-d-ailes\/wp-json\/wp\/v2\/types\/post"}],"author":[{"embeddable":true,"href":"https:\/\/www.lactissima.com\/a-tire-d-ailes\/wp-json\/wp\/v2\/users\/170"}],"replies":[{"embeddable":true,"href":"https:\/\/www.lactissima.com\/a-tire-d-ailes\/wp-json\/wp\/v2\/comments?post=5738"}],"version-history":[{"count":9,"href":"https:\/\/www.lactissima.com\/a-tire-d-ailes\/wp-json\/wp\/v2\/posts\/5738\/revisions"}],"predecessor-version":[{"id":5748,"href":"https:\/\/www.lactissima.com\/a-tire-d-ailes\/wp-json\/wp\/v2\/posts\/5738\/revisions\/5748"}],"wp:featuredmedia":[{"embeddable":true,"href":"https:\/\/www.lactissima.com\/a-tire-d-ailes\/wp-json\/wp\/v2\/media\/5742"}],"wp:attachment":[{"href":"https:\/\/www.lactissima.com\/a-tire-d-ailes\/wp-json\/wp\/v2\/media?parent=5738"}],"wp:term":[{"taxonomy":"category","embeddable":true,"href":"https:\/\/www.lactissima.com\/a-tire-d-ailes\/wp-json\/wp\/v2\/categories?post=5738"},{"taxonomy":"post_tag","embeddable":true,"href":"https:\/\/www.lactissima.com\/a-tire-d-ailes\/wp-json\/wp\/v2\/tags?post=5738"}],"curies":[{"name":"wp","href":"https:\/\/api.w.org\/{rel}","templated":true}]}}