{"id":5726,"date":"2014-05-02T08:40:47","date_gmt":"2014-05-02T06:40:47","guid":{"rendered":"https:\/\/www.lactissima.com\/a-tire-d-ailes\/?p=5726"},"modified":"2014-05-18T10:51:34","modified_gmt":"2014-05-18T08:51:34","slug":"allaitement-travail-temoignage-lucie","status":"publish","type":"post","link":"https:\/\/www.lactissima.com\/a-tire-d-ailes\/allaitement-travail-temoignage-lucie\/","title":{"rendered":"Allaitement et travail : le t\u00e9moignage de Lucie"},"content":{"rendered":"<p style=\"text-align: justify;\"><strong><img loading=\"lazy\" decoding=\"async\" class=\"alignright size-full wp-image-5731\" src=\"https:\/\/www.lactissima.com\/a-tire-d-ailes\/wp-content\/uploads\/2014\/05\/alia.jpg\" alt=\"allaitement et travail\" width=\"205\" height=\"307\" srcset=\"https:\/\/www.lactissima.com\/a-tire-d-ailes\/wp-content\/uploads\/2014\/05\/alia.jpg 205w, https:\/\/www.lactissima.com\/a-tire-d-ailes\/wp-content\/uploads\/2014\/05\/alia-200x300.jpg 200w\" sizes=\"(max-width: 205px) 100vw, 205px\" \/>Quel choix avez-vous fait au moment de la reprise du travail : sevrage ou poursuite de l&rsquo;allaitement ? Pourquoi ?<\/strong><\/p>\n<p style=\"text-align: justify;\">J&rsquo;ai choisi la poursuite de l&rsquo;allaitement. C&rsquo;est ma philosophie par rapport \u00e0 mon enfant.<br \/>\nMa m\u00e8re n&rsquo;a pas pu m&rsquo;allaiter, et sa m\u00e8re non plus, et je recherche le mieux, le plus sain et le plus nature possible pour mes enfants. Donc l&rsquo;allaitement \u00e9tait normal.<\/p>\n<p style=\"text-align: justify;\">Mon mari me suit enti\u00e8rement donc je suis soutenue dans mon choix.<\/p>\n<p style=\"text-align: justify;\">J&rsquo;ai allait\u00e9 enti\u00e8rement pendant 4 mois (la dur\u00e9e de mon cong\u00e9 maternit\u00e9) et j&rsquo;ai eu la chance de rencontrer une coll\u00e8gue qui avait tir\u00e9 son lait au travail et qui m&rsquo;a pr\u00eat\u00e9 des livres dont celui de V\u00e9ronique Darmangeat.<\/p>\n<p style=\"text-align: justify;\"><strong>Comment vous \u00eates-vous organis\u00e9e ?<\/strong><\/p>\n<p style=\"text-align: justify;\">J&rsquo;avais lou\u00e9 un tire-lait chez Grandir Nature qui avait conseill\u00e9 de ne tirer que le midi. Ils m&rsquo;ont lou\u00e9 le Calypso Ardo que j&rsquo;ai trouv\u00e9 \u00e9norme et bruyant.<br \/>\nJe suis entr\u00e9e en contact avec une consultante en lactation car j&rsquo;avais des doutes sur mon allaitement. Elle m&rsquo;a conseill\u00e9e deux tirages par jour pour maintenir ma lactation.<\/p>\n<p style=\"text-align: justify;\">Des amies m&rsquo;ont parl\u00e9 de tire-lait manuel. Une amie m&rsquo;a pr\u00eat\u00e9 un petit tire-lait \u00e9lectrique, le Freestyle de Medela. C&rsquo;\u00e9tait mieux que le Calypso pour le bruit et la taille mais je n&rsquo;\u00e9tais pas satisfaite et j&rsquo;avais du mal \u00e0 tirer du lait.<\/p>\n<p style=\"text-align: justify;\">Finalement, j&rsquo;ai achet\u00e9 un tire-lait manuel Medela Harmony&#8230; puis un deuxi\u00e8me pour pouvoir tirer mon lait manuellement en double pompage.<\/p>\n<p style=\"text-align: justify;\">Je tire donc mon lait \u00e0 7 h 30 en t\u00e9t\u00e9e tirage, puis \u00e0 10 h 30, 13h30 et 16h30 en double pompage (trois fois vingt minutes). Avant, je faisais une t\u00e9t\u00e9e tirage le soir mais maintenant je me contente de la t\u00e9t\u00e9e le soir.<\/p>\n<p style=\"text-align: justify;\">Je tire moins de lait maintenant : avant je tirais 120 ml le matin et maintenant 70 ml seulement.<\/p>\n<p style=\"text-align: justify;\">Ma fille est gard\u00e9e par une assistante maternelle qui soutient l&rsquo;allaitement. C&rsquo;\u00e9tait d&rsquo;ailleurs notre crit\u00e8re de choix pour une assistante maternelle.<\/p>\n<p style=\"text-align: justify;\"><strong>Quelles ont \u00e9t\u00e9 vos principales difficult\u00e9s ?<\/strong><\/p>\n<p style=\"text-align: justify;\">Une de mes grandes difficult\u00e9s a \u00e9t\u00e9 d&rsquo;arriver \u00e0 tirer mon lait   Entre les appareils \u00e9lectriques, manuels, simple, double pompage   il m&rsquo;a fallu du temps rien que pour arriver \u00e0 tirer quelques gouttes, puis pour arriver \u00e0 tirer autant que j&rsquo;avais tirer la veille   de longs jours d&rsquo;apprentissage il m&rsquo;a fallu !<\/p>\n<p style=\"text-align: justify;\">J&rsquo;avais un peu peur avant la reprise. Aurais-je des r\u00e9flexions de mon patron ? Allais-je trouver une salle pour tirer mon lait ? Comment mon allaitement allait \u00eatre per\u00e7u au travail ?<br \/>\nEn fait, je me suis inqui\u00e9t\u00e9e pour rien car mes sup\u00e9rieurs sont tr\u00e8s famille donc n&rsquo;ont jamais pos\u00e9 de probl\u00e8me ni de question sur mon allaitement.<\/p>\n<p style=\"text-align: justify;\">J&rsquo;ai \u00e0 ma disposition un petit bureau \u00e0 c\u00f4t\u00e9 du mien o\u00f9 je peux tirer mon lait tranquille.<\/p>\n<p style=\"text-align: justify;\">Je n&rsquo;avais pas pu faire beaucoup de r\u00e9serves de lait au cong\u00e9lateur avant ma reprise de travail. Je me suis vite rendue compte que ma fille buvait plus que ce que je pouvais tirer sur la journ\u00e9e. Nous avons donc diversifi\u00e9 son alimentation \u00e0 5 mois, ce qui m&rsquo;a permis de moins me mettre de pression.<\/p>\n<p style=\"text-align: justify;\">Aujourd&rsquo;hui ma fille a 8 mois et la quantit\u00e9 globale de lait que je tire diminue. Je dois donc restimuler souvent ma lactation.<\/p>\n<p style=\"text-align: justify;\">Le premier biberon a \u00e9t\u00e9 tr\u00e8s dur pour moi : j&rsquo;avais la sensation d&rsquo;une rupture entre moi et mon enfant, ce fut tr\u00e8s dur. Nous avons utilis\u00e9 des t\u00e9tines Medela mais j&rsquo;avais tr\u00e8s peur qu&rsquo;elle refuse le sein. Finalement il n&rsquo;y a eu aucun probl\u00e8me. Mais il m&rsquo;a fallu du temps d&rsquo;adaptation \u00e9motionnelle, au moins deux mois pour moi.<\/p>\n<p style=\"text-align: justify;\">Le temps d&rsquo;organisation a dur\u00e9 environ un mois pour que nous ayons la sensation que tout \u00e9tait fluide.<\/p>\n<p style=\"text-align: justify;\"><strong>Quels ont \u00e9t\u00e9 vos meilleurs moments ?<\/strong><\/p>\n<p style=\"text-align: justify;\">J&rsquo;ai un travail qui me conduit \u00e0 me d\u00e9placer dans diff\u00e9rentes entreprises. J&rsquo;ai pu sans aucun probl\u00e8me tirer mon lait dans toutes les entreprises dans lesquelles je me suis d\u00e9plac\u00e9e. On a toujours mis un bureau \u00e0 ma disposition. Je n&rsquo;ai jamais essuy\u00e9 de refus. Ce fut une belle surprise !<\/p>\n<p style=\"text-align: justify;\"><strong>Qu&rsquo;est-ce que vous souhaiteriez dire aux mamans qui doivent faire un choix <\/strong><strong>dans les semaines \u00e0 venir ?<\/strong><\/p>\n<p style=\"text-align: justify;\">Je leur dis de faire le mieux pour elles ! Et surtout de ne pas se mettre la barre trop haut.<\/p>\n<p style=\"text-align: justify;\"><strong> Ce serait \u00e0 refaire, vous referiez le m\u00eame choix ? Que changeriez-vous ?<\/strong><\/p>\n<p style=\"text-align: justify;\">Je m&rsquo;inqui\u00e9terais moins et j&rsquo;aurais moins peur car \u00e7a a un peu g\u00e2ch\u00e9 mon cong\u00e9.<\/p>\n<p style=\"text-align: justify;\">Je referais le m\u00eame choix : totalement !!!<\/p>\n<p style=\"text-align: justify;\">Par contre je ferais attention \u00e0 ne pas trop \u00e9couter les gens qui n&rsquo;ont pas allait\u00e9 et comparent leur propre b\u00e9b\u00e9 nourri au biberon au mien. Ce n&rsquo;est pas facile de r\u00e9sister \u00e0 cette pression.<\/p>\n<p style=\"text-align: justify;\"><strong>Souhaitez-vous ajouter quelque-chose ?<\/strong><\/p>\n<p style=\"text-align: justify;\">La lecture du livre de V\u00e9ronique Darmangeat m&rsquo;a beaucoup aid\u00e9e. J&rsquo;y ai notamment pioch\u00e9 un t\u00e9moignage dans lequel la m\u00e8re utilise des sachets \u00e0 gla\u00e7ons pour congeler le lait. Mon assistante maternelle adore cette m\u00e9thode qui la s\u00e9curise et lui permet de faire l&rsquo;appoint de lait en cas de besoin.<\/p>\n<p style=\"text-align: justify;\">Je souhaiterais ajouter ceci :<\/p>\n<p style=\"text-align: justify;\">&#8211; me faire confiance en premier (ce que j&rsquo;interpr\u00e8te des expressions de mon enfant), avant d&rsquo;\u00e9couter ce que les autres nous disent.<br \/>\n&#8211; lorsque je tire mon lait, je me dis pour chaque goutte de lait que je vois  : \u00c2\u00ab c&rsquo;est une goutte de plus pour ma fille   \u00c2\u00bb pour poursuivre ainsi mon allaitement le plus possible.<br \/>\n&#8211; j&rsquo;ai la chance d&rsquo;avoir mon mari qui me soutient dans mes choix, et m&rsquo;aide infiniment (dans les 1ers mois, lorsque ma fille appelait dans la nuit, il se levait pour aller la changer, et venait me l&rsquo;apporter pour que je l&rsquo;allaite !<\/p>\n<p style=\"color: #525252;\"><strong style=\"color: #1c1c1c;\">Articles en rapport :<\/strong><\/p>\n<ul style=\"color: #525252;\">\n<li>Voir l&rsquo;onglet <a style=\"color: #35a679;\" href=\"https:\/\/www.lactissima.com\/a-tire-d-ailes\/?page_id=1179\" target=\"_blank\">t\u00e9moignages<\/a><\/li>\n<\/ul>\n<p>&nbsp;<\/p>\n","protected":false},"excerpt":{"rendered":"<p>Quel choix avez-vous fait au moment de la reprise du travail : sevrage ou poursuite de l&rsquo;allaitement ? Pourquoi ? J&rsquo;ai choisi la poursuite de l&rsquo;allaitement. C&rsquo;est ma philosophie par rapport \u00e0 mon enfant. Ma m\u00e8re n&rsquo;a pas pu m&rsquo;allaiter, et sa m\u00e8re non plus, et je recherche le mieux, le plus sain et le [&hellip;]<\/p>\n","protected":false},"author":170,"featured_media":5731,"comment_status":"open","ping_status":"open","sticky":false,"template":"","format":"standard","meta":{"_et_pb_use_builder":"","_et_pb_old_content":"","_et_gb_content_width":"","footnotes":""},"categories":[36,150],"tags":[],"class_list":["post-5726","post","type-post","status-publish","format-standard","has-post-thumbnail","hentry","category-allaitement-et-travail","category-temoignages"],"yoast_head":"<!-- This site is optimized with the Yoast SEO plugin v27.4 - https:\/\/yoast.com\/product\/yoast-seo-wordpress\/ -->\n<title>Allaitement et travail : le t\u00e9moignage de Lucie<\/title>\n<meta name=\"description\" content=\"Lucie a repris le travail en tirant son lait. Elle a rapidement diversifi\u00e9 l&#039;alimentation de sa fille.\" \/>\n<meta name=\"robots\" content=\"index, follow, max-snippet:-1, max-image-preview:large, max-video-preview:-1\" \/>\n<link rel=\"canonical\" href=\"https:\/\/www.lactissima.com\/a-tire-d-ailes\/allaitement-travail-temoignage-lucie\/\" \/>\n<meta property=\"og:locale\" content=\"fr_FR\" \/>\n<meta property=\"og:type\" content=\"article\" \/>\n<meta property=\"og:title\" content=\"Allaitement et travail : le t\u00e9moignage de Lucie\" \/>\n<meta property=\"og:description\" content=\"Lucie a repris le travail en tirant son lait. Elle a rapidement diversifi\u00e9 l&#039;alimentation de sa fille.\" \/>\n<meta property=\"og:url\" content=\"https:\/\/www.lactissima.com\/a-tire-d-ailes\/allaitement-travail-temoignage-lucie\/\" \/>\n<meta property=\"og:site_name\" content=\"A tire d&#039;Ailes\" \/>\n<meta property=\"article:publisher\" content=\"https:\/\/www.facebook.com\/consultante.en.lactation\" \/>\n<meta property=\"article:author\" content=\"www.facebook.com\/consultante.en.lactation\" \/>\n<meta property=\"article:published_time\" content=\"2014-05-02T06:40:47+00:00\" \/>\n<meta property=\"article:modified_time\" content=\"2014-05-18T08:51:34+00:00\" \/>\n<meta property=\"og:image\" content=\"https:\/\/www.lactissima.com\/a-tire-d-ailes\/wp-content\/uploads\/2014\/05\/alia.jpg\" \/>\n\t<meta property=\"og:image:width\" content=\"205\" \/>\n\t<meta property=\"og:image:height\" content=\"307\" \/>\n\t<meta property=\"og:image:type\" content=\"image\/jpeg\" \/>\n<meta name=\"author\" content=\"V\u00e9ronique Darmangeat\" \/>\n<meta name=\"twitter:card\" content=\"summary_large_image\" \/>\n<meta name=\"twitter:creator\" content=\"@VeroniqueIBCLC\" \/>\n<meta name=\"twitter:site\" content=\"@VeroniqueIBCLC\" \/>\n<meta name=\"twitter:label1\" content=\"\u00c9crit par\" \/>\n\t<meta name=\"twitter:data1\" content=\"V\u00e9ronique Darmangeat\" \/>\n\t<meta name=\"twitter:label2\" content=\"Dur\u00e9e de lecture estim\u00e9e\" \/>\n\t<meta name=\"twitter:data2\" content=\"5 minutes\" \/>\n<script type=\"application\/ld+json\" class=\"yoast-schema-graph\">{\"@context\":\"https:\\\/\\\/schema.org\",\"@graph\":[{\"@type\":\"Article\",\"@id\":\"https:\\\/\\\/www.lactissima.com\\\/a-tire-d-ailes\\\/allaitement-travail-temoignage-lucie\\\/#article\",\"isPartOf\":{\"@id\":\"https:\\\/\\\/www.lactissima.com\\\/a-tire-d-ailes\\\/allaitement-travail-temoignage-lucie\\\/\"},\"author\":{\"name\":\"V\u00e9ronique Darmangeat\",\"@id\":\"https:\\\/\\\/www.lactissima.com\\\/a-tire-d-ailes\\\/#\\\/schema\\\/person\\\/8f98d3a89530861bc1240e6d53d44eed\"},\"headline\":\"Allaitement et travail : le t\u00e9moignage de Lucie\",\"datePublished\":\"2014-05-02T06:40:47+00:00\",\"dateModified\":\"2014-05-18T08:51:34+00:00\",\"mainEntityOfPage\":{\"@id\":\"https:\\\/\\\/www.lactissima.com\\\/a-tire-d-ailes\\\/allaitement-travail-temoignage-lucie\\\/\"},\"wordCount\":1030,\"commentCount\":0,\"image\":{\"@id\":\"https:\\\/\\\/www.lactissima.com\\\/a-tire-d-ailes\\\/allaitement-travail-temoignage-lucie\\\/#primaryimage\"},\"thumbnailUrl\":\"https:\\\/\\\/www.lactissima.com\\\/a-tire-d-ailes\\\/wp-content\\\/uploads\\\/2014\\\/05\\\/alia.jpg\",\"articleSection\":[\"Allaitement et Travail\",\"t\u00e9moignages\"],\"inLanguage\":\"fr-FR\",\"potentialAction\":[{\"@type\":\"CommentAction\",\"name\":\"Comment\",\"target\":[\"https:\\\/\\\/www.lactissima.com\\\/a-tire-d-ailes\\\/allaitement-travail-temoignage-lucie\\\/#respond\"]}]},{\"@type\":\"WebPage\",\"@id\":\"https:\\\/\\\/www.lactissima.com\\\/a-tire-d-ailes\\\/allaitement-travail-temoignage-lucie\\\/\",\"url\":\"https:\\\/\\\/www.lactissima.com\\\/a-tire-d-ailes\\\/allaitement-travail-temoignage-lucie\\\/\",\"name\":\"Allaitement et travail : le t\u00e9moignage de Lucie\",\"isPartOf\":{\"@id\":\"https:\\\/\\\/www.lactissima.com\\\/a-tire-d-ailes\\\/#website\"},\"primaryImageOfPage\":{\"@id\":\"https:\\\/\\\/www.lactissima.com\\\/a-tire-d-ailes\\\/allaitement-travail-temoignage-lucie\\\/#primaryimage\"},\"image\":{\"@id\":\"https:\\\/\\\/www.lactissima.com\\\/a-tire-d-ailes\\\/allaitement-travail-temoignage-lucie\\\/#primaryimage\"},\"thumbnailUrl\":\"https:\\\/\\\/www.lactissima.com\\\/a-tire-d-ailes\\\/wp-content\\\/uploads\\\/2014\\\/05\\\/alia.jpg\",\"datePublished\":\"2014-05-02T06:40:47+00:00\",\"dateModified\":\"2014-05-18T08:51:34+00:00\",\"author\":{\"@id\":\"https:\\\/\\\/www.lactissima.com\\\/a-tire-d-ailes\\\/#\\\/schema\\\/person\\\/8f98d3a89530861bc1240e6d53d44eed\"},\"description\":\"Lucie a repris le travail en tirant son lait. Elle a rapidement diversifi\u00e9 l'alimentation de sa fille.\",\"breadcrumb\":{\"@id\":\"https:\\\/\\\/www.lactissima.com\\\/a-tire-d-ailes\\\/allaitement-travail-temoignage-lucie\\\/#breadcrumb\"},\"inLanguage\":\"fr-FR\",\"potentialAction\":[{\"@type\":\"ReadAction\",\"target\":[\"https:\\\/\\\/www.lactissima.com\\\/a-tire-d-ailes\\\/allaitement-travail-temoignage-lucie\\\/\"]}]},{\"@type\":\"ImageObject\",\"inLanguage\":\"fr-FR\",\"@id\":\"https:\\\/\\\/www.lactissima.com\\\/a-tire-d-ailes\\\/allaitement-travail-temoignage-lucie\\\/#primaryimage\",\"url\":\"https:\\\/\\\/www.lactissima.com\\\/a-tire-d-ailes\\\/wp-content\\\/uploads\\\/2014\\\/05\\\/alia.jpg\",\"contentUrl\":\"https:\\\/\\\/www.lactissima.com\\\/a-tire-d-ailes\\\/wp-content\\\/uploads\\\/2014\\\/05\\\/alia.jpg\",\"width\":205,\"height\":307,\"caption\":\"allaitement et travail\"},{\"@type\":\"BreadcrumbList\",\"@id\":\"https:\\\/\\\/www.lactissima.com\\\/a-tire-d-ailes\\\/allaitement-travail-temoignage-lucie\\\/#breadcrumb\",\"itemListElement\":[{\"@type\":\"ListItem\",\"position\":1,\"name\":\"Accueil\",\"item\":\"https:\\\/\\\/www.lactissima.com\\\/a-tire-d-ailes\\\/\"},{\"@type\":\"ListItem\",\"position\":2,\"name\":\"Allaitement et travail : le t\u00e9moignage de Lucie\"}]},{\"@type\":\"WebSite\",\"@id\":\"https:\\\/\\\/www.lactissima.com\\\/a-tire-d-ailes\\\/#website\",\"url\":\"https:\\\/\\\/www.lactissima.com\\\/a-tire-d-ailes\\\/\",\"name\":\"A tire d&#039;Ailes\",\"description\":\"Le blog des femmes qui allaitent et travaillent.\",\"potentialAction\":[{\"@type\":\"SearchAction\",\"target\":{\"@type\":\"EntryPoint\",\"urlTemplate\":\"https:\\\/\\\/www.lactissima.com\\\/a-tire-d-ailes\\\/?s={search_term_string}\"},\"query-input\":{\"@type\":\"PropertyValueSpecification\",\"valueRequired\":true,\"valueName\":\"search_term_string\"}}],\"inLanguage\":\"fr-FR\"},{\"@type\":\"Person\",\"@id\":\"https:\\\/\\\/www.lactissima.com\\\/a-tire-d-ailes\\\/#\\\/schema\\\/person\\\/8f98d3a89530861bc1240e6d53d44eed\",\"name\":\"V\u00e9ronique Darmangeat\",\"image\":{\"@type\":\"ImageObject\",\"inLanguage\":\"fr-FR\",\"@id\":\"https:\\\/\\\/secure.gravatar.com\\\/avatar\\\/268c99344c89cebfe4f5df5fa8be43068a18884fc76a29f3206fae98465b9cab?s=96&d=identicon&r=g\",\"url\":\"https:\\\/\\\/secure.gravatar.com\\\/avatar\\\/268c99344c89cebfe4f5df5fa8be43068a18884fc76a29f3206fae98465b9cab?s=96&d=identicon&r=g\",\"contentUrl\":\"https:\\\/\\\/secure.gravatar.com\\\/avatar\\\/268c99344c89cebfe4f5df5fa8be43068a18884fc76a29f3206fae98465b9cab?s=96&d=identicon&r=g\",\"caption\":\"V\u00e9ronique Darmangeat\"},\"sameAs\":[\"https:\\\/\\\/www.lactissima.com\\\/a-tire-d-ailes\",\"www.facebook.com\\\/consultante.en.lactation\"]}]}<\/script>\n<!-- \/ Yoast SEO plugin. -->","yoast_head_json":{"title":"Allaitement et travail : le t\u00e9moignage de Lucie","description":"Lucie a repris le travail en tirant son lait. Elle a rapidement diversifi\u00e9 l'alimentation de sa fille.","robots":{"index":"index","follow":"follow","max-snippet":"max-snippet:-1","max-image-preview":"max-image-preview:large","max-video-preview":"max-video-preview:-1"},"canonical":"https:\/\/www.lactissima.com\/a-tire-d-ailes\/allaitement-travail-temoignage-lucie\/","og_locale":"fr_FR","og_type":"article","og_title":"Allaitement et travail : le t\u00e9moignage de Lucie","og_description":"Lucie a repris le travail en tirant son lait. Elle a rapidement diversifi\u00e9 l'alimentation de sa fille.","og_url":"https:\/\/www.lactissima.com\/a-tire-d-ailes\/allaitement-travail-temoignage-lucie\/","og_site_name":"A tire d&#039;Ailes","article_publisher":"https:\/\/www.facebook.com\/consultante.en.lactation","article_author":"www.facebook.com\/consultante.en.lactation","article_published_time":"2014-05-02T06:40:47+00:00","article_modified_time":"2014-05-18T08:51:34+00:00","og_image":[{"width":205,"height":307,"url":"https:\/\/www.lactissima.com\/a-tire-d-ailes\/wp-content\/uploads\/2014\/05\/alia.jpg","type":"image\/jpeg"}],"author":"V\u00e9ronique Darmangeat","twitter_card":"summary_large_image","twitter_creator":"@VeroniqueIBCLC","twitter_site":"@VeroniqueIBCLC","twitter_misc":{"\u00c9crit par":"V\u00e9ronique Darmangeat","Dur\u00e9e de lecture estim\u00e9e":"5 minutes"},"schema":{"@context":"https:\/\/schema.org","@graph":[{"@type":"Article","@id":"https:\/\/www.lactissima.com\/a-tire-d-ailes\/allaitement-travail-temoignage-lucie\/#article","isPartOf":{"@id":"https:\/\/www.lactissima.com\/a-tire-d-ailes\/allaitement-travail-temoignage-lucie\/"},"author":{"name":"V\u00e9ronique Darmangeat","@id":"https:\/\/www.lactissima.com\/a-tire-d-ailes\/#\/schema\/person\/8f98d3a89530861bc1240e6d53d44eed"},"headline":"Allaitement et travail : le t\u00e9moignage de Lucie","datePublished":"2014-05-02T06:40:47+00:00","dateModified":"2014-05-18T08:51:34+00:00","mainEntityOfPage":{"@id":"https:\/\/www.lactissima.com\/a-tire-d-ailes\/allaitement-travail-temoignage-lucie\/"},"wordCount":1030,"commentCount":0,"image":{"@id":"https:\/\/www.lactissima.com\/a-tire-d-ailes\/allaitement-travail-temoignage-lucie\/#primaryimage"},"thumbnailUrl":"https:\/\/www.lactissima.com\/a-tire-d-ailes\/wp-content\/uploads\/2014\/05\/alia.jpg","articleSection":["Allaitement et Travail","t\u00e9moignages"],"inLanguage":"fr-FR","potentialAction":[{"@type":"CommentAction","name":"Comment","target":["https:\/\/www.lactissima.com\/a-tire-d-ailes\/allaitement-travail-temoignage-lucie\/#respond"]}]},{"@type":"WebPage","@id":"https:\/\/www.lactissima.com\/a-tire-d-ailes\/allaitement-travail-temoignage-lucie\/","url":"https:\/\/www.lactissima.com\/a-tire-d-ailes\/allaitement-travail-temoignage-lucie\/","name":"Allaitement et travail : le t\u00e9moignage de Lucie","isPartOf":{"@id":"https:\/\/www.lactissima.com\/a-tire-d-ailes\/#website"},"primaryImageOfPage":{"@id":"https:\/\/www.lactissima.com\/a-tire-d-ailes\/allaitement-travail-temoignage-lucie\/#primaryimage"},"image":{"@id":"https:\/\/www.lactissima.com\/a-tire-d-ailes\/allaitement-travail-temoignage-lucie\/#primaryimage"},"thumbnailUrl":"https:\/\/www.lactissima.com\/a-tire-d-ailes\/wp-content\/uploads\/2014\/05\/alia.jpg","datePublished":"2014-05-02T06:40:47+00:00","dateModified":"2014-05-18T08:51:34+00:00","author":{"@id":"https:\/\/www.lactissima.com\/a-tire-d-ailes\/#\/schema\/person\/8f98d3a89530861bc1240e6d53d44eed"},"description":"Lucie a repris le travail en tirant son lait. Elle a rapidement diversifi\u00e9 l'alimentation de sa fille.","breadcrumb":{"@id":"https:\/\/www.lactissima.com\/a-tire-d-ailes\/allaitement-travail-temoignage-lucie\/#breadcrumb"},"inLanguage":"fr-FR","potentialAction":[{"@type":"ReadAction","target":["https:\/\/www.lactissima.com\/a-tire-d-ailes\/allaitement-travail-temoignage-lucie\/"]}]},{"@type":"ImageObject","inLanguage":"fr-FR","@id":"https:\/\/www.lactissima.com\/a-tire-d-ailes\/allaitement-travail-temoignage-lucie\/#primaryimage","url":"https:\/\/www.lactissima.com\/a-tire-d-ailes\/wp-content\/uploads\/2014\/05\/alia.jpg","contentUrl":"https:\/\/www.lactissima.com\/a-tire-d-ailes\/wp-content\/uploads\/2014\/05\/alia.jpg","width":205,"height":307,"caption":"allaitement et travail"},{"@type":"BreadcrumbList","@id":"https:\/\/www.lactissima.com\/a-tire-d-ailes\/allaitement-travail-temoignage-lucie\/#breadcrumb","itemListElement":[{"@type":"ListItem","position":1,"name":"Accueil","item":"https:\/\/www.lactissima.com\/a-tire-d-ailes\/"},{"@type":"ListItem","position":2,"name":"Allaitement et travail : le t\u00e9moignage de Lucie"}]},{"@type":"WebSite","@id":"https:\/\/www.lactissima.com\/a-tire-d-ailes\/#website","url":"https:\/\/www.lactissima.com\/a-tire-d-ailes\/","name":"A tire d&#039;Ailes","description":"Le blog des femmes qui allaitent et travaillent.","potentialAction":[{"@type":"SearchAction","target":{"@type":"EntryPoint","urlTemplate":"https:\/\/www.lactissima.com\/a-tire-d-ailes\/?s={search_term_string}"},"query-input":{"@type":"PropertyValueSpecification","valueRequired":true,"valueName":"search_term_string"}}],"inLanguage":"fr-FR"},{"@type":"Person","@id":"https:\/\/www.lactissima.com\/a-tire-d-ailes\/#\/schema\/person\/8f98d3a89530861bc1240e6d53d44eed","name":"V\u00e9ronique Darmangeat","image":{"@type":"ImageObject","inLanguage":"fr-FR","@id":"https:\/\/secure.gravatar.com\/avatar\/268c99344c89cebfe4f5df5fa8be43068a18884fc76a29f3206fae98465b9cab?s=96&d=identicon&r=g","url":"https:\/\/secure.gravatar.com\/avatar\/268c99344c89cebfe4f5df5fa8be43068a18884fc76a29f3206fae98465b9cab?s=96&d=identicon&r=g","contentUrl":"https:\/\/secure.gravatar.com\/avatar\/268c99344c89cebfe4f5df5fa8be43068a18884fc76a29f3206fae98465b9cab?s=96&d=identicon&r=g","caption":"V\u00e9ronique Darmangeat"},"sameAs":["https:\/\/www.lactissima.com\/a-tire-d-ailes","www.facebook.com\/consultante.en.lactation"]}]}},"_links":{"self":[{"href":"https:\/\/www.lactissima.com\/a-tire-d-ailes\/wp-json\/wp\/v2\/posts\/5726","targetHints":{"allow":["GET"]}}],"collection":[{"href":"https:\/\/www.lactissima.com\/a-tire-d-ailes\/wp-json\/wp\/v2\/posts"}],"about":[{"href":"https:\/\/www.lactissima.com\/a-tire-d-ailes\/wp-json\/wp\/v2\/types\/post"}],"author":[{"embeddable":true,"href":"https:\/\/www.lactissima.com\/a-tire-d-ailes\/wp-json\/wp\/v2\/users\/170"}],"replies":[{"embeddable":true,"href":"https:\/\/www.lactissima.com\/a-tire-d-ailes\/wp-json\/wp\/v2\/comments?post=5726"}],"version-history":[{"count":6,"href":"https:\/\/www.lactissima.com\/a-tire-d-ailes\/wp-json\/wp\/v2\/posts\/5726\/revisions"}],"predecessor-version":[{"id":5762,"href":"https:\/\/www.lactissima.com\/a-tire-d-ailes\/wp-json\/wp\/v2\/posts\/5726\/revisions\/5762"}],"wp:featuredmedia":[{"embeddable":true,"href":"https:\/\/www.lactissima.com\/a-tire-d-ailes\/wp-json\/wp\/v2\/media\/5731"}],"wp:attachment":[{"href":"https:\/\/www.lactissima.com\/a-tire-d-ailes\/wp-json\/wp\/v2\/media?parent=5726"}],"wp:term":[{"taxonomy":"category","embeddable":true,"href":"https:\/\/www.lactissima.com\/a-tire-d-ailes\/wp-json\/wp\/v2\/categories?post=5726"},{"taxonomy":"post_tag","embeddable":true,"href":"https:\/\/www.lactissima.com\/a-tire-d-ailes\/wp-json\/wp\/v2\/tags?post=5726"}],"curies":[{"name":"wp","href":"https:\/\/api.w.org\/{rel}","templated":true}]}}