{"id":5676,"date":"2014-04-03T09:01:31","date_gmt":"2014-04-03T07:01:31","guid":{"rendered":"https:\/\/www.lactissima.com\/a-tire-d-ailes\/?p=5676"},"modified":"2014-04-03T09:01:31","modified_gmt":"2014-04-03T07:01:31","slug":"allaitement-travail-temoignage-celine","status":"publish","type":"post","link":"https:\/\/www.lactissima.com\/a-tire-d-ailes\/allaitement-travail-temoignage-celine\/","title":{"rendered":"Allaitement et travail : le t\u00e9moignage de C\u00e9line"},"content":{"rendered":"<div style=\"text-align: justify;\"><a href=\"https:\/\/www.lactissima.com\/a-tire-d-ailes\/wp-content\/uploads\/2014\/04\/m\u00e9decin-g\u00e9n\u00e9raliste.jpg\"><img loading=\"lazy\" decoding=\"async\" class=\"alignright size-full wp-image-5678\" alt=\"m\u00e9decin g\u00e9n\u00e9raliste\" src=\"https:\/\/www.lactissima.com\/a-tire-d-ailes\/wp-content\/uploads\/2014\/04\/m\u00e9decin-g\u00e9n\u00e9raliste.jpg\" width=\"240\" height=\"320\" srcset=\"https:\/\/www.lactissima.com\/a-tire-d-ailes\/wp-content\/uploads\/2014\/04\/m\u00e9decin-g\u00e9n\u00e9raliste.jpg 240w, https:\/\/www.lactissima.com\/a-tire-d-ailes\/wp-content\/uploads\/2014\/04\/m\u00e9decin-g\u00e9n\u00e9raliste-225x300.jpg 225w\" sizes=\"(max-width: 240px) 100vw, 240px\" \/><\/a>Je m&rsquo;appelle C\u00e9line, j&rsquo;ai 35 ans et 3 enfants, je suis <strong>m\u00e9decin g\u00e9n\u00e9raliste<\/strong>.<\/div>\n<div style=\"text-align: justify;\"><\/div>\n<div style=\"text-align: justify;\">Lorsque j&rsquo;ai repris le travail pour mon second, lorsqu&rsquo;il avait 2 mois, j&rsquo;ai d\u00e9cid\u00e9 d&rsquo; \u00c2\u00ab essayer \u00c2\u00bb de l&rsquo;allaiter juste 3 mois.<\/div>\n<div style=\"text-align: justify;\">Pour ma premi\u00e8re je n&rsquo;y connaissais rien et avais m\u00eame \u00e9t\u00e9 mal inform\u00e9e, je ne l&rsquo;allaitais d\u00e9j\u00e0 plus \u00e0 ses 6 semaines et c&rsquo;\u00e9tait du mixte tout le temps.<\/div>\n<div style=\"text-align: justify;\">Cette fois il n&rsquo;\u00e9tait pas question que \u00e7a se reproduise.<\/div>\n<div style=\"text-align: justify;\">J&rsquo;ai donc lou\u00e9 un tire-lait <a href=\"https:\/\/www.lactissima.com\/a-tire-d-ailes\/le-point-sur-les-tire-lait\/\" target=\"_blank\">Medela Symphony<\/a> double Pompage et commenc\u00e9 \u00e0 partir d&rsquo;un mois \u00e0 faire de petits <a href=\"https:\/\/www.lactissima.com\/a-tire-d-ailes\/faire-du-stock-de-lait\/\" target=\"_blank\">stocks <\/a>pour le nourrir pendant ma premi\u00e8re journ\u00e9e de travail.<\/div>\n<div style=\"text-align: justify;\">Je tirais vers 11h et 16h, parfois aussi vers 13h quand c&rsquo;\u00e9tait possible. Il t\u00e9tait vers 20h, 05h (jusqu&rsquo;\u00e0 ses 9 mois) et 08h. Le mercredi et les week-end, on repassait <strong>au sein<\/strong> directement.<\/div>\n<div style=\"text-align: justify;\">Je tirais soit dans mon bureau, soit dans une pi\u00e8ce qui ne fermait pas \u00e0 cl\u00e9 donc je m&rsquo;asseyais sur une chaise dos \u00e0 la porte. J&rsquo;avais un petit frigo sur place donc ne me suis m\u00eame pas pos\u00e9 la question de la glaci\u00e8re.<\/div>\n<div style=\"text-align: justify;\">Et j&rsquo;avoue que, malgr\u00e9 ma reprise pr\u00e9coce, avant le d\u00e9lai pour une salari\u00e9e, je l&rsquo;ai bien v\u00e9cu car les tirages me donnaient <strong>l&rsquo;impression de m&rsquo;occuper de mon b\u00e9b\u00e9<\/strong>.<\/div>\n<div style=\"text-align: justify;\"><\/div>\n<div style=\"text-align: justify;\">Parfois j&rsquo;avais du mal \u00e0 avoir les quantit\u00e9s n\u00e9cessaires donc j&rsquo;ajoutais un tirage vers 22h ou \u00e0 5h apr\u00e8s la t\u00e9t\u00e9e mais c&rsquo;\u00e9tait exceptionnel, et je tirais sans cela habituellement 500 ml.<\/div>\n<div style=\"text-align: justify;\">Une fois les pots avaient \u00e9t\u00e9 mal ferm\u00e9s et renvers\u00e9s pendant le trajet vers la cr\u00e8che, et je ne voulais pas qu&rsquo;il passe au lait maternis\u00e9 pour ce type de b\u00eatise, donc je suis all\u00e9e donner <strong>une t\u00e9t\u00e9e directement \u00e0 la cr\u00e8che<\/strong>.<\/div>\n<div style=\"text-align: justify;\">Au bout de 3 mois je me suis dit \u00c2\u00ab allez, on essaie 4 mois \u00c2\u00bb, puis 6 mois, puis jusqu&rsquo;aux dents, puis 12 mois  <\/div>\n<div style=\"text-align: justify;\">A 12 mois j&rsquo;ai cess\u00e9 les tirages et introduit les yaourts pour les repas midi et go\u00fbter.<\/div>\n<div style=\"text-align: justify;\">Puis parfois je rentrais trop tard le soir et il a commenc\u00e9 \u00e0 avoir des biberons de lait artificiel, je ne tirais pas \u00e0 la place, et ma lactation s&rsquo;est progressivement tarie jusqu&rsquo;\u00e0 ses 15 mois.<\/div>\n<div style=\"text-align: justify;\">Toutes les t\u00e9t\u00e9es \u00e9taient des <strong>moments privil\u00e9gi\u00e9s<\/strong>.<\/div>\n<div style=\"text-align: justify;\"><\/div>\n<div style=\"text-align: justify;\">Pour mon 3e, je savais que je souhaitais allaiter longtemps, j&rsquo;ai achet\u00e9 un tire-lait <a href=\"https:\/\/www.lactissima.com\/a-tire-d-ailes\/le-point-sur-les-tire-lait\/\" target=\"_blank\">Free-style<\/a> d&rsquo;occasion et j&rsquo;ai commenc\u00e9 \u00e0 faire aussi des petits stocks pour la reprise mais je me suis accord\u00e9e 3 mois de cong\u00e9 post-natal (au lieu des 4 mois pour une salari\u00e9e).<\/div>\n<div style=\"text-align: justify;\">Cette fois il allait en nounou, dans mon village et \u00e0 5 min de mon cabinet.<\/div>\n<div style=\"text-align: justify;\">Nous avons donc convenu que je pourrais donner<strong> une t\u00e9t\u00e9e chez elle<\/strong>, celle de 14h. Je tirais vers 11h et 16h30 (dans mon bureau \u00e0 cl\u00e9 cette fois).<\/div>\n<div style=\"text-align: justify;\">Depuis la diversification, je vais donner la t\u00e9t\u00e9e vers 11h30 apr\u00e8s le petit pot l\u00e9gumes\/viande puis je tire entre 13 et 15h (quand je n&rsquo;oublie pas).<\/div>\n<div style=\"text-align: justify;\">Il t\u00e8te par contre beaucoup plus souvent que son fr\u00e8re car il t\u00eate vers 19h30, 23h30, 2h, 5h, 8h, plus le midi et go\u00fbter.<\/div>\n<div style=\"text-align: justify;\">C&rsquo;est toujours aussi magique, il a 7 mois 1\/2 et je n&rsquo;ai aucune id\u00e9e de quand on arr\u00eatera, <strong>je ne me donne pas de d\u00e9lai<\/strong> (enfin si, au moins 12 mois).<\/div>\n<div style=\"text-align: justify;\"><\/div>\n<div style=\"text-align: justify;\">Je n&rsquo;ai jamais eu vraiment de difficult\u00e9s, ma <a href=\"https:\/\/www.lactissima.com\/a-tire-d-ailes\/allaitement-et-assistante-maternelle\/\" target=\"_blank\">nounou <\/a>est g\u00e9nialissime, il m&rsquo;est arriv\u00e9e d&rsquo;aller donner 2 t\u00e9t\u00e9es dans la m\u00eame journ\u00e9e et elle m&rsquo;accueille avec un super <strong>sourire<\/strong> \u00e0 chaque fois !<\/div>\n<div style=\"text-align: justify;\">J&rsquo;aurais tendance \u00e0 dire aux mamans qui vont bient\u00f4t choisir qu&rsquo;elle peuvent essayer de tirer leur lait, qu&rsquo;elles verront si \u00e7a leur convient ou pas. J&rsquo;\u00e9tais partie pour allaiter au moins jusqu&rsquo;\u00e0 la reprise pour mon second, et il a \u00e9t\u00e9 allait\u00e9 15 mois !<\/div>\n<div style=\"text-align: justify;\"><\/div>\n<div style=\"text-align: justify;\">Ce choix je l&rsquo;ai fait par 2 fois. Il n&rsquo;y aura pas de 4e enfant, mais s&rsquo;il y en avait un, je referais la m\u00eame chose car je n&rsquo;ai jamais v\u00e9cu cela de fa\u00e7on n\u00e9gative, et m\u00eame toujours sur le versant positif.<\/div>\n<div style=\"text-align: justify;\"><\/div>\n<div style=\"text-align: justify;\">\n<p><strong>Articles en rapport :<\/strong><\/p>\n<ul>\n<li>Voir l&rsquo;onglet <a href=\"https:\/\/www.lactissima.com\/a-tire-d-ailes\/?page_id=1179\" target=\"_blank\">t\u00e9moignages<\/a><\/li>\n<\/ul>\n<p><span style=\"color: #ffffff;\">**<\/span><\/p>\n<\/div>\n","protected":false},"excerpt":{"rendered":"<p>Je m&rsquo;appelle C\u00e9line, j&rsquo;ai 35 ans et 3 enfants, je suis m\u00e9decin g\u00e9n\u00e9raliste. Lorsque j&rsquo;ai repris le travail pour mon second, lorsqu&rsquo;il avait 2 mois, j&rsquo;ai d\u00e9cid\u00e9 d&rsquo; \u00c2\u00ab essayer \u00c2\u00bb de l&rsquo;allaiter juste 3 mois. Pour ma premi\u00e8re je n&rsquo;y connaissais rien et avais m\u00eame \u00e9t\u00e9 mal inform\u00e9e, je ne l&rsquo;allaitais d\u00e9j\u00e0 plus \u00e0 [&hellip;]<\/p>\n","protected":false},"author":170,"featured_media":5678,"comment_status":"open","ping_status":"open","sticky":false,"template":"","format":"standard","meta":{"_et_pb_use_builder":"","_et_pb_old_content":"","_et_gb_content_width":"","footnotes":""},"categories":[150],"tags":[608,606,85,607],"class_list":["post-5676","post","type-post","status-publish","format-standard","has-post-thumbnail","hentry","category-temoignages","tag-free-style","tag-medela-symphony","tag-nounou","tag-stocks"],"yoast_head":"<!-- This site is optimized with the Yoast SEO plugin v27.4 - https:\/\/yoast.com\/product\/yoast-seo-wordpress\/ -->\n<title>Allaitement et travail : le t\u00e9moignage de C\u00e9line<\/title>\n<meta name=\"description\" content=\"C\u00e9line est m\u00e9decin g\u00e9n\u00e9raliste est a choisi de tirer son lait pour pouvoir poursuivre l&#039;allaitement de ses enfants.\" \/>\n<meta name=\"robots\" content=\"index, follow, max-snippet:-1, max-image-preview:large, max-video-preview:-1\" \/>\n<link rel=\"canonical\" href=\"https:\/\/www.lactissima.com\/a-tire-d-ailes\/allaitement-travail-temoignage-celine\/\" \/>\n<meta property=\"og:locale\" content=\"fr_FR\" \/>\n<meta property=\"og:type\" content=\"article\" \/>\n<meta property=\"og:title\" content=\"Allaitement et travail : le t\u00e9moignage de C\u00e9line\" \/>\n<meta property=\"og:description\" content=\"C\u00e9line est m\u00e9decin g\u00e9n\u00e9raliste est a choisi de tirer son lait pour pouvoir poursuivre l&#039;allaitement de ses enfants.\" \/>\n<meta property=\"og:url\" content=\"https:\/\/www.lactissima.com\/a-tire-d-ailes\/allaitement-travail-temoignage-celine\/\" \/>\n<meta property=\"og:site_name\" content=\"A tire d&#039;Ailes\" \/>\n<meta property=\"article:publisher\" content=\"https:\/\/www.facebook.com\/consultante.en.lactation\" \/>\n<meta property=\"article:author\" content=\"www.facebook.com\/consultante.en.lactation\" \/>\n<meta property=\"article:published_time\" content=\"2014-04-03T07:01:31+00:00\" \/>\n<meta property=\"og:image\" content=\"https:\/\/www.lactissima.com\/a-tire-d-ailes\/wp-content\/uploads\/2014\/04\/m\u00e9decin-g\u00e9n\u00e9raliste.jpg\" \/>\n\t<meta property=\"og:image:width\" content=\"240\" \/>\n\t<meta property=\"og:image:height\" content=\"320\" \/>\n\t<meta property=\"og:image:type\" content=\"image\/jpeg\" \/>\n<meta name=\"author\" content=\"V\u00e9ronique Darmangeat\" \/>\n<meta name=\"twitter:card\" content=\"summary_large_image\" \/>\n<meta name=\"twitter:creator\" content=\"@VeroniqueIBCLC\" \/>\n<meta name=\"twitter:site\" content=\"@VeroniqueIBCLC\" \/>\n<meta name=\"twitter:label1\" content=\"\u00c9crit par\" \/>\n\t<meta name=\"twitter:data1\" content=\"V\u00e9ronique Darmangeat\" \/>\n\t<meta name=\"twitter:label2\" content=\"Dur\u00e9e de lecture estim\u00e9e\" \/>\n\t<meta name=\"twitter:data2\" content=\"3 minutes\" \/>\n<script type=\"application\/ld+json\" class=\"yoast-schema-graph\">{\"@context\":\"https:\\\/\\\/schema.org\",\"@graph\":[{\"@type\":\"Article\",\"@id\":\"https:\\\/\\\/www.lactissima.com\\\/a-tire-d-ailes\\\/allaitement-travail-temoignage-celine\\\/#article\",\"isPartOf\":{\"@id\":\"https:\\\/\\\/www.lactissima.com\\\/a-tire-d-ailes\\\/allaitement-travail-temoignage-celine\\\/\"},\"author\":{\"name\":\"V\u00e9ronique Darmangeat\",\"@id\":\"https:\\\/\\\/www.lactissima.com\\\/a-tire-d-ailes\\\/#\\\/schema\\\/person\\\/8f98d3a89530861bc1240e6d53d44eed\"},\"headline\":\"Allaitement et travail : le t\u00e9moignage de C\u00e9line\",\"datePublished\":\"2014-04-03T07:01:31+00:00\",\"mainEntityOfPage\":{\"@id\":\"https:\\\/\\\/www.lactissima.com\\\/a-tire-d-ailes\\\/allaitement-travail-temoignage-celine\\\/\"},\"wordCount\":744,\"commentCount\":6,\"image\":{\"@id\":\"https:\\\/\\\/www.lactissima.com\\\/a-tire-d-ailes\\\/allaitement-travail-temoignage-celine\\\/#primaryimage\"},\"thumbnailUrl\":\"https:\\\/\\\/www.lactissima.com\\\/a-tire-d-ailes\\\/wp-content\\\/uploads\\\/2014\\\/04\\\/m\u00e9decin-g\u00e9n\u00e9raliste.jpg\",\"keywords\":[\"Free-style\",\"Medela Symphony\",\"nounou\",\"stocks\"],\"articleSection\":[\"t\u00e9moignages\"],\"inLanguage\":\"fr-FR\",\"potentialAction\":[{\"@type\":\"CommentAction\",\"name\":\"Comment\",\"target\":[\"https:\\\/\\\/www.lactissima.com\\\/a-tire-d-ailes\\\/allaitement-travail-temoignage-celine\\\/#respond\"]}]},{\"@type\":\"WebPage\",\"@id\":\"https:\\\/\\\/www.lactissima.com\\\/a-tire-d-ailes\\\/allaitement-travail-temoignage-celine\\\/\",\"url\":\"https:\\\/\\\/www.lactissima.com\\\/a-tire-d-ailes\\\/allaitement-travail-temoignage-celine\\\/\",\"name\":\"Allaitement et travail : le t\u00e9moignage de C\u00e9line\",\"isPartOf\":{\"@id\":\"https:\\\/\\\/www.lactissima.com\\\/a-tire-d-ailes\\\/#website\"},\"primaryImageOfPage\":{\"@id\":\"https:\\\/\\\/www.lactissima.com\\\/a-tire-d-ailes\\\/allaitement-travail-temoignage-celine\\\/#primaryimage\"},\"image\":{\"@id\":\"https:\\\/\\\/www.lactissima.com\\\/a-tire-d-ailes\\\/allaitement-travail-temoignage-celine\\\/#primaryimage\"},\"thumbnailUrl\":\"https:\\\/\\\/www.lactissima.com\\\/a-tire-d-ailes\\\/wp-content\\\/uploads\\\/2014\\\/04\\\/m\u00e9decin-g\u00e9n\u00e9raliste.jpg\",\"datePublished\":\"2014-04-03T07:01:31+00:00\",\"author\":{\"@id\":\"https:\\\/\\\/www.lactissima.com\\\/a-tire-d-ailes\\\/#\\\/schema\\\/person\\\/8f98d3a89530861bc1240e6d53d44eed\"},\"description\":\"C\u00e9line est m\u00e9decin g\u00e9n\u00e9raliste est a choisi de tirer son lait pour pouvoir poursuivre l'allaitement de ses enfants.\",\"breadcrumb\":{\"@id\":\"https:\\\/\\\/www.lactissima.com\\\/a-tire-d-ailes\\\/allaitement-travail-temoignage-celine\\\/#breadcrumb\"},\"inLanguage\":\"fr-FR\",\"potentialAction\":[{\"@type\":\"ReadAction\",\"target\":[\"https:\\\/\\\/www.lactissima.com\\\/a-tire-d-ailes\\\/allaitement-travail-temoignage-celine\\\/\"]}]},{\"@type\":\"ImageObject\",\"inLanguage\":\"fr-FR\",\"@id\":\"https:\\\/\\\/www.lactissima.com\\\/a-tire-d-ailes\\\/allaitement-travail-temoignage-celine\\\/#primaryimage\",\"url\":\"https:\\\/\\\/www.lactissima.com\\\/a-tire-d-ailes\\\/wp-content\\\/uploads\\\/2014\\\/04\\\/m\u00e9decin-g\u00e9n\u00e9raliste.jpg\",\"contentUrl\":\"https:\\\/\\\/www.lactissima.com\\\/a-tire-d-ailes\\\/wp-content\\\/uploads\\\/2014\\\/04\\\/m\u00e9decin-g\u00e9n\u00e9raliste.jpg\",\"width\":240,\"height\":320,\"caption\":\"m\u00e9decin g\u00e9n\u00e9raliste\"},{\"@type\":\"BreadcrumbList\",\"@id\":\"https:\\\/\\\/www.lactissima.com\\\/a-tire-d-ailes\\\/allaitement-travail-temoignage-celine\\\/#breadcrumb\",\"itemListElement\":[{\"@type\":\"ListItem\",\"position\":1,\"name\":\"Accueil\",\"item\":\"https:\\\/\\\/www.lactissima.com\\\/a-tire-d-ailes\\\/\"},{\"@type\":\"ListItem\",\"position\":2,\"name\":\"Allaitement et travail : le t\u00e9moignage de C\u00e9line\"}]},{\"@type\":\"WebSite\",\"@id\":\"https:\\\/\\\/www.lactissima.com\\\/a-tire-d-ailes\\\/#website\",\"url\":\"https:\\\/\\\/www.lactissima.com\\\/a-tire-d-ailes\\\/\",\"name\":\"A tire d&#039;Ailes\",\"description\":\"Le blog des femmes qui allaitent et travaillent.\",\"potentialAction\":[{\"@type\":\"SearchAction\",\"target\":{\"@type\":\"EntryPoint\",\"urlTemplate\":\"https:\\\/\\\/www.lactissima.com\\\/a-tire-d-ailes\\\/?s={search_term_string}\"},\"query-input\":{\"@type\":\"PropertyValueSpecification\",\"valueRequired\":true,\"valueName\":\"search_term_string\"}}],\"inLanguage\":\"fr-FR\"},{\"@type\":\"Person\",\"@id\":\"https:\\\/\\\/www.lactissima.com\\\/a-tire-d-ailes\\\/#\\\/schema\\\/person\\\/8f98d3a89530861bc1240e6d53d44eed\",\"name\":\"V\u00e9ronique Darmangeat\",\"image\":{\"@type\":\"ImageObject\",\"inLanguage\":\"fr-FR\",\"@id\":\"https:\\\/\\\/secure.gravatar.com\\\/avatar\\\/268c99344c89cebfe4f5df5fa8be43068a18884fc76a29f3206fae98465b9cab?s=96&d=identicon&r=g\",\"url\":\"https:\\\/\\\/secure.gravatar.com\\\/avatar\\\/268c99344c89cebfe4f5df5fa8be43068a18884fc76a29f3206fae98465b9cab?s=96&d=identicon&r=g\",\"contentUrl\":\"https:\\\/\\\/secure.gravatar.com\\\/avatar\\\/268c99344c89cebfe4f5df5fa8be43068a18884fc76a29f3206fae98465b9cab?s=96&d=identicon&r=g\",\"caption\":\"V\u00e9ronique Darmangeat\"},\"sameAs\":[\"https:\\\/\\\/www.lactissima.com\\\/a-tire-d-ailes\",\"www.facebook.com\\\/consultante.en.lactation\"]}]}<\/script>\n<!-- \/ Yoast SEO plugin. -->","yoast_head_json":{"title":"Allaitement et travail : le t\u00e9moignage de C\u00e9line","description":"C\u00e9line est m\u00e9decin g\u00e9n\u00e9raliste est a choisi de tirer son lait pour pouvoir poursuivre l'allaitement de ses enfants.","robots":{"index":"index","follow":"follow","max-snippet":"max-snippet:-1","max-image-preview":"max-image-preview:large","max-video-preview":"max-video-preview:-1"},"canonical":"https:\/\/www.lactissima.com\/a-tire-d-ailes\/allaitement-travail-temoignage-celine\/","og_locale":"fr_FR","og_type":"article","og_title":"Allaitement et travail : le t\u00e9moignage de C\u00e9line","og_description":"C\u00e9line est m\u00e9decin g\u00e9n\u00e9raliste est a choisi de tirer son lait pour pouvoir poursuivre l'allaitement de ses enfants.","og_url":"https:\/\/www.lactissima.com\/a-tire-d-ailes\/allaitement-travail-temoignage-celine\/","og_site_name":"A tire d&#039;Ailes","article_publisher":"https:\/\/www.facebook.com\/consultante.en.lactation","article_author":"www.facebook.com\/consultante.en.lactation","article_published_time":"2014-04-03T07:01:31+00:00","og_image":[{"width":240,"height":320,"url":"https:\/\/www.lactissima.com\/a-tire-d-ailes\/wp-content\/uploads\/2014\/04\/m\u00e9decin-g\u00e9n\u00e9raliste.jpg","type":"image\/jpeg"}],"author":"V\u00e9ronique Darmangeat","twitter_card":"summary_large_image","twitter_creator":"@VeroniqueIBCLC","twitter_site":"@VeroniqueIBCLC","twitter_misc":{"\u00c9crit par":"V\u00e9ronique Darmangeat","Dur\u00e9e de lecture estim\u00e9e":"3 minutes"},"schema":{"@context":"https:\/\/schema.org","@graph":[{"@type":"Article","@id":"https:\/\/www.lactissima.com\/a-tire-d-ailes\/allaitement-travail-temoignage-celine\/#article","isPartOf":{"@id":"https:\/\/www.lactissima.com\/a-tire-d-ailes\/allaitement-travail-temoignage-celine\/"},"author":{"name":"V\u00e9ronique Darmangeat","@id":"https:\/\/www.lactissima.com\/a-tire-d-ailes\/#\/schema\/person\/8f98d3a89530861bc1240e6d53d44eed"},"headline":"Allaitement et travail : le t\u00e9moignage de C\u00e9line","datePublished":"2014-04-03T07:01:31+00:00","mainEntityOfPage":{"@id":"https:\/\/www.lactissima.com\/a-tire-d-ailes\/allaitement-travail-temoignage-celine\/"},"wordCount":744,"commentCount":6,"image":{"@id":"https:\/\/www.lactissima.com\/a-tire-d-ailes\/allaitement-travail-temoignage-celine\/#primaryimage"},"thumbnailUrl":"https:\/\/www.lactissima.com\/a-tire-d-ailes\/wp-content\/uploads\/2014\/04\/m\u00e9decin-g\u00e9n\u00e9raliste.jpg","keywords":["Free-style","Medela Symphony","nounou","stocks"],"articleSection":["t\u00e9moignages"],"inLanguage":"fr-FR","potentialAction":[{"@type":"CommentAction","name":"Comment","target":["https:\/\/www.lactissima.com\/a-tire-d-ailes\/allaitement-travail-temoignage-celine\/#respond"]}]},{"@type":"WebPage","@id":"https:\/\/www.lactissima.com\/a-tire-d-ailes\/allaitement-travail-temoignage-celine\/","url":"https:\/\/www.lactissima.com\/a-tire-d-ailes\/allaitement-travail-temoignage-celine\/","name":"Allaitement et travail : le t\u00e9moignage de C\u00e9line","isPartOf":{"@id":"https:\/\/www.lactissima.com\/a-tire-d-ailes\/#website"},"primaryImageOfPage":{"@id":"https:\/\/www.lactissima.com\/a-tire-d-ailes\/allaitement-travail-temoignage-celine\/#primaryimage"},"image":{"@id":"https:\/\/www.lactissima.com\/a-tire-d-ailes\/allaitement-travail-temoignage-celine\/#primaryimage"},"thumbnailUrl":"https:\/\/www.lactissima.com\/a-tire-d-ailes\/wp-content\/uploads\/2014\/04\/m\u00e9decin-g\u00e9n\u00e9raliste.jpg","datePublished":"2014-04-03T07:01:31+00:00","author":{"@id":"https:\/\/www.lactissima.com\/a-tire-d-ailes\/#\/schema\/person\/8f98d3a89530861bc1240e6d53d44eed"},"description":"C\u00e9line est m\u00e9decin g\u00e9n\u00e9raliste est a choisi de tirer son lait pour pouvoir poursuivre l'allaitement de ses enfants.","breadcrumb":{"@id":"https:\/\/www.lactissima.com\/a-tire-d-ailes\/allaitement-travail-temoignage-celine\/#breadcrumb"},"inLanguage":"fr-FR","potentialAction":[{"@type":"ReadAction","target":["https:\/\/www.lactissima.com\/a-tire-d-ailes\/allaitement-travail-temoignage-celine\/"]}]},{"@type":"ImageObject","inLanguage":"fr-FR","@id":"https:\/\/www.lactissima.com\/a-tire-d-ailes\/allaitement-travail-temoignage-celine\/#primaryimage","url":"https:\/\/www.lactissima.com\/a-tire-d-ailes\/wp-content\/uploads\/2014\/04\/m\u00e9decin-g\u00e9n\u00e9raliste.jpg","contentUrl":"https:\/\/www.lactissima.com\/a-tire-d-ailes\/wp-content\/uploads\/2014\/04\/m\u00e9decin-g\u00e9n\u00e9raliste.jpg","width":240,"height":320,"caption":"m\u00e9decin g\u00e9n\u00e9raliste"},{"@type":"BreadcrumbList","@id":"https:\/\/www.lactissima.com\/a-tire-d-ailes\/allaitement-travail-temoignage-celine\/#breadcrumb","itemListElement":[{"@type":"ListItem","position":1,"name":"Accueil","item":"https:\/\/www.lactissima.com\/a-tire-d-ailes\/"},{"@type":"ListItem","position":2,"name":"Allaitement et travail : le t\u00e9moignage de C\u00e9line"}]},{"@type":"WebSite","@id":"https:\/\/www.lactissima.com\/a-tire-d-ailes\/#website","url":"https:\/\/www.lactissima.com\/a-tire-d-ailes\/","name":"A tire d&#039;Ailes","description":"Le blog des femmes qui allaitent et travaillent.","potentialAction":[{"@type":"SearchAction","target":{"@type":"EntryPoint","urlTemplate":"https:\/\/www.lactissima.com\/a-tire-d-ailes\/?s={search_term_string}"},"query-input":{"@type":"PropertyValueSpecification","valueRequired":true,"valueName":"search_term_string"}}],"inLanguage":"fr-FR"},{"@type":"Person","@id":"https:\/\/www.lactissima.com\/a-tire-d-ailes\/#\/schema\/person\/8f98d3a89530861bc1240e6d53d44eed","name":"V\u00e9ronique Darmangeat","image":{"@type":"ImageObject","inLanguage":"fr-FR","@id":"https:\/\/secure.gravatar.com\/avatar\/268c99344c89cebfe4f5df5fa8be43068a18884fc76a29f3206fae98465b9cab?s=96&d=identicon&r=g","url":"https:\/\/secure.gravatar.com\/avatar\/268c99344c89cebfe4f5df5fa8be43068a18884fc76a29f3206fae98465b9cab?s=96&d=identicon&r=g","contentUrl":"https:\/\/secure.gravatar.com\/avatar\/268c99344c89cebfe4f5df5fa8be43068a18884fc76a29f3206fae98465b9cab?s=96&d=identicon&r=g","caption":"V\u00e9ronique Darmangeat"},"sameAs":["https:\/\/www.lactissima.com\/a-tire-d-ailes","www.facebook.com\/consultante.en.lactation"]}]}},"_links":{"self":[{"href":"https:\/\/www.lactissima.com\/a-tire-d-ailes\/wp-json\/wp\/v2\/posts\/5676","targetHints":{"allow":["GET"]}}],"collection":[{"href":"https:\/\/www.lactissima.com\/a-tire-d-ailes\/wp-json\/wp\/v2\/posts"}],"about":[{"href":"https:\/\/www.lactissima.com\/a-tire-d-ailes\/wp-json\/wp\/v2\/types\/post"}],"author":[{"embeddable":true,"href":"https:\/\/www.lactissima.com\/a-tire-d-ailes\/wp-json\/wp\/v2\/users\/170"}],"replies":[{"embeddable":true,"href":"https:\/\/www.lactissima.com\/a-tire-d-ailes\/wp-json\/wp\/v2\/comments?post=5676"}],"version-history":[{"count":3,"href":"https:\/\/www.lactissima.com\/a-tire-d-ailes\/wp-json\/wp\/v2\/posts\/5676\/revisions"}],"predecessor-version":[{"id":5680,"href":"https:\/\/www.lactissima.com\/a-tire-d-ailes\/wp-json\/wp\/v2\/posts\/5676\/revisions\/5680"}],"wp:featuredmedia":[{"embeddable":true,"href":"https:\/\/www.lactissima.com\/a-tire-d-ailes\/wp-json\/wp\/v2\/media\/5678"}],"wp:attachment":[{"href":"https:\/\/www.lactissima.com\/a-tire-d-ailes\/wp-json\/wp\/v2\/media?parent=5676"}],"wp:term":[{"taxonomy":"category","embeddable":true,"href":"https:\/\/www.lactissima.com\/a-tire-d-ailes\/wp-json\/wp\/v2\/categories?post=5676"},{"taxonomy":"post_tag","embeddable":true,"href":"https:\/\/www.lactissima.com\/a-tire-d-ailes\/wp-json\/wp\/v2\/tags?post=5676"}],"curies":[{"name":"wp","href":"https:\/\/api.w.org\/{rel}","templated":true}]}}