{"id":563,"date":"2009-07-26T11:43:56","date_gmt":"2009-07-26T09:43:56","guid":{"rendered":"https:\/\/www.lactissima.com\/a-tire-d-ailes\/?p=563"},"modified":"2016-08-03T19:25:20","modified_gmt":"2016-08-03T17:25:20","slug":"habituer-bebe-au-biberon","status":"publish","type":"post","link":"https:\/\/www.lactissima.com\/a-tire-d-ailes\/habituer-bebe-au-biberon\/","title":{"rendered":"Comment faire pour habituer mon b\u00e9b\u00e9 au biberon ?"},"content":{"rendered":"<p style=\"text-align: justify;\"><img loading=\"lazy\" decoding=\"async\" class=\"size-full wp-image-568 alignright\" title=\"habituer b\u00e9b\u00e9 au biberon\" src=\"https:\/\/www.lactissima.com\/a-tire-d-ailes\/wp-content\/uploads\/pensante2.jpg\" alt=\"habituer b\u00e9b\u00e9 au biberon\" width=\"147\" height=\"261\" \/>Voil\u00e0 une question que l&rsquo;on me pose <strong>fr\u00e9quemment<\/strong>, qui circule \u00e9norm\u00e9ment sur les forums et suscite beaucoup <strong>d&rsquo;inqui\u00e9tude<\/strong>. Pourtant, je n&rsquo;ai trouv\u00e9 que cet <a href=\"http:\/\/hibana.free.fr\/allaitement\/le_passage_au_biberon.php\">article<\/a> sur le sujet. Le plus souvent la maman se dit qu&rsquo;il ne faut pas introduire trop de <strong>changements<\/strong> d&rsquo;un coup et donc <a title=\"habituer b\u00e9b\u00e9 au biberon\" href=\"https:\/\/www.lactissima.com\/a-tire-d-ailes\/habituer-bebe-au-biberon\/\"><strong>habituer<\/strong> b\u00e9b\u00e9 au biberon<\/a> <strong>avant<\/strong> de le laisser en garde.<\/p>\n<p style=\"text-align: justify;\">En fait, la situation est <strong>rarement<\/strong> aussi simple. Si vous avez exclusivement allait\u00e9 votre b\u00e9b\u00e9 jusqu&rsquo;\u00e0 pr\u00e9sent, <strong>il comprend souvent mal<\/strong> pourquoi tout \u00e0 coup il doit prendre un biberon lorsqu&rsquo;il a faim alors que le sein est <strong>\u00e0 port\u00e9e de bouche<\/strong>.<br \/>\nIl convient donc de <strong>prendre soin<\/strong> de votre b\u00e9b\u00e9 et de vous-m\u00eame.<br \/>\nDe votre <strong>b\u00e9b\u00e9<\/strong> car ce changement de mode d&rsquo;alimentation n&rsquo;est pas toujours bien v\u00e9cu ; et de <strong>vous<\/strong> car vous avez besoin de savoir que <strong>tout se passera bien<\/strong> lorsque vous laisserez votre b\u00e9b\u00e9.<\/p>\n<p style=\"text-align: justify;\">Beaucoup de m\u00e8res choisissent de <strong>ne pas introduire le biberon avant<\/strong> la reprise du travail. Elles continuent \u00e0 allaiter <strong>normalement<\/strong> jusqu&rsquo;au jour J et c&rsquo;est la personne qui garde le b\u00e9b\u00e9 qui <strong>propose<\/strong> le biberon. Cette fa\u00e7on de faire a l&rsquo;avantage d&rsquo;\u00eatre <strong>claire pour le b\u00e9b\u00e9<\/strong> : maman est l\u00e0 , je t\u00e8te ; maman n&rsquo;est pas l\u00e0 , je me nourris autrement.<br \/>\nCertains b\u00e9b\u00e9s <strong>refusent<\/strong> le biberon les premiers jours mais le plus souvent ils comprennent <strong>vite<\/strong> et acceptent facilement.<br \/>\nPour vous aussi, cela pr\u00e9sente des <strong>avantages<\/strong> : vous pouvez profiter de votre allaitement exclusif <strong>le plus longtemps possible<\/strong> et vous n&rsquo;avez pas \u00e0 affronter l&rsquo;angoisse de votre b\u00e9b\u00e9 qui refuse le biberon avant la reprise du travail.<\/p>\n<p style=\"text-align: justify;\">Cependant, cette fa\u00e7on de faire <strong>ne convient pas \u00e0 tout le monde<\/strong>. Certaines mamans ont besoin de savoir que leur b\u00e9b\u00e9 <strong>saura se nourrir<\/strong> en leur absence pour pouvoir partir travailler l&rsquo;esprit <strong>serein<\/strong>. Elles pr\u00e9f\u00e8rent donc essayer de donner le biberon <strong>avant<\/strong> la reprise du travail. Le <strong>d\u00e9lai<\/strong> avant la reprise n&rsquo;est pas important car si vous constatez que votre b\u00e9b\u00e9 accepte le biberon, vous n&rsquo;\u00eates pas oblig\u00e9e de lui en proposer <strong>r\u00e9guli\u00e8rement<\/strong> tous les jours avant la reprise.<br \/>\nA l&rsquo;inverse, si votre b\u00e9b\u00e9 <strong>refuse<\/strong> le biberon, ce n&rsquo;est pas forc\u00e9ment en <strong>insistant<\/strong> tous les jours pendant quinze jours que cela va marcher.<br \/>\nDans ce cas de figure, je vous renvoie \u00e0 mon <a href=\"https:\/\/www.lactissima.com\/a-tire-d-ailes\/?p=234\">article<\/a> sur le sujet.<\/p>\n<p style=\"text-align: justify;\">Bref, la question <strong>essentielle<\/strong> n&rsquo;est pas une question de d\u00e9lai (en revanche cela peut-\u00eatre la question si vous souhaitez sevrer) mais une question de <strong>priorit\u00e9<\/strong> : qu&rsquo;est-ce qui est <strong>le plus important pour vous<\/strong> ? Profiter au maximum de ce temps qu&rsquo;il vous reste avec votre b\u00e9b\u00e9, quitte \u00e0 vivre quelques jours difficiles \u00e0 la reprise ; ou bien pr\u00e9parer cette reprise au maximum quitte \u00e0 vous g\u00e2cher vos derniers jours en exclusif avec votre b\u00e9b\u00e9 ?<br \/>\nC&rsquo;est un choix tr\u00e8s <strong>personnel<\/strong>, vous seule pouvez r\u00e9pondre \u00e0 cette question.<br \/>\nDans les deux cas, il peut y avoir <strong>des moments difficiles<\/strong> ou au contraire <strong>tout peut se passer parfaitement bien<\/strong>. Alors faites comme <strong>vous<\/strong> le sentez et <strong>parlez<\/strong>-en \u00e0 votre b\u00e9b\u00e9 !<\/p>\n<p style=\"text-align: justify;\">Et <strong>vous<\/strong>, comment avez-vous fait ?<\/p>\n<p style=\"text-align: justify;\"><strong>Articles en rapport<\/strong> :<\/p>\n<ul>\n<li style=\"text-align: justify;\"><a href=\"https:\/\/www.lactissima.com\/a-tire-d-ailes\/?p=234\">Quand mon b\u00e9b\u00e9 refuse le biberon<\/a><\/li>\n<li style=\"text-align: justify;\"><a href=\"https:\/\/www.lactissima.com\/a-tire-d-ailes\/?p=415\">Donner son lait autrement&#8230; qu&rsquo;au biberon<\/a><\/li>\n<li style=\"text-align: justify;\"><a href=\"https:\/\/www.lactissima.com\/a-tire-d-ailes\/?p=398\">Reprise du travail en allaitement mixte<\/a><\/li>\n<\/ul>\n<p>&nbsp;<\/p>\n","protected":false},"excerpt":{"rendered":"<p>Le plus souvent la maman se dit qu&rsquo;il ne faut pas introduire trop de changements d&rsquo;un coup et donc habituer son b\u00e9b\u00e9 au biberon avant de le laisser en garde. En fait, la situation est rarement aussi simple.<\/p>\n","protected":false},"author":170,"featured_media":568,"comment_status":"closed","ping_status":"open","sticky":false,"template":"","format":"standard","meta":{"_et_pb_use_builder":"","_et_pb_old_content":"","_et_gb_content_width":"","footnotes":""},"categories":[35,36,39,43,711,45,46],"tags":[537],"class_list":["post-563","post","type-post","status-publish","format-standard","has-post-thumbnail","hentry","category-allaitement","category-allaitement-et-travail","category-difficultes","category-materiel","category-passage-au-biberon","category-travail-des-femmes","category-vie-de-famille","tag-habituer-bebe-au-biberon"],"yoast_head":"<!-- This site is optimized with the Yoast SEO plugin v27.4 - https:\/\/yoast.com\/product\/yoast-seo-wordpress\/ -->\n<title>habituer b\u00e9b\u00e9 au biberon<\/title>\n<meta name=\"description\" content=\"La maman se dit souvent qu&#039;il ne faut pas introduire trop de changements d&#039;un coup et donc habituer b\u00e9b\u00e9 au biberon avant de le laisser en garde. S\u00fbr ?\" \/>\n<meta name=\"robots\" content=\"index, follow, max-snippet:-1, max-image-preview:large, max-video-preview:-1\" \/>\n<link rel=\"canonical\" href=\"https:\/\/www.lactissima.com\/a-tire-d-ailes\/habituer-bebe-au-biberon\/\" \/>\n<meta property=\"og:locale\" content=\"fr_FR\" \/>\n<meta property=\"og:type\" content=\"article\" \/>\n<meta property=\"og:title\" content=\"habituer b\u00e9b\u00e9 au biberon\" \/>\n<meta property=\"og:description\" content=\"La maman se dit souvent qu&#039;il ne faut pas introduire trop de changements d&#039;un coup et donc habituer b\u00e9b\u00e9 au biberon avant de le laisser en garde. S\u00fbr ?\" \/>\n<meta property=\"og:url\" content=\"https:\/\/www.lactissima.com\/a-tire-d-ailes\/habituer-bebe-au-biberon\/\" \/>\n<meta property=\"og:site_name\" content=\"A tire d&#039;Ailes\" \/>\n<meta property=\"article:publisher\" content=\"https:\/\/www.facebook.com\/consultante.en.lactation\" \/>\n<meta property=\"article:author\" content=\"www.facebook.com\/consultante.en.lactation\" \/>\n<meta property=\"article:published_time\" content=\"2009-07-26T09:43:56+00:00\" \/>\n<meta property=\"article:modified_time\" content=\"2016-08-03T17:25:20+00:00\" \/>\n<meta property=\"og:image\" content=\"https:\/\/www.lactissima.com\/a-tire-d-ailes\/wp-content\/uploads\/pensante2.jpg\" \/>\n\t<meta property=\"og:image:width\" content=\"147\" \/>\n\t<meta property=\"og:image:height\" content=\"261\" \/>\n\t<meta property=\"og:image:type\" content=\"image\/jpeg\" \/>\n<meta name=\"author\" content=\"V\u00e9ronique Darmangeat\" \/>\n<meta name=\"twitter:card\" content=\"summary_large_image\" \/>\n<meta name=\"twitter:creator\" content=\"@VeroniqueIBCLC\" \/>\n<meta name=\"twitter:site\" content=\"@VeroniqueIBCLC\" \/>\n<meta name=\"twitter:label1\" content=\"\u00c9crit par\" \/>\n\t<meta name=\"twitter:data1\" content=\"V\u00e9ronique Darmangeat\" \/>\n\t<meta name=\"twitter:label2\" content=\"Dur\u00e9e de lecture estim\u00e9e\" \/>\n\t<meta name=\"twitter:data2\" content=\"3 minutes\" \/>\n<script type=\"application\/ld+json\" class=\"yoast-schema-graph\">{\"@context\":\"https:\\\/\\\/schema.org\",\"@graph\":[{\"@type\":\"Article\",\"@id\":\"https:\\\/\\\/www.lactissima.com\\\/a-tire-d-ailes\\\/habituer-bebe-au-biberon\\\/#article\",\"isPartOf\":{\"@id\":\"https:\\\/\\\/www.lactissima.com\\\/a-tire-d-ailes\\\/habituer-bebe-au-biberon\\\/\"},\"author\":{\"name\":\"V\u00e9ronique Darmangeat\",\"@id\":\"https:\\\/\\\/www.lactissima.com\\\/a-tire-d-ailes\\\/#\\\/schema\\\/person\\\/8f98d3a89530861bc1240e6d53d44eed\"},\"headline\":\"Comment faire pour habituer mon b\u00e9b\u00e9 au biberon ?\",\"datePublished\":\"2009-07-26T09:43:56+00:00\",\"dateModified\":\"2016-08-03T17:25:20+00:00\",\"mainEntityOfPage\":{\"@id\":\"https:\\\/\\\/www.lactissima.com\\\/a-tire-d-ailes\\\/habituer-bebe-au-biberon\\\/\"},\"wordCount\":583,\"image\":{\"@id\":\"https:\\\/\\\/www.lactissima.com\\\/a-tire-d-ailes\\\/habituer-bebe-au-biberon\\\/#primaryimage\"},\"thumbnailUrl\":\"https:\\\/\\\/www.lactissima.com\\\/a-tire-d-ailes\\\/wp-content\\\/uploads\\\/pensante2.jpg\",\"keywords\":[\"habituer b\u00e9b\u00e9 au biberon\"],\"articleSection\":[\"Allaitement\",\"Allaitement et Travail\",\"Difficult\u00e9s\",\"Mat\u00e9riel\",\"Passage au biberon\",\"Travail des femmes\",\"Vie de famille\"],\"inLanguage\":\"fr-FR\"},{\"@type\":\"WebPage\",\"@id\":\"https:\\\/\\\/www.lactissima.com\\\/a-tire-d-ailes\\\/habituer-bebe-au-biberon\\\/\",\"url\":\"https:\\\/\\\/www.lactissima.com\\\/a-tire-d-ailes\\\/habituer-bebe-au-biberon\\\/\",\"name\":\"habituer b\u00e9b\u00e9 au biberon\",\"isPartOf\":{\"@id\":\"https:\\\/\\\/www.lactissima.com\\\/a-tire-d-ailes\\\/#website\"},\"primaryImageOfPage\":{\"@id\":\"https:\\\/\\\/www.lactissima.com\\\/a-tire-d-ailes\\\/habituer-bebe-au-biberon\\\/#primaryimage\"},\"image\":{\"@id\":\"https:\\\/\\\/www.lactissima.com\\\/a-tire-d-ailes\\\/habituer-bebe-au-biberon\\\/#primaryimage\"},\"thumbnailUrl\":\"https:\\\/\\\/www.lactissima.com\\\/a-tire-d-ailes\\\/wp-content\\\/uploads\\\/pensante2.jpg\",\"datePublished\":\"2009-07-26T09:43:56+00:00\",\"dateModified\":\"2016-08-03T17:25:20+00:00\",\"author\":{\"@id\":\"https:\\\/\\\/www.lactissima.com\\\/a-tire-d-ailes\\\/#\\\/schema\\\/person\\\/8f98d3a89530861bc1240e6d53d44eed\"},\"description\":\"La maman se dit souvent qu'il ne faut pas introduire trop de changements d'un coup et donc habituer b\u00e9b\u00e9 au biberon avant de le laisser en garde. S\u00fbr ?\",\"breadcrumb\":{\"@id\":\"https:\\\/\\\/www.lactissima.com\\\/a-tire-d-ailes\\\/habituer-bebe-au-biberon\\\/#breadcrumb\"},\"inLanguage\":\"fr-FR\",\"potentialAction\":[{\"@type\":\"ReadAction\",\"target\":[\"https:\\\/\\\/www.lactissima.com\\\/a-tire-d-ailes\\\/habituer-bebe-au-biberon\\\/\"]}]},{\"@type\":\"ImageObject\",\"inLanguage\":\"fr-FR\",\"@id\":\"https:\\\/\\\/www.lactissima.com\\\/a-tire-d-ailes\\\/habituer-bebe-au-biberon\\\/#primaryimage\",\"url\":\"https:\\\/\\\/www.lactissima.com\\\/a-tire-d-ailes\\\/wp-content\\\/uploads\\\/pensante2.jpg\",\"contentUrl\":\"https:\\\/\\\/www.lactissima.com\\\/a-tire-d-ailes\\\/wp-content\\\/uploads\\\/pensante2.jpg\",\"width\":\"147\",\"height\":\"261\"},{\"@type\":\"BreadcrumbList\",\"@id\":\"https:\\\/\\\/www.lactissima.com\\\/a-tire-d-ailes\\\/habituer-bebe-au-biberon\\\/#breadcrumb\",\"itemListElement\":[{\"@type\":\"ListItem\",\"position\":1,\"name\":\"Accueil\",\"item\":\"https:\\\/\\\/www.lactissima.com\\\/a-tire-d-ailes\\\/\"},{\"@type\":\"ListItem\",\"position\":2,\"name\":\"Comment faire pour habituer mon b\u00e9b\u00e9 au biberon ?\"}]},{\"@type\":\"WebSite\",\"@id\":\"https:\\\/\\\/www.lactissima.com\\\/a-tire-d-ailes\\\/#website\",\"url\":\"https:\\\/\\\/www.lactissima.com\\\/a-tire-d-ailes\\\/\",\"name\":\"A tire d&#039;Ailes\",\"description\":\"Le blog des femmes qui allaitent et travaillent.\",\"potentialAction\":[{\"@type\":\"SearchAction\",\"target\":{\"@type\":\"EntryPoint\",\"urlTemplate\":\"https:\\\/\\\/www.lactissima.com\\\/a-tire-d-ailes\\\/?s={search_term_string}\"},\"query-input\":{\"@type\":\"PropertyValueSpecification\",\"valueRequired\":true,\"valueName\":\"search_term_string\"}}],\"inLanguage\":\"fr-FR\"},{\"@type\":\"Person\",\"@id\":\"https:\\\/\\\/www.lactissima.com\\\/a-tire-d-ailes\\\/#\\\/schema\\\/person\\\/8f98d3a89530861bc1240e6d53d44eed\",\"name\":\"V\u00e9ronique Darmangeat\",\"image\":{\"@type\":\"ImageObject\",\"inLanguage\":\"fr-FR\",\"@id\":\"https:\\\/\\\/secure.gravatar.com\\\/avatar\\\/268c99344c89cebfe4f5df5fa8be43068a18884fc76a29f3206fae98465b9cab?s=96&d=identicon&r=g\",\"url\":\"https:\\\/\\\/secure.gravatar.com\\\/avatar\\\/268c99344c89cebfe4f5df5fa8be43068a18884fc76a29f3206fae98465b9cab?s=96&d=identicon&r=g\",\"contentUrl\":\"https:\\\/\\\/secure.gravatar.com\\\/avatar\\\/268c99344c89cebfe4f5df5fa8be43068a18884fc76a29f3206fae98465b9cab?s=96&d=identicon&r=g\",\"caption\":\"V\u00e9ronique Darmangeat\"},\"sameAs\":[\"https:\\\/\\\/www.lactissima.com\\\/a-tire-d-ailes\",\"www.facebook.com\\\/consultante.en.lactation\"]}]}<\/script>\n<!-- \/ Yoast SEO plugin. -->","yoast_head_json":{"title":"habituer b\u00e9b\u00e9 au biberon","description":"La maman se dit souvent qu'il ne faut pas introduire trop de changements d'un coup et donc habituer b\u00e9b\u00e9 au biberon avant de le laisser en garde. S\u00fbr ?","robots":{"index":"index","follow":"follow","max-snippet":"max-snippet:-1","max-image-preview":"max-image-preview:large","max-video-preview":"max-video-preview:-1"},"canonical":"https:\/\/www.lactissima.com\/a-tire-d-ailes\/habituer-bebe-au-biberon\/","og_locale":"fr_FR","og_type":"article","og_title":"habituer b\u00e9b\u00e9 au biberon","og_description":"La maman se dit souvent qu'il ne faut pas introduire trop de changements d'un coup et donc habituer b\u00e9b\u00e9 au biberon avant de le laisser en garde. S\u00fbr ?","og_url":"https:\/\/www.lactissima.com\/a-tire-d-ailes\/habituer-bebe-au-biberon\/","og_site_name":"A tire d&#039;Ailes","article_publisher":"https:\/\/www.facebook.com\/consultante.en.lactation","article_author":"www.facebook.com\/consultante.en.lactation","article_published_time":"2009-07-26T09:43:56+00:00","article_modified_time":"2016-08-03T17:25:20+00:00","og_image":[{"width":147,"height":261,"url":"https:\/\/www.lactissima.com\/a-tire-d-ailes\/wp-content\/uploads\/pensante2.jpg","type":"image\/jpeg"}],"author":"V\u00e9ronique Darmangeat","twitter_card":"summary_large_image","twitter_creator":"@VeroniqueIBCLC","twitter_site":"@VeroniqueIBCLC","twitter_misc":{"\u00c9crit par":"V\u00e9ronique Darmangeat","Dur\u00e9e de lecture estim\u00e9e":"3 minutes"},"schema":{"@context":"https:\/\/schema.org","@graph":[{"@type":"Article","@id":"https:\/\/www.lactissima.com\/a-tire-d-ailes\/habituer-bebe-au-biberon\/#article","isPartOf":{"@id":"https:\/\/www.lactissima.com\/a-tire-d-ailes\/habituer-bebe-au-biberon\/"},"author":{"name":"V\u00e9ronique Darmangeat","@id":"https:\/\/www.lactissima.com\/a-tire-d-ailes\/#\/schema\/person\/8f98d3a89530861bc1240e6d53d44eed"},"headline":"Comment faire pour habituer mon b\u00e9b\u00e9 au biberon ?","datePublished":"2009-07-26T09:43:56+00:00","dateModified":"2016-08-03T17:25:20+00:00","mainEntityOfPage":{"@id":"https:\/\/www.lactissima.com\/a-tire-d-ailes\/habituer-bebe-au-biberon\/"},"wordCount":583,"image":{"@id":"https:\/\/www.lactissima.com\/a-tire-d-ailes\/habituer-bebe-au-biberon\/#primaryimage"},"thumbnailUrl":"https:\/\/www.lactissima.com\/a-tire-d-ailes\/wp-content\/uploads\/pensante2.jpg","keywords":["habituer b\u00e9b\u00e9 au biberon"],"articleSection":["Allaitement","Allaitement et Travail","Difficult\u00e9s","Mat\u00e9riel","Passage au biberon","Travail des femmes","Vie de famille"],"inLanguage":"fr-FR"},{"@type":"WebPage","@id":"https:\/\/www.lactissima.com\/a-tire-d-ailes\/habituer-bebe-au-biberon\/","url":"https:\/\/www.lactissima.com\/a-tire-d-ailes\/habituer-bebe-au-biberon\/","name":"habituer b\u00e9b\u00e9 au biberon","isPartOf":{"@id":"https:\/\/www.lactissima.com\/a-tire-d-ailes\/#website"},"primaryImageOfPage":{"@id":"https:\/\/www.lactissima.com\/a-tire-d-ailes\/habituer-bebe-au-biberon\/#primaryimage"},"image":{"@id":"https:\/\/www.lactissima.com\/a-tire-d-ailes\/habituer-bebe-au-biberon\/#primaryimage"},"thumbnailUrl":"https:\/\/www.lactissima.com\/a-tire-d-ailes\/wp-content\/uploads\/pensante2.jpg","datePublished":"2009-07-26T09:43:56+00:00","dateModified":"2016-08-03T17:25:20+00:00","author":{"@id":"https:\/\/www.lactissima.com\/a-tire-d-ailes\/#\/schema\/person\/8f98d3a89530861bc1240e6d53d44eed"},"description":"La maman se dit souvent qu'il ne faut pas introduire trop de changements d'un coup et donc habituer b\u00e9b\u00e9 au biberon avant de le laisser en garde. S\u00fbr ?","breadcrumb":{"@id":"https:\/\/www.lactissima.com\/a-tire-d-ailes\/habituer-bebe-au-biberon\/#breadcrumb"},"inLanguage":"fr-FR","potentialAction":[{"@type":"ReadAction","target":["https:\/\/www.lactissima.com\/a-tire-d-ailes\/habituer-bebe-au-biberon\/"]}]},{"@type":"ImageObject","inLanguage":"fr-FR","@id":"https:\/\/www.lactissima.com\/a-tire-d-ailes\/habituer-bebe-au-biberon\/#primaryimage","url":"https:\/\/www.lactissima.com\/a-tire-d-ailes\/wp-content\/uploads\/pensante2.jpg","contentUrl":"https:\/\/www.lactissima.com\/a-tire-d-ailes\/wp-content\/uploads\/pensante2.jpg","width":"147","height":"261"},{"@type":"BreadcrumbList","@id":"https:\/\/www.lactissima.com\/a-tire-d-ailes\/habituer-bebe-au-biberon\/#breadcrumb","itemListElement":[{"@type":"ListItem","position":1,"name":"Accueil","item":"https:\/\/www.lactissima.com\/a-tire-d-ailes\/"},{"@type":"ListItem","position":2,"name":"Comment faire pour habituer mon b\u00e9b\u00e9 au biberon ?"}]},{"@type":"WebSite","@id":"https:\/\/www.lactissima.com\/a-tire-d-ailes\/#website","url":"https:\/\/www.lactissima.com\/a-tire-d-ailes\/","name":"A tire d&#039;Ailes","description":"Le blog des femmes qui allaitent et travaillent.","potentialAction":[{"@type":"SearchAction","target":{"@type":"EntryPoint","urlTemplate":"https:\/\/www.lactissima.com\/a-tire-d-ailes\/?s={search_term_string}"},"query-input":{"@type":"PropertyValueSpecification","valueRequired":true,"valueName":"search_term_string"}}],"inLanguage":"fr-FR"},{"@type":"Person","@id":"https:\/\/www.lactissima.com\/a-tire-d-ailes\/#\/schema\/person\/8f98d3a89530861bc1240e6d53d44eed","name":"V\u00e9ronique Darmangeat","image":{"@type":"ImageObject","inLanguage":"fr-FR","@id":"https:\/\/secure.gravatar.com\/avatar\/268c99344c89cebfe4f5df5fa8be43068a18884fc76a29f3206fae98465b9cab?s=96&d=identicon&r=g","url":"https:\/\/secure.gravatar.com\/avatar\/268c99344c89cebfe4f5df5fa8be43068a18884fc76a29f3206fae98465b9cab?s=96&d=identicon&r=g","contentUrl":"https:\/\/secure.gravatar.com\/avatar\/268c99344c89cebfe4f5df5fa8be43068a18884fc76a29f3206fae98465b9cab?s=96&d=identicon&r=g","caption":"V\u00e9ronique Darmangeat"},"sameAs":["https:\/\/www.lactissima.com\/a-tire-d-ailes","www.facebook.com\/consultante.en.lactation"]}]}},"_links":{"self":[{"href":"https:\/\/www.lactissima.com\/a-tire-d-ailes\/wp-json\/wp\/v2\/posts\/563","targetHints":{"allow":["GET"]}}],"collection":[{"href":"https:\/\/www.lactissima.com\/a-tire-d-ailes\/wp-json\/wp\/v2\/posts"}],"about":[{"href":"https:\/\/www.lactissima.com\/a-tire-d-ailes\/wp-json\/wp\/v2\/types\/post"}],"author":[{"embeddable":true,"href":"https:\/\/www.lactissima.com\/a-tire-d-ailes\/wp-json\/wp\/v2\/users\/170"}],"replies":[{"embeddable":true,"href":"https:\/\/www.lactissima.com\/a-tire-d-ailes\/wp-json\/wp\/v2\/comments?post=563"}],"version-history":[{"count":20,"href":"https:\/\/www.lactissima.com\/a-tire-d-ailes\/wp-json\/wp\/v2\/posts\/563\/revisions"}],"predecessor-version":[{"id":6844,"href":"https:\/\/www.lactissima.com\/a-tire-d-ailes\/wp-json\/wp\/v2\/posts\/563\/revisions\/6844"}],"wp:featuredmedia":[{"embeddable":true,"href":"https:\/\/www.lactissima.com\/a-tire-d-ailes\/wp-json\/wp\/v2\/media\/568"}],"wp:attachment":[{"href":"https:\/\/www.lactissima.com\/a-tire-d-ailes\/wp-json\/wp\/v2\/media?parent=563"}],"wp:term":[{"taxonomy":"category","embeddable":true,"href":"https:\/\/www.lactissima.com\/a-tire-d-ailes\/wp-json\/wp\/v2\/categories?post=563"},{"taxonomy":"post_tag","embeddable":true,"href":"https:\/\/www.lactissima.com\/a-tire-d-ailes\/wp-json\/wp\/v2\/tags?post=563"}],"curies":[{"name":"wp","href":"https:\/\/api.w.org\/{rel}","templated":true}]}}