{"id":519,"date":"2009-07-12T13:15:06","date_gmt":"2009-07-12T11:15:06","guid":{"rendered":"https:\/\/www.lactissima.com\/a-tire-d-ailes\/?p=519"},"modified":"2016-08-03T19:25:34","modified_gmt":"2016-08-03T17:25:34","slug":"transporter-le-lait-maternel","status":"publish","type":"post","link":"https:\/\/www.lactissima.com\/a-tire-d-ailes\/transporter-le-lait-maternel\/","title":{"rendered":"Comment transporter son lait ?"},"content":{"rendered":"<p style=\"text-align: justify;\">Pour les femmes qui tirent leur lait, <span style=\"color: #333333;\"><a title=\"transport lait maternel\" href=\"https:\/\/www.lactissima.com\/a-tire-d-ailes\/comment-transporter-son-lait\/\"><span style=\"color: #333333;\">transporter le lait maternel<\/span><\/a><\/span> est important : pour rapporter le lait que l&rsquo;on a tir\u00e9 au travail, pour apporter le lait \u00e0 la cr\u00e8che ou \u00e0 l&rsquo;assistante maternelle, &#8230;<\/p>\n<p style=\"text-align: justify;\">Le lait peut \u00eatre transport\u00e9 <strong>\u00e0 temp\u00e9rature ambiante ou au froid<\/strong>. Quand le trajet est court, par exemple dix minutes pour aller d\u00e9poser petit poussin \u00e0 la cr\u00e8che avec le lait de la journ\u00e9e, le lait frais peut se transporter \u00e0 temp\u00e9rature ambiante. Attention cependant, si c&rsquo;est du lait congel\u00e9 que vous transportez, \u00e0 ne pas rompre la cha\u00eene du froid. Dans ce cas, vous avez besoin d&rsquo;un contenant isotherme.<a href=\"https:\/\/www.lactissima.com\/a-tire-d-ailes\/comment-transporter-son-lait\/\"><img loading=\"lazy\" decoding=\"async\" class=\"size-full wp-image-521 alignnone\" title=\"transporter le lait maternel\" src=\"https:\/\/www.lactissima.com\/a-tire-d-ailes\/wp-content\/uploads\/isotherme.jpeg\" alt=\"transporter le lait maternel\" width=\"150\" height=\"150\" \/><\/a><\/p>\n<p style=\"text-align: justify;\">Par contre, si vous tirez votre lait au travail et que vous n&rsquo;avez pas de r\u00e9frig\u00e9rateur \u00e0 disposition, vous aurez besoin d&rsquo;une petite<strong> glaci\u00e8re<\/strong> pour la <a title=\"conservation lait maternel cr\u00e8che\" href=\"https:\/\/www.lactissima.com\/a-tire-d-ailes\/la-conservation-du-lait-maternel\/\" target=\"_blank\">conservation du lait maternel tir\u00e9<\/a> et pour le transporter. Vous le mettrez au r\u00e9frig\u00e9rateur \u00e0 votre retour chez vous.<\/p>\n<p style=\"text-align: center;\"><a href=\"https:\/\/www.lactissima.com\/a-tire-d-ailes\/wp-content\/uploads\/2009\/07\/Glaciere-souple-isotherme.jpg\"><img loading=\"lazy\" decoding=\"async\" class=\"aligncenter size-full wp-image-4036\" title=\"transporter le lait maternel\" src=\"https:\/\/www.lactissima.com\/a-tire-d-ailes\/wp-content\/uploads\/2009\/07\/Glaciere-souple-isotherme.jpg\" alt=\"transporter le lait maternel\" width=\"223\" height=\"197\" \/><\/a><\/p>\n<p style=\"text-align: justify;\">Si vous disposez d&rsquo;un r\u00e9frig\u00e9rateur sur votre lieu de travail, vous pouvez transporter votre lait \u00e0 temp\u00e9rature ambiante en le remettant au r\u00e9frig\u00e9rateur en rentrant.<\/p>\n<p style=\"text-align: justify;\">En fait, vous devez toujours faire attention \u00e0 <strong>ne pas cumuler les maxima<\/strong> de <a title=\"conservation lait maternel glaci\u00e8re\" href=\"https:\/\/www.lactissima.com\/a-tire-d-ailes\/la-conservation-du-lait-maternel\/\" target=\"_blank\">conservation du lait maternel<\/a>. Mais le lait maternel se conserve et se transporte tr\u00e8s bien.<\/p>\n<p style=\"text-align: justify;\">Pour le mat\u00e9riel, certains tire-lait sont vendus ou lou\u00e9s avec un sac comprenant un compartiment isotherme, ce qui peut \u00eatre tr\u00e8s pratique. En ce moment, c&rsquo;est aussi le moment pour trouver une petite glaci\u00e8re souple en supermarch\u00e9 (au rayon du mat\u00e9riel \u00e0 pic-nique).<br \/>\nComme <span style=\"color: #333333;\"><a title=\"contenant lait maternel\" href=\"https:\/\/www.lactissima.com\/a-tire-d-ailes\/comment-transporter-son-lait\/\"><span style=\"color: #333333;\">contenant pour le lait maternel<\/span><\/a><\/span>, pr\u00e9f\u00e9rez <strong>un pot ou un biberon bien ferm\u00e9 <\/strong>pour le transport car les sachets peuvent fuir. Il n&rsquo;y a rien de plus rageant que de perdre les 200 ml tir\u00e9s au travail dans le fond de votre sac&#8230;<br \/>\nSi vous apportez du lait congel\u00e9 en sachet \u00e0 l&rsquo;assistante maternelle, pensez \u00e0 placer le sachet dans une boite ferm\u00e9e pour r\u00e9cup\u00e9rer le lait en cas de fuite.<\/p>\n<p style=\"text-align: justify;\">Le soir, pensez \u00e9galement \u00e0 placer dans le compartiment \u00e0 gla\u00e7ons de votre r\u00e9frig\u00e9rateur les packs de r\u00e9frig\u00e9ration de votre glaci\u00e8re<a href=\"https:\/\/www.lactissima.com\/a-tire-d-ailes\/comment-transporter-son-lait\/\"><img loading=\"lazy\" decoding=\"async\" class=\"alignnone size-full wp-image-523\" title=\"freezpack\" src=\"https:\/\/www.lactissima.com\/a-tire-d-ailes\/wp-content\/uploads\/freezpack.jpg\" alt=\"freezpack\" width=\"91\" height=\"129\" \/><\/a>, sinon, vous risquez d&rsquo;\u00eatre tr\u00e8s emb\u00eat\u00e9e le lendemain matin.<\/p>\n<p style=\"text-align: justify;\">Et si vous qui me lisez \u00eates chef d&rsquo;entreprise, un frigo \u00e0 la disposition de vos employ\u00e9es, \u00e7a aide !<\/p>\n<p style=\"text-align: justify;\">Et<strong> vous,<\/strong> comment transportez-vous votre lait ?<\/p>\n<p style=\"text-align: justify;\"><strong>Articles en rapport <\/strong>:<\/p>\n<ul>\n<ul>\n<li style=\"text-align: justify;\"><a href=\"https:\/\/www.lactissima.com\/a-tire-d-ailes\/?p=56\">Le point sur les tire-lait<\/a><\/li>\n<li style=\"text-align: justify;\"><a href=\"https:\/\/www.lactissima.com\/a-tire-d-ailes\/?p=291\">La conservation du lait maternel<\/a><\/li>\n<\/ul>\n<\/ul>\n<p>&nbsp;<\/p>\n","protected":false},"excerpt":{"rendered":"<p>Le transport du lait maternel pose souvent question : pour rapporter le lait que l&rsquo;on a tir\u00e9 au travail, pour apporter le lait \u00e0 la cr\u00e8che ou \u00e0 l&rsquo;assistante maternelle, &#8230;<\/p>\n","protected":false},"author":170,"featured_media":521,"comment_status":"open","ping_status":"open","sticky":false,"template":"","format":"standard","meta":{"_et_pb_use_builder":"","_et_pb_old_content":"","_et_gb_content_width":"","footnotes":""},"categories":[36,37,710],"tags":[396,515,516,538],"class_list":["post-519","post","type-post","status-publish","format-standard","has-post-thumbnail","hentry","category-allaitement-et-travail","category-articulation-vie-professionnelle-vie-famille","category-conserver-le-lait","tag-conservation-du-lait-maternel","tag-conservation-du-lait-maternel-tire","tag-contenant-pour-le-lait-maternel","tag-transporter-le-lait-maternel"],"yoast_head":"<!-- This site is optimized with the Yoast SEO plugin v27.4 - https:\/\/yoast.com\/product\/yoast-seo-wordpress\/ -->\n<title>transporter le lait maternel<\/title>\n<meta name=\"description\" content=\"Transporter le lait maternel pose souvent question : pour rapporter le lait que l&#039;on a tir\u00e9 au travail \u00e0 la cr\u00e8che ou \u00e0 l&#039;assistante maternelle, ...\" \/>\n<meta name=\"robots\" content=\"index, follow, max-snippet:-1, max-image-preview:large, max-video-preview:-1\" \/>\n<link rel=\"canonical\" href=\"https:\/\/www.lactissima.com\/a-tire-d-ailes\/transporter-le-lait-maternel\/\" \/>\n<meta property=\"og:locale\" content=\"fr_FR\" \/>\n<meta property=\"og:type\" content=\"article\" \/>\n<meta property=\"og:title\" content=\"transporter le lait maternel\" \/>\n<meta property=\"og:description\" content=\"Transporter le lait maternel pose souvent question : pour rapporter le lait que l&#039;on a tir\u00e9 au travail \u00e0 la cr\u00e8che ou \u00e0 l&#039;assistante maternelle, ...\" \/>\n<meta property=\"og:url\" content=\"https:\/\/www.lactissima.com\/a-tire-d-ailes\/transporter-le-lait-maternel\/\" \/>\n<meta property=\"og:site_name\" content=\"A tire d&#039;Ailes\" \/>\n<meta property=\"article:publisher\" content=\"https:\/\/www.facebook.com\/consultante.en.lactation\" \/>\n<meta property=\"article:author\" content=\"www.facebook.com\/consultante.en.lactation\" \/>\n<meta property=\"article:published_time\" content=\"2009-07-12T11:15:06+00:00\" \/>\n<meta property=\"article:modified_time\" content=\"2016-08-03T17:25:34+00:00\" \/>\n<meta property=\"og:image\" content=\"https:\/\/www.lactissima.com\/a-tire-d-ailes\/wp-content\/uploads\/isotherme.jpeg\" \/>\n\t<meta property=\"og:image:width\" content=\"150\" \/>\n\t<meta property=\"og:image:height\" content=\"150\" \/>\n\t<meta property=\"og:image:type\" content=\"image\/jpeg\" \/>\n<meta name=\"author\" content=\"V\u00e9ronique Darmangeat\" \/>\n<meta name=\"twitter:card\" content=\"summary_large_image\" \/>\n<meta name=\"twitter:creator\" content=\"@VeroniqueIBCLC\" \/>\n<meta name=\"twitter:site\" content=\"@VeroniqueIBCLC\" \/>\n<meta name=\"twitter:label1\" content=\"\u00c9crit par\" \/>\n\t<meta name=\"twitter:data1\" content=\"V\u00e9ronique Darmangeat\" \/>\n\t<meta name=\"twitter:label2\" content=\"Dur\u00e9e de lecture estim\u00e9e\" \/>\n\t<meta name=\"twitter:data2\" content=\"2 minutes\" \/>\n<script type=\"application\/ld+json\" class=\"yoast-schema-graph\">{\"@context\":\"https:\\\/\\\/schema.org\",\"@graph\":[{\"@type\":\"Article\",\"@id\":\"https:\\\/\\\/www.lactissima.com\\\/a-tire-d-ailes\\\/transporter-le-lait-maternel\\\/#article\",\"isPartOf\":{\"@id\":\"https:\\\/\\\/www.lactissima.com\\\/a-tire-d-ailes\\\/transporter-le-lait-maternel\\\/\"},\"author\":{\"name\":\"V\u00e9ronique Darmangeat\",\"@id\":\"https:\\\/\\\/www.lactissima.com\\\/a-tire-d-ailes\\\/#\\\/schema\\\/person\\\/8f98d3a89530861bc1240e6d53d44eed\"},\"headline\":\"Comment transporter son lait ?\",\"datePublished\":\"2009-07-12T11:15:06+00:00\",\"dateModified\":\"2016-08-03T17:25:34+00:00\",\"mainEntityOfPage\":{\"@id\":\"https:\\\/\\\/www.lactissima.com\\\/a-tire-d-ailes\\\/transporter-le-lait-maternel\\\/\"},\"wordCount\":425,\"commentCount\":296,\"image\":{\"@id\":\"https:\\\/\\\/www.lactissima.com\\\/a-tire-d-ailes\\\/transporter-le-lait-maternel\\\/#primaryimage\"},\"thumbnailUrl\":\"https:\\\/\\\/www.lactissima.com\\\/a-tire-d-ailes\\\/wp-content\\\/uploads\\\/isotherme.jpeg\",\"keywords\":[\"conservation du lait maternel\",\"conservation du lait maternel tir\u00e9\",\"contenant pour le lait maternel\",\"transporter le lait maternel\"],\"articleSection\":[\"Allaitement et Travail\",\"Articulation Vie Professionnelle Vie Famille\",\"Conserver le lait\"],\"inLanguage\":\"fr-FR\",\"potentialAction\":[{\"@type\":\"CommentAction\",\"name\":\"Comment\",\"target\":[\"https:\\\/\\\/www.lactissima.com\\\/a-tire-d-ailes\\\/transporter-le-lait-maternel\\\/#respond\"]}]},{\"@type\":\"WebPage\",\"@id\":\"https:\\\/\\\/www.lactissima.com\\\/a-tire-d-ailes\\\/transporter-le-lait-maternel\\\/\",\"url\":\"https:\\\/\\\/www.lactissima.com\\\/a-tire-d-ailes\\\/transporter-le-lait-maternel\\\/\",\"name\":\"transporter le lait maternel\",\"isPartOf\":{\"@id\":\"https:\\\/\\\/www.lactissima.com\\\/a-tire-d-ailes\\\/#website\"},\"primaryImageOfPage\":{\"@id\":\"https:\\\/\\\/www.lactissima.com\\\/a-tire-d-ailes\\\/transporter-le-lait-maternel\\\/#primaryimage\"},\"image\":{\"@id\":\"https:\\\/\\\/www.lactissima.com\\\/a-tire-d-ailes\\\/transporter-le-lait-maternel\\\/#primaryimage\"},\"thumbnailUrl\":\"https:\\\/\\\/www.lactissima.com\\\/a-tire-d-ailes\\\/wp-content\\\/uploads\\\/isotherme.jpeg\",\"datePublished\":\"2009-07-12T11:15:06+00:00\",\"dateModified\":\"2016-08-03T17:25:34+00:00\",\"author\":{\"@id\":\"https:\\\/\\\/www.lactissima.com\\\/a-tire-d-ailes\\\/#\\\/schema\\\/person\\\/8f98d3a89530861bc1240e6d53d44eed\"},\"description\":\"Transporter le lait maternel pose souvent question : pour rapporter le lait que l'on a tir\u00e9 au travail \u00e0 la cr\u00e8che ou \u00e0 l'assistante maternelle, ...\",\"breadcrumb\":{\"@id\":\"https:\\\/\\\/www.lactissima.com\\\/a-tire-d-ailes\\\/transporter-le-lait-maternel\\\/#breadcrumb\"},\"inLanguage\":\"fr-FR\",\"potentialAction\":[{\"@type\":\"ReadAction\",\"target\":[\"https:\\\/\\\/www.lactissima.com\\\/a-tire-d-ailes\\\/transporter-le-lait-maternel\\\/\"]}]},{\"@type\":\"ImageObject\",\"inLanguage\":\"fr-FR\",\"@id\":\"https:\\\/\\\/www.lactissima.com\\\/a-tire-d-ailes\\\/transporter-le-lait-maternel\\\/#primaryimage\",\"url\":\"https:\\\/\\\/www.lactissima.com\\\/a-tire-d-ailes\\\/wp-content\\\/uploads\\\/isotherme.jpeg\",\"contentUrl\":\"https:\\\/\\\/www.lactissima.com\\\/a-tire-d-ailes\\\/wp-content\\\/uploads\\\/isotherme.jpeg\",\"width\":\"150\",\"height\":\"150\"},{\"@type\":\"BreadcrumbList\",\"@id\":\"https:\\\/\\\/www.lactissima.com\\\/a-tire-d-ailes\\\/transporter-le-lait-maternel\\\/#breadcrumb\",\"itemListElement\":[{\"@type\":\"ListItem\",\"position\":1,\"name\":\"Accueil\",\"item\":\"https:\\\/\\\/www.lactissima.com\\\/a-tire-d-ailes\\\/\"},{\"@type\":\"ListItem\",\"position\":2,\"name\":\"Comment transporter son lait ?\"}]},{\"@type\":\"WebSite\",\"@id\":\"https:\\\/\\\/www.lactissima.com\\\/a-tire-d-ailes\\\/#website\",\"url\":\"https:\\\/\\\/www.lactissima.com\\\/a-tire-d-ailes\\\/\",\"name\":\"A tire d&#039;Ailes\",\"description\":\"Le blog des femmes qui allaitent et travaillent.\",\"potentialAction\":[{\"@type\":\"SearchAction\",\"target\":{\"@type\":\"EntryPoint\",\"urlTemplate\":\"https:\\\/\\\/www.lactissima.com\\\/a-tire-d-ailes\\\/?s={search_term_string}\"},\"query-input\":{\"@type\":\"PropertyValueSpecification\",\"valueRequired\":true,\"valueName\":\"search_term_string\"}}],\"inLanguage\":\"fr-FR\"},{\"@type\":\"Person\",\"@id\":\"https:\\\/\\\/www.lactissima.com\\\/a-tire-d-ailes\\\/#\\\/schema\\\/person\\\/8f98d3a89530861bc1240e6d53d44eed\",\"name\":\"V\u00e9ronique Darmangeat\",\"image\":{\"@type\":\"ImageObject\",\"inLanguage\":\"fr-FR\",\"@id\":\"https:\\\/\\\/secure.gravatar.com\\\/avatar\\\/268c99344c89cebfe4f5df5fa8be43068a18884fc76a29f3206fae98465b9cab?s=96&d=identicon&r=g\",\"url\":\"https:\\\/\\\/secure.gravatar.com\\\/avatar\\\/268c99344c89cebfe4f5df5fa8be43068a18884fc76a29f3206fae98465b9cab?s=96&d=identicon&r=g\",\"contentUrl\":\"https:\\\/\\\/secure.gravatar.com\\\/avatar\\\/268c99344c89cebfe4f5df5fa8be43068a18884fc76a29f3206fae98465b9cab?s=96&d=identicon&r=g\",\"caption\":\"V\u00e9ronique Darmangeat\"},\"sameAs\":[\"https:\\\/\\\/www.lactissima.com\\\/a-tire-d-ailes\",\"www.facebook.com\\\/consultante.en.lactation\"]}]}<\/script>\n<!-- \/ Yoast SEO plugin. -->","yoast_head_json":{"title":"transporter le lait maternel","description":"Transporter le lait maternel pose souvent question : pour rapporter le lait que l'on a tir\u00e9 au travail \u00e0 la cr\u00e8che ou \u00e0 l'assistante maternelle, ...","robots":{"index":"index","follow":"follow","max-snippet":"max-snippet:-1","max-image-preview":"max-image-preview:large","max-video-preview":"max-video-preview:-1"},"canonical":"https:\/\/www.lactissima.com\/a-tire-d-ailes\/transporter-le-lait-maternel\/","og_locale":"fr_FR","og_type":"article","og_title":"transporter le lait maternel","og_description":"Transporter le lait maternel pose souvent question : pour rapporter le lait que l'on a tir\u00e9 au travail \u00e0 la cr\u00e8che ou \u00e0 l'assistante maternelle, ...","og_url":"https:\/\/www.lactissima.com\/a-tire-d-ailes\/transporter-le-lait-maternel\/","og_site_name":"A tire d&#039;Ailes","article_publisher":"https:\/\/www.facebook.com\/consultante.en.lactation","article_author":"www.facebook.com\/consultante.en.lactation","article_published_time":"2009-07-12T11:15:06+00:00","article_modified_time":"2016-08-03T17:25:34+00:00","og_image":[{"width":150,"height":150,"url":"https:\/\/www.lactissima.com\/a-tire-d-ailes\/wp-content\/uploads\/isotherme.jpeg","type":"image\/jpeg"}],"author":"V\u00e9ronique Darmangeat","twitter_card":"summary_large_image","twitter_creator":"@VeroniqueIBCLC","twitter_site":"@VeroniqueIBCLC","twitter_misc":{"\u00c9crit par":"V\u00e9ronique Darmangeat","Dur\u00e9e de lecture estim\u00e9e":"2 minutes"},"schema":{"@context":"https:\/\/schema.org","@graph":[{"@type":"Article","@id":"https:\/\/www.lactissima.com\/a-tire-d-ailes\/transporter-le-lait-maternel\/#article","isPartOf":{"@id":"https:\/\/www.lactissima.com\/a-tire-d-ailes\/transporter-le-lait-maternel\/"},"author":{"name":"V\u00e9ronique Darmangeat","@id":"https:\/\/www.lactissima.com\/a-tire-d-ailes\/#\/schema\/person\/8f98d3a89530861bc1240e6d53d44eed"},"headline":"Comment transporter son lait ?","datePublished":"2009-07-12T11:15:06+00:00","dateModified":"2016-08-03T17:25:34+00:00","mainEntityOfPage":{"@id":"https:\/\/www.lactissima.com\/a-tire-d-ailes\/transporter-le-lait-maternel\/"},"wordCount":425,"commentCount":296,"image":{"@id":"https:\/\/www.lactissima.com\/a-tire-d-ailes\/transporter-le-lait-maternel\/#primaryimage"},"thumbnailUrl":"https:\/\/www.lactissima.com\/a-tire-d-ailes\/wp-content\/uploads\/isotherme.jpeg","keywords":["conservation du lait maternel","conservation du lait maternel tir\u00e9","contenant pour le lait maternel","transporter le lait maternel"],"articleSection":["Allaitement et Travail","Articulation Vie Professionnelle Vie Famille","Conserver le lait"],"inLanguage":"fr-FR","potentialAction":[{"@type":"CommentAction","name":"Comment","target":["https:\/\/www.lactissima.com\/a-tire-d-ailes\/transporter-le-lait-maternel\/#respond"]}]},{"@type":"WebPage","@id":"https:\/\/www.lactissima.com\/a-tire-d-ailes\/transporter-le-lait-maternel\/","url":"https:\/\/www.lactissima.com\/a-tire-d-ailes\/transporter-le-lait-maternel\/","name":"transporter le lait maternel","isPartOf":{"@id":"https:\/\/www.lactissima.com\/a-tire-d-ailes\/#website"},"primaryImageOfPage":{"@id":"https:\/\/www.lactissima.com\/a-tire-d-ailes\/transporter-le-lait-maternel\/#primaryimage"},"image":{"@id":"https:\/\/www.lactissima.com\/a-tire-d-ailes\/transporter-le-lait-maternel\/#primaryimage"},"thumbnailUrl":"https:\/\/www.lactissima.com\/a-tire-d-ailes\/wp-content\/uploads\/isotherme.jpeg","datePublished":"2009-07-12T11:15:06+00:00","dateModified":"2016-08-03T17:25:34+00:00","author":{"@id":"https:\/\/www.lactissima.com\/a-tire-d-ailes\/#\/schema\/person\/8f98d3a89530861bc1240e6d53d44eed"},"description":"Transporter le lait maternel pose souvent question : pour rapporter le lait que l'on a tir\u00e9 au travail \u00e0 la cr\u00e8che ou \u00e0 l'assistante maternelle, ...","breadcrumb":{"@id":"https:\/\/www.lactissima.com\/a-tire-d-ailes\/transporter-le-lait-maternel\/#breadcrumb"},"inLanguage":"fr-FR","potentialAction":[{"@type":"ReadAction","target":["https:\/\/www.lactissima.com\/a-tire-d-ailes\/transporter-le-lait-maternel\/"]}]},{"@type":"ImageObject","inLanguage":"fr-FR","@id":"https:\/\/www.lactissima.com\/a-tire-d-ailes\/transporter-le-lait-maternel\/#primaryimage","url":"https:\/\/www.lactissima.com\/a-tire-d-ailes\/wp-content\/uploads\/isotherme.jpeg","contentUrl":"https:\/\/www.lactissima.com\/a-tire-d-ailes\/wp-content\/uploads\/isotherme.jpeg","width":"150","height":"150"},{"@type":"BreadcrumbList","@id":"https:\/\/www.lactissima.com\/a-tire-d-ailes\/transporter-le-lait-maternel\/#breadcrumb","itemListElement":[{"@type":"ListItem","position":1,"name":"Accueil","item":"https:\/\/www.lactissima.com\/a-tire-d-ailes\/"},{"@type":"ListItem","position":2,"name":"Comment transporter son lait ?"}]},{"@type":"WebSite","@id":"https:\/\/www.lactissima.com\/a-tire-d-ailes\/#website","url":"https:\/\/www.lactissima.com\/a-tire-d-ailes\/","name":"A tire d&#039;Ailes","description":"Le blog des femmes qui allaitent et travaillent.","potentialAction":[{"@type":"SearchAction","target":{"@type":"EntryPoint","urlTemplate":"https:\/\/www.lactissima.com\/a-tire-d-ailes\/?s={search_term_string}"},"query-input":{"@type":"PropertyValueSpecification","valueRequired":true,"valueName":"search_term_string"}}],"inLanguage":"fr-FR"},{"@type":"Person","@id":"https:\/\/www.lactissima.com\/a-tire-d-ailes\/#\/schema\/person\/8f98d3a89530861bc1240e6d53d44eed","name":"V\u00e9ronique Darmangeat","image":{"@type":"ImageObject","inLanguage":"fr-FR","@id":"https:\/\/secure.gravatar.com\/avatar\/268c99344c89cebfe4f5df5fa8be43068a18884fc76a29f3206fae98465b9cab?s=96&d=identicon&r=g","url":"https:\/\/secure.gravatar.com\/avatar\/268c99344c89cebfe4f5df5fa8be43068a18884fc76a29f3206fae98465b9cab?s=96&d=identicon&r=g","contentUrl":"https:\/\/secure.gravatar.com\/avatar\/268c99344c89cebfe4f5df5fa8be43068a18884fc76a29f3206fae98465b9cab?s=96&d=identicon&r=g","caption":"V\u00e9ronique Darmangeat"},"sameAs":["https:\/\/www.lactissima.com\/a-tire-d-ailes","www.facebook.com\/consultante.en.lactation"]}]}},"_links":{"self":[{"href":"https:\/\/www.lactissima.com\/a-tire-d-ailes\/wp-json\/wp\/v2\/posts\/519","targetHints":{"allow":["GET"]}}],"collection":[{"href":"https:\/\/www.lactissima.com\/a-tire-d-ailes\/wp-json\/wp\/v2\/posts"}],"about":[{"href":"https:\/\/www.lactissima.com\/a-tire-d-ailes\/wp-json\/wp\/v2\/types\/post"}],"author":[{"embeddable":true,"href":"https:\/\/www.lactissima.com\/a-tire-d-ailes\/wp-json\/wp\/v2\/users\/170"}],"replies":[{"embeddable":true,"href":"https:\/\/www.lactissima.com\/a-tire-d-ailes\/wp-json\/wp\/v2\/comments?post=519"}],"version-history":[{"count":28,"href":"https:\/\/www.lactissima.com\/a-tire-d-ailes\/wp-json\/wp\/v2\/posts\/519\/revisions"}],"predecessor-version":[{"id":6845,"href":"https:\/\/www.lactissima.com\/a-tire-d-ailes\/wp-json\/wp\/v2\/posts\/519\/revisions\/6845"}],"wp:featuredmedia":[{"embeddable":true,"href":"https:\/\/www.lactissima.com\/a-tire-d-ailes\/wp-json\/wp\/v2\/media\/521"}],"wp:attachment":[{"href":"https:\/\/www.lactissima.com\/a-tire-d-ailes\/wp-json\/wp\/v2\/media?parent=519"}],"wp:term":[{"taxonomy":"category","embeddable":true,"href":"https:\/\/www.lactissima.com\/a-tire-d-ailes\/wp-json\/wp\/v2\/categories?post=519"},{"taxonomy":"post_tag","embeddable":true,"href":"https:\/\/www.lactissima.com\/a-tire-d-ailes\/wp-json\/wp\/v2\/tags?post=519"}],"curies":[{"name":"wp","href":"https:\/\/api.w.org\/{rel}","templated":true}]}}