{"id":5056,"date":"2014-01-17T09:31:10","date_gmt":"2014-01-17T07:31:10","guid":{"rendered":"https:\/\/www.lactissima.com\/a-tire-d-ailes\/?p=5056"},"modified":"2022-11-01T17:44:21","modified_gmt":"2022-11-01T16:44:21","slug":"circulaire-creche-et-allaitement","status":"publish","type":"post","link":"https:\/\/www.lactissima.com\/a-tire-d-ailes\/circulaire-creche-et-allaitement\/","title":{"rendered":"Quelles sont les cr\u00e8ches oblig\u00e9es d&rsquo;accepter le lait maternel ?"},"content":{"rendered":"<p style=\"text-align: justify;\"><a href=\"https:\/\/www.lactissima.com\/a-tire-d-ailes\/wp-content\/uploads\/2014\/01\/cr\u00e8che2.jpg\"><img loading=\"lazy\" decoding=\"async\" class=\"alignright size-full wp-image-5062\" src=\"https:\/\/www.lactissima.com\/a-tire-d-ailes\/wp-content\/uploads\/2014\/01\/cr\u00e8che2.jpg\" alt=\"circulaire cr\u00e8che et allaitement\" width=\"376\" height=\"250\" srcset=\"https:\/\/www.lactissima.com\/a-tire-d-ailes\/wp-content\/uploads\/2014\/01\/cr\u00e8che2.jpg 376w, https:\/\/www.lactissima.com\/a-tire-d-ailes\/wp-content\/uploads\/2014\/01\/cr\u00e8che2-300x199.jpg 300w, https:\/\/www.lactissima.com\/a-tire-d-ailes\/wp-content\/uploads\/2014\/01\/cr\u00e8che2-140x94.jpg 140w\" sizes=\"(max-width: 376px) 100vw, 376px\" \/><\/a>Il n&rsquo;existe aucune<strong> loi<\/strong> qui oblige une cr\u00e8che \u00e0 accepter le lait maternel. Par contre, certaines collectivit\u00e9s territoriales ont mis en place des circulaires pour permettre cette acceptation du lait maternel.<\/p>\n<p style=\"text-align: justify;\">Je souhaite regrouper ici ces circulaires ou autres documents par villes ou d\u00e9partement.<\/p>\n<p style=\"text-align: justify;\">Je vous livre donc celles que je connais et je vous invite \u00e0 m&rsquo;indiquer celles que vous connaissez pour que je les ajoute au fur et \u00e0 mesure.<\/p>\n<p style=\"text-align: justify;\">La ville de <strong>Paris<\/strong> a mis en place une circulaire qui oblige les cr\u00e8ches municipales (et uniquement municipales ) \u00e0 accepter le <a href=\"https:\/\/cdn.paris.fr\/paris\/2019\/09\/27\/ff7b15d5cb27e1ea29614d2a84276d43.pdf\" target=\"_blank\" rel=\"noopener noreferrer\">lait maternel<\/a>.<\/p>\n<p style=\"text-align: justify;\">La ville de <strong>Lille<\/strong> indique dans le r\u00e8glement int\u00e9rieur des cr\u00e8ches collectives municipales, \u00e0 l&rsquo;article 6.3 sur l&rsquo;alimentation : \u00c2\u00ab Les mamans qui d\u00e9sirent maintenir l&rsquo;allaitement maternel sont autoris\u00e9es \u00e0 venir allaiter leur enfant dans les locaux de la cr\u00e8che. \u00c2\u00bb<\/p>\n<p style=\"text-align: justify;\">Le conseil g\u00e9n\u00e9ral des <strong>Alpes Maritimes<\/strong> a produit ce document qui n&rsquo;oblige pas les cr\u00e8ches \u00e0 accepter le lait maternel mais les incite fortement.<\/p>\n<p style=\"text-align: justify;\">La ville de <span style=\"text-decoration: underline;\"><strong>Montigny le Bretonneux<\/strong><\/span> a \u00e9galement mis en place un r\u00e8glement pour que ses cr\u00e8ches acceptent le lait maternel.<\/p>\n<p>La ville de <strong><span style=\"text-decoration: underline;\">Marseille<\/span><\/strong> a mis en place un protocole pour accueillir le lait maternel dans les cr\u00e8ches municipales. Voir l&rsquo;annexe 6 du document joint.<\/p>\n<p style=\"text-align: justify;\">Et <strong>vous<\/strong>, connaissez-vous d&rsquo;autres r\u00e8glements, dans d&rsquo;autres villes ?<\/p>\n<p style=\"text-align: justify;\"><strong>Articles en rapport :<\/strong><\/p>\n<ul>\n<li><a href=\"https:\/\/www.lactissima.com\/a-tire-d-ailes\/donner-teter-la-creche\/\" target=\"_blank\" rel=\"noopener noreferrer\">Donner \u00e0 t\u00e9ter \u00e0 la cr\u00e8che<\/a><\/li>\n<li><a href=\"https:\/\/www.lactissima.com\/a-tire-d-ailes\/conservation-du-lait\/\" target=\"_blank\" rel=\"noopener noreferrer\">Faut-il mentir \u00e0 la cr\u00e8che ?<\/a><\/li>\n<li><a href=\"https:\/\/www.lactissima.com\/a-tire-d-ailes\/creche-et-allaitement\/\" target=\"_blank\" rel=\"noopener noreferrer\">Interview d&rsquo;une directrice de cr\u00e8che<\/a><\/li>\n<li><a href=\"https:\/\/www.lactissima.com\/a-tire-d-ailes\/sevrage-creche\/\" target=\"_blank\" rel=\"noopener noreferrer\">Mon b\u00e9b\u00e9 va \u00eatre gard\u00e9 en cr\u00e8che : que se cache-t-il derri\u00e8re cette injonction de sevrage ?<\/a><\/li>\n<\/ul>\n<p>&nbsp;<\/p>\n","protected":false},"excerpt":{"rendered":"<p>Il n&rsquo;existe aucune loi qui oblige une cr\u00e8che \u00e0 accepter le lait maternel. Par contre, certaines collectivit\u00e9s territoriales ont mis en place des circulaires pour permettre cette acceptation du lait maternel. Je souhaite regrouper ici ces circulaires ou autres documents par villes ou d\u00e9partement. Je vous livre donc celles que je connais et je vous [&hellip;]<\/p>\n","protected":false},"author":170,"featured_media":5062,"comment_status":"open","ping_status":"open","sticky":false,"template":"","format":"standard","meta":{"_et_pb_use_builder":"","_et_pb_old_content":"","_et_gb_content_width":"","footnotes":""},"categories":[36,712],"tags":[582,127],"class_list":["post-5056","post","type-post","status-publish","format-standard","has-post-thumbnail","hentry","category-allaitement-et-travail","category-mode-de-garde","tag-accepter-le-lait-maternel","tag-lait-maternel"],"yoast_head":"<!-- This site is optimized with the Yoast SEO plugin v27.4 - https:\/\/yoast.com\/product\/yoast-seo-wordpress\/ -->\n<title>circulaire cr\u00e8che et allaitement<\/title>\n<meta name=\"description\" content=\"Aucune loi n&#039;oblige les cr\u00e8ches \u00e0 accepter le lait maternel mais certaines circulaires cr\u00e8che et allaitement le font.\" \/>\n<meta name=\"robots\" content=\"index, follow, max-snippet:-1, max-image-preview:large, max-video-preview:-1\" \/>\n<link rel=\"canonical\" href=\"https:\/\/www.lactissima.com\/a-tire-d-ailes\/circulaire-creche-et-allaitement\/\" \/>\n<meta property=\"og:locale\" content=\"fr_FR\" \/>\n<meta property=\"og:type\" content=\"article\" \/>\n<meta property=\"og:title\" content=\"circulaire cr\u00e8che et allaitement\" \/>\n<meta property=\"og:description\" content=\"Aucune loi n&#039;oblige les cr\u00e8ches \u00e0 accepter le lait maternel mais certaines circulaires cr\u00e8che et allaitement le font.\" \/>\n<meta property=\"og:url\" content=\"https:\/\/www.lactissima.com\/a-tire-d-ailes\/circulaire-creche-et-allaitement\/\" \/>\n<meta property=\"og:site_name\" content=\"A tire d&#039;Ailes\" \/>\n<meta property=\"article:publisher\" content=\"https:\/\/www.facebook.com\/consultante.en.lactation\" \/>\n<meta property=\"article:author\" content=\"www.facebook.com\/consultante.en.lactation\" \/>\n<meta property=\"article:published_time\" content=\"2014-01-17T07:31:10+00:00\" \/>\n<meta property=\"article:modified_time\" content=\"2022-11-01T16:44:21+00:00\" \/>\n<meta property=\"og:image\" content=\"https:\/\/www.lactissima.com\/a-tire-d-ailes\/wp-content\/uploads\/2014\/01\/cr\u00e8che2.jpg\" \/>\n\t<meta property=\"og:image:width\" content=\"376\" \/>\n\t<meta property=\"og:image:height\" content=\"250\" \/>\n\t<meta property=\"og:image:type\" content=\"image\/jpeg\" \/>\n<meta name=\"author\" content=\"V\u00e9ronique Darmangeat\" \/>\n<meta name=\"twitter:card\" content=\"summary_large_image\" \/>\n<meta name=\"twitter:creator\" content=\"@VeroniqueIBCLC\" \/>\n<meta name=\"twitter:site\" content=\"@VeroniqueIBCLC\" \/>\n<meta name=\"twitter:label1\" content=\"\u00c9crit par\" \/>\n\t<meta name=\"twitter:data1\" content=\"V\u00e9ronique Darmangeat\" \/>\n\t<meta name=\"twitter:label2\" content=\"Dur\u00e9e de lecture estim\u00e9e\" \/>\n\t<meta name=\"twitter:data2\" content=\"1 minute\" \/>\n<script type=\"application\/ld+json\" class=\"yoast-schema-graph\">{\"@context\":\"https:\\\/\\\/schema.org\",\"@graph\":[{\"@type\":\"Article\",\"@id\":\"https:\\\/\\\/www.lactissima.com\\\/a-tire-d-ailes\\\/circulaire-creche-et-allaitement\\\/#article\",\"isPartOf\":{\"@id\":\"https:\\\/\\\/www.lactissima.com\\\/a-tire-d-ailes\\\/circulaire-creche-et-allaitement\\\/\"},\"author\":{\"name\":\"V\u00e9ronique Darmangeat\",\"@id\":\"https:\\\/\\\/www.lactissima.com\\\/a-tire-d-ailes\\\/#\\\/schema\\\/person\\\/8f98d3a89530861bc1240e6d53d44eed\"},\"headline\":\"Quelles sont les cr\u00e8ches oblig\u00e9es d&rsquo;accepter le lait maternel ?\",\"datePublished\":\"2014-01-17T07:31:10+00:00\",\"dateModified\":\"2022-11-01T16:44:21+00:00\",\"mainEntityOfPage\":{\"@id\":\"https:\\\/\\\/www.lactissima.com\\\/a-tire-d-ailes\\\/circulaire-creche-et-allaitement\\\/\"},\"wordCount\":280,\"commentCount\":18,\"image\":{\"@id\":\"https:\\\/\\\/www.lactissima.com\\\/a-tire-d-ailes\\\/circulaire-creche-et-allaitement\\\/#primaryimage\"},\"thumbnailUrl\":\"https:\\\/\\\/www.lactissima.com\\\/a-tire-d-ailes\\\/wp-content\\\/uploads\\\/2014\\\/01\\\/cr\u00e8che2.jpg\",\"keywords\":[\"accepter le lait maternel\",\"lait maternel\"],\"articleSection\":[\"Allaitement et Travail\",\"Mode de garde\"],\"inLanguage\":\"fr-FR\",\"potentialAction\":[{\"@type\":\"CommentAction\",\"name\":\"Comment\",\"target\":[\"https:\\\/\\\/www.lactissima.com\\\/a-tire-d-ailes\\\/circulaire-creche-et-allaitement\\\/#respond\"]}]},{\"@type\":\"WebPage\",\"@id\":\"https:\\\/\\\/www.lactissima.com\\\/a-tire-d-ailes\\\/circulaire-creche-et-allaitement\\\/\",\"url\":\"https:\\\/\\\/www.lactissima.com\\\/a-tire-d-ailes\\\/circulaire-creche-et-allaitement\\\/\",\"name\":\"circulaire cr\u00e8che et allaitement\",\"isPartOf\":{\"@id\":\"https:\\\/\\\/www.lactissima.com\\\/a-tire-d-ailes\\\/#website\"},\"primaryImageOfPage\":{\"@id\":\"https:\\\/\\\/www.lactissima.com\\\/a-tire-d-ailes\\\/circulaire-creche-et-allaitement\\\/#primaryimage\"},\"image\":{\"@id\":\"https:\\\/\\\/www.lactissima.com\\\/a-tire-d-ailes\\\/circulaire-creche-et-allaitement\\\/#primaryimage\"},\"thumbnailUrl\":\"https:\\\/\\\/www.lactissima.com\\\/a-tire-d-ailes\\\/wp-content\\\/uploads\\\/2014\\\/01\\\/cr\u00e8che2.jpg\",\"datePublished\":\"2014-01-17T07:31:10+00:00\",\"dateModified\":\"2022-11-01T16:44:21+00:00\",\"author\":{\"@id\":\"https:\\\/\\\/www.lactissima.com\\\/a-tire-d-ailes\\\/#\\\/schema\\\/person\\\/8f98d3a89530861bc1240e6d53d44eed\"},\"description\":\"Aucune loi n'oblige les cr\u00e8ches \u00e0 accepter le lait maternel mais certaines circulaires cr\u00e8che et allaitement le font.\",\"breadcrumb\":{\"@id\":\"https:\\\/\\\/www.lactissima.com\\\/a-tire-d-ailes\\\/circulaire-creche-et-allaitement\\\/#breadcrumb\"},\"inLanguage\":\"fr-FR\",\"potentialAction\":[{\"@type\":\"ReadAction\",\"target\":[\"https:\\\/\\\/www.lactissima.com\\\/a-tire-d-ailes\\\/circulaire-creche-et-allaitement\\\/\"]}]},{\"@type\":\"ImageObject\",\"inLanguage\":\"fr-FR\",\"@id\":\"https:\\\/\\\/www.lactissima.com\\\/a-tire-d-ailes\\\/circulaire-creche-et-allaitement\\\/#primaryimage\",\"url\":\"https:\\\/\\\/www.lactissima.com\\\/a-tire-d-ailes\\\/wp-content\\\/uploads\\\/2014\\\/01\\\/cr\u00e8che2.jpg\",\"contentUrl\":\"https:\\\/\\\/www.lactissima.com\\\/a-tire-d-ailes\\\/wp-content\\\/uploads\\\/2014\\\/01\\\/cr\u00e8che2.jpg\",\"width\":376,\"height\":250,\"caption\":\"circulaire cr\u00e8che et allaitement\"},{\"@type\":\"BreadcrumbList\",\"@id\":\"https:\\\/\\\/www.lactissima.com\\\/a-tire-d-ailes\\\/circulaire-creche-et-allaitement\\\/#breadcrumb\",\"itemListElement\":[{\"@type\":\"ListItem\",\"position\":1,\"name\":\"Accueil\",\"item\":\"https:\\\/\\\/www.lactissima.com\\\/a-tire-d-ailes\\\/\"},{\"@type\":\"ListItem\",\"position\":2,\"name\":\"Quelles sont les cr\u00e8ches oblig\u00e9es d&rsquo;accepter le lait maternel ?\"}]},{\"@type\":\"WebSite\",\"@id\":\"https:\\\/\\\/www.lactissima.com\\\/a-tire-d-ailes\\\/#website\",\"url\":\"https:\\\/\\\/www.lactissima.com\\\/a-tire-d-ailes\\\/\",\"name\":\"A tire d&#039;Ailes\",\"description\":\"Le blog des femmes qui allaitent et travaillent.\",\"potentialAction\":[{\"@type\":\"SearchAction\",\"target\":{\"@type\":\"EntryPoint\",\"urlTemplate\":\"https:\\\/\\\/www.lactissima.com\\\/a-tire-d-ailes\\\/?s={search_term_string}\"},\"query-input\":{\"@type\":\"PropertyValueSpecification\",\"valueRequired\":true,\"valueName\":\"search_term_string\"}}],\"inLanguage\":\"fr-FR\"},{\"@type\":\"Person\",\"@id\":\"https:\\\/\\\/www.lactissima.com\\\/a-tire-d-ailes\\\/#\\\/schema\\\/person\\\/8f98d3a89530861bc1240e6d53d44eed\",\"name\":\"V\u00e9ronique Darmangeat\",\"image\":{\"@type\":\"ImageObject\",\"inLanguage\":\"fr-FR\",\"@id\":\"https:\\\/\\\/secure.gravatar.com\\\/avatar\\\/268c99344c89cebfe4f5df5fa8be43068a18884fc76a29f3206fae98465b9cab?s=96&d=identicon&r=g\",\"url\":\"https:\\\/\\\/secure.gravatar.com\\\/avatar\\\/268c99344c89cebfe4f5df5fa8be43068a18884fc76a29f3206fae98465b9cab?s=96&d=identicon&r=g\",\"contentUrl\":\"https:\\\/\\\/secure.gravatar.com\\\/avatar\\\/268c99344c89cebfe4f5df5fa8be43068a18884fc76a29f3206fae98465b9cab?s=96&d=identicon&r=g\",\"caption\":\"V\u00e9ronique Darmangeat\"},\"sameAs\":[\"https:\\\/\\\/www.lactissima.com\\\/a-tire-d-ailes\",\"www.facebook.com\\\/consultante.en.lactation\"]}]}<\/script>\n<!-- \/ Yoast SEO plugin. -->","yoast_head_json":{"title":"circulaire cr\u00e8che et allaitement","description":"Aucune loi n'oblige les cr\u00e8ches \u00e0 accepter le lait maternel mais certaines circulaires cr\u00e8che et allaitement le font.","robots":{"index":"index","follow":"follow","max-snippet":"max-snippet:-1","max-image-preview":"max-image-preview:large","max-video-preview":"max-video-preview:-1"},"canonical":"https:\/\/www.lactissima.com\/a-tire-d-ailes\/circulaire-creche-et-allaitement\/","og_locale":"fr_FR","og_type":"article","og_title":"circulaire cr\u00e8che et allaitement","og_description":"Aucune loi n'oblige les cr\u00e8ches \u00e0 accepter le lait maternel mais certaines circulaires cr\u00e8che et allaitement le font.","og_url":"https:\/\/www.lactissima.com\/a-tire-d-ailes\/circulaire-creche-et-allaitement\/","og_site_name":"A tire d&#039;Ailes","article_publisher":"https:\/\/www.facebook.com\/consultante.en.lactation","article_author":"www.facebook.com\/consultante.en.lactation","article_published_time":"2014-01-17T07:31:10+00:00","article_modified_time":"2022-11-01T16:44:21+00:00","og_image":[{"width":376,"height":250,"url":"https:\/\/www.lactissima.com\/a-tire-d-ailes\/wp-content\/uploads\/2014\/01\/cr\u00e8che2.jpg","type":"image\/jpeg"}],"author":"V\u00e9ronique Darmangeat","twitter_card":"summary_large_image","twitter_creator":"@VeroniqueIBCLC","twitter_site":"@VeroniqueIBCLC","twitter_misc":{"\u00c9crit par":"V\u00e9ronique Darmangeat","Dur\u00e9e de lecture estim\u00e9e":"1 minute"},"schema":{"@context":"https:\/\/schema.org","@graph":[{"@type":"Article","@id":"https:\/\/www.lactissima.com\/a-tire-d-ailes\/circulaire-creche-et-allaitement\/#article","isPartOf":{"@id":"https:\/\/www.lactissima.com\/a-tire-d-ailes\/circulaire-creche-et-allaitement\/"},"author":{"name":"V\u00e9ronique Darmangeat","@id":"https:\/\/www.lactissima.com\/a-tire-d-ailes\/#\/schema\/person\/8f98d3a89530861bc1240e6d53d44eed"},"headline":"Quelles sont les cr\u00e8ches oblig\u00e9es d&rsquo;accepter le lait maternel ?","datePublished":"2014-01-17T07:31:10+00:00","dateModified":"2022-11-01T16:44:21+00:00","mainEntityOfPage":{"@id":"https:\/\/www.lactissima.com\/a-tire-d-ailes\/circulaire-creche-et-allaitement\/"},"wordCount":280,"commentCount":18,"image":{"@id":"https:\/\/www.lactissima.com\/a-tire-d-ailes\/circulaire-creche-et-allaitement\/#primaryimage"},"thumbnailUrl":"https:\/\/www.lactissima.com\/a-tire-d-ailes\/wp-content\/uploads\/2014\/01\/cr\u00e8che2.jpg","keywords":["accepter le lait maternel","lait maternel"],"articleSection":["Allaitement et Travail","Mode de garde"],"inLanguage":"fr-FR","potentialAction":[{"@type":"CommentAction","name":"Comment","target":["https:\/\/www.lactissima.com\/a-tire-d-ailes\/circulaire-creche-et-allaitement\/#respond"]}]},{"@type":"WebPage","@id":"https:\/\/www.lactissima.com\/a-tire-d-ailes\/circulaire-creche-et-allaitement\/","url":"https:\/\/www.lactissima.com\/a-tire-d-ailes\/circulaire-creche-et-allaitement\/","name":"circulaire cr\u00e8che et allaitement","isPartOf":{"@id":"https:\/\/www.lactissima.com\/a-tire-d-ailes\/#website"},"primaryImageOfPage":{"@id":"https:\/\/www.lactissima.com\/a-tire-d-ailes\/circulaire-creche-et-allaitement\/#primaryimage"},"image":{"@id":"https:\/\/www.lactissima.com\/a-tire-d-ailes\/circulaire-creche-et-allaitement\/#primaryimage"},"thumbnailUrl":"https:\/\/www.lactissima.com\/a-tire-d-ailes\/wp-content\/uploads\/2014\/01\/cr\u00e8che2.jpg","datePublished":"2014-01-17T07:31:10+00:00","dateModified":"2022-11-01T16:44:21+00:00","author":{"@id":"https:\/\/www.lactissima.com\/a-tire-d-ailes\/#\/schema\/person\/8f98d3a89530861bc1240e6d53d44eed"},"description":"Aucune loi n'oblige les cr\u00e8ches \u00e0 accepter le lait maternel mais certaines circulaires cr\u00e8che et allaitement le font.","breadcrumb":{"@id":"https:\/\/www.lactissima.com\/a-tire-d-ailes\/circulaire-creche-et-allaitement\/#breadcrumb"},"inLanguage":"fr-FR","potentialAction":[{"@type":"ReadAction","target":["https:\/\/www.lactissima.com\/a-tire-d-ailes\/circulaire-creche-et-allaitement\/"]}]},{"@type":"ImageObject","inLanguage":"fr-FR","@id":"https:\/\/www.lactissima.com\/a-tire-d-ailes\/circulaire-creche-et-allaitement\/#primaryimage","url":"https:\/\/www.lactissima.com\/a-tire-d-ailes\/wp-content\/uploads\/2014\/01\/cr\u00e8che2.jpg","contentUrl":"https:\/\/www.lactissima.com\/a-tire-d-ailes\/wp-content\/uploads\/2014\/01\/cr\u00e8che2.jpg","width":376,"height":250,"caption":"circulaire cr\u00e8che et allaitement"},{"@type":"BreadcrumbList","@id":"https:\/\/www.lactissima.com\/a-tire-d-ailes\/circulaire-creche-et-allaitement\/#breadcrumb","itemListElement":[{"@type":"ListItem","position":1,"name":"Accueil","item":"https:\/\/www.lactissima.com\/a-tire-d-ailes\/"},{"@type":"ListItem","position":2,"name":"Quelles sont les cr\u00e8ches oblig\u00e9es d&rsquo;accepter le lait maternel ?"}]},{"@type":"WebSite","@id":"https:\/\/www.lactissima.com\/a-tire-d-ailes\/#website","url":"https:\/\/www.lactissima.com\/a-tire-d-ailes\/","name":"A tire d&#039;Ailes","description":"Le blog des femmes qui allaitent et travaillent.","potentialAction":[{"@type":"SearchAction","target":{"@type":"EntryPoint","urlTemplate":"https:\/\/www.lactissima.com\/a-tire-d-ailes\/?s={search_term_string}"},"query-input":{"@type":"PropertyValueSpecification","valueRequired":true,"valueName":"search_term_string"}}],"inLanguage":"fr-FR"},{"@type":"Person","@id":"https:\/\/www.lactissima.com\/a-tire-d-ailes\/#\/schema\/person\/8f98d3a89530861bc1240e6d53d44eed","name":"V\u00e9ronique Darmangeat","image":{"@type":"ImageObject","inLanguage":"fr-FR","@id":"https:\/\/secure.gravatar.com\/avatar\/268c99344c89cebfe4f5df5fa8be43068a18884fc76a29f3206fae98465b9cab?s=96&d=identicon&r=g","url":"https:\/\/secure.gravatar.com\/avatar\/268c99344c89cebfe4f5df5fa8be43068a18884fc76a29f3206fae98465b9cab?s=96&d=identicon&r=g","contentUrl":"https:\/\/secure.gravatar.com\/avatar\/268c99344c89cebfe4f5df5fa8be43068a18884fc76a29f3206fae98465b9cab?s=96&d=identicon&r=g","caption":"V\u00e9ronique Darmangeat"},"sameAs":["https:\/\/www.lactissima.com\/a-tire-d-ailes","www.facebook.com\/consultante.en.lactation"]}]}},"_links":{"self":[{"href":"https:\/\/www.lactissima.com\/a-tire-d-ailes\/wp-json\/wp\/v2\/posts\/5056","targetHints":{"allow":["GET"]}}],"collection":[{"href":"https:\/\/www.lactissima.com\/a-tire-d-ailes\/wp-json\/wp\/v2\/posts"}],"about":[{"href":"https:\/\/www.lactissima.com\/a-tire-d-ailes\/wp-json\/wp\/v2\/types\/post"}],"author":[{"embeddable":true,"href":"https:\/\/www.lactissima.com\/a-tire-d-ailes\/wp-json\/wp\/v2\/users\/170"}],"replies":[{"embeddable":true,"href":"https:\/\/www.lactissima.com\/a-tire-d-ailes\/wp-json\/wp\/v2\/comments?post=5056"}],"version-history":[{"count":16,"href":"https:\/\/www.lactissima.com\/a-tire-d-ailes\/wp-json\/wp\/v2\/posts\/5056\/revisions"}],"predecessor-version":[{"id":8737,"href":"https:\/\/www.lactissima.com\/a-tire-d-ailes\/wp-json\/wp\/v2\/posts\/5056\/revisions\/8737"}],"wp:featuredmedia":[{"embeddable":true,"href":"https:\/\/www.lactissima.com\/a-tire-d-ailes\/wp-json\/wp\/v2\/media\/5062"}],"wp:attachment":[{"href":"https:\/\/www.lactissima.com\/a-tire-d-ailes\/wp-json\/wp\/v2\/media?parent=5056"}],"wp:term":[{"taxonomy":"category","embeddable":true,"href":"https:\/\/www.lactissima.com\/a-tire-d-ailes\/wp-json\/wp\/v2\/categories?post=5056"},{"taxonomy":"post_tag","embeddable":true,"href":"https:\/\/www.lactissima.com\/a-tire-d-ailes\/wp-json\/wp\/v2\/tags?post=5056"}],"curies":[{"name":"wp","href":"https:\/\/api.w.org\/{rel}","templated":true}]}}