{"id":5032,"date":"2014-01-09T11:02:59","date_gmt":"2014-01-09T09:02:59","guid":{"rendered":"https:\/\/www.lactissima.com\/a-tire-d-ailes\/?p=5032"},"modified":"2020-10-31T18:00:06","modified_gmt":"2020-10-31T17:00:06","slug":"donner-teter-la-creche","status":"publish","type":"post","link":"https:\/\/www.lactissima.com\/a-tire-d-ailes\/donner-teter-la-creche\/","title":{"rendered":"Donner \u00e0 t\u00e9ter \u00e0 la cr\u00e8che"},"content":{"rendered":"<p style=\"text-align: justify;\"><a href=\"https:\/\/www.lactissima.com\/a-tire-d-ailes\/wp-content\/uploads\/2014\/01\/cr\u00e8che-et-allaitement1.jpg\"><img loading=\"lazy\" decoding=\"async\" class=\"alignright size-full wp-image-5036\" src=\"https:\/\/www.lactissima.com\/a-tire-d-ailes\/wp-content\/uploads\/2014\/01\/cr\u00e8che-et-allaitement1.jpg\" alt=\"cr\u00e8che et allaitement\" width=\"320\" height=\"213\" srcset=\"https:\/\/www.lactissima.com\/a-tire-d-ailes\/wp-content\/uploads\/2014\/01\/cr\u00e8che-et-allaitement1.jpg 320w, https:\/\/www.lactissima.com\/a-tire-d-ailes\/wp-content\/uploads\/2014\/01\/cr\u00e8che-et-allaitement1-300x199.jpg 300w\" sizes=\"(max-width: 320px) 100vw, 320px\" \/><\/a>Vous pr\u00e9parez votre retour au travail et vous pr\u00e9voyez de donner \u00e0 t\u00e9ter \u00e0 votre b\u00e9b\u00e9 \u00e0 la cr\u00e8che sur votre pause du midi. Excellente id\u00e9e mais attention, toutes les cr\u00e8ches n&rsquo;acceptent pas que vous veniez donner \u00e0 t\u00e9ter \u00e0 la cr\u00e8che directement&#8230;<br \/>\nPetit point sur la question sur <span style=\"color: #333333;\"><a href=\"https:\/\/www.lactissima.com\/a-tire-d-ailes\/?p=5032\"><span style=\"color: #333333;\">cr\u00e8che et allaitement<\/span><\/a><\/span>.<\/p>\n<p style=\"text-align: justify;\">Il n&rsquo;existe <strong>aucun r\u00e8glement<\/strong> obligeant les cr\u00e8ches \u00e0 accepter que vous veniez y donner le sein et chaque cr\u00e8che peut adopter la pratique qu&rsquo;elle souhaite. Sauf s&rsquo;il existe une directive en ce sens comme c&rsquo;est le cas pour les <a href=\"https:\/\/cdn.paris.fr\/paris\/2019\/09\/27\/ff7b15d5cb27e1ea29614d2a84276d43.pdf\" target=\"_blank\" rel=\"noopener noreferrer\">cr\u00e8ches municipales parisiennes<\/a> : \u00ab\u00a0Si vous avez la possibilit\u00e9 de vous organiser dans ce sens, il est parfaitement envisageable de vous rendre \u00e0 la cr\u00e8che pour y allaiter votre b\u00e9b\u00e9.\u00a0\u00bb<\/p>\n<p style=\"text-align: justify;\">Certaines cr\u00e8ches <strong>refusent<\/strong> cat\u00e9goriquement que vous donniez le sein sur place, y compris le matin et le soir. Alors que d&rsquo;autres <strong>encouragent<\/strong> les m\u00e8res \u00e0 venir donner le sein sur place.<br \/>\nCertaines cr\u00e8ches sont m\u00eame tellement d&rsquo;accord pour les t\u00e9t\u00e9es sur place que cela peut se retourner contre vous : le risque est que l&rsquo;on vous appelle pour venir donner \u00e0 t\u00e9ter d\u00e8s que votre b\u00e9b\u00e9 refuse un biberon et votre b\u00e9b\u00e9 va vite comprendre qu&rsquo;il n&rsquo;a aucun int\u00e9r\u00eat \u00e0 prendre le biberon puisque vous venez l&rsquo;allaiter d\u00e8s qu&rsquo;il le refuse. A vous de bien d\u00e9finir \u00e0 quels moment vous venez allaiter.<\/p>\n<p style=\"text-align: justify;\">La question se pose un peu diff\u00e9remment selon qu&rsquo;il s&rsquo;agisse de donne une t\u00e9t\u00e9e le matin quand vous d\u00e9posez votre enfant ou le soir quand vous le retrouvez pour une <a href=\"https:\/\/www.lactissima.com\/a-tire-d-ailes\/tetee-de-retrouvailles\/\" target=\"_blank\" rel=\"noopener noreferrer\">t\u00e9t\u00e9e de retrouvailles<\/a> ou bien qu&rsquo;il s&rsquo;agisse de revenir en journ\u00e9e pour une t\u00e9t\u00e9e le midi par exemple.<br \/>\nCertaines cr\u00e8ches acceptent les t\u00e9t\u00e9es du matin et du soir mais pas que vous reveniez en journ\u00e9e par exemple. Je n&rsquo;ai jamais rencontr\u00e9 le cas inverse :-).<\/p>\n<p style=\"text-align: justify;\">La t\u00e9t\u00e9e du matin est int\u00e9ressante pour <strong>diminuer le nombre de biberons<\/strong> \u00e0 donner en votre absence, surtout si votre b\u00e9b\u00e9 a du mal \u00e0 prendre les biberons.<br \/>\nLa t\u00e9t\u00e9e de retrouvailles est souvent tr\u00e8s attendue par le b\u00e9b\u00e9&#8230;et par vos seins qui ont souvent bien besoin d&rsquo;\u00eatre drain\u00e9s.<br \/>\nRevenir donner des t\u00e9t\u00e9es en journ\u00e9e est parfait lorsque vous travaillez \u00e0 proximit\u00e9 de la cr\u00e8che. C&rsquo;est ce qui se fait dans certaines cr\u00e8ches d&rsquo;entreprises ou certaines cr\u00e8ches hospitali\u00e8res. Cela peut permettre de ne jamais donner de biberon et de continuer \u00e0 nourrir votre b\u00e9b\u00e9 <strong>uniquement au sein<\/strong>. Mais il est \u00e9galement possible de ne venir donner qu&rsquo;une t\u00e9t\u00e9e et que votre b\u00e9b\u00e9 prenne le reste de sa ration journali\u00e8re au biberon.<\/p>\n<p style=\"text-align: justify;\">Les cr\u00e8ches qui refusent les t\u00e9t\u00e9es en journ\u00e9e avancent en g\u00e9n\u00e9ral l&rsquo;argument que cela cr\u00e9e <strong>plusieurs s\u00e9parations<\/strong> dans la m\u00eame journ\u00e9e pour le b\u00e9b\u00e9 et que ce n&rsquo;est pas bon. Ou bien que les autres enfants voient arriver une maman qui n&rsquo;est pas la leur et du coup r\u00e9clament la leur.<br \/>\nDans les cr\u00e8ches qui ont mis en place le syst\u00e8me des t\u00e9t\u00e9es en journ\u00e9es, l&rsquo;exp\u00e9rience montre que les s\u00e9parations multiples en journ\u00e9e ne posent strictement aucun probl\u00e8me et que le b\u00e9b\u00e9 s&rsquo;y habitue tr\u00e8s bien.<br \/>\nD&rsquo;autre part, il est tout \u00e0 fait possible de s&rsquo;organiser pour que les autres enfants ne voient pas la maman qui vient donner \u00e0 t\u00e9ter en proposant un lieu s\u00e9par\u00e9 pour la t\u00e9t\u00e9e : bureau de la directrice, ou toute autre solution.<\/p>\n<p style=\"text-align: justify;\">Dans les cr\u00e8ches o\u00f9 cela ne s&rsquo;est jamais fait, c&rsquo;est important d&rsquo;oser demander si vous souhaitez revenir donner une t\u00e9t\u00e9e. Cela ne vous sera peut-\u00eatre pas accord\u00e9 mais l&rsquo;id\u00e9e fera son chemin et petit \u00e0 petit certaines cr\u00e8ches acceptent d&rsquo;\u00e9largir leurs pratiques. Ce que vous n&rsquo;obtenez pas pour votre a\u00een\u00e9, vous l&rsquo;obtiendrez peut-\u00eatre pour votre deuxi\u00e8me enfant. Et vous ouvrirez la voie pour les familles suivantes !<\/p>\n<p style=\"text-align: justify;\">Il s&rsquo;agit juste d&rsquo;un <strong>changement de pratiques<\/strong> pour beaucoup de cr\u00e8ches et cela ne n\u00e9cessite strictement aucun investissement. C&rsquo;est donc \u00e0 la fois simple&#8230;et tr\u00e8s difficile.<\/p>\n<p style=\"text-align: justify;\">Et <strong>vous<\/strong>, avez-vous pu donner des t\u00e9t\u00e9es \u00e0 la cr\u00e8che ?<\/p>\n<p style=\"text-align: justify;\"><strong>Articles en rapport : <\/strong><\/p>\n<ul>\n<li><a href=\"https:\/\/www.lactissima.com\/a-tire-d-ailes\/conservation-du-lait\/\" target=\"_blank\" rel=\"noopener noreferrer\">Faut-il mentir \u00e0 la cr\u00e8che ?<\/a><\/li>\n<li><a href=\"https:\/\/www.lactissima.com\/a-tire-d-ailes\/creche-et-allaitement\/\" target=\"_blank\" rel=\"noopener noreferrer\">Interview d&rsquo;une directrice de cr\u00e8che<\/a><\/li>\n<li><a href=\"https:\/\/www.lactissima.com\/a-tire-d-ailes\/sevrage-creche\/\" target=\"_blank\" rel=\"noopener noreferrer\">Mon b\u00e9b\u00e9 va \u00eatre gard\u00e9 en cr\u00e8che : que se cache-t-il derri\u00e8re cette injonction de sevrage ?<\/a><\/li>\n<li><a href=\"https:\/\/www.lactissima.com\/a-tire-d-ailes\/periode-dadaptation-et-allaitement\/\" target=\"_blank\" rel=\"noopener noreferrer\">P\u00e9riode d&rsquo;adaptation et allaitement<\/a><\/li>\n<\/ul>\n<p>&nbsp;<\/p>\n","protected":false},"excerpt":{"rendered":"<p>Vous pr\u00e9parez votre retour au travail et vous pr\u00e9voyez de donner \u00e0 t\u00e9ter \u00e0 votre b\u00e9b\u00e9 \u00e0 la cr\u00e8che sur votre pause du midi. Excellente id\u00e9e mais attention, toutes les cr\u00e8ches n&rsquo;acceptent pas que vous veniez donner \u00e0 t\u00e9ter \u00e0 la cr\u00e8che directement&#8230; Petit point sur la question sur cr\u00e8che et allaitement. Il n&rsquo;existe aucun [&hellip;]<\/p>\n","protected":false},"author":170,"featured_media":5036,"comment_status":"open","ping_status":"open","sticky":false,"template":"","format":"standard","meta":{"_et_pb_use_builder":"","_et_pb_old_content":"","_et_gb_content_width":"","footnotes":""},"categories":[36,712],"tags":[581,449],"class_list":["post-5032","post","type-post","status-publish","format-standard","has-post-thumbnail","hentry","category-allaitement-et-travail","category-mode-de-garde","tag-creches-municipales-parisiennes","tag-tetee-de-retrouvailles"],"yoast_head":"<!-- This site is optimized with the Yoast SEO plugin v27.4 - https:\/\/yoast.com\/product\/yoast-seo-wordpress\/ -->\n<title>cr\u00e8che et allaitement<\/title>\n<meta name=\"description\" content=\"Les cr\u00e8ches n&#039;acceptent pas toujours que vous allaitiez sur place. Mieux vaut se renseigner sur cr\u00e8che et allaitement.\" \/>\n<meta name=\"robots\" content=\"index, follow, max-snippet:-1, max-image-preview:large, max-video-preview:-1\" \/>\n<link rel=\"canonical\" href=\"https:\/\/www.lactissima.com\/a-tire-d-ailes\/donner-teter-la-creche\/\" \/>\n<meta property=\"og:locale\" content=\"fr_FR\" \/>\n<meta property=\"og:type\" content=\"article\" \/>\n<meta property=\"og:title\" content=\"cr\u00e8che et allaitement\" \/>\n<meta property=\"og:description\" content=\"Les cr\u00e8ches n&#039;acceptent pas toujours que vous allaitiez sur place. Mieux vaut se renseigner sur cr\u00e8che et allaitement.\" \/>\n<meta property=\"og:url\" content=\"https:\/\/www.lactissima.com\/a-tire-d-ailes\/donner-teter-la-creche\/\" \/>\n<meta property=\"og:site_name\" content=\"A tire d&#039;Ailes\" \/>\n<meta property=\"article:publisher\" content=\"https:\/\/www.facebook.com\/consultante.en.lactation\" \/>\n<meta property=\"article:author\" content=\"www.facebook.com\/consultante.en.lactation\" \/>\n<meta property=\"article:published_time\" content=\"2014-01-09T09:02:59+00:00\" \/>\n<meta property=\"article:modified_time\" content=\"2020-10-31T17:00:06+00:00\" \/>\n<meta property=\"og:image\" content=\"https:\/\/www.lactissima.com\/a-tire-d-ailes\/wp-content\/uploads\/2014\/01\/cr\u00e8che-et-allaitement1.jpg\" \/>\n\t<meta property=\"og:image:width\" content=\"320\" \/>\n\t<meta property=\"og:image:height\" content=\"213\" \/>\n\t<meta property=\"og:image:type\" content=\"image\/jpeg\" \/>\n<meta name=\"author\" content=\"V\u00e9ronique Darmangeat\" \/>\n<meta name=\"twitter:card\" content=\"summary_large_image\" \/>\n<meta name=\"twitter:creator\" content=\"@VeroniqueIBCLC\" \/>\n<meta name=\"twitter:site\" content=\"@VeroniqueIBCLC\" \/>\n<meta name=\"twitter:label1\" content=\"\u00c9crit par\" \/>\n\t<meta name=\"twitter:data1\" content=\"V\u00e9ronique Darmangeat\" \/>\n\t<meta name=\"twitter:label2\" content=\"Dur\u00e9e de lecture estim\u00e9e\" \/>\n\t<meta name=\"twitter:data2\" content=\"4 minutes\" \/>\n<script type=\"application\/ld+json\" class=\"yoast-schema-graph\">{\"@context\":\"https:\\\/\\\/schema.org\",\"@graph\":[{\"@type\":\"Article\",\"@id\":\"https:\\\/\\\/www.lactissima.com\\\/a-tire-d-ailes\\\/donner-teter-la-creche\\\/#article\",\"isPartOf\":{\"@id\":\"https:\\\/\\\/www.lactissima.com\\\/a-tire-d-ailes\\\/donner-teter-la-creche\\\/\"},\"author\":{\"name\":\"V\u00e9ronique Darmangeat\",\"@id\":\"https:\\\/\\\/www.lactissima.com\\\/a-tire-d-ailes\\\/#\\\/schema\\\/person\\\/8f98d3a89530861bc1240e6d53d44eed\"},\"headline\":\"Donner \u00e0 t\u00e9ter \u00e0 la cr\u00e8che\",\"datePublished\":\"2014-01-09T09:02:59+00:00\",\"dateModified\":\"2020-10-31T17:00:06+00:00\",\"mainEntityOfPage\":{\"@id\":\"https:\\\/\\\/www.lactissima.com\\\/a-tire-d-ailes\\\/donner-teter-la-creche\\\/\"},\"wordCount\":819,\"commentCount\":30,\"image\":{\"@id\":\"https:\\\/\\\/www.lactissima.com\\\/a-tire-d-ailes\\\/donner-teter-la-creche\\\/#primaryimage\"},\"thumbnailUrl\":\"https:\\\/\\\/www.lactissima.com\\\/a-tire-d-ailes\\\/wp-content\\\/uploads\\\/2014\\\/01\\\/cr\u00e8che-et-allaitement1.jpg\",\"keywords\":[\"cr\u00e8ches municipales parisiennes\",\"t\u00e9t\u00e9e de retrouvailles\"],\"articleSection\":[\"Allaitement et Travail\",\"Mode de garde\"],\"inLanguage\":\"fr-FR\",\"potentialAction\":[{\"@type\":\"CommentAction\",\"name\":\"Comment\",\"target\":[\"https:\\\/\\\/www.lactissima.com\\\/a-tire-d-ailes\\\/donner-teter-la-creche\\\/#respond\"]}]},{\"@type\":\"WebPage\",\"@id\":\"https:\\\/\\\/www.lactissima.com\\\/a-tire-d-ailes\\\/donner-teter-la-creche\\\/\",\"url\":\"https:\\\/\\\/www.lactissima.com\\\/a-tire-d-ailes\\\/donner-teter-la-creche\\\/\",\"name\":\"cr\u00e8che et allaitement\",\"isPartOf\":{\"@id\":\"https:\\\/\\\/www.lactissima.com\\\/a-tire-d-ailes\\\/#website\"},\"primaryImageOfPage\":{\"@id\":\"https:\\\/\\\/www.lactissima.com\\\/a-tire-d-ailes\\\/donner-teter-la-creche\\\/#primaryimage\"},\"image\":{\"@id\":\"https:\\\/\\\/www.lactissima.com\\\/a-tire-d-ailes\\\/donner-teter-la-creche\\\/#primaryimage\"},\"thumbnailUrl\":\"https:\\\/\\\/www.lactissima.com\\\/a-tire-d-ailes\\\/wp-content\\\/uploads\\\/2014\\\/01\\\/cr\u00e8che-et-allaitement1.jpg\",\"datePublished\":\"2014-01-09T09:02:59+00:00\",\"dateModified\":\"2020-10-31T17:00:06+00:00\",\"author\":{\"@id\":\"https:\\\/\\\/www.lactissima.com\\\/a-tire-d-ailes\\\/#\\\/schema\\\/person\\\/8f98d3a89530861bc1240e6d53d44eed\"},\"description\":\"Les cr\u00e8ches n'acceptent pas toujours que vous allaitiez sur place. Mieux vaut se renseigner sur cr\u00e8che et allaitement.\",\"breadcrumb\":{\"@id\":\"https:\\\/\\\/www.lactissima.com\\\/a-tire-d-ailes\\\/donner-teter-la-creche\\\/#breadcrumb\"},\"inLanguage\":\"fr-FR\",\"potentialAction\":[{\"@type\":\"ReadAction\",\"target\":[\"https:\\\/\\\/www.lactissima.com\\\/a-tire-d-ailes\\\/donner-teter-la-creche\\\/\"]}]},{\"@type\":\"ImageObject\",\"inLanguage\":\"fr-FR\",\"@id\":\"https:\\\/\\\/www.lactissima.com\\\/a-tire-d-ailes\\\/donner-teter-la-creche\\\/#primaryimage\",\"url\":\"https:\\\/\\\/www.lactissima.com\\\/a-tire-d-ailes\\\/wp-content\\\/uploads\\\/2014\\\/01\\\/cr\u00e8che-et-allaitement1.jpg\",\"contentUrl\":\"https:\\\/\\\/www.lactissima.com\\\/a-tire-d-ailes\\\/wp-content\\\/uploads\\\/2014\\\/01\\\/cr\u00e8che-et-allaitement1.jpg\",\"width\":320,\"height\":213,\"caption\":\"cr\u00e8che et allaitement\"},{\"@type\":\"BreadcrumbList\",\"@id\":\"https:\\\/\\\/www.lactissima.com\\\/a-tire-d-ailes\\\/donner-teter-la-creche\\\/#breadcrumb\",\"itemListElement\":[{\"@type\":\"ListItem\",\"position\":1,\"name\":\"Accueil\",\"item\":\"https:\\\/\\\/www.lactissima.com\\\/a-tire-d-ailes\\\/\"},{\"@type\":\"ListItem\",\"position\":2,\"name\":\"Donner \u00e0 t\u00e9ter \u00e0 la cr\u00e8che\"}]},{\"@type\":\"WebSite\",\"@id\":\"https:\\\/\\\/www.lactissima.com\\\/a-tire-d-ailes\\\/#website\",\"url\":\"https:\\\/\\\/www.lactissima.com\\\/a-tire-d-ailes\\\/\",\"name\":\"A tire d&#039;Ailes\",\"description\":\"Le blog des femmes qui allaitent et travaillent.\",\"potentialAction\":[{\"@type\":\"SearchAction\",\"target\":{\"@type\":\"EntryPoint\",\"urlTemplate\":\"https:\\\/\\\/www.lactissima.com\\\/a-tire-d-ailes\\\/?s={search_term_string}\"},\"query-input\":{\"@type\":\"PropertyValueSpecification\",\"valueRequired\":true,\"valueName\":\"search_term_string\"}}],\"inLanguage\":\"fr-FR\"},{\"@type\":\"Person\",\"@id\":\"https:\\\/\\\/www.lactissima.com\\\/a-tire-d-ailes\\\/#\\\/schema\\\/person\\\/8f98d3a89530861bc1240e6d53d44eed\",\"name\":\"V\u00e9ronique Darmangeat\",\"image\":{\"@type\":\"ImageObject\",\"inLanguage\":\"fr-FR\",\"@id\":\"https:\\\/\\\/secure.gravatar.com\\\/avatar\\\/268c99344c89cebfe4f5df5fa8be43068a18884fc76a29f3206fae98465b9cab?s=96&d=identicon&r=g\",\"url\":\"https:\\\/\\\/secure.gravatar.com\\\/avatar\\\/268c99344c89cebfe4f5df5fa8be43068a18884fc76a29f3206fae98465b9cab?s=96&d=identicon&r=g\",\"contentUrl\":\"https:\\\/\\\/secure.gravatar.com\\\/avatar\\\/268c99344c89cebfe4f5df5fa8be43068a18884fc76a29f3206fae98465b9cab?s=96&d=identicon&r=g\",\"caption\":\"V\u00e9ronique Darmangeat\"},\"sameAs\":[\"https:\\\/\\\/www.lactissima.com\\\/a-tire-d-ailes\",\"www.facebook.com\\\/consultante.en.lactation\"]}]}<\/script>\n<!-- \/ Yoast SEO plugin. -->","yoast_head_json":{"title":"cr\u00e8che et allaitement","description":"Les cr\u00e8ches n'acceptent pas toujours que vous allaitiez sur place. Mieux vaut se renseigner sur cr\u00e8che et allaitement.","robots":{"index":"index","follow":"follow","max-snippet":"max-snippet:-1","max-image-preview":"max-image-preview:large","max-video-preview":"max-video-preview:-1"},"canonical":"https:\/\/www.lactissima.com\/a-tire-d-ailes\/donner-teter-la-creche\/","og_locale":"fr_FR","og_type":"article","og_title":"cr\u00e8che et allaitement","og_description":"Les cr\u00e8ches n'acceptent pas toujours que vous allaitiez sur place. Mieux vaut se renseigner sur cr\u00e8che et allaitement.","og_url":"https:\/\/www.lactissima.com\/a-tire-d-ailes\/donner-teter-la-creche\/","og_site_name":"A tire d&#039;Ailes","article_publisher":"https:\/\/www.facebook.com\/consultante.en.lactation","article_author":"www.facebook.com\/consultante.en.lactation","article_published_time":"2014-01-09T09:02:59+00:00","article_modified_time":"2020-10-31T17:00:06+00:00","og_image":[{"width":320,"height":213,"url":"https:\/\/www.lactissima.com\/a-tire-d-ailes\/wp-content\/uploads\/2014\/01\/cr\u00e8che-et-allaitement1.jpg","type":"image\/jpeg"}],"author":"V\u00e9ronique Darmangeat","twitter_card":"summary_large_image","twitter_creator":"@VeroniqueIBCLC","twitter_site":"@VeroniqueIBCLC","twitter_misc":{"\u00c9crit par":"V\u00e9ronique Darmangeat","Dur\u00e9e de lecture estim\u00e9e":"4 minutes"},"schema":{"@context":"https:\/\/schema.org","@graph":[{"@type":"Article","@id":"https:\/\/www.lactissima.com\/a-tire-d-ailes\/donner-teter-la-creche\/#article","isPartOf":{"@id":"https:\/\/www.lactissima.com\/a-tire-d-ailes\/donner-teter-la-creche\/"},"author":{"name":"V\u00e9ronique Darmangeat","@id":"https:\/\/www.lactissima.com\/a-tire-d-ailes\/#\/schema\/person\/8f98d3a89530861bc1240e6d53d44eed"},"headline":"Donner \u00e0 t\u00e9ter \u00e0 la cr\u00e8che","datePublished":"2014-01-09T09:02:59+00:00","dateModified":"2020-10-31T17:00:06+00:00","mainEntityOfPage":{"@id":"https:\/\/www.lactissima.com\/a-tire-d-ailes\/donner-teter-la-creche\/"},"wordCount":819,"commentCount":30,"image":{"@id":"https:\/\/www.lactissima.com\/a-tire-d-ailes\/donner-teter-la-creche\/#primaryimage"},"thumbnailUrl":"https:\/\/www.lactissima.com\/a-tire-d-ailes\/wp-content\/uploads\/2014\/01\/cr\u00e8che-et-allaitement1.jpg","keywords":["cr\u00e8ches municipales parisiennes","t\u00e9t\u00e9e de retrouvailles"],"articleSection":["Allaitement et Travail","Mode de garde"],"inLanguage":"fr-FR","potentialAction":[{"@type":"CommentAction","name":"Comment","target":["https:\/\/www.lactissima.com\/a-tire-d-ailes\/donner-teter-la-creche\/#respond"]}]},{"@type":"WebPage","@id":"https:\/\/www.lactissima.com\/a-tire-d-ailes\/donner-teter-la-creche\/","url":"https:\/\/www.lactissima.com\/a-tire-d-ailes\/donner-teter-la-creche\/","name":"cr\u00e8che et allaitement","isPartOf":{"@id":"https:\/\/www.lactissima.com\/a-tire-d-ailes\/#website"},"primaryImageOfPage":{"@id":"https:\/\/www.lactissima.com\/a-tire-d-ailes\/donner-teter-la-creche\/#primaryimage"},"image":{"@id":"https:\/\/www.lactissima.com\/a-tire-d-ailes\/donner-teter-la-creche\/#primaryimage"},"thumbnailUrl":"https:\/\/www.lactissima.com\/a-tire-d-ailes\/wp-content\/uploads\/2014\/01\/cr\u00e8che-et-allaitement1.jpg","datePublished":"2014-01-09T09:02:59+00:00","dateModified":"2020-10-31T17:00:06+00:00","author":{"@id":"https:\/\/www.lactissima.com\/a-tire-d-ailes\/#\/schema\/person\/8f98d3a89530861bc1240e6d53d44eed"},"description":"Les cr\u00e8ches n'acceptent pas toujours que vous allaitiez sur place. Mieux vaut se renseigner sur cr\u00e8che et allaitement.","breadcrumb":{"@id":"https:\/\/www.lactissima.com\/a-tire-d-ailes\/donner-teter-la-creche\/#breadcrumb"},"inLanguage":"fr-FR","potentialAction":[{"@type":"ReadAction","target":["https:\/\/www.lactissima.com\/a-tire-d-ailes\/donner-teter-la-creche\/"]}]},{"@type":"ImageObject","inLanguage":"fr-FR","@id":"https:\/\/www.lactissima.com\/a-tire-d-ailes\/donner-teter-la-creche\/#primaryimage","url":"https:\/\/www.lactissima.com\/a-tire-d-ailes\/wp-content\/uploads\/2014\/01\/cr\u00e8che-et-allaitement1.jpg","contentUrl":"https:\/\/www.lactissima.com\/a-tire-d-ailes\/wp-content\/uploads\/2014\/01\/cr\u00e8che-et-allaitement1.jpg","width":320,"height":213,"caption":"cr\u00e8che et allaitement"},{"@type":"BreadcrumbList","@id":"https:\/\/www.lactissima.com\/a-tire-d-ailes\/donner-teter-la-creche\/#breadcrumb","itemListElement":[{"@type":"ListItem","position":1,"name":"Accueil","item":"https:\/\/www.lactissima.com\/a-tire-d-ailes\/"},{"@type":"ListItem","position":2,"name":"Donner \u00e0 t\u00e9ter \u00e0 la cr\u00e8che"}]},{"@type":"WebSite","@id":"https:\/\/www.lactissima.com\/a-tire-d-ailes\/#website","url":"https:\/\/www.lactissima.com\/a-tire-d-ailes\/","name":"A tire d&#039;Ailes","description":"Le blog des femmes qui allaitent et travaillent.","potentialAction":[{"@type":"SearchAction","target":{"@type":"EntryPoint","urlTemplate":"https:\/\/www.lactissima.com\/a-tire-d-ailes\/?s={search_term_string}"},"query-input":{"@type":"PropertyValueSpecification","valueRequired":true,"valueName":"search_term_string"}}],"inLanguage":"fr-FR"},{"@type":"Person","@id":"https:\/\/www.lactissima.com\/a-tire-d-ailes\/#\/schema\/person\/8f98d3a89530861bc1240e6d53d44eed","name":"V\u00e9ronique Darmangeat","image":{"@type":"ImageObject","inLanguage":"fr-FR","@id":"https:\/\/secure.gravatar.com\/avatar\/268c99344c89cebfe4f5df5fa8be43068a18884fc76a29f3206fae98465b9cab?s=96&d=identicon&r=g","url":"https:\/\/secure.gravatar.com\/avatar\/268c99344c89cebfe4f5df5fa8be43068a18884fc76a29f3206fae98465b9cab?s=96&d=identicon&r=g","contentUrl":"https:\/\/secure.gravatar.com\/avatar\/268c99344c89cebfe4f5df5fa8be43068a18884fc76a29f3206fae98465b9cab?s=96&d=identicon&r=g","caption":"V\u00e9ronique Darmangeat"},"sameAs":["https:\/\/www.lactissima.com\/a-tire-d-ailes","www.facebook.com\/consultante.en.lactation"]}]}},"_links":{"self":[{"href":"https:\/\/www.lactissima.com\/a-tire-d-ailes\/wp-json\/wp\/v2\/posts\/5032","targetHints":{"allow":["GET"]}}],"collection":[{"href":"https:\/\/www.lactissima.com\/a-tire-d-ailes\/wp-json\/wp\/v2\/posts"}],"about":[{"href":"https:\/\/www.lactissima.com\/a-tire-d-ailes\/wp-json\/wp\/v2\/types\/post"}],"author":[{"embeddable":true,"href":"https:\/\/www.lactissima.com\/a-tire-d-ailes\/wp-json\/wp\/v2\/users\/170"}],"replies":[{"embeddable":true,"href":"https:\/\/www.lactissima.com\/a-tire-d-ailes\/wp-json\/wp\/v2\/comments?post=5032"}],"version-history":[{"count":10,"href":"https:\/\/www.lactissima.com\/a-tire-d-ailes\/wp-json\/wp\/v2\/posts\/5032\/revisions"}],"predecessor-version":[{"id":8480,"href":"https:\/\/www.lactissima.com\/a-tire-d-ailes\/wp-json\/wp\/v2\/posts\/5032\/revisions\/8480"}],"wp:featuredmedia":[{"embeddable":true,"href":"https:\/\/www.lactissima.com\/a-tire-d-ailes\/wp-json\/wp\/v2\/media\/5036"}],"wp:attachment":[{"href":"https:\/\/www.lactissima.com\/a-tire-d-ailes\/wp-json\/wp\/v2\/media?parent=5032"}],"wp:term":[{"taxonomy":"category","embeddable":true,"href":"https:\/\/www.lactissima.com\/a-tire-d-ailes\/wp-json\/wp\/v2\/categories?post=5032"},{"taxonomy":"post_tag","embeddable":true,"href":"https:\/\/www.lactissima.com\/a-tire-d-ailes\/wp-json\/wp\/v2\/tags?post=5032"}],"curies":[{"name":"wp","href":"https:\/\/api.w.org\/{rel}","templated":true}]}}