{"id":5006,"date":"2013-12-27T09:55:36","date_gmt":"2013-12-27T07:55:36","guid":{"rendered":"https:\/\/www.lactissima.com\/a-tire-d-ailes\/?p=5006"},"modified":"2014-03-15T16:15:54","modified_gmt":"2014-03-15T14:15:54","slug":"allaitement-et-travail-le-temoignage-de-stephanie","status":"publish","type":"post","link":"https:\/\/www.lactissima.com\/a-tire-d-ailes\/allaitement-et-travail-le-temoignage-de-stephanie\/","title":{"rendered":"Allaitement et travail : le t\u00e9moignage de St\u00e9phanie"},"content":{"rendered":"<p style=\"text-align: justify;\"><a href=\"https:\/\/www.lactissima.com\/a-tire-d-ailes\/wp-content\/uploads\/2013\/12\/St\u00e9phanie.jpg\"><img loading=\"lazy\" decoding=\"async\" class=\"alignright size-full wp-image-5007\" alt=\"travail et allaitement\" src=\"https:\/\/www.lactissima.com\/a-tire-d-ailes\/wp-content\/uploads\/2013\/12\/St\u00e9phanie.jpg\" width=\"277\" height=\"369\" srcset=\"https:\/\/www.lactissima.com\/a-tire-d-ailes\/wp-content\/uploads\/2013\/12\/St\u00e9phanie.jpg 277w, https:\/\/www.lactissima.com\/a-tire-d-ailes\/wp-content\/uploads\/2013\/12\/St\u00e9phanie-225x300.jpg 225w\" sizes=\"(max-width: 277px) 100vw, 277px\" \/><\/a><strong>Quel choix avez-vous fait au moment de la reprise du travail ?<\/strong><\/p>\n<p style=\"text-align: justify;\">Le choix \u00e9tait vite fait. Ne voyant pas l&rsquo;int\u00e9r\u00eat de <a title=\"sevrage\" href=\"https:\/\/www.lactissima.com\/a-tire-d-ailes\/sevrage-bebe\/\" target=\"_blank\">sevrer<\/a>, l&rsquo;allaitement s&rsquo;imposait ! Je ne me sentais pas pr\u00eate a couper ces moments magiques, apaisants et c\u00e2lins. En plus, j&rsquo;ai la chance d&rsquo;avoir une p\u00e9diatre pro-allaitement\u00e2\u20ac\u009d qui m&rsquo;a encourag\u00e9e dans cette voie.<\/p>\n<p style=\"text-align: justify;\">Je ne sais pas comment cela se passe en France, mais en Suisse, nous avons la possibilit\u00e9 d&rsquo;allaiter sur notre temps de travail jusqu&rsquo;au premier anniversaire de notre bout de chou. Ce temps d&rsquo;allaitement est de 30 minutes le matin, et 30 minutes l&rsquo;apr\u00e8s-midi. Un peu court si b\u00e9b\u00e9 n&rsquo;est pas juste \u00e0 c\u00f4t\u00e9 du bureau, mais \u00e7a a le m\u00e9rite d&rsquo;exister, et \u00e7a aide beaucoup !<\/p>\n<p style=\"text-align: justify;\"><strong>Comment vous \u00eates-vous organis\u00e9e ? <\/strong><\/p>\n<p style=\"text-align: justify;\">Assez facilement en fait. D\u00e8s le d\u00e9but de l&rsquo;allaitement, je savais que je continuerais en reprenant le travail. Mon objectif \u00e9tait d&rsquo;allaiter 6 mois au minimum&#8230; le temps de passer \u00e0 la diversification. D\u00e8s les 1 mois de ma fille, j&rsquo;ai sorti le <a href=\"https:\/\/www.lactissima.com\/a-tire-d-ailes\/le-point-sur-les-tire-lait\/\" target=\"_blank\">tire-lait<\/a> apr\u00e8s chaque t\u00e9t\u00e9e et commenc\u00e9 les r\u00e9serves. La nuit, je rajoutais une t\u00e9t\u00e9e artificielle. Tr\u00e8s rapidement, mon congel (achet\u00e9 pour l&rsquo;occasion) a \u00e9t\u00e9 rempli de lait maternel congel\u00e9. A la reprise du travail, j&rsquo;avais une quarantaine de sachets d&rsquo;avance.<\/p>\n<p style=\"text-align: justify;\">Au travail, je prenais le temps de pause allou\u00e9 par la <a href=\"https:\/\/www.lactissima.com\/a-tire-d-ailes\/code-du-travail-et-allaitement\/\" target=\"_blank\">loi<\/a>, et je m&rsquo;enfermais dans les toilettes afin de tirer mon lait. Je donnais ensuite les sachets de lait \u00e0 la nounou afin qu&rsquo;elle puisse faire des biberons de lait maternel pendant mon absence. Elle avait aussi toujours 1 ou 2 sachets de congel\u00e9 en cas de demande suppl\u00e9mentaire. Pendant ma pause de midi, j&rsquo;allais allaiter en direct\u00e2\u20ac\u009d chez la nounou. J&rsquo;ai pu faire \u00e7a jusqu&rsquo;aux 6 mois de ma fille (objectif atteint, 6 mois d&rsquo;allaitement exclusif). Ensuite je suis pass\u00e9e en lactation auto, et je n&rsquo;ai plus r\u00e9ussi a tirer une seule goutte au tire-lait [la <a href=\"https:\/\/www.lactissima.com\/a-tire-d-ailes\/lactation-automatique\/\" target=\"_blank\">lactation automatique<\/a> n&rsquo;existe pas, ndlr]. Heureusement j&rsquo;avais assez de lait maternel au congel ! Elle n&rsquo;a bu aucun autre lait jusque son premier anniversaire. La journ\u00e9e elle se r\u00e9gulait. La nuit ou pendant mes cong\u00e9s, c&rsquo;\u00e9tait allaitement \u00e0 la demande. Au final, mon allaitement aura dur\u00e9 14 mois, puis ma fille a d\u00e9cid\u00e9 de se sevrer (j&rsquo;\u00e9tais enceinte de 1,5 mois).<\/p>\n<p style=\"text-align: justify;\"><strong>Quelles ont \u00e9t\u00e9 vos principales difficult\u00e9s ?<\/strong><\/p>\n<p style=\"text-align: justify;\">Le biberon ! Ma fille a commenc\u00e9 \u00e0 \u00eatre gard\u00e9e a 4,5 mois, mais n&rsquo;a <a href=\"https:\/\/www.lactissima.com\/a-tire-d-ailes\/bebe-refuse-le-biberon\/\" target=\"_blank\">accept\u00e9 le biberon<\/a> que vers 5,5 mois&#8230; et encore, que avec sa nounou ! Elle a du se rendre compte que mieux valait boire avec \u00e7a que d&rsquo;avoir faim. Du coup, j&rsquo;ai fait de nombreux aller-retour entre mon boulot et la nounou&#8230; heureusement pas trop \u00e9loign\u00e9s (environ 10 minutes en voiture), et heureusement encore, ma fille t\u00e9tait vite ! Du coup en collant le temps de pause au temps d&rsquo;allaitement, j&rsquo;arrivais a aller la nourrir directement. Mais quelle p\u00e9riode stressante quand j&rsquo;y repense !<\/p>\n<p style=\"text-align: justify;\">Autre difficult\u00e9&#8230; les mont\u00e9es de lait ! Je travaille dans les soins, et avoir les seins durs comme du bois, qui font mal et qui coulent en travaillant, c&rsquo;est tout sauf confortable. Parfois j&rsquo;aurais pu en pleurer tellement \u00e7a faisait mal.<\/p>\n<p style=\"text-align: justify;\"><strong>Quels ont \u00e9t\u00e9 vos meilleurs moments ?<\/strong><\/p>\n<p style=\"text-align: justify;\">Aussi \u00e9tonnant que cela puisse para\u00eetre, mes meilleurs moments \u00e9taient ceux o\u00f9 je devais retourner chez la nounou pour nourrir ma fille&#8230; oui c&rsquo;\u00e9tait la course, oui c&rsquo;\u00e9tait stressant&#8230; mais ces petits moments vol\u00e9s\u00e2\u20ac\u009d dans la journ\u00e9e, plein de c\u00e2lins et d&rsquo;amour me faisaient du bien ! Ils coupaient la longue journ\u00e9e sans voir ma puce (et je ne suis pas \u00e0 plaindre, je ne travaille qu&rsquo;\u00e0 60%).<\/p>\n<p style=\"text-align: justify;\"> <strong>Qu&rsquo;est-ce que vous souhaiteriez dire aux mamans qui doivent faire un choix dans les semaines \u00e0 venir ? <\/strong><\/p>\n<p style=\"text-align: justify;\">Ecoutez votre coeur et votre instinct ! Vous entendrez plein d&rsquo;avis contraires, pour ou contre l&rsquo;allaitement&#8230; plein de gens vous diront que c&rsquo;est trop fatiguant, trop difficile&#8230; exp\u00e9rience faite, je suis contente de ne pas avoir \u00e9cout\u00e9 ces conseils\u00e2\u20ac\u009d. Ce qui est fatiguant, ce n&rsquo;est pas d&rsquo;allaiter, c&rsquo;est de se lever le matin pour aller bosser, c&rsquo;est de se lever la nuit pour pr\u00e9parer un biberon en entendant son b\u00e9b\u00e9 hurler&#8230; l&rsquo;allaitement, au contraire, c&rsquo;est facile&#8230; b\u00e9b\u00e9 vient nous rejoindre dans le lit, on peut se rendormir pendant qu&rsquo;il mange. Bref, les seuls \u00e0 savoir s&rsquo;il faut continuer ou pas cet allaitement, c&rsquo;est vous et votre b\u00e9b\u00e9. Un sevrage mal v\u00e9cu et contraint est bien plus dur \u00e0 vivre que d&rsquo;allaiter en travaillant.<\/p>\n<p style=\"text-align: justify;\"><strong>Ce serait \u00e0 refaire, vous referiez le m\u00eame choix ? Que changeriez-vous ? <\/strong><\/p>\n<p style=\"text-align: justify;\">Sans h\u00e9siter une seule seconde ! d&rsquo;ailleurs, ce sera refait dans quelques mois&#8230; bon, cette fois, j&rsquo;ai la chance d&rsquo;avoir pu prendre un cong\u00e9 sans solde, et resterai 8 mois aupr\u00e8s de mon b\u00e9b\u00e9. Mais pour la reprise du travail, il y aura des r\u00e9serves de lait maternel au congel, afin de ne rien donner d&rsquo;autre avant 1 ann\u00e9e.<\/p>\n<p style=\"text-align: justify;\">La seule chose que je changerai, ce sera le biberon&#8230; Je ferai en sorte que b\u00e9b\u00e9 connaisse cet \u00e9trange objet avant de le confier. Ce sera tout de m\u00eame plus facile !<\/p>\n<p><strong>Articles en rapport :<\/strong><\/p>\n<ul>\n<li>Voir l&rsquo;onglet <a href=\"https:\/\/www.lactissima.com\/a-tire-d-ailes\/?page_id=1179\" target=\"_blank\">t\u00e9moignages<\/a><\/li>\n<\/ul>\n<p>&nbsp;<\/p>\n","protected":false},"excerpt":{"rendered":"<p>Quel choix avez-vous fait au moment de la reprise du travail ? Le choix \u00e9tait vite fait. Ne voyant pas l&rsquo;int\u00e9r\u00eat de sevrer, l&rsquo;allaitement s&rsquo;imposait ! Je ne me sentais pas pr\u00eate a couper ces moments magiques, apaisants et c\u00e2lins. En plus, j&rsquo;ai la chance d&rsquo;avoir une p\u00e9diatre pro-allaitement\u00e2\u20ac\u009d qui m&rsquo;a encourag\u00e9e dans cette voie. [&hellip;]<\/p>\n","protected":false},"author":170,"featured_media":5007,"comment_status":"open","ping_status":"open","sticky":false,"template":"","format":"standard","meta":{"_et_pb_use_builder":"","_et_pb_old_content":"","_et_gb_content_width":"","footnotes":""},"categories":[150],"tags":[580,287,198,138,57],"class_list":["post-5006","post","type-post","status-publish","format-standard","has-post-thumbnail","hentry","category-temoignages","tag-accepter-le-biberon","tag-lactation-automatique","tag-loi","tag-sevrer","tag-tire-lait"],"yoast_head":"<!-- This site is optimized with the Yoast SEO plugin v27.4 - https:\/\/yoast.com\/product\/yoast-seo-wordpress\/ -->\n<title>Allaitement et travail : le t\u00e9moignage de St\u00e9phanie<\/title>\n<meta name=\"description\" content=\"St\u00e9phanie a fait des r\u00e9serves de lait d\u00e8s le d\u00e9but de son allaitement pour pouvoir nourrir son b\u00e9b\u00e9 exclusivement au lait maternel chez la nounou et pouvoir conjuguer allaitement et travail.\" \/>\n<meta name=\"robots\" content=\"index, follow, max-snippet:-1, max-image-preview:large, max-video-preview:-1\" \/>\n<link rel=\"canonical\" href=\"https:\/\/www.lactissima.com\/a-tire-d-ailes\/allaitement-et-travail-le-temoignage-de-stephanie\/\" \/>\n<meta property=\"og:locale\" content=\"fr_FR\" \/>\n<meta property=\"og:type\" content=\"article\" \/>\n<meta property=\"og:title\" content=\"Allaitement et travail : le t\u00e9moignage de St\u00e9phanie\" \/>\n<meta property=\"og:description\" content=\"St\u00e9phanie a fait des r\u00e9serves de lait d\u00e8s le d\u00e9but de son allaitement pour pouvoir nourrir son b\u00e9b\u00e9 exclusivement au lait maternel chez la nounou et pouvoir conjuguer allaitement et travail.\" \/>\n<meta property=\"og:url\" content=\"https:\/\/www.lactissima.com\/a-tire-d-ailes\/allaitement-et-travail-le-temoignage-de-stephanie\/\" \/>\n<meta property=\"og:site_name\" content=\"A tire d&#039;Ailes\" \/>\n<meta property=\"article:publisher\" content=\"https:\/\/www.facebook.com\/consultante.en.lactation\" \/>\n<meta property=\"article:author\" content=\"www.facebook.com\/consultante.en.lactation\" \/>\n<meta property=\"article:published_time\" content=\"2013-12-27T07:55:36+00:00\" \/>\n<meta property=\"article:modified_time\" content=\"2014-03-15T14:15:54+00:00\" \/>\n<meta property=\"og:image\" content=\"https:\/\/www.lactissima.com\/a-tire-d-ailes\/wp-content\/uploads\/2013\/12\/St\u00e9phanie.jpg\" \/>\n\t<meta property=\"og:image:width\" content=\"277\" \/>\n\t<meta property=\"og:image:height\" content=\"369\" \/>\n\t<meta property=\"og:image:type\" content=\"image\/jpeg\" \/>\n<meta name=\"author\" content=\"V\u00e9ronique Darmangeat\" \/>\n<meta name=\"twitter:card\" content=\"summary_large_image\" \/>\n<meta name=\"twitter:creator\" content=\"@VeroniqueIBCLC\" \/>\n<meta name=\"twitter:site\" content=\"@VeroniqueIBCLC\" \/>\n<meta name=\"twitter:label1\" content=\"\u00c9crit par\" \/>\n\t<meta name=\"twitter:data1\" content=\"V\u00e9ronique Darmangeat\" \/>\n\t<meta name=\"twitter:label2\" content=\"Dur\u00e9e de lecture estim\u00e9e\" \/>\n\t<meta name=\"twitter:data2\" content=\"4 minutes\" \/>\n<script type=\"application\/ld+json\" class=\"yoast-schema-graph\">{\"@context\":\"https:\\\/\\\/schema.org\",\"@graph\":[{\"@type\":\"Article\",\"@id\":\"https:\\\/\\\/www.lactissima.com\\\/a-tire-d-ailes\\\/allaitement-et-travail-le-temoignage-de-stephanie\\\/#article\",\"isPartOf\":{\"@id\":\"https:\\\/\\\/www.lactissima.com\\\/a-tire-d-ailes\\\/allaitement-et-travail-le-temoignage-de-stephanie\\\/\"},\"author\":{\"name\":\"V\u00e9ronique Darmangeat\",\"@id\":\"https:\\\/\\\/www.lactissima.com\\\/a-tire-d-ailes\\\/#\\\/schema\\\/person\\\/8f98d3a89530861bc1240e6d53d44eed\"},\"headline\":\"Allaitement et travail : le t\u00e9moignage de St\u00e9phanie\",\"datePublished\":\"2013-12-27T07:55:36+00:00\",\"dateModified\":\"2014-03-15T14:15:54+00:00\",\"mainEntityOfPage\":{\"@id\":\"https:\\\/\\\/www.lactissima.com\\\/a-tire-d-ailes\\\/allaitement-et-travail-le-temoignage-de-stephanie\\\/\"},\"wordCount\":931,\"commentCount\":6,\"image\":{\"@id\":\"https:\\\/\\\/www.lactissima.com\\\/a-tire-d-ailes\\\/allaitement-et-travail-le-temoignage-de-stephanie\\\/#primaryimage\"},\"thumbnailUrl\":\"https:\\\/\\\/www.lactissima.com\\\/a-tire-d-ailes\\\/wp-content\\\/uploads\\\/2013\\\/12\\\/St\u00e9phanie.jpg\",\"keywords\":[\"accepter le biberon\",\"lactation automatique\",\"loi\",\"sevrer\",\"tire-lait\"],\"articleSection\":[\"t\u00e9moignages\"],\"inLanguage\":\"fr-FR\",\"potentialAction\":[{\"@type\":\"CommentAction\",\"name\":\"Comment\",\"target\":[\"https:\\\/\\\/www.lactissima.com\\\/a-tire-d-ailes\\\/allaitement-et-travail-le-temoignage-de-stephanie\\\/#respond\"]}]},{\"@type\":\"WebPage\",\"@id\":\"https:\\\/\\\/www.lactissima.com\\\/a-tire-d-ailes\\\/allaitement-et-travail-le-temoignage-de-stephanie\\\/\",\"url\":\"https:\\\/\\\/www.lactissima.com\\\/a-tire-d-ailes\\\/allaitement-et-travail-le-temoignage-de-stephanie\\\/\",\"name\":\"Allaitement et travail : le t\u00e9moignage de St\u00e9phanie\",\"isPartOf\":{\"@id\":\"https:\\\/\\\/www.lactissima.com\\\/a-tire-d-ailes\\\/#website\"},\"primaryImageOfPage\":{\"@id\":\"https:\\\/\\\/www.lactissima.com\\\/a-tire-d-ailes\\\/allaitement-et-travail-le-temoignage-de-stephanie\\\/#primaryimage\"},\"image\":{\"@id\":\"https:\\\/\\\/www.lactissima.com\\\/a-tire-d-ailes\\\/allaitement-et-travail-le-temoignage-de-stephanie\\\/#primaryimage\"},\"thumbnailUrl\":\"https:\\\/\\\/www.lactissima.com\\\/a-tire-d-ailes\\\/wp-content\\\/uploads\\\/2013\\\/12\\\/St\u00e9phanie.jpg\",\"datePublished\":\"2013-12-27T07:55:36+00:00\",\"dateModified\":\"2014-03-15T14:15:54+00:00\",\"author\":{\"@id\":\"https:\\\/\\\/www.lactissima.com\\\/a-tire-d-ailes\\\/#\\\/schema\\\/person\\\/8f98d3a89530861bc1240e6d53d44eed\"},\"description\":\"St\u00e9phanie a fait des r\u00e9serves de lait d\u00e8s le d\u00e9but de son allaitement pour pouvoir nourrir son b\u00e9b\u00e9 exclusivement au lait maternel chez la nounou et pouvoir conjuguer allaitement et travail.\",\"breadcrumb\":{\"@id\":\"https:\\\/\\\/www.lactissima.com\\\/a-tire-d-ailes\\\/allaitement-et-travail-le-temoignage-de-stephanie\\\/#breadcrumb\"},\"inLanguage\":\"fr-FR\",\"potentialAction\":[{\"@type\":\"ReadAction\",\"target\":[\"https:\\\/\\\/www.lactissima.com\\\/a-tire-d-ailes\\\/allaitement-et-travail-le-temoignage-de-stephanie\\\/\"]}]},{\"@type\":\"ImageObject\",\"inLanguage\":\"fr-FR\",\"@id\":\"https:\\\/\\\/www.lactissima.com\\\/a-tire-d-ailes\\\/allaitement-et-travail-le-temoignage-de-stephanie\\\/#primaryimage\",\"url\":\"https:\\\/\\\/www.lactissima.com\\\/a-tire-d-ailes\\\/wp-content\\\/uploads\\\/2013\\\/12\\\/St\u00e9phanie.jpg\",\"contentUrl\":\"https:\\\/\\\/www.lactissima.com\\\/a-tire-d-ailes\\\/wp-content\\\/uploads\\\/2013\\\/12\\\/St\u00e9phanie.jpg\",\"width\":277,\"height\":369,\"caption\":\"travail et allaitement\"},{\"@type\":\"BreadcrumbList\",\"@id\":\"https:\\\/\\\/www.lactissima.com\\\/a-tire-d-ailes\\\/allaitement-et-travail-le-temoignage-de-stephanie\\\/#breadcrumb\",\"itemListElement\":[{\"@type\":\"ListItem\",\"position\":1,\"name\":\"Accueil\",\"item\":\"https:\\\/\\\/www.lactissima.com\\\/a-tire-d-ailes\\\/\"},{\"@type\":\"ListItem\",\"position\":2,\"name\":\"Allaitement et travail : le t\u00e9moignage de St\u00e9phanie\"}]},{\"@type\":\"WebSite\",\"@id\":\"https:\\\/\\\/www.lactissima.com\\\/a-tire-d-ailes\\\/#website\",\"url\":\"https:\\\/\\\/www.lactissima.com\\\/a-tire-d-ailes\\\/\",\"name\":\"A tire d&#039;Ailes\",\"description\":\"Le blog des femmes qui allaitent et travaillent.\",\"potentialAction\":[{\"@type\":\"SearchAction\",\"target\":{\"@type\":\"EntryPoint\",\"urlTemplate\":\"https:\\\/\\\/www.lactissima.com\\\/a-tire-d-ailes\\\/?s={search_term_string}\"},\"query-input\":{\"@type\":\"PropertyValueSpecification\",\"valueRequired\":true,\"valueName\":\"search_term_string\"}}],\"inLanguage\":\"fr-FR\"},{\"@type\":\"Person\",\"@id\":\"https:\\\/\\\/www.lactissima.com\\\/a-tire-d-ailes\\\/#\\\/schema\\\/person\\\/8f98d3a89530861bc1240e6d53d44eed\",\"name\":\"V\u00e9ronique Darmangeat\",\"image\":{\"@type\":\"ImageObject\",\"inLanguage\":\"fr-FR\",\"@id\":\"https:\\\/\\\/secure.gravatar.com\\\/avatar\\\/268c99344c89cebfe4f5df5fa8be43068a18884fc76a29f3206fae98465b9cab?s=96&d=identicon&r=g\",\"url\":\"https:\\\/\\\/secure.gravatar.com\\\/avatar\\\/268c99344c89cebfe4f5df5fa8be43068a18884fc76a29f3206fae98465b9cab?s=96&d=identicon&r=g\",\"contentUrl\":\"https:\\\/\\\/secure.gravatar.com\\\/avatar\\\/268c99344c89cebfe4f5df5fa8be43068a18884fc76a29f3206fae98465b9cab?s=96&d=identicon&r=g\",\"caption\":\"V\u00e9ronique Darmangeat\"},\"sameAs\":[\"https:\\\/\\\/www.lactissima.com\\\/a-tire-d-ailes\",\"www.facebook.com\\\/consultante.en.lactation\"]}]}<\/script>\n<!-- \/ Yoast SEO plugin. -->","yoast_head_json":{"title":"Allaitement et travail : le t\u00e9moignage de St\u00e9phanie","description":"St\u00e9phanie a fait des r\u00e9serves de lait d\u00e8s le d\u00e9but de son allaitement pour pouvoir nourrir son b\u00e9b\u00e9 exclusivement au lait maternel chez la nounou et pouvoir conjuguer allaitement et travail.","robots":{"index":"index","follow":"follow","max-snippet":"max-snippet:-1","max-image-preview":"max-image-preview:large","max-video-preview":"max-video-preview:-1"},"canonical":"https:\/\/www.lactissima.com\/a-tire-d-ailes\/allaitement-et-travail-le-temoignage-de-stephanie\/","og_locale":"fr_FR","og_type":"article","og_title":"Allaitement et travail : le t\u00e9moignage de St\u00e9phanie","og_description":"St\u00e9phanie a fait des r\u00e9serves de lait d\u00e8s le d\u00e9but de son allaitement pour pouvoir nourrir son b\u00e9b\u00e9 exclusivement au lait maternel chez la nounou et pouvoir conjuguer allaitement et travail.","og_url":"https:\/\/www.lactissima.com\/a-tire-d-ailes\/allaitement-et-travail-le-temoignage-de-stephanie\/","og_site_name":"A tire d&#039;Ailes","article_publisher":"https:\/\/www.facebook.com\/consultante.en.lactation","article_author":"www.facebook.com\/consultante.en.lactation","article_published_time":"2013-12-27T07:55:36+00:00","article_modified_time":"2014-03-15T14:15:54+00:00","og_image":[{"width":277,"height":369,"url":"https:\/\/www.lactissima.com\/a-tire-d-ailes\/wp-content\/uploads\/2013\/12\/St\u00e9phanie.jpg","type":"image\/jpeg"}],"author":"V\u00e9ronique Darmangeat","twitter_card":"summary_large_image","twitter_creator":"@VeroniqueIBCLC","twitter_site":"@VeroniqueIBCLC","twitter_misc":{"\u00c9crit par":"V\u00e9ronique Darmangeat","Dur\u00e9e de lecture estim\u00e9e":"4 minutes"},"schema":{"@context":"https:\/\/schema.org","@graph":[{"@type":"Article","@id":"https:\/\/www.lactissima.com\/a-tire-d-ailes\/allaitement-et-travail-le-temoignage-de-stephanie\/#article","isPartOf":{"@id":"https:\/\/www.lactissima.com\/a-tire-d-ailes\/allaitement-et-travail-le-temoignage-de-stephanie\/"},"author":{"name":"V\u00e9ronique Darmangeat","@id":"https:\/\/www.lactissima.com\/a-tire-d-ailes\/#\/schema\/person\/8f98d3a89530861bc1240e6d53d44eed"},"headline":"Allaitement et travail : le t\u00e9moignage de St\u00e9phanie","datePublished":"2013-12-27T07:55:36+00:00","dateModified":"2014-03-15T14:15:54+00:00","mainEntityOfPage":{"@id":"https:\/\/www.lactissima.com\/a-tire-d-ailes\/allaitement-et-travail-le-temoignage-de-stephanie\/"},"wordCount":931,"commentCount":6,"image":{"@id":"https:\/\/www.lactissima.com\/a-tire-d-ailes\/allaitement-et-travail-le-temoignage-de-stephanie\/#primaryimage"},"thumbnailUrl":"https:\/\/www.lactissima.com\/a-tire-d-ailes\/wp-content\/uploads\/2013\/12\/St\u00e9phanie.jpg","keywords":["accepter le biberon","lactation automatique","loi","sevrer","tire-lait"],"articleSection":["t\u00e9moignages"],"inLanguage":"fr-FR","potentialAction":[{"@type":"CommentAction","name":"Comment","target":["https:\/\/www.lactissima.com\/a-tire-d-ailes\/allaitement-et-travail-le-temoignage-de-stephanie\/#respond"]}]},{"@type":"WebPage","@id":"https:\/\/www.lactissima.com\/a-tire-d-ailes\/allaitement-et-travail-le-temoignage-de-stephanie\/","url":"https:\/\/www.lactissima.com\/a-tire-d-ailes\/allaitement-et-travail-le-temoignage-de-stephanie\/","name":"Allaitement et travail : le t\u00e9moignage de St\u00e9phanie","isPartOf":{"@id":"https:\/\/www.lactissima.com\/a-tire-d-ailes\/#website"},"primaryImageOfPage":{"@id":"https:\/\/www.lactissima.com\/a-tire-d-ailes\/allaitement-et-travail-le-temoignage-de-stephanie\/#primaryimage"},"image":{"@id":"https:\/\/www.lactissima.com\/a-tire-d-ailes\/allaitement-et-travail-le-temoignage-de-stephanie\/#primaryimage"},"thumbnailUrl":"https:\/\/www.lactissima.com\/a-tire-d-ailes\/wp-content\/uploads\/2013\/12\/St\u00e9phanie.jpg","datePublished":"2013-12-27T07:55:36+00:00","dateModified":"2014-03-15T14:15:54+00:00","author":{"@id":"https:\/\/www.lactissima.com\/a-tire-d-ailes\/#\/schema\/person\/8f98d3a89530861bc1240e6d53d44eed"},"description":"St\u00e9phanie a fait des r\u00e9serves de lait d\u00e8s le d\u00e9but de son allaitement pour pouvoir nourrir son b\u00e9b\u00e9 exclusivement au lait maternel chez la nounou et pouvoir conjuguer allaitement et travail.","breadcrumb":{"@id":"https:\/\/www.lactissima.com\/a-tire-d-ailes\/allaitement-et-travail-le-temoignage-de-stephanie\/#breadcrumb"},"inLanguage":"fr-FR","potentialAction":[{"@type":"ReadAction","target":["https:\/\/www.lactissima.com\/a-tire-d-ailes\/allaitement-et-travail-le-temoignage-de-stephanie\/"]}]},{"@type":"ImageObject","inLanguage":"fr-FR","@id":"https:\/\/www.lactissima.com\/a-tire-d-ailes\/allaitement-et-travail-le-temoignage-de-stephanie\/#primaryimage","url":"https:\/\/www.lactissima.com\/a-tire-d-ailes\/wp-content\/uploads\/2013\/12\/St\u00e9phanie.jpg","contentUrl":"https:\/\/www.lactissima.com\/a-tire-d-ailes\/wp-content\/uploads\/2013\/12\/St\u00e9phanie.jpg","width":277,"height":369,"caption":"travail et allaitement"},{"@type":"BreadcrumbList","@id":"https:\/\/www.lactissima.com\/a-tire-d-ailes\/allaitement-et-travail-le-temoignage-de-stephanie\/#breadcrumb","itemListElement":[{"@type":"ListItem","position":1,"name":"Accueil","item":"https:\/\/www.lactissima.com\/a-tire-d-ailes\/"},{"@type":"ListItem","position":2,"name":"Allaitement et travail : le t\u00e9moignage de St\u00e9phanie"}]},{"@type":"WebSite","@id":"https:\/\/www.lactissima.com\/a-tire-d-ailes\/#website","url":"https:\/\/www.lactissima.com\/a-tire-d-ailes\/","name":"A tire d&#039;Ailes","description":"Le blog des femmes qui allaitent et travaillent.","potentialAction":[{"@type":"SearchAction","target":{"@type":"EntryPoint","urlTemplate":"https:\/\/www.lactissima.com\/a-tire-d-ailes\/?s={search_term_string}"},"query-input":{"@type":"PropertyValueSpecification","valueRequired":true,"valueName":"search_term_string"}}],"inLanguage":"fr-FR"},{"@type":"Person","@id":"https:\/\/www.lactissima.com\/a-tire-d-ailes\/#\/schema\/person\/8f98d3a89530861bc1240e6d53d44eed","name":"V\u00e9ronique Darmangeat","image":{"@type":"ImageObject","inLanguage":"fr-FR","@id":"https:\/\/secure.gravatar.com\/avatar\/268c99344c89cebfe4f5df5fa8be43068a18884fc76a29f3206fae98465b9cab?s=96&d=identicon&r=g","url":"https:\/\/secure.gravatar.com\/avatar\/268c99344c89cebfe4f5df5fa8be43068a18884fc76a29f3206fae98465b9cab?s=96&d=identicon&r=g","contentUrl":"https:\/\/secure.gravatar.com\/avatar\/268c99344c89cebfe4f5df5fa8be43068a18884fc76a29f3206fae98465b9cab?s=96&d=identicon&r=g","caption":"V\u00e9ronique Darmangeat"},"sameAs":["https:\/\/www.lactissima.com\/a-tire-d-ailes","www.facebook.com\/consultante.en.lactation"]}]}},"_links":{"self":[{"href":"https:\/\/www.lactissima.com\/a-tire-d-ailes\/wp-json\/wp\/v2\/posts\/5006","targetHints":{"allow":["GET"]}}],"collection":[{"href":"https:\/\/www.lactissima.com\/a-tire-d-ailes\/wp-json\/wp\/v2\/posts"}],"about":[{"href":"https:\/\/www.lactissima.com\/a-tire-d-ailes\/wp-json\/wp\/v2\/types\/post"}],"author":[{"embeddable":true,"href":"https:\/\/www.lactissima.com\/a-tire-d-ailes\/wp-json\/wp\/v2\/users\/170"}],"replies":[{"embeddable":true,"href":"https:\/\/www.lactissima.com\/a-tire-d-ailes\/wp-json\/wp\/v2\/comments?post=5006"}],"version-history":[{"count":5,"href":"https:\/\/www.lactissima.com\/a-tire-d-ailes\/wp-json\/wp\/v2\/posts\/5006\/revisions"}],"predecessor-version":[{"id":5161,"href":"https:\/\/www.lactissima.com\/a-tire-d-ailes\/wp-json\/wp\/v2\/posts\/5006\/revisions\/5161"}],"wp:featuredmedia":[{"embeddable":true,"href":"https:\/\/www.lactissima.com\/a-tire-d-ailes\/wp-json\/wp\/v2\/media\/5007"}],"wp:attachment":[{"href":"https:\/\/www.lactissima.com\/a-tire-d-ailes\/wp-json\/wp\/v2\/media?parent=5006"}],"wp:term":[{"taxonomy":"category","embeddable":true,"href":"https:\/\/www.lactissima.com\/a-tire-d-ailes\/wp-json\/wp\/v2\/categories?post=5006"},{"taxonomy":"post_tag","embeddable":true,"href":"https:\/\/www.lactissima.com\/a-tire-d-ailes\/wp-json\/wp\/v2\/tags?post=5006"}],"curies":[{"name":"wp","href":"https:\/\/api.w.org\/{rel}","templated":true}]}}