{"id":4954,"date":"2013-11-28T10:08:20","date_gmt":"2013-11-28T08:08:20","guid":{"rendered":"https:\/\/www.lactissima.com\/a-tire-d-ailes\/?p=4954"},"modified":"2014-03-15T16:17:52","modified_gmt":"2014-03-15T14:17:52","slug":"allaitement-et-travail-le-temoignage-de-rachel","status":"publish","type":"post","link":"https:\/\/www.lactissima.com\/a-tire-d-ailes\/allaitement-et-travail-le-temoignage-de-rachel\/","title":{"rendered":"Allaitement et travail : le t\u00e9moignage de Rachel"},"content":{"rendered":"<p style=\"text-align: justify;\"><b><a href=\"https:\/\/www.lactissima.com\/a-tire-d-ailes\/wp-content\/uploads\/2013\/11\/rachel.jpg\"><img loading=\"lazy\" decoding=\"async\" class=\"alignright size-full wp-image-4955\" alt=\"allaitement et travail\" src=\"https:\/\/www.lactissima.com\/a-tire-d-ailes\/wp-content\/uploads\/2013\/11\/rachel.jpg\" width=\"368\" height=\"275\" srcset=\"https:\/\/www.lactissima.com\/a-tire-d-ailes\/wp-content\/uploads\/2013\/11\/rachel.jpg 368w, https:\/\/www.lactissima.com\/a-tire-d-ailes\/wp-content\/uploads\/2013\/11\/rachel-300x224.jpg 300w\" sizes=\"(max-width: 368px) 100vw, 368px\" \/><\/a>Quel choix avez-vous fait au moment de la reprise du travail : sevrage ou poursuite de l&rsquo;allaitement ? Pourquoi ?<\/b><\/p>\n<p style=\"text-align: justify;\">Ma fille a bient\u00f4t 8 mois et elle est allait\u00e9e exclusivement depuis sa naissance. Une fois que mon allaitement s&rsquo;est bien mis en place (d\u00e9marrage difficile), je n&rsquo;ai eu aucun doute sur l&rsquo;envie de poursuivre cette aventure le plus longtemps possible, y compris avec la reprise du travail. Pour moi c&rsquo;\u00e9tait une \u00e9vidence, d&rsquo;autant que tout se passait tr\u00e8s bien. Pourquoi arr\u00eater ?<br \/>\nJ&rsquo;avais fait quelques recherches sur les laits maternis\u00e9s, afin d&rsquo;en choisir un moins \u00ab\u00a0mauvais\u00a0\u00bb que les autres (dans la mesure o\u00f9 les constituants ne sont pas toujours satisfaisants, y compris dans le bio). Juste au cas o\u00f9, mais finalement, je n&rsquo;en ai pas eu besoin.<br \/>\nJ&rsquo;ai eu la chance de ne reprendre le travail qu&rsquo;aux 5 mois 1\/2 de ma fille et j&rsquo;ai eu le temps de trouver le bon rythme, de m&rsquo;adapter aux t\u00e9t\u00e9es, d&rsquo;avoir un peu \u00ab\u00a0<i>d&rsquo;exp\u00e9rience<\/i>\u00ab\u00a0.<br \/>\nJ&rsquo;ai aussi eu la chance de vivre un allaitement sans d\u00e9sagr\u00e9ment (ni fuites \/ ni seins douloureux : pas de probl\u00e8me lors des mont\u00e9es de lait). Cet aspect, qui peut, mine de rien, \u00eatre tr\u00e8s g\u00eanant, n&rsquo;a donc pas \u00e9t\u00e9 un obstacle.<br \/>\nMon bilan apr\u00e8s presque 3 mois de reprise est donc tr\u00e8s positif et j&rsquo;esp\u00e8re que \u00e7a va durer encore longtemps !<\/p>\n<p style=\"text-align: justify;\"><b>Comment vous \u00eates-vous organis\u00e9e ?<\/b><\/p>\n<p style=\"text-align: justify;\">La grande inconnue dans cette poursuite de l&rsquo;allaitement, c&rsquo;\u00e9tait la fa\u00e7on dont j&rsquo;allais g\u00e9rer les tirages. Pourtant pr\u00e9voyante de nature, je n&rsquo;avais pas envie de faire de stocks \u00e0 l&rsquo;avance (pas fan du cong\u00e9lateur \/ crainte de surstimuler ma lactation) mais la peur de ne pas pouvoir fournir assez de lait restait quand m\u00eame tr\u00e8s pr\u00e9sente dans ma t\u00eate. J&rsquo;ai quand m\u00eame pr\u00e9f\u00e9r\u00e9 attendre la reprise du travail pour g\u00e9rer sur le moment. Et je ne regrette pas d&rsquo;avoir pris les choses comme elles venaient car \u00e7a se passe tr\u00e8s bien depuis ! J&rsquo;ai un tire-lait manuel qui me convient (je tire 150 \u00e0 200 ml en 15 minutes), un endroit tranquille au travail pour tirer mon lait sans \u00eatre d\u00e9rang\u00e9e.<\/p>\n<p style=\"text-align: justify;\">Au d\u00e9but, j&rsquo;avoue que c&rsquo;\u00e9tait assez facile de tirer mon lait, pour une raison simple : ma fille prenait tr\u00e8s peu de lait en journ\u00e9e. Elle se r\u00e9servait pour mon retour !!! Alors je tirais en tr\u00e8s petite quantit\u00e9. Mais apr\u00e8s une dizaine de jours, elle a commenc\u00e9 \u00e0 trouver son rythme. La demande a augment\u00e9 au fil des semaines, et progressivement, j&rsquo;ai r\u00e9ussi \u00e0 suivre. J&rsquo;ai d&rsquo;ailleurs d\u00e9cid\u00e9 depuis de ne tirer mon lait que la veille pour le lendemain, je m&rsquo;arr\u00eate quand j&rsquo;ai la quantit\u00e9 qu&rsquo;il me faut (200 ml actuellement car ma fille est diversifi\u00e9e depuis bient\u00f4t deux mois).<br \/>\nSur mon lieu de travail, je ne tire qu&rsquo;une fois car je n&rsquo;ai que la pause d\u00e9jeuner pour le faire (je n&rsquo;ai pas souhait\u00e9 demander l&rsquo;am\u00e9nagement pour allaitement). J&rsquo;ai acc\u00e8s \u00e0 un r\u00e9frig\u00e9rateur avec freezer (pour garder mon pain de glace bien froid en attendant le tirage) ce qui r\u00e8gle les questions de conservation.<br \/>\nAu d\u00e9but, je pensais avoir des difficult\u00e9s \u00e0 tenir 6h30 sans tirer (je prends ma pause \u00e0 13h30, ma fille t\u00e8te le matin \u00e0 7h) mais en fait, \u00e7a va. J&rsquo;ai m\u00eame constat\u00e9 que plus le temps passe, moins mes seins sont tendus.<\/p>\n<p style=\"text-align: justify;\"><b>Quelles ont \u00e9t\u00e9 ou quelles sont vos principales difficult\u00e9s ?<\/b><\/p>\n<p style=\"text-align: justify;\"><span style=\"text-decoration: underline;\"><b>Di\u00e8te de b\u00e9b\u00e9<\/b><\/span> :<br \/>\nLorsque j&rsquo;ai repris le travail, ma fille a \u00e9t\u00e9 gard\u00e9e 3 semaines par une dame en attendant son admission en cr\u00e8che (elle n&rsquo;avait pas tout \u00e0 fait l&rsquo;\u00e2ge car je suis dans une structure parentale qui prend les b\u00e9b\u00e9s \u00e0 partir de 6 mois) et \u00e7a a \u00e9t\u00e9 tr\u00e8s difficile pour elle. Elle faisait la di\u00e8te, refusait le biberon (on avait essay\u00e9 de l&rsquo;habituer pendant l&rsquo;\u00e9t\u00e9 mais sans succ\u00e8s). Du coup, je tirais mon lait en sachant qu&rsquo;il risquait d&rsquo;\u00eatre jet\u00e9. Je faisais pourtant de petits biberons mais une fois r\u00e9chauff\u00e9s, ce qui n&rsquo;\u00e9tait pas pris n&rsquo;\u00e9tait pas conserv\u00e9. Ca m&rsquo;a min\u00e9 le moral de constater que ma fille ne s&rsquo;alimentait plus comme avant, elle qui t\u00e9tait souvent et longtemps ! Heureusement, la situation s&rsquo;est grandement am\u00e9lior\u00e9e apr\u00e8s 10 jours. Il a d&rsquo;ailleurs fallu que j&rsquo;assure en tirant davantage tr\u00e8s vite. Au d\u00e9but, je tirais \u00e0 diff\u00e9rents moments de la journ\u00e9e avec des r\u00e9sultats tr\u00e8s variables.<\/p>\n<p style=\"text-align: justify;\"><span style=\"text-decoration: underline;\"><b>Beaucoup de t\u00e9t\u00e9es la nuit = peu de lait le matin<\/b><\/span> :<br \/>\nMa fille a toujours t\u00e9t\u00e9 \u00e0 la demande, avec plusieurs r\u00e9veils la nuit. Ca ne m&rsquo;a jamais trop g\u00ean\u00e9e, m\u00eame si la fatigue est aujourd&rsquo;hui plus dure \u00e0 g\u00e9rer avec le travail. L&rsquo;ennui c&rsquo;est que le matin, je n&rsquo;arrive pas \u00e0 tirer mon lait car mes seins sont mous et je peux r\u00e9cup\u00e9rer \u00e0 peine 30 ml en moyenne. Ca ne vaut pas le coup. J&rsquo;ai donc du t\u00e2tonner pour trouver les meilleurs moments et en fait, c&rsquo;est au travail que j&rsquo;y arrive le mieux !<\/p>\n<p style=\"text-align: justify;\"><span style=\"text-decoration: underline;\"><b>Adaptation cr\u00e8che \/ vacances scolaires<\/b><\/span> :<br \/>\nJe ne m&rsquo;y attendais pas du tout, mais c&rsquo;est l&rsquo;adaptation en cr\u00e8che qui a \u00e9t\u00e9 le plus gros \u00ab\u00a0<i>obstacle<\/i>\u00a0\u00bb \u00e0 mon allaitement ! Elle a dur\u00e9 15 jours. Avant cela, j&rsquo;avais trouv\u00e9 un bon rythme pour tirer mon lait. Puis pendant l&rsquo;adaptation, tout cela a \u00e9t\u00e9 chamboul\u00e9. J&rsquo;avais souvent ma fille avec moi, elle t\u00e9tait donc la plupart du temps et je n&rsquo;arrivais jamais \u00e0 tirer mon lait (seins mous) pour les moments o\u00f9 je devais la laisser \u00e0 la cr\u00e8che seule. Certaines fois, il a fallu que je m&rsquo;y reprenne \u00e0 4 ou 5 fois pour avoir les bonnes quantit\u00e9s. J&rsquo;ai m\u00eame cru que j&rsquo;\u00e9tais en perte de lactation. Mais pas du tout. Lorsque l&rsquo;adaptation s&rsquo;est termin\u00e9e, j&rsquo;ai repris mes horaires de travail et tout est reparti comme avant !<br \/>\nJe me suis heurt\u00e9e \u00e0 nouveau au probl\u00e8me lorsque j&rsquo;ai pris mes vacances \u00e0 la Toussaint : ma fille \u00e9tant avec moi, mon rythme de tirage s&rsquo;en est retrouv\u00e9 perturb\u00e9.<br \/>\nDepuis la reprise, tout est reparti sur une belle normalit\u00e9.<\/p>\n<p style=\"text-align: justify;\"><b>Quels ont \u00e9t\u00e9 vos meilleurs moments ?<\/b><\/p>\n<p style=\"text-align: justify;\">Comme pour toutes les mamans, les t\u00e9t\u00e9es de retrouvailles. Pouvoir donner le sein d\u00e8s que je retrouve avec ma fille, et quand elle en a envie, jusqu&rsquo;au lendemain. Je sais que \u00e7a ne durera pas toujours alors je veux vraiment en profiter.<\/p>\n<p style=\"text-align: justify;\"><b>Qu&rsquo;est-ce que vous souhaiteriez dire aux mamans qui doivent faire un choix dans les semaines \u00e0 venir ?<\/b><\/p>\n<p style=\"text-align: justify;\">J&rsquo;ai envie de leur dire d&rsquo;attendre la reprise effective du travail avant de prendre une d\u00e9cision ferme (si elles pr\u00e9voient de sevrer). S&rsquo;arr\u00eater avant de savoir si \u00e7a va \u00eatre g\u00e9rable ou non, c&rsquo;est dommage. Tant que l&rsquo;on ne l&rsquo;exp\u00e9rimente pas, c&rsquo;est difficile de se projeter. L&rsquo;organisation mat\u00e9rielle peut faire peur (trimballer des sacs isothermes sans arr\u00eat, g\u00e9rer le tire-lait sur place, se pr\u00e9occuper de la chaine du froid, s&rsquo;\u00e9clipser pour aller tirer son lait pendant que les coll\u00e8gues d\u00e9jeunent, etc&#8230;) mais les choses se font assez naturellement.<\/p>\n<p style=\"text-align: justify;\">Je leur dirais \u00e9galement de s&rsquo;\u00e9couter, l&rsquo;important c&rsquo;est de trouver un compromis entre ce que l&rsquo;on veut faire et ce qu&rsquo;il est possible de faire. Pouvoir tirer son lait sereinement est indispensable, et il faut bien le vivre quand cela doit se faire hors de la maison.<\/p>\n<p style=\"text-align: justify;\"><b>Ce serait \u00e0 refaire, vous referiez le m\u00eame choix ? Que changeriez-vous ?<\/b><\/p>\n<p style=\"text-align: justify;\">Oui je ferais le m\u00eame choix. Je ne sais pas encore combien de temps cela va durer mais pour l&rsquo;instant, je veux garder le cap. L&rsquo;id\u00e9e d&rsquo;allaiter au del\u00e0 de 12 mois ne me g\u00e8ne pas. On s&rsquo;\u00e9tonne d\u00e9j\u00e0 autour de moi car j&rsquo;allaite encore. \u00ab\u00a0Encore !\u00a0\u00bb \u00ab\u00a0Encore ?\u00a0\u00bb. Oui, encore&#8230;<\/p>\n<p style=\"text-align: justify;\">Je ne regrette pas de ne pas m&rsquo;\u00eatre mis la pression les quelques semaines qui ont pr\u00e9c\u00e9d\u00e9es la reprise du travail. Je ne voulais  pas g\u00e2cher les derniers moments exclusifs avec ma fille et c&rsquo;est \u00e7a qui a \u00e9t\u00e9 plus fort que la crainte de ne pas r\u00e9ussir. Du coup, je n&rsquo;ai pas insist\u00e9 pour le biberon par exemple. Ma fille n&rsquo;en voulait pas, j&rsquo;ai pr\u00e9f\u00e9r\u00e9 la laisser tranquille. Elle a finalement r\u00e9ussi \u00e0 s&rsquo;adapter sans moi lorsque la prise du biberon s&rsquo;est mise en place avec les personnes qui la gardaient.<\/p>\n<p style=\"text-align: justify;\">Il ne faut pas oublier que dans l&rsquo;histoire, b\u00e9b\u00e9 joue aussi tr\u00e8s bien son r\u00f4le et qu&rsquo;il n&rsquo;y a pas de raison que \u00e7a se passe mal.<\/p>\n<p><strong>Articles en rapport :<\/strong><\/p>\n<ul>\n<li>Voir l&rsquo;onglet <a href=\"https:\/\/www.lactissima.com\/a-tire-d-ailes\/?page_id=1179\" target=\"_blank\">t\u00e9moignages<\/a><\/li>\n<\/ul>\n<p>&nbsp;<\/p>\n","protected":false},"excerpt":{"rendered":"<p>Quel choix avez-vous fait au moment de la reprise du travail : sevrage ou poursuite de l&rsquo;allaitement ? Pourquoi ? Ma fille a bient\u00f4t 8 mois et elle est allait\u00e9e exclusivement depuis sa naissance. Une fois que mon allaitement s&rsquo;est bien mis en place (d\u00e9marrage difficile), je n&rsquo;ai eu aucun doute sur l&rsquo;envie de poursuivre [&hellip;]<\/p>\n","protected":false},"author":170,"featured_media":4955,"comment_status":"open","ping_status":"open","sticky":false,"template":"","format":"standard","meta":{"_et_pb_use_builder":"","_et_pb_old_content":"","_et_gb_content_width":"","footnotes":""},"categories":[150],"tags":[],"class_list":["post-4954","post","type-post","status-publish","format-standard","has-post-thumbnail","hentry","category-temoignages"],"yoast_head":"<!-- This site is optimized with the Yoast SEO plugin v27.4 - https:\/\/yoast.com\/product\/yoast-seo-wordpress\/ -->\n<title>Allaitement et travail : le t\u00e9moignage de Rachel<\/title>\n<meta name=\"description\" content=\"Pour concilier allaitement et travail, Rachel a tir\u00e9 son lait avec un tire-lait manuel, sans faire de stock avant la reprise du travail.\" \/>\n<meta name=\"robots\" content=\"index, follow, max-snippet:-1, max-image-preview:large, max-video-preview:-1\" \/>\n<link rel=\"canonical\" href=\"https:\/\/www.lactissima.com\/a-tire-d-ailes\/allaitement-et-travail-le-temoignage-de-rachel\/\" \/>\n<meta property=\"og:locale\" content=\"fr_FR\" \/>\n<meta property=\"og:type\" content=\"article\" \/>\n<meta property=\"og:title\" content=\"Allaitement et travail : le t\u00e9moignage de Rachel\" \/>\n<meta property=\"og:description\" content=\"Pour concilier allaitement et travail, Rachel a tir\u00e9 son lait avec un tire-lait manuel, sans faire de stock avant la reprise du travail.\" \/>\n<meta property=\"og:url\" content=\"https:\/\/www.lactissima.com\/a-tire-d-ailes\/allaitement-et-travail-le-temoignage-de-rachel\/\" \/>\n<meta property=\"og:site_name\" content=\"A tire d&#039;Ailes\" \/>\n<meta property=\"article:publisher\" content=\"https:\/\/www.facebook.com\/consultante.en.lactation\" \/>\n<meta property=\"article:author\" content=\"www.facebook.com\/consultante.en.lactation\" \/>\n<meta property=\"article:published_time\" content=\"2013-11-28T08:08:20+00:00\" \/>\n<meta property=\"article:modified_time\" content=\"2014-03-15T14:17:52+00:00\" \/>\n<meta property=\"og:image\" content=\"https:\/\/www.lactissima.com\/a-tire-d-ailes\/wp-content\/uploads\/2013\/11\/rachel.jpg\" \/>\n\t<meta property=\"og:image:width\" content=\"368\" \/>\n\t<meta property=\"og:image:height\" content=\"275\" \/>\n\t<meta property=\"og:image:type\" content=\"image\/jpeg\" \/>\n<meta name=\"author\" content=\"V\u00e9ronique Darmangeat\" \/>\n<meta name=\"twitter:card\" content=\"summary_large_image\" \/>\n<meta name=\"twitter:creator\" content=\"@VeroniqueIBCLC\" \/>\n<meta name=\"twitter:site\" content=\"@VeroniqueIBCLC\" \/>\n<meta name=\"twitter:label1\" content=\"\u00c9crit par\" \/>\n\t<meta name=\"twitter:data1\" content=\"V\u00e9ronique Darmangeat\" \/>\n\t<meta name=\"twitter:label2\" content=\"Dur\u00e9e de lecture estim\u00e9e\" \/>\n\t<meta name=\"twitter:data2\" content=\"7 minutes\" \/>\n<script type=\"application\/ld+json\" class=\"yoast-schema-graph\">{\"@context\":\"https:\\\/\\\/schema.org\",\"@graph\":[{\"@type\":\"Article\",\"@id\":\"https:\\\/\\\/www.lactissima.com\\\/a-tire-d-ailes\\\/allaitement-et-travail-le-temoignage-de-rachel\\\/#article\",\"isPartOf\":{\"@id\":\"https:\\\/\\\/www.lactissima.com\\\/a-tire-d-ailes\\\/allaitement-et-travail-le-temoignage-de-rachel\\\/\"},\"author\":{\"name\":\"V\u00e9ronique Darmangeat\",\"@id\":\"https:\\\/\\\/www.lactissima.com\\\/a-tire-d-ailes\\\/#\\\/schema\\\/person\\\/8f98d3a89530861bc1240e6d53d44eed\"},\"headline\":\"Allaitement et travail : le t\u00e9moignage de Rachel\",\"datePublished\":\"2013-11-28T08:08:20+00:00\",\"dateModified\":\"2014-03-15T14:17:52+00:00\",\"mainEntityOfPage\":{\"@id\":\"https:\\\/\\\/www.lactissima.com\\\/a-tire-d-ailes\\\/allaitement-et-travail-le-temoignage-de-rachel\\\/\"},\"wordCount\":1563,\"commentCount\":0,\"image\":{\"@id\":\"https:\\\/\\\/www.lactissima.com\\\/a-tire-d-ailes\\\/allaitement-et-travail-le-temoignage-de-rachel\\\/#primaryimage\"},\"thumbnailUrl\":\"https:\\\/\\\/www.lactissima.com\\\/a-tire-d-ailes\\\/wp-content\\\/uploads\\\/2013\\\/11\\\/rachel.jpg\",\"articleSection\":[\"t\u00e9moignages\"],\"inLanguage\":\"fr-FR\",\"potentialAction\":[{\"@type\":\"CommentAction\",\"name\":\"Comment\",\"target\":[\"https:\\\/\\\/www.lactissima.com\\\/a-tire-d-ailes\\\/allaitement-et-travail-le-temoignage-de-rachel\\\/#respond\"]}]},{\"@type\":\"WebPage\",\"@id\":\"https:\\\/\\\/www.lactissima.com\\\/a-tire-d-ailes\\\/allaitement-et-travail-le-temoignage-de-rachel\\\/\",\"url\":\"https:\\\/\\\/www.lactissima.com\\\/a-tire-d-ailes\\\/allaitement-et-travail-le-temoignage-de-rachel\\\/\",\"name\":\"Allaitement et travail : le t\u00e9moignage de Rachel\",\"isPartOf\":{\"@id\":\"https:\\\/\\\/www.lactissima.com\\\/a-tire-d-ailes\\\/#website\"},\"primaryImageOfPage\":{\"@id\":\"https:\\\/\\\/www.lactissima.com\\\/a-tire-d-ailes\\\/allaitement-et-travail-le-temoignage-de-rachel\\\/#primaryimage\"},\"image\":{\"@id\":\"https:\\\/\\\/www.lactissima.com\\\/a-tire-d-ailes\\\/allaitement-et-travail-le-temoignage-de-rachel\\\/#primaryimage\"},\"thumbnailUrl\":\"https:\\\/\\\/www.lactissima.com\\\/a-tire-d-ailes\\\/wp-content\\\/uploads\\\/2013\\\/11\\\/rachel.jpg\",\"datePublished\":\"2013-11-28T08:08:20+00:00\",\"dateModified\":\"2014-03-15T14:17:52+00:00\",\"author\":{\"@id\":\"https:\\\/\\\/www.lactissima.com\\\/a-tire-d-ailes\\\/#\\\/schema\\\/person\\\/8f98d3a89530861bc1240e6d53d44eed\"},\"description\":\"Pour concilier allaitement et travail, Rachel a tir\u00e9 son lait avec un tire-lait manuel, sans faire de stock avant la reprise du travail.\",\"breadcrumb\":{\"@id\":\"https:\\\/\\\/www.lactissima.com\\\/a-tire-d-ailes\\\/allaitement-et-travail-le-temoignage-de-rachel\\\/#breadcrumb\"},\"inLanguage\":\"fr-FR\",\"potentialAction\":[{\"@type\":\"ReadAction\",\"target\":[\"https:\\\/\\\/www.lactissima.com\\\/a-tire-d-ailes\\\/allaitement-et-travail-le-temoignage-de-rachel\\\/\"]}]},{\"@type\":\"ImageObject\",\"inLanguage\":\"fr-FR\",\"@id\":\"https:\\\/\\\/www.lactissima.com\\\/a-tire-d-ailes\\\/allaitement-et-travail-le-temoignage-de-rachel\\\/#primaryimage\",\"url\":\"https:\\\/\\\/www.lactissima.com\\\/a-tire-d-ailes\\\/wp-content\\\/uploads\\\/2013\\\/11\\\/rachel.jpg\",\"contentUrl\":\"https:\\\/\\\/www.lactissima.com\\\/a-tire-d-ailes\\\/wp-content\\\/uploads\\\/2013\\\/11\\\/rachel.jpg\",\"width\":368,\"height\":275,\"caption\":\"travail et allaitement\"},{\"@type\":\"BreadcrumbList\",\"@id\":\"https:\\\/\\\/www.lactissima.com\\\/a-tire-d-ailes\\\/allaitement-et-travail-le-temoignage-de-rachel\\\/#breadcrumb\",\"itemListElement\":[{\"@type\":\"ListItem\",\"position\":1,\"name\":\"Accueil\",\"item\":\"https:\\\/\\\/www.lactissima.com\\\/a-tire-d-ailes\\\/\"},{\"@type\":\"ListItem\",\"position\":2,\"name\":\"Allaitement et travail : le t\u00e9moignage de Rachel\"}]},{\"@type\":\"WebSite\",\"@id\":\"https:\\\/\\\/www.lactissima.com\\\/a-tire-d-ailes\\\/#website\",\"url\":\"https:\\\/\\\/www.lactissima.com\\\/a-tire-d-ailes\\\/\",\"name\":\"A tire d&#039;Ailes\",\"description\":\"Le blog des femmes qui allaitent et travaillent.\",\"potentialAction\":[{\"@type\":\"SearchAction\",\"target\":{\"@type\":\"EntryPoint\",\"urlTemplate\":\"https:\\\/\\\/www.lactissima.com\\\/a-tire-d-ailes\\\/?s={search_term_string}\"},\"query-input\":{\"@type\":\"PropertyValueSpecification\",\"valueRequired\":true,\"valueName\":\"search_term_string\"}}],\"inLanguage\":\"fr-FR\"},{\"@type\":\"Person\",\"@id\":\"https:\\\/\\\/www.lactissima.com\\\/a-tire-d-ailes\\\/#\\\/schema\\\/person\\\/8f98d3a89530861bc1240e6d53d44eed\",\"name\":\"V\u00e9ronique Darmangeat\",\"image\":{\"@type\":\"ImageObject\",\"inLanguage\":\"fr-FR\",\"@id\":\"https:\\\/\\\/secure.gravatar.com\\\/avatar\\\/268c99344c89cebfe4f5df5fa8be43068a18884fc76a29f3206fae98465b9cab?s=96&d=identicon&r=g\",\"url\":\"https:\\\/\\\/secure.gravatar.com\\\/avatar\\\/268c99344c89cebfe4f5df5fa8be43068a18884fc76a29f3206fae98465b9cab?s=96&d=identicon&r=g\",\"contentUrl\":\"https:\\\/\\\/secure.gravatar.com\\\/avatar\\\/268c99344c89cebfe4f5df5fa8be43068a18884fc76a29f3206fae98465b9cab?s=96&d=identicon&r=g\",\"caption\":\"V\u00e9ronique Darmangeat\"},\"sameAs\":[\"https:\\\/\\\/www.lactissima.com\\\/a-tire-d-ailes\",\"www.facebook.com\\\/consultante.en.lactation\"]}]}<\/script>\n<!-- \/ Yoast SEO plugin. -->","yoast_head_json":{"title":"Allaitement et travail : le t\u00e9moignage de Rachel","description":"Pour concilier allaitement et travail, Rachel a tir\u00e9 son lait avec un tire-lait manuel, sans faire de stock avant la reprise du travail.","robots":{"index":"index","follow":"follow","max-snippet":"max-snippet:-1","max-image-preview":"max-image-preview:large","max-video-preview":"max-video-preview:-1"},"canonical":"https:\/\/www.lactissima.com\/a-tire-d-ailes\/allaitement-et-travail-le-temoignage-de-rachel\/","og_locale":"fr_FR","og_type":"article","og_title":"Allaitement et travail : le t\u00e9moignage de Rachel","og_description":"Pour concilier allaitement et travail, Rachel a tir\u00e9 son lait avec un tire-lait manuel, sans faire de stock avant la reprise du travail.","og_url":"https:\/\/www.lactissima.com\/a-tire-d-ailes\/allaitement-et-travail-le-temoignage-de-rachel\/","og_site_name":"A tire d&#039;Ailes","article_publisher":"https:\/\/www.facebook.com\/consultante.en.lactation","article_author":"www.facebook.com\/consultante.en.lactation","article_published_time":"2013-11-28T08:08:20+00:00","article_modified_time":"2014-03-15T14:17:52+00:00","og_image":[{"width":368,"height":275,"url":"https:\/\/www.lactissima.com\/a-tire-d-ailes\/wp-content\/uploads\/2013\/11\/rachel.jpg","type":"image\/jpeg"}],"author":"V\u00e9ronique Darmangeat","twitter_card":"summary_large_image","twitter_creator":"@VeroniqueIBCLC","twitter_site":"@VeroniqueIBCLC","twitter_misc":{"\u00c9crit par":"V\u00e9ronique Darmangeat","Dur\u00e9e de lecture estim\u00e9e":"7 minutes"},"schema":{"@context":"https:\/\/schema.org","@graph":[{"@type":"Article","@id":"https:\/\/www.lactissima.com\/a-tire-d-ailes\/allaitement-et-travail-le-temoignage-de-rachel\/#article","isPartOf":{"@id":"https:\/\/www.lactissima.com\/a-tire-d-ailes\/allaitement-et-travail-le-temoignage-de-rachel\/"},"author":{"name":"V\u00e9ronique Darmangeat","@id":"https:\/\/www.lactissima.com\/a-tire-d-ailes\/#\/schema\/person\/8f98d3a89530861bc1240e6d53d44eed"},"headline":"Allaitement et travail : le t\u00e9moignage de Rachel","datePublished":"2013-11-28T08:08:20+00:00","dateModified":"2014-03-15T14:17:52+00:00","mainEntityOfPage":{"@id":"https:\/\/www.lactissima.com\/a-tire-d-ailes\/allaitement-et-travail-le-temoignage-de-rachel\/"},"wordCount":1563,"commentCount":0,"image":{"@id":"https:\/\/www.lactissima.com\/a-tire-d-ailes\/allaitement-et-travail-le-temoignage-de-rachel\/#primaryimage"},"thumbnailUrl":"https:\/\/www.lactissima.com\/a-tire-d-ailes\/wp-content\/uploads\/2013\/11\/rachel.jpg","articleSection":["t\u00e9moignages"],"inLanguage":"fr-FR","potentialAction":[{"@type":"CommentAction","name":"Comment","target":["https:\/\/www.lactissima.com\/a-tire-d-ailes\/allaitement-et-travail-le-temoignage-de-rachel\/#respond"]}]},{"@type":"WebPage","@id":"https:\/\/www.lactissima.com\/a-tire-d-ailes\/allaitement-et-travail-le-temoignage-de-rachel\/","url":"https:\/\/www.lactissima.com\/a-tire-d-ailes\/allaitement-et-travail-le-temoignage-de-rachel\/","name":"Allaitement et travail : le t\u00e9moignage de Rachel","isPartOf":{"@id":"https:\/\/www.lactissima.com\/a-tire-d-ailes\/#website"},"primaryImageOfPage":{"@id":"https:\/\/www.lactissima.com\/a-tire-d-ailes\/allaitement-et-travail-le-temoignage-de-rachel\/#primaryimage"},"image":{"@id":"https:\/\/www.lactissima.com\/a-tire-d-ailes\/allaitement-et-travail-le-temoignage-de-rachel\/#primaryimage"},"thumbnailUrl":"https:\/\/www.lactissima.com\/a-tire-d-ailes\/wp-content\/uploads\/2013\/11\/rachel.jpg","datePublished":"2013-11-28T08:08:20+00:00","dateModified":"2014-03-15T14:17:52+00:00","author":{"@id":"https:\/\/www.lactissima.com\/a-tire-d-ailes\/#\/schema\/person\/8f98d3a89530861bc1240e6d53d44eed"},"description":"Pour concilier allaitement et travail, Rachel a tir\u00e9 son lait avec un tire-lait manuel, sans faire de stock avant la reprise du travail.","breadcrumb":{"@id":"https:\/\/www.lactissima.com\/a-tire-d-ailes\/allaitement-et-travail-le-temoignage-de-rachel\/#breadcrumb"},"inLanguage":"fr-FR","potentialAction":[{"@type":"ReadAction","target":["https:\/\/www.lactissima.com\/a-tire-d-ailes\/allaitement-et-travail-le-temoignage-de-rachel\/"]}]},{"@type":"ImageObject","inLanguage":"fr-FR","@id":"https:\/\/www.lactissima.com\/a-tire-d-ailes\/allaitement-et-travail-le-temoignage-de-rachel\/#primaryimage","url":"https:\/\/www.lactissima.com\/a-tire-d-ailes\/wp-content\/uploads\/2013\/11\/rachel.jpg","contentUrl":"https:\/\/www.lactissima.com\/a-tire-d-ailes\/wp-content\/uploads\/2013\/11\/rachel.jpg","width":368,"height":275,"caption":"travail et allaitement"},{"@type":"BreadcrumbList","@id":"https:\/\/www.lactissima.com\/a-tire-d-ailes\/allaitement-et-travail-le-temoignage-de-rachel\/#breadcrumb","itemListElement":[{"@type":"ListItem","position":1,"name":"Accueil","item":"https:\/\/www.lactissima.com\/a-tire-d-ailes\/"},{"@type":"ListItem","position":2,"name":"Allaitement et travail : le t\u00e9moignage de Rachel"}]},{"@type":"WebSite","@id":"https:\/\/www.lactissima.com\/a-tire-d-ailes\/#website","url":"https:\/\/www.lactissima.com\/a-tire-d-ailes\/","name":"A tire d&#039;Ailes","description":"Le blog des femmes qui allaitent et travaillent.","potentialAction":[{"@type":"SearchAction","target":{"@type":"EntryPoint","urlTemplate":"https:\/\/www.lactissima.com\/a-tire-d-ailes\/?s={search_term_string}"},"query-input":{"@type":"PropertyValueSpecification","valueRequired":true,"valueName":"search_term_string"}}],"inLanguage":"fr-FR"},{"@type":"Person","@id":"https:\/\/www.lactissima.com\/a-tire-d-ailes\/#\/schema\/person\/8f98d3a89530861bc1240e6d53d44eed","name":"V\u00e9ronique Darmangeat","image":{"@type":"ImageObject","inLanguage":"fr-FR","@id":"https:\/\/secure.gravatar.com\/avatar\/268c99344c89cebfe4f5df5fa8be43068a18884fc76a29f3206fae98465b9cab?s=96&d=identicon&r=g","url":"https:\/\/secure.gravatar.com\/avatar\/268c99344c89cebfe4f5df5fa8be43068a18884fc76a29f3206fae98465b9cab?s=96&d=identicon&r=g","contentUrl":"https:\/\/secure.gravatar.com\/avatar\/268c99344c89cebfe4f5df5fa8be43068a18884fc76a29f3206fae98465b9cab?s=96&d=identicon&r=g","caption":"V\u00e9ronique Darmangeat"},"sameAs":["https:\/\/www.lactissima.com\/a-tire-d-ailes","www.facebook.com\/consultante.en.lactation"]}]}},"_links":{"self":[{"href":"https:\/\/www.lactissima.com\/a-tire-d-ailes\/wp-json\/wp\/v2\/posts\/4954","targetHints":{"allow":["GET"]}}],"collection":[{"href":"https:\/\/www.lactissima.com\/a-tire-d-ailes\/wp-json\/wp\/v2\/posts"}],"about":[{"href":"https:\/\/www.lactissima.com\/a-tire-d-ailes\/wp-json\/wp\/v2\/types\/post"}],"author":[{"embeddable":true,"href":"https:\/\/www.lactissima.com\/a-tire-d-ailes\/wp-json\/wp\/v2\/users\/170"}],"replies":[{"embeddable":true,"href":"https:\/\/www.lactissima.com\/a-tire-d-ailes\/wp-json\/wp\/v2\/comments?post=4954"}],"version-history":[{"count":7,"href":"https:\/\/www.lactissima.com\/a-tire-d-ailes\/wp-json\/wp\/v2\/posts\/4954\/revisions"}],"predecessor-version":[{"id":5165,"href":"https:\/\/www.lactissima.com\/a-tire-d-ailes\/wp-json\/wp\/v2\/posts\/4954\/revisions\/5165"}],"wp:featuredmedia":[{"embeddable":true,"href":"https:\/\/www.lactissima.com\/a-tire-d-ailes\/wp-json\/wp\/v2\/media\/4955"}],"wp:attachment":[{"href":"https:\/\/www.lactissima.com\/a-tire-d-ailes\/wp-json\/wp\/v2\/media?parent=4954"}],"wp:term":[{"taxonomy":"category","embeddable":true,"href":"https:\/\/www.lactissima.com\/a-tire-d-ailes\/wp-json\/wp\/v2\/categories?post=4954"},{"taxonomy":"post_tag","embeddable":true,"href":"https:\/\/www.lactissima.com\/a-tire-d-ailes\/wp-json\/wp\/v2\/tags?post=4954"}],"curies":[{"name":"wp","href":"https:\/\/api.w.org\/{rel}","templated":true}]}}