{"id":4944,"date":"2013-11-22T10:09:34","date_gmt":"2013-11-22T08:09:34","guid":{"rendered":"https:\/\/www.lactissima.com\/a-tire-d-ailes\/?p=4944"},"modified":"2024-09-19T18:59:53","modified_gmt":"2024-09-19T16:59:53","slug":"la-revue-de-presse-da-tire-dailes-34","status":"publish","type":"post","link":"https:\/\/www.lactissima.com\/a-tire-d-ailes\/la-revue-de-presse-da-tire-dailes-34\/","title":{"rendered":"La revue de presse d&rsquo;A tire d&rsquo;Ailes (34)"},"content":{"rendered":"<p style=\"text-align: justify;\"><a href=\"https:\/\/www.lactissima.com\/a-tire-d-ailes\/wp-content\/uploads\/journal1.jpg\"><img loading=\"lazy\" decoding=\"async\" class=\"alignright size-full wp-image-3670\" alt=\"revues de presse allaitement\" src=\"https:\/\/www.lactissima.com\/a-tire-d-ailes\/wp-content\/uploads\/journal1.jpg\" width=\"231\" height=\"300\" \/><\/a>Voici l&rsquo;<strong>actualit\u00e9<\/strong> que j&rsquo;ai rep\u00e9r\u00e9e pour vous depuis un mois :<\/p>\n<p style=\"text-align: justify;\">&#8211; Commen\u00e7ons par le plus ardu avec une s\u00e9rie <strong>d&rsquo;\u00e9tudes<\/strong> en anglais :<\/p>\n<ul style=\"text-align: justify;\">\n<li>\u00c2\u00ab Lorsqu&rsquo;une m\u00e8re embrasse son b\u00e9b\u00e9, elle recueille des \u00e9chantillons des agents pathog\u00e8nes qui se trouvent sur le visage du b\u00e9b\u00e9. Ces agents sont ceux que le b\u00e9b\u00e9 est sur le point d&rsquo;ing\u00e9rer. Les \u00e9chantillons sont pris en charge par les organes du syst\u00e8me lymphatique de la m\u00e8re, comme les amygdales, et les cellules B, qu&rsquo;on appelle lymphocytes m\u00e9moires, sp\u00e9cifiques \u00e0 ces pathog\u00e8nes, vont \u00eatre re-stimul\u00e9s. Ces cellules B migrent alors vers les seins de la m\u00e8re, o\u00f9 ils produiront exactement les anticorps dont le b\u00e9b\u00e9 a besoin \u00c2\u00bb<\/li>\n<li>Les crit\u00e8res qui permettent \u00e0 chaque esp\u00e8ce d&rsquo;adapter la <a href=\"http:\/\/mammalssuck.blogspot.co.nz\/2013\/11\/mega-mammal-milk-analysis.html?m=1\" target=\"_blank\" rel=\"noopener\">composition de son lait<\/a>, passionnant !<\/li>\n<li>L&rsquo;influence de l&rsquo;ob\u00e9sit\u00e9 et de la r\u00e9sistance \u00e0 l&rsquo;insuline sur le d\u00e9marrage de la lactation.<\/li>\n<li>L&rsquo;influence du <a href=\"http:\/\/www.ncbi.nlm.nih.gov\/pubmed\/24216342\" target=\"_blank\" rel=\"noopener\">peau \u00e0 peau<\/a> sur l&rsquo;efficacit\u00e9 de l&rsquo;allaitement.<\/li>\n<\/ul>\n<p style=\"text-align: justify;\">&#8211; Maman \u00c3\u2030prouvette nous r\u00e9gale toujours de ses <strong>articles<\/strong> :<\/p>\n<ul style=\"text-align: justify;\">\n<li><a href=\"http:\/\/www.mamaneprouvette.com\/2013\/11\/donner-son-lait-apres-la-perte-dun-bebe.html\" target=\"_blank\" rel=\"noopener\">Donner son lait<\/a> apr\u00e8s la perte d&rsquo;un b\u00e9b\u00e9.<\/li>\n<li>Des ultrasons pour les <a href=\"http:\/\/www.mamaneprouvette.com\/2013\/11\/question-de-la-semaine-des-ultrasons.html\" target=\"_blank\" rel=\"noopener\">douleurs aux seins<\/a> ?<\/li>\n<li>Avez-vous v\u00e9rifi\u00e9 le <a href=\"http:\/\/www.mamaneprouvette.com\/2013\/11\/avez-vous-verifie-le-frein-de-langue.html\" target=\"_blank\" rel=\"noopener\">frein de langue<\/a> ?<\/li>\n<\/ul>\n<p style=\"text-align: justify;\">&#8211; Deux bons articles sur le d\u00e9veloppement de la <strong>m\u00e2choire<\/strong> du b\u00e9b\u00e9 allait\u00e9 :<\/p>\n<ul style=\"text-align: justify;\">\n<li>D\u00e9veloppement maxillaire, musculaire et dentaire chez l&rsquo;<a href=\"http:\/\/allaiterbonheuretraison.wordpress.com\/2013\/11\/08\/developpement-maxillaire-et-dentaire\/\" target=\"_blank\" rel=\"noopener\">enfant allait\u00e9<\/a>.<\/li>\n<li>L&rsquo;<a href=\"http:\/\/lallaitementtoutunart.wordpress.com\/2013\/09\/25\/orthodontie-et-allaitement-long\/\" target=\"_blank\" rel=\"noopener\">allaitement \u00ab\u00a0long\u00a0\u00bb<\/a> pose t&rsquo;il un probl\u00e8me sur le d\u00e9veloppement de la m\u00e2choire ?<\/li>\n<\/ul>\n<p style=\"text-align: justify;\">&#8211; Des <strong>\u00e9tudes<\/strong> en fran\u00e7ais cette fois-ci :<\/p>\n<ul style=\"text-align: justify;\">\n<li>Allaitement maternel et pr\u00e9carit\u00e9.<\/li>\n<li><a href=\"http:\/\/www.passionsante.be\/index.cfm?fuseaction=art&amp;art_id=14552\" target=\"_blank\" rel=\"noopener\">Alzheimer : l&rsquo;allaitement au sein prot\u00e8ge la maman<\/a>.<\/li>\n<\/ul>\n<p style=\"text-align: justify;\">&#8211; On parle <strong>allaitement et travail<\/strong> (normal vous me direz sur ce blog) :<\/p>\n<ul style=\"text-align: justify;\">\n<li>Des anecdotes en anglais par des m\u00e8res qui tirent leur lait.<\/li>\n<li>Une excellente nouvelle pour les fonctionnaires qui souhaitent <a href=\"http:\/\/www.senat.fr\/questions\/base\/2013\/qSEQ131109236.html\" target=\"_blank\" rel=\"noopener\">allaiter \u00e0 la reprise du travail<\/a> ?<\/li>\n<\/ul>\n<p style=\"text-align: justify;\">&#8211; Une <a href=\"http:\/\/www.huffingtonpost.fr\/2013\/11\/12\/allaitement-bons-achat-grande-bretagne-encourager_n_4259541.html?utm_hp_ref=france-cest-la-vie&amp;ir=France+C%27est+La+Vie\" target=\"_blank\" rel=\"noopener\">pol\u00e9mique <\/a>d\u00e9clench\u00e9e par un projet anglais&#8230;<\/p>\n<p style=\"text-align: justify;\">&#8211; Un <strong>coup de gueule<\/strong> sur le lait de croissance.<\/p>\n<p style=\"text-align: justify;\">&#8211; Une tr\u00e8s belle <strong>critique<\/strong> de mon livre <em>L&rsquo;Allaitement Malin<\/em>.<\/p>\n<p style=\"text-align: justify;\">&#8211; Et on termine avec un peu <strong>d&rsquo;humour<\/strong> :<\/p>\n<p style=\"text-align: justify;\"><a href=\"https:\/\/www.lactissima.com\/a-tire-d-ailes\/wp-content\/uploads\/2013\/11\/Screenshot_Studio_capture.png\"><img loading=\"lazy\" decoding=\"async\" class=\"aligncenter size-large wp-image-4945\" alt=\"Screenshot_Studio_capture\" src=\"https:\/\/www.lactissima.com\/a-tire-d-ailes\/wp-content\/uploads\/2013\/11\/Screenshot_Studio_capture-1024x362.png\" width=\"1024\" height=\"362\" srcset=\"https:\/\/www.lactissima.com\/a-tire-d-ailes\/wp-content\/uploads\/2013\/11\/Screenshot_Studio_capture-1024x362.png 1024w, https:\/\/www.lactissima.com\/a-tire-d-ailes\/wp-content\/uploads\/2013\/11\/Screenshot_Studio_capture-300x106.png 300w, https:\/\/www.lactissima.com\/a-tire-d-ailes\/wp-content\/uploads\/2013\/11\/Screenshot_Studio_capture.png 1200w\" sizes=\"(max-width: 1024px) 100vw, 1024px\" \/><\/a><\/p>\n<p style=\"text-align: justify;\">Bonne <strong>lecture<\/strong> ! Et surtout, n&rsquo;h\u00e9sitez pas \u00e0 nous faire <strong>partager<\/strong> vos d\u00e9couvertes <\/p>\n<p style=\"text-align: justify;\"><strong>Articles en rapport : <\/strong><\/p>\n<p style=\"text-align: justify;\">Voir l&rsquo;onglet <a title=\"Revues de presse\" href=\"https:\/\/www.lactissima.com\/a-tire-d-ailes\/revues-de-presse\/\" target=\"_blank\" rel=\"noopener\">Revues de presse<\/a>.<\/p>\n<p style=\"text-align: justify;\">\n","protected":false},"excerpt":{"rendered":"<p>Voici l&rsquo;actualit\u00e9 que j&rsquo;ai rep\u00e9r\u00e9e pour vous depuis un mois : &#8211; Commen\u00e7ons par le plus ardu avec une s\u00e9rie d&rsquo;\u00e9tudes en anglais : \u00c2\u00ab Lorsqu&rsquo;une m\u00e8re embrasse son b\u00e9b\u00e9, elle recueille des \u00e9chantillons des agents pathog\u00e8nes qui se trouvent sur le visage du b\u00e9b\u00e9. Ces agents sont ceux que le b\u00e9b\u00e9 est sur le [&hellip;]<\/p>\n","protected":false},"author":170,"featured_media":3670,"comment_status":"open","ping_status":"open","sticky":false,"template":"","format":"standard","meta":{"_et_pb_use_builder":"","_et_pb_old_content":"","_et_gb_content_width":"","footnotes":""},"categories":[242],"tags":[342,574,567,569,570,572,571,459,179,361,568,573],"class_list":["post-4944","post","type-post","status-publish","format-standard","has-post-thumbnail","hentry","category-revue-de-presse","tag-allaitement-long","tag-allaiter-a-la-reprise-du-travail","tag-composition-de-son-lait","tag-donner-son-lait","tag-douleur-aux-seins","tag-enfant-allaite","tag-frein-de-langue","tag-lallaitement-malin","tag-lait-de-croissance","tag-obesite","tag-peau-a-peau","tag-tirent-leur-lait"],"yoast_head":"<!-- This site is optimized with the Yoast SEO plugin v27.4 - https:\/\/yoast.com\/product\/yoast-seo-wordpress\/ -->\n<title>revue de presse allaitement<\/title>\n<meta name=\"description\" content=\"Ce mois a \u00e9t\u00e9 riche en \u00e9tudes et articles tr\u00e8s bien document\u00e9s sur l&#039;allaitement, r\u00e9galez-vous !\" \/>\n<meta name=\"robots\" content=\"index, follow, max-snippet:-1, max-image-preview:large, max-video-preview:-1\" \/>\n<link rel=\"canonical\" href=\"https:\/\/www.lactissima.com\/a-tire-d-ailes\/la-revue-de-presse-da-tire-dailes-34\/\" \/>\n<meta property=\"og:locale\" content=\"fr_FR\" \/>\n<meta property=\"og:type\" content=\"article\" \/>\n<meta property=\"og:title\" content=\"revue de presse allaitement\" \/>\n<meta property=\"og:description\" content=\"Ce mois a \u00e9t\u00e9 riche en \u00e9tudes et articles tr\u00e8s bien document\u00e9s sur l&#039;allaitement, r\u00e9galez-vous !\" \/>\n<meta property=\"og:url\" content=\"https:\/\/www.lactissima.com\/a-tire-d-ailes\/la-revue-de-presse-da-tire-dailes-34\/\" \/>\n<meta property=\"og:site_name\" content=\"A tire d&#039;Ailes\" \/>\n<meta property=\"article:publisher\" content=\"https:\/\/www.facebook.com\/consultante.en.lactation\" \/>\n<meta property=\"article:author\" content=\"www.facebook.com\/consultante.en.lactation\" \/>\n<meta property=\"article:published_time\" content=\"2013-11-22T08:09:34+00:00\" \/>\n<meta property=\"article:modified_time\" content=\"2024-09-19T16:59:53+00:00\" \/>\n<meta property=\"og:image\" content=\"https:\/\/www.lactissima.com\/a-tire-d-ailes\/wp-content\/uploads\/journal1.jpg\" \/>\n\t<meta property=\"og:image:width\" content=\"231\" \/>\n\t<meta property=\"og:image:height\" content=\"300\" \/>\n\t<meta property=\"og:image:type\" content=\"image\/jpeg\" \/>\n<meta name=\"author\" content=\"V\u00e9ronique Darmangeat\" \/>\n<meta name=\"twitter:card\" content=\"summary_large_image\" \/>\n<meta name=\"twitter:creator\" content=\"@VeroniqueIBCLC\" \/>\n<meta name=\"twitter:site\" content=\"@VeroniqueIBCLC\" \/>\n<meta name=\"twitter:label1\" content=\"\u00c9crit par\" \/>\n\t<meta name=\"twitter:data1\" content=\"V\u00e9ronique Darmangeat\" \/>\n\t<meta name=\"twitter:label2\" content=\"Dur\u00e9e de lecture estim\u00e9e\" \/>\n\t<meta name=\"twitter:data2\" content=\"2 minutes\" \/>\n<script type=\"application\/ld+json\" class=\"yoast-schema-graph\">{\"@context\":\"https:\\\/\\\/schema.org\",\"@graph\":[{\"@type\":\"Article\",\"@id\":\"https:\\\/\\\/www.lactissima.com\\\/a-tire-d-ailes\\\/la-revue-de-presse-da-tire-dailes-34\\\/#article\",\"isPartOf\":{\"@id\":\"https:\\\/\\\/www.lactissima.com\\\/a-tire-d-ailes\\\/la-revue-de-presse-da-tire-dailes-34\\\/\"},\"author\":{\"name\":\"V\u00e9ronique Darmangeat\",\"@id\":\"https:\\\/\\\/www.lactissima.com\\\/a-tire-d-ailes\\\/#\\\/schema\\\/person\\\/8f98d3a89530861bc1240e6d53d44eed\"},\"headline\":\"La revue de presse d&rsquo;A tire d&rsquo;Ailes (34)\",\"datePublished\":\"2013-11-22T08:09:34+00:00\",\"dateModified\":\"2024-09-19T16:59:53+00:00\",\"mainEntityOfPage\":{\"@id\":\"https:\\\/\\\/www.lactissima.com\\\/a-tire-d-ailes\\\/la-revue-de-presse-da-tire-dailes-34\\\/\"},\"wordCount\":391,\"commentCount\":0,\"image\":{\"@id\":\"https:\\\/\\\/www.lactissima.com\\\/a-tire-d-ailes\\\/la-revue-de-presse-da-tire-dailes-34\\\/#primaryimage\"},\"thumbnailUrl\":\"https:\\\/\\\/www.lactissima.com\\\/a-tire-d-ailes\\\/wp-content\\\/uploads\\\/journal1.jpg\",\"keywords\":[\"allaitement long\",\"allaiter \u00e0 la reprise du travail\",\"composition de son lait\",\"donner son lait\",\"douleur aux seins\",\"enfant allait\u00e9\",\"frein de langue\",\"l'allaitement malin\",\"lait de croissance\",\"ob\u00e9sit\u00e9\",\"peau \u00e0 peau\",\"tirent leur lait\"],\"articleSection\":[\"Revue de presse\"],\"inLanguage\":\"fr-FR\",\"potentialAction\":[{\"@type\":\"CommentAction\",\"name\":\"Comment\",\"target\":[\"https:\\\/\\\/www.lactissima.com\\\/a-tire-d-ailes\\\/la-revue-de-presse-da-tire-dailes-34\\\/#respond\"]}]},{\"@type\":\"WebPage\",\"@id\":\"https:\\\/\\\/www.lactissima.com\\\/a-tire-d-ailes\\\/la-revue-de-presse-da-tire-dailes-34\\\/\",\"url\":\"https:\\\/\\\/www.lactissima.com\\\/a-tire-d-ailes\\\/la-revue-de-presse-da-tire-dailes-34\\\/\",\"name\":\"revue de presse allaitement\",\"isPartOf\":{\"@id\":\"https:\\\/\\\/www.lactissima.com\\\/a-tire-d-ailes\\\/#website\"},\"primaryImageOfPage\":{\"@id\":\"https:\\\/\\\/www.lactissima.com\\\/a-tire-d-ailes\\\/la-revue-de-presse-da-tire-dailes-34\\\/#primaryimage\"},\"image\":{\"@id\":\"https:\\\/\\\/www.lactissima.com\\\/a-tire-d-ailes\\\/la-revue-de-presse-da-tire-dailes-34\\\/#primaryimage\"},\"thumbnailUrl\":\"https:\\\/\\\/www.lactissima.com\\\/a-tire-d-ailes\\\/wp-content\\\/uploads\\\/journal1.jpg\",\"datePublished\":\"2013-11-22T08:09:34+00:00\",\"dateModified\":\"2024-09-19T16:59:53+00:00\",\"author\":{\"@id\":\"https:\\\/\\\/www.lactissima.com\\\/a-tire-d-ailes\\\/#\\\/schema\\\/person\\\/8f98d3a89530861bc1240e6d53d44eed\"},\"description\":\"Ce mois a \u00e9t\u00e9 riche en \u00e9tudes et articles tr\u00e8s bien document\u00e9s sur l'allaitement, r\u00e9galez-vous !\",\"breadcrumb\":{\"@id\":\"https:\\\/\\\/www.lactissima.com\\\/a-tire-d-ailes\\\/la-revue-de-presse-da-tire-dailes-34\\\/#breadcrumb\"},\"inLanguage\":\"fr-FR\",\"potentialAction\":[{\"@type\":\"ReadAction\",\"target\":[\"https:\\\/\\\/www.lactissima.com\\\/a-tire-d-ailes\\\/la-revue-de-presse-da-tire-dailes-34\\\/\"]}]},{\"@type\":\"ImageObject\",\"inLanguage\":\"fr-FR\",\"@id\":\"https:\\\/\\\/www.lactissima.com\\\/a-tire-d-ailes\\\/la-revue-de-presse-da-tire-dailes-34\\\/#primaryimage\",\"url\":\"https:\\\/\\\/www.lactissima.com\\\/a-tire-d-ailes\\\/wp-content\\\/uploads\\\/journal1.jpg\",\"contentUrl\":\"https:\\\/\\\/www.lactissima.com\\\/a-tire-d-ailes\\\/wp-content\\\/uploads\\\/journal1.jpg\",\"width\":\"231\",\"height\":\"300\",\"caption\":\"revues de presse allaitement\"},{\"@type\":\"BreadcrumbList\",\"@id\":\"https:\\\/\\\/www.lactissima.com\\\/a-tire-d-ailes\\\/la-revue-de-presse-da-tire-dailes-34\\\/#breadcrumb\",\"itemListElement\":[{\"@type\":\"ListItem\",\"position\":1,\"name\":\"Accueil\",\"item\":\"https:\\\/\\\/www.lactissima.com\\\/a-tire-d-ailes\\\/\"},{\"@type\":\"ListItem\",\"position\":2,\"name\":\"La revue de presse d&rsquo;A tire d&rsquo;Ailes (34)\"}]},{\"@type\":\"WebSite\",\"@id\":\"https:\\\/\\\/www.lactissima.com\\\/a-tire-d-ailes\\\/#website\",\"url\":\"https:\\\/\\\/www.lactissima.com\\\/a-tire-d-ailes\\\/\",\"name\":\"A tire d&#039;Ailes\",\"description\":\"Le blog des femmes qui allaitent et travaillent.\",\"potentialAction\":[{\"@type\":\"SearchAction\",\"target\":{\"@type\":\"EntryPoint\",\"urlTemplate\":\"https:\\\/\\\/www.lactissima.com\\\/a-tire-d-ailes\\\/?s={search_term_string}\"},\"query-input\":{\"@type\":\"PropertyValueSpecification\",\"valueRequired\":true,\"valueName\":\"search_term_string\"}}],\"inLanguage\":\"fr-FR\"},{\"@type\":\"Person\",\"@id\":\"https:\\\/\\\/www.lactissima.com\\\/a-tire-d-ailes\\\/#\\\/schema\\\/person\\\/8f98d3a89530861bc1240e6d53d44eed\",\"name\":\"V\u00e9ronique Darmangeat\",\"image\":{\"@type\":\"ImageObject\",\"inLanguage\":\"fr-FR\",\"@id\":\"https:\\\/\\\/secure.gravatar.com\\\/avatar\\\/268c99344c89cebfe4f5df5fa8be43068a18884fc76a29f3206fae98465b9cab?s=96&d=identicon&r=g\",\"url\":\"https:\\\/\\\/secure.gravatar.com\\\/avatar\\\/268c99344c89cebfe4f5df5fa8be43068a18884fc76a29f3206fae98465b9cab?s=96&d=identicon&r=g\",\"contentUrl\":\"https:\\\/\\\/secure.gravatar.com\\\/avatar\\\/268c99344c89cebfe4f5df5fa8be43068a18884fc76a29f3206fae98465b9cab?s=96&d=identicon&r=g\",\"caption\":\"V\u00e9ronique Darmangeat\"},\"sameAs\":[\"https:\\\/\\\/www.lactissima.com\\\/a-tire-d-ailes\",\"www.facebook.com\\\/consultante.en.lactation\"]}]}<\/script>\n<!-- \/ Yoast SEO plugin. -->","yoast_head_json":{"title":"revue de presse allaitement","description":"Ce mois a \u00e9t\u00e9 riche en \u00e9tudes et articles tr\u00e8s bien document\u00e9s sur l'allaitement, r\u00e9galez-vous !","robots":{"index":"index","follow":"follow","max-snippet":"max-snippet:-1","max-image-preview":"max-image-preview:large","max-video-preview":"max-video-preview:-1"},"canonical":"https:\/\/www.lactissima.com\/a-tire-d-ailes\/la-revue-de-presse-da-tire-dailes-34\/","og_locale":"fr_FR","og_type":"article","og_title":"revue de presse allaitement","og_description":"Ce mois a \u00e9t\u00e9 riche en \u00e9tudes et articles tr\u00e8s bien document\u00e9s sur l'allaitement, r\u00e9galez-vous !","og_url":"https:\/\/www.lactissima.com\/a-tire-d-ailes\/la-revue-de-presse-da-tire-dailes-34\/","og_site_name":"A tire d&#039;Ailes","article_publisher":"https:\/\/www.facebook.com\/consultante.en.lactation","article_author":"www.facebook.com\/consultante.en.lactation","article_published_time":"2013-11-22T08:09:34+00:00","article_modified_time":"2024-09-19T16:59:53+00:00","og_image":[{"width":231,"height":300,"url":"https:\/\/www.lactissima.com\/a-tire-d-ailes\/wp-content\/uploads\/journal1.jpg","type":"image\/jpeg"}],"author":"V\u00e9ronique Darmangeat","twitter_card":"summary_large_image","twitter_creator":"@VeroniqueIBCLC","twitter_site":"@VeroniqueIBCLC","twitter_misc":{"\u00c9crit par":"V\u00e9ronique Darmangeat","Dur\u00e9e de lecture estim\u00e9e":"2 minutes"},"schema":{"@context":"https:\/\/schema.org","@graph":[{"@type":"Article","@id":"https:\/\/www.lactissima.com\/a-tire-d-ailes\/la-revue-de-presse-da-tire-dailes-34\/#article","isPartOf":{"@id":"https:\/\/www.lactissima.com\/a-tire-d-ailes\/la-revue-de-presse-da-tire-dailes-34\/"},"author":{"name":"V\u00e9ronique Darmangeat","@id":"https:\/\/www.lactissima.com\/a-tire-d-ailes\/#\/schema\/person\/8f98d3a89530861bc1240e6d53d44eed"},"headline":"La revue de presse d&rsquo;A tire d&rsquo;Ailes (34)","datePublished":"2013-11-22T08:09:34+00:00","dateModified":"2024-09-19T16:59:53+00:00","mainEntityOfPage":{"@id":"https:\/\/www.lactissima.com\/a-tire-d-ailes\/la-revue-de-presse-da-tire-dailes-34\/"},"wordCount":391,"commentCount":0,"image":{"@id":"https:\/\/www.lactissima.com\/a-tire-d-ailes\/la-revue-de-presse-da-tire-dailes-34\/#primaryimage"},"thumbnailUrl":"https:\/\/www.lactissima.com\/a-tire-d-ailes\/wp-content\/uploads\/journal1.jpg","keywords":["allaitement long","allaiter \u00e0 la reprise du travail","composition de son lait","donner son lait","douleur aux seins","enfant allait\u00e9","frein de langue","l'allaitement malin","lait de croissance","ob\u00e9sit\u00e9","peau \u00e0 peau","tirent leur lait"],"articleSection":["Revue de presse"],"inLanguage":"fr-FR","potentialAction":[{"@type":"CommentAction","name":"Comment","target":["https:\/\/www.lactissima.com\/a-tire-d-ailes\/la-revue-de-presse-da-tire-dailes-34\/#respond"]}]},{"@type":"WebPage","@id":"https:\/\/www.lactissima.com\/a-tire-d-ailes\/la-revue-de-presse-da-tire-dailes-34\/","url":"https:\/\/www.lactissima.com\/a-tire-d-ailes\/la-revue-de-presse-da-tire-dailes-34\/","name":"revue de presse allaitement","isPartOf":{"@id":"https:\/\/www.lactissima.com\/a-tire-d-ailes\/#website"},"primaryImageOfPage":{"@id":"https:\/\/www.lactissima.com\/a-tire-d-ailes\/la-revue-de-presse-da-tire-dailes-34\/#primaryimage"},"image":{"@id":"https:\/\/www.lactissima.com\/a-tire-d-ailes\/la-revue-de-presse-da-tire-dailes-34\/#primaryimage"},"thumbnailUrl":"https:\/\/www.lactissima.com\/a-tire-d-ailes\/wp-content\/uploads\/journal1.jpg","datePublished":"2013-11-22T08:09:34+00:00","dateModified":"2024-09-19T16:59:53+00:00","author":{"@id":"https:\/\/www.lactissima.com\/a-tire-d-ailes\/#\/schema\/person\/8f98d3a89530861bc1240e6d53d44eed"},"description":"Ce mois a \u00e9t\u00e9 riche en \u00e9tudes et articles tr\u00e8s bien document\u00e9s sur l'allaitement, r\u00e9galez-vous !","breadcrumb":{"@id":"https:\/\/www.lactissima.com\/a-tire-d-ailes\/la-revue-de-presse-da-tire-dailes-34\/#breadcrumb"},"inLanguage":"fr-FR","potentialAction":[{"@type":"ReadAction","target":["https:\/\/www.lactissima.com\/a-tire-d-ailes\/la-revue-de-presse-da-tire-dailes-34\/"]}]},{"@type":"ImageObject","inLanguage":"fr-FR","@id":"https:\/\/www.lactissima.com\/a-tire-d-ailes\/la-revue-de-presse-da-tire-dailes-34\/#primaryimage","url":"https:\/\/www.lactissima.com\/a-tire-d-ailes\/wp-content\/uploads\/journal1.jpg","contentUrl":"https:\/\/www.lactissima.com\/a-tire-d-ailes\/wp-content\/uploads\/journal1.jpg","width":"231","height":"300","caption":"revues de presse allaitement"},{"@type":"BreadcrumbList","@id":"https:\/\/www.lactissima.com\/a-tire-d-ailes\/la-revue-de-presse-da-tire-dailes-34\/#breadcrumb","itemListElement":[{"@type":"ListItem","position":1,"name":"Accueil","item":"https:\/\/www.lactissima.com\/a-tire-d-ailes\/"},{"@type":"ListItem","position":2,"name":"La revue de presse d&rsquo;A tire d&rsquo;Ailes (34)"}]},{"@type":"WebSite","@id":"https:\/\/www.lactissima.com\/a-tire-d-ailes\/#website","url":"https:\/\/www.lactissima.com\/a-tire-d-ailes\/","name":"A tire d&#039;Ailes","description":"Le blog des femmes qui allaitent et travaillent.","potentialAction":[{"@type":"SearchAction","target":{"@type":"EntryPoint","urlTemplate":"https:\/\/www.lactissima.com\/a-tire-d-ailes\/?s={search_term_string}"},"query-input":{"@type":"PropertyValueSpecification","valueRequired":true,"valueName":"search_term_string"}}],"inLanguage":"fr-FR"},{"@type":"Person","@id":"https:\/\/www.lactissima.com\/a-tire-d-ailes\/#\/schema\/person\/8f98d3a89530861bc1240e6d53d44eed","name":"V\u00e9ronique Darmangeat","image":{"@type":"ImageObject","inLanguage":"fr-FR","@id":"https:\/\/secure.gravatar.com\/avatar\/268c99344c89cebfe4f5df5fa8be43068a18884fc76a29f3206fae98465b9cab?s=96&d=identicon&r=g","url":"https:\/\/secure.gravatar.com\/avatar\/268c99344c89cebfe4f5df5fa8be43068a18884fc76a29f3206fae98465b9cab?s=96&d=identicon&r=g","contentUrl":"https:\/\/secure.gravatar.com\/avatar\/268c99344c89cebfe4f5df5fa8be43068a18884fc76a29f3206fae98465b9cab?s=96&d=identicon&r=g","caption":"V\u00e9ronique Darmangeat"},"sameAs":["https:\/\/www.lactissima.com\/a-tire-d-ailes","www.facebook.com\/consultante.en.lactation"]}]}},"_links":{"self":[{"href":"https:\/\/www.lactissima.com\/a-tire-d-ailes\/wp-json\/wp\/v2\/posts\/4944","targetHints":{"allow":["GET"]}}],"collection":[{"href":"https:\/\/www.lactissima.com\/a-tire-d-ailes\/wp-json\/wp\/v2\/posts"}],"about":[{"href":"https:\/\/www.lactissima.com\/a-tire-d-ailes\/wp-json\/wp\/v2\/types\/post"}],"author":[{"embeddable":true,"href":"https:\/\/www.lactissima.com\/a-tire-d-ailes\/wp-json\/wp\/v2\/users\/170"}],"replies":[{"embeddable":true,"href":"https:\/\/www.lactissima.com\/a-tire-d-ailes\/wp-json\/wp\/v2\/comments?post=4944"}],"version-history":[{"count":15,"href":"https:\/\/www.lactissima.com\/a-tire-d-ailes\/wp-json\/wp\/v2\/posts\/4944\/revisions"}],"predecessor-version":[{"id":9580,"href":"https:\/\/www.lactissima.com\/a-tire-d-ailes\/wp-json\/wp\/v2\/posts\/4944\/revisions\/9580"}],"wp:featuredmedia":[{"embeddable":true,"href":"https:\/\/www.lactissima.com\/a-tire-d-ailes\/wp-json\/wp\/v2\/media\/3670"}],"wp:attachment":[{"href":"https:\/\/www.lactissima.com\/a-tire-d-ailes\/wp-json\/wp\/v2\/media?parent=4944"}],"wp:term":[{"taxonomy":"category","embeddable":true,"href":"https:\/\/www.lactissima.com\/a-tire-d-ailes\/wp-json\/wp\/v2\/categories?post=4944"},{"taxonomy":"post_tag","embeddable":true,"href":"https:\/\/www.lactissima.com\/a-tire-d-ailes\/wp-json\/wp\/v2\/tags?post=4944"}],"curies":[{"name":"wp","href":"https:\/\/api.w.org\/{rel}","templated":true}]}}