{"id":494,"date":"2009-07-06T12:35:20","date_gmt":"2009-07-06T10:35:20","guid":{"rendered":"https:\/\/www.lactissima.com\/a-tire-d-ailes\/?p=494"},"modified":"2014-03-15T17:15:01","modified_gmt":"2014-03-15T15:15:01","slug":"code-du-travail-et-allaitement","status":"publish","type":"post","link":"https:\/\/www.lactissima.com\/a-tire-d-ailes\/code-du-travail-et-allaitement\/","title":{"rendered":"Et la loi ?"},"content":{"rendered":"<p style=\"text-align: justify;\"><a href=\"https:\/\/www.lactissima.com\/a-tire-d-ailes\/wp-content\/uploads\/2009\/07\/code-du-travail.png\"><img loading=\"lazy\" decoding=\"async\" class=\"alignright size-full wp-image-4016\" title=\"code du travail et allaitement\" alt=\"code du travail et allaitement\" src=\"https:\/\/www.lactissima.com\/a-tire-d-ailes\/wp-content\/uploads\/2009\/07\/code-du-travail.png\" width=\"262\" height=\"180\" \/><\/a>La <strong>loi fran\u00e7aise<\/strong> pr\u00e9voit l&rsquo;allaitement au travail. Les dispositions relatives \u00e0 l&rsquo;allaitement dans le <a href=\"http:\/\/www.legifrance.gouv.fr\/affichCode.do?cidTexte=LEGITEXT000006072050&amp;dateTexte=20090706\">code du travail<\/a> datent de 1917. Elles ont \u00e9t\u00e9 revues en 2007 et le d\u00e9cret d&rsquo;application est paru en mars 2008.<\/p>\n<p style=\"text-align: justify;\">Chaque salari\u00e9e allaitant son enfant dispose pour ce faire d&rsquo;<strong>une heure par jour<\/strong> sur son temps de travail jusqu&rsquo;au premier<strong> <\/strong>anniversaire du b\u00e9b\u00e9. Cette heure est divis\u00e9e en deux p\u00e9riodes de trente minutes r\u00e9duites \u00e0 vingt minutes si le local d&rsquo;allaitement est \u00e0 l&rsquo;int\u00e9rieur des locaux destin\u00e9s au travail.<br \/>\nCette heure n&rsquo;est <strong>pas r\u00e9mun\u00e9r\u00e9e<\/strong>, sauf si la convention collective le sp\u00e9cifie.<br \/>\nUne salari\u00e9e peut <strong>allaiter son enfant dans l&rsquo;entreprise<\/strong> !<br \/>\nChaque entreprise de plus de cent salari\u00e9es doit pr\u00e9voir <strong>des locaux d\u00e9di\u00e9s \u00e0 l&rsquo;allaitement au sein de l&rsquo;entreprise<\/strong>, dans des conditions d&rsquo;hygi\u00e8ne tr\u00e8s pr\u00e9cises.<br \/>\nLe co\u00fbt de l&rsquo;installation et de l&rsquo;entretien de ces locaux est enti\u00e8rement <strong>\u00e0 la charge de l&#8217;employeur<\/strong>.<br \/>\nLes femmes militaires b\u00e9n\u00e9ficient des<strong> m\u00eames droits<\/strong>.<\/p>\n<p style=\"text-align: justify;\">Il est \u00e0 noter qu&rsquo;un contrat de travail peut inclure une clause sp\u00e9cifique \u00e0 l&rsquo;allaitement. Je vous recommande cet <a href=\"http:\/\/allaiteretdroit.blogspot.com\/2007\/08\/heure-dallaitement-rmunration.html\">article<\/a> de Martine Herzog-Evans, professeur de droit qui d\u00e9taille ce \u00e0 quoi vous avez droit.<\/p>\n<p style=\"text-align: justify;\">Voici <strong>les articles du code du travail<\/strong> relatifs \u00e0 l&rsquo;allaitement :<\/p>\n<p style=\"text-align: justify;\"><span style=\"color: #993300;\">Article L1225-30<br \/>\n<\/span>Pendant une ann\u00e9e \u00e0 compter du jour de la naissance, la salari\u00e9e allaitant son enfant dispose \u00e0 cet effet d&rsquo;une heure par jour durant les heures de travail.<\/p>\n<p style=\"text-align: justify;\"><span style=\"color: #993300;\">Article L1225-31<br \/>\n<\/span>La salari\u00e9e peut allaiter son enfant dans l&rsquo;\u00e9tablissement.<\/p>\n<p style=\"text-align: justify;\"><span style=\"color: #993300;\">Article L1225-32<br \/>\n<\/span>Tout employeur employant plus de cent salari\u00e9es peut \u00eatre mis en demeure d&rsquo;installer dans son \u00e9tablissement ou \u00e0 proximit\u00e9 des locaux d\u00e9di\u00e9s \u00e0 l&rsquo;allaitement.<\/p>\n<p style=\"text-align: justify;\"><span style=\"color: #993300;\">Article R1225-5<br \/>\n<\/span>L&rsquo;heure pr\u00e9vue \u00e0 l&rsquo;article L. 1225-30 dont dispose la salari\u00e9e pour allaiter son enfant est r\u00e9partie en deux p\u00e9riodes de trente minutes, l&rsquo;une pendant le travail du matin, l&rsquo;autre pendant l&rsquo;apr\u00e8s-midi.<br \/>\nLa p\u00e9riode o\u00f9 le travail est arr\u00eat\u00e9 pour l&rsquo;allaitement est d\u00e9termin\u00e9e par accord entre la salari\u00e9e et l&#8217;employeur.<br \/>\nA d\u00e9faut d&rsquo;accord, cette p\u00e9riode est plac\u00e9e au milieu de chaque demi-journ\u00e9e de travail.<\/p>\n<p style=\"text-align: justify;\"><span style=\"color: #993300;\">Article R1225-6<br \/>\n<\/span>La p\u00e9riode de trente minutes est r\u00e9duite \u00e0 vingt minutes lorsque l&#8217;employeur met \u00e0 la disposition des salari\u00e9es, \u00e0 l&rsquo;int\u00e9rieur ou \u00e0 proximit\u00e9 des locaux affect\u00e9s au travail, un local d\u00e9di\u00e9 \u00e0 l&rsquo;allaitement.<\/p>\n<p style=\"text-align: justify;\"><span style=\"color: #993300;\">Article R4152-13<br \/>\n<\/span>Le local d\u00e9di\u00e9 \u00e0 l&rsquo;allaitement pr\u00e9vu \u00e0 l&rsquo;article L. 1225-32 est :<br \/>\n1\u00c2\u00b0 S\u00e9par\u00e9 de tout local de travail ;<br \/>\n2\u00c2\u00b0 A\u00e9r\u00e9 et muni de fen\u00eatres ou autres ouvrants \u00e0 ch\u00e2ssis mobiles donnant directement sur l&rsquo;ext\u00e9rieur ;<br \/>\n3\u00c2\u00b0 Pourvu d&rsquo;un mode de renouvellement d&rsquo;air continu ;<br \/>\n4\u00c2\u00b0 Convenablement \u00e9clair\u00e9 ;<br \/>\n5\u00c2\u00b0 Pourvu d&rsquo;eau en quantit\u00e9 suffisante ou \u00e0 proximit\u00e9 d&rsquo;un lavabo ;<br \/>\n6\u00c2\u00b0 Pourvu de si\u00e8ges convenables pour l&rsquo;allaitement ;<br \/>\n7\u00c2\u00b0 Tenu en \u00e9tat constant de propret\u00e9. Le nettoyage est quotidien et r\u00e9alis\u00e9 hors de la pr\u00e9sence des enfants ;<br \/>\n8\u00c2\u00b0 Maintenu \u00e0 une temp\u00e9rature convenable dans les conditions hygi\u00e9niques.<\/p>\n<p style=\"text-align: justify;\"><span style=\"color: #993300;\">Article R4152-1<br \/>\n<\/span>Les femmes enceintes ainsi que les m\u00e8res dans les six mois qui suivent leur accouchement et pendant la dur\u00e9e de leur allaitement b\u00e9n\u00e9ficient, conform\u00e9ment \u00e0 l&rsquo;article R. 4624-19, d&rsquo;une surveillance m\u00e9dicale renforc\u00e9e.<\/p>\n<p style=\"text-align: justify;\"><span style=\"color: #993300;\">Article R4152-2<br \/>\n<\/span>Ind\u00e9pendamment des dispositions relatives \u00e0 l&rsquo;allaitement pr\u00e9vues par les articles L. 1225-31etR. 4152-13 et suivants, les femmes enceintes ou allaitant doivent pouvoir se reposer en position allong\u00e9e, dans des conditions appropri\u00e9es.<\/p>\n<p style=\"text-align: justify;\"><span style=\"color: #993300;\">Article R4152-14<br \/>\n<\/span>Dans les \u00e9tablissements soumis \u00e0 des dispositions particuli\u00e8res en mati\u00e8re de sant\u00e9 et s\u00e9curit\u00e9 au travail, le local d\u00e9di\u00e9 \u00e0 l&rsquo;allaitement est s\u00e9par\u00e9 de tout local affect\u00e9 \u00e0 des travaux pour lesquels ont \u00e9t\u00e9 \u00e9dict\u00e9es ces dispositions particuli\u00e8res.<br \/>\nCette s\u00e9paration est telle que le local est prot\u00e9g\u00e9 contre les risques qui ont motiv\u00e9 ces dispositions.<\/p>\n<p style=\"text-align: justify;\"><span style=\"color: #993300;\">Article R4152-15<br \/>\n<\/span>Les enfants ne peuvent s\u00e9journer dans le local d\u00e9di\u00e9 \u00e0 l&rsquo;allaitement que pendant le temps n\u00e9cessaire \u00e0 l&rsquo;allaitement.<br \/>\nAucun enfant atteint ou paraissant atteint d&rsquo;une maladie contagieuse ne doit \u00eatre admis dans ce local.<br \/>\nDes mesures sont prises contre tout risque de contamination.<br \/>\nL&rsquo;enfant qui, apr\u00e8s admission, para\u00eet atteint d&rsquo;une maladie contagieuse ne doit pas \u00eatre maintenu dans le local.<\/p>\n<p style=\"text-align: justify;\"><span style=\"color: #993300;\">Article R4152-16<br \/>\n<\/span>Le local d\u00e9di\u00e9 \u00e0 l&rsquo;allaitement a une surface suffisante pour pouvoir abriter un nombre d&rsquo;enfants de moins d&rsquo;un an, compte tenu du nombre de femmes employ\u00e9es dans l&rsquo;\u00e9tablissement.<\/p>\n<p style=\"text-align: justify;\"><span style=\"color: #993300;\">Article R4152-17<br \/>\n<\/span>Le local d\u00e9di\u00e9 \u00e0 l&rsquo;allaitement a une hauteur de trois m\u00e8tres au moins sous plafond. Il a au moins, par enfant, une superficie de trois m\u00e8tres carr\u00e9s.<br \/>\nUn m\u00eame local ne peut pas contenir plus de douze berceaux. Toutefois, lorsque le nombre des enfants vient \u00e0 d\u00e9passer ce maximum, le directeur r\u00e9gional du travail, de l&#8217;emploi et de la formation professionnelle peut en autoriser provisoirement le d\u00e9passement.<br \/>\nLorsqu&rsquo;il y a plusieurs salles, celles-ci sont desservies par un vestibule.<\/p>\n<p style=\"text-align: justify;\"><span style=\"color: #993300;\">Article R4152-18<br \/>\n<\/span>Le local d\u00e9di\u00e9 \u00e0 l&rsquo;allaitement ne comporte pas de communication directe avec des cabinets d&rsquo;aisance, \u00e9gouts, puisards.<br \/>\nIl est maintenu \u00e0 l&rsquo;abri de toute \u00e9manation nuisible.<\/p>\n<p style=\"text-align: justify;\"><span style=\"color: #993300;\">Article R4152-19<br \/>\n<\/span>Les rev\u00eatements des sols et des parois du local d\u00e9di\u00e9 \u00e0 l&rsquo;allaitement permettent un entretien efficace et sont refaits chaque fois que la propret\u00e9 l&rsquo;exige.<\/p>\n<p style=\"text-align: justify;\"><span style=\"color: #993300;\">Article R4152-20<br \/>\n<\/span>L&#8217;employeur fournit pour chaque enfant un berceau et un mat\u00e9riel de literie.<br \/>\nIl fournit \u00e9galement du linge en quantit\u00e9 suffisante pour que les enfants puissent \u00eatre chang\u00e9s aussi souvent que n\u00e9cessaire.<br \/>\nLe mat\u00e9riel et les effets sont tenus constamment en bon \u00e9tat d&rsquo;entretien et de propret\u00e9.<br \/>\nPendant la nuit, tous les objets dont se compose la literie sont dispos\u00e9s de mani\u00e8re \u00e0 \u00eatre a\u00e9r\u00e9s.<\/p>\n<p style=\"text-align: justify;\"><span style=\"color: #993300;\">Article R4152-21<\/span><br \/>\nLe local d\u00e9di\u00e9 \u00e0 l&rsquo;allaitement est tenu exclusivement par du personnel qualifi\u00e9 en nombre suffisant.<br \/>\nCe personnel se tient dans un \u00e9tat de propret\u00e9 rigoureuse.<\/p>\n<p style=\"text-align: justify;\"><span style=\"color: #993300;\">Article R4152-22<br \/>\n<\/span>Il est tenu :<br \/>\n1\u00c2\u00b0 Un registre sur lequel sont inscrits les nom, pr\u00e9noms et la date de naissance de chaque enfant, les nom, adresse et profession de la m\u00e8re, la date de l&rsquo;admission, la constatation des vaccinations, l&rsquo;\u00e9tat de l&rsquo;enfant au moment de l&rsquo;admission et, s&rsquo;il y a lieu, au moment des r\u00e9admissions ;<br \/>\n2\u00c2\u00b0 Un registre sur lequel sont mentionn\u00e9s nominativement les enfants pr\u00e9sents chaque jour.<\/p>\n<p style=\"text-align: justify;\"><span style=\"color: #993300;\">Article R4152-2<br \/>\n<\/span>Le local d\u00e9di\u00e9 \u00e0 l&rsquo;allaitement est surveill\u00e9 par un m\u00e9decin d\u00e9sign\u00e9 par l&#8217;employeur.<br \/>\nCe dernier fait conna\u00eetre \u00e0 l&rsquo;inspecteur du travail le nom et l&rsquo;adresse de ce m\u00e9decin.<br \/>\nLe m\u00e9decin visite le local au moins une fois par semaine. Il consigne ses observations sur le registre pr\u00e9vu au 2\u00c2\u00b0 de l&rsquo;article R. 4152-22.<br \/>\nUn r\u00e8glement int\u00e9rieur sign\u00e9 par le m\u00e9decin est affich\u00e9 \u00e0 l&rsquo;entr\u00e9e du local.<\/p>\n<p style=\"text-align: justify;\"><span style=\"color: #993300;\">Article R4152-24<br \/>\n<\/span>Le local d\u00e9di\u00e9 \u00e0 l&rsquo;allaitement est \u00e9quip\u00e9 de moyens de r\u00e9chauffer les aliments. Ces derniers sont conformes aux prescriptions r\u00e9glementaires pr\u00e9vues pour les \u00e9tablissements et services d&rsquo;accueil des enfants de moins de six ans.<\/p>\n<p style=\"text-align: justify;\"><span style=\"color: #993300;\">Article R4152-25<\/span><br \/>\nDes mesures sont prises pour qu&rsquo;aucune personne pouvant constituer une cause de contamination n&rsquo;ait acc\u00e8s au local d\u00e9di\u00e9 \u00e0 l&rsquo;allaitement.<\/p>\n<p style=\"text-align: justify;\"><span style=\"color: #993300;\">Article R4152-26<br \/>\n<\/span>Personne ne doit passer la nuit dans le local d\u00e9di\u00e9 \u00e0 l&rsquo;allaitement o\u00f9 les enfants passent la journ\u00e9e.<\/p>\n<p style=\"text-align: justify;\"><span style=\"color: #993300;\">Article R4152-27<br \/>\n<\/span>L&rsquo;eau du local d\u00e9di\u00e9 \u00e0 l&rsquo;allaitement est \u00e0 temp\u00e9rature r\u00e9glable. Des moyens de nettoyage et de s\u00e9chage appropri\u00e9s sont mis \u00e0 disposition.<br \/>\nLe mat\u00e9riel et les effets sont tenus constamment en bon \u00e9tat d&rsquo;entretien et de propret\u00e9.<\/p>\n<p style=\"text-align: justify;\"><span style=\"color: #993300;\">Article R4152-28<\/span><br \/>\nLa r\u00e9mun\u00e9ration du m\u00e9decin et du personnel du local d\u00e9di\u00e9 \u00e0 l&rsquo;allaitement ainsi que la fourniture et l&rsquo;entretien du mat\u00e9riel et des effets \u00e9num\u00e9r\u00e9s aux articles R. 4152-20 et R. 4152-27 sont \u00e0 la charge de l&#8217;employeur.<br \/>\nAucune contribution ne peut \u00eatre r\u00e9clam\u00e9e aux m\u00e8res dont les enfants fr\u00e9quentent le local.<\/p>\n<p style=\"text-align: justify;\"><span style=\"color: #993300;\">Article L1142-3<br \/>\n<\/span>Est nulle toute clause d&rsquo;une convention ou d&rsquo;un accord collectif de travail ou d&rsquo;un contrat de travail qui r\u00e9serve le b\u00e9n\u00e9fice d&rsquo;une mesure quelconque, \u00e0 un ou des salari\u00e9s, en consid\u00e9ration du sexe.<br \/>\nToutefois, ces dispositions ne sont pas applicables lorsque cette clause a pour objet l&rsquo;application des dispositions relatives :<br \/>\n1\u00c2\u00b0 A la protection de la grossesse et de la maternit\u00e9, pr\u00e9vues aux articles L. 1225-1 \u00e0 L. 1225-28;<br \/>\n2\u00c2\u00b0 A l&rsquo;interdiction d&#8217;emploi pr\u00e9natal et postnatal, pr\u00e9vues \u00e0 l&rsquo;article L. 1225-29 ;<br \/>\n3\u00c2\u00b0 A l&rsquo;allaitement, pr\u00e9vues aux articles L.1225-30 \u00e0 L. 1225-33 ;<br \/>\n4\u00c2\u00b0 A la d\u00e9mission de la salari\u00e9e en \u00e9tat de grossesse m\u00e9dicalement constat\u00e9, pr\u00e9vues \u00e0 l&rsquo;article L. 1225-34;<br \/>\n5\u00c2\u00b0 Au cong\u00e9 de paternit\u00e9, pr\u00e9vues aux articles L. 1225-35 et L. 1225-36 ;<br \/>\n6\u00c2\u00b0 Au cong\u00e9 d&rsquo;adoption, pr\u00e9vues aux articles L. 1225-37 \u00e0 L.1225-45.<\/p>\n<p style=\"text-align: justify;\"><span style=\"color: #993300;\">Article R4138-4<br \/>\n<\/span>Le militaire f\u00e9minin peut b\u00e9n\u00e9ficier, sur demande, des autorisations d&rsquo;absence pour allaitement pr\u00e9vues \u00e0 l&rsquo;article L. 1225-30 du code du travail.<\/p>\n<p style=\"text-align: justify;\">Code du travail et allaitement, le sujet est clair ! Et <strong>vous<\/strong>, avez-vous demand\u00e9 votre heure d&rsquo;allaitement \u00e0 votre employeur ?<\/p>\n<p>&nbsp;<\/p>\n","protected":false},"excerpt":{"rendered":"<p>Chaque femme salari\u00e9e a droit \u00e0 une heure pour allaiter son enfant sur son temps de travail.<\/p>\n","protected":false},"author":170,"featured_media":4016,"comment_status":"open","ping_status":"open","sticky":false,"template":"","format":"standard","meta":{"_et_pb_use_builder":"","_et_pb_old_content":"","_et_gb_content_width":"","footnotes":""},"categories":[35,36,40,42,45],"tags":[116],"class_list":["post-494","post","type-post","status-publish","format-standard","has-post-thumbnail","hentry","category-allaitement","category-allaitement-et-travail","category-entreprises","category-legislation","category-travail-des-femmes","tag-code-du-travail"],"yoast_head":"<!-- This site is optimized with the Yoast SEO plugin v27.4 - https:\/\/yoast.com\/product\/yoast-seo-wordpress\/ -->\n<title>code du travail et allaitement<\/title>\n<meta name=\"description\" content=\"Le code du travail et allaitement est clair : chaque femme salari\u00e9e a droit \u00e0 une heure pour allaiter son enfant sur son temps de travail.\" \/>\n<meta name=\"robots\" content=\"index, follow, max-snippet:-1, max-image-preview:large, max-video-preview:-1\" \/>\n<link rel=\"canonical\" href=\"https:\/\/www.lactissima.com\/a-tire-d-ailes\/code-du-travail-et-allaitement\/\" \/>\n<meta property=\"og:locale\" content=\"fr_FR\" \/>\n<meta property=\"og:type\" content=\"article\" \/>\n<meta property=\"og:title\" content=\"code du travail et allaitement\" \/>\n<meta property=\"og:description\" content=\"Le code du travail et allaitement est clair : chaque femme salari\u00e9e a droit \u00e0 une heure pour allaiter son enfant sur son temps de travail.\" \/>\n<meta property=\"og:url\" content=\"https:\/\/www.lactissima.com\/a-tire-d-ailes\/code-du-travail-et-allaitement\/\" \/>\n<meta property=\"og:site_name\" content=\"A tire d&#039;Ailes\" \/>\n<meta property=\"article:publisher\" content=\"https:\/\/www.facebook.com\/consultante.en.lactation\" \/>\n<meta property=\"article:author\" content=\"www.facebook.com\/consultante.en.lactation\" \/>\n<meta property=\"article:published_time\" content=\"2009-07-06T10:35:20+00:00\" \/>\n<meta property=\"article:modified_time\" content=\"2014-03-15T15:15:01+00:00\" \/>\n<meta property=\"og:image\" content=\"https:\/\/www.lactissima.com\/a-tire-d-ailes\/wp-content\/uploads\/2009\/07\/code-du-travail.png\" \/>\n\t<meta property=\"og:image:width\" content=\"262\" \/>\n\t<meta property=\"og:image:height\" content=\"180\" \/>\n\t<meta property=\"og:image:type\" content=\"image\/png\" \/>\n<meta name=\"author\" content=\"V\u00e9ronique Darmangeat\" \/>\n<meta name=\"twitter:card\" content=\"summary_large_image\" \/>\n<meta name=\"twitter:creator\" content=\"@VeroniqueIBCLC\" \/>\n<meta name=\"twitter:site\" content=\"@VeroniqueIBCLC\" \/>\n<meta name=\"twitter:label1\" content=\"\u00c9crit par\" \/>\n\t<meta name=\"twitter:data1\" content=\"V\u00e9ronique Darmangeat\" \/>\n\t<meta name=\"twitter:label2\" content=\"Dur\u00e9e de lecture estim\u00e9e\" \/>\n\t<meta name=\"twitter:data2\" content=\"8 minutes\" \/>\n<script type=\"application\/ld+json\" class=\"yoast-schema-graph\">{\"@context\":\"https:\\\/\\\/schema.org\",\"@graph\":[{\"@type\":\"Article\",\"@id\":\"https:\\\/\\\/www.lactissima.com\\\/a-tire-d-ailes\\\/code-du-travail-et-allaitement\\\/#article\",\"isPartOf\":{\"@id\":\"https:\\\/\\\/www.lactissima.com\\\/a-tire-d-ailes\\\/code-du-travail-et-allaitement\\\/\"},\"author\":{\"name\":\"V\u00e9ronique Darmangeat\",\"@id\":\"https:\\\/\\\/www.lactissima.com\\\/a-tire-d-ailes\\\/#\\\/schema\\\/person\\\/8f98d3a89530861bc1240e6d53d44eed\"},\"headline\":\"Et la loi ?\",\"datePublished\":\"2009-07-06T10:35:20+00:00\",\"dateModified\":\"2014-03-15T15:15:01+00:00\",\"mainEntityOfPage\":{\"@id\":\"https:\\\/\\\/www.lactissima.com\\\/a-tire-d-ailes\\\/code-du-travail-et-allaitement\\\/\"},\"wordCount\":1613,\"commentCount\":107,\"image\":{\"@id\":\"https:\\\/\\\/www.lactissima.com\\\/a-tire-d-ailes\\\/code-du-travail-et-allaitement\\\/#primaryimage\"},\"thumbnailUrl\":\"https:\\\/\\\/www.lactissima.com\\\/a-tire-d-ailes\\\/wp-content\\\/uploads\\\/2009\\\/07\\\/code-du-travail.png\",\"keywords\":[\"code du travail\"],\"articleSection\":[\"Allaitement\",\"Allaitement et Travail\",\"Entreprises\",\"L\u00e9gislation\",\"Travail des femmes\"],\"inLanguage\":\"fr-FR\",\"potentialAction\":[{\"@type\":\"CommentAction\",\"name\":\"Comment\",\"target\":[\"https:\\\/\\\/www.lactissima.com\\\/a-tire-d-ailes\\\/code-du-travail-et-allaitement\\\/#respond\"]}]},{\"@type\":\"WebPage\",\"@id\":\"https:\\\/\\\/www.lactissima.com\\\/a-tire-d-ailes\\\/code-du-travail-et-allaitement\\\/\",\"url\":\"https:\\\/\\\/www.lactissima.com\\\/a-tire-d-ailes\\\/code-du-travail-et-allaitement\\\/\",\"name\":\"code du travail et allaitement\",\"isPartOf\":{\"@id\":\"https:\\\/\\\/www.lactissima.com\\\/a-tire-d-ailes\\\/#website\"},\"primaryImageOfPage\":{\"@id\":\"https:\\\/\\\/www.lactissima.com\\\/a-tire-d-ailes\\\/code-du-travail-et-allaitement\\\/#primaryimage\"},\"image\":{\"@id\":\"https:\\\/\\\/www.lactissima.com\\\/a-tire-d-ailes\\\/code-du-travail-et-allaitement\\\/#primaryimage\"},\"thumbnailUrl\":\"https:\\\/\\\/www.lactissima.com\\\/a-tire-d-ailes\\\/wp-content\\\/uploads\\\/2009\\\/07\\\/code-du-travail.png\",\"datePublished\":\"2009-07-06T10:35:20+00:00\",\"dateModified\":\"2014-03-15T15:15:01+00:00\",\"author\":{\"@id\":\"https:\\\/\\\/www.lactissima.com\\\/a-tire-d-ailes\\\/#\\\/schema\\\/person\\\/8f98d3a89530861bc1240e6d53d44eed\"},\"description\":\"Le code du travail et allaitement est clair : chaque femme salari\u00e9e a droit \u00e0 une heure pour allaiter son enfant sur son temps de travail.\",\"breadcrumb\":{\"@id\":\"https:\\\/\\\/www.lactissima.com\\\/a-tire-d-ailes\\\/code-du-travail-et-allaitement\\\/#breadcrumb\"},\"inLanguage\":\"fr-FR\",\"potentialAction\":[{\"@type\":\"ReadAction\",\"target\":[\"https:\\\/\\\/www.lactissima.com\\\/a-tire-d-ailes\\\/code-du-travail-et-allaitement\\\/\"]}]},{\"@type\":\"ImageObject\",\"inLanguage\":\"fr-FR\",\"@id\":\"https:\\\/\\\/www.lactissima.com\\\/a-tire-d-ailes\\\/code-du-travail-et-allaitement\\\/#primaryimage\",\"url\":\"https:\\\/\\\/www.lactissima.com\\\/a-tire-d-ailes\\\/wp-content\\\/uploads\\\/2009\\\/07\\\/code-du-travail.png\",\"contentUrl\":\"https:\\\/\\\/www.lactissima.com\\\/a-tire-d-ailes\\\/wp-content\\\/uploads\\\/2009\\\/07\\\/code-du-travail.png\",\"width\":262,\"height\":180},{\"@type\":\"BreadcrumbList\",\"@id\":\"https:\\\/\\\/www.lactissima.com\\\/a-tire-d-ailes\\\/code-du-travail-et-allaitement\\\/#breadcrumb\",\"itemListElement\":[{\"@type\":\"ListItem\",\"position\":1,\"name\":\"Accueil\",\"item\":\"https:\\\/\\\/www.lactissima.com\\\/a-tire-d-ailes\\\/\"},{\"@type\":\"ListItem\",\"position\":2,\"name\":\"Et la loi ?\"}]},{\"@type\":\"WebSite\",\"@id\":\"https:\\\/\\\/www.lactissima.com\\\/a-tire-d-ailes\\\/#website\",\"url\":\"https:\\\/\\\/www.lactissima.com\\\/a-tire-d-ailes\\\/\",\"name\":\"A tire d&#039;Ailes\",\"description\":\"Le blog des femmes qui allaitent et travaillent.\",\"potentialAction\":[{\"@type\":\"SearchAction\",\"target\":{\"@type\":\"EntryPoint\",\"urlTemplate\":\"https:\\\/\\\/www.lactissima.com\\\/a-tire-d-ailes\\\/?s={search_term_string}\"},\"query-input\":{\"@type\":\"PropertyValueSpecification\",\"valueRequired\":true,\"valueName\":\"search_term_string\"}}],\"inLanguage\":\"fr-FR\"},{\"@type\":\"Person\",\"@id\":\"https:\\\/\\\/www.lactissima.com\\\/a-tire-d-ailes\\\/#\\\/schema\\\/person\\\/8f98d3a89530861bc1240e6d53d44eed\",\"name\":\"V\u00e9ronique Darmangeat\",\"image\":{\"@type\":\"ImageObject\",\"inLanguage\":\"fr-FR\",\"@id\":\"https:\\\/\\\/secure.gravatar.com\\\/avatar\\\/268c99344c89cebfe4f5df5fa8be43068a18884fc76a29f3206fae98465b9cab?s=96&d=identicon&r=g\",\"url\":\"https:\\\/\\\/secure.gravatar.com\\\/avatar\\\/268c99344c89cebfe4f5df5fa8be43068a18884fc76a29f3206fae98465b9cab?s=96&d=identicon&r=g\",\"contentUrl\":\"https:\\\/\\\/secure.gravatar.com\\\/avatar\\\/268c99344c89cebfe4f5df5fa8be43068a18884fc76a29f3206fae98465b9cab?s=96&d=identicon&r=g\",\"caption\":\"V\u00e9ronique Darmangeat\"},\"sameAs\":[\"https:\\\/\\\/www.lactissima.com\\\/a-tire-d-ailes\",\"www.facebook.com\\\/consultante.en.lactation\"]}]}<\/script>\n<!-- \/ Yoast SEO plugin. -->","yoast_head_json":{"title":"code du travail et allaitement","description":"Le code du travail et allaitement est clair : chaque femme salari\u00e9e a droit \u00e0 une heure pour allaiter son enfant sur son temps de travail.","robots":{"index":"index","follow":"follow","max-snippet":"max-snippet:-1","max-image-preview":"max-image-preview:large","max-video-preview":"max-video-preview:-1"},"canonical":"https:\/\/www.lactissima.com\/a-tire-d-ailes\/code-du-travail-et-allaitement\/","og_locale":"fr_FR","og_type":"article","og_title":"code du travail et allaitement","og_description":"Le code du travail et allaitement est clair : chaque femme salari\u00e9e a droit \u00e0 une heure pour allaiter son enfant sur son temps de travail.","og_url":"https:\/\/www.lactissima.com\/a-tire-d-ailes\/code-du-travail-et-allaitement\/","og_site_name":"A tire d&#039;Ailes","article_publisher":"https:\/\/www.facebook.com\/consultante.en.lactation","article_author":"www.facebook.com\/consultante.en.lactation","article_published_time":"2009-07-06T10:35:20+00:00","article_modified_time":"2014-03-15T15:15:01+00:00","og_image":[{"width":262,"height":180,"url":"https:\/\/www.lactissima.com\/a-tire-d-ailes\/wp-content\/uploads\/2009\/07\/code-du-travail.png","type":"image\/png"}],"author":"V\u00e9ronique Darmangeat","twitter_card":"summary_large_image","twitter_creator":"@VeroniqueIBCLC","twitter_site":"@VeroniqueIBCLC","twitter_misc":{"\u00c9crit par":"V\u00e9ronique Darmangeat","Dur\u00e9e de lecture estim\u00e9e":"8 minutes"},"schema":{"@context":"https:\/\/schema.org","@graph":[{"@type":"Article","@id":"https:\/\/www.lactissima.com\/a-tire-d-ailes\/code-du-travail-et-allaitement\/#article","isPartOf":{"@id":"https:\/\/www.lactissima.com\/a-tire-d-ailes\/code-du-travail-et-allaitement\/"},"author":{"name":"V\u00e9ronique Darmangeat","@id":"https:\/\/www.lactissima.com\/a-tire-d-ailes\/#\/schema\/person\/8f98d3a89530861bc1240e6d53d44eed"},"headline":"Et la loi ?","datePublished":"2009-07-06T10:35:20+00:00","dateModified":"2014-03-15T15:15:01+00:00","mainEntityOfPage":{"@id":"https:\/\/www.lactissima.com\/a-tire-d-ailes\/code-du-travail-et-allaitement\/"},"wordCount":1613,"commentCount":107,"image":{"@id":"https:\/\/www.lactissima.com\/a-tire-d-ailes\/code-du-travail-et-allaitement\/#primaryimage"},"thumbnailUrl":"https:\/\/www.lactissima.com\/a-tire-d-ailes\/wp-content\/uploads\/2009\/07\/code-du-travail.png","keywords":["code du travail"],"articleSection":["Allaitement","Allaitement et Travail","Entreprises","L\u00e9gislation","Travail des femmes"],"inLanguage":"fr-FR","potentialAction":[{"@type":"CommentAction","name":"Comment","target":["https:\/\/www.lactissima.com\/a-tire-d-ailes\/code-du-travail-et-allaitement\/#respond"]}]},{"@type":"WebPage","@id":"https:\/\/www.lactissima.com\/a-tire-d-ailes\/code-du-travail-et-allaitement\/","url":"https:\/\/www.lactissima.com\/a-tire-d-ailes\/code-du-travail-et-allaitement\/","name":"code du travail et allaitement","isPartOf":{"@id":"https:\/\/www.lactissima.com\/a-tire-d-ailes\/#website"},"primaryImageOfPage":{"@id":"https:\/\/www.lactissima.com\/a-tire-d-ailes\/code-du-travail-et-allaitement\/#primaryimage"},"image":{"@id":"https:\/\/www.lactissima.com\/a-tire-d-ailes\/code-du-travail-et-allaitement\/#primaryimage"},"thumbnailUrl":"https:\/\/www.lactissima.com\/a-tire-d-ailes\/wp-content\/uploads\/2009\/07\/code-du-travail.png","datePublished":"2009-07-06T10:35:20+00:00","dateModified":"2014-03-15T15:15:01+00:00","author":{"@id":"https:\/\/www.lactissima.com\/a-tire-d-ailes\/#\/schema\/person\/8f98d3a89530861bc1240e6d53d44eed"},"description":"Le code du travail et allaitement est clair : chaque femme salari\u00e9e a droit \u00e0 une heure pour allaiter son enfant sur son temps de travail.","breadcrumb":{"@id":"https:\/\/www.lactissima.com\/a-tire-d-ailes\/code-du-travail-et-allaitement\/#breadcrumb"},"inLanguage":"fr-FR","potentialAction":[{"@type":"ReadAction","target":["https:\/\/www.lactissima.com\/a-tire-d-ailes\/code-du-travail-et-allaitement\/"]}]},{"@type":"ImageObject","inLanguage":"fr-FR","@id":"https:\/\/www.lactissima.com\/a-tire-d-ailes\/code-du-travail-et-allaitement\/#primaryimage","url":"https:\/\/www.lactissima.com\/a-tire-d-ailes\/wp-content\/uploads\/2009\/07\/code-du-travail.png","contentUrl":"https:\/\/www.lactissima.com\/a-tire-d-ailes\/wp-content\/uploads\/2009\/07\/code-du-travail.png","width":262,"height":180},{"@type":"BreadcrumbList","@id":"https:\/\/www.lactissima.com\/a-tire-d-ailes\/code-du-travail-et-allaitement\/#breadcrumb","itemListElement":[{"@type":"ListItem","position":1,"name":"Accueil","item":"https:\/\/www.lactissima.com\/a-tire-d-ailes\/"},{"@type":"ListItem","position":2,"name":"Et la loi ?"}]},{"@type":"WebSite","@id":"https:\/\/www.lactissima.com\/a-tire-d-ailes\/#website","url":"https:\/\/www.lactissima.com\/a-tire-d-ailes\/","name":"A tire d&#039;Ailes","description":"Le blog des femmes qui allaitent et travaillent.","potentialAction":[{"@type":"SearchAction","target":{"@type":"EntryPoint","urlTemplate":"https:\/\/www.lactissima.com\/a-tire-d-ailes\/?s={search_term_string}"},"query-input":{"@type":"PropertyValueSpecification","valueRequired":true,"valueName":"search_term_string"}}],"inLanguage":"fr-FR"},{"@type":"Person","@id":"https:\/\/www.lactissima.com\/a-tire-d-ailes\/#\/schema\/person\/8f98d3a89530861bc1240e6d53d44eed","name":"V\u00e9ronique Darmangeat","image":{"@type":"ImageObject","inLanguage":"fr-FR","@id":"https:\/\/secure.gravatar.com\/avatar\/268c99344c89cebfe4f5df5fa8be43068a18884fc76a29f3206fae98465b9cab?s=96&d=identicon&r=g","url":"https:\/\/secure.gravatar.com\/avatar\/268c99344c89cebfe4f5df5fa8be43068a18884fc76a29f3206fae98465b9cab?s=96&d=identicon&r=g","contentUrl":"https:\/\/secure.gravatar.com\/avatar\/268c99344c89cebfe4f5df5fa8be43068a18884fc76a29f3206fae98465b9cab?s=96&d=identicon&r=g","caption":"V\u00e9ronique Darmangeat"},"sameAs":["https:\/\/www.lactissima.com\/a-tire-d-ailes","www.facebook.com\/consultante.en.lactation"]}]}},"_links":{"self":[{"href":"https:\/\/www.lactissima.com\/a-tire-d-ailes\/wp-json\/wp\/v2\/posts\/494","targetHints":{"allow":["GET"]}}],"collection":[{"href":"https:\/\/www.lactissima.com\/a-tire-d-ailes\/wp-json\/wp\/v2\/posts"}],"about":[{"href":"https:\/\/www.lactissima.com\/a-tire-d-ailes\/wp-json\/wp\/v2\/types\/post"}],"author":[{"embeddable":true,"href":"https:\/\/www.lactissima.com\/a-tire-d-ailes\/wp-json\/wp\/v2\/users\/170"}],"replies":[{"embeddable":true,"href":"https:\/\/www.lactissima.com\/a-tire-d-ailes\/wp-json\/wp\/v2\/comments?post=494"}],"version-history":[{"count":17,"href":"https:\/\/www.lactissima.com\/a-tire-d-ailes\/wp-json\/wp\/v2\/posts\/494\/revisions"}],"predecessor-version":[{"id":5569,"href":"https:\/\/www.lactissima.com\/a-tire-d-ailes\/wp-json\/wp\/v2\/posts\/494\/revisions\/5569"}],"wp:featuredmedia":[{"embeddable":true,"href":"https:\/\/www.lactissima.com\/a-tire-d-ailes\/wp-json\/wp\/v2\/media\/4016"}],"wp:attachment":[{"href":"https:\/\/www.lactissima.com\/a-tire-d-ailes\/wp-json\/wp\/v2\/media?parent=494"}],"wp:term":[{"taxonomy":"category","embeddable":true,"href":"https:\/\/www.lactissima.com\/a-tire-d-ailes\/wp-json\/wp\/v2\/categories?post=494"},{"taxonomy":"post_tag","embeddable":true,"href":"https:\/\/www.lactissima.com\/a-tire-d-ailes\/wp-json\/wp\/v2\/tags?post=494"}],"curies":[{"name":"wp","href":"https:\/\/api.w.org\/{rel}","templated":true}]}}