{"id":4916,"date":"2013-11-08T10:36:42","date_gmt":"2013-11-08T08:36:42","guid":{"rendered":"https:\/\/www.lactissima.com\/a-tire-d-ailes\/?p=4916"},"modified":"2014-03-15T16:19:29","modified_gmt":"2014-03-15T14:19:29","slug":"probleme-allaitement","status":"publish","type":"post","link":"https:\/\/www.lactissima.com\/a-tire-d-ailes\/probleme-allaitement\/","title":{"rendered":"Tu n&rsquo;as qu&rsquo;\u00e0 arr\u00eater !"},"content":{"rendered":"<p style=\"text-align: justify;\"><a href=\"https:\/\/www.lactissima.com\/a-tire-d-ailes\/wp-content\/uploads\/2013\/11\/grand-m\u00e8re.jpg\"><img loading=\"lazy\" decoding=\"async\" class=\"alignright size-full wp-image-4919\" alt=\"probl\u00e8me allaitement\" src=\"https:\/\/www.lactissima.com\/a-tire-d-ailes\/wp-content\/uploads\/2013\/11\/grand-m\u00e8re.jpg\" width=\"240\" height=\"320\" srcset=\"https:\/\/www.lactissima.com\/a-tire-d-ailes\/wp-content\/uploads\/2013\/11\/grand-m\u00e8re.jpg 240w, https:\/\/www.lactissima.com\/a-tire-d-ailes\/wp-content\/uploads\/2013\/11\/grand-m\u00e8re-225x300.jpg 225w\" sizes=\"(max-width: 240px) 100vw, 240px\" \/><\/a>Cette phrase, vous l&rsquo;avez surement entendue un jour ou l&rsquo;autre si vous <span style=\"color: #333333;\"><a href=\"https:\/\/www.lactissima.com\/a-tire-d-ailes\/travail-et-allaitement-le-temoignage-de-celine-2\/\" target=\"_blank\"><span style=\"color: #333333;\">poursuivez l&rsquo;allaitement \u00e0 la reprise du travail<\/span><\/a><\/span>, non ?<\/p>\n<p style=\"text-align: justify;\">Si vous \u00eates <strong>fatigu\u00e9e<\/strong>, si vous rencontrez un souci, si votre b\u00e9b\u00e9 ne correspond pas tout \u00e0 fait \u00e0 ce que l&rsquo;on en attend, c&rsquo;est la premi\u00e8re r\u00e9ponse apport\u00e9e : arr\u00eater l&rsquo;allaitement. Comme si l&rsquo;allaitement \u00e9tait la cause de toutes les difficult\u00e9s et le <a title=\"sevrage\" href=\"https:\/\/www.lactissima.com\/a-tire-d-ailes\/sevrage\/\" target=\"_blank\">sevrage<\/a> la r\u00e9ponse \u00e0 tous les ennuis.<\/p>\n<p style=\"text-align: justify;\">Et pourtant, \u00e0 la reprise du travail, vous pouvez rencontrer des <span style=\"color: #333333;\"><a title=\"probl\u00e8me allaitement\" href=\"https:\/\/www.lactissima.com\/a-tire-d-ailes\/?p=4916\"><span style=\"color: #333333;\">probl\u00e8mes d&rsquo;allaitement<\/span><\/a><\/span> et avoir besoin d&rsquo;aide, rien de plus naturel puisque l&rsquo;on n&rsquo;a en g\u00e9n\u00e9ral pas de mod\u00e8le ni de rep\u00e8re pour vivre cette p\u00e9riode o\u00f9 l&rsquo;on conjugue <span style=\"color: #333333;\"><a title=\"Allaitement et travail : le t\u00e9moignage de Sarah\" href=\"https:\/\/www.lactissima.com\/a-tire-d-ailes\/allaitement-travail-temoignage-sarah-2\/\" target=\"_blank\"><span style=\"color: #333333;\">allaitement et travail<\/span><\/a><\/span>.<\/p>\n<p style=\"text-align: justify;\">Dans une soci\u00e9t\u00e9 qui n&rsquo;a justement aucun mod\u00e8le ni rep\u00e8re autour de l&rsquo;allaitement \u00e0 la reprise du travail, c&rsquo;est tout \u00e0 fait compr\u00e9hensible que l&rsquo;on vous propose le sevrage : cela permettrait de vous replacer dans une situation que l&rsquo;on connait et pour laquelle votre entourage et les professionnels ont des rep\u00e8res, et donc des r\u00e9ponses \u00e0 vous proposer.<br \/>\nCette incitation de la soci\u00e9t\u00e9 \u00e0 sevrer est pourtant une <strong>violence<\/strong> \u00e0 votre encontre et ne doit pas vous contraindre si ce n&rsquo;est pas ce que vous souhaitez.<\/p>\n<p style=\"text-align: justify;\">Lorsque l&rsquo;on rencontre des difficult\u00e9s, on peut chercher des r\u00e9ponses pratiques (comment conserver le lait ou le transporter, comment s&rsquo;organiser par exemple) mais on a parfois juste besoin de partager nos soucis sans forc\u00e9ment \u00eatre \u00e0 la recherche d&rsquo;une solution pratique. Si votre enfant refuse le biberon, que vous savez que c&rsquo;est juste une p\u00e9riode d&rsquo;adaptation \u00e0 passer, vous pouvez avoir besoin de partager votre souci tout en n&rsquo;attendant aucune solution puisque vous savez que la solution est juste de laisser le temps au temps.<br \/>\nOr peu de personnes comprennent ce besoin et la plupart des gens \u00e0 qui vous vous confiez vont essayer de vous trouver une solution, ils ont ainsi la sensation de vous aider r\u00e9ellement&#8230;alors que vous n&rsquo;avez besoin que de <strong>soutien<\/strong>. C&rsquo;est une r\u00e9action humaine et compr\u00e9hensible de leur part mais inadapt\u00e9e.<\/p>\n<p style=\"text-align: justify;\">A vous d&rsquo;oser dire que vous n&rsquo;avez pas besoin de solution mais seulement de compr\u00e9hension et de <a title=\"soutien allaitement\" href=\"https:\/\/www.lactissima.com\/a-tire-d-ailes\/soutien-a-lallaitement\/\" target=\"_blank\">soutien<\/a>.<\/p>\n<p style=\"text-align: justify;\">A vous de trouver les bonnes personnes \u00e0 qui vous adresser pour des conseils pratiques adapt\u00e9s et pour le soutien n\u00e9cessaire.<\/p>\n<p style=\"text-align: justify;\">A vous d&rsquo;apprendre \u00e0 dire non quand on vous demande un sevrage qui ne vous convient pas.<\/p>\n<p style=\"text-align: justify;\">Vous en \u00eates capable et serez heureuse de pouvoir vivre l&rsquo;allaitement qui vous convient !<\/p>\n<p style=\"text-align: justify;\">Et <strong>vous<\/strong>, avez-vous entendu cette phrase et comment avez-vous r\u00e9agi ?<\/p>\n<p style=\"text-align: justify;\"><strong>Articles en rapport :<\/strong><\/p>\n<ul>\n<li><a href=\"https:\/\/www.lactissima.com\/a-tire-d-ailes\/soutien-a-lallaitement\/\" target=\"_blank\">Allaiter et travailler : le soutien<\/a><\/li>\n<li><a href=\"https:\/\/www.lactissima.com\/a-tire-d-ailes\/aide-allaitement\/\" target=\"_blank\">o\u00f9 trouver de l&rsquo;aide ?<\/a><\/li>\n<\/ul>\n<p>&nbsp;<\/p>\n","protected":false},"excerpt":{"rendered":"<p>La premi\u00e8re r\u00e9ponse \u00e0 un probl\u00e8me allaitement est le sevrage : est-ce vraiment votre solution ?<\/p>\n","protected":false},"author":170,"featured_media":4919,"comment_status":"open","ping_status":"open","sticky":false,"template":"","format":"standard","meta":{"_et_pb_use_builder":"","_et_pb_old_content":"","_et_gb_content_width":"","footnotes":""},"categories":[35,36,41],"tags":[681,563,564,56,98],"class_list":["post-4916","post","type-post","status-publish","format-standard","has-post-thumbnail","hentry","category-allaitement","category-allaitement-et-travail","category-femmes-et-societe","tag-allaitement-et-travail","tag-poursuivre-lallaitement-a-la-reprise-du-travail","tag-problemes-dallaitement","tag-sevrage","tag-soutien"],"yoast_head":"<!-- This site is optimized with the Yoast SEO plugin v27.4 - https:\/\/yoast.com\/product\/yoast-seo-wordpress\/ -->\n<title>probl\u00e8me allaitement<\/title>\n<meta name=\"description\" content=\"La premi\u00e8re r\u00e9ponse \u00e0 un probl\u00e8me allaitement est le sevrage : est-ce vraiment votre solution ?\" \/>\n<meta name=\"robots\" content=\"index, follow, max-snippet:-1, max-image-preview:large, max-video-preview:-1\" \/>\n<link rel=\"canonical\" href=\"https:\/\/www.lactissima.com\/a-tire-d-ailes\/probleme-allaitement\/\" \/>\n<meta property=\"og:locale\" content=\"fr_FR\" \/>\n<meta property=\"og:type\" content=\"article\" \/>\n<meta property=\"og:title\" content=\"probl\u00e8me allaitement\" \/>\n<meta property=\"og:description\" content=\"La premi\u00e8re r\u00e9ponse \u00e0 un probl\u00e8me allaitement est le sevrage : est-ce vraiment votre solution ?\" \/>\n<meta property=\"og:url\" content=\"https:\/\/www.lactissima.com\/a-tire-d-ailes\/probleme-allaitement\/\" \/>\n<meta property=\"og:site_name\" content=\"A tire d&#039;Ailes\" \/>\n<meta property=\"article:publisher\" content=\"https:\/\/www.facebook.com\/consultante.en.lactation\" \/>\n<meta property=\"article:author\" content=\"www.facebook.com\/consultante.en.lactation\" \/>\n<meta property=\"article:published_time\" content=\"2013-11-08T08:36:42+00:00\" \/>\n<meta property=\"article:modified_time\" content=\"2014-03-15T14:19:29+00:00\" \/>\n<meta property=\"og:image\" content=\"https:\/\/www.lactissima.com\/a-tire-d-ailes\/wp-content\/uploads\/2013\/11\/grand-m\u00e8re.jpg\" \/>\n\t<meta property=\"og:image:width\" content=\"240\" \/>\n\t<meta property=\"og:image:height\" content=\"320\" \/>\n\t<meta property=\"og:image:type\" content=\"image\/jpeg\" \/>\n<meta name=\"author\" content=\"V\u00e9ronique Darmangeat\" \/>\n<meta name=\"twitter:card\" content=\"summary_large_image\" \/>\n<meta name=\"twitter:creator\" content=\"@VeroniqueIBCLC\" \/>\n<meta name=\"twitter:site\" content=\"@VeroniqueIBCLC\" \/>\n<meta name=\"twitter:label1\" content=\"\u00c9crit par\" \/>\n\t<meta name=\"twitter:data1\" content=\"V\u00e9ronique Darmangeat\" \/>\n\t<meta name=\"twitter:label2\" content=\"Dur\u00e9e de lecture estim\u00e9e\" \/>\n\t<meta name=\"twitter:data2\" content=\"2 minutes\" \/>\n<script type=\"application\/ld+json\" class=\"yoast-schema-graph\">{\"@context\":\"https:\\\/\\\/schema.org\",\"@graph\":[{\"@type\":\"Article\",\"@id\":\"https:\\\/\\\/www.lactissima.com\\\/a-tire-d-ailes\\\/probleme-allaitement\\\/#article\",\"isPartOf\":{\"@id\":\"https:\\\/\\\/www.lactissima.com\\\/a-tire-d-ailes\\\/probleme-allaitement\\\/\"},\"author\":{\"name\":\"V\u00e9ronique Darmangeat\",\"@id\":\"https:\\\/\\\/www.lactissima.com\\\/a-tire-d-ailes\\\/#\\\/schema\\\/person\\\/8f98d3a89530861bc1240e6d53d44eed\"},\"headline\":\"Tu n&rsquo;as qu&rsquo;\u00e0 arr\u00eater !\",\"datePublished\":\"2013-11-08T08:36:42+00:00\",\"dateModified\":\"2014-03-15T14:19:29+00:00\",\"mainEntityOfPage\":{\"@id\":\"https:\\\/\\\/www.lactissima.com\\\/a-tire-d-ailes\\\/probleme-allaitement\\\/\"},\"wordCount\":483,\"commentCount\":32,\"image\":{\"@id\":\"https:\\\/\\\/www.lactissima.com\\\/a-tire-d-ailes\\\/probleme-allaitement\\\/#primaryimage\"},\"thumbnailUrl\":\"https:\\\/\\\/www.lactissima.com\\\/a-tire-d-ailes\\\/wp-content\\\/uploads\\\/2013\\\/11\\\/grand-m\u00e8re.jpg\",\"keywords\":[\"Allaitement et Travail\",\"poursuivre l'allaitement \u00e0 la reprise du travail\",\"probl\u00e8mes d'allaitement\",\"Sevrage\",\"soutien\"],\"articleSection\":[\"Allaitement\",\"Allaitement et Travail\",\"Femmes et Soci\u00e9t\u00e9\"],\"inLanguage\":\"fr-FR\",\"potentialAction\":[{\"@type\":\"CommentAction\",\"name\":\"Comment\",\"target\":[\"https:\\\/\\\/www.lactissima.com\\\/a-tire-d-ailes\\\/probleme-allaitement\\\/#respond\"]}]},{\"@type\":\"WebPage\",\"@id\":\"https:\\\/\\\/www.lactissima.com\\\/a-tire-d-ailes\\\/probleme-allaitement\\\/\",\"url\":\"https:\\\/\\\/www.lactissima.com\\\/a-tire-d-ailes\\\/probleme-allaitement\\\/\",\"name\":\"probl\u00e8me allaitement\",\"isPartOf\":{\"@id\":\"https:\\\/\\\/www.lactissima.com\\\/a-tire-d-ailes\\\/#website\"},\"primaryImageOfPage\":{\"@id\":\"https:\\\/\\\/www.lactissima.com\\\/a-tire-d-ailes\\\/probleme-allaitement\\\/#primaryimage\"},\"image\":{\"@id\":\"https:\\\/\\\/www.lactissima.com\\\/a-tire-d-ailes\\\/probleme-allaitement\\\/#primaryimage\"},\"thumbnailUrl\":\"https:\\\/\\\/www.lactissima.com\\\/a-tire-d-ailes\\\/wp-content\\\/uploads\\\/2013\\\/11\\\/grand-m\u00e8re.jpg\",\"datePublished\":\"2013-11-08T08:36:42+00:00\",\"dateModified\":\"2014-03-15T14:19:29+00:00\",\"author\":{\"@id\":\"https:\\\/\\\/www.lactissima.com\\\/a-tire-d-ailes\\\/#\\\/schema\\\/person\\\/8f98d3a89530861bc1240e6d53d44eed\"},\"description\":\"La premi\u00e8re r\u00e9ponse \u00e0 un probl\u00e8me allaitement est le sevrage : est-ce vraiment votre solution ?\",\"breadcrumb\":{\"@id\":\"https:\\\/\\\/www.lactissima.com\\\/a-tire-d-ailes\\\/probleme-allaitement\\\/#breadcrumb\"},\"inLanguage\":\"fr-FR\",\"potentialAction\":[{\"@type\":\"ReadAction\",\"target\":[\"https:\\\/\\\/www.lactissima.com\\\/a-tire-d-ailes\\\/probleme-allaitement\\\/\"]}]},{\"@type\":\"ImageObject\",\"inLanguage\":\"fr-FR\",\"@id\":\"https:\\\/\\\/www.lactissima.com\\\/a-tire-d-ailes\\\/probleme-allaitement\\\/#primaryimage\",\"url\":\"https:\\\/\\\/www.lactissima.com\\\/a-tire-d-ailes\\\/wp-content\\\/uploads\\\/2013\\\/11\\\/grand-m\u00e8re.jpg\",\"contentUrl\":\"https:\\\/\\\/www.lactissima.com\\\/a-tire-d-ailes\\\/wp-content\\\/uploads\\\/2013\\\/11\\\/grand-m\u00e8re.jpg\",\"width\":240,\"height\":320,\"caption\":\"probl\u00e8me allaitement\"},{\"@type\":\"BreadcrumbList\",\"@id\":\"https:\\\/\\\/www.lactissima.com\\\/a-tire-d-ailes\\\/probleme-allaitement\\\/#breadcrumb\",\"itemListElement\":[{\"@type\":\"ListItem\",\"position\":1,\"name\":\"Accueil\",\"item\":\"https:\\\/\\\/www.lactissima.com\\\/a-tire-d-ailes\\\/\"},{\"@type\":\"ListItem\",\"position\":2,\"name\":\"Tu n&rsquo;as qu&rsquo;\u00e0 arr\u00eater !\"}]},{\"@type\":\"WebSite\",\"@id\":\"https:\\\/\\\/www.lactissima.com\\\/a-tire-d-ailes\\\/#website\",\"url\":\"https:\\\/\\\/www.lactissima.com\\\/a-tire-d-ailes\\\/\",\"name\":\"A tire d&#039;Ailes\",\"description\":\"Le blog des femmes qui allaitent et travaillent.\",\"potentialAction\":[{\"@type\":\"SearchAction\",\"target\":{\"@type\":\"EntryPoint\",\"urlTemplate\":\"https:\\\/\\\/www.lactissima.com\\\/a-tire-d-ailes\\\/?s={search_term_string}\"},\"query-input\":{\"@type\":\"PropertyValueSpecification\",\"valueRequired\":true,\"valueName\":\"search_term_string\"}}],\"inLanguage\":\"fr-FR\"},{\"@type\":\"Person\",\"@id\":\"https:\\\/\\\/www.lactissima.com\\\/a-tire-d-ailes\\\/#\\\/schema\\\/person\\\/8f98d3a89530861bc1240e6d53d44eed\",\"name\":\"V\u00e9ronique Darmangeat\",\"image\":{\"@type\":\"ImageObject\",\"inLanguage\":\"fr-FR\",\"@id\":\"https:\\\/\\\/secure.gravatar.com\\\/avatar\\\/268c99344c89cebfe4f5df5fa8be43068a18884fc76a29f3206fae98465b9cab?s=96&d=identicon&r=g\",\"url\":\"https:\\\/\\\/secure.gravatar.com\\\/avatar\\\/268c99344c89cebfe4f5df5fa8be43068a18884fc76a29f3206fae98465b9cab?s=96&d=identicon&r=g\",\"contentUrl\":\"https:\\\/\\\/secure.gravatar.com\\\/avatar\\\/268c99344c89cebfe4f5df5fa8be43068a18884fc76a29f3206fae98465b9cab?s=96&d=identicon&r=g\",\"caption\":\"V\u00e9ronique Darmangeat\"},\"sameAs\":[\"https:\\\/\\\/www.lactissima.com\\\/a-tire-d-ailes\",\"www.facebook.com\\\/consultante.en.lactation\"]}]}<\/script>\n<!-- \/ Yoast SEO plugin. -->","yoast_head_json":{"title":"probl\u00e8me allaitement","description":"La premi\u00e8re r\u00e9ponse \u00e0 un probl\u00e8me allaitement est le sevrage : est-ce vraiment votre solution ?","robots":{"index":"index","follow":"follow","max-snippet":"max-snippet:-1","max-image-preview":"max-image-preview:large","max-video-preview":"max-video-preview:-1"},"canonical":"https:\/\/www.lactissima.com\/a-tire-d-ailes\/probleme-allaitement\/","og_locale":"fr_FR","og_type":"article","og_title":"probl\u00e8me allaitement","og_description":"La premi\u00e8re r\u00e9ponse \u00e0 un probl\u00e8me allaitement est le sevrage : est-ce vraiment votre solution ?","og_url":"https:\/\/www.lactissima.com\/a-tire-d-ailes\/probleme-allaitement\/","og_site_name":"A tire d&#039;Ailes","article_publisher":"https:\/\/www.facebook.com\/consultante.en.lactation","article_author":"www.facebook.com\/consultante.en.lactation","article_published_time":"2013-11-08T08:36:42+00:00","article_modified_time":"2014-03-15T14:19:29+00:00","og_image":[{"width":240,"height":320,"url":"https:\/\/www.lactissima.com\/a-tire-d-ailes\/wp-content\/uploads\/2013\/11\/grand-m\u00e8re.jpg","type":"image\/jpeg"}],"author":"V\u00e9ronique Darmangeat","twitter_card":"summary_large_image","twitter_creator":"@VeroniqueIBCLC","twitter_site":"@VeroniqueIBCLC","twitter_misc":{"\u00c9crit par":"V\u00e9ronique Darmangeat","Dur\u00e9e de lecture estim\u00e9e":"2 minutes"},"schema":{"@context":"https:\/\/schema.org","@graph":[{"@type":"Article","@id":"https:\/\/www.lactissima.com\/a-tire-d-ailes\/probleme-allaitement\/#article","isPartOf":{"@id":"https:\/\/www.lactissima.com\/a-tire-d-ailes\/probleme-allaitement\/"},"author":{"name":"V\u00e9ronique Darmangeat","@id":"https:\/\/www.lactissima.com\/a-tire-d-ailes\/#\/schema\/person\/8f98d3a89530861bc1240e6d53d44eed"},"headline":"Tu n&rsquo;as qu&rsquo;\u00e0 arr\u00eater !","datePublished":"2013-11-08T08:36:42+00:00","dateModified":"2014-03-15T14:19:29+00:00","mainEntityOfPage":{"@id":"https:\/\/www.lactissima.com\/a-tire-d-ailes\/probleme-allaitement\/"},"wordCount":483,"commentCount":32,"image":{"@id":"https:\/\/www.lactissima.com\/a-tire-d-ailes\/probleme-allaitement\/#primaryimage"},"thumbnailUrl":"https:\/\/www.lactissima.com\/a-tire-d-ailes\/wp-content\/uploads\/2013\/11\/grand-m\u00e8re.jpg","keywords":["Allaitement et Travail","poursuivre l'allaitement \u00e0 la reprise du travail","probl\u00e8mes d'allaitement","Sevrage","soutien"],"articleSection":["Allaitement","Allaitement et Travail","Femmes et Soci\u00e9t\u00e9"],"inLanguage":"fr-FR","potentialAction":[{"@type":"CommentAction","name":"Comment","target":["https:\/\/www.lactissima.com\/a-tire-d-ailes\/probleme-allaitement\/#respond"]}]},{"@type":"WebPage","@id":"https:\/\/www.lactissima.com\/a-tire-d-ailes\/probleme-allaitement\/","url":"https:\/\/www.lactissima.com\/a-tire-d-ailes\/probleme-allaitement\/","name":"probl\u00e8me allaitement","isPartOf":{"@id":"https:\/\/www.lactissima.com\/a-tire-d-ailes\/#website"},"primaryImageOfPage":{"@id":"https:\/\/www.lactissima.com\/a-tire-d-ailes\/probleme-allaitement\/#primaryimage"},"image":{"@id":"https:\/\/www.lactissima.com\/a-tire-d-ailes\/probleme-allaitement\/#primaryimage"},"thumbnailUrl":"https:\/\/www.lactissima.com\/a-tire-d-ailes\/wp-content\/uploads\/2013\/11\/grand-m\u00e8re.jpg","datePublished":"2013-11-08T08:36:42+00:00","dateModified":"2014-03-15T14:19:29+00:00","author":{"@id":"https:\/\/www.lactissima.com\/a-tire-d-ailes\/#\/schema\/person\/8f98d3a89530861bc1240e6d53d44eed"},"description":"La premi\u00e8re r\u00e9ponse \u00e0 un probl\u00e8me allaitement est le sevrage : est-ce vraiment votre solution ?","breadcrumb":{"@id":"https:\/\/www.lactissima.com\/a-tire-d-ailes\/probleme-allaitement\/#breadcrumb"},"inLanguage":"fr-FR","potentialAction":[{"@type":"ReadAction","target":["https:\/\/www.lactissima.com\/a-tire-d-ailes\/probleme-allaitement\/"]}]},{"@type":"ImageObject","inLanguage":"fr-FR","@id":"https:\/\/www.lactissima.com\/a-tire-d-ailes\/probleme-allaitement\/#primaryimage","url":"https:\/\/www.lactissima.com\/a-tire-d-ailes\/wp-content\/uploads\/2013\/11\/grand-m\u00e8re.jpg","contentUrl":"https:\/\/www.lactissima.com\/a-tire-d-ailes\/wp-content\/uploads\/2013\/11\/grand-m\u00e8re.jpg","width":240,"height":320,"caption":"probl\u00e8me allaitement"},{"@type":"BreadcrumbList","@id":"https:\/\/www.lactissima.com\/a-tire-d-ailes\/probleme-allaitement\/#breadcrumb","itemListElement":[{"@type":"ListItem","position":1,"name":"Accueil","item":"https:\/\/www.lactissima.com\/a-tire-d-ailes\/"},{"@type":"ListItem","position":2,"name":"Tu n&rsquo;as qu&rsquo;\u00e0 arr\u00eater !"}]},{"@type":"WebSite","@id":"https:\/\/www.lactissima.com\/a-tire-d-ailes\/#website","url":"https:\/\/www.lactissima.com\/a-tire-d-ailes\/","name":"A tire d&#039;Ailes","description":"Le blog des femmes qui allaitent et travaillent.","potentialAction":[{"@type":"SearchAction","target":{"@type":"EntryPoint","urlTemplate":"https:\/\/www.lactissima.com\/a-tire-d-ailes\/?s={search_term_string}"},"query-input":{"@type":"PropertyValueSpecification","valueRequired":true,"valueName":"search_term_string"}}],"inLanguage":"fr-FR"},{"@type":"Person","@id":"https:\/\/www.lactissima.com\/a-tire-d-ailes\/#\/schema\/person\/8f98d3a89530861bc1240e6d53d44eed","name":"V\u00e9ronique Darmangeat","image":{"@type":"ImageObject","inLanguage":"fr-FR","@id":"https:\/\/secure.gravatar.com\/avatar\/268c99344c89cebfe4f5df5fa8be43068a18884fc76a29f3206fae98465b9cab?s=96&d=identicon&r=g","url":"https:\/\/secure.gravatar.com\/avatar\/268c99344c89cebfe4f5df5fa8be43068a18884fc76a29f3206fae98465b9cab?s=96&d=identicon&r=g","contentUrl":"https:\/\/secure.gravatar.com\/avatar\/268c99344c89cebfe4f5df5fa8be43068a18884fc76a29f3206fae98465b9cab?s=96&d=identicon&r=g","caption":"V\u00e9ronique Darmangeat"},"sameAs":["https:\/\/www.lactissima.com\/a-tire-d-ailes","www.facebook.com\/consultante.en.lactation"]}]}},"_links":{"self":[{"href":"https:\/\/www.lactissima.com\/a-tire-d-ailes\/wp-json\/wp\/v2\/posts\/4916","targetHints":{"allow":["GET"]}}],"collection":[{"href":"https:\/\/www.lactissima.com\/a-tire-d-ailes\/wp-json\/wp\/v2\/posts"}],"about":[{"href":"https:\/\/www.lactissima.com\/a-tire-d-ailes\/wp-json\/wp\/v2\/types\/post"}],"author":[{"embeddable":true,"href":"https:\/\/www.lactissima.com\/a-tire-d-ailes\/wp-json\/wp\/v2\/users\/170"}],"replies":[{"embeddable":true,"href":"https:\/\/www.lactissima.com\/a-tire-d-ailes\/wp-json\/wp\/v2\/comments?post=4916"}],"version-history":[{"count":8,"href":"https:\/\/www.lactissima.com\/a-tire-d-ailes\/wp-json\/wp\/v2\/posts\/4916\/revisions"}],"predecessor-version":[{"id":5168,"href":"https:\/\/www.lactissima.com\/a-tire-d-ailes\/wp-json\/wp\/v2\/posts\/4916\/revisions\/5168"}],"wp:featuredmedia":[{"embeddable":true,"href":"https:\/\/www.lactissima.com\/a-tire-d-ailes\/wp-json\/wp\/v2\/media\/4919"}],"wp:attachment":[{"href":"https:\/\/www.lactissima.com\/a-tire-d-ailes\/wp-json\/wp\/v2\/media?parent=4916"}],"wp:term":[{"taxonomy":"category","embeddable":true,"href":"https:\/\/www.lactissima.com\/a-tire-d-ailes\/wp-json\/wp\/v2\/categories?post=4916"},{"taxonomy":"post_tag","embeddable":true,"href":"https:\/\/www.lactissima.com\/a-tire-d-ailes\/wp-json\/wp\/v2\/tags?post=4916"}],"curies":[{"name":"wp","href":"https:\/\/api.w.org\/{rel}","templated":true}]}}