{"id":4901,"date":"2013-11-01T18:55:55","date_gmt":"2013-11-01T16:55:55","guid":{"rendered":"https:\/\/www.lactissima.com\/a-tire-d-ailes\/?p=4901"},"modified":"2014-03-15T16:19:57","modified_gmt":"2014-03-15T14:19:57","slug":"allaitement-travail-temoignage-sarah-2","status":"publish","type":"post","link":"https:\/\/www.lactissima.com\/a-tire-d-ailes\/allaitement-travail-temoignage-sarah-2\/","title":{"rendered":"Allaitement et travail : le t\u00e9moignage de Sarah"},"content":{"rendered":"<p style=\"text-align: justify;\"><strong><a href=\"https:\/\/www.lactissima.com\/a-tire-d-ailes\/wp-content\/uploads\/2013\/11\/sarah.jpg\"><img loading=\"lazy\" decoding=\"async\" class=\"alignright size-full wp-image-4912\" alt=\"sarah\" src=\"https:\/\/www.lactissima.com\/a-tire-d-ailes\/wp-content\/uploads\/2013\/11\/sarah.jpg\" width=\"306\" height=\"288\" srcset=\"https:\/\/www.lactissima.com\/a-tire-d-ailes\/wp-content\/uploads\/2013\/11\/sarah.jpg 306w, https:\/\/www.lactissima.com\/a-tire-d-ailes\/wp-content\/uploads\/2013\/11\/sarah-300x282.jpg 300w\" sizes=\"(max-width: 306px) 100vw, 306px\" \/><\/a>Quel choix avez-vous fait au moment de la reprise du travail : sevrage ou poursuite de l&rsquo;allaitement ? Pourquoi ?<\/strong><\/p>\n<p style=\"text-align: justify;\">Je suis maman d&rsquo;une petite Iris n\u00e9e le 29\/07\/2011.<span style=\"color: #333333;\"><a href=\"https:\/\/www.lactissima.com\/a-tire-d-ailes\/?p=4901\"><span style=\"color: #333333;\"> Continuer l&rsquo;allaitement apr\u00e8s la reprise du travail<\/span><\/a> <\/span>\u00e9tait une \u00e9vidence. Pour son bien-\u00eatre et m\u00eame pour moi. Je n&rsquo;avais aucune envie d&rsquo;arr\u00eater !<\/p>\n<p style=\"text-align: justify;\"><strong>Comment vous \u00eates-vous organis\u00e9e ?<\/strong><\/p>\n<p style=\"text-align: justify;\">Iris rentrait chez la gardienne pour ses 5 mois et demi. Elle avait un rythme r\u00e9gulier et j&rsquo;avais calcul\u00e9 qu&rsquo;elle prendrait deux bibi de lait maternel chez la gardienne. Malheureusement je stressais un peu de ne pas avoir fait assez de r\u00e9serves dans mon cong\u00e9lateur. Donc vers ses 5 mois j&rsquo;ai introduit les l\u00e9gumes dans son alimentation dans le but de remplacer une t\u00e9t\u00e9e.<\/p>\n<p style=\"text-align: justify;\">L&rsquo;arr\u00eat d&rsquo;une t\u00e9t\u00e9e \u00e0 \u00e9t\u00e9 un d\u00e9chirement (heureusement que ce n&rsquo;\u00e9tait qu&rsquo;une t\u00e9t\u00e9e et pas l&rsquo;allaitement !). Mais l&rsquo;un dans l&rsquo;autre j&rsquo;ai bien fait car mes r\u00e9serves n&rsquo;\u00e9taient pas \u00e9normes.<\/p>\n<p style=\"text-align: justify;\"><strong>Quelles ont \u00e9t\u00e9 vos principales difficult\u00e9s ?<\/strong><\/p>\n<p style=\"text-align: justify;\">Iris va 4 jours par semaine chez la gardienne et je tirais mon lait tous les jours sur mon temps de midi. J&rsquo;ai d\u00e9test\u00e9 tirer mon lait !!!<\/p>\n<p style=\"text-align: justify;\">Mais je l&rsquo;ai fait jusqu&rsquo;aux 7 mois d&rsquo;Iris, moment ou elle a pr\u00e9f\u00e9r\u00e9 les fruits \u00e0 mon lait. A ce moment je l&rsquo;ai allait\u00e9e matin et soir jusqu&rsquo;\u00e0 ses 15 mois. Actuellement miss a presque 17 mois et t\u00e8te uniquement le matin et r\u00e9clame tr\u00e8s tr\u00e8s occasionnellement le soir.<br \/>\nJe pense arr\u00eater d&rsquo;allaiter quand elle le d\u00e9cidera.<\/p>\n<p style=\"text-align: justify;\"><strong>Quels ont \u00e9t\u00e9 vos meilleurs moments ?<\/strong><\/p>\n<p style=\"text-align: justify;\">Mes meilleurs moments \u00e9taient les retrouvailles avec une t\u00e9t\u00e9e bien s\u00fbr ! Au d\u00e9but je sentais mes seins picoter en me mettant en route pour aller la chercher.<\/p>\n<p style=\"text-align: justify;\"><strong>Qu&rsquo;est-ce que vous souhaiteriez dire aux mamans qui doivent faire un choix dans les semaines \u00e0 venir ?<\/strong><\/p>\n<p style=\"text-align: justify;\">Je pense qu&rsquo;il est vraiment possible d&rsquo;allaiter en travaillant. Mais pour \u00e7a il faut l&rsquo;avoir pr\u00e9vu un peu \u00e0 l&rsquo;avance et avoir une certaine volont\u00e9.<\/p>\n<p style=\"text-align: justify;\"><strong>Ce serait \u00e0 refaire, vous referiez le m\u00eame choix ? Que changeriez-vous ? <\/strong><\/p>\n<p style=\"text-align: justify;\">A mon avis je ferais plus de r\u00e9serve de lait si j&rsquo;en ai l&rsquo;occasion. Car Iris n&rsquo;\u00e9tait pas hyper pr\u00eate pour la diversification et moi non plus (m\u00eame si tout s&rsquo;est assez bien pass\u00e9). Ensuite je pense que je prolongerais mon cong\u00e9 pour attendre les 6 mois de mon b\u00e9b\u00e9 avant de reprendre le travail&#8230; Peut-\u00eatre investir dans un tire-lait \u00e9lectrique pour mon deuxi\u00e8me ?? Mais dans l&rsquo;ensemble je suis tr\u00e8s satisfaite de mon allaitement !<\/p>\n<p style=\"text-align: justify;\"><strong>Ajout du 02 novembre 2013 :<\/strong><\/p>\n<p style=\"text-align: justify;\">Aujourd&rsquo;hui ma fille \u00e0 27 mois et a arr\u00eater de t\u00e9ter il y a 2 mois \u00e0 cause d&rsquo;une seconde grossesse et tout se passe tr\u00e8s bien.<\/p>\n<p style=\"text-align: justify;\"><strong>Articles en rapport :<\/strong><\/p>\n<ul>\n<li style=\"text-align: justify;\">Voir l&rsquo;onglet <a href=\"https:\/\/www.lactissima.com\/a-tire-d-ailes\/?page_id=1179\" target=\"_blank\">t\u00e9moignages<\/a><\/li>\n<\/ul>\n<p>&nbsp;<\/p>\n","protected":false},"excerpt":{"rendered":"<p>Quel choix avez-vous fait au moment de la reprise du travail : sevrage ou poursuite de l&rsquo;allaitement ? Pourquoi ? Je suis maman d&rsquo;une petite Iris n\u00e9e le 29\/07\/2011. Continuer l&rsquo;allaitement apr\u00e8s la reprise du travail \u00e9tait une \u00e9vidence. Pour son bien-\u00eatre et m\u00eame pour moi. Je n&rsquo;avais aucune envie d&rsquo;arr\u00eater ! Comment vous \u00eates-vous [&hellip;]<\/p>\n","protected":false},"author":170,"featured_media":4912,"comment_status":"open","ping_status":"open","sticky":false,"template":"","format":"standard","meta":{"_et_pb_use_builder":"","_et_pb_old_content":"","_et_gb_content_width":"","footnotes":""},"categories":[150],"tags":[562],"class_list":["post-4901","post","type-post","status-publish","format-standard","has-post-thumbnail","hentry","category-temoignages","tag-continuer-lallaitement-apres-la-reprise-du-travail"],"yoast_head":"<!-- This site is optimized with the Yoast SEO plugin v27.4 - https:\/\/yoast.com\/product\/yoast-seo-wordpress\/ -->\n<title>Allaitement et travail : le t\u00e9moignage de Sarah<\/title>\n<meta name=\"description\" content=\"Sarah a d\u00e9test\u00e9 tirer son lait et a donc arr\u00eat\u00e9 quand sa fille a pr\u00e9f\u00e9r\u00e9 les solides aux biberons.\" \/>\n<meta name=\"robots\" content=\"index, follow, max-snippet:-1, max-image-preview:large, max-video-preview:-1\" \/>\n<link rel=\"canonical\" href=\"https:\/\/www.lactissima.com\/a-tire-d-ailes\/allaitement-travail-temoignage-sarah-2\/\" \/>\n<meta property=\"og:locale\" content=\"fr_FR\" \/>\n<meta property=\"og:type\" content=\"article\" \/>\n<meta property=\"og:title\" content=\"Allaitement et travail : le t\u00e9moignage de Sarah\" \/>\n<meta property=\"og:description\" content=\"Sarah a d\u00e9test\u00e9 tirer son lait et a donc arr\u00eat\u00e9 quand sa fille a pr\u00e9f\u00e9r\u00e9 les solides aux biberons.\" \/>\n<meta property=\"og:url\" content=\"https:\/\/www.lactissima.com\/a-tire-d-ailes\/allaitement-travail-temoignage-sarah-2\/\" \/>\n<meta property=\"og:site_name\" content=\"A tire d&#039;Ailes\" \/>\n<meta property=\"article:publisher\" content=\"https:\/\/www.facebook.com\/consultante.en.lactation\" \/>\n<meta property=\"article:author\" content=\"www.facebook.com\/consultante.en.lactation\" \/>\n<meta property=\"article:published_time\" content=\"2013-11-01T16:55:55+00:00\" \/>\n<meta property=\"article:modified_time\" content=\"2014-03-15T14:19:57+00:00\" \/>\n<meta property=\"og:image\" content=\"https:\/\/www.lactissima.com\/a-tire-d-ailes\/wp-content\/uploads\/2013\/11\/sarah.jpg\" \/>\n\t<meta property=\"og:image:width\" content=\"306\" \/>\n\t<meta property=\"og:image:height\" content=\"288\" \/>\n\t<meta property=\"og:image:type\" content=\"image\/jpeg\" \/>\n<meta name=\"author\" content=\"V\u00e9ronique Darmangeat\" \/>\n<meta name=\"twitter:card\" content=\"summary_large_image\" \/>\n<meta name=\"twitter:creator\" content=\"@VeroniqueIBCLC\" \/>\n<meta name=\"twitter:site\" content=\"@VeroniqueIBCLC\" \/>\n<meta name=\"twitter:label1\" content=\"\u00c9crit par\" \/>\n\t<meta name=\"twitter:data1\" content=\"V\u00e9ronique Darmangeat\" \/>\n\t<meta name=\"twitter:label2\" content=\"Dur\u00e9e de lecture estim\u00e9e\" \/>\n\t<meta name=\"twitter:data2\" content=\"2 minutes\" \/>\n<script type=\"application\/ld+json\" class=\"yoast-schema-graph\">{\"@context\":\"https:\\\/\\\/schema.org\",\"@graph\":[{\"@type\":\"Article\",\"@id\":\"https:\\\/\\\/www.lactissima.com\\\/a-tire-d-ailes\\\/allaitement-travail-temoignage-sarah-2\\\/#article\",\"isPartOf\":{\"@id\":\"https:\\\/\\\/www.lactissima.com\\\/a-tire-d-ailes\\\/allaitement-travail-temoignage-sarah-2\\\/\"},\"author\":{\"name\":\"V\u00e9ronique Darmangeat\",\"@id\":\"https:\\\/\\\/www.lactissima.com\\\/a-tire-d-ailes\\\/#\\\/schema\\\/person\\\/8f98d3a89530861bc1240e6d53d44eed\"},\"headline\":\"Allaitement et travail : le t\u00e9moignage de Sarah\",\"datePublished\":\"2013-11-01T16:55:55+00:00\",\"dateModified\":\"2014-03-15T14:19:57+00:00\",\"mainEntityOfPage\":{\"@id\":\"https:\\\/\\\/www.lactissima.com\\\/a-tire-d-ailes\\\/allaitement-travail-temoignage-sarah-2\\\/\"},\"wordCount\":506,\"commentCount\":0,\"image\":{\"@id\":\"https:\\\/\\\/www.lactissima.com\\\/a-tire-d-ailes\\\/allaitement-travail-temoignage-sarah-2\\\/#primaryimage\"},\"thumbnailUrl\":\"https:\\\/\\\/www.lactissima.com\\\/a-tire-d-ailes\\\/wp-content\\\/uploads\\\/2013\\\/11\\\/sarah.jpg\",\"keywords\":[\"Continuer l'allaitement apr\u00e8s la reprise du travail\"],\"articleSection\":[\"t\u00e9moignages\"],\"inLanguage\":\"fr-FR\",\"potentialAction\":[{\"@type\":\"CommentAction\",\"name\":\"Comment\",\"target\":[\"https:\\\/\\\/www.lactissima.com\\\/a-tire-d-ailes\\\/allaitement-travail-temoignage-sarah-2\\\/#respond\"]}]},{\"@type\":\"WebPage\",\"@id\":\"https:\\\/\\\/www.lactissima.com\\\/a-tire-d-ailes\\\/allaitement-travail-temoignage-sarah-2\\\/\",\"url\":\"https:\\\/\\\/www.lactissima.com\\\/a-tire-d-ailes\\\/allaitement-travail-temoignage-sarah-2\\\/\",\"name\":\"Allaitement et travail : le t\u00e9moignage de Sarah\",\"isPartOf\":{\"@id\":\"https:\\\/\\\/www.lactissima.com\\\/a-tire-d-ailes\\\/#website\"},\"primaryImageOfPage\":{\"@id\":\"https:\\\/\\\/www.lactissima.com\\\/a-tire-d-ailes\\\/allaitement-travail-temoignage-sarah-2\\\/#primaryimage\"},\"image\":{\"@id\":\"https:\\\/\\\/www.lactissima.com\\\/a-tire-d-ailes\\\/allaitement-travail-temoignage-sarah-2\\\/#primaryimage\"},\"thumbnailUrl\":\"https:\\\/\\\/www.lactissima.com\\\/a-tire-d-ailes\\\/wp-content\\\/uploads\\\/2013\\\/11\\\/sarah.jpg\",\"datePublished\":\"2013-11-01T16:55:55+00:00\",\"dateModified\":\"2014-03-15T14:19:57+00:00\",\"author\":{\"@id\":\"https:\\\/\\\/www.lactissima.com\\\/a-tire-d-ailes\\\/#\\\/schema\\\/person\\\/8f98d3a89530861bc1240e6d53d44eed\"},\"description\":\"Sarah a d\u00e9test\u00e9 tirer son lait et a donc arr\u00eat\u00e9 quand sa fille a pr\u00e9f\u00e9r\u00e9 les solides aux biberons.\",\"breadcrumb\":{\"@id\":\"https:\\\/\\\/www.lactissima.com\\\/a-tire-d-ailes\\\/allaitement-travail-temoignage-sarah-2\\\/#breadcrumb\"},\"inLanguage\":\"fr-FR\",\"potentialAction\":[{\"@type\":\"ReadAction\",\"target\":[\"https:\\\/\\\/www.lactissima.com\\\/a-tire-d-ailes\\\/allaitement-travail-temoignage-sarah-2\\\/\"]}]},{\"@type\":\"ImageObject\",\"inLanguage\":\"fr-FR\",\"@id\":\"https:\\\/\\\/www.lactissima.com\\\/a-tire-d-ailes\\\/allaitement-travail-temoignage-sarah-2\\\/#primaryimage\",\"url\":\"https:\\\/\\\/www.lactissima.com\\\/a-tire-d-ailes\\\/wp-content\\\/uploads\\\/2013\\\/11\\\/sarah.jpg\",\"contentUrl\":\"https:\\\/\\\/www.lactissima.com\\\/a-tire-d-ailes\\\/wp-content\\\/uploads\\\/2013\\\/11\\\/sarah.jpg\",\"width\":306,\"height\":288},{\"@type\":\"BreadcrumbList\",\"@id\":\"https:\\\/\\\/www.lactissima.com\\\/a-tire-d-ailes\\\/allaitement-travail-temoignage-sarah-2\\\/#breadcrumb\",\"itemListElement\":[{\"@type\":\"ListItem\",\"position\":1,\"name\":\"Accueil\",\"item\":\"https:\\\/\\\/www.lactissima.com\\\/a-tire-d-ailes\\\/\"},{\"@type\":\"ListItem\",\"position\":2,\"name\":\"Allaitement et travail : le t\u00e9moignage de Sarah\"}]},{\"@type\":\"WebSite\",\"@id\":\"https:\\\/\\\/www.lactissima.com\\\/a-tire-d-ailes\\\/#website\",\"url\":\"https:\\\/\\\/www.lactissima.com\\\/a-tire-d-ailes\\\/\",\"name\":\"A tire d&#039;Ailes\",\"description\":\"Le blog des femmes qui allaitent et travaillent.\",\"potentialAction\":[{\"@type\":\"SearchAction\",\"target\":{\"@type\":\"EntryPoint\",\"urlTemplate\":\"https:\\\/\\\/www.lactissima.com\\\/a-tire-d-ailes\\\/?s={search_term_string}\"},\"query-input\":{\"@type\":\"PropertyValueSpecification\",\"valueRequired\":true,\"valueName\":\"search_term_string\"}}],\"inLanguage\":\"fr-FR\"},{\"@type\":\"Person\",\"@id\":\"https:\\\/\\\/www.lactissima.com\\\/a-tire-d-ailes\\\/#\\\/schema\\\/person\\\/8f98d3a89530861bc1240e6d53d44eed\",\"name\":\"V\u00e9ronique Darmangeat\",\"image\":{\"@type\":\"ImageObject\",\"inLanguage\":\"fr-FR\",\"@id\":\"https:\\\/\\\/secure.gravatar.com\\\/avatar\\\/268c99344c89cebfe4f5df5fa8be43068a18884fc76a29f3206fae98465b9cab?s=96&d=identicon&r=g\",\"url\":\"https:\\\/\\\/secure.gravatar.com\\\/avatar\\\/268c99344c89cebfe4f5df5fa8be43068a18884fc76a29f3206fae98465b9cab?s=96&d=identicon&r=g\",\"contentUrl\":\"https:\\\/\\\/secure.gravatar.com\\\/avatar\\\/268c99344c89cebfe4f5df5fa8be43068a18884fc76a29f3206fae98465b9cab?s=96&d=identicon&r=g\",\"caption\":\"V\u00e9ronique Darmangeat\"},\"sameAs\":[\"https:\\\/\\\/www.lactissima.com\\\/a-tire-d-ailes\",\"www.facebook.com\\\/consultante.en.lactation\"]}]}<\/script>\n<!-- \/ Yoast SEO plugin. -->","yoast_head_json":{"title":"Allaitement et travail : le t\u00e9moignage de Sarah","description":"Sarah a d\u00e9test\u00e9 tirer son lait et a donc arr\u00eat\u00e9 quand sa fille a pr\u00e9f\u00e9r\u00e9 les solides aux biberons.","robots":{"index":"index","follow":"follow","max-snippet":"max-snippet:-1","max-image-preview":"max-image-preview:large","max-video-preview":"max-video-preview:-1"},"canonical":"https:\/\/www.lactissima.com\/a-tire-d-ailes\/allaitement-travail-temoignage-sarah-2\/","og_locale":"fr_FR","og_type":"article","og_title":"Allaitement et travail : le t\u00e9moignage de Sarah","og_description":"Sarah a d\u00e9test\u00e9 tirer son lait et a donc arr\u00eat\u00e9 quand sa fille a pr\u00e9f\u00e9r\u00e9 les solides aux biberons.","og_url":"https:\/\/www.lactissima.com\/a-tire-d-ailes\/allaitement-travail-temoignage-sarah-2\/","og_site_name":"A tire d&#039;Ailes","article_publisher":"https:\/\/www.facebook.com\/consultante.en.lactation","article_author":"www.facebook.com\/consultante.en.lactation","article_published_time":"2013-11-01T16:55:55+00:00","article_modified_time":"2014-03-15T14:19:57+00:00","og_image":[{"width":306,"height":288,"url":"https:\/\/www.lactissima.com\/a-tire-d-ailes\/wp-content\/uploads\/2013\/11\/sarah.jpg","type":"image\/jpeg"}],"author":"V\u00e9ronique Darmangeat","twitter_card":"summary_large_image","twitter_creator":"@VeroniqueIBCLC","twitter_site":"@VeroniqueIBCLC","twitter_misc":{"\u00c9crit par":"V\u00e9ronique Darmangeat","Dur\u00e9e de lecture estim\u00e9e":"2 minutes"},"schema":{"@context":"https:\/\/schema.org","@graph":[{"@type":"Article","@id":"https:\/\/www.lactissima.com\/a-tire-d-ailes\/allaitement-travail-temoignage-sarah-2\/#article","isPartOf":{"@id":"https:\/\/www.lactissima.com\/a-tire-d-ailes\/allaitement-travail-temoignage-sarah-2\/"},"author":{"name":"V\u00e9ronique Darmangeat","@id":"https:\/\/www.lactissima.com\/a-tire-d-ailes\/#\/schema\/person\/8f98d3a89530861bc1240e6d53d44eed"},"headline":"Allaitement et travail : le t\u00e9moignage de Sarah","datePublished":"2013-11-01T16:55:55+00:00","dateModified":"2014-03-15T14:19:57+00:00","mainEntityOfPage":{"@id":"https:\/\/www.lactissima.com\/a-tire-d-ailes\/allaitement-travail-temoignage-sarah-2\/"},"wordCount":506,"commentCount":0,"image":{"@id":"https:\/\/www.lactissima.com\/a-tire-d-ailes\/allaitement-travail-temoignage-sarah-2\/#primaryimage"},"thumbnailUrl":"https:\/\/www.lactissima.com\/a-tire-d-ailes\/wp-content\/uploads\/2013\/11\/sarah.jpg","keywords":["Continuer l'allaitement apr\u00e8s la reprise du travail"],"articleSection":["t\u00e9moignages"],"inLanguage":"fr-FR","potentialAction":[{"@type":"CommentAction","name":"Comment","target":["https:\/\/www.lactissima.com\/a-tire-d-ailes\/allaitement-travail-temoignage-sarah-2\/#respond"]}]},{"@type":"WebPage","@id":"https:\/\/www.lactissima.com\/a-tire-d-ailes\/allaitement-travail-temoignage-sarah-2\/","url":"https:\/\/www.lactissima.com\/a-tire-d-ailes\/allaitement-travail-temoignage-sarah-2\/","name":"Allaitement et travail : le t\u00e9moignage de Sarah","isPartOf":{"@id":"https:\/\/www.lactissima.com\/a-tire-d-ailes\/#website"},"primaryImageOfPage":{"@id":"https:\/\/www.lactissima.com\/a-tire-d-ailes\/allaitement-travail-temoignage-sarah-2\/#primaryimage"},"image":{"@id":"https:\/\/www.lactissima.com\/a-tire-d-ailes\/allaitement-travail-temoignage-sarah-2\/#primaryimage"},"thumbnailUrl":"https:\/\/www.lactissima.com\/a-tire-d-ailes\/wp-content\/uploads\/2013\/11\/sarah.jpg","datePublished":"2013-11-01T16:55:55+00:00","dateModified":"2014-03-15T14:19:57+00:00","author":{"@id":"https:\/\/www.lactissima.com\/a-tire-d-ailes\/#\/schema\/person\/8f98d3a89530861bc1240e6d53d44eed"},"description":"Sarah a d\u00e9test\u00e9 tirer son lait et a donc arr\u00eat\u00e9 quand sa fille a pr\u00e9f\u00e9r\u00e9 les solides aux biberons.","breadcrumb":{"@id":"https:\/\/www.lactissima.com\/a-tire-d-ailes\/allaitement-travail-temoignage-sarah-2\/#breadcrumb"},"inLanguage":"fr-FR","potentialAction":[{"@type":"ReadAction","target":["https:\/\/www.lactissima.com\/a-tire-d-ailes\/allaitement-travail-temoignage-sarah-2\/"]}]},{"@type":"ImageObject","inLanguage":"fr-FR","@id":"https:\/\/www.lactissima.com\/a-tire-d-ailes\/allaitement-travail-temoignage-sarah-2\/#primaryimage","url":"https:\/\/www.lactissima.com\/a-tire-d-ailes\/wp-content\/uploads\/2013\/11\/sarah.jpg","contentUrl":"https:\/\/www.lactissima.com\/a-tire-d-ailes\/wp-content\/uploads\/2013\/11\/sarah.jpg","width":306,"height":288},{"@type":"BreadcrumbList","@id":"https:\/\/www.lactissima.com\/a-tire-d-ailes\/allaitement-travail-temoignage-sarah-2\/#breadcrumb","itemListElement":[{"@type":"ListItem","position":1,"name":"Accueil","item":"https:\/\/www.lactissima.com\/a-tire-d-ailes\/"},{"@type":"ListItem","position":2,"name":"Allaitement et travail : le t\u00e9moignage de Sarah"}]},{"@type":"WebSite","@id":"https:\/\/www.lactissima.com\/a-tire-d-ailes\/#website","url":"https:\/\/www.lactissima.com\/a-tire-d-ailes\/","name":"A tire d&#039;Ailes","description":"Le blog des femmes qui allaitent et travaillent.","potentialAction":[{"@type":"SearchAction","target":{"@type":"EntryPoint","urlTemplate":"https:\/\/www.lactissima.com\/a-tire-d-ailes\/?s={search_term_string}"},"query-input":{"@type":"PropertyValueSpecification","valueRequired":true,"valueName":"search_term_string"}}],"inLanguage":"fr-FR"},{"@type":"Person","@id":"https:\/\/www.lactissima.com\/a-tire-d-ailes\/#\/schema\/person\/8f98d3a89530861bc1240e6d53d44eed","name":"V\u00e9ronique Darmangeat","image":{"@type":"ImageObject","inLanguage":"fr-FR","@id":"https:\/\/secure.gravatar.com\/avatar\/268c99344c89cebfe4f5df5fa8be43068a18884fc76a29f3206fae98465b9cab?s=96&d=identicon&r=g","url":"https:\/\/secure.gravatar.com\/avatar\/268c99344c89cebfe4f5df5fa8be43068a18884fc76a29f3206fae98465b9cab?s=96&d=identicon&r=g","contentUrl":"https:\/\/secure.gravatar.com\/avatar\/268c99344c89cebfe4f5df5fa8be43068a18884fc76a29f3206fae98465b9cab?s=96&d=identicon&r=g","caption":"V\u00e9ronique Darmangeat"},"sameAs":["https:\/\/www.lactissima.com\/a-tire-d-ailes","www.facebook.com\/consultante.en.lactation"]}]}},"_links":{"self":[{"href":"https:\/\/www.lactissima.com\/a-tire-d-ailes\/wp-json\/wp\/v2\/posts\/4901","targetHints":{"allow":["GET"]}}],"collection":[{"href":"https:\/\/www.lactissima.com\/a-tire-d-ailes\/wp-json\/wp\/v2\/posts"}],"about":[{"href":"https:\/\/www.lactissima.com\/a-tire-d-ailes\/wp-json\/wp\/v2\/types\/post"}],"author":[{"embeddable":true,"href":"https:\/\/www.lactissima.com\/a-tire-d-ailes\/wp-json\/wp\/v2\/users\/170"}],"replies":[{"embeddable":true,"href":"https:\/\/www.lactissima.com\/a-tire-d-ailes\/wp-json\/wp\/v2\/comments?post=4901"}],"version-history":[{"count":9,"href":"https:\/\/www.lactissima.com\/a-tire-d-ailes\/wp-json\/wp\/v2\/posts\/4901\/revisions"}],"predecessor-version":[{"id":5169,"href":"https:\/\/www.lactissima.com\/a-tire-d-ailes\/wp-json\/wp\/v2\/posts\/4901\/revisions\/5169"}],"wp:featuredmedia":[{"embeddable":true,"href":"https:\/\/www.lactissima.com\/a-tire-d-ailes\/wp-json\/wp\/v2\/media\/4912"}],"wp:attachment":[{"href":"https:\/\/www.lactissima.com\/a-tire-d-ailes\/wp-json\/wp\/v2\/media?parent=4901"}],"wp:term":[{"taxonomy":"category","embeddable":true,"href":"https:\/\/www.lactissima.com\/a-tire-d-ailes\/wp-json\/wp\/v2\/categories?post=4901"},{"taxonomy":"post_tag","embeddable":true,"href":"https:\/\/www.lactissima.com\/a-tire-d-ailes\/wp-json\/wp\/v2\/tags?post=4901"}],"curies":[{"name":"wp","href":"https:\/\/api.w.org\/{rel}","templated":true}]}}