{"id":4888,"date":"2013-10-24T09:53:12","date_gmt":"2013-10-24T07:53:12","guid":{"rendered":"https:\/\/www.lactissima.com\/a-tire-d-ailes\/?p=4888"},"modified":"2024-02-07T09:50:30","modified_gmt":"2024-02-07T08:50:30","slug":"revue-presse-da-tire-dailes-33","status":"publish","type":"post","link":"https:\/\/www.lactissima.com\/a-tire-d-ailes\/revue-presse-da-tire-dailes-33\/","title":{"rendered":"La revue de presse d&rsquo;A tire d&rsquo;Ailes (33)"},"content":{"rendered":"<p style=\"text-align: justify;\"><a href=\"https:\/\/www.lactissima.com\/a-tire-d-ailes\/wp-content\/uploads\/journal.jpg\"><img loading=\"lazy\" decoding=\"async\" class=\"alignright size-full wp-image-3483\" alt=\"revue de presse\" src=\"https:\/\/www.lactissima.com\/a-tire-d-ailes\/wp-content\/uploads\/journal.jpg\" width=\"336\" height=\"436\" srcset=\"https:\/\/www.lactissima.com\/a-tire-d-ailes\/wp-content\/uploads\/journal.jpg 336w, https:\/\/www.lactissima.com\/a-tire-d-ailes\/wp-content\/uploads\/journal-231x300.jpg 231w\" sizes=\"(max-width: 336px) 100vw, 336px\" \/><\/a>Voici l&rsquo;<strong>actualit\u00e9<\/strong> que j&rsquo;ai rep\u00e9r\u00e9e pour vous depuis un mois :<\/p>\n<p style=\"text-align: justify;\">&#8211; L&rsquo;allaitement s&rsquo;invite dans l&rsquo;entreprise :<\/p>\n<ul style=\"text-align: justify;\">\n<li>Les pauses allaitement sont rentables pour les travailleuses.<\/li>\n<li>Pour Laura Addati, sp\u00e9cialiste de la protection de la maternit\u00e9 \u00e0 l&rsquo;OIT (Organisation internationale du travail), l&rsquo;<a href=\"http:\/\/www.lavenir.net\/article\/detail.aspx?articleid=dmf20131002_00369094\" target=\"_blank\" rel=\"noopener noreferrer\">allaitement<\/a> maternel n&rsquo;est pas un obstacle \u00e0 la productivit\u00e9, au contraire.<\/li>\n<\/ul>\n<p style=\"text-align: justify;\">&#8211; On connait les effets b\u00e9n\u00e9fiques d&rsquo;une <a href=\"http:\/\/www.ncbi.nlm.nih.gov\/pubmed\/24101770\" target=\"_blank\" rel=\"noopener noreferrer\">fr\u00e9notomie<\/a> quand le frein de langue g\u00eane l&rsquo;allaitement. Mais c&rsquo;est toujours int\u00e9ressant d&rsquo;avoir des informations pr\u00e9cises de la recherche. L&rsquo;\u00e9quipe australienne du dr Hartmann s&rsquo;est pench\u00e9e sur la question en mesurant ce que le b\u00e9b\u00e9 arrivait \u00e0 boire avant et apr\u00e8s l&rsquo;intervention. Une belle d\u00e9monstration chiffr\u00e9e !<\/p>\n<p style=\"text-align: justify;\">&#8211; La semaine derni\u00e8re a eu lieu la semaine mondiale de l&rsquo;allaitement maternel. A cette occasion, la CoFAM a adress\u00e9 une lettre ouverte \u00e0 la ministre de la sant\u00e9 pour attirer son attention sur plusieurs points pour am\u00e9liorer le soutien des m\u00e8res qui choisissent l&rsquo;allaitement.<\/p>\n<p style=\"text-align: justify;\">&#8211; Petite r\u00e9flexion au sujet de l&rsquo;<a href=\"http:\/\/une-maman-lionne.tumblr.com\/post\/64033507538\/petite-reflexion-au-sujet-de-lallaitement-a-partir-de\" target=\"_blank\" rel=\"noopener noreferrer\">allaitement<\/a> \u00e0 partir de discours de type: \u00c2\u00abQuand on veut on peut !\u00c2\u00bb.<\/p>\n<p style=\"text-align: justify;\">&#8211; Qu&rsquo;est-ce que le <a href=\"http:\/\/www.mamaneprouvette.com\/2013\/10\/question-de-la-semaine-quest-ce-que-le.html\" target=\"_blank\" rel=\"noopener noreferrer\">r\u00e9flexe d&rsquo;\u00e9jection du lait dysphorique<\/a> ?<\/p>\n<p style=\"text-align: justify;\">&#8211; Des \u00e9tudes sur les effets de l&rsquo;allaitement :<\/p>\n<ul style=\"text-align: justify;\">\n<li><a href=\"http:\/\/www.passionsante.be\/index.cfm?fuseaction=art&amp;art_id=14383\" target=\"_blank\" rel=\"noopener noreferrer\">L&rsquo;allaitement maternel<\/a> favorise-t-il l&rsquo;ascension sociale ?<\/li>\n<li>Les b\u00e9b\u00e9s nourris au biberon deux fois plus touch\u00e9s par la st\u00e9nose du pylore.<\/li>\n<li>le r\u00f4le de <a href=\"http:\/\/www.ncbi.nlm.nih.gov\/pubmed\/24145926\" target=\"_blank\" rel=\"noopener noreferrer\">l&rsquo;allaitement<\/a> dans l&rsquo;acquisition de la sati\u00e9t\u00e9.<\/li>\n<li>Une prot\u00e9ine du <a href=\"http:\/\/www.mamaneprouvette.com\/2013\/10\/une-proteine-du-lait-maternel.html\" target=\"_blank\" rel=\"noopener noreferrer\">lait maternel<\/a> neutralise le VIH.<\/li>\n<li>L&rsquo;allaitement pour pr\u00e9venir le cancer du sein.<\/li>\n<li>Un gain de QI gr\u00e2ce \u00e0 l&rsquo;allaitement maternel ?<\/li>\n<\/ul>\n<p style=\"text-align: justify;\">&#8211; De magnifiques t\u00e9moignages de mamans :<\/p>\n<ul style=\"text-align: justify;\">\n<li>Une maman de <a href=\"http:\/\/bienvivrelallaitement.wordpress.com\/2013\/10\/01\/un-allaitement-comme-les-autres-fois-deux\/\" target=\"_blank\" rel=\"noopener noreferrer\">jumeaux allait\u00e9s<\/a>.<\/li>\n<li>Fumer rend mon <a href=\"http:\/\/bienvivrelallaitement.wordpress.com\/2013\/10\/02\/fumer-rend-mon-allaitement-encore-plus-important\/\" target=\"_blank\" rel=\"noopener noreferrer\">allaitement <\/a>encore plus important\u00e2\u20ac\u009d.<\/li>\n<li>\u00c2\u00ab <a href=\"http:\/\/bienvivrelallaitement.wordpress.com\/2013\/10\/04\/lallaitement-a-ete-ma-bouee-de-sauvetage\/\" target=\"_blank\" rel=\"noopener noreferrer\">L&rsquo;allaitement <\/a>a \u00e9t\u00e9 ma bou\u00e9e de sauvetage \u00c2\u00bb.<\/li>\n<\/ul>\n<p style=\"text-align: justify;\">&#8211; Une magnifique vid\u00e9o montrant deux petits jumeaux gorilles&#8230;allait\u00e9s \u00e9videmment.<\/p>\n<p style=\"text-align: justify;\">Bonne <strong>lecture<\/strong> ! Et surtout, n&rsquo;h\u00e9sitez pas \u00e0 nous faire <strong>partager<\/strong> vos d\u00e9couvertes <\/p>\n<p style=\"text-align: justify;\"><strong>Articles en rapport : <\/strong><\/p>\n<p style=\"text-align: justify;\">Voir l&rsquo;onglet <a title=\"Revues de presse\" href=\"https:\/\/www.lactissima.com\/a-tire-d-ailes\/revues-de-presse\/\" target=\"_blank\" rel=\"noopener noreferrer\">Revues de presse<\/a>.<\/p>\n<p>&nbsp;<\/p>\n","protected":false},"excerpt":{"rendered":"<p>Voici l&rsquo;actualit\u00e9 que j&rsquo;ai rep\u00e9r\u00e9e pour vous depuis un mois : &#8211; L&rsquo;allaitement s&rsquo;invite dans l&rsquo;entreprise : Les pauses allaitement sont rentables pour les travailleuses. Pour Laura Addati, sp\u00e9cialiste de la protection de la maternit\u00e9 \u00e0 l&rsquo;OIT (Organisation internationale du travail), l&rsquo;allaitement maternel n&rsquo;est pas un obstacle \u00e0 la productivit\u00e9, au contraire. &#8211; On connait [&hellip;]<\/p>\n","protected":false},"author":170,"featured_media":3483,"comment_status":"open","ping_status":"open","sticky":false,"template":"","format":"standard","meta":{"_et_pb_use_builder":"","_et_pb_old_content":"","_et_gb_content_width":"","footnotes":""},"categories":[242],"tags":[680,316,561,419,555,559,300,317,127,556,560,557,558],"class_list":["post-4888","post","type-post","status-publish","format-standard","has-post-thumbnail","hentry","category-revue-de-presse","tag-allaitement","tag-allaitement-maternel","tag-allaites","tag-cancer-du-sein","tag-frenotomie","tag-jumeaux-allaites","tag-lallaitement","tag-lallaitement-maternel","tag-lait-maternel","tag-ministre-de-la-sante","tag-pauses-allaitement","tag-reflexe-dejection-du-lait-dysphorique","tag-stenose-du-pylore"],"yoast_head":"<!-- This site is optimized with the Yoast SEO plugin v27.4 - https:\/\/yoast.com\/product\/yoast-seo-wordpress\/ -->\n<title>La revue de presse d&#039;A tire d&#039;Ailes (33)<\/title>\n<meta name=\"description\" content=\"Une revue de presse enrichie par la semaine mondiale de l&#039;allaitement maternel avec des \u00e9tudes, des t\u00e9moignages, une vid\u00e9o et o\u00f9 l&#039;on parle allaitement dans l&#039;entreprise.\" \/>\n<meta name=\"robots\" content=\"index, follow, max-snippet:-1, max-image-preview:large, max-video-preview:-1\" \/>\n<link rel=\"canonical\" href=\"https:\/\/www.lactissima.com\/a-tire-d-ailes\/revue-presse-da-tire-dailes-33\/\" \/>\n<meta property=\"og:locale\" content=\"fr_FR\" \/>\n<meta property=\"og:type\" content=\"article\" \/>\n<meta property=\"og:title\" content=\"La revue de presse d&#039;A tire d&#039;Ailes (33)\" \/>\n<meta property=\"og:description\" content=\"Une revue de presse enrichie par la semaine mondiale de l&#039;allaitement maternel avec des \u00e9tudes, des t\u00e9moignages, une vid\u00e9o et o\u00f9 l&#039;on parle allaitement dans l&#039;entreprise.\" \/>\n<meta property=\"og:url\" content=\"https:\/\/www.lactissima.com\/a-tire-d-ailes\/revue-presse-da-tire-dailes-33\/\" \/>\n<meta property=\"og:site_name\" content=\"A tire d&#039;Ailes\" \/>\n<meta property=\"article:publisher\" content=\"https:\/\/www.facebook.com\/consultante.en.lactation\" \/>\n<meta property=\"article:author\" content=\"www.facebook.com\/consultante.en.lactation\" \/>\n<meta property=\"article:published_time\" content=\"2013-10-24T07:53:12+00:00\" \/>\n<meta property=\"article:modified_time\" content=\"2024-02-07T08:50:30+00:00\" \/>\n<meta property=\"og:image\" content=\"https:\/\/www.lactissima.com\/a-tire-d-ailes\/wp-content\/uploads\/journal.jpg\" \/>\n\t<meta property=\"og:image:width\" content=\"336\" \/>\n\t<meta property=\"og:image:height\" content=\"436\" \/>\n\t<meta property=\"og:image:type\" content=\"image\/jpeg\" \/>\n<meta name=\"author\" content=\"V\u00e9ronique Darmangeat\" \/>\n<meta name=\"twitter:card\" content=\"summary_large_image\" \/>\n<meta name=\"twitter:creator\" content=\"@VeroniqueIBCLC\" \/>\n<meta name=\"twitter:site\" content=\"@VeroniqueIBCLC\" \/>\n<meta name=\"twitter:label1\" content=\"\u00c9crit par\" \/>\n\t<meta name=\"twitter:data1\" content=\"V\u00e9ronique Darmangeat\" \/>\n\t<meta name=\"twitter:label2\" content=\"Dur\u00e9e de lecture estim\u00e9e\" \/>\n\t<meta name=\"twitter:data2\" content=\"2 minutes\" \/>\n<script type=\"application\/ld+json\" class=\"yoast-schema-graph\">{\"@context\":\"https:\\\/\\\/schema.org\",\"@graph\":[{\"@type\":\"Article\",\"@id\":\"https:\\\/\\\/www.lactissima.com\\\/a-tire-d-ailes\\\/revue-presse-da-tire-dailes-33\\\/#article\",\"isPartOf\":{\"@id\":\"https:\\\/\\\/www.lactissima.com\\\/a-tire-d-ailes\\\/revue-presse-da-tire-dailes-33\\\/\"},\"author\":{\"name\":\"V\u00e9ronique Darmangeat\",\"@id\":\"https:\\\/\\\/www.lactissima.com\\\/a-tire-d-ailes\\\/#\\\/schema\\\/person\\\/8f98d3a89530861bc1240e6d53d44eed\"},\"headline\":\"La revue de presse d&rsquo;A tire d&rsquo;Ailes (33)\",\"datePublished\":\"2013-10-24T07:53:12+00:00\",\"dateModified\":\"2024-02-07T08:50:30+00:00\",\"mainEntityOfPage\":{\"@id\":\"https:\\\/\\\/www.lactissima.com\\\/a-tire-d-ailes\\\/revue-presse-da-tire-dailes-33\\\/\"},\"wordCount\":358,\"commentCount\":0,\"image\":{\"@id\":\"https:\\\/\\\/www.lactissima.com\\\/a-tire-d-ailes\\\/revue-presse-da-tire-dailes-33\\\/#primaryimage\"},\"thumbnailUrl\":\"https:\\\/\\\/www.lactissima.com\\\/a-tire-d-ailes\\\/wp-content\\\/uploads\\\/journal.jpg\",\"keywords\":[\"Allaitement\",\"allaitement maternel\",\"allait\u00e9s\",\"cancer du sein\",\"fr\u00e9notomie\",\"jumeaux allait\u00e9s\",\"l'allaitement\",\"l'allaitement maternel\",\"lait maternel\",\"ministre de la sant\u00e9\",\"pauses allaitement\",\"r\u00e9flexe d'\u00e9jection du lait dysphorique\",\"st\u00e9nose du pylore\"],\"articleSection\":[\"Revue de presse\"],\"inLanguage\":\"fr-FR\",\"potentialAction\":[{\"@type\":\"CommentAction\",\"name\":\"Comment\",\"target\":[\"https:\\\/\\\/www.lactissima.com\\\/a-tire-d-ailes\\\/revue-presse-da-tire-dailes-33\\\/#respond\"]}]},{\"@type\":\"WebPage\",\"@id\":\"https:\\\/\\\/www.lactissima.com\\\/a-tire-d-ailes\\\/revue-presse-da-tire-dailes-33\\\/\",\"url\":\"https:\\\/\\\/www.lactissima.com\\\/a-tire-d-ailes\\\/revue-presse-da-tire-dailes-33\\\/\",\"name\":\"La revue de presse d'A tire d'Ailes (33)\",\"isPartOf\":{\"@id\":\"https:\\\/\\\/www.lactissima.com\\\/a-tire-d-ailes\\\/#website\"},\"primaryImageOfPage\":{\"@id\":\"https:\\\/\\\/www.lactissima.com\\\/a-tire-d-ailes\\\/revue-presse-da-tire-dailes-33\\\/#primaryimage\"},\"image\":{\"@id\":\"https:\\\/\\\/www.lactissima.com\\\/a-tire-d-ailes\\\/revue-presse-da-tire-dailes-33\\\/#primaryimage\"},\"thumbnailUrl\":\"https:\\\/\\\/www.lactissima.com\\\/a-tire-d-ailes\\\/wp-content\\\/uploads\\\/journal.jpg\",\"datePublished\":\"2013-10-24T07:53:12+00:00\",\"dateModified\":\"2024-02-07T08:50:30+00:00\",\"author\":{\"@id\":\"https:\\\/\\\/www.lactissima.com\\\/a-tire-d-ailes\\\/#\\\/schema\\\/person\\\/8f98d3a89530861bc1240e6d53d44eed\"},\"description\":\"Une revue de presse enrichie par la semaine mondiale de l'allaitement maternel avec des \u00e9tudes, des t\u00e9moignages, une vid\u00e9o et o\u00f9 l'on parle allaitement dans l'entreprise.\",\"breadcrumb\":{\"@id\":\"https:\\\/\\\/www.lactissima.com\\\/a-tire-d-ailes\\\/revue-presse-da-tire-dailes-33\\\/#breadcrumb\"},\"inLanguage\":\"fr-FR\",\"potentialAction\":[{\"@type\":\"ReadAction\",\"target\":[\"https:\\\/\\\/www.lactissima.com\\\/a-tire-d-ailes\\\/revue-presse-da-tire-dailes-33\\\/\"]}]},{\"@type\":\"ImageObject\",\"inLanguage\":\"fr-FR\",\"@id\":\"https:\\\/\\\/www.lactissima.com\\\/a-tire-d-ailes\\\/revue-presse-da-tire-dailes-33\\\/#primaryimage\",\"url\":\"https:\\\/\\\/www.lactissima.com\\\/a-tire-d-ailes\\\/wp-content\\\/uploads\\\/journal.jpg\",\"contentUrl\":\"https:\\\/\\\/www.lactissima.com\\\/a-tire-d-ailes\\\/wp-content\\\/uploads\\\/journal.jpg\",\"width\":\"336\",\"height\":\"436\"},{\"@type\":\"BreadcrumbList\",\"@id\":\"https:\\\/\\\/www.lactissima.com\\\/a-tire-d-ailes\\\/revue-presse-da-tire-dailes-33\\\/#breadcrumb\",\"itemListElement\":[{\"@type\":\"ListItem\",\"position\":1,\"name\":\"Accueil\",\"item\":\"https:\\\/\\\/www.lactissima.com\\\/a-tire-d-ailes\\\/\"},{\"@type\":\"ListItem\",\"position\":2,\"name\":\"La revue de presse d&rsquo;A tire d&rsquo;Ailes (33)\"}]},{\"@type\":\"WebSite\",\"@id\":\"https:\\\/\\\/www.lactissima.com\\\/a-tire-d-ailes\\\/#website\",\"url\":\"https:\\\/\\\/www.lactissima.com\\\/a-tire-d-ailes\\\/\",\"name\":\"A tire d&#039;Ailes\",\"description\":\"Le blog des femmes qui allaitent et travaillent.\",\"potentialAction\":[{\"@type\":\"SearchAction\",\"target\":{\"@type\":\"EntryPoint\",\"urlTemplate\":\"https:\\\/\\\/www.lactissima.com\\\/a-tire-d-ailes\\\/?s={search_term_string}\"},\"query-input\":{\"@type\":\"PropertyValueSpecification\",\"valueRequired\":true,\"valueName\":\"search_term_string\"}}],\"inLanguage\":\"fr-FR\"},{\"@type\":\"Person\",\"@id\":\"https:\\\/\\\/www.lactissima.com\\\/a-tire-d-ailes\\\/#\\\/schema\\\/person\\\/8f98d3a89530861bc1240e6d53d44eed\",\"name\":\"V\u00e9ronique Darmangeat\",\"image\":{\"@type\":\"ImageObject\",\"inLanguage\":\"fr-FR\",\"@id\":\"https:\\\/\\\/secure.gravatar.com\\\/avatar\\\/268c99344c89cebfe4f5df5fa8be43068a18884fc76a29f3206fae98465b9cab?s=96&d=identicon&r=g\",\"url\":\"https:\\\/\\\/secure.gravatar.com\\\/avatar\\\/268c99344c89cebfe4f5df5fa8be43068a18884fc76a29f3206fae98465b9cab?s=96&d=identicon&r=g\",\"contentUrl\":\"https:\\\/\\\/secure.gravatar.com\\\/avatar\\\/268c99344c89cebfe4f5df5fa8be43068a18884fc76a29f3206fae98465b9cab?s=96&d=identicon&r=g\",\"caption\":\"V\u00e9ronique Darmangeat\"},\"sameAs\":[\"https:\\\/\\\/www.lactissima.com\\\/a-tire-d-ailes\",\"www.facebook.com\\\/consultante.en.lactation\"]}]}<\/script>\n<!-- \/ Yoast SEO plugin. -->","yoast_head_json":{"title":"La revue de presse d'A tire d'Ailes (33)","description":"Une revue de presse enrichie par la semaine mondiale de l'allaitement maternel avec des \u00e9tudes, des t\u00e9moignages, une vid\u00e9o et o\u00f9 l'on parle allaitement dans l'entreprise.","robots":{"index":"index","follow":"follow","max-snippet":"max-snippet:-1","max-image-preview":"max-image-preview:large","max-video-preview":"max-video-preview:-1"},"canonical":"https:\/\/www.lactissima.com\/a-tire-d-ailes\/revue-presse-da-tire-dailes-33\/","og_locale":"fr_FR","og_type":"article","og_title":"La revue de presse d'A tire d'Ailes (33)","og_description":"Une revue de presse enrichie par la semaine mondiale de l'allaitement maternel avec des \u00e9tudes, des t\u00e9moignages, une vid\u00e9o et o\u00f9 l'on parle allaitement dans l'entreprise.","og_url":"https:\/\/www.lactissima.com\/a-tire-d-ailes\/revue-presse-da-tire-dailes-33\/","og_site_name":"A tire d&#039;Ailes","article_publisher":"https:\/\/www.facebook.com\/consultante.en.lactation","article_author":"www.facebook.com\/consultante.en.lactation","article_published_time":"2013-10-24T07:53:12+00:00","article_modified_time":"2024-02-07T08:50:30+00:00","og_image":[{"width":336,"height":436,"url":"https:\/\/www.lactissima.com\/a-tire-d-ailes\/wp-content\/uploads\/journal.jpg","type":"image\/jpeg"}],"author":"V\u00e9ronique Darmangeat","twitter_card":"summary_large_image","twitter_creator":"@VeroniqueIBCLC","twitter_site":"@VeroniqueIBCLC","twitter_misc":{"\u00c9crit par":"V\u00e9ronique Darmangeat","Dur\u00e9e de lecture estim\u00e9e":"2 minutes"},"schema":{"@context":"https:\/\/schema.org","@graph":[{"@type":"Article","@id":"https:\/\/www.lactissima.com\/a-tire-d-ailes\/revue-presse-da-tire-dailes-33\/#article","isPartOf":{"@id":"https:\/\/www.lactissima.com\/a-tire-d-ailes\/revue-presse-da-tire-dailes-33\/"},"author":{"name":"V\u00e9ronique Darmangeat","@id":"https:\/\/www.lactissima.com\/a-tire-d-ailes\/#\/schema\/person\/8f98d3a89530861bc1240e6d53d44eed"},"headline":"La revue de presse d&rsquo;A tire d&rsquo;Ailes (33)","datePublished":"2013-10-24T07:53:12+00:00","dateModified":"2024-02-07T08:50:30+00:00","mainEntityOfPage":{"@id":"https:\/\/www.lactissima.com\/a-tire-d-ailes\/revue-presse-da-tire-dailes-33\/"},"wordCount":358,"commentCount":0,"image":{"@id":"https:\/\/www.lactissima.com\/a-tire-d-ailes\/revue-presse-da-tire-dailes-33\/#primaryimage"},"thumbnailUrl":"https:\/\/www.lactissima.com\/a-tire-d-ailes\/wp-content\/uploads\/journal.jpg","keywords":["Allaitement","allaitement maternel","allait\u00e9s","cancer du sein","fr\u00e9notomie","jumeaux allait\u00e9s","l'allaitement","l'allaitement maternel","lait maternel","ministre de la sant\u00e9","pauses allaitement","r\u00e9flexe d'\u00e9jection du lait dysphorique","st\u00e9nose du pylore"],"articleSection":["Revue de presse"],"inLanguage":"fr-FR","potentialAction":[{"@type":"CommentAction","name":"Comment","target":["https:\/\/www.lactissima.com\/a-tire-d-ailes\/revue-presse-da-tire-dailes-33\/#respond"]}]},{"@type":"WebPage","@id":"https:\/\/www.lactissima.com\/a-tire-d-ailes\/revue-presse-da-tire-dailes-33\/","url":"https:\/\/www.lactissima.com\/a-tire-d-ailes\/revue-presse-da-tire-dailes-33\/","name":"La revue de presse d'A tire d'Ailes (33)","isPartOf":{"@id":"https:\/\/www.lactissima.com\/a-tire-d-ailes\/#website"},"primaryImageOfPage":{"@id":"https:\/\/www.lactissima.com\/a-tire-d-ailes\/revue-presse-da-tire-dailes-33\/#primaryimage"},"image":{"@id":"https:\/\/www.lactissima.com\/a-tire-d-ailes\/revue-presse-da-tire-dailes-33\/#primaryimage"},"thumbnailUrl":"https:\/\/www.lactissima.com\/a-tire-d-ailes\/wp-content\/uploads\/journal.jpg","datePublished":"2013-10-24T07:53:12+00:00","dateModified":"2024-02-07T08:50:30+00:00","author":{"@id":"https:\/\/www.lactissima.com\/a-tire-d-ailes\/#\/schema\/person\/8f98d3a89530861bc1240e6d53d44eed"},"description":"Une revue de presse enrichie par la semaine mondiale de l'allaitement maternel avec des \u00e9tudes, des t\u00e9moignages, une vid\u00e9o et o\u00f9 l'on parle allaitement dans l'entreprise.","breadcrumb":{"@id":"https:\/\/www.lactissima.com\/a-tire-d-ailes\/revue-presse-da-tire-dailes-33\/#breadcrumb"},"inLanguage":"fr-FR","potentialAction":[{"@type":"ReadAction","target":["https:\/\/www.lactissima.com\/a-tire-d-ailes\/revue-presse-da-tire-dailes-33\/"]}]},{"@type":"ImageObject","inLanguage":"fr-FR","@id":"https:\/\/www.lactissima.com\/a-tire-d-ailes\/revue-presse-da-tire-dailes-33\/#primaryimage","url":"https:\/\/www.lactissima.com\/a-tire-d-ailes\/wp-content\/uploads\/journal.jpg","contentUrl":"https:\/\/www.lactissima.com\/a-tire-d-ailes\/wp-content\/uploads\/journal.jpg","width":"336","height":"436"},{"@type":"BreadcrumbList","@id":"https:\/\/www.lactissima.com\/a-tire-d-ailes\/revue-presse-da-tire-dailes-33\/#breadcrumb","itemListElement":[{"@type":"ListItem","position":1,"name":"Accueil","item":"https:\/\/www.lactissima.com\/a-tire-d-ailes\/"},{"@type":"ListItem","position":2,"name":"La revue de presse d&rsquo;A tire d&rsquo;Ailes (33)"}]},{"@type":"WebSite","@id":"https:\/\/www.lactissima.com\/a-tire-d-ailes\/#website","url":"https:\/\/www.lactissima.com\/a-tire-d-ailes\/","name":"A tire d&#039;Ailes","description":"Le blog des femmes qui allaitent et travaillent.","potentialAction":[{"@type":"SearchAction","target":{"@type":"EntryPoint","urlTemplate":"https:\/\/www.lactissima.com\/a-tire-d-ailes\/?s={search_term_string}"},"query-input":{"@type":"PropertyValueSpecification","valueRequired":true,"valueName":"search_term_string"}}],"inLanguage":"fr-FR"},{"@type":"Person","@id":"https:\/\/www.lactissima.com\/a-tire-d-ailes\/#\/schema\/person\/8f98d3a89530861bc1240e6d53d44eed","name":"V\u00e9ronique Darmangeat","image":{"@type":"ImageObject","inLanguage":"fr-FR","@id":"https:\/\/secure.gravatar.com\/avatar\/268c99344c89cebfe4f5df5fa8be43068a18884fc76a29f3206fae98465b9cab?s=96&d=identicon&r=g","url":"https:\/\/secure.gravatar.com\/avatar\/268c99344c89cebfe4f5df5fa8be43068a18884fc76a29f3206fae98465b9cab?s=96&d=identicon&r=g","contentUrl":"https:\/\/secure.gravatar.com\/avatar\/268c99344c89cebfe4f5df5fa8be43068a18884fc76a29f3206fae98465b9cab?s=96&d=identicon&r=g","caption":"V\u00e9ronique Darmangeat"},"sameAs":["https:\/\/www.lactissima.com\/a-tire-d-ailes","www.facebook.com\/consultante.en.lactation"]}]}},"_links":{"self":[{"href":"https:\/\/www.lactissima.com\/a-tire-d-ailes\/wp-json\/wp\/v2\/posts\/4888","targetHints":{"allow":["GET"]}}],"collection":[{"href":"https:\/\/www.lactissima.com\/a-tire-d-ailes\/wp-json\/wp\/v2\/posts"}],"about":[{"href":"https:\/\/www.lactissima.com\/a-tire-d-ailes\/wp-json\/wp\/v2\/types\/post"}],"author":[{"embeddable":true,"href":"https:\/\/www.lactissima.com\/a-tire-d-ailes\/wp-json\/wp\/v2\/users\/170"}],"replies":[{"embeddable":true,"href":"https:\/\/www.lactissima.com\/a-tire-d-ailes\/wp-json\/wp\/v2\/comments?post=4888"}],"version-history":[{"count":15,"href":"https:\/\/www.lactissima.com\/a-tire-d-ailes\/wp-json\/wp\/v2\/posts\/4888\/revisions"}],"predecessor-version":[{"id":9484,"href":"https:\/\/www.lactissima.com\/a-tire-d-ailes\/wp-json\/wp\/v2\/posts\/4888\/revisions\/9484"}],"wp:featuredmedia":[{"embeddable":true,"href":"https:\/\/www.lactissima.com\/a-tire-d-ailes\/wp-json\/wp\/v2\/media\/3483"}],"wp:attachment":[{"href":"https:\/\/www.lactissima.com\/a-tire-d-ailes\/wp-json\/wp\/v2\/media?parent=4888"}],"wp:term":[{"taxonomy":"category","embeddable":true,"href":"https:\/\/www.lactissima.com\/a-tire-d-ailes\/wp-json\/wp\/v2\/categories?post=4888"},{"taxonomy":"post_tag","embeddable":true,"href":"https:\/\/www.lactissima.com\/a-tire-d-ailes\/wp-json\/wp\/v2\/tags?post=4888"}],"curies":[{"name":"wp","href":"https:\/\/api.w.org\/{rel}","templated":true}]}}