{"id":4880,"date":"2013-10-19T09:53:57","date_gmt":"2013-10-19T07:53:57","guid":{"rendered":"https:\/\/www.lactissima.com\/a-tire-d-ailes\/?p=4880"},"modified":"2016-08-03T19:13:01","modified_gmt":"2016-08-03T17:13:01","slug":"conservation-du-lait","status":"publish","type":"post","link":"https:\/\/www.lactissima.com\/a-tire-d-ailes\/conservation-du-lait\/","title":{"rendered":"Faut-il mentir \u00e0 la cr\u00e8che ?"},"content":{"rendered":"<p style=\"text-align: justify;\"><a href=\"https:\/\/www.lactissima.com\/a-tire-d-ailes\/wp-content\/uploads\/2013\/10\/conservation-du-lait-maternel.jpg\"><img loading=\"lazy\" decoding=\"async\" class=\"alignright size-full wp-image-4882\" src=\"https:\/\/www.lactissima.com\/a-tire-d-ailes\/wp-content\/uploads\/2013\/10\/conservation-du-lait-maternel.jpg\" alt=\"conservation du lait\" width=\"195\" height=\"260\" \/><\/a>Sous ce titre un peu racoleur, je voudrais aborder aujourd&rsquo;hui un sujet d\u00e9licat : que faire lorsque les conditions exig\u00e9es par la cr\u00e8che (ou l&rsquo;assistante maternelle ) pour la <a title=\"conservation lait maternel\" href=\"https:\/\/www.lactissima.com\/a-tire-d-ailes\/conservation-lait-maternel\/\" target=\"_blank\">conservation du lait maternel<\/a> sont draconiennes ?<\/p>\n<p style=\"text-align: justify;\">En effet, nous avons vu dans les articles sur la <a title=\"conservation du lait\" href=\"https:\/\/www.lactissima.com\/a-tire-d-ailes\/la-conservation-du-lait-maternel\/\" target=\"_blank\">conservation du lait<\/a> que le lait maternel est un produit tr\u00e8s stable, qui se conserve tr\u00e8s bien.<br \/>\nCertains lieux d&rsquo;accueil des b\u00e9b\u00e9s <strong>exigent<\/strong> que le lait donn\u00e9 \u00e0 la cr\u00e8che soit tir\u00e9 le jour m\u00eame, voir m\u00eame sur place. Ils jettent alors le lait fourni et non bu par le b\u00e9b\u00e9, alors m\u00eame que certains biberons n&rsquo;ont pas \u00e9t\u00e9 entam\u00e9s.<br \/>\nCes exigences sont inutiles car le lait maternel se conserve beaucoup mieux que \u00e7a.<br \/>\nPour les m\u00e8res qui veulent que leur b\u00e9b\u00e9 puisse boire uniquement leur lait, ces conditions sont tout \u00e0 fait <strong>hors de mesure<\/strong>. Dans les faits, il est alors impossible de donner exclusivement du lait maternel \u00e0 son b\u00e9b\u00e9.<\/p>\n<p style=\"text-align: justify;\">Je pr\u00eache en g\u00e9n\u00e9ral le <strong>dialogue<\/strong> avec les personnes qui s&rsquo;occupent du b\u00e9b\u00e9 car la majorit\u00e9 des situations compliqu\u00e9es se r\u00e9solvent bien gr\u00e2ce \u00e0 une discussion franche.<br \/>\nMais dans ce genre de cas, le personnel refuse le plus souvent de passer outre le <strong>protocole<\/strong> mis en place.<\/p>\n<p style=\"text-align: justify;\">Or, qui va boire le lait maternel fourni par une m\u00e8re \u00e0 la cr\u00e8che ? Son b\u00e9b\u00e9 et uniquement lui ! Les parents sont donc enti\u00e8rement <strong>responsables<\/strong> du lait fourni pour la sant\u00e9 de leur enfant. Dans ce cas, o\u00f9 est le danger ? Les parents ne cherchent jamais \u00e0 empoisonner leur b\u00e9b\u00e9&#8230;<br \/>\nIl me semble donc logique que ce soient les parents qui d\u00e9cident quelles <a href=\"https:\/\/www.lactissima.com\/a-tire-d-ailes\/la-conservation-du-lait-maternel\/\" target=\"_blank\">recommandations de conservation du lait<\/a> maternel suivre.<\/p>\n<p style=\"text-align: justify;\">Dans les faits, certains parents essaient de convaincre le personnel d&rsquo;accepter une plus grande souplesse de conservation du lait et lorsqu&rsquo;ils se heurtent \u00e0 un refus, d\u00e9cident de <strong>mentir<\/strong> d\u00e9lib\u00e9r\u00e9ment \u00e0 la cr\u00e8che (ou \u00e0 l&rsquo;assistante maternelle) sur ce point pr\u00e9cis.<br \/>\nIls peuvent alors exiger de r\u00e9cup\u00e9rer les biberons non bus le soir sous pr\u00e9texte de les utiliser \u00e0 la maison&#8230;et juste changer l&rsquo;\u00e9tiquette de date de tirage pour le lendemain. De mani\u00e8re g\u00e9n\u00e9rale, ils disent \u00e0 la cr\u00e8che ce qu&rsquo;elle veut entendre et g\u00e8rent eux-m\u00eame les temps de conservation du lait.<\/p>\n<p style=\"text-align: justify;\">Quel est alors le probl\u00e8me ? A mon sens aucun car personne n&rsquo;est mis en danger&#8230;<br \/>\nEt <strong>vous<\/strong>, qu&rsquo;en pensez-vous ?<\/p>\n<p style=\"text-align: justify;\"><strong>Articles en rapport :<\/strong><\/p>\n<ul>\n<li><a title=\"Controverse sur les temps de conservation du lait maternel\" href=\"https:\/\/www.lactissima.com\/a-tire-d-ailes\/conservation-lait-maternel\/\" target=\"_blank\">Controverse sur les temps de conservation du lait maternel<\/a><\/li>\n<li><a href=\"https:\/\/www.lactissima.com\/a-tire-d-ailes\/la-conservation-du-lait-maternel\/\" target=\"_blank\">La conservation du lait maternel<\/a><\/li>\n<\/ul>\n","protected":false},"excerpt":{"rendered":"<p>Sous ce titre un peu racoleur, je voudrais aborder aujourd&rsquo;hui un sujet d\u00e9licat : que faire lorsque les conditions exig\u00e9es par la cr\u00e8che (ou l&rsquo;assistante maternelle ) pour la conservation du lait maternel sont draconiennes ? En effet, nous avons vu dans les articles sur la conservation du lait que le lait maternel est un [&hellip;]<\/p>\n","protected":false},"author":170,"featured_media":4882,"comment_status":"open","ping_status":"open","sticky":false,"template":"","format":"standard","meta":{"_et_pb_use_builder":"","_et_pb_old_content":"","_et_gb_content_width":"","footnotes":""},"categories":[36,712],"tags":[212,396,554],"class_list":["post-4880","post","type-post","status-publish","format-standard","has-post-thumbnail","hentry","category-allaitement-et-travail","category-mode-de-garde","tag-conservation-du-lait","tag-conservation-du-lait-maternel","tag-recommandations-de-conservation-du-lait"],"yoast_head":"<!-- This site is optimized with the Yoast SEO plugin v27.4 - https:\/\/yoast.com\/product\/yoast-seo-wordpress\/ -->\n<title>conservation du lait<\/title>\n<meta name=\"description\" content=\"Quelle attitude adopter lorsque la cr\u00e8che a des exigences d\u00e9mesur\u00e9es pour la conservation du lait maternel ?\" \/>\n<meta name=\"robots\" content=\"index, follow, max-snippet:-1, max-image-preview:large, max-video-preview:-1\" \/>\n<link rel=\"canonical\" href=\"https:\/\/www.lactissima.com\/a-tire-d-ailes\/conservation-du-lait\/\" \/>\n<meta property=\"og:locale\" content=\"fr_FR\" \/>\n<meta property=\"og:type\" content=\"article\" \/>\n<meta property=\"og:title\" content=\"conservation du lait\" \/>\n<meta property=\"og:description\" content=\"Quelle attitude adopter lorsque la cr\u00e8che a des exigences d\u00e9mesur\u00e9es pour la conservation du lait maternel ?\" \/>\n<meta property=\"og:url\" content=\"https:\/\/www.lactissima.com\/a-tire-d-ailes\/conservation-du-lait\/\" \/>\n<meta property=\"og:site_name\" content=\"A tire d&#039;Ailes\" \/>\n<meta property=\"article:publisher\" content=\"https:\/\/www.facebook.com\/consultante.en.lactation\" \/>\n<meta property=\"article:author\" content=\"www.facebook.com\/consultante.en.lactation\" \/>\n<meta property=\"article:published_time\" content=\"2013-10-19T07:53:57+00:00\" \/>\n<meta property=\"article:modified_time\" content=\"2016-08-03T17:13:01+00:00\" \/>\n<meta property=\"og:image\" content=\"https:\/\/www.lactissima.com\/a-tire-d-ailes\/wp-content\/uploads\/2013\/10\/conservation-du-lait-maternel.jpg\" \/>\n\t<meta property=\"og:image:width\" content=\"195\" \/>\n\t<meta property=\"og:image:height\" content=\"260\" \/>\n\t<meta property=\"og:image:type\" content=\"image\/jpeg\" \/>\n<meta name=\"author\" content=\"V\u00e9ronique Darmangeat\" \/>\n<meta name=\"twitter:card\" content=\"summary_large_image\" \/>\n<meta name=\"twitter:creator\" content=\"@VeroniqueIBCLC\" \/>\n<meta name=\"twitter:site\" content=\"@VeroniqueIBCLC\" \/>\n<meta name=\"twitter:label1\" content=\"\u00c9crit par\" \/>\n\t<meta name=\"twitter:data1\" content=\"V\u00e9ronique Darmangeat\" \/>\n\t<meta name=\"twitter:label2\" content=\"Dur\u00e9e de lecture estim\u00e9e\" \/>\n\t<meta name=\"twitter:data2\" content=\"2 minutes\" \/>\n<script type=\"application\/ld+json\" class=\"yoast-schema-graph\">{\"@context\":\"https:\\\/\\\/schema.org\",\"@graph\":[{\"@type\":\"Article\",\"@id\":\"https:\\\/\\\/www.lactissima.com\\\/a-tire-d-ailes\\\/conservation-du-lait\\\/#article\",\"isPartOf\":{\"@id\":\"https:\\\/\\\/www.lactissima.com\\\/a-tire-d-ailes\\\/conservation-du-lait\\\/\"},\"author\":{\"name\":\"V\u00e9ronique Darmangeat\",\"@id\":\"https:\\\/\\\/www.lactissima.com\\\/a-tire-d-ailes\\\/#\\\/schema\\\/person\\\/8f98d3a89530861bc1240e6d53d44eed\"},\"headline\":\"Faut-il mentir \u00e0 la cr\u00e8che ?\",\"datePublished\":\"2013-10-19T07:53:57+00:00\",\"dateModified\":\"2016-08-03T17:13:01+00:00\",\"mainEntityOfPage\":{\"@id\":\"https:\\\/\\\/www.lactissima.com\\\/a-tire-d-ailes\\\/conservation-du-lait\\\/\"},\"wordCount\":452,\"commentCount\":52,\"image\":{\"@id\":\"https:\\\/\\\/www.lactissima.com\\\/a-tire-d-ailes\\\/conservation-du-lait\\\/#primaryimage\"},\"thumbnailUrl\":\"https:\\\/\\\/www.lactissima.com\\\/a-tire-d-ailes\\\/wp-content\\\/uploads\\\/2013\\\/10\\\/conservation-du-lait-maternel.jpg\",\"keywords\":[\"conservation du lait\",\"conservation du lait maternel\",\"recommandations de conservation du lait\"],\"articleSection\":[\"Allaitement et Travail\",\"Mode de garde\"],\"inLanguage\":\"fr-FR\",\"potentialAction\":[{\"@type\":\"CommentAction\",\"name\":\"Comment\",\"target\":[\"https:\\\/\\\/www.lactissima.com\\\/a-tire-d-ailes\\\/conservation-du-lait\\\/#respond\"]}]},{\"@type\":\"WebPage\",\"@id\":\"https:\\\/\\\/www.lactissima.com\\\/a-tire-d-ailes\\\/conservation-du-lait\\\/\",\"url\":\"https:\\\/\\\/www.lactissima.com\\\/a-tire-d-ailes\\\/conservation-du-lait\\\/\",\"name\":\"conservation du lait\",\"isPartOf\":{\"@id\":\"https:\\\/\\\/www.lactissima.com\\\/a-tire-d-ailes\\\/#website\"},\"primaryImageOfPage\":{\"@id\":\"https:\\\/\\\/www.lactissima.com\\\/a-tire-d-ailes\\\/conservation-du-lait\\\/#primaryimage\"},\"image\":{\"@id\":\"https:\\\/\\\/www.lactissima.com\\\/a-tire-d-ailes\\\/conservation-du-lait\\\/#primaryimage\"},\"thumbnailUrl\":\"https:\\\/\\\/www.lactissima.com\\\/a-tire-d-ailes\\\/wp-content\\\/uploads\\\/2013\\\/10\\\/conservation-du-lait-maternel.jpg\",\"datePublished\":\"2013-10-19T07:53:57+00:00\",\"dateModified\":\"2016-08-03T17:13:01+00:00\",\"author\":{\"@id\":\"https:\\\/\\\/www.lactissima.com\\\/a-tire-d-ailes\\\/#\\\/schema\\\/person\\\/8f98d3a89530861bc1240e6d53d44eed\"},\"description\":\"Quelle attitude adopter lorsque la cr\u00e8che a des exigences d\u00e9mesur\u00e9es pour la conservation du lait maternel ?\",\"breadcrumb\":{\"@id\":\"https:\\\/\\\/www.lactissima.com\\\/a-tire-d-ailes\\\/conservation-du-lait\\\/#breadcrumb\"},\"inLanguage\":\"fr-FR\",\"potentialAction\":[{\"@type\":\"ReadAction\",\"target\":[\"https:\\\/\\\/www.lactissima.com\\\/a-tire-d-ailes\\\/conservation-du-lait\\\/\"]}]},{\"@type\":\"ImageObject\",\"inLanguage\":\"fr-FR\",\"@id\":\"https:\\\/\\\/www.lactissima.com\\\/a-tire-d-ailes\\\/conservation-du-lait\\\/#primaryimage\",\"url\":\"https:\\\/\\\/www.lactissima.com\\\/a-tire-d-ailes\\\/wp-content\\\/uploads\\\/2013\\\/10\\\/conservation-du-lait-maternel.jpg\",\"contentUrl\":\"https:\\\/\\\/www.lactissima.com\\\/a-tire-d-ailes\\\/wp-content\\\/uploads\\\/2013\\\/10\\\/conservation-du-lait-maternel.jpg\",\"width\":195,\"height\":260,\"caption\":\"conservation du lait maternel\"},{\"@type\":\"BreadcrumbList\",\"@id\":\"https:\\\/\\\/www.lactissima.com\\\/a-tire-d-ailes\\\/conservation-du-lait\\\/#breadcrumb\",\"itemListElement\":[{\"@type\":\"ListItem\",\"position\":1,\"name\":\"Accueil\",\"item\":\"https:\\\/\\\/www.lactissima.com\\\/a-tire-d-ailes\\\/\"},{\"@type\":\"ListItem\",\"position\":2,\"name\":\"Faut-il mentir \u00e0 la cr\u00e8che ?\"}]},{\"@type\":\"WebSite\",\"@id\":\"https:\\\/\\\/www.lactissima.com\\\/a-tire-d-ailes\\\/#website\",\"url\":\"https:\\\/\\\/www.lactissima.com\\\/a-tire-d-ailes\\\/\",\"name\":\"A tire d&#039;Ailes\",\"description\":\"Le blog des femmes qui allaitent et travaillent.\",\"potentialAction\":[{\"@type\":\"SearchAction\",\"target\":{\"@type\":\"EntryPoint\",\"urlTemplate\":\"https:\\\/\\\/www.lactissima.com\\\/a-tire-d-ailes\\\/?s={search_term_string}\"},\"query-input\":{\"@type\":\"PropertyValueSpecification\",\"valueRequired\":true,\"valueName\":\"search_term_string\"}}],\"inLanguage\":\"fr-FR\"},{\"@type\":\"Person\",\"@id\":\"https:\\\/\\\/www.lactissima.com\\\/a-tire-d-ailes\\\/#\\\/schema\\\/person\\\/8f98d3a89530861bc1240e6d53d44eed\",\"name\":\"V\u00e9ronique Darmangeat\",\"image\":{\"@type\":\"ImageObject\",\"inLanguage\":\"fr-FR\",\"@id\":\"https:\\\/\\\/secure.gravatar.com\\\/avatar\\\/268c99344c89cebfe4f5df5fa8be43068a18884fc76a29f3206fae98465b9cab?s=96&d=identicon&r=g\",\"url\":\"https:\\\/\\\/secure.gravatar.com\\\/avatar\\\/268c99344c89cebfe4f5df5fa8be43068a18884fc76a29f3206fae98465b9cab?s=96&d=identicon&r=g\",\"contentUrl\":\"https:\\\/\\\/secure.gravatar.com\\\/avatar\\\/268c99344c89cebfe4f5df5fa8be43068a18884fc76a29f3206fae98465b9cab?s=96&d=identicon&r=g\",\"caption\":\"V\u00e9ronique Darmangeat\"},\"sameAs\":[\"https:\\\/\\\/www.lactissima.com\\\/a-tire-d-ailes\",\"www.facebook.com\\\/consultante.en.lactation\"]}]}<\/script>\n<!-- \/ Yoast SEO plugin. -->","yoast_head_json":{"title":"conservation du lait","description":"Quelle attitude adopter lorsque la cr\u00e8che a des exigences d\u00e9mesur\u00e9es pour la conservation du lait maternel ?","robots":{"index":"index","follow":"follow","max-snippet":"max-snippet:-1","max-image-preview":"max-image-preview:large","max-video-preview":"max-video-preview:-1"},"canonical":"https:\/\/www.lactissima.com\/a-tire-d-ailes\/conservation-du-lait\/","og_locale":"fr_FR","og_type":"article","og_title":"conservation du lait","og_description":"Quelle attitude adopter lorsque la cr\u00e8che a des exigences d\u00e9mesur\u00e9es pour la conservation du lait maternel ?","og_url":"https:\/\/www.lactissima.com\/a-tire-d-ailes\/conservation-du-lait\/","og_site_name":"A tire d&#039;Ailes","article_publisher":"https:\/\/www.facebook.com\/consultante.en.lactation","article_author":"www.facebook.com\/consultante.en.lactation","article_published_time":"2013-10-19T07:53:57+00:00","article_modified_time":"2016-08-03T17:13:01+00:00","og_image":[{"width":195,"height":260,"url":"https:\/\/www.lactissima.com\/a-tire-d-ailes\/wp-content\/uploads\/2013\/10\/conservation-du-lait-maternel.jpg","type":"image\/jpeg"}],"author":"V\u00e9ronique Darmangeat","twitter_card":"summary_large_image","twitter_creator":"@VeroniqueIBCLC","twitter_site":"@VeroniqueIBCLC","twitter_misc":{"\u00c9crit par":"V\u00e9ronique Darmangeat","Dur\u00e9e de lecture estim\u00e9e":"2 minutes"},"schema":{"@context":"https:\/\/schema.org","@graph":[{"@type":"Article","@id":"https:\/\/www.lactissima.com\/a-tire-d-ailes\/conservation-du-lait\/#article","isPartOf":{"@id":"https:\/\/www.lactissima.com\/a-tire-d-ailes\/conservation-du-lait\/"},"author":{"name":"V\u00e9ronique Darmangeat","@id":"https:\/\/www.lactissima.com\/a-tire-d-ailes\/#\/schema\/person\/8f98d3a89530861bc1240e6d53d44eed"},"headline":"Faut-il mentir \u00e0 la cr\u00e8che ?","datePublished":"2013-10-19T07:53:57+00:00","dateModified":"2016-08-03T17:13:01+00:00","mainEntityOfPage":{"@id":"https:\/\/www.lactissima.com\/a-tire-d-ailes\/conservation-du-lait\/"},"wordCount":452,"commentCount":52,"image":{"@id":"https:\/\/www.lactissima.com\/a-tire-d-ailes\/conservation-du-lait\/#primaryimage"},"thumbnailUrl":"https:\/\/www.lactissima.com\/a-tire-d-ailes\/wp-content\/uploads\/2013\/10\/conservation-du-lait-maternel.jpg","keywords":["conservation du lait","conservation du lait maternel","recommandations de conservation du lait"],"articleSection":["Allaitement et Travail","Mode de garde"],"inLanguage":"fr-FR","potentialAction":[{"@type":"CommentAction","name":"Comment","target":["https:\/\/www.lactissima.com\/a-tire-d-ailes\/conservation-du-lait\/#respond"]}]},{"@type":"WebPage","@id":"https:\/\/www.lactissima.com\/a-tire-d-ailes\/conservation-du-lait\/","url":"https:\/\/www.lactissima.com\/a-tire-d-ailes\/conservation-du-lait\/","name":"conservation du lait","isPartOf":{"@id":"https:\/\/www.lactissima.com\/a-tire-d-ailes\/#website"},"primaryImageOfPage":{"@id":"https:\/\/www.lactissima.com\/a-tire-d-ailes\/conservation-du-lait\/#primaryimage"},"image":{"@id":"https:\/\/www.lactissima.com\/a-tire-d-ailes\/conservation-du-lait\/#primaryimage"},"thumbnailUrl":"https:\/\/www.lactissima.com\/a-tire-d-ailes\/wp-content\/uploads\/2013\/10\/conservation-du-lait-maternel.jpg","datePublished":"2013-10-19T07:53:57+00:00","dateModified":"2016-08-03T17:13:01+00:00","author":{"@id":"https:\/\/www.lactissima.com\/a-tire-d-ailes\/#\/schema\/person\/8f98d3a89530861bc1240e6d53d44eed"},"description":"Quelle attitude adopter lorsque la cr\u00e8che a des exigences d\u00e9mesur\u00e9es pour la conservation du lait maternel ?","breadcrumb":{"@id":"https:\/\/www.lactissima.com\/a-tire-d-ailes\/conservation-du-lait\/#breadcrumb"},"inLanguage":"fr-FR","potentialAction":[{"@type":"ReadAction","target":["https:\/\/www.lactissima.com\/a-tire-d-ailes\/conservation-du-lait\/"]}]},{"@type":"ImageObject","inLanguage":"fr-FR","@id":"https:\/\/www.lactissima.com\/a-tire-d-ailes\/conservation-du-lait\/#primaryimage","url":"https:\/\/www.lactissima.com\/a-tire-d-ailes\/wp-content\/uploads\/2013\/10\/conservation-du-lait-maternel.jpg","contentUrl":"https:\/\/www.lactissima.com\/a-tire-d-ailes\/wp-content\/uploads\/2013\/10\/conservation-du-lait-maternel.jpg","width":195,"height":260,"caption":"conservation du lait maternel"},{"@type":"BreadcrumbList","@id":"https:\/\/www.lactissima.com\/a-tire-d-ailes\/conservation-du-lait\/#breadcrumb","itemListElement":[{"@type":"ListItem","position":1,"name":"Accueil","item":"https:\/\/www.lactissima.com\/a-tire-d-ailes\/"},{"@type":"ListItem","position":2,"name":"Faut-il mentir \u00e0 la cr\u00e8che ?"}]},{"@type":"WebSite","@id":"https:\/\/www.lactissima.com\/a-tire-d-ailes\/#website","url":"https:\/\/www.lactissima.com\/a-tire-d-ailes\/","name":"A tire d&#039;Ailes","description":"Le blog des femmes qui allaitent et travaillent.","potentialAction":[{"@type":"SearchAction","target":{"@type":"EntryPoint","urlTemplate":"https:\/\/www.lactissima.com\/a-tire-d-ailes\/?s={search_term_string}"},"query-input":{"@type":"PropertyValueSpecification","valueRequired":true,"valueName":"search_term_string"}}],"inLanguage":"fr-FR"},{"@type":"Person","@id":"https:\/\/www.lactissima.com\/a-tire-d-ailes\/#\/schema\/person\/8f98d3a89530861bc1240e6d53d44eed","name":"V\u00e9ronique Darmangeat","image":{"@type":"ImageObject","inLanguage":"fr-FR","@id":"https:\/\/secure.gravatar.com\/avatar\/268c99344c89cebfe4f5df5fa8be43068a18884fc76a29f3206fae98465b9cab?s=96&d=identicon&r=g","url":"https:\/\/secure.gravatar.com\/avatar\/268c99344c89cebfe4f5df5fa8be43068a18884fc76a29f3206fae98465b9cab?s=96&d=identicon&r=g","contentUrl":"https:\/\/secure.gravatar.com\/avatar\/268c99344c89cebfe4f5df5fa8be43068a18884fc76a29f3206fae98465b9cab?s=96&d=identicon&r=g","caption":"V\u00e9ronique Darmangeat"},"sameAs":["https:\/\/www.lactissima.com\/a-tire-d-ailes","www.facebook.com\/consultante.en.lactation"]}]}},"_links":{"self":[{"href":"https:\/\/www.lactissima.com\/a-tire-d-ailes\/wp-json\/wp\/v2\/posts\/4880","targetHints":{"allow":["GET"]}}],"collection":[{"href":"https:\/\/www.lactissima.com\/a-tire-d-ailes\/wp-json\/wp\/v2\/posts"}],"about":[{"href":"https:\/\/www.lactissima.com\/a-tire-d-ailes\/wp-json\/wp\/v2\/types\/post"}],"author":[{"embeddable":true,"href":"https:\/\/www.lactissima.com\/a-tire-d-ailes\/wp-json\/wp\/v2\/users\/170"}],"replies":[{"embeddable":true,"href":"https:\/\/www.lactissima.com\/a-tire-d-ailes\/wp-json\/wp\/v2\/comments?post=4880"}],"version-history":[{"count":5,"href":"https:\/\/www.lactissima.com\/a-tire-d-ailes\/wp-json\/wp\/v2\/posts\/4880\/revisions"}],"predecessor-version":[{"id":6808,"href":"https:\/\/www.lactissima.com\/a-tire-d-ailes\/wp-json\/wp\/v2\/posts\/4880\/revisions\/6808"}],"wp:featuredmedia":[{"embeddable":true,"href":"https:\/\/www.lactissima.com\/a-tire-d-ailes\/wp-json\/wp\/v2\/media\/4882"}],"wp:attachment":[{"href":"https:\/\/www.lactissima.com\/a-tire-d-ailes\/wp-json\/wp\/v2\/media?parent=4880"}],"wp:term":[{"taxonomy":"category","embeddable":true,"href":"https:\/\/www.lactissima.com\/a-tire-d-ailes\/wp-json\/wp\/v2\/categories?post=4880"},{"taxonomy":"post_tag","embeddable":true,"href":"https:\/\/www.lactissima.com\/a-tire-d-ailes\/wp-json\/wp\/v2\/tags?post=4880"}],"curies":[{"name":"wp","href":"https:\/\/api.w.org\/{rel}","templated":true}]}}