{"id":4857,"date":"2013-10-12T15:15:11","date_gmt":"2013-10-12T13:15:11","guid":{"rendered":"https:\/\/www.lactissima.com\/a-tire-d-ailes\/?p=4857"},"modified":"2017-05-22T09:32:41","modified_gmt":"2017-05-22T07:32:41","slug":"conservation-lait-maternel","status":"publish","type":"post","link":"https:\/\/www.lactissima.com\/a-tire-d-ailes\/conservation-lait-maternel\/","title":{"rendered":"Controverse sur les temps de conservation du lait maternel"},"content":{"rendered":"<p style=\"text-align: justify;\"><a href=\"https:\/\/www.lactissima.com\/a-tire-d-ailes\/wp-content\/uploads\/2013\/10\/conservation-lait-maternel.jpg\"><img loading=\"lazy\" decoding=\"async\" class=\"alignright size-full wp-image-4863\" src=\"https:\/\/www.lactissima.com\/a-tire-d-ailes\/wp-content\/uploads\/2013\/10\/conservation-lait-maternel.jpg\" alt=\"conservation lait maternel\" width=\"352\" height=\"198\" srcset=\"https:\/\/www.lactissima.com\/a-tire-d-ailes\/wp-content\/uploads\/2013\/10\/conservation-lait-maternel.jpg 352w, https:\/\/www.lactissima.com\/a-tire-d-ailes\/wp-content\/uploads\/2013\/10\/conservation-lait-maternel-300x168.jpg 300w\" sizes=\"(max-width: 352px) 100vw, 352px\" \/><\/a>Je vous ai d\u00e9j\u00e0 parl\u00e9 des temps de<a href=\"https:\/\/www.lactissima.com\/a-tire-d-ailes\/la-conservation-du-lait-maternel\/\" target=\"_blank\"> conservation du lait maternel<\/a> car c&rsquo;est une question tr\u00e8s importante pour les femmes qui tirent leur lait et se trouvent confront\u00e9es \u00e0 des recommandations tr\u00e8s diverses.<\/p>\n<p style=\"text-align: justify;\">Je souhaite aujourd&rsquo;hui \u00eatre plus compl\u00e8te sur les diff\u00e9rentes <strong>r\u00e9f\u00e9rences<\/strong> pour d\u00e9terminer ces temps. Diff\u00e9rentes \u00e9tudes ont \u00e9t\u00e9 conduites. Au niveau international, <strong>The Journal of Human Lactation<\/strong> a publi\u00e9 en 2010 une m\u00e9ta-analyse des \u00e9tudes sur la conservation du lait maternel. La 3\u00e8me \u00e9dition (2011) du livre <em>Best Practice for Expressing, Storing and Handling Human Milk<\/em> publi\u00e9 par l<strong>&lsquo;Human Milk Banking Association of North America<\/strong> (<a href=\"http:\/\/www.hmbana.org\/\">HMBANA<\/a>) propose des recommandations fond\u00e9es sur l&rsquo;ensemble des \u00e9tudes men\u00e9es sur le lait maternel. Cette publication \u00e9tant \u00e0 ce jour la plus compl\u00e8te, elle a \u00e9t\u00e9 reprise par l&rsquo;Association Internationale des Consultants en Lactation (ILCA). Ce sont les recommandations que vous trouvez dans mon article pr\u00e9c\u00e9dent sur la <a href=\"https:\/\/www.lactissima.com\/a-tire-d-ailes\/la-conservation-du-lait-maternel\/\" target=\"_blank\">conservation du lait<\/a>.<\/p>\n<p style=\"text-align: justify;\">En France, la <strong>Haute Autorit\u00e9 de Sant\u00e9<\/strong> (HAS) indique dans <em>Favoriser l&rsquo;allaitement maternel : processus-\u00e9valuation<\/em>, en juin 2006 \u00c2\u00ab Le lait maternel peut \u00eatre gard\u00e9   8 jours au r\u00e9frig\u00e9rateur, gr\u00e2ce \u00e0 ses propri\u00e9t\u00e9s biologiques \u00c2\u00bb. Mais l&rsquo;AFSSA (<strong>Agence fran\u00e7aise pour la s\u00e9curit\u00e9 sanitaire des aliments<\/strong>) indique des <a href=\"http:\/\/social-sante.gouv.fr\/IMG\/pdf\/Recommandations_d_hygiene_pour_les_biberons.pdf\" target=\"_blank\">temps de conservation du lait<\/a> beaucoup plus courts. En effet, les \u00e9tudes prises en compte sont les m\u00eames que pour les organismes pr\u00e9c\u00e9dents mais a \u00e9t\u00e9 appliqu\u00e9 un&#8230;principe de pr\u00e9caution, sans aucune justification d&rsquo;ordre scientifique.<\/p>\n<p style=\"text-align: justify;\">Or ce sont les recommandations de l&rsquo;AFSSA que vous trouverez dans la plupart des organismes fran\u00e7ais, qui ne veulent pas prendre le risque d&rsquo;aller contre des recommandations officielles.<\/p>\n<p style=\"text-align: justify;\">Je vous propose donc un tableau comparatif de tous ces temps :<\/p>\n<p style=\"text-align: center;\"><a href=\"https:\/\/www.lactissima.com\/a-tire-d-ailes\/wp-content\/uploads\/2013\/10\/temps-de-conservation.jpg\"><img loading=\"lazy\" decoding=\"async\" class=\"size-full wp-image-4861 aligncenter\" src=\"https:\/\/www.lactissima.com\/a-tire-d-ailes\/wp-content\/uploads\/2013\/10\/temps-de-conservation.jpg\" alt=\"conservation lait maternel\" width=\"517\" height=\"313\" srcset=\"https:\/\/www.lactissima.com\/a-tire-d-ailes\/wp-content\/uploads\/2013\/10\/temps-de-conservation.jpg 517w, https:\/\/www.lactissima.com\/a-tire-d-ailes\/wp-content\/uploads\/2013\/10\/temps-de-conservation-300x181.jpg 300w\" sizes=\"(max-width: 517px) 100vw, 517px\" \/><\/a><\/p>\n<p style=\"text-align: justify;\">Enfin, je vous propose de lire quelques \u00e9tudes sur la conservation lait maternel.<\/p>\n<p style=\"text-align: justify;\">Et maintenant, c&rsquo;est \u00e0 <strong>vous<\/strong> de choisir quelles recommandations vous souhaitez suivre. Qu&rsquo;avez-vous choisi ?<\/p>\n<p style=\"text-align: justify;\"><strong>Articles en rapport :<\/strong><\/p>\n<ul>\n<li><a href=\"https:\/\/www.lactissima.com\/a-tire-d-ailes\/la-conservation-du-lait-maternel\/\" target=\"_blank\">La conservation du lait maternel<\/a><\/li>\n<\/ul>\n<p>&nbsp;<\/p>\n","protected":false},"excerpt":{"rendered":"<p>Il n&rsquo;est pas simple de s&rsquo;y retrouver dans les diff\u00e9rentes recommandations de conservation lait maternel. Je vous propose une revue des publications.<\/p>\n","protected":false},"author":170,"featured_media":4863,"comment_status":"open","ping_status":"open","sticky":false,"template":"","format":"standard","meta":{"_et_pb_use_builder":"","_et_pb_old_content":"","_et_gb_content_width":"","footnotes":""},"categories":[36,710],"tags":[212,396,462,553],"class_list":["post-4857","post","type-post","status-publish","format-standard","has-post-thumbnail","hentry","category-allaitement-et-travail","category-conserver-le-lait","tag-conservation-du-lait","tag-conservation-du-lait-maternel","tag-hmbana","tag-temps-de-conservation-du-lait"],"yoast_head":"<!-- This site is optimized with the Yoast SEO plugin v27.4 - https:\/\/yoast.com\/product\/yoast-seo-wordpress\/ -->\n<title>conservation lait maternel<\/title>\n<meta name=\"description\" content=\"Il n&#039;est pas simple de s&#039;y retrouver dans les diff\u00e9rentes recommandations de conservation lait maternel. Je vous propose une revue des publications.\" \/>\n<meta name=\"robots\" content=\"index, follow, max-snippet:-1, max-image-preview:large, max-video-preview:-1\" \/>\n<link rel=\"canonical\" href=\"https:\/\/www.lactissima.com\/a-tire-d-ailes\/conservation-lait-maternel\/\" \/>\n<meta property=\"og:locale\" content=\"fr_FR\" \/>\n<meta property=\"og:type\" content=\"article\" \/>\n<meta property=\"og:title\" content=\"conservation lait maternel\" \/>\n<meta property=\"og:description\" content=\"Il n&#039;est pas simple de s&#039;y retrouver dans les diff\u00e9rentes recommandations de conservation lait maternel. Je vous propose une revue des publications.\" \/>\n<meta property=\"og:url\" content=\"https:\/\/www.lactissima.com\/a-tire-d-ailes\/conservation-lait-maternel\/\" \/>\n<meta property=\"og:site_name\" content=\"A tire d&#039;Ailes\" \/>\n<meta property=\"article:publisher\" content=\"https:\/\/www.facebook.com\/consultante.en.lactation\" \/>\n<meta property=\"article:author\" content=\"www.facebook.com\/consultante.en.lactation\" \/>\n<meta property=\"article:published_time\" content=\"2013-10-12T13:15:11+00:00\" \/>\n<meta property=\"article:modified_time\" content=\"2017-05-22T07:32:41+00:00\" \/>\n<meta property=\"og:image\" content=\"https:\/\/www.lactissima.com\/a-tire-d-ailes\/wp-content\/uploads\/2013\/10\/conservation-lait-maternel.jpg\" \/>\n\t<meta property=\"og:image:width\" content=\"352\" \/>\n\t<meta property=\"og:image:height\" content=\"198\" \/>\n\t<meta property=\"og:image:type\" content=\"image\/jpeg\" \/>\n<meta name=\"author\" content=\"V\u00e9ronique Darmangeat\" \/>\n<meta name=\"twitter:card\" content=\"summary_large_image\" \/>\n<meta name=\"twitter:creator\" content=\"@VeroniqueIBCLC\" \/>\n<meta name=\"twitter:site\" content=\"@VeroniqueIBCLC\" \/>\n<meta name=\"twitter:label1\" content=\"\u00c9crit par\" \/>\n\t<meta name=\"twitter:data1\" content=\"V\u00e9ronique Darmangeat\" \/>\n\t<meta name=\"twitter:label2\" content=\"Dur\u00e9e de lecture estim\u00e9e\" \/>\n\t<meta name=\"twitter:data2\" content=\"2 minutes\" \/>\n<script type=\"application\/ld+json\" class=\"yoast-schema-graph\">{\"@context\":\"https:\\\/\\\/schema.org\",\"@graph\":[{\"@type\":\"Article\",\"@id\":\"https:\\\/\\\/www.lactissima.com\\\/a-tire-d-ailes\\\/conservation-lait-maternel\\\/#article\",\"isPartOf\":{\"@id\":\"https:\\\/\\\/www.lactissima.com\\\/a-tire-d-ailes\\\/conservation-lait-maternel\\\/\"},\"author\":{\"name\":\"V\u00e9ronique Darmangeat\",\"@id\":\"https:\\\/\\\/www.lactissima.com\\\/a-tire-d-ailes\\\/#\\\/schema\\\/person\\\/8f98d3a89530861bc1240e6d53d44eed\"},\"headline\":\"Controverse sur les temps de conservation du lait maternel\",\"datePublished\":\"2013-10-12T13:15:11+00:00\",\"dateModified\":\"2017-05-22T07:32:41+00:00\",\"mainEntityOfPage\":{\"@id\":\"https:\\\/\\\/www.lactissima.com\\\/a-tire-d-ailes\\\/conservation-lait-maternel\\\/\"},\"wordCount\":347,\"commentCount\":29,\"image\":{\"@id\":\"https:\\\/\\\/www.lactissima.com\\\/a-tire-d-ailes\\\/conservation-lait-maternel\\\/#primaryimage\"},\"thumbnailUrl\":\"https:\\\/\\\/www.lactissima.com\\\/a-tire-d-ailes\\\/wp-content\\\/uploads\\\/2013\\\/10\\\/conservation-lait-maternel.jpg\",\"keywords\":[\"conservation du lait\",\"conservation du lait maternel\",\"HMBANA\",\"temps de conservation du lait\"],\"articleSection\":[\"Allaitement et Travail\",\"Conserver le lait\"],\"inLanguage\":\"fr-FR\",\"potentialAction\":[{\"@type\":\"CommentAction\",\"name\":\"Comment\",\"target\":[\"https:\\\/\\\/www.lactissima.com\\\/a-tire-d-ailes\\\/conservation-lait-maternel\\\/#respond\"]}]},{\"@type\":\"WebPage\",\"@id\":\"https:\\\/\\\/www.lactissima.com\\\/a-tire-d-ailes\\\/conservation-lait-maternel\\\/\",\"url\":\"https:\\\/\\\/www.lactissima.com\\\/a-tire-d-ailes\\\/conservation-lait-maternel\\\/\",\"name\":\"conservation lait maternel\",\"isPartOf\":{\"@id\":\"https:\\\/\\\/www.lactissima.com\\\/a-tire-d-ailes\\\/#website\"},\"primaryImageOfPage\":{\"@id\":\"https:\\\/\\\/www.lactissima.com\\\/a-tire-d-ailes\\\/conservation-lait-maternel\\\/#primaryimage\"},\"image\":{\"@id\":\"https:\\\/\\\/www.lactissima.com\\\/a-tire-d-ailes\\\/conservation-lait-maternel\\\/#primaryimage\"},\"thumbnailUrl\":\"https:\\\/\\\/www.lactissima.com\\\/a-tire-d-ailes\\\/wp-content\\\/uploads\\\/2013\\\/10\\\/conservation-lait-maternel.jpg\",\"datePublished\":\"2013-10-12T13:15:11+00:00\",\"dateModified\":\"2017-05-22T07:32:41+00:00\",\"author\":{\"@id\":\"https:\\\/\\\/www.lactissima.com\\\/a-tire-d-ailes\\\/#\\\/schema\\\/person\\\/8f98d3a89530861bc1240e6d53d44eed\"},\"description\":\"Il n'est pas simple de s'y retrouver dans les diff\u00e9rentes recommandations de conservation lait maternel. Je vous propose une revue des publications.\",\"breadcrumb\":{\"@id\":\"https:\\\/\\\/www.lactissima.com\\\/a-tire-d-ailes\\\/conservation-lait-maternel\\\/#breadcrumb\"},\"inLanguage\":\"fr-FR\",\"potentialAction\":[{\"@type\":\"ReadAction\",\"target\":[\"https:\\\/\\\/www.lactissima.com\\\/a-tire-d-ailes\\\/conservation-lait-maternel\\\/\"]}]},{\"@type\":\"ImageObject\",\"inLanguage\":\"fr-FR\",\"@id\":\"https:\\\/\\\/www.lactissima.com\\\/a-tire-d-ailes\\\/conservation-lait-maternel\\\/#primaryimage\",\"url\":\"https:\\\/\\\/www.lactissima.com\\\/a-tire-d-ailes\\\/wp-content\\\/uploads\\\/2013\\\/10\\\/conservation-lait-maternel.jpg\",\"contentUrl\":\"https:\\\/\\\/www.lactissima.com\\\/a-tire-d-ailes\\\/wp-content\\\/uploads\\\/2013\\\/10\\\/conservation-lait-maternel.jpg\",\"width\":352,\"height\":198,\"caption\":\"conservation lait maternel\"},{\"@type\":\"BreadcrumbList\",\"@id\":\"https:\\\/\\\/www.lactissima.com\\\/a-tire-d-ailes\\\/conservation-lait-maternel\\\/#breadcrumb\",\"itemListElement\":[{\"@type\":\"ListItem\",\"position\":1,\"name\":\"Accueil\",\"item\":\"https:\\\/\\\/www.lactissima.com\\\/a-tire-d-ailes\\\/\"},{\"@type\":\"ListItem\",\"position\":2,\"name\":\"Controverse sur les temps de conservation du lait maternel\"}]},{\"@type\":\"WebSite\",\"@id\":\"https:\\\/\\\/www.lactissima.com\\\/a-tire-d-ailes\\\/#website\",\"url\":\"https:\\\/\\\/www.lactissima.com\\\/a-tire-d-ailes\\\/\",\"name\":\"A tire d&#039;Ailes\",\"description\":\"Le blog des femmes qui allaitent et travaillent.\",\"potentialAction\":[{\"@type\":\"SearchAction\",\"target\":{\"@type\":\"EntryPoint\",\"urlTemplate\":\"https:\\\/\\\/www.lactissima.com\\\/a-tire-d-ailes\\\/?s={search_term_string}\"},\"query-input\":{\"@type\":\"PropertyValueSpecification\",\"valueRequired\":true,\"valueName\":\"search_term_string\"}}],\"inLanguage\":\"fr-FR\"},{\"@type\":\"Person\",\"@id\":\"https:\\\/\\\/www.lactissima.com\\\/a-tire-d-ailes\\\/#\\\/schema\\\/person\\\/8f98d3a89530861bc1240e6d53d44eed\",\"name\":\"V\u00e9ronique Darmangeat\",\"image\":{\"@type\":\"ImageObject\",\"inLanguage\":\"fr-FR\",\"@id\":\"https:\\\/\\\/secure.gravatar.com\\\/avatar\\\/268c99344c89cebfe4f5df5fa8be43068a18884fc76a29f3206fae98465b9cab?s=96&d=identicon&r=g\",\"url\":\"https:\\\/\\\/secure.gravatar.com\\\/avatar\\\/268c99344c89cebfe4f5df5fa8be43068a18884fc76a29f3206fae98465b9cab?s=96&d=identicon&r=g\",\"contentUrl\":\"https:\\\/\\\/secure.gravatar.com\\\/avatar\\\/268c99344c89cebfe4f5df5fa8be43068a18884fc76a29f3206fae98465b9cab?s=96&d=identicon&r=g\",\"caption\":\"V\u00e9ronique Darmangeat\"},\"sameAs\":[\"https:\\\/\\\/www.lactissima.com\\\/a-tire-d-ailes\",\"www.facebook.com\\\/consultante.en.lactation\"]}]}<\/script>\n<!-- \/ Yoast SEO plugin. -->","yoast_head_json":{"title":"conservation lait maternel","description":"Il n'est pas simple de s'y retrouver dans les diff\u00e9rentes recommandations de conservation lait maternel. Je vous propose une revue des publications.","robots":{"index":"index","follow":"follow","max-snippet":"max-snippet:-1","max-image-preview":"max-image-preview:large","max-video-preview":"max-video-preview:-1"},"canonical":"https:\/\/www.lactissima.com\/a-tire-d-ailes\/conservation-lait-maternel\/","og_locale":"fr_FR","og_type":"article","og_title":"conservation lait maternel","og_description":"Il n'est pas simple de s'y retrouver dans les diff\u00e9rentes recommandations de conservation lait maternel. Je vous propose une revue des publications.","og_url":"https:\/\/www.lactissima.com\/a-tire-d-ailes\/conservation-lait-maternel\/","og_site_name":"A tire d&#039;Ailes","article_publisher":"https:\/\/www.facebook.com\/consultante.en.lactation","article_author":"www.facebook.com\/consultante.en.lactation","article_published_time":"2013-10-12T13:15:11+00:00","article_modified_time":"2017-05-22T07:32:41+00:00","og_image":[{"width":352,"height":198,"url":"https:\/\/www.lactissima.com\/a-tire-d-ailes\/wp-content\/uploads\/2013\/10\/conservation-lait-maternel.jpg","type":"image\/jpeg"}],"author":"V\u00e9ronique Darmangeat","twitter_card":"summary_large_image","twitter_creator":"@VeroniqueIBCLC","twitter_site":"@VeroniqueIBCLC","twitter_misc":{"\u00c9crit par":"V\u00e9ronique Darmangeat","Dur\u00e9e de lecture estim\u00e9e":"2 minutes"},"schema":{"@context":"https:\/\/schema.org","@graph":[{"@type":"Article","@id":"https:\/\/www.lactissima.com\/a-tire-d-ailes\/conservation-lait-maternel\/#article","isPartOf":{"@id":"https:\/\/www.lactissima.com\/a-tire-d-ailes\/conservation-lait-maternel\/"},"author":{"name":"V\u00e9ronique Darmangeat","@id":"https:\/\/www.lactissima.com\/a-tire-d-ailes\/#\/schema\/person\/8f98d3a89530861bc1240e6d53d44eed"},"headline":"Controverse sur les temps de conservation du lait maternel","datePublished":"2013-10-12T13:15:11+00:00","dateModified":"2017-05-22T07:32:41+00:00","mainEntityOfPage":{"@id":"https:\/\/www.lactissima.com\/a-tire-d-ailes\/conservation-lait-maternel\/"},"wordCount":347,"commentCount":29,"image":{"@id":"https:\/\/www.lactissima.com\/a-tire-d-ailes\/conservation-lait-maternel\/#primaryimage"},"thumbnailUrl":"https:\/\/www.lactissima.com\/a-tire-d-ailes\/wp-content\/uploads\/2013\/10\/conservation-lait-maternel.jpg","keywords":["conservation du lait","conservation du lait maternel","HMBANA","temps de conservation du lait"],"articleSection":["Allaitement et Travail","Conserver le lait"],"inLanguage":"fr-FR","potentialAction":[{"@type":"CommentAction","name":"Comment","target":["https:\/\/www.lactissima.com\/a-tire-d-ailes\/conservation-lait-maternel\/#respond"]}]},{"@type":"WebPage","@id":"https:\/\/www.lactissima.com\/a-tire-d-ailes\/conservation-lait-maternel\/","url":"https:\/\/www.lactissima.com\/a-tire-d-ailes\/conservation-lait-maternel\/","name":"conservation lait maternel","isPartOf":{"@id":"https:\/\/www.lactissima.com\/a-tire-d-ailes\/#website"},"primaryImageOfPage":{"@id":"https:\/\/www.lactissima.com\/a-tire-d-ailes\/conservation-lait-maternel\/#primaryimage"},"image":{"@id":"https:\/\/www.lactissima.com\/a-tire-d-ailes\/conservation-lait-maternel\/#primaryimage"},"thumbnailUrl":"https:\/\/www.lactissima.com\/a-tire-d-ailes\/wp-content\/uploads\/2013\/10\/conservation-lait-maternel.jpg","datePublished":"2013-10-12T13:15:11+00:00","dateModified":"2017-05-22T07:32:41+00:00","author":{"@id":"https:\/\/www.lactissima.com\/a-tire-d-ailes\/#\/schema\/person\/8f98d3a89530861bc1240e6d53d44eed"},"description":"Il n'est pas simple de s'y retrouver dans les diff\u00e9rentes recommandations de conservation lait maternel. Je vous propose une revue des publications.","breadcrumb":{"@id":"https:\/\/www.lactissima.com\/a-tire-d-ailes\/conservation-lait-maternel\/#breadcrumb"},"inLanguage":"fr-FR","potentialAction":[{"@type":"ReadAction","target":["https:\/\/www.lactissima.com\/a-tire-d-ailes\/conservation-lait-maternel\/"]}]},{"@type":"ImageObject","inLanguage":"fr-FR","@id":"https:\/\/www.lactissima.com\/a-tire-d-ailes\/conservation-lait-maternel\/#primaryimage","url":"https:\/\/www.lactissima.com\/a-tire-d-ailes\/wp-content\/uploads\/2013\/10\/conservation-lait-maternel.jpg","contentUrl":"https:\/\/www.lactissima.com\/a-tire-d-ailes\/wp-content\/uploads\/2013\/10\/conservation-lait-maternel.jpg","width":352,"height":198,"caption":"conservation lait maternel"},{"@type":"BreadcrumbList","@id":"https:\/\/www.lactissima.com\/a-tire-d-ailes\/conservation-lait-maternel\/#breadcrumb","itemListElement":[{"@type":"ListItem","position":1,"name":"Accueil","item":"https:\/\/www.lactissima.com\/a-tire-d-ailes\/"},{"@type":"ListItem","position":2,"name":"Controverse sur les temps de conservation du lait maternel"}]},{"@type":"WebSite","@id":"https:\/\/www.lactissima.com\/a-tire-d-ailes\/#website","url":"https:\/\/www.lactissima.com\/a-tire-d-ailes\/","name":"A tire d&#039;Ailes","description":"Le blog des femmes qui allaitent et travaillent.","potentialAction":[{"@type":"SearchAction","target":{"@type":"EntryPoint","urlTemplate":"https:\/\/www.lactissima.com\/a-tire-d-ailes\/?s={search_term_string}"},"query-input":{"@type":"PropertyValueSpecification","valueRequired":true,"valueName":"search_term_string"}}],"inLanguage":"fr-FR"},{"@type":"Person","@id":"https:\/\/www.lactissima.com\/a-tire-d-ailes\/#\/schema\/person\/8f98d3a89530861bc1240e6d53d44eed","name":"V\u00e9ronique Darmangeat","image":{"@type":"ImageObject","inLanguage":"fr-FR","@id":"https:\/\/secure.gravatar.com\/avatar\/268c99344c89cebfe4f5df5fa8be43068a18884fc76a29f3206fae98465b9cab?s=96&d=identicon&r=g","url":"https:\/\/secure.gravatar.com\/avatar\/268c99344c89cebfe4f5df5fa8be43068a18884fc76a29f3206fae98465b9cab?s=96&d=identicon&r=g","contentUrl":"https:\/\/secure.gravatar.com\/avatar\/268c99344c89cebfe4f5df5fa8be43068a18884fc76a29f3206fae98465b9cab?s=96&d=identicon&r=g","caption":"V\u00e9ronique Darmangeat"},"sameAs":["https:\/\/www.lactissima.com\/a-tire-d-ailes","www.facebook.com\/consultante.en.lactation"]}]}},"_links":{"self":[{"href":"https:\/\/www.lactissima.com\/a-tire-d-ailes\/wp-json\/wp\/v2\/posts\/4857","targetHints":{"allow":["GET"]}}],"collection":[{"href":"https:\/\/www.lactissima.com\/a-tire-d-ailes\/wp-json\/wp\/v2\/posts"}],"about":[{"href":"https:\/\/www.lactissima.com\/a-tire-d-ailes\/wp-json\/wp\/v2\/types\/post"}],"author":[{"embeddable":true,"href":"https:\/\/www.lactissima.com\/a-tire-d-ailes\/wp-json\/wp\/v2\/users\/170"}],"replies":[{"embeddable":true,"href":"https:\/\/www.lactissima.com\/a-tire-d-ailes\/wp-json\/wp\/v2\/comments?post=4857"}],"version-history":[{"count":20,"href":"https:\/\/www.lactissima.com\/a-tire-d-ailes\/wp-json\/wp\/v2\/posts\/4857\/revisions"}],"predecessor-version":[{"id":7194,"href":"https:\/\/www.lactissima.com\/a-tire-d-ailes\/wp-json\/wp\/v2\/posts\/4857\/revisions\/7194"}],"wp:featuredmedia":[{"embeddable":true,"href":"https:\/\/www.lactissima.com\/a-tire-d-ailes\/wp-json\/wp\/v2\/media\/4863"}],"wp:attachment":[{"href":"https:\/\/www.lactissima.com\/a-tire-d-ailes\/wp-json\/wp\/v2\/media?parent=4857"}],"wp:term":[{"taxonomy":"category","embeddable":true,"href":"https:\/\/www.lactissima.com\/a-tire-d-ailes\/wp-json\/wp\/v2\/categories?post=4857"},{"taxonomy":"post_tag","embeddable":true,"href":"https:\/\/www.lactissima.com\/a-tire-d-ailes\/wp-json\/wp\/v2\/tags?post=4857"}],"curies":[{"name":"wp","href":"https:\/\/api.w.org\/{rel}","templated":true}]}}