{"id":454,"date":"2009-06-13T21:04:44","date_gmt":"2009-06-13T19:04:44","guid":{"rendered":"https:\/\/www.lactissima.com\/a-tire-d-ailes\/?p=454"},"modified":"2018-02-10T19:21:29","modified_gmt":"2018-02-10T18:21:29","slug":"semaine-pour-la-qualite-de-vie-au-travail","status":"publish","type":"post","link":"https:\/\/www.lactissima.com\/a-tire-d-ailes\/semaine-pour-la-qualite-de-vie-au-travail\/","title":{"rendered":"Semaine pour la qualit\u00e9 de vie au travail"},"content":{"rendered":"<p style=\"text-align: justify;\"><img loading=\"lazy\" decoding=\"async\" class=\"alignleft size-full wp-image-457\" title=\"travail des femmes\" alt=\"nl007\" src=\"https:\/\/www.lactissima.com\/a-tire-d-ailes\/wp-content\/uploads\/nl007.jpg\" width=\"400\" height=\"267\" srcset=\"https:\/\/www.lactissima.com\/a-tire-d-ailes\/wp-content\/uploads\/nl007.jpg 400w, https:\/\/www.lactissima.com\/a-tire-d-ailes\/wp-content\/uploads\/nl007-300x200.jpg 300w\" sizes=\"(max-width: 400px) 100vw, 400px\" \/>Comme me l&rsquo;ont rappel\u00e9 <a href=\"http:\/\/slauro.blog.pacajob.com\/index.php\/post\/6%C3%A8me-%C3%A9dition-de-la-semaine-pour-la-qualit%C3%A9-de-vie-au-travail-2009\">Sylviane<\/a> et le blog Modes d&#8217;emploi, jeudi a d\u00e9but\u00e9 la semaine pour la qualit\u00e9 de vie au travail qui a lieu du 11 au 19 juin. Cette ann\u00e9e l&rsquo;accent est mis sur le stress au travail.<\/p>\n<p style=\"text-align: justify;\">Et <strong>l&rsquo;allaitement <\/strong>dans tout \u00e7a ?<br \/>\nEt bien justement : une \u00e9tude que j&rsquo;avais men\u00e9e avec une coll\u00e8gue il y a quelques ann\u00e9es montrait que les femmes qui <strong>poursuivaient l&rsquo;allaitement<\/strong> apr\u00e8s la reprise du travail \u00e9taient <strong>moins stress\u00e9es<\/strong> que celle qui avaient sevr\u00e9 avant la reprise du travail. Elles \u00e9taient convaincus que leur b\u00e9b\u00e9 aurait le meilleur lait en leur absence (le leur !) et cela leur permettait d&rsquo;avoir <strong>l&rsquo;esprit plus tranquille<\/strong>.<br \/>\nOr un salari\u00e9 moins stress\u00e9 est <strong>plus efficace<\/strong> dans son travail. Le b\u00e9n\u00e9fice est donc <strong>pour tous<\/strong> : la salari\u00e9e et son entreprise !<\/p>\n<p style=\"text-align: justify;\">La qualit\u00e9 de vie au travail, cela passe \u00e9galement par la possibilit\u00e9 de <strong>concilier vie familiale et vie professionnelle<\/strong> dans les meilleures conditions. Les femmes qui le souhaitent doivent donc pouvoir utiliser l&rsquo;heure d&rsquo;allaitement <strong>pr\u00e9vue par le code du travail<\/strong> dans les meilleures conditions.<\/p>\n<p style=\"text-align: justify;\">Vous l&rsquo;avez compris, le respect du <strong>droit des femmes<\/strong> \u00e0 allaiter leur enfant me tient \u00e0 coeur. Qu&rsquo;une femme souhaite <strong>sevrer<\/strong> son enfant au moment de la reprise du travail, je le comprends sans aucun probl\u00e8me ; mais qu&rsquo;une femme soit <strong>contrainte d&rsquo;arr\u00eater<\/strong> son allaitement parce qu&rsquo;elle n&rsquo;a pas la possibilit\u00e9 de tirer son lait au travail ou parce que son patron l&rsquo;envoie faire des<strong> d\u00e9placements<\/strong> de plusieurs jours trop souvent ou encore parce que la cr\u00e8che <strong>refuse<\/strong> de donner son lait \u00e0 son b\u00e9b\u00e9, je trouve cela <strong>inadmissible<\/strong>.<\/p>\n<p style=\"text-align: justify;\">Peut-\u00eatre pourrait-on imaginer qu&rsquo;un jour cette id\u00e9e fasse son chemin et que les femmes n&rsquo;aient plus \u00e0 se battre pour faire respecter leurs droits. C&rsquo;est en tout cas dans ce sens que je travaille&#8230;<\/p>\n<p style=\"text-align: justify;\">Et <strong>vous<\/strong>, qu&rsquo;en pensez-vous ?<\/p>\n<p>&nbsp;<\/p>\n","protected":false},"excerpt":{"rendered":"<p>Jeudi a d\u00e9but\u00e9 la semaine pour la qualit\u00e9 de vie au travail qui a lieu du 11 au 19 juin. Cette ann\u00e9e l&rsquo;accent est mis sur le stress au travail.<\/p>\n","protected":false},"author":170,"featured_media":457,"comment_status":"open","ping_status":"open","sticky":false,"template":"","format":"standard","meta":{"_et_pb_use_builder":"","_et_pb_old_content":"","_et_gb_content_width":"","footnotes":""},"categories":[34,36,37,40,41],"tags":[109,107,108,59],"class_list":["post-454","post","type-post","status-publish","format-standard","has-post-thumbnail","hentry","category-actualites","category-allaitement-et-travail","category-articulation-vie-professionnelle-vie-famille","category-entreprises","category-femmes-et-societe","tag-conditions-de-travail","tag-qualite-de-vie","tag-stress","tag-travail"],"yoast_head":"<!-- This site is optimized with the Yoast SEO plugin v27.4 - https:\/\/yoast.com\/product\/yoast-seo-wordpress\/ -->\n<title>Semaine pour la qualit\u00e9 de vie au travail<\/title>\n<meta name=\"description\" content=\"Jeudi a d\u00e9but\u00e9 la semaine pour la qualit\u00e9 de vie au travail qui a lieu du 11 au 19 juin. Cette ann\u00e9e l&#039;accent est mis sur le stress au travail.\" \/>\n<meta name=\"robots\" content=\"index, follow, max-snippet:-1, max-image-preview:large, max-video-preview:-1\" \/>\n<link rel=\"canonical\" href=\"https:\/\/www.lactissima.com\/a-tire-d-ailes\/semaine-pour-la-qualite-de-vie-au-travail\/\" \/>\n<meta property=\"og:locale\" content=\"fr_FR\" \/>\n<meta property=\"og:type\" content=\"article\" \/>\n<meta property=\"og:title\" content=\"Semaine pour la qualit\u00e9 de vie au travail\" \/>\n<meta property=\"og:description\" content=\"Jeudi a d\u00e9but\u00e9 la semaine pour la qualit\u00e9 de vie au travail qui a lieu du 11 au 19 juin. Cette ann\u00e9e l&#039;accent est mis sur le stress au travail.\" \/>\n<meta property=\"og:url\" content=\"https:\/\/www.lactissima.com\/a-tire-d-ailes\/semaine-pour-la-qualite-de-vie-au-travail\/\" \/>\n<meta property=\"og:site_name\" content=\"A tire d&#039;Ailes\" \/>\n<meta property=\"article:publisher\" content=\"https:\/\/www.facebook.com\/consultante.en.lactation\" \/>\n<meta property=\"article:author\" content=\"www.facebook.com\/consultante.en.lactation\" \/>\n<meta property=\"article:published_time\" content=\"2009-06-13T19:04:44+00:00\" \/>\n<meta property=\"article:modified_time\" content=\"2018-02-10T18:21:29+00:00\" \/>\n<meta property=\"og:image\" content=\"https:\/\/www.lactissima.com\/a-tire-d-ailes\/wp-content\/uploads\/nl007.jpg\" \/>\n\t<meta property=\"og:image:width\" content=\"400\" \/>\n\t<meta property=\"og:image:height\" content=\"267\" \/>\n\t<meta property=\"og:image:type\" content=\"image\/jpeg\" \/>\n<meta name=\"author\" content=\"V\u00e9ronique Darmangeat\" \/>\n<meta name=\"twitter:card\" content=\"summary_large_image\" \/>\n<meta name=\"twitter:creator\" content=\"@VeroniqueIBCLC\" \/>\n<meta name=\"twitter:site\" content=\"@VeroniqueIBCLC\" \/>\n<meta name=\"twitter:label1\" content=\"\u00c9crit par\" \/>\n\t<meta name=\"twitter:data1\" content=\"V\u00e9ronique Darmangeat\" \/>\n\t<meta name=\"twitter:label2\" content=\"Dur\u00e9e de lecture estim\u00e9e\" \/>\n\t<meta name=\"twitter:data2\" content=\"2 minutes\" \/>\n<script type=\"application\/ld+json\" class=\"yoast-schema-graph\">{\"@context\":\"https:\\\/\\\/schema.org\",\"@graph\":[{\"@type\":\"Article\",\"@id\":\"https:\\\/\\\/www.lactissima.com\\\/a-tire-d-ailes\\\/semaine-pour-la-qualite-de-vie-au-travail\\\/#article\",\"isPartOf\":{\"@id\":\"https:\\\/\\\/www.lactissima.com\\\/a-tire-d-ailes\\\/semaine-pour-la-qualite-de-vie-au-travail\\\/\"},\"author\":{\"name\":\"V\u00e9ronique Darmangeat\",\"@id\":\"https:\\\/\\\/www.lactissima.com\\\/a-tire-d-ailes\\\/#\\\/schema\\\/person\\\/8f98d3a89530861bc1240e6d53d44eed\"},\"headline\":\"Semaine pour la qualit\u00e9 de vie au travail\",\"datePublished\":\"2009-06-13T19:04:44+00:00\",\"dateModified\":\"2018-02-10T18:21:29+00:00\",\"mainEntityOfPage\":{\"@id\":\"https:\\\/\\\/www.lactissima.com\\\/a-tire-d-ailes\\\/semaine-pour-la-qualite-de-vie-au-travail\\\/\"},\"wordCount\":344,\"commentCount\":0,\"image\":{\"@id\":\"https:\\\/\\\/www.lactissima.com\\\/a-tire-d-ailes\\\/semaine-pour-la-qualite-de-vie-au-travail\\\/#primaryimage\"},\"thumbnailUrl\":\"https:\\\/\\\/www.lactissima.com\\\/a-tire-d-ailes\\\/wp-content\\\/uploads\\\/nl007.jpg\",\"keywords\":[\"conditions de travail\",\"qualit\u00e9 de vie\",\"stress\",\"travail\"],\"articleSection\":[\"Actualit\u00e9s\",\"Allaitement et Travail\",\"Articulation Vie Professionnelle Vie Famille\",\"Entreprises\",\"Femmes et Soci\u00e9t\u00e9\"],\"inLanguage\":\"fr-FR\",\"potentialAction\":[{\"@type\":\"CommentAction\",\"name\":\"Comment\",\"target\":[\"https:\\\/\\\/www.lactissima.com\\\/a-tire-d-ailes\\\/semaine-pour-la-qualite-de-vie-au-travail\\\/#respond\"]}]},{\"@type\":\"WebPage\",\"@id\":\"https:\\\/\\\/www.lactissima.com\\\/a-tire-d-ailes\\\/semaine-pour-la-qualite-de-vie-au-travail\\\/\",\"url\":\"https:\\\/\\\/www.lactissima.com\\\/a-tire-d-ailes\\\/semaine-pour-la-qualite-de-vie-au-travail\\\/\",\"name\":\"Semaine pour la qualit\u00e9 de vie au travail\",\"isPartOf\":{\"@id\":\"https:\\\/\\\/www.lactissima.com\\\/a-tire-d-ailes\\\/#website\"},\"primaryImageOfPage\":{\"@id\":\"https:\\\/\\\/www.lactissima.com\\\/a-tire-d-ailes\\\/semaine-pour-la-qualite-de-vie-au-travail\\\/#primaryimage\"},\"image\":{\"@id\":\"https:\\\/\\\/www.lactissima.com\\\/a-tire-d-ailes\\\/semaine-pour-la-qualite-de-vie-au-travail\\\/#primaryimage\"},\"thumbnailUrl\":\"https:\\\/\\\/www.lactissima.com\\\/a-tire-d-ailes\\\/wp-content\\\/uploads\\\/nl007.jpg\",\"datePublished\":\"2009-06-13T19:04:44+00:00\",\"dateModified\":\"2018-02-10T18:21:29+00:00\",\"author\":{\"@id\":\"https:\\\/\\\/www.lactissima.com\\\/a-tire-d-ailes\\\/#\\\/schema\\\/person\\\/8f98d3a89530861bc1240e6d53d44eed\"},\"description\":\"Jeudi a d\u00e9but\u00e9 la semaine pour la qualit\u00e9 de vie au travail qui a lieu du 11 au 19 juin. Cette ann\u00e9e l'accent est mis sur le stress au travail.\",\"breadcrumb\":{\"@id\":\"https:\\\/\\\/www.lactissima.com\\\/a-tire-d-ailes\\\/semaine-pour-la-qualite-de-vie-au-travail\\\/#breadcrumb\"},\"inLanguage\":\"fr-FR\",\"potentialAction\":[{\"@type\":\"ReadAction\",\"target\":[\"https:\\\/\\\/www.lactissima.com\\\/a-tire-d-ailes\\\/semaine-pour-la-qualite-de-vie-au-travail\\\/\"]}]},{\"@type\":\"ImageObject\",\"inLanguage\":\"fr-FR\",\"@id\":\"https:\\\/\\\/www.lactissima.com\\\/a-tire-d-ailes\\\/semaine-pour-la-qualite-de-vie-au-travail\\\/#primaryimage\",\"url\":\"https:\\\/\\\/www.lactissima.com\\\/a-tire-d-ailes\\\/wp-content\\\/uploads\\\/nl007.jpg\",\"contentUrl\":\"https:\\\/\\\/www.lactissima.com\\\/a-tire-d-ailes\\\/wp-content\\\/uploads\\\/nl007.jpg\",\"width\":\"400\",\"height\":\"267\"},{\"@type\":\"BreadcrumbList\",\"@id\":\"https:\\\/\\\/www.lactissima.com\\\/a-tire-d-ailes\\\/semaine-pour-la-qualite-de-vie-au-travail\\\/#breadcrumb\",\"itemListElement\":[{\"@type\":\"ListItem\",\"position\":1,\"name\":\"Accueil\",\"item\":\"https:\\\/\\\/www.lactissima.com\\\/a-tire-d-ailes\\\/\"},{\"@type\":\"ListItem\",\"position\":2,\"name\":\"Semaine pour la qualit\u00e9 de vie au travail\"}]},{\"@type\":\"WebSite\",\"@id\":\"https:\\\/\\\/www.lactissima.com\\\/a-tire-d-ailes\\\/#website\",\"url\":\"https:\\\/\\\/www.lactissima.com\\\/a-tire-d-ailes\\\/\",\"name\":\"A tire d&#039;Ailes\",\"description\":\"Le blog des femmes qui allaitent et travaillent.\",\"potentialAction\":[{\"@type\":\"SearchAction\",\"target\":{\"@type\":\"EntryPoint\",\"urlTemplate\":\"https:\\\/\\\/www.lactissima.com\\\/a-tire-d-ailes\\\/?s={search_term_string}\"},\"query-input\":{\"@type\":\"PropertyValueSpecification\",\"valueRequired\":true,\"valueName\":\"search_term_string\"}}],\"inLanguage\":\"fr-FR\"},{\"@type\":\"Person\",\"@id\":\"https:\\\/\\\/www.lactissima.com\\\/a-tire-d-ailes\\\/#\\\/schema\\\/person\\\/8f98d3a89530861bc1240e6d53d44eed\",\"name\":\"V\u00e9ronique Darmangeat\",\"image\":{\"@type\":\"ImageObject\",\"inLanguage\":\"fr-FR\",\"@id\":\"https:\\\/\\\/secure.gravatar.com\\\/avatar\\\/268c99344c89cebfe4f5df5fa8be43068a18884fc76a29f3206fae98465b9cab?s=96&d=identicon&r=g\",\"url\":\"https:\\\/\\\/secure.gravatar.com\\\/avatar\\\/268c99344c89cebfe4f5df5fa8be43068a18884fc76a29f3206fae98465b9cab?s=96&d=identicon&r=g\",\"contentUrl\":\"https:\\\/\\\/secure.gravatar.com\\\/avatar\\\/268c99344c89cebfe4f5df5fa8be43068a18884fc76a29f3206fae98465b9cab?s=96&d=identicon&r=g\",\"caption\":\"V\u00e9ronique Darmangeat\"},\"sameAs\":[\"https:\\\/\\\/www.lactissima.com\\\/a-tire-d-ailes\",\"www.facebook.com\\\/consultante.en.lactation\"]}]}<\/script>\n<!-- \/ Yoast SEO plugin. -->","yoast_head_json":{"title":"Semaine pour la qualit\u00e9 de vie au travail","description":"Jeudi a d\u00e9but\u00e9 la semaine pour la qualit\u00e9 de vie au travail qui a lieu du 11 au 19 juin. Cette ann\u00e9e l'accent est mis sur le stress au travail.","robots":{"index":"index","follow":"follow","max-snippet":"max-snippet:-1","max-image-preview":"max-image-preview:large","max-video-preview":"max-video-preview:-1"},"canonical":"https:\/\/www.lactissima.com\/a-tire-d-ailes\/semaine-pour-la-qualite-de-vie-au-travail\/","og_locale":"fr_FR","og_type":"article","og_title":"Semaine pour la qualit\u00e9 de vie au travail","og_description":"Jeudi a d\u00e9but\u00e9 la semaine pour la qualit\u00e9 de vie au travail qui a lieu du 11 au 19 juin. Cette ann\u00e9e l'accent est mis sur le stress au travail.","og_url":"https:\/\/www.lactissima.com\/a-tire-d-ailes\/semaine-pour-la-qualite-de-vie-au-travail\/","og_site_name":"A tire d&#039;Ailes","article_publisher":"https:\/\/www.facebook.com\/consultante.en.lactation","article_author":"www.facebook.com\/consultante.en.lactation","article_published_time":"2009-06-13T19:04:44+00:00","article_modified_time":"2018-02-10T18:21:29+00:00","og_image":[{"width":400,"height":267,"url":"https:\/\/www.lactissima.com\/a-tire-d-ailes\/wp-content\/uploads\/nl007.jpg","type":"image\/jpeg"}],"author":"V\u00e9ronique Darmangeat","twitter_card":"summary_large_image","twitter_creator":"@VeroniqueIBCLC","twitter_site":"@VeroniqueIBCLC","twitter_misc":{"\u00c9crit par":"V\u00e9ronique Darmangeat","Dur\u00e9e de lecture estim\u00e9e":"2 minutes"},"schema":{"@context":"https:\/\/schema.org","@graph":[{"@type":"Article","@id":"https:\/\/www.lactissima.com\/a-tire-d-ailes\/semaine-pour-la-qualite-de-vie-au-travail\/#article","isPartOf":{"@id":"https:\/\/www.lactissima.com\/a-tire-d-ailes\/semaine-pour-la-qualite-de-vie-au-travail\/"},"author":{"name":"V\u00e9ronique Darmangeat","@id":"https:\/\/www.lactissima.com\/a-tire-d-ailes\/#\/schema\/person\/8f98d3a89530861bc1240e6d53d44eed"},"headline":"Semaine pour la qualit\u00e9 de vie au travail","datePublished":"2009-06-13T19:04:44+00:00","dateModified":"2018-02-10T18:21:29+00:00","mainEntityOfPage":{"@id":"https:\/\/www.lactissima.com\/a-tire-d-ailes\/semaine-pour-la-qualite-de-vie-au-travail\/"},"wordCount":344,"commentCount":0,"image":{"@id":"https:\/\/www.lactissima.com\/a-tire-d-ailes\/semaine-pour-la-qualite-de-vie-au-travail\/#primaryimage"},"thumbnailUrl":"https:\/\/www.lactissima.com\/a-tire-d-ailes\/wp-content\/uploads\/nl007.jpg","keywords":["conditions de travail","qualit\u00e9 de vie","stress","travail"],"articleSection":["Actualit\u00e9s","Allaitement et Travail","Articulation Vie Professionnelle Vie Famille","Entreprises","Femmes et Soci\u00e9t\u00e9"],"inLanguage":"fr-FR","potentialAction":[{"@type":"CommentAction","name":"Comment","target":["https:\/\/www.lactissima.com\/a-tire-d-ailes\/semaine-pour-la-qualite-de-vie-au-travail\/#respond"]}]},{"@type":"WebPage","@id":"https:\/\/www.lactissima.com\/a-tire-d-ailes\/semaine-pour-la-qualite-de-vie-au-travail\/","url":"https:\/\/www.lactissima.com\/a-tire-d-ailes\/semaine-pour-la-qualite-de-vie-au-travail\/","name":"Semaine pour la qualit\u00e9 de vie au travail","isPartOf":{"@id":"https:\/\/www.lactissima.com\/a-tire-d-ailes\/#website"},"primaryImageOfPage":{"@id":"https:\/\/www.lactissima.com\/a-tire-d-ailes\/semaine-pour-la-qualite-de-vie-au-travail\/#primaryimage"},"image":{"@id":"https:\/\/www.lactissima.com\/a-tire-d-ailes\/semaine-pour-la-qualite-de-vie-au-travail\/#primaryimage"},"thumbnailUrl":"https:\/\/www.lactissima.com\/a-tire-d-ailes\/wp-content\/uploads\/nl007.jpg","datePublished":"2009-06-13T19:04:44+00:00","dateModified":"2018-02-10T18:21:29+00:00","author":{"@id":"https:\/\/www.lactissima.com\/a-tire-d-ailes\/#\/schema\/person\/8f98d3a89530861bc1240e6d53d44eed"},"description":"Jeudi a d\u00e9but\u00e9 la semaine pour la qualit\u00e9 de vie au travail qui a lieu du 11 au 19 juin. Cette ann\u00e9e l'accent est mis sur le stress au travail.","breadcrumb":{"@id":"https:\/\/www.lactissima.com\/a-tire-d-ailes\/semaine-pour-la-qualite-de-vie-au-travail\/#breadcrumb"},"inLanguage":"fr-FR","potentialAction":[{"@type":"ReadAction","target":["https:\/\/www.lactissima.com\/a-tire-d-ailes\/semaine-pour-la-qualite-de-vie-au-travail\/"]}]},{"@type":"ImageObject","inLanguage":"fr-FR","@id":"https:\/\/www.lactissima.com\/a-tire-d-ailes\/semaine-pour-la-qualite-de-vie-au-travail\/#primaryimage","url":"https:\/\/www.lactissima.com\/a-tire-d-ailes\/wp-content\/uploads\/nl007.jpg","contentUrl":"https:\/\/www.lactissima.com\/a-tire-d-ailes\/wp-content\/uploads\/nl007.jpg","width":"400","height":"267"},{"@type":"BreadcrumbList","@id":"https:\/\/www.lactissima.com\/a-tire-d-ailes\/semaine-pour-la-qualite-de-vie-au-travail\/#breadcrumb","itemListElement":[{"@type":"ListItem","position":1,"name":"Accueil","item":"https:\/\/www.lactissima.com\/a-tire-d-ailes\/"},{"@type":"ListItem","position":2,"name":"Semaine pour la qualit\u00e9 de vie au travail"}]},{"@type":"WebSite","@id":"https:\/\/www.lactissima.com\/a-tire-d-ailes\/#website","url":"https:\/\/www.lactissima.com\/a-tire-d-ailes\/","name":"A tire d&#039;Ailes","description":"Le blog des femmes qui allaitent et travaillent.","potentialAction":[{"@type":"SearchAction","target":{"@type":"EntryPoint","urlTemplate":"https:\/\/www.lactissima.com\/a-tire-d-ailes\/?s={search_term_string}"},"query-input":{"@type":"PropertyValueSpecification","valueRequired":true,"valueName":"search_term_string"}}],"inLanguage":"fr-FR"},{"@type":"Person","@id":"https:\/\/www.lactissima.com\/a-tire-d-ailes\/#\/schema\/person\/8f98d3a89530861bc1240e6d53d44eed","name":"V\u00e9ronique Darmangeat","image":{"@type":"ImageObject","inLanguage":"fr-FR","@id":"https:\/\/secure.gravatar.com\/avatar\/268c99344c89cebfe4f5df5fa8be43068a18884fc76a29f3206fae98465b9cab?s=96&d=identicon&r=g","url":"https:\/\/secure.gravatar.com\/avatar\/268c99344c89cebfe4f5df5fa8be43068a18884fc76a29f3206fae98465b9cab?s=96&d=identicon&r=g","contentUrl":"https:\/\/secure.gravatar.com\/avatar\/268c99344c89cebfe4f5df5fa8be43068a18884fc76a29f3206fae98465b9cab?s=96&d=identicon&r=g","caption":"V\u00e9ronique Darmangeat"},"sameAs":["https:\/\/www.lactissima.com\/a-tire-d-ailes","www.facebook.com\/consultante.en.lactation"]}]}},"_links":{"self":[{"href":"https:\/\/www.lactissima.com\/a-tire-d-ailes\/wp-json\/wp\/v2\/posts\/454","targetHints":{"allow":["GET"]}}],"collection":[{"href":"https:\/\/www.lactissima.com\/a-tire-d-ailes\/wp-json\/wp\/v2\/posts"}],"about":[{"href":"https:\/\/www.lactissima.com\/a-tire-d-ailes\/wp-json\/wp\/v2\/types\/post"}],"author":[{"embeddable":true,"href":"https:\/\/www.lactissima.com\/a-tire-d-ailes\/wp-json\/wp\/v2\/users\/170"}],"replies":[{"embeddable":true,"href":"https:\/\/www.lactissima.com\/a-tire-d-ailes\/wp-json\/wp\/v2\/comments?post=454"}],"version-history":[{"count":15,"href":"https:\/\/www.lactissima.com\/a-tire-d-ailes\/wp-json\/wp\/v2\/posts\/454\/revisions"}],"predecessor-version":[{"id":7530,"href":"https:\/\/www.lactissima.com\/a-tire-d-ailes\/wp-json\/wp\/v2\/posts\/454\/revisions\/7530"}],"wp:featuredmedia":[{"embeddable":true,"href":"https:\/\/www.lactissima.com\/a-tire-d-ailes\/wp-json\/wp\/v2\/media\/457"}],"wp:attachment":[{"href":"https:\/\/www.lactissima.com\/a-tire-d-ailes\/wp-json\/wp\/v2\/media?parent=454"}],"wp:term":[{"taxonomy":"category","embeddable":true,"href":"https:\/\/www.lactissima.com\/a-tire-d-ailes\/wp-json\/wp\/v2\/categories?post=454"},{"taxonomy":"post_tag","embeddable":true,"href":"https:\/\/www.lactissima.com\/a-tire-d-ailes\/wp-json\/wp\/v2\/tags?post=454"}],"curies":[{"name":"wp","href":"https:\/\/api.w.org\/{rel}","templated":true}]}}