{"id":45,"date":"2009-02-02T22:10:50","date_gmt":"2009-02-02T21:10:50","guid":{"rendered":"https:\/\/www.lactissima.com\/a-tire-d-ailes\/?p=45"},"modified":"2022-06-10T08:48:28","modified_gmt":"2022-06-10T06:48:28","slug":"sevrage-creche","status":"publish","type":"post","link":"https:\/\/www.lactissima.com\/a-tire-d-ailes\/sevrage-creche\/","title":{"rendered":"Mon b\u00e9b\u00e9 va \u00eatre gard\u00e9 en cr\u00e8che : que se cache-t-il derri\u00e8re cette injonction de sevrage ?"},"content":{"rendered":"<p style=\"text-align: justify;\">Encore trop souvent \u00e0 mon go\u00fbt, j&rsquo;entends les femmes  raconter que la cr\u00e8che qui va tr\u00e8s bient\u00f4t s&rsquo;occuper de leur enfant leur a demand\u00e9 de sevrer b\u00e9b\u00e9&#8230;<\/p>\n<p style=\"text-align: justify;\">Quelle justification les cr\u00e8ches apportent-elles \u00e0 cette demande ? Souvent aucune, soyons clairs. <strong>Il s&rsquo;agit principalement de la peur de se tromper dans la manipulation du lait<\/strong> (n&rsquo;oublions pas que la France est encore traumatis\u00e9e par l&rsquo;histoire du sang contamin\u00e9) et de donner \u00e0 un autre b\u00e9b\u00e9 le lait maternel qui est destin\u00e9 \u00e0 votre fiston.   Pourtant, chaque maman apporte la plupart du temps un lait diff\u00e9rent de celui qui nourrit le petit copain.  Les boites de lait sont soigneusement \u00e9tiquet\u00e9es, tout comme vous allez \u00e9tiqueter votre biberon de lait maternel.<\/p>\n<p style=\"text-align: justify;\"><strong>La cr\u00e8che peut \u00e9galement refuser pour des raisons d&rsquo;hygi\u00e8ne <\/strong>:  peur de contaminer votre b\u00e9b\u00e9 avec un produit dont le personnel  ignore souvent tout des conditions de recueil et de conservation.<\/p>\n<p style=\"text-align: justify;\">Plus difficile \u00e0 vivre pour les mamans, le discours culpabilisant :<strong>\u00a0\u00bb il faut le sevrer,  Madame, car il est trop attach\u00e9 \u00e0 vous\u00a0\u00bb<\/strong>.  L\u00e0 derri\u00e8re se cachent toutes  les craintes au sujet de la m\u00e8re fusionnelle, ainsi que la m\u00e9connaissance des rythmes et des besoins des b\u00e9b\u00e9s allait\u00e9s. Tr\u00e8s concr\u00e8tement la personne qui va s&rsquo;occuper de l&rsquo;enfant peut avoir peur de ne pas r\u00e9ussir \u00e0 calmer ce b\u00e9b\u00e9 qui \u00e0 l&rsquo;habitude de la chaleur des bras de sa maman.<\/p>\n<p style=\"text-align: justify;\">Parfois la cr\u00e8che demande aux mamans de  \u00ab\u00a0substituer le lait maternel \u00e0 un autre aliment (solide ou liquide) afin que conform\u00e9ment aux r\u00e8gles HACCP , plus aucun aliment non tra\u00e7able ne soit introduit \u00e0 la cr\u00e8che.\u00a0\u00bb Alors l\u00e0 , dur dur, vous avez une cr\u00e8che qui assimile le lait maternel aux fluides corporels et qui, par peur de la contamination pour son personnel, applique une r\u00e8gle strictement, sans r\u00e9fl\u00e9chir.<\/p>\n<p style=\"text-align: justify;\">Comme vous voyez, les raisons de cette demande de sevrage peuvent-\u00eatre multiples. <strong>Il s&rsquo;agit donc d&rsquo;en parler, d&rsquo;en parler et d&rsquo;en parler&#8230; avant de commencer l&rsquo;adaptation.<\/strong> Ce sera plus facile pour vous d&rsquo;en discuter de mani\u00e8re d\u00e9tendue et si vous \u00eates d\u00e9tendue, ce sera plus facile pour le personnel de la cr\u00e8che de vous entendre, parce qu&rsquo;ils n&rsquo;auront pas le sentiment d&rsquo;\u00eatre dans la confrontation.<\/p>\n<p style=\"text-align: justify;\"><a href=\"https:\/\/www.lactissima.com\/a-tire-d-ailes\/wp-content\/uploads\/Allaitement-maternel-a-la-creche_Page_1.jpg\" target=\"_blank\" rel=\"noopener noreferrer\"><img loading=\"lazy\" decoding=\"async\" class=\"alignleft size-thumbnail wp-image-3665\" title=\"sevrage cr\u00e8che\" src=\"https:\/\/www.lactissima.com\/a-tire-d-ailes\/wp-content\/uploads\/Allaitement-maternel-a-la-creche_Page_1-150x150.jpg\" alt=\"sevrage cr\u00e8che\" width=\"150\" height=\"150\" \/><\/a>D\u00e8s lors que dire ?<\/p>\n<p style=\"text-align: justify;\">Vous pouvez tout d&rsquo;abord \u00e9couter et essayer de comprendre quelles sont les peurs derri\u00e8re les raisons invoqu\u00e9es. N&rsquo;oubliez pas que le personnel de la cr\u00e8che fait partie des professionnels de la petite enfance, et \u00e0 ce titre, est tr\u00e8s soucieux du bien-\u00eatre de votre b\u00e9b\u00e9.  Entendez et faites savoir que vous entendez ce souci.<\/p>\n<p style=\"text-align: justify;\">Ensuite, vous pouvez donner de l&rsquo;information et sugg\u00e9rer d&rsquo;en discuter ensemble. De plus en plus de brochures sont publi\u00e9es sur le sujet :<\/p>\n<ul style=\"text-align: justify;\">\n<li>La mairie de Paris accueille depuis 2002 les b\u00e9b\u00e9s allait\u00e9s dans les cr\u00e8ches collectives et familiales :  \u00c2\u00ab L&rsquo;entr\u00e9e \u00e0 la cr\u00e8che n&rsquo;est pas synonyme de sevrage. L&rsquo;allaitement maternel est d&rsquo;un nourrisson en cr\u00e8che est possible et m\u00eame souhaitable\u00a0\u00bb.  La brochure \u00ab\u00a0<a href=\"https:\/\/cdn.paris.fr\/paris\/2019\/07\/24\/2ff263804bd4cf1309393f5b929345c2.pdf\" target=\"_blank\" rel=\"noopener noreferrer\">Allaitement maternel \u00e0 la cr\u00e8che<\/a>\u00a0\u00bb conseille les parents sur la mani\u00e8re de s&rsquo;y prendre.<\/li>\n<\/ul>\n<ul style=\"text-align: justify;\">\n<li>Le Conseil G\u00e9n\u00e9ral des Alpes Maritimes a publi\u00e9 une brochure intitul\u00e9e \u00ab\u00a0Allaiter et confier son enfant \u00e0 des tiers\u00a0\u00bb.<a href=\"https:\/\/www.lactissima.com\/a-tire-d-ailes\/wp-content\/uploads\/Allaitement-maternel-a-la-creche_Page_2.jpg\" target=\"_blank\" rel=\"noopener noreferrer\"><img loading=\"lazy\" decoding=\"async\" class=\"alignright size-thumbnail wp-image-3666\" title=\"r\u00e9glementation cr\u00e8ches parisiennes\" src=\"https:\/\/www.lactissima.com\/a-tire-d-ailes\/wp-content\/uploads\/Allaitement-maternel-a-la-creche_Page_2-150x150.jpg\" alt=\"\" width=\"150\" height=\"150\" \/><\/a><\/li>\n<\/ul>\n<ul style=\"text-align: justify;\">\n<li>La ville de Pau, en collaboration avec la Caisse Primaire d&rsquo;Assurance Maladie, a publi\u00e9 une brochure intitul\u00e9e \u00ab\u00a0le b\u00e9b\u00e9 allait\u00e9 et les modes d&rsquo;accueil\u00a0\u00bb.<\/li>\n<li>Juliette Le Roy, m\u00e9decin, a publi\u00e9 un article dans la revue Spirale, intitul\u00e9<a title=\"Allaiter \u00e0 la cr\u00e8che ou l'accueil des mamans et de leur b\u00e9b\u00e9 allait\u00e9\" href=\"http:\/\/www.cairn.info\/revue-spirale-2003-3-page-91.htm\"> \u00ab\u00a0Allaiter \u00e0 la cr\u00e8che ou l&rsquo;accueil des mamans et de leur b\u00e9b\u00e9 allait\u00e9\u00a0\u00bb<\/a>. Il d\u00e9crit le projet de la cr\u00e8che familiale \u00ab\u00a0les p&rsquo;tits malins\u00a0\u00bb autour de l&rsquo;accueil des b\u00e9b\u00e9s allait\u00e9s.<\/li>\n<li>Le D\u00e9partement de la Seine Saint Denis, dans son r\u00e8glement int\u00e9rieur des \u00e9tablissements d\u00e9partementaux d&rsquo;accueil du jeune enfant, stipule \u00e0 l&rsquo;article 5 sur l&rsquo;alimentation : \u00ab\u00a0la poursuite de l&rsquo;allaitement maternel, soit au sein, soit par du lait tir\u00e9, est possible dans les \u00e9tablissements d\u00e9partementaux, d\u00e8s lors que la m\u00e8re le souhaite. (merci Elisabeth ;-))<\/li>\n<\/ul>\n<p style=\"text-align: justify;\">Et chez vous, comment cela se passe-t-il ?<\/p>\n<p>&nbsp;<\/p>\n","protected":false},"excerpt":{"rendered":"<p>La cr\u00e8che qui va tr\u00e8s bient\u00f4t s&rsquo;occuper de votre enfant vous a demand\u00e9 de sevrer b\u00e9b\u00e9&#8230;Que se cache-t-il derri\u00e8re cette demande ? Comment s&rsquo;y prendre et quoi dire ?<\/p>\n","protected":false},"author":4,"featured_media":3665,"comment_status":"open","ping_status":"open","sticky":false,"template":"","format":"standard","meta":{"_et_pb_use_builder":"","_et_pb_old_content":"","_et_gb_content_width":"","footnotes":""},"categories":[35,36,37,712,46],"tags":[435,437,50,436],"class_list":["post-45","post","type-post","status-publish","format-standard","has-post-thumbnail","hentry","category-allaitement","category-allaitement-et-travail","category-articulation-vie-professionnelle-vie-famille","category-mode-de-garde","category-vie-de-famille","tag-allaitement-maternel-a-la-creche","tag-allaiter-a-la-creche-ou-laccueil-des-mamans-et-de-leur-bebe-allaite","tag-creche","tag-le-bebe-allaite-et-les-modes-daccueil"],"yoast_head":"<!-- This site is optimized with the Yoast SEO plugin v27.4 - https:\/\/yoast.com\/product\/yoast-seo-wordpress\/ -->\n<title>sevrage cr\u00e8che<\/title>\n<meta name=\"description\" content=\"La cr\u00e8che qui va tr\u00e8s bient\u00f4t s&#039;occuper de votre enfant vous a demand\u00e9 de sevrer b\u00e9b\u00e9... Sevrage cr\u00e8che sont-ils synonymes ?\" \/>\n<meta name=\"robots\" content=\"index, follow, max-snippet:-1, max-image-preview:large, max-video-preview:-1\" \/>\n<link rel=\"canonical\" href=\"https:\/\/www.lactissima.com\/a-tire-d-ailes\/sevrage-creche\/\" \/>\n<meta property=\"og:locale\" content=\"fr_FR\" \/>\n<meta property=\"og:type\" content=\"article\" \/>\n<meta property=\"og:title\" content=\"sevrage cr\u00e8che\" \/>\n<meta property=\"og:description\" content=\"La cr\u00e8che qui va tr\u00e8s bient\u00f4t s&#039;occuper de votre enfant vous a demand\u00e9 de sevrer b\u00e9b\u00e9... Sevrage cr\u00e8che sont-ils synonymes ?\" \/>\n<meta property=\"og:url\" content=\"https:\/\/www.lactissima.com\/a-tire-d-ailes\/sevrage-creche\/\" \/>\n<meta property=\"og:site_name\" content=\"A tire d&#039;Ailes\" \/>\n<meta property=\"article:publisher\" content=\"https:\/\/www.facebook.com\/consultante.en.lactation\" \/>\n<meta property=\"article:published_time\" content=\"2009-02-02T21:10:50+00:00\" \/>\n<meta property=\"article:modified_time\" content=\"2022-06-10T06:48:28+00:00\" \/>\n<meta property=\"og:image\" content=\"https:\/\/www.lactissima.com\/a-tire-d-ailes\/wp-content\/uploads\/Allaitement-maternel-a-la-creche_Page_1.jpg\" \/>\n\t<meta property=\"og:image:width\" content=\"2151\" \/>\n\t<meta property=\"og:image:height\" content=\"968\" \/>\n\t<meta property=\"og:image:type\" content=\"image\/jpeg\" \/>\n<meta name=\"author\" content=\"Christine\" \/>\n<meta name=\"twitter:card\" content=\"summary_large_image\" \/>\n<meta name=\"twitter:creator\" content=\"@VeroniqueIBCLC\" \/>\n<meta name=\"twitter:site\" content=\"@VeroniqueIBCLC\" \/>\n<meta name=\"twitter:label1\" content=\"\u00c9crit par\" \/>\n\t<meta name=\"twitter:data1\" content=\"Christine\" \/>\n\t<meta name=\"twitter:label2\" content=\"Dur\u00e9e de lecture estim\u00e9e\" \/>\n\t<meta name=\"twitter:data2\" content=\"3 minutes\" \/>\n<script type=\"application\/ld+json\" class=\"yoast-schema-graph\">{\"@context\":\"https:\\\/\\\/schema.org\",\"@graph\":[{\"@type\":\"Article\",\"@id\":\"https:\\\/\\\/www.lactissima.com\\\/a-tire-d-ailes\\\/sevrage-creche\\\/#article\",\"isPartOf\":{\"@id\":\"https:\\\/\\\/www.lactissima.com\\\/a-tire-d-ailes\\\/sevrage-creche\\\/\"},\"author\":{\"name\":\"Christine\",\"@id\":\"https:\\\/\\\/www.lactissima.com\\\/a-tire-d-ailes\\\/#\\\/schema\\\/person\\\/24d3b4fa046c81b5f3b4717c8b039b7c\"},\"headline\":\"Mon b\u00e9b\u00e9 va \u00eatre gard\u00e9 en cr\u00e8che : que se cache-t-il derri\u00e8re cette injonction de sevrage ?\",\"datePublished\":\"2009-02-02T21:10:50+00:00\",\"dateModified\":\"2022-06-10T06:48:28+00:00\",\"mainEntityOfPage\":{\"@id\":\"https:\\\/\\\/www.lactissima.com\\\/a-tire-d-ailes\\\/sevrage-creche\\\/\"},\"wordCount\":749,\"commentCount\":30,\"image\":{\"@id\":\"https:\\\/\\\/www.lactissima.com\\\/a-tire-d-ailes\\\/sevrage-creche\\\/#primaryimage\"},\"thumbnailUrl\":\"https:\\\/\\\/www.lactissima.com\\\/a-tire-d-ailes\\\/wp-content\\\/uploads\\\/Allaitement-maternel-a-la-creche_Page_1.jpg\",\"keywords\":[\"allaitement maternel \u00e0 la cr\u00e8che\",\"allaiter \u00e0 la cr\u00e8che ou l'accueil des mamans et de leur b\u00e9b\u00e9 allait\u00e9\",\"cr\u00e8che\",\"le b\u00e9b\u00e9 allait\u00e9 et les modes daccueil\"],\"articleSection\":[\"Allaitement\",\"Allaitement et Travail\",\"Articulation Vie Professionnelle Vie Famille\",\"Mode de garde\",\"Vie de famille\"],\"inLanguage\":\"fr-FR\",\"potentialAction\":[{\"@type\":\"CommentAction\",\"name\":\"Comment\",\"target\":[\"https:\\\/\\\/www.lactissima.com\\\/a-tire-d-ailes\\\/sevrage-creche\\\/#respond\"]}]},{\"@type\":\"WebPage\",\"@id\":\"https:\\\/\\\/www.lactissima.com\\\/a-tire-d-ailes\\\/sevrage-creche\\\/\",\"url\":\"https:\\\/\\\/www.lactissima.com\\\/a-tire-d-ailes\\\/sevrage-creche\\\/\",\"name\":\"sevrage cr\u00e8che\",\"isPartOf\":{\"@id\":\"https:\\\/\\\/www.lactissima.com\\\/a-tire-d-ailes\\\/#website\"},\"primaryImageOfPage\":{\"@id\":\"https:\\\/\\\/www.lactissima.com\\\/a-tire-d-ailes\\\/sevrage-creche\\\/#primaryimage\"},\"image\":{\"@id\":\"https:\\\/\\\/www.lactissima.com\\\/a-tire-d-ailes\\\/sevrage-creche\\\/#primaryimage\"},\"thumbnailUrl\":\"https:\\\/\\\/www.lactissima.com\\\/a-tire-d-ailes\\\/wp-content\\\/uploads\\\/Allaitement-maternel-a-la-creche_Page_1.jpg\",\"datePublished\":\"2009-02-02T21:10:50+00:00\",\"dateModified\":\"2022-06-10T06:48:28+00:00\",\"author\":{\"@id\":\"https:\\\/\\\/www.lactissima.com\\\/a-tire-d-ailes\\\/#\\\/schema\\\/person\\\/24d3b4fa046c81b5f3b4717c8b039b7c\"},\"description\":\"La cr\u00e8che qui va tr\u00e8s bient\u00f4t s'occuper de votre enfant vous a demand\u00e9 de sevrer b\u00e9b\u00e9... Sevrage cr\u00e8che sont-ils synonymes ?\",\"breadcrumb\":{\"@id\":\"https:\\\/\\\/www.lactissima.com\\\/a-tire-d-ailes\\\/sevrage-creche\\\/#breadcrumb\"},\"inLanguage\":\"fr-FR\",\"potentialAction\":[{\"@type\":\"ReadAction\",\"target\":[\"https:\\\/\\\/www.lactissima.com\\\/a-tire-d-ailes\\\/sevrage-creche\\\/\"]}]},{\"@type\":\"ImageObject\",\"inLanguage\":\"fr-FR\",\"@id\":\"https:\\\/\\\/www.lactissima.com\\\/a-tire-d-ailes\\\/sevrage-creche\\\/#primaryimage\",\"url\":\"https:\\\/\\\/www.lactissima.com\\\/a-tire-d-ailes\\\/wp-content\\\/uploads\\\/Allaitement-maternel-a-la-creche_Page_1.jpg\",\"contentUrl\":\"https:\\\/\\\/www.lactissima.com\\\/a-tire-d-ailes\\\/wp-content\\\/uploads\\\/Allaitement-maternel-a-la-creche_Page_1.jpg\",\"width\":\"2151\",\"height\":\"968\"},{\"@type\":\"BreadcrumbList\",\"@id\":\"https:\\\/\\\/www.lactissima.com\\\/a-tire-d-ailes\\\/sevrage-creche\\\/#breadcrumb\",\"itemListElement\":[{\"@type\":\"ListItem\",\"position\":1,\"name\":\"Accueil\",\"item\":\"https:\\\/\\\/www.lactissima.com\\\/a-tire-d-ailes\\\/\"},{\"@type\":\"ListItem\",\"position\":2,\"name\":\"Mon b\u00e9b\u00e9 va \u00eatre gard\u00e9 en cr\u00e8che : que se cache-t-il derri\u00e8re cette injonction de sevrage ?\"}]},{\"@type\":\"WebSite\",\"@id\":\"https:\\\/\\\/www.lactissima.com\\\/a-tire-d-ailes\\\/#website\",\"url\":\"https:\\\/\\\/www.lactissima.com\\\/a-tire-d-ailes\\\/\",\"name\":\"A tire d&#039;Ailes\",\"description\":\"Le blog des femmes qui allaitent et travaillent.\",\"potentialAction\":[{\"@type\":\"SearchAction\",\"target\":{\"@type\":\"EntryPoint\",\"urlTemplate\":\"https:\\\/\\\/www.lactissima.com\\\/a-tire-d-ailes\\\/?s={search_term_string}\"},\"query-input\":{\"@type\":\"PropertyValueSpecification\",\"valueRequired\":true,\"valueName\":\"search_term_string\"}}],\"inLanguage\":\"fr-FR\"},{\"@type\":\"Person\",\"@id\":\"https:\\\/\\\/www.lactissima.com\\\/a-tire-d-ailes\\\/#\\\/schema\\\/person\\\/24d3b4fa046c81b5f3b4717c8b039b7c\",\"name\":\"Christine\",\"image\":{\"@type\":\"ImageObject\",\"inLanguage\":\"fr-FR\",\"@id\":\"https:\\\/\\\/secure.gravatar.com\\\/avatar\\\/92fe00cebcd8e99f1fc8cd1e375f0d88faad0dd16515887350c0644bd38c9a17?s=96&d=identicon&r=g\",\"url\":\"https:\\\/\\\/secure.gravatar.com\\\/avatar\\\/92fe00cebcd8e99f1fc8cd1e375f0d88faad0dd16515887350c0644bd38c9a17?s=96&d=identicon&r=g\",\"contentUrl\":\"https:\\\/\\\/secure.gravatar.com\\\/avatar\\\/92fe00cebcd8e99f1fc8cd1e375f0d88faad0dd16515887350c0644bd38c9a17?s=96&d=identicon&r=g\",\"caption\":\"Christine\"},\"sameAs\":[\"http:\\\/\\\/\"]}]}<\/script>\n<!-- \/ Yoast SEO plugin. -->","yoast_head_json":{"title":"sevrage cr\u00e8che","description":"La cr\u00e8che qui va tr\u00e8s bient\u00f4t s'occuper de votre enfant vous a demand\u00e9 de sevrer b\u00e9b\u00e9... Sevrage cr\u00e8che sont-ils synonymes ?","robots":{"index":"index","follow":"follow","max-snippet":"max-snippet:-1","max-image-preview":"max-image-preview:large","max-video-preview":"max-video-preview:-1"},"canonical":"https:\/\/www.lactissima.com\/a-tire-d-ailes\/sevrage-creche\/","og_locale":"fr_FR","og_type":"article","og_title":"sevrage cr\u00e8che","og_description":"La cr\u00e8che qui va tr\u00e8s bient\u00f4t s'occuper de votre enfant vous a demand\u00e9 de sevrer b\u00e9b\u00e9... Sevrage cr\u00e8che sont-ils synonymes ?","og_url":"https:\/\/www.lactissima.com\/a-tire-d-ailes\/sevrage-creche\/","og_site_name":"A tire d&#039;Ailes","article_publisher":"https:\/\/www.facebook.com\/consultante.en.lactation","article_published_time":"2009-02-02T21:10:50+00:00","article_modified_time":"2022-06-10T06:48:28+00:00","og_image":[{"width":2151,"height":968,"url":"https:\/\/www.lactissima.com\/a-tire-d-ailes\/wp-content\/uploads\/Allaitement-maternel-a-la-creche_Page_1.jpg","type":"image\/jpeg"}],"author":"Christine","twitter_card":"summary_large_image","twitter_creator":"@VeroniqueIBCLC","twitter_site":"@VeroniqueIBCLC","twitter_misc":{"\u00c9crit par":"Christine","Dur\u00e9e de lecture estim\u00e9e":"3 minutes"},"schema":{"@context":"https:\/\/schema.org","@graph":[{"@type":"Article","@id":"https:\/\/www.lactissima.com\/a-tire-d-ailes\/sevrage-creche\/#article","isPartOf":{"@id":"https:\/\/www.lactissima.com\/a-tire-d-ailes\/sevrage-creche\/"},"author":{"name":"Christine","@id":"https:\/\/www.lactissima.com\/a-tire-d-ailes\/#\/schema\/person\/24d3b4fa046c81b5f3b4717c8b039b7c"},"headline":"Mon b\u00e9b\u00e9 va \u00eatre gard\u00e9 en cr\u00e8che : que se cache-t-il derri\u00e8re cette injonction de sevrage ?","datePublished":"2009-02-02T21:10:50+00:00","dateModified":"2022-06-10T06:48:28+00:00","mainEntityOfPage":{"@id":"https:\/\/www.lactissima.com\/a-tire-d-ailes\/sevrage-creche\/"},"wordCount":749,"commentCount":30,"image":{"@id":"https:\/\/www.lactissima.com\/a-tire-d-ailes\/sevrage-creche\/#primaryimage"},"thumbnailUrl":"https:\/\/www.lactissima.com\/a-tire-d-ailes\/wp-content\/uploads\/Allaitement-maternel-a-la-creche_Page_1.jpg","keywords":["allaitement maternel \u00e0 la cr\u00e8che","allaiter \u00e0 la cr\u00e8che ou l'accueil des mamans et de leur b\u00e9b\u00e9 allait\u00e9","cr\u00e8che","le b\u00e9b\u00e9 allait\u00e9 et les modes daccueil"],"articleSection":["Allaitement","Allaitement et Travail","Articulation Vie Professionnelle Vie Famille","Mode de garde","Vie de famille"],"inLanguage":"fr-FR","potentialAction":[{"@type":"CommentAction","name":"Comment","target":["https:\/\/www.lactissima.com\/a-tire-d-ailes\/sevrage-creche\/#respond"]}]},{"@type":"WebPage","@id":"https:\/\/www.lactissima.com\/a-tire-d-ailes\/sevrage-creche\/","url":"https:\/\/www.lactissima.com\/a-tire-d-ailes\/sevrage-creche\/","name":"sevrage cr\u00e8che","isPartOf":{"@id":"https:\/\/www.lactissima.com\/a-tire-d-ailes\/#website"},"primaryImageOfPage":{"@id":"https:\/\/www.lactissima.com\/a-tire-d-ailes\/sevrage-creche\/#primaryimage"},"image":{"@id":"https:\/\/www.lactissima.com\/a-tire-d-ailes\/sevrage-creche\/#primaryimage"},"thumbnailUrl":"https:\/\/www.lactissima.com\/a-tire-d-ailes\/wp-content\/uploads\/Allaitement-maternel-a-la-creche_Page_1.jpg","datePublished":"2009-02-02T21:10:50+00:00","dateModified":"2022-06-10T06:48:28+00:00","author":{"@id":"https:\/\/www.lactissima.com\/a-tire-d-ailes\/#\/schema\/person\/24d3b4fa046c81b5f3b4717c8b039b7c"},"description":"La cr\u00e8che qui va tr\u00e8s bient\u00f4t s'occuper de votre enfant vous a demand\u00e9 de sevrer b\u00e9b\u00e9... Sevrage cr\u00e8che sont-ils synonymes ?","breadcrumb":{"@id":"https:\/\/www.lactissima.com\/a-tire-d-ailes\/sevrage-creche\/#breadcrumb"},"inLanguage":"fr-FR","potentialAction":[{"@type":"ReadAction","target":["https:\/\/www.lactissima.com\/a-tire-d-ailes\/sevrage-creche\/"]}]},{"@type":"ImageObject","inLanguage":"fr-FR","@id":"https:\/\/www.lactissima.com\/a-tire-d-ailes\/sevrage-creche\/#primaryimage","url":"https:\/\/www.lactissima.com\/a-tire-d-ailes\/wp-content\/uploads\/Allaitement-maternel-a-la-creche_Page_1.jpg","contentUrl":"https:\/\/www.lactissima.com\/a-tire-d-ailes\/wp-content\/uploads\/Allaitement-maternel-a-la-creche_Page_1.jpg","width":"2151","height":"968"},{"@type":"BreadcrumbList","@id":"https:\/\/www.lactissima.com\/a-tire-d-ailes\/sevrage-creche\/#breadcrumb","itemListElement":[{"@type":"ListItem","position":1,"name":"Accueil","item":"https:\/\/www.lactissima.com\/a-tire-d-ailes\/"},{"@type":"ListItem","position":2,"name":"Mon b\u00e9b\u00e9 va \u00eatre gard\u00e9 en cr\u00e8che : que se cache-t-il derri\u00e8re cette injonction de sevrage ?"}]},{"@type":"WebSite","@id":"https:\/\/www.lactissima.com\/a-tire-d-ailes\/#website","url":"https:\/\/www.lactissima.com\/a-tire-d-ailes\/","name":"A tire d&#039;Ailes","description":"Le blog des femmes qui allaitent et travaillent.","potentialAction":[{"@type":"SearchAction","target":{"@type":"EntryPoint","urlTemplate":"https:\/\/www.lactissima.com\/a-tire-d-ailes\/?s={search_term_string}"},"query-input":{"@type":"PropertyValueSpecification","valueRequired":true,"valueName":"search_term_string"}}],"inLanguage":"fr-FR"},{"@type":"Person","@id":"https:\/\/www.lactissima.com\/a-tire-d-ailes\/#\/schema\/person\/24d3b4fa046c81b5f3b4717c8b039b7c","name":"Christine","image":{"@type":"ImageObject","inLanguage":"fr-FR","@id":"https:\/\/secure.gravatar.com\/avatar\/92fe00cebcd8e99f1fc8cd1e375f0d88faad0dd16515887350c0644bd38c9a17?s=96&d=identicon&r=g","url":"https:\/\/secure.gravatar.com\/avatar\/92fe00cebcd8e99f1fc8cd1e375f0d88faad0dd16515887350c0644bd38c9a17?s=96&d=identicon&r=g","contentUrl":"https:\/\/secure.gravatar.com\/avatar\/92fe00cebcd8e99f1fc8cd1e375f0d88faad0dd16515887350c0644bd38c9a17?s=96&d=identicon&r=g","caption":"Christine"},"sameAs":["http:\/\/"]}]}},"_links":{"self":[{"href":"https:\/\/www.lactissima.com\/a-tire-d-ailes\/wp-json\/wp\/v2\/posts\/45","targetHints":{"allow":["GET"]}}],"collection":[{"href":"https:\/\/www.lactissima.com\/a-tire-d-ailes\/wp-json\/wp\/v2\/posts"}],"about":[{"href":"https:\/\/www.lactissima.com\/a-tire-d-ailes\/wp-json\/wp\/v2\/types\/post"}],"author":[{"embeddable":true,"href":"https:\/\/www.lactissima.com\/a-tire-d-ailes\/wp-json\/wp\/v2\/users\/4"}],"replies":[{"embeddable":true,"href":"https:\/\/www.lactissima.com\/a-tire-d-ailes\/wp-json\/wp\/v2\/comments?post=45"}],"version-history":[{"count":20,"href":"https:\/\/www.lactissima.com\/a-tire-d-ailes\/wp-json\/wp\/v2\/posts\/45\/revisions"}],"predecessor-version":[{"id":8686,"href":"https:\/\/www.lactissima.com\/a-tire-d-ailes\/wp-json\/wp\/v2\/posts\/45\/revisions\/8686"}],"wp:featuredmedia":[{"embeddable":true,"href":"https:\/\/www.lactissima.com\/a-tire-d-ailes\/wp-json\/wp\/v2\/media\/3665"}],"wp:attachment":[{"href":"https:\/\/www.lactissima.com\/a-tire-d-ailes\/wp-json\/wp\/v2\/media?parent=45"}],"wp:term":[{"taxonomy":"category","embeddable":true,"href":"https:\/\/www.lactissima.com\/a-tire-d-ailes\/wp-json\/wp\/v2\/categories?post=45"},{"taxonomy":"post_tag","embeddable":true,"href":"https:\/\/www.lactissima.com\/a-tire-d-ailes\/wp-json\/wp\/v2\/tags?post=45"}],"curies":[{"name":"wp","href":"https:\/\/api.w.org\/{rel}","templated":true}]}}