{"id":427,"date":"2009-05-30T22:43:16","date_gmt":"2009-05-30T20:43:16","guid":{"rendered":"https:\/\/www.lactissima.com\/a-tire-d-ailes\/?p=427"},"modified":"2018-11-09T08:27:03","modified_gmt":"2018-11-09T07:27:03","slug":"soutien-a-lallaitement","status":"publish","type":"post","link":"https:\/\/www.lactissima.com\/a-tire-d-ailes\/soutien-a-lallaitement\/","title":{"rendered":"Allaiter et travailler : le soutien"},"content":{"rendered":"<p style=\"text-align: justify;\"><a href=\"https:\/\/www.lactissima.com\/a-tire-d-ailes\/wp-content\/uploads\/2009\/05\/couple.jpg\"><img loading=\"lazy\" decoding=\"async\" class=\"alignright size-full wp-image-3988\" title=\"soutien \u00e0 l'allaitement\" alt=\"soutien \u00e0 l'allaitement\" src=\"https:\/\/www.lactissima.com\/a-tire-d-ailes\/wp-content\/uploads\/2009\/05\/couple.jpg\" width=\"273\" height=\"300\" \/><\/a>Quand on poursuit<span style=\"color: #000000;\"> <a title=\"Allaiter et travailler : le t\u00e9moignage d'Emilie\" href=\"https:\/\/www.lactissima.com\/a-tire-d-ailes\/allaiter-et-travailler-le-temoignage-demilie-2\/\" target=\"_blank\"><span style=\"color: #000000;\">l&rsquo;allaitement \u00e0 la reprise du travail<\/span><\/a><\/span>, <strong>le soutien<\/strong> est particuli\u00e8rement pr\u00e9cieux. Il permet de tenir le choc dans <strong>les moments difficiles<\/strong> : c&rsquo;est tellement plus sympa de s&rsquo;entendre dire \u00ab\u00a0tu as tenu bon jusque l\u00e0 , tu vas y arriver, c&rsquo;est g\u00e9nial ce que tu fais\u00a0\u00bb plut\u00f4t que \u00ab\u00a0Si tu es si fatigu\u00e9e, tu n&rsquo;as qu&rsquo;\u00e0 arr\u00eater, le lait en poudre est fait pour \u00e7a !\u00a0\u00bb.<br \/>\nLe soutien \u00e0 l&rsquo;allaitement permet \u00e9galement de pouvoir <strong>\u00eatre enti\u00e8rement \u00e0 ce que l&rsquo;on fait<\/strong> (rendre ce rapport urgent \u00e0 gentil patron \u00e0 14h) plut\u00f4t que de penser en permanence \u00ab\u00a0comment est-ce que je vais bien pouvoir m&rsquo;\u00e9clipser discr\u00e8tement pour tirer mon lait dans le placard \u00e0 balai sans que la femme de m\u00e9nage ne me voit\u00a0\u00bb, le <strong>stress<\/strong> occupe une bonne place dans la t\u00eate et ne permet pas de travailler correctement.<br \/>\nEt puis c&rsquo;est tellement plus agr\u00e9able de se sentir <strong>soutenue dans ses choix<\/strong> que de devoir se battre pour les imposer&#8230;<\/p>\n<p style=\"text-align: justify;\">Les premi\u00e8res personnes qui peuvent vous soutenir sont <strong>vos proches<\/strong> et particuli\u00e8rement <strong>le <a title=\"Et le p\u00e8re ?\" href=\"https:\/\/www.lactissima.com\/a-tire-d-ailes\/et-le-pere\/\" target=\"_blank\">p\u00e8re<\/a><\/strong> de votre enfant. En g\u00e9n\u00e9ral, quand une m\u00e8re poursuit l&rsquo;allaitement, le p\u00e8re s&rsquo;investit plus dans <strong>les t\u00e2ches m\u00e9nag\u00e8res <\/strong>(voir cet article), ce qui all\u00e8ge la charge de travail de la m\u00e8re. Le p\u00e8re est celui \u00e0 qui vous avez envie de confier vos joies et vos difficult\u00e9s et c&rsquo;est souvent le mieux plac\u00e9 pour vous remonter le moral. Apr\u00e8s tout, ce que vous faites, vous le faites <strong>pour son enfant <\/strong>! Le reste de la famille peut \u00e9galement \u00eatre important : parents, beaux parents, fr\u00e8res et s\u00c5\u201curs, tout soutien est bon \u00e0 prendre.<\/p>\n<p style=\"text-align: justify;\"><strong>Votre entreprise <\/strong>devrait \u00e9galement pouvoir vous soutenir : en mettant \u00e0 votre disposition<strong> un local<\/strong> pour tirer votre lait, en vous laissant prendre <strong>les pauses<\/strong> dont vous avez besoin, en <strong>informant l&rsquo;ensemble du personnel<\/strong> que tirer son lait est quelque-chose de normal pour \u00e9viter les remarques d\u00e9sagr\u00e9ables ou d\u00e9plac\u00e9es,&#8230; L&rsquo;entreprise a tout \u00e0 y gagner : les enfants allait\u00e9s sont statistiquement <strong>moins malades<\/strong> et une m\u00e8re stress\u00e9e travaille moins bien.<\/p>\n<p style=\"text-align: justify;\"><strong>Les professionnels de sant\u00e9<\/strong> ont leur r\u00f4le \u00e0 jouer. <strong>Le p\u00e9diatre<\/strong> devrait vous soutenir plut\u00f4t que de<strong> vous conseiller de sevrer<\/strong> si ce n&rsquo;est pas votre choix. <strong>Votre m\u00e9decin<\/strong> ne devrait pas mettre votre fatigue sur le dos de l&rsquo;allaitement alors que le fait m\u00eame de reprendre le travail avec un b\u00e9b\u00e9 est en soi tr\u00e8s fatigant. Ils devraient \u00eatre \u00e0 m\u00eame de vous fournir <strong>de l&rsquo;information et du soutien<\/strong>.<\/p>\n<p style=\"text-align: justify;\">Enfin, le soutien de <strong>la personne qui garde votre b\u00e9b\u00e9<\/strong> est tr\u00e8s important. Vous avez besoin qu&rsquo;elle accepte de g\u00e9rer votre lait pour <strong>ne pas en gaspiller<\/strong> par exemple ou tout simplement pour qu&rsquo;elle accepte de donner votre lait. Si cette personne vous soutient, elle ne vous stressera pas avec <strong>des demandes irr\u00e9alistes<\/strong> (du genre : \u00ab\u00a0il me faut 800 ml de lait par jour\u00a0\u00bb) et c&rsquo;est tellement plus agr\u00e9able de ne pas avoir de remarques d\u00e9sagr\u00e9ables deux fois par jour.<\/p>\n<p style=\"text-align: justify;\">Le soutien n&rsquo;est<strong> pas acquis d&rsquo;avance<\/strong> en mati\u00e8re d&rsquo;allaitement maternel. Vous allez devoir faire preuve de <strong>p\u00e9dagogie <\/strong>envers vos proches et la personne qui garde votre enfant. C&rsquo;est important qu&rsquo;ils aient les <strong>informations <\/strong>sur le bien fond\u00e9 de votre d\u00e9marche. La meilleure preuve \u00e9tant la preuve par l&rsquo;exemple : \u00ab\u00a0regardez comme mon b\u00e9b\u00e9 allait\u00e9 se porte bien, je ne veux pas g\u00e2cher cela en le sevrant\u00a0\u00bb&#8230; Cela peut bien marcher avec l&rsquo;entourage. Avec la personne qui va garder votre enfant, il faut lui expliquer que ce n&rsquo;est <strong>pas plus compliqu\u00e9 que le lait en poudre<\/strong>, que cela ne va pas alourdir sa charge de travail et surtout lui fournir toutes les informations sur <strong>la manipulation et la conservation du lait maternel<\/strong>.<br \/>\nIl est important \u00e9galement d&rsquo;<strong>\u00e9couter <\/strong>ses craintes et ses r\u00e9ticences. Le <strong>dialogue<\/strong> est absolument n\u00e9cessaire pour obtenir le soutien dont vous avez besoin.<\/p>\n<p style=\"text-align: justify;\">Vis \u00e0 vis de votre entreprise, <strong><a title=\"Et la loi ?\" href=\"https:\/\/www.lactissima.com\/a-tire-d-ailes\/et-la-loi\/\" target=\"_blank\">la loi<\/a> est de votre c\u00f4t\u00e9 :<\/strong> vous avez droit \u00e0 deux fois une demi-heure dans la journ\u00e9e pour tirer votre lait. Cependant, affronter v\u00e9h\u00e9mentement votre employeur n&rsquo;est a priori pas la meilleure des solutions. Commencez plut\u00f4t par <strong>expliquer <\/strong>votre demande. Vous pourrez toujours ensuite sortir votre article de loi s&rsquo;il refuse de vous entendre&#8230;<\/p>\n<p style=\"text-align: justify;\">Malgr\u00e9 toute votre bonne volont\u00e9, vous n&rsquo;obtiendrez s\u00fbrement <strong>pas le soutien de tous<\/strong>. Cependant, la <strong>neutralit\u00e9 <\/strong>vaut mieux que la r\u00e9probation et si personne ne vous fait de remarques d\u00e9sagr\u00e9ables, c&rsquo;est d\u00e9j\u00e0 un grand pas de fait.<br \/>\nVous pouvez \u00e9galement trouver du soutien aupr\u00e8s <strong>d&rsquo;autres femmes<\/strong> ayant d\u00e9j\u00e0 v\u00e9cu la m\u00eame situation, au sein de votre entreprise ou dans des associations de m\u00e8res.<\/p>\n<p style=\"text-align: justify;\">Et <strong>vous<\/strong>, avez-vous re\u00e7u le soutien dont vous aviez besoin ?<\/p>\n<p>&nbsp;<\/p>\n","protected":false},"excerpt":{"rendered":"<p>Quand on poursuit l&rsquo;allaitement \u00e0 la reprise du travail, le soutien n&rsquo;est pas forc\u00e9ment acquis d&rsquo;avance. Mais il est pr\u00e9cieux !<\/p>\n","protected":false},"author":170,"featured_media":3988,"comment_status":"open","ping_status":"open","sticky":false,"template":"","format":"standard","meta":{"_et_pb_use_builder":"","_et_pb_old_content":"","_et_gb_content_width":"","footnotes":""},"categories":[36,37,44,46],"tags":[496,100,464,495,76],"class_list":["post-427","post","type-post","status-publish","format-standard","has-post-thumbnail","hentry","category-allaitement-et-travail","category-articulation-vie-professionnelle-vie-famille","category-peres","category-vie-de-famille","tag-accepte-de-donner-votre-lait","tag-entreprise","tag-lallaitement-a-la-reprise-du-travail","tag-la-loi","tag-pere"],"yoast_head":"<!-- This site is optimized with the Yoast SEO plugin v27.4 - https:\/\/yoast.com\/product\/yoast-seo-wordpress\/ -->\n<title>soutien \u00e0 l&#039;allaitement<\/title>\n<meta name=\"description\" content=\"Quand on poursuit l&#039;allaitement \u00e0 la reprise du travail, le soutien \u00e0 l&#039;allaitement n&#039;est pas forc\u00e9ment acquis d&#039;avance. Mais il est pr\u00e9cieux !\" \/>\n<meta name=\"robots\" content=\"index, follow, max-snippet:-1, max-image-preview:large, max-video-preview:-1\" \/>\n<link rel=\"canonical\" href=\"https:\/\/www.lactissima.com\/a-tire-d-ailes\/soutien-a-lallaitement\/\" \/>\n<meta property=\"og:locale\" content=\"fr_FR\" \/>\n<meta property=\"og:type\" content=\"article\" \/>\n<meta property=\"og:title\" content=\"soutien \u00e0 l&#039;allaitement\" \/>\n<meta property=\"og:description\" content=\"Quand on poursuit l&#039;allaitement \u00e0 la reprise du travail, le soutien \u00e0 l&#039;allaitement n&#039;est pas forc\u00e9ment acquis d&#039;avance. Mais il est pr\u00e9cieux !\" \/>\n<meta property=\"og:url\" content=\"https:\/\/www.lactissima.com\/a-tire-d-ailes\/soutien-a-lallaitement\/\" \/>\n<meta property=\"og:site_name\" content=\"A tire d&#039;Ailes\" \/>\n<meta property=\"article:publisher\" content=\"https:\/\/www.facebook.com\/consultante.en.lactation\" \/>\n<meta property=\"article:author\" content=\"www.facebook.com\/consultante.en.lactation\" \/>\n<meta property=\"article:published_time\" content=\"2009-05-30T20:43:16+00:00\" \/>\n<meta property=\"article:modified_time\" content=\"2018-11-09T07:27:03+00:00\" \/>\n<meta property=\"og:image\" content=\"https:\/\/www.lactissima.com\/a-tire-d-ailes\/wp-content\/uploads\/2009\/05\/couple.jpg\" \/>\n\t<meta property=\"og:image:width\" content=\"273\" \/>\n\t<meta property=\"og:image:height\" content=\"300\" \/>\n\t<meta property=\"og:image:type\" content=\"image\/jpeg\" \/>\n<meta name=\"author\" content=\"V\u00e9ronique Darmangeat\" \/>\n<meta name=\"twitter:card\" content=\"summary_large_image\" \/>\n<meta name=\"twitter:creator\" content=\"@VeroniqueIBCLC\" \/>\n<meta name=\"twitter:site\" content=\"@VeroniqueIBCLC\" \/>\n<meta name=\"twitter:label1\" content=\"\u00c9crit par\" \/>\n\t<meta name=\"twitter:data1\" content=\"V\u00e9ronique Darmangeat\" \/>\n\t<meta name=\"twitter:label2\" content=\"Dur\u00e9e de lecture estim\u00e9e\" \/>\n\t<meta name=\"twitter:data2\" content=\"4 minutes\" \/>\n<script type=\"application\/ld+json\" class=\"yoast-schema-graph\">{\"@context\":\"https:\\\/\\\/schema.org\",\"@graph\":[{\"@type\":\"Article\",\"@id\":\"https:\\\/\\\/www.lactissima.com\\\/a-tire-d-ailes\\\/soutien-a-lallaitement\\\/#article\",\"isPartOf\":{\"@id\":\"https:\\\/\\\/www.lactissima.com\\\/a-tire-d-ailes\\\/soutien-a-lallaitement\\\/\"},\"author\":{\"name\":\"V\u00e9ronique Darmangeat\",\"@id\":\"https:\\\/\\\/www.lactissima.com\\\/a-tire-d-ailes\\\/#\\\/schema\\\/person\\\/8f98d3a89530861bc1240e6d53d44eed\"},\"headline\":\"Allaiter et travailler : le soutien\",\"datePublished\":\"2009-05-30T20:43:16+00:00\",\"dateModified\":\"2018-11-09T07:27:03+00:00\",\"mainEntityOfPage\":{\"@id\":\"https:\\\/\\\/www.lactissima.com\\\/a-tire-d-ailes\\\/soutien-a-lallaitement\\\/\"},\"wordCount\":858,\"commentCount\":12,\"image\":{\"@id\":\"https:\\\/\\\/www.lactissima.com\\\/a-tire-d-ailes\\\/soutien-a-lallaitement\\\/#primaryimage\"},\"thumbnailUrl\":\"https:\\\/\\\/www.lactissima.com\\\/a-tire-d-ailes\\\/wp-content\\\/uploads\\\/2009\\\/05\\\/couple.jpg\",\"keywords\":[\"accepte de donner votre lait\",\"entreprise\",\"l'allaitement \u00e0 la reprise du travail\",\"la loi\",\"p\u00e8re\"],\"articleSection\":[\"Allaitement et Travail\",\"Articulation Vie Professionnelle Vie Famille\",\"P\u00e8res\",\"Vie de famille\"],\"inLanguage\":\"fr-FR\",\"potentialAction\":[{\"@type\":\"CommentAction\",\"name\":\"Comment\",\"target\":[\"https:\\\/\\\/www.lactissima.com\\\/a-tire-d-ailes\\\/soutien-a-lallaitement\\\/#respond\"]}]},{\"@type\":\"WebPage\",\"@id\":\"https:\\\/\\\/www.lactissima.com\\\/a-tire-d-ailes\\\/soutien-a-lallaitement\\\/\",\"url\":\"https:\\\/\\\/www.lactissima.com\\\/a-tire-d-ailes\\\/soutien-a-lallaitement\\\/\",\"name\":\"soutien \u00e0 l'allaitement\",\"isPartOf\":{\"@id\":\"https:\\\/\\\/www.lactissima.com\\\/a-tire-d-ailes\\\/#website\"},\"primaryImageOfPage\":{\"@id\":\"https:\\\/\\\/www.lactissima.com\\\/a-tire-d-ailes\\\/soutien-a-lallaitement\\\/#primaryimage\"},\"image\":{\"@id\":\"https:\\\/\\\/www.lactissima.com\\\/a-tire-d-ailes\\\/soutien-a-lallaitement\\\/#primaryimage\"},\"thumbnailUrl\":\"https:\\\/\\\/www.lactissima.com\\\/a-tire-d-ailes\\\/wp-content\\\/uploads\\\/2009\\\/05\\\/couple.jpg\",\"datePublished\":\"2009-05-30T20:43:16+00:00\",\"dateModified\":\"2018-11-09T07:27:03+00:00\",\"author\":{\"@id\":\"https:\\\/\\\/www.lactissima.com\\\/a-tire-d-ailes\\\/#\\\/schema\\\/person\\\/8f98d3a89530861bc1240e6d53d44eed\"},\"description\":\"Quand on poursuit l'allaitement \u00e0 la reprise du travail, le soutien \u00e0 l'allaitement n'est pas forc\u00e9ment acquis d'avance. Mais il est pr\u00e9cieux !\",\"breadcrumb\":{\"@id\":\"https:\\\/\\\/www.lactissima.com\\\/a-tire-d-ailes\\\/soutien-a-lallaitement\\\/#breadcrumb\"},\"inLanguage\":\"fr-FR\",\"potentialAction\":[{\"@type\":\"ReadAction\",\"target\":[\"https:\\\/\\\/www.lactissima.com\\\/a-tire-d-ailes\\\/soutien-a-lallaitement\\\/\"]}]},{\"@type\":\"ImageObject\",\"inLanguage\":\"fr-FR\",\"@id\":\"https:\\\/\\\/www.lactissima.com\\\/a-tire-d-ailes\\\/soutien-a-lallaitement\\\/#primaryimage\",\"url\":\"https:\\\/\\\/www.lactissima.com\\\/a-tire-d-ailes\\\/wp-content\\\/uploads\\\/2009\\\/05\\\/couple.jpg\",\"contentUrl\":\"https:\\\/\\\/www.lactissima.com\\\/a-tire-d-ailes\\\/wp-content\\\/uploads\\\/2009\\\/05\\\/couple.jpg\",\"width\":273,\"height\":300},{\"@type\":\"BreadcrumbList\",\"@id\":\"https:\\\/\\\/www.lactissima.com\\\/a-tire-d-ailes\\\/soutien-a-lallaitement\\\/#breadcrumb\",\"itemListElement\":[{\"@type\":\"ListItem\",\"position\":1,\"name\":\"Accueil\",\"item\":\"https:\\\/\\\/www.lactissima.com\\\/a-tire-d-ailes\\\/\"},{\"@type\":\"ListItem\",\"position\":2,\"name\":\"Allaiter et travailler : le soutien\"}]},{\"@type\":\"WebSite\",\"@id\":\"https:\\\/\\\/www.lactissima.com\\\/a-tire-d-ailes\\\/#website\",\"url\":\"https:\\\/\\\/www.lactissima.com\\\/a-tire-d-ailes\\\/\",\"name\":\"A tire d&#039;Ailes\",\"description\":\"Le blog des femmes qui allaitent et travaillent.\",\"potentialAction\":[{\"@type\":\"SearchAction\",\"target\":{\"@type\":\"EntryPoint\",\"urlTemplate\":\"https:\\\/\\\/www.lactissima.com\\\/a-tire-d-ailes\\\/?s={search_term_string}\"},\"query-input\":{\"@type\":\"PropertyValueSpecification\",\"valueRequired\":true,\"valueName\":\"search_term_string\"}}],\"inLanguage\":\"fr-FR\"},{\"@type\":\"Person\",\"@id\":\"https:\\\/\\\/www.lactissima.com\\\/a-tire-d-ailes\\\/#\\\/schema\\\/person\\\/8f98d3a89530861bc1240e6d53d44eed\",\"name\":\"V\u00e9ronique Darmangeat\",\"image\":{\"@type\":\"ImageObject\",\"inLanguage\":\"fr-FR\",\"@id\":\"https:\\\/\\\/secure.gravatar.com\\\/avatar\\\/268c99344c89cebfe4f5df5fa8be43068a18884fc76a29f3206fae98465b9cab?s=96&d=identicon&r=g\",\"url\":\"https:\\\/\\\/secure.gravatar.com\\\/avatar\\\/268c99344c89cebfe4f5df5fa8be43068a18884fc76a29f3206fae98465b9cab?s=96&d=identicon&r=g\",\"contentUrl\":\"https:\\\/\\\/secure.gravatar.com\\\/avatar\\\/268c99344c89cebfe4f5df5fa8be43068a18884fc76a29f3206fae98465b9cab?s=96&d=identicon&r=g\",\"caption\":\"V\u00e9ronique Darmangeat\"},\"sameAs\":[\"https:\\\/\\\/www.lactissima.com\\\/a-tire-d-ailes\",\"www.facebook.com\\\/consultante.en.lactation\"]}]}<\/script>\n<!-- \/ Yoast SEO plugin. -->","yoast_head_json":{"title":"soutien \u00e0 l'allaitement","description":"Quand on poursuit l'allaitement \u00e0 la reprise du travail, le soutien \u00e0 l'allaitement n'est pas forc\u00e9ment acquis d'avance. Mais il est pr\u00e9cieux !","robots":{"index":"index","follow":"follow","max-snippet":"max-snippet:-1","max-image-preview":"max-image-preview:large","max-video-preview":"max-video-preview:-1"},"canonical":"https:\/\/www.lactissima.com\/a-tire-d-ailes\/soutien-a-lallaitement\/","og_locale":"fr_FR","og_type":"article","og_title":"soutien \u00e0 l'allaitement","og_description":"Quand on poursuit l'allaitement \u00e0 la reprise du travail, le soutien \u00e0 l'allaitement n'est pas forc\u00e9ment acquis d'avance. Mais il est pr\u00e9cieux !","og_url":"https:\/\/www.lactissima.com\/a-tire-d-ailes\/soutien-a-lallaitement\/","og_site_name":"A tire d&#039;Ailes","article_publisher":"https:\/\/www.facebook.com\/consultante.en.lactation","article_author":"www.facebook.com\/consultante.en.lactation","article_published_time":"2009-05-30T20:43:16+00:00","article_modified_time":"2018-11-09T07:27:03+00:00","og_image":[{"width":273,"height":300,"url":"https:\/\/www.lactissima.com\/a-tire-d-ailes\/wp-content\/uploads\/2009\/05\/couple.jpg","type":"image\/jpeg"}],"author":"V\u00e9ronique Darmangeat","twitter_card":"summary_large_image","twitter_creator":"@VeroniqueIBCLC","twitter_site":"@VeroniqueIBCLC","twitter_misc":{"\u00c9crit par":"V\u00e9ronique Darmangeat","Dur\u00e9e de lecture estim\u00e9e":"4 minutes"},"schema":{"@context":"https:\/\/schema.org","@graph":[{"@type":"Article","@id":"https:\/\/www.lactissima.com\/a-tire-d-ailes\/soutien-a-lallaitement\/#article","isPartOf":{"@id":"https:\/\/www.lactissima.com\/a-tire-d-ailes\/soutien-a-lallaitement\/"},"author":{"name":"V\u00e9ronique Darmangeat","@id":"https:\/\/www.lactissima.com\/a-tire-d-ailes\/#\/schema\/person\/8f98d3a89530861bc1240e6d53d44eed"},"headline":"Allaiter et travailler : le soutien","datePublished":"2009-05-30T20:43:16+00:00","dateModified":"2018-11-09T07:27:03+00:00","mainEntityOfPage":{"@id":"https:\/\/www.lactissima.com\/a-tire-d-ailes\/soutien-a-lallaitement\/"},"wordCount":858,"commentCount":12,"image":{"@id":"https:\/\/www.lactissima.com\/a-tire-d-ailes\/soutien-a-lallaitement\/#primaryimage"},"thumbnailUrl":"https:\/\/www.lactissima.com\/a-tire-d-ailes\/wp-content\/uploads\/2009\/05\/couple.jpg","keywords":["accepte de donner votre lait","entreprise","l'allaitement \u00e0 la reprise du travail","la loi","p\u00e8re"],"articleSection":["Allaitement et Travail","Articulation Vie Professionnelle Vie Famille","P\u00e8res","Vie de famille"],"inLanguage":"fr-FR","potentialAction":[{"@type":"CommentAction","name":"Comment","target":["https:\/\/www.lactissima.com\/a-tire-d-ailes\/soutien-a-lallaitement\/#respond"]}]},{"@type":"WebPage","@id":"https:\/\/www.lactissima.com\/a-tire-d-ailes\/soutien-a-lallaitement\/","url":"https:\/\/www.lactissima.com\/a-tire-d-ailes\/soutien-a-lallaitement\/","name":"soutien \u00e0 l'allaitement","isPartOf":{"@id":"https:\/\/www.lactissima.com\/a-tire-d-ailes\/#website"},"primaryImageOfPage":{"@id":"https:\/\/www.lactissima.com\/a-tire-d-ailes\/soutien-a-lallaitement\/#primaryimage"},"image":{"@id":"https:\/\/www.lactissima.com\/a-tire-d-ailes\/soutien-a-lallaitement\/#primaryimage"},"thumbnailUrl":"https:\/\/www.lactissima.com\/a-tire-d-ailes\/wp-content\/uploads\/2009\/05\/couple.jpg","datePublished":"2009-05-30T20:43:16+00:00","dateModified":"2018-11-09T07:27:03+00:00","author":{"@id":"https:\/\/www.lactissima.com\/a-tire-d-ailes\/#\/schema\/person\/8f98d3a89530861bc1240e6d53d44eed"},"description":"Quand on poursuit l'allaitement \u00e0 la reprise du travail, le soutien \u00e0 l'allaitement n'est pas forc\u00e9ment acquis d'avance. Mais il est pr\u00e9cieux !","breadcrumb":{"@id":"https:\/\/www.lactissima.com\/a-tire-d-ailes\/soutien-a-lallaitement\/#breadcrumb"},"inLanguage":"fr-FR","potentialAction":[{"@type":"ReadAction","target":["https:\/\/www.lactissima.com\/a-tire-d-ailes\/soutien-a-lallaitement\/"]}]},{"@type":"ImageObject","inLanguage":"fr-FR","@id":"https:\/\/www.lactissima.com\/a-tire-d-ailes\/soutien-a-lallaitement\/#primaryimage","url":"https:\/\/www.lactissima.com\/a-tire-d-ailes\/wp-content\/uploads\/2009\/05\/couple.jpg","contentUrl":"https:\/\/www.lactissima.com\/a-tire-d-ailes\/wp-content\/uploads\/2009\/05\/couple.jpg","width":273,"height":300},{"@type":"BreadcrumbList","@id":"https:\/\/www.lactissima.com\/a-tire-d-ailes\/soutien-a-lallaitement\/#breadcrumb","itemListElement":[{"@type":"ListItem","position":1,"name":"Accueil","item":"https:\/\/www.lactissima.com\/a-tire-d-ailes\/"},{"@type":"ListItem","position":2,"name":"Allaiter et travailler : le soutien"}]},{"@type":"WebSite","@id":"https:\/\/www.lactissima.com\/a-tire-d-ailes\/#website","url":"https:\/\/www.lactissima.com\/a-tire-d-ailes\/","name":"A tire d&#039;Ailes","description":"Le blog des femmes qui allaitent et travaillent.","potentialAction":[{"@type":"SearchAction","target":{"@type":"EntryPoint","urlTemplate":"https:\/\/www.lactissima.com\/a-tire-d-ailes\/?s={search_term_string}"},"query-input":{"@type":"PropertyValueSpecification","valueRequired":true,"valueName":"search_term_string"}}],"inLanguage":"fr-FR"},{"@type":"Person","@id":"https:\/\/www.lactissima.com\/a-tire-d-ailes\/#\/schema\/person\/8f98d3a89530861bc1240e6d53d44eed","name":"V\u00e9ronique Darmangeat","image":{"@type":"ImageObject","inLanguage":"fr-FR","@id":"https:\/\/secure.gravatar.com\/avatar\/268c99344c89cebfe4f5df5fa8be43068a18884fc76a29f3206fae98465b9cab?s=96&d=identicon&r=g","url":"https:\/\/secure.gravatar.com\/avatar\/268c99344c89cebfe4f5df5fa8be43068a18884fc76a29f3206fae98465b9cab?s=96&d=identicon&r=g","contentUrl":"https:\/\/secure.gravatar.com\/avatar\/268c99344c89cebfe4f5df5fa8be43068a18884fc76a29f3206fae98465b9cab?s=96&d=identicon&r=g","caption":"V\u00e9ronique Darmangeat"},"sameAs":["https:\/\/www.lactissima.com\/a-tire-d-ailes","www.facebook.com\/consultante.en.lactation"]}]}},"_links":{"self":[{"href":"https:\/\/www.lactissima.com\/a-tire-d-ailes\/wp-json\/wp\/v2\/posts\/427","targetHints":{"allow":["GET"]}}],"collection":[{"href":"https:\/\/www.lactissima.com\/a-tire-d-ailes\/wp-json\/wp\/v2\/posts"}],"about":[{"href":"https:\/\/www.lactissima.com\/a-tire-d-ailes\/wp-json\/wp\/v2\/types\/post"}],"author":[{"embeddable":true,"href":"https:\/\/www.lactissima.com\/a-tire-d-ailes\/wp-json\/wp\/v2\/users\/170"}],"replies":[{"embeddable":true,"href":"https:\/\/www.lactissima.com\/a-tire-d-ailes\/wp-json\/wp\/v2\/comments?post=427"}],"version-history":[{"count":25,"href":"https:\/\/www.lactissima.com\/a-tire-d-ailes\/wp-json\/wp\/v2\/posts\/427\/revisions"}],"predecessor-version":[{"id":7913,"href":"https:\/\/www.lactissima.com\/a-tire-d-ailes\/wp-json\/wp\/v2\/posts\/427\/revisions\/7913"}],"wp:featuredmedia":[{"embeddable":true,"href":"https:\/\/www.lactissima.com\/a-tire-d-ailes\/wp-json\/wp\/v2\/media\/3988"}],"wp:attachment":[{"href":"https:\/\/www.lactissima.com\/a-tire-d-ailes\/wp-json\/wp\/v2\/media?parent=427"}],"wp:term":[{"taxonomy":"category","embeddable":true,"href":"https:\/\/www.lactissima.com\/a-tire-d-ailes\/wp-json\/wp\/v2\/categories?post=427"},{"taxonomy":"post_tag","embeddable":true,"href":"https:\/\/www.lactissima.com\/a-tire-d-ailes\/wp-json\/wp\/v2\/tags?post=427"}],"curies":[{"name":"wp","href":"https:\/\/api.w.org\/{rel}","templated":true}]}}