{"id":4228,"date":"2013-07-20T10:49:56","date_gmt":"2013-07-20T08:49:56","guid":{"rendered":"https:\/\/www.lactissima.com\/a-tire-d-ailes\/?p=4228"},"modified":"2014-03-15T16:23:37","modified_gmt":"2014-03-15T14:23:37","slug":"allaitement-et-travail-le-temoignage-damelie","status":"publish","type":"post","link":"https:\/\/www.lactissima.com\/a-tire-d-ailes\/allaitement-et-travail-le-temoignage-damelie\/","title":{"rendered":"Allaitement et travail : le t\u00e9moignage d&rsquo;Am\u00e9lie"},"content":{"rendered":"<p style=\"text-align: justify;\"><strong><a href=\"https:\/\/www.lactissima.com\/a-tire-d-ailes\/wp-content\/uploads\/2013\/07\/allaitement-Am\u00e9lie.jpg\"><img loading=\"lazy\" decoding=\"async\" class=\"alignright size-full wp-image-4230\" alt=\"allaitement et travail\" src=\"https:\/\/www.lactissima.com\/a-tire-d-ailes\/wp-content\/uploads\/2013\/07\/allaitement-Am\u00e9lie.jpg\" width=\"230\" height=\"307\" srcset=\"https:\/\/www.lactissima.com\/a-tire-d-ailes\/wp-content\/uploads\/2013\/07\/allaitement-Am\u00e9lie.jpg 230w, https:\/\/www.lactissima.com\/a-tire-d-ailes\/wp-content\/uploads\/2013\/07\/allaitement-Am\u00e9lie-224x300.jpg 224w\" sizes=\"(max-width: 230px) 100vw, 230px\" \/><\/a>Quel choix avez-vous fait au moment de la reprise du travail : sevrage ou poursuite de l&rsquo;allaitement ? Pourquoi ?<\/strong><\/p>\n<p style=\"text-align: justify;\">J&rsquo;ai souhait\u00e9 reprendre mon travail \u00e0 la fin du cong\u00e9 maternit\u00e9 classique mais il n&rsquo;\u00e9tait pas question pour autant de sevrer ma fille. Aid\u00e9e par le soutien de mon conjoint et les r\u00e9unions de la Leche League, j&rsquo;\u00e9tais convaincue des bienfaits de maintenir un allaitement exclusif le plus longtemps possible.<\/p>\n<p style=\"text-align: justify;\">Ma puce est n\u00e9e par c\u00e9sarienne en urgence car elle ne supportait pas bien les contractions donc son rythme cardiaque a tr\u00e8s vite indiqu\u00e9 des faiblesses. Malgr\u00e9 une naissance \u00e0 terme, c&rsquo;\u00e9tait un petit poids de naissance 2kg740. J&rsquo;ai pu lui donner sa premi\u00e8re t\u00e9t\u00e9e une heure apr\u00e8s sa naissance en salle de r\u00e9veil. Tout s&rsquo;est tout de suite tr\u00e8s bien pass\u00e9.<br \/>\nElle n&rsquo;a perdu que 100g le premier jour, 0 le deuxi\u00e8me et \u00e0 J+3 elle avait d\u00e9j\u00e0 repris 120g par rapport \u00e0 son poids de naissance. Elle a ensuite suivi un rythme de croisi\u00e8re \u00e0 environ 300g par semaine.<\/p>\n<p style=\"text-align: justify;\">Tout cela me rendait fi\u00e8re de savoir que gr\u00e2ce \u00e0 mon lait ma fille se d\u00e9veloppait au mieux. Pass\u00e9es les petites difficult\u00e9s de crevasses, l&rsquo;allaitement semblait de plus en plus facile et je ne voulais donc pas arr\u00eater.<\/p>\n<p style=\"text-align: justify;\"><strong>Comment vous \u00eates-vous organis\u00e9e pour concilier <span style=\"color: #333333;\"><a title=\"allaitement et travail\" href=\"https:\/\/www.lactissima.com\/a-tire-d-ailes\/?p=4228\"><span style=\"color: #333333;\">allaitement et travail<\/span><\/a><\/span> ?<\/strong><\/p>\n<p style=\"text-align: justify;\">J&rsquo;ai donc accouch\u00e9 le 11 f\u00e9vrier et repris le travail le 2 mai. Je m&rsquo;\u00e9tais procur\u00e9e un tire-lait sur ordonnance que j&rsquo;ai test\u00e9 quand Rachel a eu un mois dans l&rsquo;optique de tester le biberon.<\/p>\n<p style=\"text-align: justify;\">Elle a accept\u00e9 sans soucis deux ou trois biberons avant que je reprenne le travail et puis peu de temps avant que je reprenne elle l&rsquo;a refus\u00e9 cat\u00e9goriquement.<\/p>\n<p style=\"text-align: justify;\">Je travaille dans une municipalit\u00e9. J&rsquo;avais donc en amont de ma reprise contact\u00e9 mon DRH et ma chef de service afin de b\u00e9n\u00e9ficier d&rsquo;une heure d&rsquo;allaitement pour tirer mon lait sur place. Je n&rsquo;ai eu aucune difficult\u00e9 \u00e0 l&rsquo;obtenir \u00e0 l&rsquo;appui de textes existant dans le priv\u00e9 et d&rsquo;une jurisprudence appliqu\u00e9 dans le secteur public.<\/p>\n<p style=\"text-align: justify;\">Son papa avait gard\u00e9 des cong\u00e9s afin de la garder un mois \u00e0 la maison avant le grand saut chez Nounou.<\/p>\n<p style=\"text-align: justify;\">Elle refusait les biberons. Je l&rsquo;allaitais donc la nuit un minimum de 3 fois, le matin avant de partir. J&rsquo;ai la chance de travailler pr\u00e8s de mon domicile donc je rentrais \u00e9galement le midi puis \u00e0 volont\u00e9 en rentrant \u00e0 partir de 17h30.<\/p>\n<p style=\"text-align: justify;\">Elle attendait patiemment mes retours et grossissait toujours bien.<\/p>\n<p style=\"text-align: justify;\">La semaine pr\u00e9c\u00e9dent l&rsquo;accueil chez Nounou on a trouv\u00e9 le biberon qui lui convenait mais elle ne prenait qu&rsquo;un tout petit peu, de quoi attendre mon retour certainement. Et le premier jour chez Nounou elle a d\u00e9vor\u00e9 sans sourciller son biberon de mon lait, j&rsquo;avais pr\u00e9vu trop juste persuad\u00e9e qu&rsquo;elle le refuserait de toute fa\u00e7on.<\/p>\n<p style=\"text-align: justify;\">C&rsquo;est \u00e0 ce moment l\u00e0 qu&rsquo;ont commenc\u00e9 les tirages r\u00e9guliers (le soir \u00e0 la maison et le matin et l&rsquo;apr\u00e8s-midi au travail).<\/p>\n<p style=\"text-align: justify;\"><strong>Quelles ont \u00e9t\u00e9 vos principales difficult\u00e9s ?<\/strong><\/p>\n<p style=\"text-align: justify;\">Rachel t\u00e9tait beaucoup et je n&rsquo;ai pas trouv\u00e9 le temps pour constituer des r\u00e9serves. J&rsquo;ai donc toujours fonctionn\u00e9 en flux tendus ce qui est un peu stressant. Les besoins de Rachel augmentant j&rsquo;ai du rajouter un tirage le matin.<\/p>\n<p style=\"text-align: justify;\">Au bout de deux mois de reprise du travail j&rsquo;avais accumul\u00e9 de la fatigue et j&rsquo;ai subi une baisse de lactation. Je me suis repos\u00e9e + le week-end, pris du galactogyl et des tisanes d&rsquo;allaitement et en 1 semaine\/15 jours c&rsquo;\u00e9tait reparti.<\/p>\n<p style=\"text-align: justify;\"><strong>Quels ont \u00e9t\u00e9 vos meilleurs moments ?<\/strong><\/p>\n<p style=\"text-align: justify;\">Les t\u00e9t\u00e9es de retrouvailles sans aucun doute. Ces reconnexions l&rsquo;une \u00e0 l&rsquo;autre sont des instants de pur bonheur.<\/p>\n<p style=\"text-align: justify;\">Je dirais \u00e9galement la reconnaissance officielle dans les statuts de ma collectivit\u00e9 du droit \u00e0 l&rsquo;allaitement au travail (je ne suis pas peu fi\u00e8re d&rsquo;en \u00eatre \u00e0 l&rsquo;origine).<\/p>\n<p style=\"text-align: justify;\"><strong>Qu&rsquo;est-ce que vous souhaiteriez dire aux mamans qui doivent faire un choix dans les semaines \u00e0 venir ?<\/strong><\/p>\n<p style=\"text-align: justify;\">De se faire confiance et de faire confiance \u00e0 leur b\u00e9b\u00e9. Que c&rsquo;est possible de travailler et de poursuivre un allaitement exclusif pour peu qu&rsquo;on le veuille vraiment.<\/p>\n<p style=\"text-align: justify;\">Mais aussi d&rsquo;\u00eatre soutenues par le moyen de leur choix.<\/p>\n<p style=\"text-align: justify;\"><strong>Ce serait \u00e0 refaire, vous referiez le m\u00eame choix ? Que changeriez-vous ?<\/strong><\/p>\n<p style=\"text-align: justify;\">Je referais sans h\u00e9sitation le m\u00eame choix.<\/p>\n<p style=\"text-align: justify;\">Je retarderais juste au maximum la reprise de travail pour une question de confort et avoir plus de temps pour constituer quelques r\u00e9serves de lait.<\/p>\n<p><strong>Articles en rapport :<\/strong><\/p>\n<ul>\n<li>Voir l&rsquo;onglet <a href=\"https:\/\/www.lactissima.com\/a-tire-d-ailes\/?page_id=1179\" target=\"_blank\">t\u00e9moignages<\/a><\/li>\n<\/ul>\n<p>&nbsp;<\/p>\n","protected":false},"excerpt":{"rendered":"<p>Am\u00e9lie a tir\u00e9 son lait au travail mais n&rsquo;a pas pu constituer de stocks avant de pouvoir concilier allaitement et travail. Elle a donc fonctionn\u00e9 en flux tendus.<\/p>\n","protected":false},"author":170,"featured_media":4230,"comment_status":"open","ping_status":"open","sticky":false,"template":"","format":"standard","meta":{"_et_pb_use_builder":"","_et_pb_old_content":"","_et_gb_content_width":"","footnotes":""},"categories":[150],"tags":[],"class_list":["post-4228","post","type-post","status-publish","format-standard","has-post-thumbnail","hentry","category-temoignages"],"yoast_head":"<!-- This site is optimized with the Yoast SEO plugin v27.4 - https:\/\/yoast.com\/product\/yoast-seo-wordpress\/ -->\n<title>allaitement et travail<\/title>\n<meta name=\"description\" content=\"Am\u00e9lie a tir\u00e9 son lait au travail mais n&#039;a pas pu constituer de stocks avant de pouvoir concilier allaitement et travail. Elle a donc fonctionn\u00e9 en flux tendus.\" \/>\n<meta name=\"robots\" content=\"index, follow, max-snippet:-1, max-image-preview:large, max-video-preview:-1\" \/>\n<link rel=\"canonical\" href=\"https:\/\/www.lactissima.com\/a-tire-d-ailes\/allaitement-et-travail-le-temoignage-damelie\/\" \/>\n<meta property=\"og:locale\" content=\"fr_FR\" \/>\n<meta property=\"og:type\" content=\"article\" \/>\n<meta property=\"og:title\" content=\"allaitement et travail\" \/>\n<meta property=\"og:description\" content=\"Am\u00e9lie a tir\u00e9 son lait au travail mais n&#039;a pas pu constituer de stocks avant de pouvoir concilier allaitement et travail. Elle a donc fonctionn\u00e9 en flux tendus.\" \/>\n<meta property=\"og:url\" content=\"https:\/\/www.lactissima.com\/a-tire-d-ailes\/allaitement-et-travail-le-temoignage-damelie\/\" \/>\n<meta property=\"og:site_name\" content=\"A tire d&#039;Ailes\" \/>\n<meta property=\"article:publisher\" content=\"https:\/\/www.facebook.com\/consultante.en.lactation\" \/>\n<meta property=\"article:author\" content=\"www.facebook.com\/consultante.en.lactation\" \/>\n<meta property=\"article:published_time\" content=\"2013-07-20T08:49:56+00:00\" \/>\n<meta property=\"article:modified_time\" content=\"2014-03-15T14:23:37+00:00\" \/>\n<meta property=\"og:image\" content=\"https:\/\/www.lactissima.com\/a-tire-d-ailes\/wp-content\/uploads\/2013\/07\/allaitement-Am\u00e9lie.jpg\" \/>\n\t<meta property=\"og:image:width\" content=\"230\" \/>\n\t<meta property=\"og:image:height\" content=\"307\" \/>\n\t<meta property=\"og:image:type\" content=\"image\/jpeg\" \/>\n<meta name=\"author\" content=\"V\u00e9ronique Darmangeat\" \/>\n<meta name=\"twitter:card\" content=\"summary_large_image\" \/>\n<meta name=\"twitter:creator\" content=\"@VeroniqueIBCLC\" \/>\n<meta name=\"twitter:site\" content=\"@VeroniqueIBCLC\" \/>\n<meta name=\"twitter:label1\" content=\"\u00c9crit par\" \/>\n\t<meta name=\"twitter:data1\" content=\"V\u00e9ronique Darmangeat\" \/>\n\t<meta name=\"twitter:label2\" content=\"Dur\u00e9e de lecture estim\u00e9e\" \/>\n\t<meta name=\"twitter:data2\" content=\"4 minutes\" \/>\n<script type=\"application\/ld+json\" class=\"yoast-schema-graph\">{\"@context\":\"https:\\\/\\\/schema.org\",\"@graph\":[{\"@type\":\"Article\",\"@id\":\"https:\\\/\\\/www.lactissima.com\\\/a-tire-d-ailes\\\/allaitement-et-travail-le-temoignage-damelie\\\/#article\",\"isPartOf\":{\"@id\":\"https:\\\/\\\/www.lactissima.com\\\/a-tire-d-ailes\\\/allaitement-et-travail-le-temoignage-damelie\\\/\"},\"author\":{\"name\":\"V\u00e9ronique Darmangeat\",\"@id\":\"https:\\\/\\\/www.lactissima.com\\\/a-tire-d-ailes\\\/#\\\/schema\\\/person\\\/8f98d3a89530861bc1240e6d53d44eed\"},\"headline\":\"Allaitement et travail : le t\u00e9moignage d&rsquo;Am\u00e9lie\",\"datePublished\":\"2013-07-20T08:49:56+00:00\",\"dateModified\":\"2014-03-15T14:23:37+00:00\",\"mainEntityOfPage\":{\"@id\":\"https:\\\/\\\/www.lactissima.com\\\/a-tire-d-ailes\\\/allaitement-et-travail-le-temoignage-damelie\\\/\"},\"wordCount\":807,\"commentCount\":0,\"image\":{\"@id\":\"https:\\\/\\\/www.lactissima.com\\\/a-tire-d-ailes\\\/allaitement-et-travail-le-temoignage-damelie\\\/#primaryimage\"},\"thumbnailUrl\":\"https:\\\/\\\/www.lactissima.com\\\/a-tire-d-ailes\\\/wp-content\\\/uploads\\\/2013\\\/07\\\/allaitement-Am\u00e9lie.jpg\",\"articleSection\":[\"t\u00e9moignages\"],\"inLanguage\":\"fr-FR\",\"potentialAction\":[{\"@type\":\"CommentAction\",\"name\":\"Comment\",\"target\":[\"https:\\\/\\\/www.lactissima.com\\\/a-tire-d-ailes\\\/allaitement-et-travail-le-temoignage-damelie\\\/#respond\"]}]},{\"@type\":\"WebPage\",\"@id\":\"https:\\\/\\\/www.lactissima.com\\\/a-tire-d-ailes\\\/allaitement-et-travail-le-temoignage-damelie\\\/\",\"url\":\"https:\\\/\\\/www.lactissima.com\\\/a-tire-d-ailes\\\/allaitement-et-travail-le-temoignage-damelie\\\/\",\"name\":\"allaitement et travail\",\"isPartOf\":{\"@id\":\"https:\\\/\\\/www.lactissima.com\\\/a-tire-d-ailes\\\/#website\"},\"primaryImageOfPage\":{\"@id\":\"https:\\\/\\\/www.lactissima.com\\\/a-tire-d-ailes\\\/allaitement-et-travail-le-temoignage-damelie\\\/#primaryimage\"},\"image\":{\"@id\":\"https:\\\/\\\/www.lactissima.com\\\/a-tire-d-ailes\\\/allaitement-et-travail-le-temoignage-damelie\\\/#primaryimage\"},\"thumbnailUrl\":\"https:\\\/\\\/www.lactissima.com\\\/a-tire-d-ailes\\\/wp-content\\\/uploads\\\/2013\\\/07\\\/allaitement-Am\u00e9lie.jpg\",\"datePublished\":\"2013-07-20T08:49:56+00:00\",\"dateModified\":\"2014-03-15T14:23:37+00:00\",\"author\":{\"@id\":\"https:\\\/\\\/www.lactissima.com\\\/a-tire-d-ailes\\\/#\\\/schema\\\/person\\\/8f98d3a89530861bc1240e6d53d44eed\"},\"description\":\"Am\u00e9lie a tir\u00e9 son lait au travail mais n'a pas pu constituer de stocks avant de pouvoir concilier allaitement et travail. Elle a donc fonctionn\u00e9 en flux tendus.\",\"breadcrumb\":{\"@id\":\"https:\\\/\\\/www.lactissima.com\\\/a-tire-d-ailes\\\/allaitement-et-travail-le-temoignage-damelie\\\/#breadcrumb\"},\"inLanguage\":\"fr-FR\",\"potentialAction\":[{\"@type\":\"ReadAction\",\"target\":[\"https:\\\/\\\/www.lactissima.com\\\/a-tire-d-ailes\\\/allaitement-et-travail-le-temoignage-damelie\\\/\"]}]},{\"@type\":\"ImageObject\",\"inLanguage\":\"fr-FR\",\"@id\":\"https:\\\/\\\/www.lactissima.com\\\/a-tire-d-ailes\\\/allaitement-et-travail-le-temoignage-damelie\\\/#primaryimage\",\"url\":\"https:\\\/\\\/www.lactissima.com\\\/a-tire-d-ailes\\\/wp-content\\\/uploads\\\/2013\\\/07\\\/allaitement-Am\u00e9lie.jpg\",\"contentUrl\":\"https:\\\/\\\/www.lactissima.com\\\/a-tire-d-ailes\\\/wp-content\\\/uploads\\\/2013\\\/07\\\/allaitement-Am\u00e9lie.jpg\",\"width\":230,\"height\":307,\"caption\":\"allaitement et travail\"},{\"@type\":\"BreadcrumbList\",\"@id\":\"https:\\\/\\\/www.lactissima.com\\\/a-tire-d-ailes\\\/allaitement-et-travail-le-temoignage-damelie\\\/#breadcrumb\",\"itemListElement\":[{\"@type\":\"ListItem\",\"position\":1,\"name\":\"Accueil\",\"item\":\"https:\\\/\\\/www.lactissima.com\\\/a-tire-d-ailes\\\/\"},{\"@type\":\"ListItem\",\"position\":2,\"name\":\"Allaitement et travail : le t\u00e9moignage d&rsquo;Am\u00e9lie\"}]},{\"@type\":\"WebSite\",\"@id\":\"https:\\\/\\\/www.lactissima.com\\\/a-tire-d-ailes\\\/#website\",\"url\":\"https:\\\/\\\/www.lactissima.com\\\/a-tire-d-ailes\\\/\",\"name\":\"A tire d&#039;Ailes\",\"description\":\"Le blog des femmes qui allaitent et travaillent.\",\"potentialAction\":[{\"@type\":\"SearchAction\",\"target\":{\"@type\":\"EntryPoint\",\"urlTemplate\":\"https:\\\/\\\/www.lactissima.com\\\/a-tire-d-ailes\\\/?s={search_term_string}\"},\"query-input\":{\"@type\":\"PropertyValueSpecification\",\"valueRequired\":true,\"valueName\":\"search_term_string\"}}],\"inLanguage\":\"fr-FR\"},{\"@type\":\"Person\",\"@id\":\"https:\\\/\\\/www.lactissima.com\\\/a-tire-d-ailes\\\/#\\\/schema\\\/person\\\/8f98d3a89530861bc1240e6d53d44eed\",\"name\":\"V\u00e9ronique Darmangeat\",\"image\":{\"@type\":\"ImageObject\",\"inLanguage\":\"fr-FR\",\"@id\":\"https:\\\/\\\/secure.gravatar.com\\\/avatar\\\/268c99344c89cebfe4f5df5fa8be43068a18884fc76a29f3206fae98465b9cab?s=96&d=identicon&r=g\",\"url\":\"https:\\\/\\\/secure.gravatar.com\\\/avatar\\\/268c99344c89cebfe4f5df5fa8be43068a18884fc76a29f3206fae98465b9cab?s=96&d=identicon&r=g\",\"contentUrl\":\"https:\\\/\\\/secure.gravatar.com\\\/avatar\\\/268c99344c89cebfe4f5df5fa8be43068a18884fc76a29f3206fae98465b9cab?s=96&d=identicon&r=g\",\"caption\":\"V\u00e9ronique Darmangeat\"},\"sameAs\":[\"https:\\\/\\\/www.lactissima.com\\\/a-tire-d-ailes\",\"www.facebook.com\\\/consultante.en.lactation\"]}]}<\/script>\n<!-- \/ Yoast SEO plugin. -->","yoast_head_json":{"title":"allaitement et travail","description":"Am\u00e9lie a tir\u00e9 son lait au travail mais n'a pas pu constituer de stocks avant de pouvoir concilier allaitement et travail. Elle a donc fonctionn\u00e9 en flux tendus.","robots":{"index":"index","follow":"follow","max-snippet":"max-snippet:-1","max-image-preview":"max-image-preview:large","max-video-preview":"max-video-preview:-1"},"canonical":"https:\/\/www.lactissima.com\/a-tire-d-ailes\/allaitement-et-travail-le-temoignage-damelie\/","og_locale":"fr_FR","og_type":"article","og_title":"allaitement et travail","og_description":"Am\u00e9lie a tir\u00e9 son lait au travail mais n'a pas pu constituer de stocks avant de pouvoir concilier allaitement et travail. Elle a donc fonctionn\u00e9 en flux tendus.","og_url":"https:\/\/www.lactissima.com\/a-tire-d-ailes\/allaitement-et-travail-le-temoignage-damelie\/","og_site_name":"A tire d&#039;Ailes","article_publisher":"https:\/\/www.facebook.com\/consultante.en.lactation","article_author":"www.facebook.com\/consultante.en.lactation","article_published_time":"2013-07-20T08:49:56+00:00","article_modified_time":"2014-03-15T14:23:37+00:00","og_image":[{"width":230,"height":307,"url":"https:\/\/www.lactissima.com\/a-tire-d-ailes\/wp-content\/uploads\/2013\/07\/allaitement-Am\u00e9lie.jpg","type":"image\/jpeg"}],"author":"V\u00e9ronique Darmangeat","twitter_card":"summary_large_image","twitter_creator":"@VeroniqueIBCLC","twitter_site":"@VeroniqueIBCLC","twitter_misc":{"\u00c9crit par":"V\u00e9ronique Darmangeat","Dur\u00e9e de lecture estim\u00e9e":"4 minutes"},"schema":{"@context":"https:\/\/schema.org","@graph":[{"@type":"Article","@id":"https:\/\/www.lactissima.com\/a-tire-d-ailes\/allaitement-et-travail-le-temoignage-damelie\/#article","isPartOf":{"@id":"https:\/\/www.lactissima.com\/a-tire-d-ailes\/allaitement-et-travail-le-temoignage-damelie\/"},"author":{"name":"V\u00e9ronique Darmangeat","@id":"https:\/\/www.lactissima.com\/a-tire-d-ailes\/#\/schema\/person\/8f98d3a89530861bc1240e6d53d44eed"},"headline":"Allaitement et travail : le t\u00e9moignage d&rsquo;Am\u00e9lie","datePublished":"2013-07-20T08:49:56+00:00","dateModified":"2014-03-15T14:23:37+00:00","mainEntityOfPage":{"@id":"https:\/\/www.lactissima.com\/a-tire-d-ailes\/allaitement-et-travail-le-temoignage-damelie\/"},"wordCount":807,"commentCount":0,"image":{"@id":"https:\/\/www.lactissima.com\/a-tire-d-ailes\/allaitement-et-travail-le-temoignage-damelie\/#primaryimage"},"thumbnailUrl":"https:\/\/www.lactissima.com\/a-tire-d-ailes\/wp-content\/uploads\/2013\/07\/allaitement-Am\u00e9lie.jpg","articleSection":["t\u00e9moignages"],"inLanguage":"fr-FR","potentialAction":[{"@type":"CommentAction","name":"Comment","target":["https:\/\/www.lactissima.com\/a-tire-d-ailes\/allaitement-et-travail-le-temoignage-damelie\/#respond"]}]},{"@type":"WebPage","@id":"https:\/\/www.lactissima.com\/a-tire-d-ailes\/allaitement-et-travail-le-temoignage-damelie\/","url":"https:\/\/www.lactissima.com\/a-tire-d-ailes\/allaitement-et-travail-le-temoignage-damelie\/","name":"allaitement et travail","isPartOf":{"@id":"https:\/\/www.lactissima.com\/a-tire-d-ailes\/#website"},"primaryImageOfPage":{"@id":"https:\/\/www.lactissima.com\/a-tire-d-ailes\/allaitement-et-travail-le-temoignage-damelie\/#primaryimage"},"image":{"@id":"https:\/\/www.lactissima.com\/a-tire-d-ailes\/allaitement-et-travail-le-temoignage-damelie\/#primaryimage"},"thumbnailUrl":"https:\/\/www.lactissima.com\/a-tire-d-ailes\/wp-content\/uploads\/2013\/07\/allaitement-Am\u00e9lie.jpg","datePublished":"2013-07-20T08:49:56+00:00","dateModified":"2014-03-15T14:23:37+00:00","author":{"@id":"https:\/\/www.lactissima.com\/a-tire-d-ailes\/#\/schema\/person\/8f98d3a89530861bc1240e6d53d44eed"},"description":"Am\u00e9lie a tir\u00e9 son lait au travail mais n'a pas pu constituer de stocks avant de pouvoir concilier allaitement et travail. Elle a donc fonctionn\u00e9 en flux tendus.","breadcrumb":{"@id":"https:\/\/www.lactissima.com\/a-tire-d-ailes\/allaitement-et-travail-le-temoignage-damelie\/#breadcrumb"},"inLanguage":"fr-FR","potentialAction":[{"@type":"ReadAction","target":["https:\/\/www.lactissima.com\/a-tire-d-ailes\/allaitement-et-travail-le-temoignage-damelie\/"]}]},{"@type":"ImageObject","inLanguage":"fr-FR","@id":"https:\/\/www.lactissima.com\/a-tire-d-ailes\/allaitement-et-travail-le-temoignage-damelie\/#primaryimage","url":"https:\/\/www.lactissima.com\/a-tire-d-ailes\/wp-content\/uploads\/2013\/07\/allaitement-Am\u00e9lie.jpg","contentUrl":"https:\/\/www.lactissima.com\/a-tire-d-ailes\/wp-content\/uploads\/2013\/07\/allaitement-Am\u00e9lie.jpg","width":230,"height":307,"caption":"allaitement et travail"},{"@type":"BreadcrumbList","@id":"https:\/\/www.lactissima.com\/a-tire-d-ailes\/allaitement-et-travail-le-temoignage-damelie\/#breadcrumb","itemListElement":[{"@type":"ListItem","position":1,"name":"Accueil","item":"https:\/\/www.lactissima.com\/a-tire-d-ailes\/"},{"@type":"ListItem","position":2,"name":"Allaitement et travail : le t\u00e9moignage d&rsquo;Am\u00e9lie"}]},{"@type":"WebSite","@id":"https:\/\/www.lactissima.com\/a-tire-d-ailes\/#website","url":"https:\/\/www.lactissima.com\/a-tire-d-ailes\/","name":"A tire d&#039;Ailes","description":"Le blog des femmes qui allaitent et travaillent.","potentialAction":[{"@type":"SearchAction","target":{"@type":"EntryPoint","urlTemplate":"https:\/\/www.lactissima.com\/a-tire-d-ailes\/?s={search_term_string}"},"query-input":{"@type":"PropertyValueSpecification","valueRequired":true,"valueName":"search_term_string"}}],"inLanguage":"fr-FR"},{"@type":"Person","@id":"https:\/\/www.lactissima.com\/a-tire-d-ailes\/#\/schema\/person\/8f98d3a89530861bc1240e6d53d44eed","name":"V\u00e9ronique Darmangeat","image":{"@type":"ImageObject","inLanguage":"fr-FR","@id":"https:\/\/secure.gravatar.com\/avatar\/268c99344c89cebfe4f5df5fa8be43068a18884fc76a29f3206fae98465b9cab?s=96&d=identicon&r=g","url":"https:\/\/secure.gravatar.com\/avatar\/268c99344c89cebfe4f5df5fa8be43068a18884fc76a29f3206fae98465b9cab?s=96&d=identicon&r=g","contentUrl":"https:\/\/secure.gravatar.com\/avatar\/268c99344c89cebfe4f5df5fa8be43068a18884fc76a29f3206fae98465b9cab?s=96&d=identicon&r=g","caption":"V\u00e9ronique Darmangeat"},"sameAs":["https:\/\/www.lactissima.com\/a-tire-d-ailes","www.facebook.com\/consultante.en.lactation"]}]}},"_links":{"self":[{"href":"https:\/\/www.lactissima.com\/a-tire-d-ailes\/wp-json\/wp\/v2\/posts\/4228","targetHints":{"allow":["GET"]}}],"collection":[{"href":"https:\/\/www.lactissima.com\/a-tire-d-ailes\/wp-json\/wp\/v2\/posts"}],"about":[{"href":"https:\/\/www.lactissima.com\/a-tire-d-ailes\/wp-json\/wp\/v2\/types\/post"}],"author":[{"embeddable":true,"href":"https:\/\/www.lactissima.com\/a-tire-d-ailes\/wp-json\/wp\/v2\/users\/170"}],"replies":[{"embeddable":true,"href":"https:\/\/www.lactissima.com\/a-tire-d-ailes\/wp-json\/wp\/v2\/comments?post=4228"}],"version-history":[{"count":9,"href":"https:\/\/www.lactissima.com\/a-tire-d-ailes\/wp-json\/wp\/v2\/posts\/4228\/revisions"}],"predecessor-version":[{"id":5181,"href":"https:\/\/www.lactissima.com\/a-tire-d-ailes\/wp-json\/wp\/v2\/posts\/4228\/revisions\/5181"}],"wp:featuredmedia":[{"embeddable":true,"href":"https:\/\/www.lactissima.com\/a-tire-d-ailes\/wp-json\/wp\/v2\/media\/4230"}],"wp:attachment":[{"href":"https:\/\/www.lactissima.com\/a-tire-d-ailes\/wp-json\/wp\/v2\/media?parent=4228"}],"wp:term":[{"taxonomy":"category","embeddable":true,"href":"https:\/\/www.lactissima.com\/a-tire-d-ailes\/wp-json\/wp\/v2\/categories?post=4228"},{"taxonomy":"post_tag","embeddable":true,"href":"https:\/\/www.lactissima.com\/a-tire-d-ailes\/wp-json\/wp\/v2\/tags?post=4228"}],"curies":[{"name":"wp","href":"https:\/\/api.w.org\/{rel}","templated":true}]}}