{"id":4018,"date":"2013-06-20T14:33:21","date_gmt":"2013-06-20T12:33:21","guid":{"rendered":"https:\/\/www.lactissima.com\/a-tire-d-ailes\/?p=4018"},"modified":"2016-08-03T19:14:05","modified_gmt":"2016-08-03T17:14:05","slug":"periode-dadaptation-et-allaitement","status":"publish","type":"post","link":"https:\/\/www.lactissima.com\/a-tire-d-ailes\/periode-dadaptation-et-allaitement\/","title":{"rendered":"P\u00e9riode d&rsquo;adaptation et allaitement"},"content":{"rendered":"<p style=\"text-align: justify;\"><a href=\"https:\/\/www.lactissima.com\/a-tire-d-ailes\/wp-content\/uploads\/2013\/06\/b\u00e9b\u00e9-allait\u00e9.jpg\"><img loading=\"lazy\" decoding=\"async\" class=\"alignright wp-image-4023\" title=\"P\u00e9riode d'adaptation et allaitement\" src=\"https:\/\/www.lactissima.com\/a-tire-d-ailes\/wp-content\/uploads\/2013\/06\/b\u00e9b\u00e9-allait\u00e9.jpg\" alt=\"p\u00e9riode d'adaptation et allaitement\" width=\"180\" height=\"120\" \/><\/a>Lorsque votre b\u00e9b\u00e9 entre en cr\u00e8che ou est accueilli par une assistante maternelle, il est habituel de faire une <a href=\"https:\/\/www.lactissima.com\/a-tire-d-ailes\/?p=4018\">p\u00e9riode d&rsquo;adaptation<\/a> dont la dur\u00e9e varie selon les \u00e9tablissements et les personnes.<\/p>\n<p style=\"text-align: justify;\">Cette <strong>p\u00e9riode d&rsquo;adaptation <\/strong>et allaitement n&rsquo;est pas toujours facile lorsque son <a title=\"8 trucs pour faire face au refus du biberon\" href=\"https:\/\/www.lactissima.com\/a-tire-d-ailes\/8-trucs-pour-faire-face-au-refus-du-biberon\/\" target=\"_blank\">b\u00e9b\u00e9 refuse le biberon<\/a>.<\/p>\n<p style=\"text-align: justify;\">Dans beaucoup de cr\u00e8ches, on demande \u00e0 la m\u00e8re de donner le biberon \u00e0 la cr\u00e8che pendant cette p\u00e9riode. Or lorsqu&rsquo;un b\u00e9b\u00e9 refuse le biberon, il ne comprend pas pourquoi maman lui propose un biberon alors que le sein est \u00e0 port\u00e9e de bouche. Je sugg\u00e8re en g\u00e9n\u00e9ral d&rsquo;\u00e9viter cette \u00e9tape et de<strong> laisser la cr\u00e8che ou l&rsquo;assistante maternelle donner le biberon<\/strong>.<\/p>\n<p style=\"text-align: justify;\">Mais m\u00eame ainsi, certains enfants continuent \u00e0 refuser le biberon. Dans certains cas, allonger la p\u00e9riode d&rsquo;adaptation peut \u00eatre une bonne id\u00e9e. Une lectrice de ce blog nous a donn\u00e9 ce t\u00e9moignage :<br \/>\n\u00ab\u00a0Nous avons la chance de tr\u00e8s bien nous entendre avec l&rsquo;assistante maternelle qui garde notre fille. Nous avons aussi pu faire une adaptation tr\u00e8s progressive : trois semaines en tout avant de faire une \u00c2\u00ab vraie semaine \u00c2\u00bb en avan\u00e7ant demi heure par demi heure. Pendant un temps, j&rsquo;ai emmen\u00e9 ma fille d\u00e8s le r\u00e9veil pour qu&rsquo;elle ait vraiment besoin du biberon et l&rsquo;accepte. Cette longue adaptation nous a permis d&rsquo;\u00e9changer, de discuter, de chercher ensemble des solutions pour qu&rsquo;elle accepte le biberon. L&rsquo;assistante maternelle qui \u00e9tait septique sur un temps d&rsquo;adaptation si long a dit ensuite qu&rsquo;elle le proposerait \u00e0 d&rsquo;autres parents parce que cela avait vraiment \u00e9t\u00e9 b\u00e9n\u00e9fique pour elle et notre fille.\u00a0\u00bb<br \/>\nCette solution peut tr\u00e8s bien convenir aux familles qui ont le temps.<\/p>\n<p style=\"text-align: justify;\">Certaines cr\u00e8ches ou assistantes maternelles proposent \u00e0 la m\u00e8re de <strong>l&rsquo;appeler quand leur b\u00e9b\u00e9 a faim<\/strong> s&rsquo;il refuse le biberon, pour qu&rsquo;elle puisse venir donner une t\u00e9t\u00e9e.<br \/>\nCette solution peut \u00eatre une bonne id\u00e9e si vous \u00eates disponible pour venir mais c&rsquo;est assez rarement le cas et c&rsquo;est souvent un bon moyen pour que le b\u00e9b\u00e9 continue \u00e0 refuser le biberon. Il comprend vite que s&rsquo;il refuse, maman va venir donner \u00e0 t\u00e9ter : pourquoi s&rsquo;en priver ?<br \/>\nCette solution peut donc convenir au d\u00e9but de la p\u00e9riode d&rsquo;adaptation mais ne peut pas perdurer. Il est alors important de rester ferme avec la personne qui s&rsquo;occupe de votre enfant. Si votre <a title=\"Quand mon b\u00e9b\u00e9 refuse le biberon\" href=\"https:\/\/www.lactissima.com\/a-tire-d-ailes\/quand-mon-bebe-refuse-le-biberon\/\" target=\"_blank\">b\u00e9b\u00e9 refuse de manger<\/a>, il a le droit de vous attendre pour t\u00e9ter, ce n&rsquo;est pas grave et il ne risque rien.<\/p>\n<p style=\"text-align: justify;\">Bien s\u00fbr, le <strong>dialogue<\/strong> avec la personne qui s&rsquo;occupe de votre enfant est primordial pendant cette p\u00e9riode d&rsquo;adaptation car cela permet d&rsquo;\u00e9tablir une relation de confiance pour le plus grand bien de votre enfant, de vous et de la personne qui s&rsquo;occupe de votre enfant.<\/p>\n<p style=\"text-align: justify;\">Et pour <strong>vous<\/strong>, comment s&rsquo;est pass\u00e9e la p\u00e9riode d&rsquo;adaptation de votre b\u00e9b\u00e9 ?<\/p>\n<p style=\"text-align: justify;\"><strong>Articles en rapport :<\/strong><\/p>\n<ul>\n<li style=\"text-align: justify;\"><a href=\"https:\/\/www.lactissima.com\/a-tire-d-ailes\/allaitement-et-travail-le-temoignage-dune-assistante-maternelle\/\" target=\"_blank\">Allaitement et travail : le t\u00e9moignage d&rsquo;une assistante maternelle.<\/a><\/li>\n<li style=\"text-align: justify;\"><a href=\"https:\/\/www.lactissima.com\/a-tire-d-ailes\/8-trucs-pour-faire-face-au-refus-du-biberon\/\" target=\"_blank\">8 trucs pour faire face au refus du biberon.<\/a><\/li>\n<li style=\"text-align: justify;\"><a href=\"https:\/\/www.lactissima.com\/a-tire-d-ailes\/assistante-maternelle-et-bebe-allaite\/\" target=\"_blank\">Assistante maternelle et b\u00e9b\u00e9 allait\u00e9.<\/a><\/li>\n<li style=\"text-align: justify;\"><a href=\"https:\/\/www.lactissima.com\/a-tire-d-ailes\/quand-mon-bebe-refuse-le-biberon\/\" target=\"_blank\">Quand mon b\u00e9b\u00e9 refuse le biberon.<\/a><\/li>\n<li style=\"text-align: justify;\"><a href=\"https:\/\/www.lactissima.com\/a-tire-d-ailes\/10-trucs-pour-avoir-de-bonnes-relations-avec-sa-nounou\/\" target=\"_blank\">10 trucs pour avoir de bonnes relations avec sa nounou <\/a><\/li>\n<li style=\"text-align: justify;\"><a href=\"https:\/\/www.lactissima.com\/a-tire-d-ailes\/gerer-la-frustration-de-lassistante-maternelle\/\">G\u00e9rer la frustration de l&rsquo;assistante maternelle<\/a><\/li>\n<\/ul>\n<p>&nbsp;<\/p>\n","protected":false},"excerpt":{"rendered":"<p>La p\u00e9riode d&rsquo;adaptation de votre b\u00e9b\u00e9 \u00e0 la cr\u00e8che ou chez l&rsquo;assistante maternelle n&rsquo;est pas toujours facile si votre b\u00e9b\u00e9 refuse le biberon. N&rsquo;h\u00e9sitez pas \u00e0 prendre votre temps et \u00e0 discuter pour que cela se passe au mieux.<\/p>\n","protected":false},"author":170,"featured_media":4023,"comment_status":"open","ping_status":"open","sticky":false,"template":"","format":"standard","meta":{"_et_pb_use_builder":"","_et_pb_old_content":"","_et_gb_content_width":"","footnotes":""},"categories":[36,712],"tags":[509,511,512,510],"class_list":["post-4018","post","type-post","status-publish","format-standard","has-post-thumbnail","hentry","category-allaitement-et-travail","category-mode-de-garde","tag-bebe-refuse-de-manger","tag-bebe-refuse-le-biberon","tag-e","tag-periode-dadaptation"],"yoast_head":"<!-- This site is optimized with the Yoast SEO plugin v27.4 - https:\/\/yoast.com\/product\/yoast-seo-wordpress\/ -->\n<title>P\u00e9riode d&#039;adaptation et allaitement<\/title>\n<meta name=\"description\" content=\"La p\u00e9riode d&#039;adaptation de votre b\u00e9b\u00e9 \u00e0 la cr\u00e8che ou chez l&#039;assistante maternelle n&#039;est pas toujours facile. N&#039;h\u00e9sitez pas \u00e0 prendre votre temps et \u00e0 discuter pour que p\u00e9riode d&#039;adaptation et allaitement se passent au mieux.\" \/>\n<meta name=\"robots\" content=\"index, follow, max-snippet:-1, max-image-preview:large, max-video-preview:-1\" \/>\n<link rel=\"canonical\" href=\"https:\/\/www.lactissima.com\/a-tire-d-ailes\/periode-dadaptation-et-allaitement\/\" \/>\n<meta property=\"og:locale\" content=\"fr_FR\" \/>\n<meta property=\"og:type\" content=\"article\" \/>\n<meta property=\"og:title\" content=\"P\u00e9riode d&#039;adaptation et allaitement\" \/>\n<meta property=\"og:description\" content=\"La p\u00e9riode d&#039;adaptation de votre b\u00e9b\u00e9 \u00e0 la cr\u00e8che ou chez l&#039;assistante maternelle n&#039;est pas toujours facile. N&#039;h\u00e9sitez pas \u00e0 prendre votre temps et \u00e0 discuter pour que p\u00e9riode d&#039;adaptation et allaitement se passent au mieux.\" \/>\n<meta property=\"og:url\" content=\"https:\/\/www.lactissima.com\/a-tire-d-ailes\/periode-dadaptation-et-allaitement\/\" \/>\n<meta property=\"og:site_name\" content=\"A tire d&#039;Ailes\" \/>\n<meta property=\"article:publisher\" content=\"https:\/\/www.facebook.com\/consultante.en.lactation\" \/>\n<meta property=\"article:author\" content=\"www.facebook.com\/consultante.en.lactation\" \/>\n<meta property=\"article:published_time\" content=\"2013-06-20T12:33:21+00:00\" \/>\n<meta property=\"article:modified_time\" content=\"2016-08-03T17:14:05+00:00\" \/>\n<meta property=\"og:image\" content=\"https:\/\/www.lactissima.com\/a-tire-d-ailes\/wp-content\/uploads\/2013\/06\/b\u00e9b\u00e9-allait\u00e9.jpg\" \/>\n\t<meta property=\"og:image:width\" content=\"300\" \/>\n\t<meta property=\"og:image:height\" content=\"200\" \/>\n\t<meta property=\"og:image:type\" content=\"image\/jpeg\" \/>\n<meta name=\"author\" content=\"V\u00e9ronique Darmangeat\" \/>\n<meta name=\"twitter:card\" content=\"summary_large_image\" \/>\n<meta name=\"twitter:creator\" content=\"@VeroniqueIBCLC\" \/>\n<meta name=\"twitter:site\" content=\"@VeroniqueIBCLC\" \/>\n<meta name=\"twitter:label1\" content=\"\u00c9crit par\" \/>\n\t<meta name=\"twitter:data1\" content=\"V\u00e9ronique Darmangeat\" \/>\n\t<meta name=\"twitter:label2\" content=\"Dur\u00e9e de lecture estim\u00e9e\" \/>\n\t<meta name=\"twitter:data2\" content=\"3 minutes\" \/>\n<script type=\"application\/ld+json\" class=\"yoast-schema-graph\">{\"@context\":\"https:\\\/\\\/schema.org\",\"@graph\":[{\"@type\":\"Article\",\"@id\":\"https:\\\/\\\/www.lactissima.com\\\/a-tire-d-ailes\\\/periode-dadaptation-et-allaitement\\\/#article\",\"isPartOf\":{\"@id\":\"https:\\\/\\\/www.lactissima.com\\\/a-tire-d-ailes\\\/periode-dadaptation-et-allaitement\\\/\"},\"author\":{\"name\":\"V\u00e9ronique Darmangeat\",\"@id\":\"https:\\\/\\\/www.lactissima.com\\\/a-tire-d-ailes\\\/#\\\/schema\\\/person\\\/8f98d3a89530861bc1240e6d53d44eed\"},\"headline\":\"P\u00e9riode d&rsquo;adaptation et allaitement\",\"datePublished\":\"2013-06-20T12:33:21+00:00\",\"dateModified\":\"2016-08-03T17:14:05+00:00\",\"mainEntityOfPage\":{\"@id\":\"https:\\\/\\\/www.lactissima.com\\\/a-tire-d-ailes\\\/periode-dadaptation-et-allaitement\\\/\"},\"wordCount\":580,\"commentCount\":11,\"image\":{\"@id\":\"https:\\\/\\\/www.lactissima.com\\\/a-tire-d-ailes\\\/periode-dadaptation-et-allaitement\\\/#primaryimage\"},\"thumbnailUrl\":\"https:\\\/\\\/www.lactissima.com\\\/a-tire-d-ailes\\\/wp-content\\\/uploads\\\/2013\\\/06\\\/b\u00e9b\u00e9-allait\u00e9.jpg\",\"keywords\":[\"b\u00e9b\u00e9 refuse de manger\",\"b\u00e9b\u00e9 refuse le biberon\",\"\u00e9\",\"p\u00e9riode d'adaptation\"],\"articleSection\":[\"Allaitement et Travail\",\"Mode de garde\"],\"inLanguage\":\"fr-FR\",\"potentialAction\":[{\"@type\":\"CommentAction\",\"name\":\"Comment\",\"target\":[\"https:\\\/\\\/www.lactissima.com\\\/a-tire-d-ailes\\\/periode-dadaptation-et-allaitement\\\/#respond\"]}]},{\"@type\":\"WebPage\",\"@id\":\"https:\\\/\\\/www.lactissima.com\\\/a-tire-d-ailes\\\/periode-dadaptation-et-allaitement\\\/\",\"url\":\"https:\\\/\\\/www.lactissima.com\\\/a-tire-d-ailes\\\/periode-dadaptation-et-allaitement\\\/\",\"name\":\"P\u00e9riode d'adaptation et allaitement\",\"isPartOf\":{\"@id\":\"https:\\\/\\\/www.lactissima.com\\\/a-tire-d-ailes\\\/#website\"},\"primaryImageOfPage\":{\"@id\":\"https:\\\/\\\/www.lactissima.com\\\/a-tire-d-ailes\\\/periode-dadaptation-et-allaitement\\\/#primaryimage\"},\"image\":{\"@id\":\"https:\\\/\\\/www.lactissima.com\\\/a-tire-d-ailes\\\/periode-dadaptation-et-allaitement\\\/#primaryimage\"},\"thumbnailUrl\":\"https:\\\/\\\/www.lactissima.com\\\/a-tire-d-ailes\\\/wp-content\\\/uploads\\\/2013\\\/06\\\/b\u00e9b\u00e9-allait\u00e9.jpg\",\"datePublished\":\"2013-06-20T12:33:21+00:00\",\"dateModified\":\"2016-08-03T17:14:05+00:00\",\"author\":{\"@id\":\"https:\\\/\\\/www.lactissima.com\\\/a-tire-d-ailes\\\/#\\\/schema\\\/person\\\/8f98d3a89530861bc1240e6d53d44eed\"},\"description\":\"La p\u00e9riode d'adaptation de votre b\u00e9b\u00e9 \u00e0 la cr\u00e8che ou chez l'assistante maternelle n'est pas toujours facile. N'h\u00e9sitez pas \u00e0 prendre votre temps et \u00e0 discuter pour que p\u00e9riode d'adaptation et allaitement se passent au mieux.\",\"breadcrumb\":{\"@id\":\"https:\\\/\\\/www.lactissima.com\\\/a-tire-d-ailes\\\/periode-dadaptation-et-allaitement\\\/#breadcrumb\"},\"inLanguage\":\"fr-FR\",\"potentialAction\":[{\"@type\":\"ReadAction\",\"target\":[\"https:\\\/\\\/www.lactissima.com\\\/a-tire-d-ailes\\\/periode-dadaptation-et-allaitement\\\/\"]}]},{\"@type\":\"ImageObject\",\"inLanguage\":\"fr-FR\",\"@id\":\"https:\\\/\\\/www.lactissima.com\\\/a-tire-d-ailes\\\/periode-dadaptation-et-allaitement\\\/#primaryimage\",\"url\":\"https:\\\/\\\/www.lactissima.com\\\/a-tire-d-ailes\\\/wp-content\\\/uploads\\\/2013\\\/06\\\/b\u00e9b\u00e9-allait\u00e9.jpg\",\"contentUrl\":\"https:\\\/\\\/www.lactissima.com\\\/a-tire-d-ailes\\\/wp-content\\\/uploads\\\/2013\\\/06\\\/b\u00e9b\u00e9-allait\u00e9.jpg\",\"width\":300,\"height\":200,\"caption\":\"cr\u00e8che et allaitement\"},{\"@type\":\"BreadcrumbList\",\"@id\":\"https:\\\/\\\/www.lactissima.com\\\/a-tire-d-ailes\\\/periode-dadaptation-et-allaitement\\\/#breadcrumb\",\"itemListElement\":[{\"@type\":\"ListItem\",\"position\":1,\"name\":\"Accueil\",\"item\":\"https:\\\/\\\/www.lactissima.com\\\/a-tire-d-ailes\\\/\"},{\"@type\":\"ListItem\",\"position\":2,\"name\":\"P\u00e9riode d&rsquo;adaptation et allaitement\"}]},{\"@type\":\"WebSite\",\"@id\":\"https:\\\/\\\/www.lactissima.com\\\/a-tire-d-ailes\\\/#website\",\"url\":\"https:\\\/\\\/www.lactissima.com\\\/a-tire-d-ailes\\\/\",\"name\":\"A tire d&#039;Ailes\",\"description\":\"Le blog des femmes qui allaitent et travaillent.\",\"potentialAction\":[{\"@type\":\"SearchAction\",\"target\":{\"@type\":\"EntryPoint\",\"urlTemplate\":\"https:\\\/\\\/www.lactissima.com\\\/a-tire-d-ailes\\\/?s={search_term_string}\"},\"query-input\":{\"@type\":\"PropertyValueSpecification\",\"valueRequired\":true,\"valueName\":\"search_term_string\"}}],\"inLanguage\":\"fr-FR\"},{\"@type\":\"Person\",\"@id\":\"https:\\\/\\\/www.lactissima.com\\\/a-tire-d-ailes\\\/#\\\/schema\\\/person\\\/8f98d3a89530861bc1240e6d53d44eed\",\"name\":\"V\u00e9ronique Darmangeat\",\"image\":{\"@type\":\"ImageObject\",\"inLanguage\":\"fr-FR\",\"@id\":\"https:\\\/\\\/secure.gravatar.com\\\/avatar\\\/268c99344c89cebfe4f5df5fa8be43068a18884fc76a29f3206fae98465b9cab?s=96&d=identicon&r=g\",\"url\":\"https:\\\/\\\/secure.gravatar.com\\\/avatar\\\/268c99344c89cebfe4f5df5fa8be43068a18884fc76a29f3206fae98465b9cab?s=96&d=identicon&r=g\",\"contentUrl\":\"https:\\\/\\\/secure.gravatar.com\\\/avatar\\\/268c99344c89cebfe4f5df5fa8be43068a18884fc76a29f3206fae98465b9cab?s=96&d=identicon&r=g\",\"caption\":\"V\u00e9ronique Darmangeat\"},\"sameAs\":[\"https:\\\/\\\/www.lactissima.com\\\/a-tire-d-ailes\",\"www.facebook.com\\\/consultante.en.lactation\"]}]}<\/script>\n<!-- \/ Yoast SEO plugin. -->","yoast_head_json":{"title":"P\u00e9riode d'adaptation et allaitement","description":"La p\u00e9riode d'adaptation de votre b\u00e9b\u00e9 \u00e0 la cr\u00e8che ou chez l'assistante maternelle n'est pas toujours facile. N'h\u00e9sitez pas \u00e0 prendre votre temps et \u00e0 discuter pour que p\u00e9riode d'adaptation et allaitement se passent au mieux.","robots":{"index":"index","follow":"follow","max-snippet":"max-snippet:-1","max-image-preview":"max-image-preview:large","max-video-preview":"max-video-preview:-1"},"canonical":"https:\/\/www.lactissima.com\/a-tire-d-ailes\/periode-dadaptation-et-allaitement\/","og_locale":"fr_FR","og_type":"article","og_title":"P\u00e9riode d'adaptation et allaitement","og_description":"La p\u00e9riode d'adaptation de votre b\u00e9b\u00e9 \u00e0 la cr\u00e8che ou chez l'assistante maternelle n'est pas toujours facile. N'h\u00e9sitez pas \u00e0 prendre votre temps et \u00e0 discuter pour que p\u00e9riode d'adaptation et allaitement se passent au mieux.","og_url":"https:\/\/www.lactissima.com\/a-tire-d-ailes\/periode-dadaptation-et-allaitement\/","og_site_name":"A tire d&#039;Ailes","article_publisher":"https:\/\/www.facebook.com\/consultante.en.lactation","article_author":"www.facebook.com\/consultante.en.lactation","article_published_time":"2013-06-20T12:33:21+00:00","article_modified_time":"2016-08-03T17:14:05+00:00","og_image":[{"width":300,"height":200,"url":"https:\/\/www.lactissima.com\/a-tire-d-ailes\/wp-content\/uploads\/2013\/06\/b\u00e9b\u00e9-allait\u00e9.jpg","type":"image\/jpeg"}],"author":"V\u00e9ronique Darmangeat","twitter_card":"summary_large_image","twitter_creator":"@VeroniqueIBCLC","twitter_site":"@VeroniqueIBCLC","twitter_misc":{"\u00c9crit par":"V\u00e9ronique Darmangeat","Dur\u00e9e de lecture estim\u00e9e":"3 minutes"},"schema":{"@context":"https:\/\/schema.org","@graph":[{"@type":"Article","@id":"https:\/\/www.lactissima.com\/a-tire-d-ailes\/periode-dadaptation-et-allaitement\/#article","isPartOf":{"@id":"https:\/\/www.lactissima.com\/a-tire-d-ailes\/periode-dadaptation-et-allaitement\/"},"author":{"name":"V\u00e9ronique Darmangeat","@id":"https:\/\/www.lactissima.com\/a-tire-d-ailes\/#\/schema\/person\/8f98d3a89530861bc1240e6d53d44eed"},"headline":"P\u00e9riode d&rsquo;adaptation et allaitement","datePublished":"2013-06-20T12:33:21+00:00","dateModified":"2016-08-03T17:14:05+00:00","mainEntityOfPage":{"@id":"https:\/\/www.lactissima.com\/a-tire-d-ailes\/periode-dadaptation-et-allaitement\/"},"wordCount":580,"commentCount":11,"image":{"@id":"https:\/\/www.lactissima.com\/a-tire-d-ailes\/periode-dadaptation-et-allaitement\/#primaryimage"},"thumbnailUrl":"https:\/\/www.lactissima.com\/a-tire-d-ailes\/wp-content\/uploads\/2013\/06\/b\u00e9b\u00e9-allait\u00e9.jpg","keywords":["b\u00e9b\u00e9 refuse de manger","b\u00e9b\u00e9 refuse le biberon","\u00e9","p\u00e9riode d'adaptation"],"articleSection":["Allaitement et Travail","Mode de garde"],"inLanguage":"fr-FR","potentialAction":[{"@type":"CommentAction","name":"Comment","target":["https:\/\/www.lactissima.com\/a-tire-d-ailes\/periode-dadaptation-et-allaitement\/#respond"]}]},{"@type":"WebPage","@id":"https:\/\/www.lactissima.com\/a-tire-d-ailes\/periode-dadaptation-et-allaitement\/","url":"https:\/\/www.lactissima.com\/a-tire-d-ailes\/periode-dadaptation-et-allaitement\/","name":"P\u00e9riode d'adaptation et allaitement","isPartOf":{"@id":"https:\/\/www.lactissima.com\/a-tire-d-ailes\/#website"},"primaryImageOfPage":{"@id":"https:\/\/www.lactissima.com\/a-tire-d-ailes\/periode-dadaptation-et-allaitement\/#primaryimage"},"image":{"@id":"https:\/\/www.lactissima.com\/a-tire-d-ailes\/periode-dadaptation-et-allaitement\/#primaryimage"},"thumbnailUrl":"https:\/\/www.lactissima.com\/a-tire-d-ailes\/wp-content\/uploads\/2013\/06\/b\u00e9b\u00e9-allait\u00e9.jpg","datePublished":"2013-06-20T12:33:21+00:00","dateModified":"2016-08-03T17:14:05+00:00","author":{"@id":"https:\/\/www.lactissima.com\/a-tire-d-ailes\/#\/schema\/person\/8f98d3a89530861bc1240e6d53d44eed"},"description":"La p\u00e9riode d'adaptation de votre b\u00e9b\u00e9 \u00e0 la cr\u00e8che ou chez l'assistante maternelle n'est pas toujours facile. N'h\u00e9sitez pas \u00e0 prendre votre temps et \u00e0 discuter pour que p\u00e9riode d'adaptation et allaitement se passent au mieux.","breadcrumb":{"@id":"https:\/\/www.lactissima.com\/a-tire-d-ailes\/periode-dadaptation-et-allaitement\/#breadcrumb"},"inLanguage":"fr-FR","potentialAction":[{"@type":"ReadAction","target":["https:\/\/www.lactissima.com\/a-tire-d-ailes\/periode-dadaptation-et-allaitement\/"]}]},{"@type":"ImageObject","inLanguage":"fr-FR","@id":"https:\/\/www.lactissima.com\/a-tire-d-ailes\/periode-dadaptation-et-allaitement\/#primaryimage","url":"https:\/\/www.lactissima.com\/a-tire-d-ailes\/wp-content\/uploads\/2013\/06\/b\u00e9b\u00e9-allait\u00e9.jpg","contentUrl":"https:\/\/www.lactissima.com\/a-tire-d-ailes\/wp-content\/uploads\/2013\/06\/b\u00e9b\u00e9-allait\u00e9.jpg","width":300,"height":200,"caption":"cr\u00e8che et allaitement"},{"@type":"BreadcrumbList","@id":"https:\/\/www.lactissima.com\/a-tire-d-ailes\/periode-dadaptation-et-allaitement\/#breadcrumb","itemListElement":[{"@type":"ListItem","position":1,"name":"Accueil","item":"https:\/\/www.lactissima.com\/a-tire-d-ailes\/"},{"@type":"ListItem","position":2,"name":"P\u00e9riode d&rsquo;adaptation et allaitement"}]},{"@type":"WebSite","@id":"https:\/\/www.lactissima.com\/a-tire-d-ailes\/#website","url":"https:\/\/www.lactissima.com\/a-tire-d-ailes\/","name":"A tire d&#039;Ailes","description":"Le blog des femmes qui allaitent et travaillent.","potentialAction":[{"@type":"SearchAction","target":{"@type":"EntryPoint","urlTemplate":"https:\/\/www.lactissima.com\/a-tire-d-ailes\/?s={search_term_string}"},"query-input":{"@type":"PropertyValueSpecification","valueRequired":true,"valueName":"search_term_string"}}],"inLanguage":"fr-FR"},{"@type":"Person","@id":"https:\/\/www.lactissima.com\/a-tire-d-ailes\/#\/schema\/person\/8f98d3a89530861bc1240e6d53d44eed","name":"V\u00e9ronique Darmangeat","image":{"@type":"ImageObject","inLanguage":"fr-FR","@id":"https:\/\/secure.gravatar.com\/avatar\/268c99344c89cebfe4f5df5fa8be43068a18884fc76a29f3206fae98465b9cab?s=96&d=identicon&r=g","url":"https:\/\/secure.gravatar.com\/avatar\/268c99344c89cebfe4f5df5fa8be43068a18884fc76a29f3206fae98465b9cab?s=96&d=identicon&r=g","contentUrl":"https:\/\/secure.gravatar.com\/avatar\/268c99344c89cebfe4f5df5fa8be43068a18884fc76a29f3206fae98465b9cab?s=96&d=identicon&r=g","caption":"V\u00e9ronique Darmangeat"},"sameAs":["https:\/\/www.lactissima.com\/a-tire-d-ailes","www.facebook.com\/consultante.en.lactation"]}]}},"_links":{"self":[{"href":"https:\/\/www.lactissima.com\/a-tire-d-ailes\/wp-json\/wp\/v2\/posts\/4018","targetHints":{"allow":["GET"]}}],"collection":[{"href":"https:\/\/www.lactissima.com\/a-tire-d-ailes\/wp-json\/wp\/v2\/posts"}],"about":[{"href":"https:\/\/www.lactissima.com\/a-tire-d-ailes\/wp-json\/wp\/v2\/types\/post"}],"author":[{"embeddable":true,"href":"https:\/\/www.lactissima.com\/a-tire-d-ailes\/wp-json\/wp\/v2\/users\/170"}],"replies":[{"embeddable":true,"href":"https:\/\/www.lactissima.com\/a-tire-d-ailes\/wp-json\/wp\/v2\/comments?post=4018"}],"version-history":[{"count":17,"href":"https:\/\/www.lactissima.com\/a-tire-d-ailes\/wp-json\/wp\/v2\/posts\/4018\/revisions"}],"predecessor-version":[{"id":6812,"href":"https:\/\/www.lactissima.com\/a-tire-d-ailes\/wp-json\/wp\/v2\/posts\/4018\/revisions\/6812"}],"wp:featuredmedia":[{"embeddable":true,"href":"https:\/\/www.lactissima.com\/a-tire-d-ailes\/wp-json\/wp\/v2\/media\/4023"}],"wp:attachment":[{"href":"https:\/\/www.lactissima.com\/a-tire-d-ailes\/wp-json\/wp\/v2\/media?parent=4018"}],"wp:term":[{"taxonomy":"category","embeddable":true,"href":"https:\/\/www.lactissima.com\/a-tire-d-ailes\/wp-json\/wp\/v2\/categories?post=4018"},{"taxonomy":"post_tag","embeddable":true,"href":"https:\/\/www.lactissima.com\/a-tire-d-ailes\/wp-json\/wp\/v2\/tags?post=4018"}],"curies":[{"name":"wp","href":"https:\/\/api.w.org\/{rel}","templated":true}]}}