{"id":3990,"date":"2013-05-24T09:21:50","date_gmt":"2013-05-24T07:21:50","guid":{"rendered":"https:\/\/www.lactissima.com\/a-tire-d-ailes\/?p=3990"},"modified":"2014-03-15T16:25:34","modified_gmt":"2014-03-15T14:25:34","slug":"travail-et-allaitement-le-temoignage-de-verane","status":"publish","type":"post","link":"https:\/\/www.lactissima.com\/a-tire-d-ailes\/travail-et-allaitement-le-temoignage-de-verane\/","title":{"rendered":"Travail et allaitement : le t\u00e9moignage de V\u00e9rane"},"content":{"rendered":"<p style=\"text-align: justify;\"><a href=\"https:\/\/www.lactissima.com\/a-tire-d-ailes\/wp-content\/uploads\/2013\/05\/allaitement-V\u00e9rane.jpg\"><img loading=\"lazy\" decoding=\"async\" class=\"alignright size-full wp-image-3991\" title=\"Travail et allaitement\" alt=\"Travail et allaitement\" src=\"https:\/\/www.lactissima.com\/a-tire-d-ailes\/wp-content\/uploads\/2013\/05\/allaitement-V\u00e9rane.jpg\" width=\"270\" height=\"360\" srcset=\"https:\/\/www.lactissima.com\/a-tire-d-ailes\/wp-content\/uploads\/2013\/05\/allaitement-V\u00e9rane.jpg 270w, https:\/\/www.lactissima.com\/a-tire-d-ailes\/wp-content\/uploads\/2013\/05\/allaitement-V\u00e9rane-225x300.jpg 225w\" sizes=\"(max-width: 270px) 100vw, 270px\" \/><\/a>Travail et allaitement : quand j&rsquo;ai repris le travail, j&rsquo;ai d\u00e9cid\u00e9 de<strong> continuer \u00e0 allaiter<\/strong>, mon fils avait 2 mois 1\/2, c&rsquo;est tellement petit et puis j&rsquo;ai choisi de prendre un cong\u00e9 parental \u00e0 mi-temps de 6 mois. Je travaillais deux matin\u00e9es plus une journ\u00e9e en continue. Les matin\u00e9es il \u00e9tait gard\u00e9 par ma m\u00e8re et la journ\u00e9e continue il allait \u00e0 la <a title=\"Interview d'une directrice de cr\u00e8che\" href=\"https:\/\/www.lactissima.com\/a-tire-d-ailes\/interview-dune-directrice-de-creche\/\" target=\"_blank\">cr\u00e8che<\/a>.<\/p>\n<p style=\"text-align: justify;\">Les matin\u00e9es, je donnais une t\u00e9t\u00e9e avant de partir au travail et je croisais les doigts pour qu&rsquo;il tienne jusqu&rsquo;\u00e0  mon retour, sinon ma m\u00e8re lui donnait du lait que j&rsquo;avais tir\u00e9 la veille ou du lait congel\u00e9 au biberon (tommee tippee pour \u00e9viter la confusion sein\/t\u00e9tine qui \u00e9tait ma grande angoisse). Puis \u00e0 mon arriv\u00e9e, il avait encore une t\u00e9t\u00e9e. Il a tr\u00e8s vite pris le rythme d&rsquo;<strong>attendre mon arriv\u00e9e<\/strong> et ne prenais pas de bib (malin le bonhomme) je<a title=\"J'ai peur de ne pas tirer assez de lait !\" href=\"https:\/\/www.lactissima.com\/a-tire-d-ailes\/jai-peur-de-ne-pas-tirer-assez-de-lait\/\" target=\"_blank\"> tirais mon lait<\/a> une fois au bureau avec un <a title=\"Nouveaut\u00e9s tire-lait\" href=\"https:\/\/www.lactissima.com\/a-tire-d-ailes\/nouveautes-tire-lait\/\" target=\"_blank\">tire-lait \u00e9lectrique double pompage<\/a>.<\/p>\n<p style=\"text-align: justify;\">Pour les journ\u00e9es compl\u00e8tes, la cr\u00e8che acceptait le lait congel\u00e9 qui \u00e9tait donn\u00e9 au biberon et moi je tirais mon lait environ trois fois dans la journ\u00e9e. Il m&rsquo;arrivait de tirer aussi avant d&rsquo;aller me coucher pour \u00eatre sure d&rsquo;en avoir d&rsquo;avance.<\/p>\n<p style=\"text-align: justify;\">Je ne suis pas une grande productrice de lait, je tirais sur les deux seins en 20 min entre 150 et 210 ml de lait mais au d\u00e9but c&rsquo;\u00e9tait entre 80 ml et 120, c&rsquo;\u00e9tait assez d\u00e9sesp\u00e9rant j&rsquo;ai donc essay\u00e9 de mettre en place des strat\u00e9gies : bricoler un soutien gorge pour avoir les <a title=\"Kit mains-libres pour tirer son lait en double pompage\" href=\"https:\/\/www.lactissima.com\/a-tire-d-ailes\/kit-mains-libres-pour-tirer-son-lait-en-double-pompage\/\" target=\"_blank\">mains libres<\/a>, je regardais des vid\u00e9os de mon fils ou jouait \u00e0 un jeu sur mon t\u00e9l\u00e9phone, parfois j&rsquo;appelais mon ch\u00e9ri.. le but \u00e9tant de ne pas penser que j&rsquo;\u00e9tais au travail avec une machine accroch\u00e9e \u00e0 mes seins, il suffisait que j&rsquo;entende mon patron dans la pi\u00e8ce \u00e0 cot\u00e9 ou que quelqu&rsquo;un qui avait oubli\u00e9 que j&rsquo;\u00e9tais en train de tirer mon lait essaie d&rsquo;ouvrir la porte et c&rsquo;\u00e9tait foutu, je ne tirais presque rien.<\/p>\n<p style=\"text-align: justify;\">C&rsquo;\u00e9tait parfois contraignant, \u00e7a demande de l&rsquo;organisation mais quelle <strong>satisfaction<\/strong> de savoir que mon fils ne buvait que mon lait, ce qu&rsquo;il y a avait de plus sain et de plus adapt\u00e9 \u00e0 ses besoins ! Et quelle double satisfaction lorsque l&rsquo;on s&rsquo;est rendu compte qu&rsquo;il \u00e9tait intol\u00e9rant aux PLV (prot\u00e9ines de lait de vache) !<\/p>\n<p style=\"text-align: justify;\">Finalement, j&rsquo;ai r\u00e9ussi \u00e0 tenir bien plus longtemps qu&rsquo;esp\u00e9r\u00e9. J&rsquo;ai repris \u00e0 temps pleins lorsqu&rsquo;il avait 8 mois \u00c2\u00bd et pour moi impossible d&rsquo;imaginer le sevrer, j&rsquo;ai donc continu\u00e9 \u00e0 allaiter en gardant deux tirages par jour pour entretenir la lactation, vu qu&rsquo;il \u00e9tait diversifi\u00e9 et qu&rsquo;il buvait moins de lait, je donnais le surplus au lactarium. J&rsquo;ai arr\u00eat\u00e9 de tirer mon lait vers 10 mois, et j&rsquo;ai gard\u00e9 deux t\u00e9t\u00e9es par jours en semaine et un peu plus en week-end jusqu&rsquo;\u00e0 ses 17 mois.<\/p>\n<p style=\"text-align: justify;\">Actuellement j&rsquo;attends mon 2\u00e8me enfant, je ne sais malheureusement pas si je pourrai \u00e0 nouveau prendre un cong\u00e9 parental \u00e0 mi-temps pendant 6 mois, si j&rsquo;en ai la possibilit\u00e9 je le referai sans h\u00e9siter, si je ne peux pas je verrai quelle organisation mettre en place pour continuer \u00e0 allaiter mon enfant le plus longtemps possible avec mon lait en exclusif !<\/p>\n<p style=\"text-align: justify;\"><strong>Articles en rapport :<\/strong><\/p>\n<ul>\n<li style=\"text-align: justify;\">Voir l&rsquo;onglet <a href=\"https:\/\/www.lactissima.com\/a-tire-d-ailes\/?page_id=1179\" target=\"_blank\">t\u00e9moignages<\/a><\/li>\n<\/ul>\n<p>&nbsp;<\/p>\n","protected":false},"excerpt":{"rendered":"<p>V\u00e9rane a pris un cong\u00e9 parental \u00e0 mi-temps pour pouvoir poursuivre l&rsquo;allaitement, elle a \u00e9galement tir\u00e9 son lait. Elle en a m\u00eame donn\u00e9 au lactarium !<\/p>\n","protected":false},"author":170,"featured_media":3991,"comment_status":"open","ping_status":"open","sticky":false,"template":"","format":"standard","meta":{"_et_pb_use_builder":"","_et_pb_old_content":"","_et_gb_content_width":"","footnotes":""},"categories":[36,150],"tags":[50,494,493,301],"class_list":["post-3990","post","type-post","status-publish","format-standard","has-post-thumbnail","hentry","category-allaitement-et-travail","category-temoignages","tag-creche","tag-mains-libres","tag-tire-lait-electrique-double-pompage","tag-tirer-mon-lait"],"yoast_head":"<!-- This site is optimized with the Yoast SEO plugin v27.4 - https:\/\/yoast.com\/product\/yoast-seo-wordpress\/ -->\n<title>Travail et allaitement : le t\u00e9moignage de V\u00e9rane<\/title>\n<meta name=\"description\" content=\"V\u00e9rane a pris un cong\u00e9 parental \u00e0 mi-temps pour pouvoir concilier travail et allaitement, elle a \u00e9galement tir\u00e9 son lait. Elle en a m\u00eame donn\u00e9 au lactarium !\" \/>\n<meta name=\"robots\" content=\"index, follow, max-snippet:-1, max-image-preview:large, max-video-preview:-1\" \/>\n<link rel=\"canonical\" href=\"https:\/\/www.lactissima.com\/a-tire-d-ailes\/travail-et-allaitement-le-temoignage-de-verane\/\" \/>\n<meta property=\"og:locale\" content=\"fr_FR\" \/>\n<meta property=\"og:type\" content=\"article\" \/>\n<meta property=\"og:title\" content=\"Travail et allaitement : le t\u00e9moignage de V\u00e9rane\" \/>\n<meta property=\"og:description\" content=\"V\u00e9rane a pris un cong\u00e9 parental \u00e0 mi-temps pour pouvoir concilier travail et allaitement, elle a \u00e9galement tir\u00e9 son lait. Elle en a m\u00eame donn\u00e9 au lactarium !\" \/>\n<meta property=\"og:url\" content=\"https:\/\/www.lactissima.com\/a-tire-d-ailes\/travail-et-allaitement-le-temoignage-de-verane\/\" \/>\n<meta property=\"og:site_name\" content=\"A tire d&#039;Ailes\" \/>\n<meta property=\"article:publisher\" content=\"https:\/\/www.facebook.com\/consultante.en.lactation\" \/>\n<meta property=\"article:author\" content=\"www.facebook.com\/consultante.en.lactation\" \/>\n<meta property=\"article:published_time\" content=\"2013-05-24T07:21:50+00:00\" \/>\n<meta property=\"article:modified_time\" content=\"2014-03-15T14:25:34+00:00\" \/>\n<meta property=\"og:image\" content=\"https:\/\/www.lactissima.com\/a-tire-d-ailes\/wp-content\/uploads\/2013\/05\/allaitement-V\u00e9rane.jpg\" \/>\n\t<meta property=\"og:image:width\" content=\"270\" \/>\n\t<meta property=\"og:image:height\" content=\"360\" \/>\n\t<meta property=\"og:image:type\" content=\"image\/jpeg\" \/>\n<meta name=\"author\" content=\"V\u00e9ronique Darmangeat\" \/>\n<meta name=\"twitter:card\" content=\"summary_large_image\" \/>\n<meta name=\"twitter:creator\" content=\"@VeroniqueIBCLC\" \/>\n<meta name=\"twitter:site\" content=\"@VeroniqueIBCLC\" \/>\n<meta name=\"twitter:label1\" content=\"\u00c9crit par\" \/>\n\t<meta name=\"twitter:data1\" content=\"V\u00e9ronique Darmangeat\" \/>\n\t<meta name=\"twitter:label2\" content=\"Dur\u00e9e de lecture estim\u00e9e\" \/>\n\t<meta name=\"twitter:data2\" content=\"3 minutes\" \/>\n<script type=\"application\/ld+json\" class=\"yoast-schema-graph\">{\"@context\":\"https:\\\/\\\/schema.org\",\"@graph\":[{\"@type\":\"Article\",\"@id\":\"https:\\\/\\\/www.lactissima.com\\\/a-tire-d-ailes\\\/travail-et-allaitement-le-temoignage-de-verane\\\/#article\",\"isPartOf\":{\"@id\":\"https:\\\/\\\/www.lactissima.com\\\/a-tire-d-ailes\\\/travail-et-allaitement-le-temoignage-de-verane\\\/\"},\"author\":{\"name\":\"V\u00e9ronique Darmangeat\",\"@id\":\"https:\\\/\\\/www.lactissima.com\\\/a-tire-d-ailes\\\/#\\\/schema\\\/person\\\/8f98d3a89530861bc1240e6d53d44eed\"},\"headline\":\"Travail et allaitement : le t\u00e9moignage de V\u00e9rane\",\"datePublished\":\"2013-05-24T07:21:50+00:00\",\"dateModified\":\"2014-03-15T14:25:34+00:00\",\"mainEntityOfPage\":{\"@id\":\"https:\\\/\\\/www.lactissima.com\\\/a-tire-d-ailes\\\/travail-et-allaitement-le-temoignage-de-verane\\\/\"},\"wordCount\":598,\"commentCount\":4,\"image\":{\"@id\":\"https:\\\/\\\/www.lactissima.com\\\/a-tire-d-ailes\\\/travail-et-allaitement-le-temoignage-de-verane\\\/#primaryimage\"},\"thumbnailUrl\":\"https:\\\/\\\/www.lactissima.com\\\/a-tire-d-ailes\\\/wp-content\\\/uploads\\\/2013\\\/05\\\/allaitement-V\u00e9rane.jpg\",\"keywords\":[\"cr\u00e8che\",\"mains libres\",\"tire-lait \u00e9lectrique double pompage\",\"tirer mon lait\"],\"articleSection\":[\"Allaitement et Travail\",\"t\u00e9moignages\"],\"inLanguage\":\"fr-FR\",\"potentialAction\":[{\"@type\":\"CommentAction\",\"name\":\"Comment\",\"target\":[\"https:\\\/\\\/www.lactissima.com\\\/a-tire-d-ailes\\\/travail-et-allaitement-le-temoignage-de-verane\\\/#respond\"]}]},{\"@type\":\"WebPage\",\"@id\":\"https:\\\/\\\/www.lactissima.com\\\/a-tire-d-ailes\\\/travail-et-allaitement-le-temoignage-de-verane\\\/\",\"url\":\"https:\\\/\\\/www.lactissima.com\\\/a-tire-d-ailes\\\/travail-et-allaitement-le-temoignage-de-verane\\\/\",\"name\":\"Travail et allaitement : le t\u00e9moignage de V\u00e9rane\",\"isPartOf\":{\"@id\":\"https:\\\/\\\/www.lactissima.com\\\/a-tire-d-ailes\\\/#website\"},\"primaryImageOfPage\":{\"@id\":\"https:\\\/\\\/www.lactissima.com\\\/a-tire-d-ailes\\\/travail-et-allaitement-le-temoignage-de-verane\\\/#primaryimage\"},\"image\":{\"@id\":\"https:\\\/\\\/www.lactissima.com\\\/a-tire-d-ailes\\\/travail-et-allaitement-le-temoignage-de-verane\\\/#primaryimage\"},\"thumbnailUrl\":\"https:\\\/\\\/www.lactissima.com\\\/a-tire-d-ailes\\\/wp-content\\\/uploads\\\/2013\\\/05\\\/allaitement-V\u00e9rane.jpg\",\"datePublished\":\"2013-05-24T07:21:50+00:00\",\"dateModified\":\"2014-03-15T14:25:34+00:00\",\"author\":{\"@id\":\"https:\\\/\\\/www.lactissima.com\\\/a-tire-d-ailes\\\/#\\\/schema\\\/person\\\/8f98d3a89530861bc1240e6d53d44eed\"},\"description\":\"V\u00e9rane a pris un cong\u00e9 parental \u00e0 mi-temps pour pouvoir concilier travail et allaitement, elle a \u00e9galement tir\u00e9 son lait. Elle en a m\u00eame donn\u00e9 au lactarium !\",\"breadcrumb\":{\"@id\":\"https:\\\/\\\/www.lactissima.com\\\/a-tire-d-ailes\\\/travail-et-allaitement-le-temoignage-de-verane\\\/#breadcrumb\"},\"inLanguage\":\"fr-FR\",\"potentialAction\":[{\"@type\":\"ReadAction\",\"target\":[\"https:\\\/\\\/www.lactissima.com\\\/a-tire-d-ailes\\\/travail-et-allaitement-le-temoignage-de-verane\\\/\"]}]},{\"@type\":\"ImageObject\",\"inLanguage\":\"fr-FR\",\"@id\":\"https:\\\/\\\/www.lactissima.com\\\/a-tire-d-ailes\\\/travail-et-allaitement-le-temoignage-de-verane\\\/#primaryimage\",\"url\":\"https:\\\/\\\/www.lactissima.com\\\/a-tire-d-ailes\\\/wp-content\\\/uploads\\\/2013\\\/05\\\/allaitement-V\u00e9rane.jpg\",\"contentUrl\":\"https:\\\/\\\/www.lactissima.com\\\/a-tire-d-ailes\\\/wp-content\\\/uploads\\\/2013\\\/05\\\/allaitement-V\u00e9rane.jpg\",\"width\":270,\"height\":360,\"caption\":\"t\u00e9moignages travail et allaitement\"},{\"@type\":\"BreadcrumbList\",\"@id\":\"https:\\\/\\\/www.lactissima.com\\\/a-tire-d-ailes\\\/travail-et-allaitement-le-temoignage-de-verane\\\/#breadcrumb\",\"itemListElement\":[{\"@type\":\"ListItem\",\"position\":1,\"name\":\"Accueil\",\"item\":\"https:\\\/\\\/www.lactissima.com\\\/a-tire-d-ailes\\\/\"},{\"@type\":\"ListItem\",\"position\":2,\"name\":\"Travail et allaitement : le t\u00e9moignage de V\u00e9rane\"}]},{\"@type\":\"WebSite\",\"@id\":\"https:\\\/\\\/www.lactissima.com\\\/a-tire-d-ailes\\\/#website\",\"url\":\"https:\\\/\\\/www.lactissima.com\\\/a-tire-d-ailes\\\/\",\"name\":\"A tire d&#039;Ailes\",\"description\":\"Le blog des femmes qui allaitent et travaillent.\",\"potentialAction\":[{\"@type\":\"SearchAction\",\"target\":{\"@type\":\"EntryPoint\",\"urlTemplate\":\"https:\\\/\\\/www.lactissima.com\\\/a-tire-d-ailes\\\/?s={search_term_string}\"},\"query-input\":{\"@type\":\"PropertyValueSpecification\",\"valueRequired\":true,\"valueName\":\"search_term_string\"}}],\"inLanguage\":\"fr-FR\"},{\"@type\":\"Person\",\"@id\":\"https:\\\/\\\/www.lactissima.com\\\/a-tire-d-ailes\\\/#\\\/schema\\\/person\\\/8f98d3a89530861bc1240e6d53d44eed\",\"name\":\"V\u00e9ronique Darmangeat\",\"image\":{\"@type\":\"ImageObject\",\"inLanguage\":\"fr-FR\",\"@id\":\"https:\\\/\\\/secure.gravatar.com\\\/avatar\\\/268c99344c89cebfe4f5df5fa8be43068a18884fc76a29f3206fae98465b9cab?s=96&d=identicon&r=g\",\"url\":\"https:\\\/\\\/secure.gravatar.com\\\/avatar\\\/268c99344c89cebfe4f5df5fa8be43068a18884fc76a29f3206fae98465b9cab?s=96&d=identicon&r=g\",\"contentUrl\":\"https:\\\/\\\/secure.gravatar.com\\\/avatar\\\/268c99344c89cebfe4f5df5fa8be43068a18884fc76a29f3206fae98465b9cab?s=96&d=identicon&r=g\",\"caption\":\"V\u00e9ronique Darmangeat\"},\"sameAs\":[\"https:\\\/\\\/www.lactissima.com\\\/a-tire-d-ailes\",\"www.facebook.com\\\/consultante.en.lactation\"]}]}<\/script>\n<!-- \/ Yoast SEO plugin. -->","yoast_head_json":{"title":"Travail et allaitement : le t\u00e9moignage de V\u00e9rane","description":"V\u00e9rane a pris un cong\u00e9 parental \u00e0 mi-temps pour pouvoir concilier travail et allaitement, elle a \u00e9galement tir\u00e9 son lait. Elle en a m\u00eame donn\u00e9 au lactarium !","robots":{"index":"index","follow":"follow","max-snippet":"max-snippet:-1","max-image-preview":"max-image-preview:large","max-video-preview":"max-video-preview:-1"},"canonical":"https:\/\/www.lactissima.com\/a-tire-d-ailes\/travail-et-allaitement-le-temoignage-de-verane\/","og_locale":"fr_FR","og_type":"article","og_title":"Travail et allaitement : le t\u00e9moignage de V\u00e9rane","og_description":"V\u00e9rane a pris un cong\u00e9 parental \u00e0 mi-temps pour pouvoir concilier travail et allaitement, elle a \u00e9galement tir\u00e9 son lait. Elle en a m\u00eame donn\u00e9 au lactarium !","og_url":"https:\/\/www.lactissima.com\/a-tire-d-ailes\/travail-et-allaitement-le-temoignage-de-verane\/","og_site_name":"A tire d&#039;Ailes","article_publisher":"https:\/\/www.facebook.com\/consultante.en.lactation","article_author":"www.facebook.com\/consultante.en.lactation","article_published_time":"2013-05-24T07:21:50+00:00","article_modified_time":"2014-03-15T14:25:34+00:00","og_image":[{"width":270,"height":360,"url":"https:\/\/www.lactissima.com\/a-tire-d-ailes\/wp-content\/uploads\/2013\/05\/allaitement-V\u00e9rane.jpg","type":"image\/jpeg"}],"author":"V\u00e9ronique Darmangeat","twitter_card":"summary_large_image","twitter_creator":"@VeroniqueIBCLC","twitter_site":"@VeroniqueIBCLC","twitter_misc":{"\u00c9crit par":"V\u00e9ronique Darmangeat","Dur\u00e9e de lecture estim\u00e9e":"3 minutes"},"schema":{"@context":"https:\/\/schema.org","@graph":[{"@type":"Article","@id":"https:\/\/www.lactissima.com\/a-tire-d-ailes\/travail-et-allaitement-le-temoignage-de-verane\/#article","isPartOf":{"@id":"https:\/\/www.lactissima.com\/a-tire-d-ailes\/travail-et-allaitement-le-temoignage-de-verane\/"},"author":{"name":"V\u00e9ronique Darmangeat","@id":"https:\/\/www.lactissima.com\/a-tire-d-ailes\/#\/schema\/person\/8f98d3a89530861bc1240e6d53d44eed"},"headline":"Travail et allaitement : le t\u00e9moignage de V\u00e9rane","datePublished":"2013-05-24T07:21:50+00:00","dateModified":"2014-03-15T14:25:34+00:00","mainEntityOfPage":{"@id":"https:\/\/www.lactissima.com\/a-tire-d-ailes\/travail-et-allaitement-le-temoignage-de-verane\/"},"wordCount":598,"commentCount":4,"image":{"@id":"https:\/\/www.lactissima.com\/a-tire-d-ailes\/travail-et-allaitement-le-temoignage-de-verane\/#primaryimage"},"thumbnailUrl":"https:\/\/www.lactissima.com\/a-tire-d-ailes\/wp-content\/uploads\/2013\/05\/allaitement-V\u00e9rane.jpg","keywords":["cr\u00e8che","mains libres","tire-lait \u00e9lectrique double pompage","tirer mon lait"],"articleSection":["Allaitement et Travail","t\u00e9moignages"],"inLanguage":"fr-FR","potentialAction":[{"@type":"CommentAction","name":"Comment","target":["https:\/\/www.lactissima.com\/a-tire-d-ailes\/travail-et-allaitement-le-temoignage-de-verane\/#respond"]}]},{"@type":"WebPage","@id":"https:\/\/www.lactissima.com\/a-tire-d-ailes\/travail-et-allaitement-le-temoignage-de-verane\/","url":"https:\/\/www.lactissima.com\/a-tire-d-ailes\/travail-et-allaitement-le-temoignage-de-verane\/","name":"Travail et allaitement : le t\u00e9moignage de V\u00e9rane","isPartOf":{"@id":"https:\/\/www.lactissima.com\/a-tire-d-ailes\/#website"},"primaryImageOfPage":{"@id":"https:\/\/www.lactissima.com\/a-tire-d-ailes\/travail-et-allaitement-le-temoignage-de-verane\/#primaryimage"},"image":{"@id":"https:\/\/www.lactissima.com\/a-tire-d-ailes\/travail-et-allaitement-le-temoignage-de-verane\/#primaryimage"},"thumbnailUrl":"https:\/\/www.lactissima.com\/a-tire-d-ailes\/wp-content\/uploads\/2013\/05\/allaitement-V\u00e9rane.jpg","datePublished":"2013-05-24T07:21:50+00:00","dateModified":"2014-03-15T14:25:34+00:00","author":{"@id":"https:\/\/www.lactissima.com\/a-tire-d-ailes\/#\/schema\/person\/8f98d3a89530861bc1240e6d53d44eed"},"description":"V\u00e9rane a pris un cong\u00e9 parental \u00e0 mi-temps pour pouvoir concilier travail et allaitement, elle a \u00e9galement tir\u00e9 son lait. Elle en a m\u00eame donn\u00e9 au lactarium !","breadcrumb":{"@id":"https:\/\/www.lactissima.com\/a-tire-d-ailes\/travail-et-allaitement-le-temoignage-de-verane\/#breadcrumb"},"inLanguage":"fr-FR","potentialAction":[{"@type":"ReadAction","target":["https:\/\/www.lactissima.com\/a-tire-d-ailes\/travail-et-allaitement-le-temoignage-de-verane\/"]}]},{"@type":"ImageObject","inLanguage":"fr-FR","@id":"https:\/\/www.lactissima.com\/a-tire-d-ailes\/travail-et-allaitement-le-temoignage-de-verane\/#primaryimage","url":"https:\/\/www.lactissima.com\/a-tire-d-ailes\/wp-content\/uploads\/2013\/05\/allaitement-V\u00e9rane.jpg","contentUrl":"https:\/\/www.lactissima.com\/a-tire-d-ailes\/wp-content\/uploads\/2013\/05\/allaitement-V\u00e9rane.jpg","width":270,"height":360,"caption":"t\u00e9moignages travail et allaitement"},{"@type":"BreadcrumbList","@id":"https:\/\/www.lactissima.com\/a-tire-d-ailes\/travail-et-allaitement-le-temoignage-de-verane\/#breadcrumb","itemListElement":[{"@type":"ListItem","position":1,"name":"Accueil","item":"https:\/\/www.lactissima.com\/a-tire-d-ailes\/"},{"@type":"ListItem","position":2,"name":"Travail et allaitement : le t\u00e9moignage de V\u00e9rane"}]},{"@type":"WebSite","@id":"https:\/\/www.lactissima.com\/a-tire-d-ailes\/#website","url":"https:\/\/www.lactissima.com\/a-tire-d-ailes\/","name":"A tire d&#039;Ailes","description":"Le blog des femmes qui allaitent et travaillent.","potentialAction":[{"@type":"SearchAction","target":{"@type":"EntryPoint","urlTemplate":"https:\/\/www.lactissima.com\/a-tire-d-ailes\/?s={search_term_string}"},"query-input":{"@type":"PropertyValueSpecification","valueRequired":true,"valueName":"search_term_string"}}],"inLanguage":"fr-FR"},{"@type":"Person","@id":"https:\/\/www.lactissima.com\/a-tire-d-ailes\/#\/schema\/person\/8f98d3a89530861bc1240e6d53d44eed","name":"V\u00e9ronique Darmangeat","image":{"@type":"ImageObject","inLanguage":"fr-FR","@id":"https:\/\/secure.gravatar.com\/avatar\/268c99344c89cebfe4f5df5fa8be43068a18884fc76a29f3206fae98465b9cab?s=96&d=identicon&r=g","url":"https:\/\/secure.gravatar.com\/avatar\/268c99344c89cebfe4f5df5fa8be43068a18884fc76a29f3206fae98465b9cab?s=96&d=identicon&r=g","contentUrl":"https:\/\/secure.gravatar.com\/avatar\/268c99344c89cebfe4f5df5fa8be43068a18884fc76a29f3206fae98465b9cab?s=96&d=identicon&r=g","caption":"V\u00e9ronique Darmangeat"},"sameAs":["https:\/\/www.lactissima.com\/a-tire-d-ailes","www.facebook.com\/consultante.en.lactation"]}]}},"_links":{"self":[{"href":"https:\/\/www.lactissima.com\/a-tire-d-ailes\/wp-json\/wp\/v2\/posts\/3990","targetHints":{"allow":["GET"]}}],"collection":[{"href":"https:\/\/www.lactissima.com\/a-tire-d-ailes\/wp-json\/wp\/v2\/posts"}],"about":[{"href":"https:\/\/www.lactissima.com\/a-tire-d-ailes\/wp-json\/wp\/v2\/types\/post"}],"author":[{"embeddable":true,"href":"https:\/\/www.lactissima.com\/a-tire-d-ailes\/wp-json\/wp\/v2\/users\/170"}],"replies":[{"embeddable":true,"href":"https:\/\/www.lactissima.com\/a-tire-d-ailes\/wp-json\/wp\/v2\/comments?post=3990"}],"version-history":[{"count":10,"href":"https:\/\/www.lactissima.com\/a-tire-d-ailes\/wp-json\/wp\/v2\/posts\/3990\/revisions"}],"predecessor-version":[{"id":5189,"href":"https:\/\/www.lactissima.com\/a-tire-d-ailes\/wp-json\/wp\/v2\/posts\/3990\/revisions\/5189"}],"wp:featuredmedia":[{"embeddable":true,"href":"https:\/\/www.lactissima.com\/a-tire-d-ailes\/wp-json\/wp\/v2\/media\/3991"}],"wp:attachment":[{"href":"https:\/\/www.lactissima.com\/a-tire-d-ailes\/wp-json\/wp\/v2\/media?parent=3990"}],"wp:term":[{"taxonomy":"category","embeddable":true,"href":"https:\/\/www.lactissima.com\/a-tire-d-ailes\/wp-json\/wp\/v2\/categories?post=3990"},{"taxonomy":"post_tag","embeddable":true,"href":"https:\/\/www.lactissima.com\/a-tire-d-ailes\/wp-json\/wp\/v2\/tags?post=3990"}],"curies":[{"name":"wp","href":"https:\/\/api.w.org\/{rel}","templated":true}]}}