{"id":398,"date":"2009-05-16T13:10:06","date_gmt":"2009-05-16T11:10:06","guid":{"rendered":"https:\/\/www.lactissima.com\/a-tire-d-ailes\/?p=398"},"modified":"2024-04-22T16:28:14","modified_gmt":"2024-04-22T14:28:14","slug":"allaitement-mixte","status":"publish","type":"post","link":"https:\/\/www.lactissima.com\/a-tire-d-ailes\/allaitement-mixte\/","title":{"rendered":"Reprise du travail en allaitement mixte"},"content":{"rendered":"<p style=\"text-align: justify;\"><img loading=\"lazy\" decoding=\"async\" class=\"size-medium wp-image-403 alignright\" title=\"allaitement mixte\" src=\"https:\/\/www.lactissima.com\/a-tire-d-ailes\/wp-content\/uploads\/photo-alex-300x225.jpg\" alt=\"allaitement mixte\" width=\"300\" height=\"225\" srcset=\"https:\/\/www.lactissima.com\/a-tire-d-ailes\/wp-content\/uploads\/photo-alex-300x225.jpg 300w, https:\/\/www.lactissima.com\/a-tire-d-ailes\/wp-content\/uploads\/photo-alex-1024x768.jpg 1024w, https:\/\/www.lactissima.com\/a-tire-d-ailes\/wp-content\/uploads\/photo-alex.jpg 1280w\" sizes=\"(max-width: 300px) 100vw, 300px\" \/>Ca y est, vous <strong>reprenez le travail<\/strong> et vous avez choisi de poursuivre l&rsquo;allaitement de votre b\u00e9b\u00e9 ch\u00e9ri. Petit souci : vous n&rsquo;avez pas la possibilit\u00e9 de tirer votre lait au travail, vous n&rsquo;avez pas de bureau, il n&rsquo;y a pas d&rsquo;infirmerie et votre patron ador\u00e9 ne souhaite pas vous laisser son bureau deux fois un quart d&rsquo;heure dans la journ\u00e9e&#8230; Vous d\u00e9cidez donc de faire un <strong>allaitement mixte<\/strong> : votre b\u00e9b\u00e9 t\u00e9tera \u00e0 volont\u00e9 quand vous serez avec lui et prendra des biberons de pr\u00e9paration pour nourrisson en votre absence.<br \/>\nIl est aussi possible que vous tiriez du lait au travail ou \u00e0 la maison mais que <strong>la quantit\u00e9 soit insuffisante<\/strong>, vous compl\u00e9tez donc avec une pr\u00e9paration pour nourrisson.<\/p>\n<p style=\"text-align: justify;\">Ce sujet est tr\u00e8s courant dans la vie des femmes mais il est peu abord\u00e9 sauf ici et un petit peu l\u00e0 .<\/p>\n<p style=\"text-align: justify;\">Comme vous n&rsquo;avez jamais donn\u00e9 de lait en poudre, une question devant laquelle on peut se sentir tr\u00e8s b\u00eate : <strong>quel lait choisir<\/strong> ? Il faut savoir que les normes sont les m\u00eames pour tous et que donc tous les laits premier \u00e2ge se valent \u00e0 peu de chose pr\u00e8s, vous avez donc <strong>le droit de choisir la marque la moins ch\u00e8re<\/strong>. Si votre enfant ne le supporte pas bien, il faut voir avec son<strong> m\u00e9decin<\/strong> quel lait sera le plus appropri\u00e9 dans son cas.<\/p>\n<p style=\"text-align: justify;\">Quelle <strong><a href=\"https:\/\/www.lactissima.com\/a-tire-d-ailes\/quantite-de-lait-bue-par-un-bebe\/\" target=\"_blank\" rel=\"noopener\">quantit\u00e9 <\/a><\/strong>donner ? Vous pouvez regarder les indications sur la boite, cela vous donnera un ordre d&rsquo;id\u00e9e. Il faut savoir qu&rsquo;un b\u00e9b\u00e9 allait\u00e9 prend en moyenne <strong>800 ml de lait maternel par 24h<\/strong> entre un mois et six mois. Si vous divisez par le nombre de repas, cela peut aussi vous donner un ordre d&rsquo;id\u00e9e. Pensez \u00e9galement \u00e0 faire <strong>boire le biberon lentement <\/strong>(cela doit durer environ vingt minutes). En effet, au sein, un b\u00e9b\u00e9 a plusieurs mouvements de succion pour une d\u00e9glutition ; au biberon il doit d\u00e9glutir \u00e0 chaque mouvement de succion, il a donc tendance \u00e0 boire beaucoup trop vite et donc <strong>beaucoup trop<\/strong>.<\/p>\n<p style=\"text-align: justify;\">Quelles sont les pr\u00e9cautions \u00e0 prendre pour que cela se passe au mieux ? Si vous souhaitez pouvoir poursuivre votre allaitement, il vaut mieux attendre d&rsquo;avoir une <strong>lactation bien install\u00e9e<\/strong> avant de commencer l&rsquo;allaitement mixte. Mais si vous reprenez le travail apr\u00e8s le cong\u00e8s maternit\u00e9 l\u00e9gal, il n&rsquo;y a pas de probl\u00e8me. Ceci dit, plus on commence <strong>tard<\/strong>, mieux cela se passe.<\/p>\n<p style=\"text-align: justify;\">Au d\u00e9but, vous devrez faire attention aux <strong><a href=\"https:\/\/www.lactissima.com\/a-tire-d-ailes\/lengorgement\/\" target=\"_blank\" rel=\"noopener\">engorgements<\/a><\/strong>. Votre corps est habitu\u00e9 \u00e0 produire du lait pour un b\u00e9b\u00e9 qui t\u00e8te r\u00e9guli\u00e8rement, donc une premi\u00e8re journ\u00e9e sans votre b\u00e9b\u00e9 risque de provoquer un engorgement. Vous devez donc pr\u00e9voir de <strong>tirer un tout petit peu de lait<\/strong> en cours de journ\u00e9e, juste pour soulager les seins. Vos seins vont s&rsquo;habituer et dans quelques jours <strong>vous n&rsquo;aurez plus besoin de le faire<\/strong>. Plus votre b\u00e9b\u00e9 est \u00e2g\u00e9, plus vos seins s&rsquo;habituent rapidement. Si d\u00e8s le d\u00e9but, vous avez une lactation tr\u00e8s importante, vos seins mettront plus de temps \u00e0 s&rsquo;habituer \u00e0 ce nouveau rythme. Pr\u00e9voyez des <strong>coussinets <\/strong>d&rsquo;allaitement ou des Lilypadz et \u00e9vitez les v\u00eatements unis car il est possible que vous<a href=\"https:\/\/www.lactissima.com\/a-tire-d-ailes\/poursuivre-lallaitement-lorsque-lon-travaille-en-independant\/\" target=\"_blank\" rel=\"noopener\"> perdiez un peu de lait<\/a>&#8230;<\/p>\n<p style=\"text-align: justify;\">Pour certaines mamans dont la lactation a toujours tendance \u00e0 \u00eatre un peu \u00ab\u00a0<strong>juste<\/strong>\u00ab\u00a0, il va falloir faire attention pour <strong>maintenir une lactation suffisante<\/strong>. Le risque \u00e9tant qu&rsquo;elle diminue plus rapidement que ce que vous souhaitez&#8230; Pour ces mamans,<strong> deux t\u00e9t\u00e9es par 24h sont en g\u00e9n\u00e9ral insuffisantes<\/strong> pour maintenir une lactation, il faut en garder <strong>un minimum de trois<\/strong>, ce qui est assez facile : une le matin, une quand vous retrouvez votre b\u00e9b\u00e9, une le soir au coucher. Il faut donc pr\u00e9venir la personne qui garde votre b\u00e9b\u00e9 de <strong>ne pas le nourrir dans les deux heures qui pr\u00e9c\u00e8dent votre retour<\/strong>, pour qu&rsquo;il puisse faire une bonne t\u00e9t\u00e9e. Garder un <strong>allaitement \u00e0 la demande<\/strong> quand vous \u00eates avec votre b\u00e9b\u00e9 reste la meilleure solution pour maintenir la lactation. Ce qui veut dire que votre b\u00e9b\u00e9 sera compl\u00e8tement allait\u00e9 le week-end par exemple, cela permet de bien relancer la lactation toutes les semaines.<\/p>\n<p style=\"text-align: justify;\">Enfin, certains b\u00e9b\u00e9s <a href=\"https:\/\/www.lactissima.com\/a-tire-d-ailes\/quand-mon-bebe-refuse-le-biberon\/\" target=\"_blank\" rel=\"noopener\"><strong>refusent le lait en poudre<\/strong><\/a>, dont le go\u00fbt est nettement moins bon que celui du lait de maman&#8230;<\/p>\n<p style=\"text-align: justify;\">Cependant, un allaitement mixte bien conduit peut durer <strong>aussi longtemps que vous le souhaitez<\/strong>.<\/p>\n<p style=\"text-align: justify;\">Et <strong>vous<\/strong>, comment s&rsquo;est pass\u00e9 votre allaitement mixte ?<\/p>\n<p>&nbsp;<\/p>\n","protected":false},"excerpt":{"rendered":"<p>Reprendre le travail et continuer l&rsquo;allaitement peut passer par la mise en place d&rsquo;un allaitement mixte, en gardant au moins trois t\u00e9t\u00e9es par 24 h.<\/p>\n","protected":false},"author":170,"featured_media":403,"comment_status":"open","ping_status":"open","sticky":false,"template":"","format":"standard","meta":{"_et_pb_use_builder":"","_et_pb_old_content":"","_et_gb_content_width":"","footnotes":""},"categories":[35,36,709,39,46],"tags":[92,307,477,476,478],"class_list":["post-398","post","type-post","status-publish","format-standard","has-post-thumbnail","hentry","category-allaitement","category-allaitement-et-travail","category-allaitement-mixte","category-difficultes","category-vie-de-famille","tag-engorgement","tag-lilypadz","tag-perdre-du-lait","tag-quantite","tag-refuse-le-lait-en-poudre"],"yoast_head":"<!-- This site is optimized with the Yoast SEO plugin v27.4 - https:\/\/yoast.com\/product\/yoast-seo-wordpress\/ -->\n<title>allaitement mixte<\/title>\n<meta name=\"description\" content=\"Reprendre le travail et continuer l&#039;allaitement peut passer par la mise en place d&#039;un allaitement mixte, en gardant au moins trois t\u00e9t\u00e9es par 24 h.\" \/>\n<meta name=\"robots\" content=\"index, follow, max-snippet:-1, max-image-preview:large, max-video-preview:-1\" \/>\n<link rel=\"canonical\" href=\"https:\/\/www.lactissima.com\/a-tire-d-ailes\/allaitement-mixte\/\" \/>\n<meta property=\"og:locale\" content=\"fr_FR\" \/>\n<meta property=\"og:type\" content=\"article\" \/>\n<meta property=\"og:title\" content=\"allaitement mixte\" \/>\n<meta property=\"og:description\" content=\"Reprendre le travail et continuer l&#039;allaitement peut passer par la mise en place d&#039;un allaitement mixte, en gardant au moins trois t\u00e9t\u00e9es par 24 h.\" \/>\n<meta property=\"og:url\" content=\"https:\/\/www.lactissima.com\/a-tire-d-ailes\/allaitement-mixte\/\" \/>\n<meta property=\"og:site_name\" content=\"A tire d&#039;Ailes\" \/>\n<meta property=\"article:publisher\" content=\"https:\/\/www.facebook.com\/consultante.en.lactation\" \/>\n<meta property=\"article:author\" content=\"www.facebook.com\/consultante.en.lactation\" \/>\n<meta property=\"article:published_time\" content=\"2009-05-16T11:10:06+00:00\" \/>\n<meta property=\"article:modified_time\" content=\"2024-04-22T14:28:14+00:00\" \/>\n<meta property=\"og:image\" content=\"https:\/\/www.lactissima.com\/a-tire-d-ailes\/wp-content\/uploads\/photo-alex.jpg\" \/>\n\t<meta property=\"og:image:width\" content=\"1280\" \/>\n\t<meta property=\"og:image:height\" content=\"960\" \/>\n\t<meta property=\"og:image:type\" content=\"image\/jpeg\" \/>\n<meta name=\"author\" content=\"V\u00e9ronique Darmangeat\" \/>\n<meta name=\"twitter:card\" content=\"summary_large_image\" \/>\n<meta name=\"twitter:creator\" content=\"@VeroniqueIBCLC\" \/>\n<meta name=\"twitter:site\" content=\"@VeroniqueIBCLC\" \/>\n<meta name=\"twitter:label1\" content=\"\u00c9crit par\" \/>\n\t<meta name=\"twitter:data1\" content=\"V\u00e9ronique Darmangeat\" \/>\n\t<meta name=\"twitter:label2\" content=\"Dur\u00e9e de lecture estim\u00e9e\" \/>\n\t<meta name=\"twitter:data2\" content=\"4 minutes\" \/>\n<script type=\"application\/ld+json\" class=\"yoast-schema-graph\">{\"@context\":\"https:\\\/\\\/schema.org\",\"@graph\":[{\"@type\":\"Article\",\"@id\":\"https:\\\/\\\/www.lactissima.com\\\/a-tire-d-ailes\\\/allaitement-mixte\\\/#article\",\"isPartOf\":{\"@id\":\"https:\\\/\\\/www.lactissima.com\\\/a-tire-d-ailes\\\/allaitement-mixte\\\/\"},\"author\":{\"name\":\"V\u00e9ronique Darmangeat\",\"@id\":\"https:\\\/\\\/www.lactissima.com\\\/a-tire-d-ailes\\\/#\\\/schema\\\/person\\\/8f98d3a89530861bc1240e6d53d44eed\"},\"headline\":\"Reprise du travail en allaitement mixte\",\"datePublished\":\"2009-05-16T11:10:06+00:00\",\"dateModified\":\"2024-04-22T14:28:14+00:00\",\"mainEntityOfPage\":{\"@id\":\"https:\\\/\\\/www.lactissima.com\\\/a-tire-d-ailes\\\/allaitement-mixte\\\/\"},\"wordCount\":786,\"commentCount\":523,\"image\":{\"@id\":\"https:\\\/\\\/www.lactissima.com\\\/a-tire-d-ailes\\\/allaitement-mixte\\\/#primaryimage\"},\"thumbnailUrl\":\"https:\\\/\\\/www.lactissima.com\\\/a-tire-d-ailes\\\/wp-content\\\/uploads\\\/photo-alex.jpg\",\"keywords\":[\"engorgement\",\"LilyPadz\",\"perdre du lait\",\"quantit\u00e9\",\"refuse le lait en poudre\"],\"articleSection\":[\"Allaitement\",\"Allaitement et Travail\",\"allaitement mixte\",\"Difficult\u00e9s\",\"Vie de famille\"],\"inLanguage\":\"fr-FR\",\"potentialAction\":[{\"@type\":\"CommentAction\",\"name\":\"Comment\",\"target\":[\"https:\\\/\\\/www.lactissima.com\\\/a-tire-d-ailes\\\/allaitement-mixte\\\/#respond\"]}]},{\"@type\":\"WebPage\",\"@id\":\"https:\\\/\\\/www.lactissima.com\\\/a-tire-d-ailes\\\/allaitement-mixte\\\/\",\"url\":\"https:\\\/\\\/www.lactissima.com\\\/a-tire-d-ailes\\\/allaitement-mixte\\\/\",\"name\":\"allaitement mixte\",\"isPartOf\":{\"@id\":\"https:\\\/\\\/www.lactissima.com\\\/a-tire-d-ailes\\\/#website\"},\"primaryImageOfPage\":{\"@id\":\"https:\\\/\\\/www.lactissima.com\\\/a-tire-d-ailes\\\/allaitement-mixte\\\/#primaryimage\"},\"image\":{\"@id\":\"https:\\\/\\\/www.lactissima.com\\\/a-tire-d-ailes\\\/allaitement-mixte\\\/#primaryimage\"},\"thumbnailUrl\":\"https:\\\/\\\/www.lactissima.com\\\/a-tire-d-ailes\\\/wp-content\\\/uploads\\\/photo-alex.jpg\",\"datePublished\":\"2009-05-16T11:10:06+00:00\",\"dateModified\":\"2024-04-22T14:28:14+00:00\",\"author\":{\"@id\":\"https:\\\/\\\/www.lactissima.com\\\/a-tire-d-ailes\\\/#\\\/schema\\\/person\\\/8f98d3a89530861bc1240e6d53d44eed\"},\"description\":\"Reprendre le travail et continuer l'allaitement peut passer par la mise en place d'un allaitement mixte, en gardant au moins trois t\u00e9t\u00e9es par 24 h.\",\"breadcrumb\":{\"@id\":\"https:\\\/\\\/www.lactissima.com\\\/a-tire-d-ailes\\\/allaitement-mixte\\\/#breadcrumb\"},\"inLanguage\":\"fr-FR\",\"potentialAction\":[{\"@type\":\"ReadAction\",\"target\":[\"https:\\\/\\\/www.lactissima.com\\\/a-tire-d-ailes\\\/allaitement-mixte\\\/\"]}]},{\"@type\":\"ImageObject\",\"inLanguage\":\"fr-FR\",\"@id\":\"https:\\\/\\\/www.lactissima.com\\\/a-tire-d-ailes\\\/allaitement-mixte\\\/#primaryimage\",\"url\":\"https:\\\/\\\/www.lactissima.com\\\/a-tire-d-ailes\\\/wp-content\\\/uploads\\\/photo-alex.jpg\",\"contentUrl\":\"https:\\\/\\\/www.lactissima.com\\\/a-tire-d-ailes\\\/wp-content\\\/uploads\\\/photo-alex.jpg\",\"width\":\"1280\",\"height\":\"960\"},{\"@type\":\"BreadcrumbList\",\"@id\":\"https:\\\/\\\/www.lactissima.com\\\/a-tire-d-ailes\\\/allaitement-mixte\\\/#breadcrumb\",\"itemListElement\":[{\"@type\":\"ListItem\",\"position\":1,\"name\":\"Accueil\",\"item\":\"https:\\\/\\\/www.lactissima.com\\\/a-tire-d-ailes\\\/\"},{\"@type\":\"ListItem\",\"position\":2,\"name\":\"Reprise du travail en allaitement mixte\"}]},{\"@type\":\"WebSite\",\"@id\":\"https:\\\/\\\/www.lactissima.com\\\/a-tire-d-ailes\\\/#website\",\"url\":\"https:\\\/\\\/www.lactissima.com\\\/a-tire-d-ailes\\\/\",\"name\":\"A tire d&#039;Ailes\",\"description\":\"Le blog des femmes qui allaitent et travaillent.\",\"potentialAction\":[{\"@type\":\"SearchAction\",\"target\":{\"@type\":\"EntryPoint\",\"urlTemplate\":\"https:\\\/\\\/www.lactissima.com\\\/a-tire-d-ailes\\\/?s={search_term_string}\"},\"query-input\":{\"@type\":\"PropertyValueSpecification\",\"valueRequired\":true,\"valueName\":\"search_term_string\"}}],\"inLanguage\":\"fr-FR\"},{\"@type\":\"Person\",\"@id\":\"https:\\\/\\\/www.lactissima.com\\\/a-tire-d-ailes\\\/#\\\/schema\\\/person\\\/8f98d3a89530861bc1240e6d53d44eed\",\"name\":\"V\u00e9ronique Darmangeat\",\"image\":{\"@type\":\"ImageObject\",\"inLanguage\":\"fr-FR\",\"@id\":\"https:\\\/\\\/secure.gravatar.com\\\/avatar\\\/268c99344c89cebfe4f5df5fa8be43068a18884fc76a29f3206fae98465b9cab?s=96&d=identicon&r=g\",\"url\":\"https:\\\/\\\/secure.gravatar.com\\\/avatar\\\/268c99344c89cebfe4f5df5fa8be43068a18884fc76a29f3206fae98465b9cab?s=96&d=identicon&r=g\",\"contentUrl\":\"https:\\\/\\\/secure.gravatar.com\\\/avatar\\\/268c99344c89cebfe4f5df5fa8be43068a18884fc76a29f3206fae98465b9cab?s=96&d=identicon&r=g\",\"caption\":\"V\u00e9ronique Darmangeat\"},\"sameAs\":[\"https:\\\/\\\/www.lactissima.com\\\/a-tire-d-ailes\",\"www.facebook.com\\\/consultante.en.lactation\"]}]}<\/script>\n<!-- \/ Yoast SEO plugin. -->","yoast_head_json":{"title":"allaitement mixte","description":"Reprendre le travail et continuer l'allaitement peut passer par la mise en place d'un allaitement mixte, en gardant au moins trois t\u00e9t\u00e9es par 24 h.","robots":{"index":"index","follow":"follow","max-snippet":"max-snippet:-1","max-image-preview":"max-image-preview:large","max-video-preview":"max-video-preview:-1"},"canonical":"https:\/\/www.lactissima.com\/a-tire-d-ailes\/allaitement-mixte\/","og_locale":"fr_FR","og_type":"article","og_title":"allaitement mixte","og_description":"Reprendre le travail et continuer l'allaitement peut passer par la mise en place d'un allaitement mixte, en gardant au moins trois t\u00e9t\u00e9es par 24 h.","og_url":"https:\/\/www.lactissima.com\/a-tire-d-ailes\/allaitement-mixte\/","og_site_name":"A tire d&#039;Ailes","article_publisher":"https:\/\/www.facebook.com\/consultante.en.lactation","article_author":"www.facebook.com\/consultante.en.lactation","article_published_time":"2009-05-16T11:10:06+00:00","article_modified_time":"2024-04-22T14:28:14+00:00","og_image":[{"width":1280,"height":960,"url":"https:\/\/www.lactissima.com\/a-tire-d-ailes\/wp-content\/uploads\/photo-alex.jpg","type":"image\/jpeg"}],"author":"V\u00e9ronique Darmangeat","twitter_card":"summary_large_image","twitter_creator":"@VeroniqueIBCLC","twitter_site":"@VeroniqueIBCLC","twitter_misc":{"\u00c9crit par":"V\u00e9ronique Darmangeat","Dur\u00e9e de lecture estim\u00e9e":"4 minutes"},"schema":{"@context":"https:\/\/schema.org","@graph":[{"@type":"Article","@id":"https:\/\/www.lactissima.com\/a-tire-d-ailes\/allaitement-mixte\/#article","isPartOf":{"@id":"https:\/\/www.lactissima.com\/a-tire-d-ailes\/allaitement-mixte\/"},"author":{"name":"V\u00e9ronique Darmangeat","@id":"https:\/\/www.lactissima.com\/a-tire-d-ailes\/#\/schema\/person\/8f98d3a89530861bc1240e6d53d44eed"},"headline":"Reprise du travail en allaitement mixte","datePublished":"2009-05-16T11:10:06+00:00","dateModified":"2024-04-22T14:28:14+00:00","mainEntityOfPage":{"@id":"https:\/\/www.lactissima.com\/a-tire-d-ailes\/allaitement-mixte\/"},"wordCount":786,"commentCount":523,"image":{"@id":"https:\/\/www.lactissima.com\/a-tire-d-ailes\/allaitement-mixte\/#primaryimage"},"thumbnailUrl":"https:\/\/www.lactissima.com\/a-tire-d-ailes\/wp-content\/uploads\/photo-alex.jpg","keywords":["engorgement","LilyPadz","perdre du lait","quantit\u00e9","refuse le lait en poudre"],"articleSection":["Allaitement","Allaitement et Travail","allaitement mixte","Difficult\u00e9s","Vie de famille"],"inLanguage":"fr-FR","potentialAction":[{"@type":"CommentAction","name":"Comment","target":["https:\/\/www.lactissima.com\/a-tire-d-ailes\/allaitement-mixte\/#respond"]}]},{"@type":"WebPage","@id":"https:\/\/www.lactissima.com\/a-tire-d-ailes\/allaitement-mixte\/","url":"https:\/\/www.lactissima.com\/a-tire-d-ailes\/allaitement-mixte\/","name":"allaitement mixte","isPartOf":{"@id":"https:\/\/www.lactissima.com\/a-tire-d-ailes\/#website"},"primaryImageOfPage":{"@id":"https:\/\/www.lactissima.com\/a-tire-d-ailes\/allaitement-mixte\/#primaryimage"},"image":{"@id":"https:\/\/www.lactissima.com\/a-tire-d-ailes\/allaitement-mixte\/#primaryimage"},"thumbnailUrl":"https:\/\/www.lactissima.com\/a-tire-d-ailes\/wp-content\/uploads\/photo-alex.jpg","datePublished":"2009-05-16T11:10:06+00:00","dateModified":"2024-04-22T14:28:14+00:00","author":{"@id":"https:\/\/www.lactissima.com\/a-tire-d-ailes\/#\/schema\/person\/8f98d3a89530861bc1240e6d53d44eed"},"description":"Reprendre le travail et continuer l'allaitement peut passer par la mise en place d'un allaitement mixte, en gardant au moins trois t\u00e9t\u00e9es par 24 h.","breadcrumb":{"@id":"https:\/\/www.lactissima.com\/a-tire-d-ailes\/allaitement-mixte\/#breadcrumb"},"inLanguage":"fr-FR","potentialAction":[{"@type":"ReadAction","target":["https:\/\/www.lactissima.com\/a-tire-d-ailes\/allaitement-mixte\/"]}]},{"@type":"ImageObject","inLanguage":"fr-FR","@id":"https:\/\/www.lactissima.com\/a-tire-d-ailes\/allaitement-mixte\/#primaryimage","url":"https:\/\/www.lactissima.com\/a-tire-d-ailes\/wp-content\/uploads\/photo-alex.jpg","contentUrl":"https:\/\/www.lactissima.com\/a-tire-d-ailes\/wp-content\/uploads\/photo-alex.jpg","width":"1280","height":"960"},{"@type":"BreadcrumbList","@id":"https:\/\/www.lactissima.com\/a-tire-d-ailes\/allaitement-mixte\/#breadcrumb","itemListElement":[{"@type":"ListItem","position":1,"name":"Accueil","item":"https:\/\/www.lactissima.com\/a-tire-d-ailes\/"},{"@type":"ListItem","position":2,"name":"Reprise du travail en allaitement mixte"}]},{"@type":"WebSite","@id":"https:\/\/www.lactissima.com\/a-tire-d-ailes\/#website","url":"https:\/\/www.lactissima.com\/a-tire-d-ailes\/","name":"A tire d&#039;Ailes","description":"Le blog des femmes qui allaitent et travaillent.","potentialAction":[{"@type":"SearchAction","target":{"@type":"EntryPoint","urlTemplate":"https:\/\/www.lactissima.com\/a-tire-d-ailes\/?s={search_term_string}"},"query-input":{"@type":"PropertyValueSpecification","valueRequired":true,"valueName":"search_term_string"}}],"inLanguage":"fr-FR"},{"@type":"Person","@id":"https:\/\/www.lactissima.com\/a-tire-d-ailes\/#\/schema\/person\/8f98d3a89530861bc1240e6d53d44eed","name":"V\u00e9ronique Darmangeat","image":{"@type":"ImageObject","inLanguage":"fr-FR","@id":"https:\/\/secure.gravatar.com\/avatar\/268c99344c89cebfe4f5df5fa8be43068a18884fc76a29f3206fae98465b9cab?s=96&d=identicon&r=g","url":"https:\/\/secure.gravatar.com\/avatar\/268c99344c89cebfe4f5df5fa8be43068a18884fc76a29f3206fae98465b9cab?s=96&d=identicon&r=g","contentUrl":"https:\/\/secure.gravatar.com\/avatar\/268c99344c89cebfe4f5df5fa8be43068a18884fc76a29f3206fae98465b9cab?s=96&d=identicon&r=g","caption":"V\u00e9ronique Darmangeat"},"sameAs":["https:\/\/www.lactissima.com\/a-tire-d-ailes","www.facebook.com\/consultante.en.lactation"]}]}},"_links":{"self":[{"href":"https:\/\/www.lactissima.com\/a-tire-d-ailes\/wp-json\/wp\/v2\/posts\/398","targetHints":{"allow":["GET"]}}],"collection":[{"href":"https:\/\/www.lactissima.com\/a-tire-d-ailes\/wp-json\/wp\/v2\/posts"}],"about":[{"href":"https:\/\/www.lactissima.com\/a-tire-d-ailes\/wp-json\/wp\/v2\/types\/post"}],"author":[{"embeddable":true,"href":"https:\/\/www.lactissima.com\/a-tire-d-ailes\/wp-json\/wp\/v2\/users\/170"}],"replies":[{"embeddable":true,"href":"https:\/\/www.lactissima.com\/a-tire-d-ailes\/wp-json\/wp\/v2\/comments?post=398"}],"version-history":[{"count":23,"href":"https:\/\/www.lactissima.com\/a-tire-d-ailes\/wp-json\/wp\/v2\/posts\/398\/revisions"}],"predecessor-version":[{"id":9526,"href":"https:\/\/www.lactissima.com\/a-tire-d-ailes\/wp-json\/wp\/v2\/posts\/398\/revisions\/9526"}],"wp:featuredmedia":[{"embeddable":true,"href":"https:\/\/www.lactissima.com\/a-tire-d-ailes\/wp-json\/wp\/v2\/media\/403"}],"wp:attachment":[{"href":"https:\/\/www.lactissima.com\/a-tire-d-ailes\/wp-json\/wp\/v2\/media?parent=398"}],"wp:term":[{"taxonomy":"category","embeddable":true,"href":"https:\/\/www.lactissima.com\/a-tire-d-ailes\/wp-json\/wp\/v2\/categories?post=398"},{"taxonomy":"post_tag","embeddable":true,"href":"https:\/\/www.lactissima.com\/a-tire-d-ailes\/wp-json\/wp\/v2\/tags?post=398"}],"curies":[{"name":"wp","href":"https:\/\/api.w.org\/{rel}","templated":true}]}}