{"id":3977,"date":"2013-05-17T18:01:42","date_gmt":"2013-05-17T16:01:42","guid":{"rendered":"https:\/\/www.lactissima.com\/a-tire-d-ailes\/?p=3977"},"modified":"2024-01-26T16:54:26","modified_gmt":"2024-01-26T15:54:26","slug":"la-revue-de-presse-da-tire-dailes-29","status":"publish","type":"post","link":"https:\/\/www.lactissima.com\/a-tire-d-ailes\/la-revue-de-presse-da-tire-dailes-29\/","title":{"rendered":"La revue de presse d&rsquo;A tire d&rsquo;Ailes (29)"},"content":{"rendered":"<p style=\"text-align: justify;\"><a href=\"https:\/\/www.lactissima.com\/a-tire-d-ailes\/wp-content\/uploads\/journal1.jpg\"><img loading=\"lazy\" decoding=\"async\" class=\"alignright size-full wp-image-3670\" alt=\"journal\" src=\"https:\/\/www.lactissima.com\/a-tire-d-ailes\/wp-content\/uploads\/journal1.jpg\" width=\"231\" height=\"300\" \/><\/a>L<strong>&lsquo;actualit\u00e9 allaitement<\/strong> du mois \u00e9coul\u00e9 :<\/p>\n<p style=\"text-align: justify;\">&#8211; Une \u00e9tude sur l&rsquo;influence des pratiques alimentaires sur les<a title=\"caries\" href=\"http:\/\/www.ncbi.nlm.nih.gov\/pubmed\/23597222\" target=\"_blank\" rel=\"noopener noreferrer\"> caries du nourrisson<\/a>.<\/p>\n<p style=\"text-align: justify;\">&#8211; Une \u00e9tude sur le<a title=\"p\u00e8re et allaitement\" href=\"http:\/\/www.ncbi.nlm.nih.gov\/pubmed\/23603573\" target=\"_blank\" rel=\"noopener noreferrer\"> r\u00f4le du p\u00e8re<\/a> dans la r\u00e9ussite de l&rsquo;allaitement.<\/p>\n<p style=\"text-align: justify;\">&#8211; Un tr\u00e8s bel article sur l&rsquo;allaitement d&rsquo;un b\u00e9b\u00e9 souffrant d&rsquo;allergies multiples.<\/p>\n<p style=\"text-align: justify;\">&#8211; <a href=\"http:\/\/www.mamaneprouvette.com\/2013\/04\/la-tyrannie-de-la-balance-selon-jack.html\" target=\"_blank\" rel=\"noopener noreferrer\">Jack Newman<\/a> nous r\u00e9gale d&rsquo;un article sur la tyrannie de la balance.<\/p>\n<p style=\"text-align: justify;\">&#8211; Un article sur une <a href=\"http:\/\/bienvivrelallaitement.wordpress.com\/2013\/04\/24\/comment-reconnaitre-une-production-suffisante\/\" target=\"_blank\" rel=\"noopener noreferrer\">production de lait<\/a> suffisante.<\/p>\n<p style=\"text-align: justify;\">&#8211; Maman \u00e9prouvette nous parle d&rsquo;<a href=\"http:\/\/www.mamaneprouvette.com\/2013\/04\/question-de-la-semaine-quel-est-limpact.html\" target=\"_blank\" rel=\"noopener noreferrer\">allaitement et d\u00e9pression<\/a>, de <a href=\"http:\/\/www.mamaneprouvette.com\/2013\/05\/question-de-la-semaine-les-meres.html\" target=\"_blank\" rel=\"noopener noreferrer\">tabac et allaitement<\/a>, d&rsquo;un <a href=\"http:\/\/www.mamaneprouvette.com\/2013\/05\/un-autre-super-pouvoir-pour-le-lait.html\" target=\"_blank\" rel=\"noopener noreferrer\">super pouvoir du lait maternel<\/a>, de<a href=\"http:\/\/www.mamaneprouvette.com\/2013\/05\/la-duree-de-lallaitement-influence-t.html\" target=\"_blank\" rel=\"noopener noreferrer\"> fer et allaitement<\/a>.<\/p>\n<p style=\"text-align: justify;\">&#8211; Un excellent article sur comment <a href=\"https:\/\/lactationmatters.org\/traveling-as-a-pumping-mother\/\" target=\"_blank\" rel=\"noopener noreferrer\">voyager lorsque l&rsquo;on tire son lait<\/a> !<\/p>\n<p style=\"text-align: justify;\">&#8211; L&rsquo;importance de l&rsquo;allaitement dans le <a href=\"http:\/\/www.psychologytoday.com\/blog\/moral-landscapes\/201303\/normal-infant-sleep-night-nursings-importance\" target=\"_blank\" rel=\"noopener noreferrer\">sommeil des b\u00e9b\u00e9s<\/a>.<\/p>\n<p style=\"text-align: justify;\">&#8211; Un bon article qui explique comment <a href=\"http:\/\/theotherbabybook.wordpress.com\/2013\/04\/30\/3-tools-for-nursing-babies-through-bottles\/\" target=\"_blank\" rel=\"noopener noreferrer\">donner le biberon<\/a> en respectant le b\u00e9b\u00e9 : ses besoins physiques et psychologiques.<\/p>\n<p style=\"text-align: justify;\">&#8211; Lorsqu&rsquo;une femme est en soins intensifs et son b\u00e9b\u00e9 en neonat, il est possible qu&rsquo;un membre de sa famille ou le personnel soignant tire le lait de la m\u00e8re pour lancer la lactation.<\/p>\n<p style=\"text-align: justify;\">&#8211; Un t\u00e9moignage tr\u00e8s complet d&rsquo;une maman partie en <a href=\"http:\/\/papoico.blogspot.de\/2013\/05\/loin-de-mon-bebe-deux-jours-1-nuit.html\" target=\"_blank\" rel=\"noopener noreferrer\">WE sans son b\u00e9b\u00e9 allait\u00e9<\/a>.<\/p>\n<p style=\"text-align: justify;\">&#8211; Un excellent article qui explique tout sur la mol\u00e9cule HAMLET pr\u00e9sente dans le lait maternel et qui agit contre le cancer.<\/p>\n<p style=\"text-align: justify;\">&#8211; La pol\u00e9mique enfle sur l&rsquo;affaire C\u00e9lio.<\/p>\n<p style=\"text-align: justify;\">Bonne <strong>lecture<\/strong> ! Et surtout, n&rsquo;h\u00e9sitez pas \u00e0 nous faire <strong>partager<\/strong> vos d\u00e9couvertes <\/p>\n<p style=\"text-align: justify;\"><strong>Articles en rapport : <\/strong><\/p>\n<p style=\"text-align: justify;\">Voir l&rsquo;onglet <a title=\"Revues de presse\" href=\"https:\/\/www.lactissima.com\/a-tire-d-ailes\/revues-de-presse\/\" target=\"_blank\" rel=\"noopener noreferrer\">Revues de presse<\/a>.<\/p>\n<p style=\"text-align: justify;\">\n","protected":false},"excerpt":{"rendered":"<p>Beaucoup d&rsquo;\u00e9tudes et d&rsquo;articles tr\u00e8s complets et s\u00e9rieux sur l&rsquo;allaitement ce mois ci.<\/p>\n","protected":false},"author":170,"featured_media":3670,"comment_status":"open","ping_status":"open","sticky":false,"template":"","format":"standard","meta":{"_et_pb_use_builder":"","_et_pb_old_content":"","_et_gb_content_width":"","footnotes":""},"categories":[242],"tags":[484,481,489,486,492,483,300,407,482,490,488,485,487,491],"class_list":["post-3977","post","type-post","status-publish","format-standard","has-post-thumbnail","hentry","category-revue-de-presse","tag-allaitement-et-depression","tag-caries-du-nourrisson","tag-donner-le-biberon","tag-fer-et-allaitement","tag-hamlet","tag-jack-newman","tag-lallaitement","tag-production-de-lait","tag-role-du-pere","tag-soins-intensifs","tag-sommeil-des-bebes","tag-tabac-et-allaitement","tag-voyager-lorsque-lon-tire-son-lait","tag-we-sans-son-bebe-allaite"],"yoast_head":"<!-- This site is optimized with the Yoast SEO plugin v27.4 - https:\/\/yoast.com\/product\/yoast-seo-wordpress\/ -->\n<title>La revue de presse d&#039;A tire d&#039;Ailes (29)<\/title>\n<meta name=\"description\" content=\"Beaucoup d&#039;\u00e9tudes et d&#039;articles tr\u00e8s complets et s\u00e9rieux sur l&#039;allaitement ce mois ci.\" \/>\n<meta name=\"robots\" content=\"index, follow, max-snippet:-1, max-image-preview:large, max-video-preview:-1\" \/>\n<link rel=\"canonical\" href=\"https:\/\/www.lactissima.com\/a-tire-d-ailes\/la-revue-de-presse-da-tire-dailes-29\/\" \/>\n<meta property=\"og:locale\" content=\"fr_FR\" \/>\n<meta property=\"og:type\" content=\"article\" \/>\n<meta property=\"og:title\" content=\"La revue de presse d&#039;A tire d&#039;Ailes (29)\" \/>\n<meta property=\"og:description\" content=\"Beaucoup d&#039;\u00e9tudes et d&#039;articles tr\u00e8s complets et s\u00e9rieux sur l&#039;allaitement ce mois ci.\" \/>\n<meta property=\"og:url\" content=\"https:\/\/www.lactissima.com\/a-tire-d-ailes\/la-revue-de-presse-da-tire-dailes-29\/\" \/>\n<meta property=\"og:site_name\" content=\"A tire d&#039;Ailes\" \/>\n<meta property=\"article:publisher\" content=\"https:\/\/www.facebook.com\/consultante.en.lactation\" \/>\n<meta property=\"article:author\" content=\"www.facebook.com\/consultante.en.lactation\" \/>\n<meta property=\"article:published_time\" content=\"2013-05-17T16:01:42+00:00\" \/>\n<meta property=\"article:modified_time\" content=\"2024-01-26T15:54:26+00:00\" \/>\n<meta property=\"og:image\" content=\"https:\/\/www.lactissima.com\/a-tire-d-ailes\/wp-content\/uploads\/journal1.jpg\" \/>\n\t<meta property=\"og:image:width\" content=\"231\" \/>\n\t<meta property=\"og:image:height\" content=\"300\" \/>\n\t<meta property=\"og:image:type\" content=\"image\/jpeg\" \/>\n<meta name=\"author\" content=\"V\u00e9ronique Darmangeat\" \/>\n<meta name=\"twitter:card\" content=\"summary_large_image\" \/>\n<meta name=\"twitter:creator\" content=\"@VeroniqueIBCLC\" \/>\n<meta name=\"twitter:site\" content=\"@VeroniqueIBCLC\" \/>\n<meta name=\"twitter:label1\" content=\"\u00c9crit par\" \/>\n\t<meta name=\"twitter:data1\" content=\"V\u00e9ronique Darmangeat\" \/>\n\t<meta name=\"twitter:label2\" content=\"Dur\u00e9e de lecture estim\u00e9e\" \/>\n\t<meta name=\"twitter:data2\" content=\"1 minute\" \/>\n<script type=\"application\/ld+json\" class=\"yoast-schema-graph\">{\"@context\":\"https:\\\/\\\/schema.org\",\"@graph\":[{\"@type\":\"Article\",\"@id\":\"https:\\\/\\\/www.lactissima.com\\\/a-tire-d-ailes\\\/la-revue-de-presse-da-tire-dailes-29\\\/#article\",\"isPartOf\":{\"@id\":\"https:\\\/\\\/www.lactissima.com\\\/a-tire-d-ailes\\\/la-revue-de-presse-da-tire-dailes-29\\\/\"},\"author\":{\"name\":\"V\u00e9ronique Darmangeat\",\"@id\":\"https:\\\/\\\/www.lactissima.com\\\/a-tire-d-ailes\\\/#\\\/schema\\\/person\\\/8f98d3a89530861bc1240e6d53d44eed\"},\"headline\":\"La revue de presse d&rsquo;A tire d&rsquo;Ailes (29)\",\"datePublished\":\"2013-05-17T16:01:42+00:00\",\"dateModified\":\"2024-01-26T15:54:26+00:00\",\"mainEntityOfPage\":{\"@id\":\"https:\\\/\\\/www.lactissima.com\\\/a-tire-d-ailes\\\/la-revue-de-presse-da-tire-dailes-29\\\/\"},\"wordCount\":271,\"commentCount\":0,\"image\":{\"@id\":\"https:\\\/\\\/www.lactissima.com\\\/a-tire-d-ailes\\\/la-revue-de-presse-da-tire-dailes-29\\\/#primaryimage\"},\"thumbnailUrl\":\"https:\\\/\\\/www.lactissima.com\\\/a-tire-d-ailes\\\/wp-content\\\/uploads\\\/journal1.jpg\",\"keywords\":[\"allaitement et d\u00e9pression\",\"caries du nourrisson\",\"donner le biberon\",\"fer et allaitement\",\"HAMLET\",\"Jack Newman\",\"l'allaitement\",\"production de lait\",\"r\u00f4le du p\u00e8re\",\"soins intensifs\",\"sommeil des b\u00e9b\u00e9s\",\"tabac et allaitement\",\"voyager lorsque l'on tire son lait\",\"WE sans son b\u00e9b\u00e9 allait\u00e9\"],\"articleSection\":[\"Revue de presse\"],\"inLanguage\":\"fr-FR\",\"potentialAction\":[{\"@type\":\"CommentAction\",\"name\":\"Comment\",\"target\":[\"https:\\\/\\\/www.lactissima.com\\\/a-tire-d-ailes\\\/la-revue-de-presse-da-tire-dailes-29\\\/#respond\"]}]},{\"@type\":\"WebPage\",\"@id\":\"https:\\\/\\\/www.lactissima.com\\\/a-tire-d-ailes\\\/la-revue-de-presse-da-tire-dailes-29\\\/\",\"url\":\"https:\\\/\\\/www.lactissima.com\\\/a-tire-d-ailes\\\/la-revue-de-presse-da-tire-dailes-29\\\/\",\"name\":\"La revue de presse d'A tire d'Ailes (29)\",\"isPartOf\":{\"@id\":\"https:\\\/\\\/www.lactissima.com\\\/a-tire-d-ailes\\\/#website\"},\"primaryImageOfPage\":{\"@id\":\"https:\\\/\\\/www.lactissima.com\\\/a-tire-d-ailes\\\/la-revue-de-presse-da-tire-dailes-29\\\/#primaryimage\"},\"image\":{\"@id\":\"https:\\\/\\\/www.lactissima.com\\\/a-tire-d-ailes\\\/la-revue-de-presse-da-tire-dailes-29\\\/#primaryimage\"},\"thumbnailUrl\":\"https:\\\/\\\/www.lactissima.com\\\/a-tire-d-ailes\\\/wp-content\\\/uploads\\\/journal1.jpg\",\"datePublished\":\"2013-05-17T16:01:42+00:00\",\"dateModified\":\"2024-01-26T15:54:26+00:00\",\"author\":{\"@id\":\"https:\\\/\\\/www.lactissima.com\\\/a-tire-d-ailes\\\/#\\\/schema\\\/person\\\/8f98d3a89530861bc1240e6d53d44eed\"},\"description\":\"Beaucoup d'\u00e9tudes et d'articles tr\u00e8s complets et s\u00e9rieux sur l'allaitement ce mois ci.\",\"breadcrumb\":{\"@id\":\"https:\\\/\\\/www.lactissima.com\\\/a-tire-d-ailes\\\/la-revue-de-presse-da-tire-dailes-29\\\/#breadcrumb\"},\"inLanguage\":\"fr-FR\",\"potentialAction\":[{\"@type\":\"ReadAction\",\"target\":[\"https:\\\/\\\/www.lactissima.com\\\/a-tire-d-ailes\\\/la-revue-de-presse-da-tire-dailes-29\\\/\"]}]},{\"@type\":\"ImageObject\",\"inLanguage\":\"fr-FR\",\"@id\":\"https:\\\/\\\/www.lactissima.com\\\/a-tire-d-ailes\\\/la-revue-de-presse-da-tire-dailes-29\\\/#primaryimage\",\"url\":\"https:\\\/\\\/www.lactissima.com\\\/a-tire-d-ailes\\\/wp-content\\\/uploads\\\/journal1.jpg\",\"contentUrl\":\"https:\\\/\\\/www.lactissima.com\\\/a-tire-d-ailes\\\/wp-content\\\/uploads\\\/journal1.jpg\",\"width\":\"231\",\"height\":\"300\",\"caption\":\"revues de presse allaitement\"},{\"@type\":\"BreadcrumbList\",\"@id\":\"https:\\\/\\\/www.lactissima.com\\\/a-tire-d-ailes\\\/la-revue-de-presse-da-tire-dailes-29\\\/#breadcrumb\",\"itemListElement\":[{\"@type\":\"ListItem\",\"position\":1,\"name\":\"Accueil\",\"item\":\"https:\\\/\\\/www.lactissima.com\\\/a-tire-d-ailes\\\/\"},{\"@type\":\"ListItem\",\"position\":2,\"name\":\"La revue de presse d&rsquo;A tire d&rsquo;Ailes (29)\"}]},{\"@type\":\"WebSite\",\"@id\":\"https:\\\/\\\/www.lactissima.com\\\/a-tire-d-ailes\\\/#website\",\"url\":\"https:\\\/\\\/www.lactissima.com\\\/a-tire-d-ailes\\\/\",\"name\":\"A tire d&#039;Ailes\",\"description\":\"Le blog des femmes qui allaitent et travaillent.\",\"potentialAction\":[{\"@type\":\"SearchAction\",\"target\":{\"@type\":\"EntryPoint\",\"urlTemplate\":\"https:\\\/\\\/www.lactissima.com\\\/a-tire-d-ailes\\\/?s={search_term_string}\"},\"query-input\":{\"@type\":\"PropertyValueSpecification\",\"valueRequired\":true,\"valueName\":\"search_term_string\"}}],\"inLanguage\":\"fr-FR\"},{\"@type\":\"Person\",\"@id\":\"https:\\\/\\\/www.lactissima.com\\\/a-tire-d-ailes\\\/#\\\/schema\\\/person\\\/8f98d3a89530861bc1240e6d53d44eed\",\"name\":\"V\u00e9ronique Darmangeat\",\"image\":{\"@type\":\"ImageObject\",\"inLanguage\":\"fr-FR\",\"@id\":\"https:\\\/\\\/secure.gravatar.com\\\/avatar\\\/268c99344c89cebfe4f5df5fa8be43068a18884fc76a29f3206fae98465b9cab?s=96&d=identicon&r=g\",\"url\":\"https:\\\/\\\/secure.gravatar.com\\\/avatar\\\/268c99344c89cebfe4f5df5fa8be43068a18884fc76a29f3206fae98465b9cab?s=96&d=identicon&r=g\",\"contentUrl\":\"https:\\\/\\\/secure.gravatar.com\\\/avatar\\\/268c99344c89cebfe4f5df5fa8be43068a18884fc76a29f3206fae98465b9cab?s=96&d=identicon&r=g\",\"caption\":\"V\u00e9ronique Darmangeat\"},\"sameAs\":[\"https:\\\/\\\/www.lactissima.com\\\/a-tire-d-ailes\",\"www.facebook.com\\\/consultante.en.lactation\"]}]}<\/script>\n<!-- \/ Yoast SEO plugin. -->","yoast_head_json":{"title":"La revue de presse d'A tire d'Ailes (29)","description":"Beaucoup d'\u00e9tudes et d'articles tr\u00e8s complets et s\u00e9rieux sur l'allaitement ce mois ci.","robots":{"index":"index","follow":"follow","max-snippet":"max-snippet:-1","max-image-preview":"max-image-preview:large","max-video-preview":"max-video-preview:-1"},"canonical":"https:\/\/www.lactissima.com\/a-tire-d-ailes\/la-revue-de-presse-da-tire-dailes-29\/","og_locale":"fr_FR","og_type":"article","og_title":"La revue de presse d'A tire d'Ailes (29)","og_description":"Beaucoup d'\u00e9tudes et d'articles tr\u00e8s complets et s\u00e9rieux sur l'allaitement ce mois ci.","og_url":"https:\/\/www.lactissima.com\/a-tire-d-ailes\/la-revue-de-presse-da-tire-dailes-29\/","og_site_name":"A tire d&#039;Ailes","article_publisher":"https:\/\/www.facebook.com\/consultante.en.lactation","article_author":"www.facebook.com\/consultante.en.lactation","article_published_time":"2013-05-17T16:01:42+00:00","article_modified_time":"2024-01-26T15:54:26+00:00","og_image":[{"width":231,"height":300,"url":"https:\/\/www.lactissima.com\/a-tire-d-ailes\/wp-content\/uploads\/journal1.jpg","type":"image\/jpeg"}],"author":"V\u00e9ronique Darmangeat","twitter_card":"summary_large_image","twitter_creator":"@VeroniqueIBCLC","twitter_site":"@VeroniqueIBCLC","twitter_misc":{"\u00c9crit par":"V\u00e9ronique Darmangeat","Dur\u00e9e de lecture estim\u00e9e":"1 minute"},"schema":{"@context":"https:\/\/schema.org","@graph":[{"@type":"Article","@id":"https:\/\/www.lactissima.com\/a-tire-d-ailes\/la-revue-de-presse-da-tire-dailes-29\/#article","isPartOf":{"@id":"https:\/\/www.lactissima.com\/a-tire-d-ailes\/la-revue-de-presse-da-tire-dailes-29\/"},"author":{"name":"V\u00e9ronique Darmangeat","@id":"https:\/\/www.lactissima.com\/a-tire-d-ailes\/#\/schema\/person\/8f98d3a89530861bc1240e6d53d44eed"},"headline":"La revue de presse d&rsquo;A tire d&rsquo;Ailes (29)","datePublished":"2013-05-17T16:01:42+00:00","dateModified":"2024-01-26T15:54:26+00:00","mainEntityOfPage":{"@id":"https:\/\/www.lactissima.com\/a-tire-d-ailes\/la-revue-de-presse-da-tire-dailes-29\/"},"wordCount":271,"commentCount":0,"image":{"@id":"https:\/\/www.lactissima.com\/a-tire-d-ailes\/la-revue-de-presse-da-tire-dailes-29\/#primaryimage"},"thumbnailUrl":"https:\/\/www.lactissima.com\/a-tire-d-ailes\/wp-content\/uploads\/journal1.jpg","keywords":["allaitement et d\u00e9pression","caries du nourrisson","donner le biberon","fer et allaitement","HAMLET","Jack Newman","l'allaitement","production de lait","r\u00f4le du p\u00e8re","soins intensifs","sommeil des b\u00e9b\u00e9s","tabac et allaitement","voyager lorsque l'on tire son lait","WE sans son b\u00e9b\u00e9 allait\u00e9"],"articleSection":["Revue de presse"],"inLanguage":"fr-FR","potentialAction":[{"@type":"CommentAction","name":"Comment","target":["https:\/\/www.lactissima.com\/a-tire-d-ailes\/la-revue-de-presse-da-tire-dailes-29\/#respond"]}]},{"@type":"WebPage","@id":"https:\/\/www.lactissima.com\/a-tire-d-ailes\/la-revue-de-presse-da-tire-dailes-29\/","url":"https:\/\/www.lactissima.com\/a-tire-d-ailes\/la-revue-de-presse-da-tire-dailes-29\/","name":"La revue de presse d'A tire d'Ailes (29)","isPartOf":{"@id":"https:\/\/www.lactissima.com\/a-tire-d-ailes\/#website"},"primaryImageOfPage":{"@id":"https:\/\/www.lactissima.com\/a-tire-d-ailes\/la-revue-de-presse-da-tire-dailes-29\/#primaryimage"},"image":{"@id":"https:\/\/www.lactissima.com\/a-tire-d-ailes\/la-revue-de-presse-da-tire-dailes-29\/#primaryimage"},"thumbnailUrl":"https:\/\/www.lactissima.com\/a-tire-d-ailes\/wp-content\/uploads\/journal1.jpg","datePublished":"2013-05-17T16:01:42+00:00","dateModified":"2024-01-26T15:54:26+00:00","author":{"@id":"https:\/\/www.lactissima.com\/a-tire-d-ailes\/#\/schema\/person\/8f98d3a89530861bc1240e6d53d44eed"},"description":"Beaucoup d'\u00e9tudes et d'articles tr\u00e8s complets et s\u00e9rieux sur l'allaitement ce mois ci.","breadcrumb":{"@id":"https:\/\/www.lactissima.com\/a-tire-d-ailes\/la-revue-de-presse-da-tire-dailes-29\/#breadcrumb"},"inLanguage":"fr-FR","potentialAction":[{"@type":"ReadAction","target":["https:\/\/www.lactissima.com\/a-tire-d-ailes\/la-revue-de-presse-da-tire-dailes-29\/"]}]},{"@type":"ImageObject","inLanguage":"fr-FR","@id":"https:\/\/www.lactissima.com\/a-tire-d-ailes\/la-revue-de-presse-da-tire-dailes-29\/#primaryimage","url":"https:\/\/www.lactissima.com\/a-tire-d-ailes\/wp-content\/uploads\/journal1.jpg","contentUrl":"https:\/\/www.lactissima.com\/a-tire-d-ailes\/wp-content\/uploads\/journal1.jpg","width":"231","height":"300","caption":"revues de presse allaitement"},{"@type":"BreadcrumbList","@id":"https:\/\/www.lactissima.com\/a-tire-d-ailes\/la-revue-de-presse-da-tire-dailes-29\/#breadcrumb","itemListElement":[{"@type":"ListItem","position":1,"name":"Accueil","item":"https:\/\/www.lactissima.com\/a-tire-d-ailes\/"},{"@type":"ListItem","position":2,"name":"La revue de presse d&rsquo;A tire d&rsquo;Ailes (29)"}]},{"@type":"WebSite","@id":"https:\/\/www.lactissima.com\/a-tire-d-ailes\/#website","url":"https:\/\/www.lactissima.com\/a-tire-d-ailes\/","name":"A tire d&#039;Ailes","description":"Le blog des femmes qui allaitent et travaillent.","potentialAction":[{"@type":"SearchAction","target":{"@type":"EntryPoint","urlTemplate":"https:\/\/www.lactissima.com\/a-tire-d-ailes\/?s={search_term_string}"},"query-input":{"@type":"PropertyValueSpecification","valueRequired":true,"valueName":"search_term_string"}}],"inLanguage":"fr-FR"},{"@type":"Person","@id":"https:\/\/www.lactissima.com\/a-tire-d-ailes\/#\/schema\/person\/8f98d3a89530861bc1240e6d53d44eed","name":"V\u00e9ronique Darmangeat","image":{"@type":"ImageObject","inLanguage":"fr-FR","@id":"https:\/\/secure.gravatar.com\/avatar\/268c99344c89cebfe4f5df5fa8be43068a18884fc76a29f3206fae98465b9cab?s=96&d=identicon&r=g","url":"https:\/\/secure.gravatar.com\/avatar\/268c99344c89cebfe4f5df5fa8be43068a18884fc76a29f3206fae98465b9cab?s=96&d=identicon&r=g","contentUrl":"https:\/\/secure.gravatar.com\/avatar\/268c99344c89cebfe4f5df5fa8be43068a18884fc76a29f3206fae98465b9cab?s=96&d=identicon&r=g","caption":"V\u00e9ronique Darmangeat"},"sameAs":["https:\/\/www.lactissima.com\/a-tire-d-ailes","www.facebook.com\/consultante.en.lactation"]}]}},"_links":{"self":[{"href":"https:\/\/www.lactissima.com\/a-tire-d-ailes\/wp-json\/wp\/v2\/posts\/3977","targetHints":{"allow":["GET"]}}],"collection":[{"href":"https:\/\/www.lactissima.com\/a-tire-d-ailes\/wp-json\/wp\/v2\/posts"}],"about":[{"href":"https:\/\/www.lactissima.com\/a-tire-d-ailes\/wp-json\/wp\/v2\/types\/post"}],"author":[{"embeddable":true,"href":"https:\/\/www.lactissima.com\/a-tire-d-ailes\/wp-json\/wp\/v2\/users\/170"}],"replies":[{"embeddable":true,"href":"https:\/\/www.lactissima.com\/a-tire-d-ailes\/wp-json\/wp\/v2\/comments?post=3977"}],"version-history":[{"count":13,"href":"https:\/\/www.lactissima.com\/a-tire-d-ailes\/wp-json\/wp\/v2\/posts\/3977\/revisions"}],"predecessor-version":[{"id":9477,"href":"https:\/\/www.lactissima.com\/a-tire-d-ailes\/wp-json\/wp\/v2\/posts\/3977\/revisions\/9477"}],"wp:featuredmedia":[{"embeddable":true,"href":"https:\/\/www.lactissima.com\/a-tire-d-ailes\/wp-json\/wp\/v2\/media\/3670"}],"wp:attachment":[{"href":"https:\/\/www.lactissima.com\/a-tire-d-ailes\/wp-json\/wp\/v2\/media?parent=3977"}],"wp:term":[{"taxonomy":"category","embeddable":true,"href":"https:\/\/www.lactissima.com\/a-tire-d-ailes\/wp-json\/wp\/v2\/categories?post=3977"},{"taxonomy":"post_tag","embeddable":true,"href":"https:\/\/www.lactissima.com\/a-tire-d-ailes\/wp-json\/wp\/v2\/tags?post=3977"}],"curies":[{"name":"wp","href":"https:\/\/api.w.org\/{rel}","templated":true}]}}