{"id":3888,"date":"2013-04-26T09:06:50","date_gmt":"2013-04-26T07:06:50","guid":{"rendered":"https:\/\/www.lactissima.com\/a-tire-d-ailes\/?p=3888"},"modified":"2014-03-15T16:27:07","modified_gmt":"2014-03-15T14:27:07","slug":"travail-et-allaitement-le-temoignage-de-celine-3","status":"publish","type":"post","link":"https:\/\/www.lactissima.com\/a-tire-d-ailes\/travail-et-allaitement-le-temoignage-de-celine-3\/","title":{"rendered":"Travail et allaitement : le t\u00e9moignage de Celine"},"content":{"rendered":"<ul>\n<li style=\"text-align: justify;\"><strong><a href=\"https:\/\/www.lactissima.com\/a-tire-d-ailes\/wp-content\/uploads\/2013\/04\/allaitement-C\u00e9line.jpg\"><img loading=\"lazy\" decoding=\"async\" class=\"alignright size-medium wp-image-3889\" title=\"travail et allaitement\" alt=\"travail et allaitement\" src=\"https:\/\/www.lactissima.com\/a-tire-d-ailes\/wp-content\/uploads\/2013\/04\/allaitement-C\u00e9line-225x300.jpg\" width=\"225\" height=\"300\" srcset=\"https:\/\/www.lactissima.com\/a-tire-d-ailes\/wp-content\/uploads\/2013\/04\/allaitement-C\u00e9line-225x300.jpg 225w, https:\/\/www.lactissima.com\/a-tire-d-ailes\/wp-content\/uploads\/2013\/04\/allaitement-C\u00e9line-768x1024.jpg 768w, https:\/\/www.lactissima.com\/a-tire-d-ailes\/wp-content\/uploads\/2013\/04\/allaitement-C\u00e9line.jpg 1536w\" sizes=\"(max-width: 225px) 100vw, 225px\" \/><\/a>Quel choix avez-vous fait au moment de la reprise du travail : sevrage ou poursuite de l&rsquo;allaitement ? Pourquoi ?<\/strong><\/li>\n<\/ul>\n<p style=\"text-align: justify;\">J&rsquo;ai repris le travail lorsque ma fille avait 3 mois.<br \/>\nJe ne voulais pas que \u00e7a m&#8217;emp\u00eache d&rsquo;allaiter puisque mon allaitement marchait tr\u00e8s bien.<br \/>\nJ&rsquo;ai donc d\u00e9cid\u00e9 de poursuivre.<\/p>\n<ul style=\"text-align: justify;\">\n<li><strong>Comment vous \u00eates-vous organis\u00e9e pour concilier travail et allaitement ?<\/strong><\/li>\n<\/ul>\n<p style=\"text-align: justify;\">La cr\u00e8che acceptait le lait maternel.<br \/>\nJ&rsquo;avais un <a title=\"Faire du stock de lait.\" href=\"https:\/\/www.lactissima.com\/a-tire-d-ailes\/faire-du-stock-de-lait\/\" target=\"_blank\">stock <\/a>au cong\u00e9lateur.<br \/>\nLe matin je tirais mon second sein, en m\u00eame temps qu&rsquo;elle t\u00e9tait(\u00e7a fait gagner du temps et beaucoup plus efficace) .<\/p>\n<p style=\"text-align: justify;\">Puis je tirais mon lait au travail deux fois aux heures de t\u00e9t\u00e9es pr\u00e9vues (vers 11 h et vers 16 h).Je mettais au frigo au travail, puis j&#8217;emmenais \u00e0 la cr\u00e8che le lendemain dans un sac isotherme.<br \/>\nJ&rsquo;avais pris mon<a title=\"Et la loi ?\" href=\"https:\/\/www.lactissima.com\/a-tire-d-ailes\/et-la-loi\/\" target=\"_blank\"> heure d&rsquo;allaitement <\/a>de 13 h \u00e0 14 h et comme la cr\u00e8che \u00e9tait \u00e0 cot\u00e9, j&rsquo;allais lui donner le sein. Mais si je ne pouvais pas ils avaient une dose.<\/p>\n<ul style=\"text-align: justify;\">\n<li><strong>Quelles ont \u00e9t\u00e9 vos principales difficult\u00e9s ?<\/strong><\/li>\n<\/ul>\n<p style=\"text-align: justify;\">Le plus difficile c&rsquo;est de s&rsquo;isoler et de se d\u00e9tendre pour tirer tranquillement et avoir un bon r\u00e9flexe d&rsquo;\u00e9jection.<\/p>\n<ul style=\"text-align: justify;\">\n<li><strong>Quels ont \u00e9t\u00e9 vos meilleurs moments ?<\/strong><\/li>\n<\/ul>\n<p style=\"text-align: justify;\">Savoir qu&rsquo;elle buvait mon lait me plaisait, c&rsquo;est comme si le lien \u00e9tait maintenu \u00e0 distance.<\/p>\n<ul style=\"text-align: justify;\">\n<li><strong>Qu&rsquo;est-ce que vous souhaiteriez dire aux mamans qui doivent faire un choix <\/strong><strong>dans les semaines \u00e0 venir ?<\/strong><\/li>\n<\/ul>\n<p style=\"text-align: justify;\">Allaiter en travaillant c&rsquo;est possible. Il faut juste bien<a title=\"L'organisation familiale\" href=\"https:\/\/www.lactissima.com\/a-tire-d-ailes\/lorganisation-familiale\/\" target=\"_blank\"> s&rsquo;organiser<\/a>. Surtout, avoir plusieurs doses au cong\u00e9lateur, gr\u00e2ce \u00e0 \u00e7a, j&rsquo;ai pu continuer \u00e0 allaiter en exclusif jusqu&rsquo;\u00e0 ses 6 mois et en travaillant, j&rsquo;en suis tr\u00e8s tr\u00e8s fi\u00e8re.<\/p>\n<p style=\"text-align: justify;\">Vous pouvez toujours tenter et si vraiment ce n&rsquo;est pas possible de tirer au travail, le <a title=\"Choisir le sevrage \u00e0 la reprise du travail\" href=\"https:\/\/www.lactissima.com\/a-tire-d-ailes\/choisir-le-sevrage-a-la-reprise-du-travail\/\" target=\"_blank\">sevrage<\/a> n&rsquo;est pas forc\u00e9ment n\u00e9cessaire. Votre b\u00e9b\u00e9 peut toujours boire du lait en poudre \u00e0 la cr\u00e8che ou chez la nounou, puis vous pouvez continuer \u00e0 lui donner le sein le matin, le soir, les weekends.<\/p>\n<ul style=\"text-align: justify;\">\n<li><strong>Ce serait \u00e0 refaire, vous referiez le m\u00eame choix ? Que changeriez-vous ?<\/strong><\/li>\n<\/ul>\n<p style=\"text-align: justify;\">Je ferais le m\u00eame choix sans h\u00e9siter ! Au d\u00e9but j&rsquo;avais un <a title=\"Nouveaut\u00e9s tire-lait\" href=\"https:\/\/www.lactissima.com\/a-tire-d-ailes\/nouveautes-tire-lait\/\" target=\"_blank\">tire-lait<\/a> manuel (plus facile \u00e0 transporter au travail) puis ensuite ma sage-femme m&rsquo;a prescrit un tire-lait \u00e9lectrique double pompage, ce qui \u00e9tait beaucoup mieux. Si c&rsquo;\u00e9tait \u00e0 refaire, j&rsquo;opterais directement pour le double pompage.<\/p>\n<p style=\"text-align: justify;\"><strong>Articles en rapport :<\/strong><\/p>\n<ul>\n<li style=\"text-align: justify;\">Voir l&rsquo;onglet <a href=\"https:\/\/www.lactissima.com\/a-tire-d-ailes\/?page_id=1179\" target=\"_blank\">t\u00e9moignages<\/a><\/li>\n<\/ul>\n<p>&nbsp;<\/p>\n","protected":false},"excerpt":{"rendered":"<p>C\u00e9line a repris le travail aux 3 mois de son b\u00e9b\u00e9 et a choisi de tirer son lait au travail. Elle a pu aussi aller donner une t\u00e9t\u00e9e en journ\u00e9e \u00e0 la cr\u00e8che.<\/p>\n","protected":false},"author":170,"featured_media":3889,"comment_status":"open","ping_status":"open","sticky":false,"template":"","format":"standard","meta":{"_et_pb_use_builder":"","_et_pb_old_content":"","_et_gb_content_width":"","footnotes":""},"categories":[150],"tags":[117,473,56,227,57],"class_list":["post-3888","post","type-post","status-publish","format-standard","has-post-thumbnail","hentry","category-temoignages","tag-heure-dallaitement","tag-sorganiser","tag-sevrage","tag-stock","tag-tire-lait"],"yoast_head":"<!-- This site is optimized with the Yoast SEO plugin v27.4 - https:\/\/yoast.com\/product\/yoast-seo-wordpress\/ -->\n<title>Travail et allaitement : le t\u00e9moignage de Celine<\/title>\n<meta name=\"description\" content=\"C\u00e9line a repris le travail aux 3 mois de son b\u00e9b\u00e9 et a choisi de tirer son lait au travail pour concilier travail et allaitement. Elle a pu aussi aller donner une t\u00e9t\u00e9e en journ\u00e9e \u00e0 la cr\u00e8che.\" \/>\n<meta name=\"robots\" content=\"index, follow, max-snippet:-1, max-image-preview:large, max-video-preview:-1\" \/>\n<link rel=\"canonical\" href=\"https:\/\/www.lactissima.com\/a-tire-d-ailes\/travail-et-allaitement-le-temoignage-de-celine-3\/\" \/>\n<meta property=\"og:locale\" content=\"fr_FR\" \/>\n<meta property=\"og:type\" content=\"article\" \/>\n<meta property=\"og:title\" content=\"Travail et allaitement : le t\u00e9moignage de Celine\" \/>\n<meta property=\"og:description\" content=\"C\u00e9line a repris le travail aux 3 mois de son b\u00e9b\u00e9 et a choisi de tirer son lait au travail pour concilier travail et allaitement. Elle a pu aussi aller donner une t\u00e9t\u00e9e en journ\u00e9e \u00e0 la cr\u00e8che.\" \/>\n<meta property=\"og:url\" content=\"https:\/\/www.lactissima.com\/a-tire-d-ailes\/travail-et-allaitement-le-temoignage-de-celine-3\/\" \/>\n<meta property=\"og:site_name\" content=\"A tire d&#039;Ailes\" \/>\n<meta property=\"article:publisher\" content=\"https:\/\/www.facebook.com\/consultante.en.lactation\" \/>\n<meta property=\"article:author\" content=\"www.facebook.com\/consultante.en.lactation\" \/>\n<meta property=\"article:published_time\" content=\"2013-04-26T07:06:50+00:00\" \/>\n<meta property=\"article:modified_time\" content=\"2014-03-15T14:27:07+00:00\" \/>\n<meta property=\"og:image\" content=\"https:\/\/www.lactissima.com\/a-tire-d-ailes\/wp-content\/uploads\/2013\/04\/allaitement-C\u00e9line.jpg\" \/>\n\t<meta property=\"og:image:width\" content=\"1536\" \/>\n\t<meta property=\"og:image:height\" content=\"2048\" \/>\n\t<meta property=\"og:image:type\" content=\"image\/jpeg\" \/>\n<meta name=\"author\" content=\"V\u00e9ronique Darmangeat\" \/>\n<meta name=\"twitter:card\" content=\"summary_large_image\" \/>\n<meta name=\"twitter:creator\" content=\"@VeroniqueIBCLC\" \/>\n<meta name=\"twitter:site\" content=\"@VeroniqueIBCLC\" \/>\n<meta name=\"twitter:label1\" content=\"\u00c9crit par\" \/>\n\t<meta name=\"twitter:data1\" content=\"V\u00e9ronique Darmangeat\" \/>\n\t<meta name=\"twitter:label2\" content=\"Dur\u00e9e de lecture estim\u00e9e\" \/>\n\t<meta name=\"twitter:data2\" content=\"2 minutes\" \/>\n<script type=\"application\/ld+json\" class=\"yoast-schema-graph\">{\"@context\":\"https:\\\/\\\/schema.org\",\"@graph\":[{\"@type\":\"Article\",\"@id\":\"https:\\\/\\\/www.lactissima.com\\\/a-tire-d-ailes\\\/travail-et-allaitement-le-temoignage-de-celine-3\\\/#article\",\"isPartOf\":{\"@id\":\"https:\\\/\\\/www.lactissima.com\\\/a-tire-d-ailes\\\/travail-et-allaitement-le-temoignage-de-celine-3\\\/\"},\"author\":{\"name\":\"V\u00e9ronique Darmangeat\",\"@id\":\"https:\\\/\\\/www.lactissima.com\\\/a-tire-d-ailes\\\/#\\\/schema\\\/person\\\/8f98d3a89530861bc1240e6d53d44eed\"},\"headline\":\"Travail et allaitement : le t\u00e9moignage de Celine\",\"datePublished\":\"2013-04-26T07:06:50+00:00\",\"dateModified\":\"2014-03-15T14:27:07+00:00\",\"mainEntityOfPage\":{\"@id\":\"https:\\\/\\\/www.lactissima.com\\\/a-tire-d-ailes\\\/travail-et-allaitement-le-temoignage-de-celine-3\\\/\"},\"wordCount\":423,\"commentCount\":0,\"image\":{\"@id\":\"https:\\\/\\\/www.lactissima.com\\\/a-tire-d-ailes\\\/travail-et-allaitement-le-temoignage-de-celine-3\\\/#primaryimage\"},\"thumbnailUrl\":\"https:\\\/\\\/www.lactissima.com\\\/a-tire-d-ailes\\\/wp-content\\\/uploads\\\/2013\\\/04\\\/allaitement-C\u00e9line.jpg\",\"keywords\":[\"heure d'allaitement\",\"s'organiser\",\"Sevrage\",\"stock\",\"tire-lait\"],\"articleSection\":[\"t\u00e9moignages\"],\"inLanguage\":\"fr-FR\",\"potentialAction\":[{\"@type\":\"CommentAction\",\"name\":\"Comment\",\"target\":[\"https:\\\/\\\/www.lactissima.com\\\/a-tire-d-ailes\\\/travail-et-allaitement-le-temoignage-de-celine-3\\\/#respond\"]}]},{\"@type\":\"WebPage\",\"@id\":\"https:\\\/\\\/www.lactissima.com\\\/a-tire-d-ailes\\\/travail-et-allaitement-le-temoignage-de-celine-3\\\/\",\"url\":\"https:\\\/\\\/www.lactissima.com\\\/a-tire-d-ailes\\\/travail-et-allaitement-le-temoignage-de-celine-3\\\/\",\"name\":\"Travail et allaitement : le t\u00e9moignage de Celine\",\"isPartOf\":{\"@id\":\"https:\\\/\\\/www.lactissima.com\\\/a-tire-d-ailes\\\/#website\"},\"primaryImageOfPage\":{\"@id\":\"https:\\\/\\\/www.lactissima.com\\\/a-tire-d-ailes\\\/travail-et-allaitement-le-temoignage-de-celine-3\\\/#primaryimage\"},\"image\":{\"@id\":\"https:\\\/\\\/www.lactissima.com\\\/a-tire-d-ailes\\\/travail-et-allaitement-le-temoignage-de-celine-3\\\/#primaryimage\"},\"thumbnailUrl\":\"https:\\\/\\\/www.lactissima.com\\\/a-tire-d-ailes\\\/wp-content\\\/uploads\\\/2013\\\/04\\\/allaitement-C\u00e9line.jpg\",\"datePublished\":\"2013-04-26T07:06:50+00:00\",\"dateModified\":\"2014-03-15T14:27:07+00:00\",\"author\":{\"@id\":\"https:\\\/\\\/www.lactissima.com\\\/a-tire-d-ailes\\\/#\\\/schema\\\/person\\\/8f98d3a89530861bc1240e6d53d44eed\"},\"description\":\"C\u00e9line a repris le travail aux 3 mois de son b\u00e9b\u00e9 et a choisi de tirer son lait au travail pour concilier travail et allaitement. Elle a pu aussi aller donner une t\u00e9t\u00e9e en journ\u00e9e \u00e0 la cr\u00e8che.\",\"breadcrumb\":{\"@id\":\"https:\\\/\\\/www.lactissima.com\\\/a-tire-d-ailes\\\/travail-et-allaitement-le-temoignage-de-celine-3\\\/#breadcrumb\"},\"inLanguage\":\"fr-FR\",\"potentialAction\":[{\"@type\":\"ReadAction\",\"target\":[\"https:\\\/\\\/www.lactissima.com\\\/a-tire-d-ailes\\\/travail-et-allaitement-le-temoignage-de-celine-3\\\/\"]}]},{\"@type\":\"ImageObject\",\"inLanguage\":\"fr-FR\",\"@id\":\"https:\\\/\\\/www.lactissima.com\\\/a-tire-d-ailes\\\/travail-et-allaitement-le-temoignage-de-celine-3\\\/#primaryimage\",\"url\":\"https:\\\/\\\/www.lactissima.com\\\/a-tire-d-ailes\\\/wp-content\\\/uploads\\\/2013\\\/04\\\/allaitement-C\u00e9line.jpg\",\"contentUrl\":\"https:\\\/\\\/www.lactissima.com\\\/a-tire-d-ailes\\\/wp-content\\\/uploads\\\/2013\\\/04\\\/allaitement-C\u00e9line.jpg\",\"width\":1536,\"height\":2048},{\"@type\":\"BreadcrumbList\",\"@id\":\"https:\\\/\\\/www.lactissima.com\\\/a-tire-d-ailes\\\/travail-et-allaitement-le-temoignage-de-celine-3\\\/#breadcrumb\",\"itemListElement\":[{\"@type\":\"ListItem\",\"position\":1,\"name\":\"Accueil\",\"item\":\"https:\\\/\\\/www.lactissima.com\\\/a-tire-d-ailes\\\/\"},{\"@type\":\"ListItem\",\"position\":2,\"name\":\"Travail et allaitement : le t\u00e9moignage de Celine\"}]},{\"@type\":\"WebSite\",\"@id\":\"https:\\\/\\\/www.lactissima.com\\\/a-tire-d-ailes\\\/#website\",\"url\":\"https:\\\/\\\/www.lactissima.com\\\/a-tire-d-ailes\\\/\",\"name\":\"A tire d&#039;Ailes\",\"description\":\"Le blog des femmes qui allaitent et travaillent.\",\"potentialAction\":[{\"@type\":\"SearchAction\",\"target\":{\"@type\":\"EntryPoint\",\"urlTemplate\":\"https:\\\/\\\/www.lactissima.com\\\/a-tire-d-ailes\\\/?s={search_term_string}\"},\"query-input\":{\"@type\":\"PropertyValueSpecification\",\"valueRequired\":true,\"valueName\":\"search_term_string\"}}],\"inLanguage\":\"fr-FR\"},{\"@type\":\"Person\",\"@id\":\"https:\\\/\\\/www.lactissima.com\\\/a-tire-d-ailes\\\/#\\\/schema\\\/person\\\/8f98d3a89530861bc1240e6d53d44eed\",\"name\":\"V\u00e9ronique Darmangeat\",\"image\":{\"@type\":\"ImageObject\",\"inLanguage\":\"fr-FR\",\"@id\":\"https:\\\/\\\/secure.gravatar.com\\\/avatar\\\/268c99344c89cebfe4f5df5fa8be43068a18884fc76a29f3206fae98465b9cab?s=96&d=identicon&r=g\",\"url\":\"https:\\\/\\\/secure.gravatar.com\\\/avatar\\\/268c99344c89cebfe4f5df5fa8be43068a18884fc76a29f3206fae98465b9cab?s=96&d=identicon&r=g\",\"contentUrl\":\"https:\\\/\\\/secure.gravatar.com\\\/avatar\\\/268c99344c89cebfe4f5df5fa8be43068a18884fc76a29f3206fae98465b9cab?s=96&d=identicon&r=g\",\"caption\":\"V\u00e9ronique Darmangeat\"},\"sameAs\":[\"https:\\\/\\\/www.lactissima.com\\\/a-tire-d-ailes\",\"www.facebook.com\\\/consultante.en.lactation\"]}]}<\/script>\n<!-- \/ Yoast SEO plugin. -->","yoast_head_json":{"title":"Travail et allaitement : le t\u00e9moignage de Celine","description":"C\u00e9line a repris le travail aux 3 mois de son b\u00e9b\u00e9 et a choisi de tirer son lait au travail pour concilier travail et allaitement. Elle a pu aussi aller donner une t\u00e9t\u00e9e en journ\u00e9e \u00e0 la cr\u00e8che.","robots":{"index":"index","follow":"follow","max-snippet":"max-snippet:-1","max-image-preview":"max-image-preview:large","max-video-preview":"max-video-preview:-1"},"canonical":"https:\/\/www.lactissima.com\/a-tire-d-ailes\/travail-et-allaitement-le-temoignage-de-celine-3\/","og_locale":"fr_FR","og_type":"article","og_title":"Travail et allaitement : le t\u00e9moignage de Celine","og_description":"C\u00e9line a repris le travail aux 3 mois de son b\u00e9b\u00e9 et a choisi de tirer son lait au travail pour concilier travail et allaitement. Elle a pu aussi aller donner une t\u00e9t\u00e9e en journ\u00e9e \u00e0 la cr\u00e8che.","og_url":"https:\/\/www.lactissima.com\/a-tire-d-ailes\/travail-et-allaitement-le-temoignage-de-celine-3\/","og_site_name":"A tire d&#039;Ailes","article_publisher":"https:\/\/www.facebook.com\/consultante.en.lactation","article_author":"www.facebook.com\/consultante.en.lactation","article_published_time":"2013-04-26T07:06:50+00:00","article_modified_time":"2014-03-15T14:27:07+00:00","og_image":[{"width":1536,"height":2048,"url":"https:\/\/www.lactissima.com\/a-tire-d-ailes\/wp-content\/uploads\/2013\/04\/allaitement-C\u00e9line.jpg","type":"image\/jpeg"}],"author":"V\u00e9ronique Darmangeat","twitter_card":"summary_large_image","twitter_creator":"@VeroniqueIBCLC","twitter_site":"@VeroniqueIBCLC","twitter_misc":{"\u00c9crit par":"V\u00e9ronique Darmangeat","Dur\u00e9e de lecture estim\u00e9e":"2 minutes"},"schema":{"@context":"https:\/\/schema.org","@graph":[{"@type":"Article","@id":"https:\/\/www.lactissima.com\/a-tire-d-ailes\/travail-et-allaitement-le-temoignage-de-celine-3\/#article","isPartOf":{"@id":"https:\/\/www.lactissima.com\/a-tire-d-ailes\/travail-et-allaitement-le-temoignage-de-celine-3\/"},"author":{"name":"V\u00e9ronique Darmangeat","@id":"https:\/\/www.lactissima.com\/a-tire-d-ailes\/#\/schema\/person\/8f98d3a89530861bc1240e6d53d44eed"},"headline":"Travail et allaitement : le t\u00e9moignage de Celine","datePublished":"2013-04-26T07:06:50+00:00","dateModified":"2014-03-15T14:27:07+00:00","mainEntityOfPage":{"@id":"https:\/\/www.lactissima.com\/a-tire-d-ailes\/travail-et-allaitement-le-temoignage-de-celine-3\/"},"wordCount":423,"commentCount":0,"image":{"@id":"https:\/\/www.lactissima.com\/a-tire-d-ailes\/travail-et-allaitement-le-temoignage-de-celine-3\/#primaryimage"},"thumbnailUrl":"https:\/\/www.lactissima.com\/a-tire-d-ailes\/wp-content\/uploads\/2013\/04\/allaitement-C\u00e9line.jpg","keywords":["heure d'allaitement","s'organiser","Sevrage","stock","tire-lait"],"articleSection":["t\u00e9moignages"],"inLanguage":"fr-FR","potentialAction":[{"@type":"CommentAction","name":"Comment","target":["https:\/\/www.lactissima.com\/a-tire-d-ailes\/travail-et-allaitement-le-temoignage-de-celine-3\/#respond"]}]},{"@type":"WebPage","@id":"https:\/\/www.lactissima.com\/a-tire-d-ailes\/travail-et-allaitement-le-temoignage-de-celine-3\/","url":"https:\/\/www.lactissima.com\/a-tire-d-ailes\/travail-et-allaitement-le-temoignage-de-celine-3\/","name":"Travail et allaitement : le t\u00e9moignage de Celine","isPartOf":{"@id":"https:\/\/www.lactissima.com\/a-tire-d-ailes\/#website"},"primaryImageOfPage":{"@id":"https:\/\/www.lactissima.com\/a-tire-d-ailes\/travail-et-allaitement-le-temoignage-de-celine-3\/#primaryimage"},"image":{"@id":"https:\/\/www.lactissima.com\/a-tire-d-ailes\/travail-et-allaitement-le-temoignage-de-celine-3\/#primaryimage"},"thumbnailUrl":"https:\/\/www.lactissima.com\/a-tire-d-ailes\/wp-content\/uploads\/2013\/04\/allaitement-C\u00e9line.jpg","datePublished":"2013-04-26T07:06:50+00:00","dateModified":"2014-03-15T14:27:07+00:00","author":{"@id":"https:\/\/www.lactissima.com\/a-tire-d-ailes\/#\/schema\/person\/8f98d3a89530861bc1240e6d53d44eed"},"description":"C\u00e9line a repris le travail aux 3 mois de son b\u00e9b\u00e9 et a choisi de tirer son lait au travail pour concilier travail et allaitement. Elle a pu aussi aller donner une t\u00e9t\u00e9e en journ\u00e9e \u00e0 la cr\u00e8che.","breadcrumb":{"@id":"https:\/\/www.lactissima.com\/a-tire-d-ailes\/travail-et-allaitement-le-temoignage-de-celine-3\/#breadcrumb"},"inLanguage":"fr-FR","potentialAction":[{"@type":"ReadAction","target":["https:\/\/www.lactissima.com\/a-tire-d-ailes\/travail-et-allaitement-le-temoignage-de-celine-3\/"]}]},{"@type":"ImageObject","inLanguage":"fr-FR","@id":"https:\/\/www.lactissima.com\/a-tire-d-ailes\/travail-et-allaitement-le-temoignage-de-celine-3\/#primaryimage","url":"https:\/\/www.lactissima.com\/a-tire-d-ailes\/wp-content\/uploads\/2013\/04\/allaitement-C\u00e9line.jpg","contentUrl":"https:\/\/www.lactissima.com\/a-tire-d-ailes\/wp-content\/uploads\/2013\/04\/allaitement-C\u00e9line.jpg","width":1536,"height":2048},{"@type":"BreadcrumbList","@id":"https:\/\/www.lactissima.com\/a-tire-d-ailes\/travail-et-allaitement-le-temoignage-de-celine-3\/#breadcrumb","itemListElement":[{"@type":"ListItem","position":1,"name":"Accueil","item":"https:\/\/www.lactissima.com\/a-tire-d-ailes\/"},{"@type":"ListItem","position":2,"name":"Travail et allaitement : le t\u00e9moignage de Celine"}]},{"@type":"WebSite","@id":"https:\/\/www.lactissima.com\/a-tire-d-ailes\/#website","url":"https:\/\/www.lactissima.com\/a-tire-d-ailes\/","name":"A tire d&#039;Ailes","description":"Le blog des femmes qui allaitent et travaillent.","potentialAction":[{"@type":"SearchAction","target":{"@type":"EntryPoint","urlTemplate":"https:\/\/www.lactissima.com\/a-tire-d-ailes\/?s={search_term_string}"},"query-input":{"@type":"PropertyValueSpecification","valueRequired":true,"valueName":"search_term_string"}}],"inLanguage":"fr-FR"},{"@type":"Person","@id":"https:\/\/www.lactissima.com\/a-tire-d-ailes\/#\/schema\/person\/8f98d3a89530861bc1240e6d53d44eed","name":"V\u00e9ronique Darmangeat","image":{"@type":"ImageObject","inLanguage":"fr-FR","@id":"https:\/\/secure.gravatar.com\/avatar\/268c99344c89cebfe4f5df5fa8be43068a18884fc76a29f3206fae98465b9cab?s=96&d=identicon&r=g","url":"https:\/\/secure.gravatar.com\/avatar\/268c99344c89cebfe4f5df5fa8be43068a18884fc76a29f3206fae98465b9cab?s=96&d=identicon&r=g","contentUrl":"https:\/\/secure.gravatar.com\/avatar\/268c99344c89cebfe4f5df5fa8be43068a18884fc76a29f3206fae98465b9cab?s=96&d=identicon&r=g","caption":"V\u00e9ronique Darmangeat"},"sameAs":["https:\/\/www.lactissima.com\/a-tire-d-ailes","www.facebook.com\/consultante.en.lactation"]}]}},"_links":{"self":[{"href":"https:\/\/www.lactissima.com\/a-tire-d-ailes\/wp-json\/wp\/v2\/posts\/3888","targetHints":{"allow":["GET"]}}],"collection":[{"href":"https:\/\/www.lactissima.com\/a-tire-d-ailes\/wp-json\/wp\/v2\/posts"}],"about":[{"href":"https:\/\/www.lactissima.com\/a-tire-d-ailes\/wp-json\/wp\/v2\/types\/post"}],"author":[{"embeddable":true,"href":"https:\/\/www.lactissima.com\/a-tire-d-ailes\/wp-json\/wp\/v2\/users\/170"}],"replies":[{"embeddable":true,"href":"https:\/\/www.lactissima.com\/a-tire-d-ailes\/wp-json\/wp\/v2\/comments?post=3888"}],"version-history":[{"count":15,"href":"https:\/\/www.lactissima.com\/a-tire-d-ailes\/wp-json\/wp\/v2\/posts\/3888\/revisions"}],"predecessor-version":[{"id":5195,"href":"https:\/\/www.lactissima.com\/a-tire-d-ailes\/wp-json\/wp\/v2\/posts\/3888\/revisions\/5195"}],"wp:featuredmedia":[{"embeddable":true,"href":"https:\/\/www.lactissima.com\/a-tire-d-ailes\/wp-json\/wp\/v2\/media\/3889"}],"wp:attachment":[{"href":"https:\/\/www.lactissima.com\/a-tire-d-ailes\/wp-json\/wp\/v2\/media?parent=3888"}],"wp:term":[{"taxonomy":"category","embeddable":true,"href":"https:\/\/www.lactissima.com\/a-tire-d-ailes\/wp-json\/wp\/v2\/categories?post=3888"},{"taxonomy":"post_tag","embeddable":true,"href":"https:\/\/www.lactissima.com\/a-tire-d-ailes\/wp-json\/wp\/v2\/tags?post=3888"}],"curies":[{"name":"wp","href":"https:\/\/api.w.org\/{rel}","templated":true}]}}