{"id":3876,"date":"2013-04-17T19:30:48","date_gmt":"2013-04-17T17:30:48","guid":{"rendered":"https:\/\/www.lactissima.com\/a-tire-d-ailes\/?p=3876"},"modified":"2025-01-20T10:30:11","modified_gmt":"2025-01-20T09:30:11","slug":"la-revue-de-presse-da-tire-dailes-28","status":"publish","type":"post","link":"https:\/\/www.lactissima.com\/a-tire-d-ailes\/la-revue-de-presse-da-tire-dailes-28\/","title":{"rendered":"La revue de presse d&rsquo;A tire d&rsquo;Ailes (28)"},"content":{"rendered":"<p style=\"text-align: justify;\"><a href=\"https:\/\/www.lactissima.com\/a-tire-d-ailes\/wp-content\/uploads\/journal.jpg\"><img loading=\"lazy\" decoding=\"async\" class=\"alignright size-medium wp-image-3483\" alt=\"revue de presse\" src=\"https:\/\/www.lactissima.com\/a-tire-d-ailes\/wp-content\/uploads\/journal-231x300.jpg\" width=\"231\" height=\"300\" srcset=\"https:\/\/www.lactissima.com\/a-tire-d-ailes\/wp-content\/uploads\/journal-231x300.jpg 231w, https:\/\/www.lactissima.com\/a-tire-d-ailes\/wp-content\/uploads\/journal.jpg 336w\" sizes=\"(max-width: 231px) 100vw, 231px\" \/><\/a>L<strong>&lsquo;actualit\u00e9 allaitement<\/strong> du mois \u00e9coul\u00e9 :<\/p>\n<p style=\"text-align: justify;\">&#8211; Mon dernier livre est paru :<em> L&rsquo;allaitement malin<\/em>, aux \u00e9ditions Leduc.s. Il s&rsquo;agit d&rsquo;un livre complet sur l&rsquo;allaitement de la grossesse au sevrage mettant l&rsquo;accent sur tous les choix possibles pour les parents pour que chaque famille puisse faire \u00e0 tout moment le choix qui lui convient.<\/p>\n<p style=\"text-align: justify;\">&#8211; J&rsquo;ai lu <a href=\"http:\/\/www.amazon.fr\/Les-200-astuces-Maman-travaille\/dp\/2848996145\/ref=sr_1_1?ie=UTF8&amp;qid=1366218264&amp;sr=8-1&amp;keywords=marl%C3%A8ne+schiappa\" target=\"_blank\" rel=\"noopener\"><em>Les 200 astuces de Maman Travaille<\/em><\/a> de Marl\u00e8ne Schiappa. Et dedans on y parle allaitement et travail !<\/p>\n<p style=\"text-align: justify;\">&#8211; Un tr\u00e8s bon article sur les<a href=\"http:\/\/www.ncbi.nlm.nih.gov\/pmc\/articles\/PMC2812877\/\" target=\"_blank\" rel=\"noopener\"> risques du non allaitement<\/a> pour la m\u00e8re et l&rsquo;enfant dans Reviews in obstetrics and gynecology.<\/p>\n<p style=\"text-align: justify;\">&#8211; Maman Eprouvette nous r\u00e9gale toujours :<\/p>\n<ul style=\"text-align: justify;\">\n<li><span style=\"line-height: 13px;\"><a href=\"http:\/\/www.mamaneprouvette.com\/2013\/03\/accouchement-allaitement-et-bacteries.html\" target=\"_blank\" rel=\"noopener\">Accouchement, allaitement et bact\u00e9ries&#8230;<\/a><br \/>\n<\/span><\/li>\n<li><a href=\"http:\/\/www.mamaneprouvette.com\/2012\/02\/lallaitement-et-le-risque-de-carie.html\" target=\"_blank\" rel=\"noopener\">L&rsquo;allaitement et le risque de carie dentaire<\/a><\/li>\n<li><a href=\"http:\/\/www.mamaneprouvette.com\/2013\/04\/question-de-la-semaine-comment-les.html\" target=\"_blank\" rel=\"noopener\">Comment les prot\u00e9ines du lait de vache peuvent-elles passer dans le lait maternel ?<\/a><\/li>\n<li><a href=\"http:\/\/www.mamaneprouvette.com\/2013\/04\/question-de-la-semaine-le-violet-de.html\" target=\"_blank\" rel=\"noopener\">Le violet de gentiane est-il s\u00e9curitaire ?<\/a><\/li>\n<li><a href=\"http:\/\/www.mamaneprouvette.com\/2013\/04\/question-de-la-semaine-le-lait-maternel.html\" target=\"_blank\" rel=\"noopener\">Le lait maternel contient-il des cellules souches ?<\/a><\/li>\n<\/ul>\n<p style=\"text-align: justify;\">&#8211; Un article qui confirme l&rsquo;int\u00e9r\u00eat du tirage combin\u00e9 dont je vous ai d\u00e9j\u00e0 parl\u00e9.<\/p>\n<p style=\"text-align: justify;\">&#8211; Le r\u00e9seau p\u00e9rinat du Languedoc Roussillon a mis au point de bons documents pour la reprise du travail et l&rsquo;allaitement.<\/p>\n<p style=\"text-align: justify;\">&#8211; Mamanana nous parle de l&rsquo;allaitement dans les livres pour enfant.<\/p>\n<p style=\"text-align: justify;\">&#8211; Une tr\u00e8s bonne interview d&rsquo;un chirurgien dentiste sur allaitement et sant\u00e9 bucco-dentaire.<\/p>\n<p style=\"text-align: justify;\">&#8211; Un tr\u00e8s bon article en anglais sur travail et allaitement.<\/p>\n<p style=\"text-align: justify;\">&#8211; Une \u00e9tude montrant que l&rsquo;allaitement r\u00e9duit consid\u00e9rablement le risque de septic\u00e9mie.<\/p>\n<p style=\"text-align: justify;\">&#8211; Mes coll\u00e8gues canadiennes \u00e9crivent sur l&rsquo;\u00e9volution de <a href=\"http:\/\/bienvivrelallaitement.wordpress.com\/2013\/04\/16\/levolution-de-lallaitement-a-la-demande\/\" target=\"_blank\" rel=\"noopener\">l&rsquo;allaitement \u00e0 la demande<\/a>.<\/p>\n<p style=\"text-align: justify;\">&#8211; Enfin, une page Facebook extraordinaire montrant des <a href=\"https:\/\/www.facebook.com\/PhotosHistoriquesAllaitement\" target=\"_blank\" rel=\"noopener\">images historiques d&rsquo;allaitement<\/a>.<\/p>\n<p style=\"text-align: justify;\">Bonne <strong>lecture<\/strong> ! Et surtout, n&rsquo;h\u00e9sitez pas \u00e0 nous faire <strong>partager<\/strong> vos d\u00e9couvertes <\/p>\n<p style=\"text-align: justify;\"><strong>Articles en rapport : <\/strong><\/p>\n<p style=\"text-align: justify;\">Voir l&rsquo;onglet <a title=\"Revues de presse\" href=\"https:\/\/www.lactissima.com\/a-tire-d-ailes\/revues-de-presse\/\" target=\"_blank\" rel=\"noopener\">Revues de presse<\/a>.<\/p>\n<p style=\"text-align: justify;\">\n","protected":false},"excerpt":{"rendered":"<p>Une actualit\u00e9 riche de 2 nouveaux livres, des \u00e9tudes passionnantes et de tr\u00e8s bons articles.<\/p>\n","protected":false},"author":170,"featured_media":3483,"comment_status":"open","ping_status":"open","sticky":false,"template":"","format":"standard","meta":{"_et_pb_use_builder":"","_et_pb_old_content":"","_et_gb_content_width":"","footnotes":""},"categories":[242],"tags":[468,465,466,469,459,467,470,471,472,463,71],"class_list":["post-3876","post","type-post","status-publish","format-standard","has-post-thumbnail","hentry","category-revue-de-presse","tag-allaitement-et-sante-bucco-dentaire","tag-images-historiques-dallaitement","tag-lallaitement-a-la-demande","tag-lallaitement-dans-les-livres-pour-enfant","tag-lallaitement-malin","tag-lallaitement-reduit-considerablement-le-risque-de-septicemie","tag-la-reprise-du-travail-et-lallaitement","tag-les-200-astuces-de-maman-travaille","tag-risques-du-non-allaitement","tag-tirage-combine","tag-travail-et-allaitement"],"yoast_head":"<!-- This site is optimized with the Yoast SEO plugin v27.4 - https:\/\/yoast.com\/product\/yoast-seo-wordpress\/ -->\n<title>La revue de presse d&#039;A tire d&#039;Ailes (28)<\/title>\n<meta name=\"description\" content=\"Une actualit\u00e9 riche de 2 nouveaux livres, des \u00e9tudes passionnantes et de tr\u00e8s bons articles.\" \/>\n<meta name=\"robots\" content=\"index, follow, max-snippet:-1, max-image-preview:large, max-video-preview:-1\" \/>\n<link rel=\"canonical\" href=\"https:\/\/www.lactissima.com\/a-tire-d-ailes\/la-revue-de-presse-da-tire-dailes-28\/\" \/>\n<meta property=\"og:locale\" content=\"fr_FR\" \/>\n<meta property=\"og:type\" content=\"article\" \/>\n<meta property=\"og:title\" content=\"La revue de presse d&#039;A tire d&#039;Ailes (28)\" \/>\n<meta property=\"og:description\" content=\"Une actualit\u00e9 riche de 2 nouveaux livres, des \u00e9tudes passionnantes et de tr\u00e8s bons articles.\" \/>\n<meta property=\"og:url\" content=\"https:\/\/www.lactissima.com\/a-tire-d-ailes\/la-revue-de-presse-da-tire-dailes-28\/\" \/>\n<meta property=\"og:site_name\" content=\"A tire d&#039;Ailes\" \/>\n<meta property=\"article:publisher\" content=\"https:\/\/www.facebook.com\/consultante.en.lactation\" \/>\n<meta property=\"article:author\" content=\"www.facebook.com\/consultante.en.lactation\" \/>\n<meta property=\"article:published_time\" content=\"2013-04-17T17:30:48+00:00\" \/>\n<meta property=\"article:modified_time\" content=\"2025-01-20T09:30:11+00:00\" \/>\n<meta property=\"og:image\" content=\"https:\/\/www.lactissima.com\/a-tire-d-ailes\/wp-content\/uploads\/journal.jpg\" \/>\n\t<meta property=\"og:image:width\" content=\"336\" \/>\n\t<meta property=\"og:image:height\" content=\"436\" \/>\n\t<meta property=\"og:image:type\" content=\"image\/jpeg\" \/>\n<meta name=\"author\" content=\"V\u00e9ronique Darmangeat\" \/>\n<meta name=\"twitter:card\" content=\"summary_large_image\" \/>\n<meta name=\"twitter:creator\" content=\"@VeroniqueIBCLC\" \/>\n<meta name=\"twitter:site\" content=\"@VeroniqueIBCLC\" \/>\n<meta name=\"twitter:label1\" content=\"\u00c9crit par\" \/>\n\t<meta name=\"twitter:data1\" content=\"V\u00e9ronique Darmangeat\" \/>\n\t<meta name=\"twitter:label2\" content=\"Dur\u00e9e de lecture estim\u00e9e\" \/>\n\t<meta name=\"twitter:data2\" content=\"1 minute\" \/>\n<script type=\"application\/ld+json\" class=\"yoast-schema-graph\">{\"@context\":\"https:\\\/\\\/schema.org\",\"@graph\":[{\"@type\":\"Article\",\"@id\":\"https:\\\/\\\/www.lactissima.com\\\/a-tire-d-ailes\\\/la-revue-de-presse-da-tire-dailes-28\\\/#article\",\"isPartOf\":{\"@id\":\"https:\\\/\\\/www.lactissima.com\\\/a-tire-d-ailes\\\/la-revue-de-presse-da-tire-dailes-28\\\/\"},\"author\":{\"name\":\"V\u00e9ronique Darmangeat\",\"@id\":\"https:\\\/\\\/www.lactissima.com\\\/a-tire-d-ailes\\\/#\\\/schema\\\/person\\\/8f98d3a89530861bc1240e6d53d44eed\"},\"headline\":\"La revue de presse d&rsquo;A tire d&rsquo;Ailes (28)\",\"datePublished\":\"2013-04-17T17:30:48+00:00\",\"dateModified\":\"2025-01-20T09:30:11+00:00\",\"mainEntityOfPage\":{\"@id\":\"https:\\\/\\\/www.lactissima.com\\\/a-tire-d-ailes\\\/la-revue-de-presse-da-tire-dailes-28\\\/\"},\"wordCount\":308,\"commentCount\":0,\"image\":{\"@id\":\"https:\\\/\\\/www.lactissima.com\\\/a-tire-d-ailes\\\/la-revue-de-presse-da-tire-dailes-28\\\/#primaryimage\"},\"thumbnailUrl\":\"https:\\\/\\\/www.lactissima.com\\\/a-tire-d-ailes\\\/wp-content\\\/uploads\\\/journal.jpg\",\"keywords\":[\"allaitement et sant\u00e9 bucco-dentaire\",\"images historiques d'allaitement\",\"l'allaitement \u00e0 la demande\",\"l'allaitement dans les livres pour enfant\",\"l'allaitement malin\",\"l'allaitement r\u00e9duit consid\u00e9rablement le risque de septic\u00e9mie\",\"la reprise du travail et l'allaitement\",\"Les 200 astuces de Maman Travaille\",\"risques du non allaitement\",\"tirage combin\u00e9\",\"travail et allaitement\"],\"articleSection\":[\"Revue de presse\"],\"inLanguage\":\"fr-FR\",\"potentialAction\":[{\"@type\":\"CommentAction\",\"name\":\"Comment\",\"target\":[\"https:\\\/\\\/www.lactissima.com\\\/a-tire-d-ailes\\\/la-revue-de-presse-da-tire-dailes-28\\\/#respond\"]}]},{\"@type\":\"WebPage\",\"@id\":\"https:\\\/\\\/www.lactissima.com\\\/a-tire-d-ailes\\\/la-revue-de-presse-da-tire-dailes-28\\\/\",\"url\":\"https:\\\/\\\/www.lactissima.com\\\/a-tire-d-ailes\\\/la-revue-de-presse-da-tire-dailes-28\\\/\",\"name\":\"La revue de presse d'A tire d'Ailes (28)\",\"isPartOf\":{\"@id\":\"https:\\\/\\\/www.lactissima.com\\\/a-tire-d-ailes\\\/#website\"},\"primaryImageOfPage\":{\"@id\":\"https:\\\/\\\/www.lactissima.com\\\/a-tire-d-ailes\\\/la-revue-de-presse-da-tire-dailes-28\\\/#primaryimage\"},\"image\":{\"@id\":\"https:\\\/\\\/www.lactissima.com\\\/a-tire-d-ailes\\\/la-revue-de-presse-da-tire-dailes-28\\\/#primaryimage\"},\"thumbnailUrl\":\"https:\\\/\\\/www.lactissima.com\\\/a-tire-d-ailes\\\/wp-content\\\/uploads\\\/journal.jpg\",\"datePublished\":\"2013-04-17T17:30:48+00:00\",\"dateModified\":\"2025-01-20T09:30:11+00:00\",\"author\":{\"@id\":\"https:\\\/\\\/www.lactissima.com\\\/a-tire-d-ailes\\\/#\\\/schema\\\/person\\\/8f98d3a89530861bc1240e6d53d44eed\"},\"description\":\"Une actualit\u00e9 riche de 2 nouveaux livres, des \u00e9tudes passionnantes et de tr\u00e8s bons articles.\",\"breadcrumb\":{\"@id\":\"https:\\\/\\\/www.lactissima.com\\\/a-tire-d-ailes\\\/la-revue-de-presse-da-tire-dailes-28\\\/#breadcrumb\"},\"inLanguage\":\"fr-FR\",\"potentialAction\":[{\"@type\":\"ReadAction\",\"target\":[\"https:\\\/\\\/www.lactissima.com\\\/a-tire-d-ailes\\\/la-revue-de-presse-da-tire-dailes-28\\\/\"]}]},{\"@type\":\"ImageObject\",\"inLanguage\":\"fr-FR\",\"@id\":\"https:\\\/\\\/www.lactissima.com\\\/a-tire-d-ailes\\\/la-revue-de-presse-da-tire-dailes-28\\\/#primaryimage\",\"url\":\"https:\\\/\\\/www.lactissima.com\\\/a-tire-d-ailes\\\/wp-content\\\/uploads\\\/journal.jpg\",\"contentUrl\":\"https:\\\/\\\/www.lactissima.com\\\/a-tire-d-ailes\\\/wp-content\\\/uploads\\\/journal.jpg\",\"width\":\"336\",\"height\":\"436\"},{\"@type\":\"BreadcrumbList\",\"@id\":\"https:\\\/\\\/www.lactissima.com\\\/a-tire-d-ailes\\\/la-revue-de-presse-da-tire-dailes-28\\\/#breadcrumb\",\"itemListElement\":[{\"@type\":\"ListItem\",\"position\":1,\"name\":\"Accueil\",\"item\":\"https:\\\/\\\/www.lactissima.com\\\/a-tire-d-ailes\\\/\"},{\"@type\":\"ListItem\",\"position\":2,\"name\":\"La revue de presse d&rsquo;A tire d&rsquo;Ailes (28)\"}]},{\"@type\":\"WebSite\",\"@id\":\"https:\\\/\\\/www.lactissima.com\\\/a-tire-d-ailes\\\/#website\",\"url\":\"https:\\\/\\\/www.lactissima.com\\\/a-tire-d-ailes\\\/\",\"name\":\"A tire d&#039;Ailes\",\"description\":\"Le blog des femmes qui allaitent et travaillent.\",\"potentialAction\":[{\"@type\":\"SearchAction\",\"target\":{\"@type\":\"EntryPoint\",\"urlTemplate\":\"https:\\\/\\\/www.lactissima.com\\\/a-tire-d-ailes\\\/?s={search_term_string}\"},\"query-input\":{\"@type\":\"PropertyValueSpecification\",\"valueRequired\":true,\"valueName\":\"search_term_string\"}}],\"inLanguage\":\"fr-FR\"},{\"@type\":\"Person\",\"@id\":\"https:\\\/\\\/www.lactissima.com\\\/a-tire-d-ailes\\\/#\\\/schema\\\/person\\\/8f98d3a89530861bc1240e6d53d44eed\",\"name\":\"V\u00e9ronique Darmangeat\",\"image\":{\"@type\":\"ImageObject\",\"inLanguage\":\"fr-FR\",\"@id\":\"https:\\\/\\\/secure.gravatar.com\\\/avatar\\\/268c99344c89cebfe4f5df5fa8be43068a18884fc76a29f3206fae98465b9cab?s=96&d=identicon&r=g\",\"url\":\"https:\\\/\\\/secure.gravatar.com\\\/avatar\\\/268c99344c89cebfe4f5df5fa8be43068a18884fc76a29f3206fae98465b9cab?s=96&d=identicon&r=g\",\"contentUrl\":\"https:\\\/\\\/secure.gravatar.com\\\/avatar\\\/268c99344c89cebfe4f5df5fa8be43068a18884fc76a29f3206fae98465b9cab?s=96&d=identicon&r=g\",\"caption\":\"V\u00e9ronique Darmangeat\"},\"sameAs\":[\"https:\\\/\\\/www.lactissima.com\\\/a-tire-d-ailes\",\"www.facebook.com\\\/consultante.en.lactation\"]}]}<\/script>\n<!-- \/ Yoast SEO plugin. -->","yoast_head_json":{"title":"La revue de presse d'A tire d'Ailes (28)","description":"Une actualit\u00e9 riche de 2 nouveaux livres, des \u00e9tudes passionnantes et de tr\u00e8s bons articles.","robots":{"index":"index","follow":"follow","max-snippet":"max-snippet:-1","max-image-preview":"max-image-preview:large","max-video-preview":"max-video-preview:-1"},"canonical":"https:\/\/www.lactissima.com\/a-tire-d-ailes\/la-revue-de-presse-da-tire-dailes-28\/","og_locale":"fr_FR","og_type":"article","og_title":"La revue de presse d'A tire d'Ailes (28)","og_description":"Une actualit\u00e9 riche de 2 nouveaux livres, des \u00e9tudes passionnantes et de tr\u00e8s bons articles.","og_url":"https:\/\/www.lactissima.com\/a-tire-d-ailes\/la-revue-de-presse-da-tire-dailes-28\/","og_site_name":"A tire d&#039;Ailes","article_publisher":"https:\/\/www.facebook.com\/consultante.en.lactation","article_author":"www.facebook.com\/consultante.en.lactation","article_published_time":"2013-04-17T17:30:48+00:00","article_modified_time":"2025-01-20T09:30:11+00:00","og_image":[{"width":336,"height":436,"url":"https:\/\/www.lactissima.com\/a-tire-d-ailes\/wp-content\/uploads\/journal.jpg","type":"image\/jpeg"}],"author":"V\u00e9ronique Darmangeat","twitter_card":"summary_large_image","twitter_creator":"@VeroniqueIBCLC","twitter_site":"@VeroniqueIBCLC","twitter_misc":{"\u00c9crit par":"V\u00e9ronique Darmangeat","Dur\u00e9e de lecture estim\u00e9e":"1 minute"},"schema":{"@context":"https:\/\/schema.org","@graph":[{"@type":"Article","@id":"https:\/\/www.lactissima.com\/a-tire-d-ailes\/la-revue-de-presse-da-tire-dailes-28\/#article","isPartOf":{"@id":"https:\/\/www.lactissima.com\/a-tire-d-ailes\/la-revue-de-presse-da-tire-dailes-28\/"},"author":{"name":"V\u00e9ronique Darmangeat","@id":"https:\/\/www.lactissima.com\/a-tire-d-ailes\/#\/schema\/person\/8f98d3a89530861bc1240e6d53d44eed"},"headline":"La revue de presse d&rsquo;A tire d&rsquo;Ailes (28)","datePublished":"2013-04-17T17:30:48+00:00","dateModified":"2025-01-20T09:30:11+00:00","mainEntityOfPage":{"@id":"https:\/\/www.lactissima.com\/a-tire-d-ailes\/la-revue-de-presse-da-tire-dailes-28\/"},"wordCount":308,"commentCount":0,"image":{"@id":"https:\/\/www.lactissima.com\/a-tire-d-ailes\/la-revue-de-presse-da-tire-dailes-28\/#primaryimage"},"thumbnailUrl":"https:\/\/www.lactissima.com\/a-tire-d-ailes\/wp-content\/uploads\/journal.jpg","keywords":["allaitement et sant\u00e9 bucco-dentaire","images historiques d'allaitement","l'allaitement \u00e0 la demande","l'allaitement dans les livres pour enfant","l'allaitement malin","l'allaitement r\u00e9duit consid\u00e9rablement le risque de septic\u00e9mie","la reprise du travail et l'allaitement","Les 200 astuces de Maman Travaille","risques du non allaitement","tirage combin\u00e9","travail et allaitement"],"articleSection":["Revue de presse"],"inLanguage":"fr-FR","potentialAction":[{"@type":"CommentAction","name":"Comment","target":["https:\/\/www.lactissima.com\/a-tire-d-ailes\/la-revue-de-presse-da-tire-dailes-28\/#respond"]}]},{"@type":"WebPage","@id":"https:\/\/www.lactissima.com\/a-tire-d-ailes\/la-revue-de-presse-da-tire-dailes-28\/","url":"https:\/\/www.lactissima.com\/a-tire-d-ailes\/la-revue-de-presse-da-tire-dailes-28\/","name":"La revue de presse d'A tire d'Ailes (28)","isPartOf":{"@id":"https:\/\/www.lactissima.com\/a-tire-d-ailes\/#website"},"primaryImageOfPage":{"@id":"https:\/\/www.lactissima.com\/a-tire-d-ailes\/la-revue-de-presse-da-tire-dailes-28\/#primaryimage"},"image":{"@id":"https:\/\/www.lactissima.com\/a-tire-d-ailes\/la-revue-de-presse-da-tire-dailes-28\/#primaryimage"},"thumbnailUrl":"https:\/\/www.lactissima.com\/a-tire-d-ailes\/wp-content\/uploads\/journal.jpg","datePublished":"2013-04-17T17:30:48+00:00","dateModified":"2025-01-20T09:30:11+00:00","author":{"@id":"https:\/\/www.lactissima.com\/a-tire-d-ailes\/#\/schema\/person\/8f98d3a89530861bc1240e6d53d44eed"},"description":"Une actualit\u00e9 riche de 2 nouveaux livres, des \u00e9tudes passionnantes et de tr\u00e8s bons articles.","breadcrumb":{"@id":"https:\/\/www.lactissima.com\/a-tire-d-ailes\/la-revue-de-presse-da-tire-dailes-28\/#breadcrumb"},"inLanguage":"fr-FR","potentialAction":[{"@type":"ReadAction","target":["https:\/\/www.lactissima.com\/a-tire-d-ailes\/la-revue-de-presse-da-tire-dailes-28\/"]}]},{"@type":"ImageObject","inLanguage":"fr-FR","@id":"https:\/\/www.lactissima.com\/a-tire-d-ailes\/la-revue-de-presse-da-tire-dailes-28\/#primaryimage","url":"https:\/\/www.lactissima.com\/a-tire-d-ailes\/wp-content\/uploads\/journal.jpg","contentUrl":"https:\/\/www.lactissima.com\/a-tire-d-ailes\/wp-content\/uploads\/journal.jpg","width":"336","height":"436"},{"@type":"BreadcrumbList","@id":"https:\/\/www.lactissima.com\/a-tire-d-ailes\/la-revue-de-presse-da-tire-dailes-28\/#breadcrumb","itemListElement":[{"@type":"ListItem","position":1,"name":"Accueil","item":"https:\/\/www.lactissima.com\/a-tire-d-ailes\/"},{"@type":"ListItem","position":2,"name":"La revue de presse d&rsquo;A tire d&rsquo;Ailes (28)"}]},{"@type":"WebSite","@id":"https:\/\/www.lactissima.com\/a-tire-d-ailes\/#website","url":"https:\/\/www.lactissima.com\/a-tire-d-ailes\/","name":"A tire d&#039;Ailes","description":"Le blog des femmes qui allaitent et travaillent.","potentialAction":[{"@type":"SearchAction","target":{"@type":"EntryPoint","urlTemplate":"https:\/\/www.lactissima.com\/a-tire-d-ailes\/?s={search_term_string}"},"query-input":{"@type":"PropertyValueSpecification","valueRequired":true,"valueName":"search_term_string"}}],"inLanguage":"fr-FR"},{"@type":"Person","@id":"https:\/\/www.lactissima.com\/a-tire-d-ailes\/#\/schema\/person\/8f98d3a89530861bc1240e6d53d44eed","name":"V\u00e9ronique Darmangeat","image":{"@type":"ImageObject","inLanguage":"fr-FR","@id":"https:\/\/secure.gravatar.com\/avatar\/268c99344c89cebfe4f5df5fa8be43068a18884fc76a29f3206fae98465b9cab?s=96&d=identicon&r=g","url":"https:\/\/secure.gravatar.com\/avatar\/268c99344c89cebfe4f5df5fa8be43068a18884fc76a29f3206fae98465b9cab?s=96&d=identicon&r=g","contentUrl":"https:\/\/secure.gravatar.com\/avatar\/268c99344c89cebfe4f5df5fa8be43068a18884fc76a29f3206fae98465b9cab?s=96&d=identicon&r=g","caption":"V\u00e9ronique Darmangeat"},"sameAs":["https:\/\/www.lactissima.com\/a-tire-d-ailes","www.facebook.com\/consultante.en.lactation"]}]}},"_links":{"self":[{"href":"https:\/\/www.lactissima.com\/a-tire-d-ailes\/wp-json\/wp\/v2\/posts\/3876","targetHints":{"allow":["GET"]}}],"collection":[{"href":"https:\/\/www.lactissima.com\/a-tire-d-ailes\/wp-json\/wp\/v2\/posts"}],"about":[{"href":"https:\/\/www.lactissima.com\/a-tire-d-ailes\/wp-json\/wp\/v2\/types\/post"}],"author":[{"embeddable":true,"href":"https:\/\/www.lactissima.com\/a-tire-d-ailes\/wp-json\/wp\/v2\/users\/170"}],"replies":[{"embeddable":true,"href":"https:\/\/www.lactissima.com\/a-tire-d-ailes\/wp-json\/wp\/v2\/comments?post=3876"}],"version-history":[{"count":16,"href":"https:\/\/www.lactissima.com\/a-tire-d-ailes\/wp-json\/wp\/v2\/posts\/3876\/revisions"}],"predecessor-version":[{"id":9643,"href":"https:\/\/www.lactissima.com\/a-tire-d-ailes\/wp-json\/wp\/v2\/posts\/3876\/revisions\/9643"}],"wp:featuredmedia":[{"embeddable":true,"href":"https:\/\/www.lactissima.com\/a-tire-d-ailes\/wp-json\/wp\/v2\/media\/3483"}],"wp:attachment":[{"href":"https:\/\/www.lactissima.com\/a-tire-d-ailes\/wp-json\/wp\/v2\/media?parent=3876"}],"wp:term":[{"taxonomy":"category","embeddable":true,"href":"https:\/\/www.lactissima.com\/a-tire-d-ailes\/wp-json\/wp\/v2\/categories?post=3876"},{"taxonomy":"post_tag","embeddable":true,"href":"https:\/\/www.lactissima.com\/a-tire-d-ailes\/wp-json\/wp\/v2\/tags?post=3876"}],"curies":[{"name":"wp","href":"https:\/\/api.w.org\/{rel}","templated":true}]}}