{"id":3814,"date":"2013-03-12T19:28:14","date_gmt":"2013-03-12T17:28:14","guid":{"rendered":"https:\/\/www.lactissima.com\/a-tire-d-ailes\/?p=3814"},"modified":"2013-07-20T17:59:19","modified_gmt":"2013-07-20T15:59:19","slug":"coup-de-pouce-pour-une-enquete","status":"publish","type":"post","link":"https:\/\/www.lactissima.com\/a-tire-d-ailes\/coup-de-pouce-pour-une-enquete\/","title":{"rendered":"Coup de pouce pour une enqu\u00eate"},"content":{"rendered":"<p style=\"text-align: justify;\">Aujourd&rsquo;hui je vous propose d&rsquo;aider Emeline qui fait un m\u00e9moire sur la reprise du travail et l&rsquo;allaitement.<\/p>\n<p style=\"text-align: justify;\">Voici son message :<\/p>\n<p style=\"text-align: justify;\">Bonjour \u00e0 tous,<\/p>\n<p style=\"text-align: justify;\">Dans le cadre de l&rsquo;obtention du dipl\u00f4me interuniversitaire \u00c2\u00ab Lactation humaine et allaitement maternel \u00c2\u00bb, je r\u00e9alise un m\u00e9moire dans le sujet est \u00c2\u00ab Reprise du travail et allaitement maternel \u00c2\u00bb.<br \/>\nJ&rsquo;ai besoin de votre participation pour enrichir mon \u00e9tude.<\/p>\n<p style=\"text-align: justify;\">Pour r\u00e9pondre \u00e0 mon enqu\u00eate, voici les conditions :<\/p>\n<p style=\"text-align: justify;\">\u00c2\u00b7 allaiter ou avoir allait\u00e9 son enfant \u00e0 la reprise de travail<br \/>\n\u00c2\u00b7 cet enfant doit voir \u00e0 ce jour moins de sept ans<\/p>\n<p style=\"text-align: justify;\">Si vous avez v\u00e9cu cette exp\u00e9rience pour plusieurs enfants de la fratrie, je vous remercie de remplir 1 questionnaire par enfant.<\/p>\n<p style=\"text-align: justify;\">Si vous souhaitez conna\u00eetre les r\u00e9sultats de mon enqu\u00eate, envoyez-moi un mail \u00e0 sondagediulham@gmail.com. Je me ferai un plaisir de partager avec vous autour de l&rsquo;allaitement et vous remercie par avance du temps que vous acceptez de me consacrer.<\/p>\n<p style=\"text-align: justify;\">Cordialement.<\/p>\n<p style=\"text-align: justify;\">Emeline Falzon<\/p>\n<p style=\"text-align: justify;\">Veuillez trouver ci-dessous le lien permettant de remplir le formulaire :<br \/>\nhttp:\/\/www.oxiforms.com\/?D0zbx<\/p>\n<p>&nbsp;<\/p>\n","protected":false},"excerpt":{"rendered":"<p>Aujourd&rsquo;hui je vous propose d&rsquo;aider Emeline qui fait un m\u00e9moire sur la reprise du travail et l&rsquo;allaitement. Voici son message : Bonjour \u00e0 tous, Dans le cadre de l&rsquo;obtention du dipl\u00f4me interuniversitaire \u00c2\u00ab Lactation humaine et allaitement maternel \u00c2\u00bb, je r\u00e9alise un m\u00e9moire dans le sujet est \u00c2\u00ab Reprise du travail et allaitement maternel \u00c2\u00bb. [&hellip;]<\/p>\n","protected":false},"author":170,"featured_media":0,"comment_status":"open","ping_status":"open","sticky":false,"template":"","format":"standard","meta":{"_et_pb_use_builder":"","_et_pb_old_content":"","_et_gb_content_width":"","footnotes":""},"categories":[35],"tags":[],"class_list":["post-3814","post","type-post","status-publish","format-standard","hentry","category-allaitement"],"yoast_head":"<!-- This site is optimized with the Yoast SEO plugin v27.4 - https:\/\/yoast.com\/product\/yoast-seo-wordpress\/ -->\n<title>Coup de pouce pour une enqu\u00eate<\/title>\n<meta name=\"description\" content=\"Aujourd&#039;hui je vous propose d&#039;aider Emeline qui fait un m\u00e9moire sur la reprise du travail et l&#039;allaitement. Voici son message : Bonjour \u00e0 tous, Dans le\" \/>\n<meta name=\"robots\" content=\"index, follow, max-snippet:-1, max-image-preview:large, max-video-preview:-1\" \/>\n<link rel=\"canonical\" href=\"https:\/\/www.lactissima.com\/a-tire-d-ailes\/coup-de-pouce-pour-une-enquete\/\" \/>\n<meta property=\"og:locale\" content=\"fr_FR\" \/>\n<meta property=\"og:type\" content=\"article\" \/>\n<meta property=\"og:title\" content=\"Coup de pouce pour une enqu\u00eate\" \/>\n<meta property=\"og:description\" content=\"Aujourd&#039;hui je vous propose d&#039;aider Emeline qui fait un m\u00e9moire sur la reprise du travail et l&#039;allaitement. Voici son message : Bonjour \u00e0 tous, Dans le\" \/>\n<meta property=\"og:url\" content=\"https:\/\/www.lactissima.com\/a-tire-d-ailes\/coup-de-pouce-pour-une-enquete\/\" \/>\n<meta property=\"og:site_name\" content=\"A tire d&#039;Ailes\" \/>\n<meta property=\"article:publisher\" content=\"https:\/\/www.facebook.com\/consultante.en.lactation\" \/>\n<meta property=\"article:author\" content=\"www.facebook.com\/consultante.en.lactation\" \/>\n<meta property=\"article:published_time\" content=\"2013-03-12T17:28:14+00:00\" \/>\n<meta property=\"article:modified_time\" content=\"2013-07-20T15:59:19+00:00\" \/>\n<meta name=\"author\" content=\"V\u00e9ronique Darmangeat\" \/>\n<meta name=\"twitter:card\" content=\"summary_large_image\" \/>\n<meta name=\"twitter:creator\" content=\"@VeroniqueIBCLC\" \/>\n<meta name=\"twitter:site\" content=\"@VeroniqueIBCLC\" \/>\n<meta name=\"twitter:label1\" content=\"\u00c9crit par\" \/>\n\t<meta name=\"twitter:data1\" content=\"V\u00e9ronique Darmangeat\" \/>\n\t<meta name=\"twitter:label2\" content=\"Dur\u00e9e de lecture estim\u00e9e\" \/>\n\t<meta name=\"twitter:data2\" content=\"1 minute\" \/>\n<script type=\"application\/ld+json\" class=\"yoast-schema-graph\">{\"@context\":\"https:\\\/\\\/schema.org\",\"@graph\":[{\"@type\":\"Article\",\"@id\":\"https:\\\/\\\/www.lactissima.com\\\/a-tire-d-ailes\\\/coup-de-pouce-pour-une-enquete\\\/#article\",\"isPartOf\":{\"@id\":\"https:\\\/\\\/www.lactissima.com\\\/a-tire-d-ailes\\\/coup-de-pouce-pour-une-enquete\\\/\"},\"author\":{\"name\":\"V\u00e9ronique Darmangeat\",\"@id\":\"https:\\\/\\\/www.lactissima.com\\\/a-tire-d-ailes\\\/#\\\/schema\\\/person\\\/8f98d3a89530861bc1240e6d53d44eed\"},\"headline\":\"Coup de pouce pour une enqu\u00eate\",\"datePublished\":\"2013-03-12T17:28:14+00:00\",\"dateModified\":\"2013-07-20T15:59:19+00:00\",\"mainEntityOfPage\":{\"@id\":\"https:\\\/\\\/www.lactissima.com\\\/a-tire-d-ailes\\\/coup-de-pouce-pour-une-enquete\\\/\"},\"wordCount\":189,\"commentCount\":7,\"articleSection\":[\"Allaitement\"],\"inLanguage\":\"fr-FR\",\"potentialAction\":[{\"@type\":\"CommentAction\",\"name\":\"Comment\",\"target\":[\"https:\\\/\\\/www.lactissima.com\\\/a-tire-d-ailes\\\/coup-de-pouce-pour-une-enquete\\\/#respond\"]}]},{\"@type\":\"WebPage\",\"@id\":\"https:\\\/\\\/www.lactissima.com\\\/a-tire-d-ailes\\\/coup-de-pouce-pour-une-enquete\\\/\",\"url\":\"https:\\\/\\\/www.lactissima.com\\\/a-tire-d-ailes\\\/coup-de-pouce-pour-une-enquete\\\/\",\"name\":\"Coup de pouce pour une enqu\u00eate\",\"isPartOf\":{\"@id\":\"https:\\\/\\\/www.lactissima.com\\\/a-tire-d-ailes\\\/#website\"},\"datePublished\":\"2013-03-12T17:28:14+00:00\",\"dateModified\":\"2013-07-20T15:59:19+00:00\",\"author\":{\"@id\":\"https:\\\/\\\/www.lactissima.com\\\/a-tire-d-ailes\\\/#\\\/schema\\\/person\\\/8f98d3a89530861bc1240e6d53d44eed\"},\"description\":\"Aujourd'hui je vous propose d'aider Emeline qui fait un m\u00e9moire sur la reprise du travail et l'allaitement. Voici son message : Bonjour \u00e0 tous, Dans le\",\"breadcrumb\":{\"@id\":\"https:\\\/\\\/www.lactissima.com\\\/a-tire-d-ailes\\\/coup-de-pouce-pour-une-enquete\\\/#breadcrumb\"},\"inLanguage\":\"fr-FR\",\"potentialAction\":[{\"@type\":\"ReadAction\",\"target\":[\"https:\\\/\\\/www.lactissima.com\\\/a-tire-d-ailes\\\/coup-de-pouce-pour-une-enquete\\\/\"]}]},{\"@type\":\"BreadcrumbList\",\"@id\":\"https:\\\/\\\/www.lactissima.com\\\/a-tire-d-ailes\\\/coup-de-pouce-pour-une-enquete\\\/#breadcrumb\",\"itemListElement\":[{\"@type\":\"ListItem\",\"position\":1,\"name\":\"Accueil\",\"item\":\"https:\\\/\\\/www.lactissima.com\\\/a-tire-d-ailes\\\/\"},{\"@type\":\"ListItem\",\"position\":2,\"name\":\"Coup de pouce pour une enqu\u00eate\"}]},{\"@type\":\"WebSite\",\"@id\":\"https:\\\/\\\/www.lactissima.com\\\/a-tire-d-ailes\\\/#website\",\"url\":\"https:\\\/\\\/www.lactissima.com\\\/a-tire-d-ailes\\\/\",\"name\":\"A tire d&#039;Ailes\",\"description\":\"Le blog des femmes qui allaitent et travaillent.\",\"potentialAction\":[{\"@type\":\"SearchAction\",\"target\":{\"@type\":\"EntryPoint\",\"urlTemplate\":\"https:\\\/\\\/www.lactissima.com\\\/a-tire-d-ailes\\\/?s={search_term_string}\"},\"query-input\":{\"@type\":\"PropertyValueSpecification\",\"valueRequired\":true,\"valueName\":\"search_term_string\"}}],\"inLanguage\":\"fr-FR\"},{\"@type\":\"Person\",\"@id\":\"https:\\\/\\\/www.lactissima.com\\\/a-tire-d-ailes\\\/#\\\/schema\\\/person\\\/8f98d3a89530861bc1240e6d53d44eed\",\"name\":\"V\u00e9ronique Darmangeat\",\"image\":{\"@type\":\"ImageObject\",\"inLanguage\":\"fr-FR\",\"@id\":\"https:\\\/\\\/secure.gravatar.com\\\/avatar\\\/268c99344c89cebfe4f5df5fa8be43068a18884fc76a29f3206fae98465b9cab?s=96&d=identicon&r=g\",\"url\":\"https:\\\/\\\/secure.gravatar.com\\\/avatar\\\/268c99344c89cebfe4f5df5fa8be43068a18884fc76a29f3206fae98465b9cab?s=96&d=identicon&r=g\",\"contentUrl\":\"https:\\\/\\\/secure.gravatar.com\\\/avatar\\\/268c99344c89cebfe4f5df5fa8be43068a18884fc76a29f3206fae98465b9cab?s=96&d=identicon&r=g\",\"caption\":\"V\u00e9ronique Darmangeat\"},\"sameAs\":[\"https:\\\/\\\/www.lactissima.com\\\/a-tire-d-ailes\",\"www.facebook.com\\\/consultante.en.lactation\"]}]}<\/script>\n<!-- \/ Yoast SEO plugin. -->","yoast_head_json":{"title":"Coup de pouce pour une enqu\u00eate","description":"Aujourd'hui je vous propose d'aider Emeline qui fait un m\u00e9moire sur la reprise du travail et l'allaitement. Voici son message : Bonjour \u00e0 tous, Dans le","robots":{"index":"index","follow":"follow","max-snippet":"max-snippet:-1","max-image-preview":"max-image-preview:large","max-video-preview":"max-video-preview:-1"},"canonical":"https:\/\/www.lactissima.com\/a-tire-d-ailes\/coup-de-pouce-pour-une-enquete\/","og_locale":"fr_FR","og_type":"article","og_title":"Coup de pouce pour une enqu\u00eate","og_description":"Aujourd'hui je vous propose d'aider Emeline qui fait un m\u00e9moire sur la reprise du travail et l'allaitement. Voici son message : Bonjour \u00e0 tous, Dans le","og_url":"https:\/\/www.lactissima.com\/a-tire-d-ailes\/coup-de-pouce-pour-une-enquete\/","og_site_name":"A tire d&#039;Ailes","article_publisher":"https:\/\/www.facebook.com\/consultante.en.lactation","article_author":"www.facebook.com\/consultante.en.lactation","article_published_time":"2013-03-12T17:28:14+00:00","article_modified_time":"2013-07-20T15:59:19+00:00","author":"V\u00e9ronique Darmangeat","twitter_card":"summary_large_image","twitter_creator":"@VeroniqueIBCLC","twitter_site":"@VeroniqueIBCLC","twitter_misc":{"\u00c9crit par":"V\u00e9ronique Darmangeat","Dur\u00e9e de lecture estim\u00e9e":"1 minute"},"schema":{"@context":"https:\/\/schema.org","@graph":[{"@type":"Article","@id":"https:\/\/www.lactissima.com\/a-tire-d-ailes\/coup-de-pouce-pour-une-enquete\/#article","isPartOf":{"@id":"https:\/\/www.lactissima.com\/a-tire-d-ailes\/coup-de-pouce-pour-une-enquete\/"},"author":{"name":"V\u00e9ronique Darmangeat","@id":"https:\/\/www.lactissima.com\/a-tire-d-ailes\/#\/schema\/person\/8f98d3a89530861bc1240e6d53d44eed"},"headline":"Coup de pouce pour une enqu\u00eate","datePublished":"2013-03-12T17:28:14+00:00","dateModified":"2013-07-20T15:59:19+00:00","mainEntityOfPage":{"@id":"https:\/\/www.lactissima.com\/a-tire-d-ailes\/coup-de-pouce-pour-une-enquete\/"},"wordCount":189,"commentCount":7,"articleSection":["Allaitement"],"inLanguage":"fr-FR","potentialAction":[{"@type":"CommentAction","name":"Comment","target":["https:\/\/www.lactissima.com\/a-tire-d-ailes\/coup-de-pouce-pour-une-enquete\/#respond"]}]},{"@type":"WebPage","@id":"https:\/\/www.lactissima.com\/a-tire-d-ailes\/coup-de-pouce-pour-une-enquete\/","url":"https:\/\/www.lactissima.com\/a-tire-d-ailes\/coup-de-pouce-pour-une-enquete\/","name":"Coup de pouce pour une enqu\u00eate","isPartOf":{"@id":"https:\/\/www.lactissima.com\/a-tire-d-ailes\/#website"},"datePublished":"2013-03-12T17:28:14+00:00","dateModified":"2013-07-20T15:59:19+00:00","author":{"@id":"https:\/\/www.lactissima.com\/a-tire-d-ailes\/#\/schema\/person\/8f98d3a89530861bc1240e6d53d44eed"},"description":"Aujourd'hui je vous propose d'aider Emeline qui fait un m\u00e9moire sur la reprise du travail et l'allaitement. Voici son message : Bonjour \u00e0 tous, Dans le","breadcrumb":{"@id":"https:\/\/www.lactissima.com\/a-tire-d-ailes\/coup-de-pouce-pour-une-enquete\/#breadcrumb"},"inLanguage":"fr-FR","potentialAction":[{"@type":"ReadAction","target":["https:\/\/www.lactissima.com\/a-tire-d-ailes\/coup-de-pouce-pour-une-enquete\/"]}]},{"@type":"BreadcrumbList","@id":"https:\/\/www.lactissima.com\/a-tire-d-ailes\/coup-de-pouce-pour-une-enquete\/#breadcrumb","itemListElement":[{"@type":"ListItem","position":1,"name":"Accueil","item":"https:\/\/www.lactissima.com\/a-tire-d-ailes\/"},{"@type":"ListItem","position":2,"name":"Coup de pouce pour une enqu\u00eate"}]},{"@type":"WebSite","@id":"https:\/\/www.lactissima.com\/a-tire-d-ailes\/#website","url":"https:\/\/www.lactissima.com\/a-tire-d-ailes\/","name":"A tire d&#039;Ailes","description":"Le blog des femmes qui allaitent et travaillent.","potentialAction":[{"@type":"SearchAction","target":{"@type":"EntryPoint","urlTemplate":"https:\/\/www.lactissima.com\/a-tire-d-ailes\/?s={search_term_string}"},"query-input":{"@type":"PropertyValueSpecification","valueRequired":true,"valueName":"search_term_string"}}],"inLanguage":"fr-FR"},{"@type":"Person","@id":"https:\/\/www.lactissima.com\/a-tire-d-ailes\/#\/schema\/person\/8f98d3a89530861bc1240e6d53d44eed","name":"V\u00e9ronique Darmangeat","image":{"@type":"ImageObject","inLanguage":"fr-FR","@id":"https:\/\/secure.gravatar.com\/avatar\/268c99344c89cebfe4f5df5fa8be43068a18884fc76a29f3206fae98465b9cab?s=96&d=identicon&r=g","url":"https:\/\/secure.gravatar.com\/avatar\/268c99344c89cebfe4f5df5fa8be43068a18884fc76a29f3206fae98465b9cab?s=96&d=identicon&r=g","contentUrl":"https:\/\/secure.gravatar.com\/avatar\/268c99344c89cebfe4f5df5fa8be43068a18884fc76a29f3206fae98465b9cab?s=96&d=identicon&r=g","caption":"V\u00e9ronique Darmangeat"},"sameAs":["https:\/\/www.lactissima.com\/a-tire-d-ailes","www.facebook.com\/consultante.en.lactation"]}]}},"_links":{"self":[{"href":"https:\/\/www.lactissima.com\/a-tire-d-ailes\/wp-json\/wp\/v2\/posts\/3814","targetHints":{"allow":["GET"]}}],"collection":[{"href":"https:\/\/www.lactissima.com\/a-tire-d-ailes\/wp-json\/wp\/v2\/posts"}],"about":[{"href":"https:\/\/www.lactissima.com\/a-tire-d-ailes\/wp-json\/wp\/v2\/types\/post"}],"author":[{"embeddable":true,"href":"https:\/\/www.lactissima.com\/a-tire-d-ailes\/wp-json\/wp\/v2\/users\/170"}],"replies":[{"embeddable":true,"href":"https:\/\/www.lactissima.com\/a-tire-d-ailes\/wp-json\/wp\/v2\/comments?post=3814"}],"version-history":[{"count":3,"href":"https:\/\/www.lactissima.com\/a-tire-d-ailes\/wp-json\/wp\/v2\/posts\/3814\/revisions"}],"predecessor-version":[{"id":3816,"href":"https:\/\/www.lactissima.com\/a-tire-d-ailes\/wp-json\/wp\/v2\/posts\/3814\/revisions\/3816"}],"wp:attachment":[{"href":"https:\/\/www.lactissima.com\/a-tire-d-ailes\/wp-json\/wp\/v2\/media?parent=3814"}],"wp:term":[{"taxonomy":"category","embeddable":true,"href":"https:\/\/www.lactissima.com\/a-tire-d-ailes\/wp-json\/wp\/v2\/categories?post=3814"},{"taxonomy":"post_tag","embeddable":true,"href":"https:\/\/www.lactissima.com\/a-tire-d-ailes\/wp-json\/wp\/v2\/tags?post=3814"}],"curies":[{"name":"wp","href":"https:\/\/api.w.org\/{rel}","templated":true}]}}