{"id":3778,"date":"2013-03-02T09:30:20","date_gmt":"2013-03-02T07:30:20","guid":{"rendered":"https:\/\/www.lactissima.com\/a-tire-d-ailes\/?p=3778"},"modified":"2016-08-03T19:15:14","modified_gmt":"2016-08-03T17:15:14","slug":"ne-pas-utiliser-un-tire-lait","status":"publish","type":"post","link":"https:\/\/www.lactissima.com\/a-tire-d-ailes\/ne-pas-utiliser-un-tire-lait\/","title":{"rendered":"Hors de question d&rsquo;utiliser un tire-lait !"},"content":{"rendered":"<p style=\"text-align: justify;\"><a href=\"https:\/\/www.lactissima.com\/a-tire-d-ailes\/wp-content\/uploads\/2013\/03\/pas-de-tire-lait.jpg\"><img loading=\"lazy\" decoding=\"async\" class=\"alignright size-full wp-image-3781\" title=\"ne pas utiliser un tire-lait\" src=\"https:\/\/www.lactissima.com\/a-tire-d-ailes\/wp-content\/uploads\/2013\/03\/pas-de-tire-lait.jpg\" alt=\"ne pas utiliser un tire-lait\" width=\"240\" height=\"320\" srcset=\"https:\/\/www.lactissima.com\/a-tire-d-ailes\/wp-content\/uploads\/2013\/03\/pas-de-tire-lait.jpg 240w, https:\/\/www.lactissima.com\/a-tire-d-ailes\/wp-content\/uploads\/2013\/03\/pas-de-tire-lait-225x300.jpg 225w\" sizes=\"(max-width: 240px) 100vw, 240px\" \/><\/a>Vous souhaitez <strong>poursuivre l&rsquo;allaitement<\/strong> apr\u00e8s votre reprise du travail mais il est inenvisageable pour vous d&rsquo;utiliser un <a href=\"https:\/\/www.lactissima.com\/a-tire-d-ailes\/le-point-sur-les-tire-lait\/\" target=\"_blank\">tire-lait<\/a>. Vous n&rsquo;\u00eates pas la seule et sachez qu&rsquo;il existe diff\u00e9rentes solutions pour <span style=\"color: #333333;\"><a title=\"ne pas utiliser un tire-lait\" href=\"https:\/\/www.lactissima.com\/a-tire-d-ailes\/ne-pas-utiliser-un-tire-lait\/\"><span style=\"color: #333333;\">ne pas utiliser un tire-lait<\/span><\/a><\/span> \u00e0 la reprise du travail.<\/p>\n<p style=\"text-align: justify;\">Si vous souhaitez que votre b\u00e9b\u00e9 continue \u00e0 \u00eatre nourri uniquement avec votre lait, vous avez peut-\u00eatre la chance qu&rsquo;il soit accueilli dans une cr\u00e8che situ\u00e9e dans votre entreprise. Vous pouvez ainsi aller l&rsquo;allaiter quand il en a besoin. Cette situation est relativement rare mais elle existe et avec le d\u00e9veloppement des<strong> cr\u00e8ches d&rsquo;entreprise<\/strong> risque d&rsquo;\u00eatre plus fr\u00e9quente.<\/p>\n<p style=\"text-align: justify;\">Si votre b\u00e9b\u00e9 est gard\u00e9 pr\u00e8s de votre lieu de travail, la personne qui le garde peut vous l&rsquo;amener pour des t\u00e9t\u00e9es sur votre lieu de travail. Ce n&rsquo;est pas une solution qui convient \u00e0 tout le monde mais certaines femmes sont ravies de cette solution.<\/p>\n<p style=\"text-align: justify;\">Si ces deux situations ne font pas partie de votre quotidien, vous pouvez aussi envisager de <strong>tirer votre lait \u00e0 la main<\/strong>. L&rsquo;<a title=\"Tirer son lait de mani\u00e8re plus efficace.\" href=\"https:\/\/www.lactissima.com\/a-tire-d-ailes\/tirer-son-lait-de-maniere-plus-efficace\/\" target=\"_blank\">expression manuelle<\/a> est tr\u00e8s efficace et vous permet d&rsquo;obtenir autant de lait qu&rsquo;avec un tire-lait.<\/p>\n<p style=\"text-align: justify;\">Mais vous pouvez aussi envisager un <a href=\"https:\/\/www.lactissima.com\/a-tire-d-ailes\/reprise-du-travail-en-allaitement-mixte\/\" target=\"_blank\">allaitement mixte<\/a> : votre b\u00e9b\u00e9 t\u00e8te quand vous \u00eates avec lui et prend autre-chose quand vous \u00eates absente : pr\u00e9paration pour nourrisson ou solides selon son \u00e2ge. Cette solution est pl\u00e9biscit\u00e9e par de nombreuses mamans et peut durer autant que vous le souhaitez.<\/p>\n<p style=\"text-align: justify;\">Vous n&rsquo;\u00eates donc pas oblig\u00e9e de passer par la case tire-lait si vous reprenez le travail et souhaitez poursuivre l&rsquo;allaitement, pensez-y !<\/p>\n<p style=\"text-align: justify;\">Et <strong>vous<\/strong>, comment avez-vous fait pour vous passer de tire-lait ?<\/p>\n<p style=\"text-align: justify;\"><strong>Articles en rapport :<\/strong><\/p>\n<ul>\n<li style=\"text-align: justify;\"><a href=\"https:\/\/www.lactissima.com\/a-tire-d-ailes\/reprise-du-travail-en-allaitement-mixte\/\" target=\"_blank\"><span style=\"line-height: 13px;\">Reprise du travail en allaitement mixte<\/span><\/a><\/li>\n<li style=\"text-align: justify;\"><a title=\"Tirer son lait de mani\u00e8re plus efficace.\" href=\"https:\/\/www.lactissima.com\/a-tire-d-ailes\/tirer-son-lait-de-maniere-plus-efficace\/\" target=\"_blank\">Tirer son lait de mani\u00e8re plus efficace.<\/a><\/li>\n<li style=\"text-align: justify;\"><a href=\"https:\/\/www.lactissima.com\/a-tire-d-ailes\/jai-oublie-mon-tire-lait\/\" target=\"_blank\">J&rsquo;ai oubli\u00e9 mon tire-lait !<\/a><\/li>\n<\/ul>\n<p>&nbsp;<\/p>\n","protected":false},"excerpt":{"rendered":"<p>Il n&rsquo;est pas absolument n\u00e9cessaire d&rsquo;utiliser un tire-lait lorsque l&rsquo;on souhaite poursuivre l&rsquo;allaitement \u00e0 la reprise du travail. Il existe diff\u00e9rentes solutions.<\/p>\n","protected":false},"author":170,"featured_media":3781,"comment_status":"open","ping_status":"open","sticky":false,"template":"","format":"standard","meta":{"_et_pb_use_builder":"","_et_pb_old_content":"","_et_gb_content_width":"","footnotes":""},"categories":[35,36,709,708],"tags":[89,450,57],"class_list":["post-3778","post","type-post","status-publish","format-standard","has-post-thumbnail","hentry","category-allaitement","category-allaitement-et-travail","category-allaitement-mixte","category-tirer-son-lait","tag-allaitement-mixte","tag-expression-manuelle","tag-tire-lait"],"yoast_head":"<!-- This site is optimized with the Yoast SEO plugin v27.4 - https:\/\/yoast.com\/product\/yoast-seo-wordpress\/ -->\n<title>ne pas utiliser un tire-lait<\/title>\n<meta name=\"description\" content=\"Il existe diff\u00e9rentes solutions pour ne pas utiliser un tire-lait \u00e0 la reprise du travail si l&#039;on souhaite poursuivre l&#039;allaitement.\" \/>\n<meta name=\"robots\" content=\"index, follow, max-snippet:-1, max-image-preview:large, max-video-preview:-1\" \/>\n<link rel=\"canonical\" href=\"https:\/\/www.lactissima.com\/a-tire-d-ailes\/ne-pas-utiliser-un-tire-lait\/\" \/>\n<meta property=\"og:locale\" content=\"fr_FR\" \/>\n<meta property=\"og:type\" content=\"article\" \/>\n<meta property=\"og:title\" content=\"ne pas utiliser un tire-lait\" \/>\n<meta property=\"og:description\" content=\"Il existe diff\u00e9rentes solutions pour ne pas utiliser un tire-lait \u00e0 la reprise du travail si l&#039;on souhaite poursuivre l&#039;allaitement.\" \/>\n<meta property=\"og:url\" content=\"https:\/\/www.lactissima.com\/a-tire-d-ailes\/ne-pas-utiliser-un-tire-lait\/\" \/>\n<meta property=\"og:site_name\" content=\"A tire d&#039;Ailes\" \/>\n<meta property=\"article:publisher\" content=\"https:\/\/www.facebook.com\/consultante.en.lactation\" \/>\n<meta property=\"article:author\" content=\"www.facebook.com\/consultante.en.lactation\" \/>\n<meta property=\"article:published_time\" content=\"2013-03-02T07:30:20+00:00\" \/>\n<meta property=\"article:modified_time\" content=\"2016-08-03T17:15:14+00:00\" \/>\n<meta property=\"og:image\" content=\"https:\/\/www.lactissima.com\/a-tire-d-ailes\/wp-content\/uploads\/2013\/03\/pas-de-tire-lait.jpg\" \/>\n\t<meta property=\"og:image:width\" content=\"240\" \/>\n\t<meta property=\"og:image:height\" content=\"320\" \/>\n\t<meta property=\"og:image:type\" content=\"image\/jpeg\" \/>\n<meta name=\"author\" content=\"V\u00e9ronique Darmangeat\" \/>\n<meta name=\"twitter:card\" content=\"summary_large_image\" \/>\n<meta name=\"twitter:creator\" content=\"@VeroniqueIBCLC\" \/>\n<meta name=\"twitter:site\" content=\"@VeroniqueIBCLC\" \/>\n<meta name=\"twitter:label1\" content=\"\u00c9crit par\" \/>\n\t<meta name=\"twitter:data1\" content=\"V\u00e9ronique Darmangeat\" \/>\n\t<meta name=\"twitter:label2\" content=\"Dur\u00e9e de lecture estim\u00e9e\" \/>\n\t<meta name=\"twitter:data2\" content=\"2 minutes\" \/>\n<script type=\"application\/ld+json\" class=\"yoast-schema-graph\">{\"@context\":\"https:\\\/\\\/schema.org\",\"@graph\":[{\"@type\":\"Article\",\"@id\":\"https:\\\/\\\/www.lactissima.com\\\/a-tire-d-ailes\\\/ne-pas-utiliser-un-tire-lait\\\/#article\",\"isPartOf\":{\"@id\":\"https:\\\/\\\/www.lactissima.com\\\/a-tire-d-ailes\\\/ne-pas-utiliser-un-tire-lait\\\/\"},\"author\":{\"name\":\"V\u00e9ronique Darmangeat\",\"@id\":\"https:\\\/\\\/www.lactissima.com\\\/a-tire-d-ailes\\\/#\\\/schema\\\/person\\\/8f98d3a89530861bc1240e6d53d44eed\"},\"headline\":\"Hors de question d&rsquo;utiliser un tire-lait !\",\"datePublished\":\"2013-03-02T07:30:20+00:00\",\"dateModified\":\"2016-08-03T17:15:14+00:00\",\"mainEntityOfPage\":{\"@id\":\"https:\\\/\\\/www.lactissima.com\\\/a-tire-d-ailes\\\/ne-pas-utiliser-un-tire-lait\\\/\"},\"wordCount\":320,\"commentCount\":19,\"image\":{\"@id\":\"https:\\\/\\\/www.lactissima.com\\\/a-tire-d-ailes\\\/ne-pas-utiliser-un-tire-lait\\\/#primaryimage\"},\"thumbnailUrl\":\"https:\\\/\\\/www.lactissima.com\\\/a-tire-d-ailes\\\/wp-content\\\/uploads\\\/2013\\\/03\\\/pas-de-tire-lait.jpg\",\"keywords\":[\"allaitement mixte\",\"expression manuelle\",\"tire-lait\"],\"articleSection\":[\"Allaitement\",\"Allaitement et Travail\",\"allaitement mixte\",\"Tirer son lait\"],\"inLanguage\":\"fr-FR\",\"potentialAction\":[{\"@type\":\"CommentAction\",\"name\":\"Comment\",\"target\":[\"https:\\\/\\\/www.lactissima.com\\\/a-tire-d-ailes\\\/ne-pas-utiliser-un-tire-lait\\\/#respond\"]}]},{\"@type\":\"WebPage\",\"@id\":\"https:\\\/\\\/www.lactissima.com\\\/a-tire-d-ailes\\\/ne-pas-utiliser-un-tire-lait\\\/\",\"url\":\"https:\\\/\\\/www.lactissima.com\\\/a-tire-d-ailes\\\/ne-pas-utiliser-un-tire-lait\\\/\",\"name\":\"ne pas utiliser un tire-lait\",\"isPartOf\":{\"@id\":\"https:\\\/\\\/www.lactissima.com\\\/a-tire-d-ailes\\\/#website\"},\"primaryImageOfPage\":{\"@id\":\"https:\\\/\\\/www.lactissima.com\\\/a-tire-d-ailes\\\/ne-pas-utiliser-un-tire-lait\\\/#primaryimage\"},\"image\":{\"@id\":\"https:\\\/\\\/www.lactissima.com\\\/a-tire-d-ailes\\\/ne-pas-utiliser-un-tire-lait\\\/#primaryimage\"},\"thumbnailUrl\":\"https:\\\/\\\/www.lactissima.com\\\/a-tire-d-ailes\\\/wp-content\\\/uploads\\\/2013\\\/03\\\/pas-de-tire-lait.jpg\",\"datePublished\":\"2013-03-02T07:30:20+00:00\",\"dateModified\":\"2016-08-03T17:15:14+00:00\",\"author\":{\"@id\":\"https:\\\/\\\/www.lactissima.com\\\/a-tire-d-ailes\\\/#\\\/schema\\\/person\\\/8f98d3a89530861bc1240e6d53d44eed\"},\"description\":\"Il existe diff\u00e9rentes solutions pour ne pas utiliser un tire-lait \u00e0 la reprise du travail si l'on souhaite poursuivre l'allaitement.\",\"breadcrumb\":{\"@id\":\"https:\\\/\\\/www.lactissima.com\\\/a-tire-d-ailes\\\/ne-pas-utiliser-un-tire-lait\\\/#breadcrumb\"},\"inLanguage\":\"fr-FR\",\"potentialAction\":[{\"@type\":\"ReadAction\",\"target\":[\"https:\\\/\\\/www.lactissima.com\\\/a-tire-d-ailes\\\/ne-pas-utiliser-un-tire-lait\\\/\"]}]},{\"@type\":\"ImageObject\",\"inLanguage\":\"fr-FR\",\"@id\":\"https:\\\/\\\/www.lactissima.com\\\/a-tire-d-ailes\\\/ne-pas-utiliser-un-tire-lait\\\/#primaryimage\",\"url\":\"https:\\\/\\\/www.lactissima.com\\\/a-tire-d-ailes\\\/wp-content\\\/uploads\\\/2013\\\/03\\\/pas-de-tire-lait.jpg\",\"contentUrl\":\"https:\\\/\\\/www.lactissima.com\\\/a-tire-d-ailes\\\/wp-content\\\/uploads\\\/2013\\\/03\\\/pas-de-tire-lait.jpg\",\"width\":240,\"height\":320},{\"@type\":\"BreadcrumbList\",\"@id\":\"https:\\\/\\\/www.lactissima.com\\\/a-tire-d-ailes\\\/ne-pas-utiliser-un-tire-lait\\\/#breadcrumb\",\"itemListElement\":[{\"@type\":\"ListItem\",\"position\":1,\"name\":\"Accueil\",\"item\":\"https:\\\/\\\/www.lactissima.com\\\/a-tire-d-ailes\\\/\"},{\"@type\":\"ListItem\",\"position\":2,\"name\":\"Hors de question d&rsquo;utiliser un tire-lait !\"}]},{\"@type\":\"WebSite\",\"@id\":\"https:\\\/\\\/www.lactissima.com\\\/a-tire-d-ailes\\\/#website\",\"url\":\"https:\\\/\\\/www.lactissima.com\\\/a-tire-d-ailes\\\/\",\"name\":\"A tire d&#039;Ailes\",\"description\":\"Le blog des femmes qui allaitent et travaillent.\",\"potentialAction\":[{\"@type\":\"SearchAction\",\"target\":{\"@type\":\"EntryPoint\",\"urlTemplate\":\"https:\\\/\\\/www.lactissima.com\\\/a-tire-d-ailes\\\/?s={search_term_string}\"},\"query-input\":{\"@type\":\"PropertyValueSpecification\",\"valueRequired\":true,\"valueName\":\"search_term_string\"}}],\"inLanguage\":\"fr-FR\"},{\"@type\":\"Person\",\"@id\":\"https:\\\/\\\/www.lactissima.com\\\/a-tire-d-ailes\\\/#\\\/schema\\\/person\\\/8f98d3a89530861bc1240e6d53d44eed\",\"name\":\"V\u00e9ronique Darmangeat\",\"image\":{\"@type\":\"ImageObject\",\"inLanguage\":\"fr-FR\",\"@id\":\"https:\\\/\\\/secure.gravatar.com\\\/avatar\\\/268c99344c89cebfe4f5df5fa8be43068a18884fc76a29f3206fae98465b9cab?s=96&d=identicon&r=g\",\"url\":\"https:\\\/\\\/secure.gravatar.com\\\/avatar\\\/268c99344c89cebfe4f5df5fa8be43068a18884fc76a29f3206fae98465b9cab?s=96&d=identicon&r=g\",\"contentUrl\":\"https:\\\/\\\/secure.gravatar.com\\\/avatar\\\/268c99344c89cebfe4f5df5fa8be43068a18884fc76a29f3206fae98465b9cab?s=96&d=identicon&r=g\",\"caption\":\"V\u00e9ronique Darmangeat\"},\"sameAs\":[\"https:\\\/\\\/www.lactissima.com\\\/a-tire-d-ailes\",\"www.facebook.com\\\/consultante.en.lactation\"]}]}<\/script>\n<!-- \/ Yoast SEO plugin. -->","yoast_head_json":{"title":"ne pas utiliser un tire-lait","description":"Il existe diff\u00e9rentes solutions pour ne pas utiliser un tire-lait \u00e0 la reprise du travail si l'on souhaite poursuivre l'allaitement.","robots":{"index":"index","follow":"follow","max-snippet":"max-snippet:-1","max-image-preview":"max-image-preview:large","max-video-preview":"max-video-preview:-1"},"canonical":"https:\/\/www.lactissima.com\/a-tire-d-ailes\/ne-pas-utiliser-un-tire-lait\/","og_locale":"fr_FR","og_type":"article","og_title":"ne pas utiliser un tire-lait","og_description":"Il existe diff\u00e9rentes solutions pour ne pas utiliser un tire-lait \u00e0 la reprise du travail si l'on souhaite poursuivre l'allaitement.","og_url":"https:\/\/www.lactissima.com\/a-tire-d-ailes\/ne-pas-utiliser-un-tire-lait\/","og_site_name":"A tire d&#039;Ailes","article_publisher":"https:\/\/www.facebook.com\/consultante.en.lactation","article_author":"www.facebook.com\/consultante.en.lactation","article_published_time":"2013-03-02T07:30:20+00:00","article_modified_time":"2016-08-03T17:15:14+00:00","og_image":[{"width":240,"height":320,"url":"https:\/\/www.lactissima.com\/a-tire-d-ailes\/wp-content\/uploads\/2013\/03\/pas-de-tire-lait.jpg","type":"image\/jpeg"}],"author":"V\u00e9ronique Darmangeat","twitter_card":"summary_large_image","twitter_creator":"@VeroniqueIBCLC","twitter_site":"@VeroniqueIBCLC","twitter_misc":{"\u00c9crit par":"V\u00e9ronique Darmangeat","Dur\u00e9e de lecture estim\u00e9e":"2 minutes"},"schema":{"@context":"https:\/\/schema.org","@graph":[{"@type":"Article","@id":"https:\/\/www.lactissima.com\/a-tire-d-ailes\/ne-pas-utiliser-un-tire-lait\/#article","isPartOf":{"@id":"https:\/\/www.lactissima.com\/a-tire-d-ailes\/ne-pas-utiliser-un-tire-lait\/"},"author":{"name":"V\u00e9ronique Darmangeat","@id":"https:\/\/www.lactissima.com\/a-tire-d-ailes\/#\/schema\/person\/8f98d3a89530861bc1240e6d53d44eed"},"headline":"Hors de question d&rsquo;utiliser un tire-lait !","datePublished":"2013-03-02T07:30:20+00:00","dateModified":"2016-08-03T17:15:14+00:00","mainEntityOfPage":{"@id":"https:\/\/www.lactissima.com\/a-tire-d-ailes\/ne-pas-utiliser-un-tire-lait\/"},"wordCount":320,"commentCount":19,"image":{"@id":"https:\/\/www.lactissima.com\/a-tire-d-ailes\/ne-pas-utiliser-un-tire-lait\/#primaryimage"},"thumbnailUrl":"https:\/\/www.lactissima.com\/a-tire-d-ailes\/wp-content\/uploads\/2013\/03\/pas-de-tire-lait.jpg","keywords":["allaitement mixte","expression manuelle","tire-lait"],"articleSection":["Allaitement","Allaitement et Travail","allaitement mixte","Tirer son lait"],"inLanguage":"fr-FR","potentialAction":[{"@type":"CommentAction","name":"Comment","target":["https:\/\/www.lactissima.com\/a-tire-d-ailes\/ne-pas-utiliser-un-tire-lait\/#respond"]}]},{"@type":"WebPage","@id":"https:\/\/www.lactissima.com\/a-tire-d-ailes\/ne-pas-utiliser-un-tire-lait\/","url":"https:\/\/www.lactissima.com\/a-tire-d-ailes\/ne-pas-utiliser-un-tire-lait\/","name":"ne pas utiliser un tire-lait","isPartOf":{"@id":"https:\/\/www.lactissima.com\/a-tire-d-ailes\/#website"},"primaryImageOfPage":{"@id":"https:\/\/www.lactissima.com\/a-tire-d-ailes\/ne-pas-utiliser-un-tire-lait\/#primaryimage"},"image":{"@id":"https:\/\/www.lactissima.com\/a-tire-d-ailes\/ne-pas-utiliser-un-tire-lait\/#primaryimage"},"thumbnailUrl":"https:\/\/www.lactissima.com\/a-tire-d-ailes\/wp-content\/uploads\/2013\/03\/pas-de-tire-lait.jpg","datePublished":"2013-03-02T07:30:20+00:00","dateModified":"2016-08-03T17:15:14+00:00","author":{"@id":"https:\/\/www.lactissima.com\/a-tire-d-ailes\/#\/schema\/person\/8f98d3a89530861bc1240e6d53d44eed"},"description":"Il existe diff\u00e9rentes solutions pour ne pas utiliser un tire-lait \u00e0 la reprise du travail si l'on souhaite poursuivre l'allaitement.","breadcrumb":{"@id":"https:\/\/www.lactissima.com\/a-tire-d-ailes\/ne-pas-utiliser-un-tire-lait\/#breadcrumb"},"inLanguage":"fr-FR","potentialAction":[{"@type":"ReadAction","target":["https:\/\/www.lactissima.com\/a-tire-d-ailes\/ne-pas-utiliser-un-tire-lait\/"]}]},{"@type":"ImageObject","inLanguage":"fr-FR","@id":"https:\/\/www.lactissima.com\/a-tire-d-ailes\/ne-pas-utiliser-un-tire-lait\/#primaryimage","url":"https:\/\/www.lactissima.com\/a-tire-d-ailes\/wp-content\/uploads\/2013\/03\/pas-de-tire-lait.jpg","contentUrl":"https:\/\/www.lactissima.com\/a-tire-d-ailes\/wp-content\/uploads\/2013\/03\/pas-de-tire-lait.jpg","width":240,"height":320},{"@type":"BreadcrumbList","@id":"https:\/\/www.lactissima.com\/a-tire-d-ailes\/ne-pas-utiliser-un-tire-lait\/#breadcrumb","itemListElement":[{"@type":"ListItem","position":1,"name":"Accueil","item":"https:\/\/www.lactissima.com\/a-tire-d-ailes\/"},{"@type":"ListItem","position":2,"name":"Hors de question d&rsquo;utiliser un tire-lait !"}]},{"@type":"WebSite","@id":"https:\/\/www.lactissima.com\/a-tire-d-ailes\/#website","url":"https:\/\/www.lactissima.com\/a-tire-d-ailes\/","name":"A tire d&#039;Ailes","description":"Le blog des femmes qui allaitent et travaillent.","potentialAction":[{"@type":"SearchAction","target":{"@type":"EntryPoint","urlTemplate":"https:\/\/www.lactissima.com\/a-tire-d-ailes\/?s={search_term_string}"},"query-input":{"@type":"PropertyValueSpecification","valueRequired":true,"valueName":"search_term_string"}}],"inLanguage":"fr-FR"},{"@type":"Person","@id":"https:\/\/www.lactissima.com\/a-tire-d-ailes\/#\/schema\/person\/8f98d3a89530861bc1240e6d53d44eed","name":"V\u00e9ronique Darmangeat","image":{"@type":"ImageObject","inLanguage":"fr-FR","@id":"https:\/\/secure.gravatar.com\/avatar\/268c99344c89cebfe4f5df5fa8be43068a18884fc76a29f3206fae98465b9cab?s=96&d=identicon&r=g","url":"https:\/\/secure.gravatar.com\/avatar\/268c99344c89cebfe4f5df5fa8be43068a18884fc76a29f3206fae98465b9cab?s=96&d=identicon&r=g","contentUrl":"https:\/\/secure.gravatar.com\/avatar\/268c99344c89cebfe4f5df5fa8be43068a18884fc76a29f3206fae98465b9cab?s=96&d=identicon&r=g","caption":"V\u00e9ronique Darmangeat"},"sameAs":["https:\/\/www.lactissima.com\/a-tire-d-ailes","www.facebook.com\/consultante.en.lactation"]}]}},"_links":{"self":[{"href":"https:\/\/www.lactissima.com\/a-tire-d-ailes\/wp-json\/wp\/v2\/posts\/3778","targetHints":{"allow":["GET"]}}],"collection":[{"href":"https:\/\/www.lactissima.com\/a-tire-d-ailes\/wp-json\/wp\/v2\/posts"}],"about":[{"href":"https:\/\/www.lactissima.com\/a-tire-d-ailes\/wp-json\/wp\/v2\/types\/post"}],"author":[{"embeddable":true,"href":"https:\/\/www.lactissima.com\/a-tire-d-ailes\/wp-json\/wp\/v2\/users\/170"}],"replies":[{"embeddable":true,"href":"https:\/\/www.lactissima.com\/a-tire-d-ailes\/wp-json\/wp\/v2\/comments?post=3778"}],"version-history":[{"count":13,"href":"https:\/\/www.lactissima.com\/a-tire-d-ailes\/wp-json\/wp\/v2\/posts\/3778\/revisions"}],"predecessor-version":[{"id":6816,"href":"https:\/\/www.lactissima.com\/a-tire-d-ailes\/wp-json\/wp\/v2\/posts\/3778\/revisions\/6816"}],"wp:featuredmedia":[{"embeddable":true,"href":"https:\/\/www.lactissima.com\/a-tire-d-ailes\/wp-json\/wp\/v2\/media\/3781"}],"wp:attachment":[{"href":"https:\/\/www.lactissima.com\/a-tire-d-ailes\/wp-json\/wp\/v2\/media?parent=3778"}],"wp:term":[{"taxonomy":"category","embeddable":true,"href":"https:\/\/www.lactissima.com\/a-tire-d-ailes\/wp-json\/wp\/v2\/categories?post=3778"},{"taxonomy":"post_tag","embeddable":true,"href":"https:\/\/www.lactissima.com\/a-tire-d-ailes\/wp-json\/wp\/v2\/tags?post=3778"}],"curies":[{"name":"wp","href":"https:\/\/api.w.org\/{rel}","templated":true}]}}