{"id":3769,"date":"2013-02-22T20:46:22","date_gmt":"2013-02-22T18:46:22","guid":{"rendered":"https:\/\/www.lactissima.com\/a-tire-d-ailes\/?p=3769"},"modified":"2014-03-15T16:31:00","modified_gmt":"2014-03-15T14:31:00","slug":"travail-et-allaitement-le-temoignage-dangelique","status":"publish","type":"post","link":"https:\/\/www.lactissima.com\/a-tire-d-ailes\/travail-et-allaitement-le-temoignage-dangelique\/","title":{"rendered":"Travail et allaitement : le t\u00e9moignage d&rsquo;Ang\u00e9lique"},"content":{"rendered":"<p><strong><a href=\"https:\/\/www.lactissima.com\/a-tire-d-ailes\/wp-content\/uploads\/2013\/02\/travail-et-allaitement-Ang\u00e9lique.jpg\"><img loading=\"lazy\" decoding=\"async\" class=\"alignright size-full wp-image-3770\" alt=\"travail et allaitement\" src=\"https:\/\/www.lactissima.com\/a-tire-d-ailes\/wp-content\/uploads\/2013\/02\/travail-et-allaitement-Ang\u00e9lique.jpg\" width=\"235\" height=\"313\" srcset=\"https:\/\/www.lactissima.com\/a-tire-d-ailes\/wp-content\/uploads\/2013\/02\/travail-et-allaitement-Ang\u00e9lique.jpg 235w, https:\/\/www.lactissima.com\/a-tire-d-ailes\/wp-content\/uploads\/2013\/02\/travail-et-allaitement-Ang\u00e9lique-225x300.jpg 225w\" sizes=\"(max-width: 235px) 100vw, 235px\" \/><\/a><\/strong><strong><\/strong><\/p>\n<ul>\n<li style=\"text-align: justify;\"><strong>Quel choix avez-vous fait au moment de la reprise du travail : sevrage ou poursuite de l&rsquo;allaitement ? Pourquoi ?<\/strong><\/li>\n<\/ul>\n<p style=\"text-align: justify;\">Lorsque j&rsquo;ai repris le travail, ma fille (que nous appellerons Gussette) avait 3 mois \u00c2\u00bd. J&rsquo;avais pr\u00e9vu de la <a title=\"Choisir le sevrage \u00e0 la reprise du travail\" href=\"https:\/\/www.lactissima.com\/a-tire-d-ailes\/choisir-le-sevrage-a-la-reprise-du-travail\/\" target=\"_blank\">sevrer <\/a>car c&rsquo;\u00e9tait pour moi la seule m\u00e9thode envisageable. Mais le temps passant, je n&rsquo;arrivais pas \u00e0 me d\u00e9cider de tout arr\u00eater, j&rsquo;ai donc commenc\u00e9 \u00e0 poser des questions aux professionnels de la petite enfance.<\/p>\n<p style=\"text-align: justify;\">Ma sage-femme a \u00e9t\u00e9 tr\u00e8s \u00e9vasive, la pu\u00e9ricultrice de la PMI m&rsquo;a soutenue dans ce choix (je sais, c&rsquo;est rare, mais je suis tr\u00e8s contente des personnes que j&rsquo;ai vu en PMI) et m&rsquo;a conseill\u00e9e de privil\u00e9gier un allaitement mixte car moins fatigant, le p\u00e9diatre, lui, m&rsquo;a seulement dit : \u00c2\u00ab Vous n&rsquo;y arriverez pas \u00c2\u00bb. C&rsquo;est \u00e0 ce moment-l\u00e0 que je suis tomb\u00e9e sur ce blog (et que j&rsquo;ai chang\u00e9 de m\u00e9decin). Par ailleurs, j&rsquo;en avais aussi parl\u00e9 avec ma responsable qui m&rsquo;a encourag\u00e9e \u00e0 tirer mon lait. J&rsquo;ai donc d\u00e9cid\u00e9 de poursuivre en exclusif.<\/p>\n<p style=\"text-align: justify;\">La nounou n&rsquo;avait jamais fait cette exp\u00e9rience mais n&rsquo;y voyait pas d&rsquo;objection particuli\u00e8re, puisque ce n&rsquo;\u00e9tait pas plus compliqu\u00e9 pour elle que de faire un biberon de lait en poudre. L&rsquo;exp\u00e9rience lui a donn\u00e9 raison, bien qu&rsquo;elle a \u00e9t\u00e9 perturb\u00e9e par le fait que Gussette continue \u00e0 prendre des petits biberons tr\u00e8s rapproch\u00e9s pendant longtemps.<\/p>\n<p style=\"text-align: justify;\">Au final, Gussette a \u00e9t\u00e9 allait\u00e9e jusqu&rsquo;\u00e0 ses 6-7 mois car lui donner le sein devenait trop compliqu\u00e9, mais j&rsquo;aurais aim\u00e9 poursuivre encore longtemps.<\/p>\n<ul style=\"text-align: justify;\">\n<li><strong>Comment vous \u00eates-vous organis\u00e9e ?<\/strong><\/li>\n<\/ul>\n<p style=\"text-align: justify;\">La PMI m&rsquo;a fournie une ordonnance pour un double pompage, mais mon pharmacien, pas tr\u00e8s au fait, m&rsquo;a procur\u00e9 un Kitett. Je l&rsquo;ai tr\u00e8s vite ramen\u00e9 pour l&rsquo;\u00e9changer contre un <a title=\"Nouveaut\u00e9s tire-lait\" href=\"https:\/\/www.lactissima.com\/a-tire-d-ailes\/nouveautes-tire-lait\/\" target=\"_blank\">Medela Lactina<\/a>. Quoi qu&rsquo;il en soit je n&rsquo;arrivais pas \u00e0 tirer mon lait et j&rsquo;ai fait tr\u00e8s peu de<a title=\"Faire du stock de lait.\" href=\"https:\/\/www.lactissima.com\/a-tire-d-ailes\/faire-du-stock-de-lait\/\" target=\"_blank\"> stock au cong\u00e9lateur<\/a>.<\/p>\n<p style=\"text-align: justify;\">De plus, \u00e7a a \u00e9t\u00e9 plus compliqu\u00e9 que pr\u00e9vu. D\u00e8s le d\u00e9part mon allaitement a \u00e9t\u00e9 tr\u00e8s difficile, et 3 semaines avant la reprise, ma fille avait perdu du poids et j&rsquo;ai encore pass\u00e9 du temps \u00e0 relancer ma lactation, en vain.<\/p>\n<p style=\"text-align: justify;\">Le premier jour, je suis donc arriv\u00e9e chez l&rsquo;assistante maternelle avec ma Gussette, un tout petit biberon de lait maternel et une bo\u00eete de lait 1er \u00e2ge. J&rsquo;ai quand m\u00eame insist\u00e9 et j&rsquo;ai tir\u00e9 mon lait comme pr\u00e9vu. Au d\u00e9part je l&rsquo;ai fait plus souvent, d\u00e8s que mon emploi du temps le permettait, puis petit \u00e0 petit moins souvent, avec des r\u00e9sultats de plus en plus satisfaisants.<\/p>\n<p style=\"text-align: justify;\">Tous les matins, j&rsquo;apportais mon lait maternel (environ la moiti\u00e9 ou les 3\/4 des besoins pour la journ\u00e9e) et la nounou avait une bo\u00eete de lait en poudre pour compl\u00e9ter. Mes petites victoires furent les jours o\u00f9 ma fille a \u00e9t\u00e9 nourrie exclusivement au lait maternel. Finalement j&rsquo;ai fait un demi-mixte&#8230;<\/p>\n<p style=\"text-align: justify;\">Au boulot, l&rsquo;organisation s&rsquo;est faite d&rsquo;elle-m\u00eame. Je tirais mon lait \u00e0 la pause de midi et vers 15h30-16h. Je travaille en m\u00e9diath\u00e8que, je d\u00e9bauche donc assez tard, mais en dehors des heures d&rsquo;ouverture, j&rsquo;ai pu m&rsquo;organiser avec pas mal de fluidit\u00e9, en particulier la premi\u00e8re semaine o\u00f9 j&rsquo;ai tir\u00e9 plus souvent.<\/p>\n<p style=\"text-align: justify;\">Ma responsable \u00e9tant \u00c2\u00ab pour les b\u00e9b\u00e9s \u00c2\u00bb (comme elle dit), elle a largement particip\u00e9 \u00e0 la poursuite de cet allaitement. Elle a mis une pi\u00e8ce \u00e0 ma disposition et me rappelait r\u00e9guli\u00e8rement l&rsquo;heure de \u00c2\u00ab ma pause \u00c2\u00bb. L&rsquo;ambiance parmi les coll\u00e8gues \u00e9tait tout \u00e0 fait d\u00e9tendue. Ils savaient qu&rsquo;\u00e0 telle heure, je m&rsquo;\u00e9clipsais pour tirer mon lait et que la cuisine \u00e9tait inaccessible. J&rsquo;ai beaucoup appr\u00e9ci\u00e9 de me sentir soutenue sur mon lieu de travail.<\/p>\n<p style=\"text-align: justify;\">Je tirais dans la cuisine du personnel. C&rsquo;est une pi\u00e8ce aveugle et le tire-lait et loin d&rsquo;\u00eatre glamour, mais j&rsquo;en profitais pour bouquiner et me d\u00e9tendre, ce qui \u00e9tait aussi positif pour la qualit\u00e9 de mon travail.<\/p>\n<p style=\"text-align: justify;\">Le probl\u00e8me s&rsquo;est pos\u00e9 lorsque je me suis retrouv\u00e9e \u00e0 faire des permanences seule toute la journ\u00e9e. Je tirais mon lait le matin avant d&rsquo;ouvrir, puis \u00e0 la pause de midi, et malgr\u00e9 mes craintes, je n&rsquo;ai pas eu trop de soucis dans l&rsquo;apr\u00e8s-midi car l&rsquo;heure habituelle du tirage tombait sur une p\u00e9riode de rush et que de ne pas y penser a contribu\u00e9 \u00e0 \u00e9viter les douleurs.<\/p>\n<p style=\"text-align: justify;\">Le soir, <a title=\"T\u00e9t\u00e9e de retrouvailles\" href=\"https:\/\/www.lactissima.com\/a-tire-d-ailes\/tetee-de-retrouvailles\/\" target=\"_blank\">t\u00e9t\u00e9e de retrouvailles<\/a>, et un dernier tirage avant de me coucher pour compl\u00e9ter mon stock du jour. Les jours de repos, t\u00e9t\u00e9es \u00e0 la demande.<\/p>\n<p style=\"text-align: justify;\">J&rsquo;ai achet\u00e9 pour les d\u00e9placements une adorable glaci\u00e8re au rayon b\u00e9b\u00e9 du supermarch\u00e9, mais heureusement que mes temps de trajets \u00e9taient courts car je n&rsquo;ai jamais r\u00e9ussi \u00e0 trouver de bloc cong\u00e9lation en plein hiver !<\/p>\n<ul style=\"text-align: justify;\">\n<li><strong>Quelles ont \u00e9t\u00e9 vos principales difficult\u00e9s ?<\/strong><\/li>\n<\/ul>\n<p style=\"text-align: justify;\">Mes principales difficult\u00e9s, je les ai eu \u00e0 la maison. En semaine, j&rsquo;avais au moins la certitude que Gussette mangeait \u00e0 sa faim. Le compromis de la bo\u00eete de lait pour compl\u00e9ter mes ressources insuffisantes m&rsquo;a beaucoup d\u00e9tendue. Je savais que de toutes fa\u00e7ons, m\u00eame si ma fille n&rsquo;\u00e9tait pas allait\u00e9e \u00e0 100%, elle b\u00e9n\u00e9ficiait quand m\u00eame des protections apport\u00e9es par mon lait au maximum de ce que je pouvais lui apporter.<\/p>\n<p style=\"text-align: justify;\">Par contre, j&rsquo;ai eu \u00e0 faire avec beaucoup de <a title=\"Poursuivre l'allaitement apr\u00e8s la reprise du travail, vous avez dit fatigant ?\" href=\"https:\/\/www.lactissima.com\/a-tire-d-ailes\/poursuivre-lallaitement-apres-la-reprise-du-travail-vous-avez-dit-fatigant\/\" target=\"_blank\">fatigue <\/a>au d\u00e9but, non pas \u00e0 cause de l&rsquo;allaitement et du tirage, mais d&rsquo;une organisation tr\u00e8s chronom\u00e9tr\u00e9e \u00e0 la maison le matin et le soir qui s&rsquo;est assouplie avec le temps.<\/p>\n<ul style=\"text-align: justify;\">\n<li><strong>Quels ont \u00e9t\u00e9 vos meilleurs moments ?<\/strong><\/li>\n<\/ul>\n<p style=\"text-align: justify;\">Rien n&rsquo;est plus beau que de regarder son b\u00e9b\u00e9 s&rsquo;endormir au sein. Tant que Gussette a \u00e9t\u00e9 allait\u00e9e, c&rsquo;\u00e9tait le meilleur moyen de l&rsquo;endormir !<\/p>\n<ul style=\"text-align: justify;\">\n<li><strong>Qu&rsquo;est-ce que vous souhaiteriez dire aux mamans qui doivent faire un choix dans les semaines \u00e0 venir ?<\/strong><\/li>\n<\/ul>\n<p style=\"text-align: justify;\">D&rsquo;en parler, et de ne pas accepter un choix qui ne vous satisfait pas enti\u00e8rement. Et de farfouiller sur ce blog car il est plein de ressources pour prendre une d\u00e9cision \u00e9clair\u00e9e.<\/p>\n<ul style=\"text-align: justify;\">\n<li><strong>Ce serait \u00e0 refaire, vous referiez le m\u00eame choix ? Que changeriez-vous ?<\/strong><\/li>\n<\/ul>\n<p style=\"text-align: justify;\">Oui, \u00e0 coup s\u00fbr. Je le referai, et j&rsquo;essaierai d&rsquo;\u00e9viter les \u00e9cueils que j&rsquo;ai rencontr\u00e9s au cours de mon allaitement pour pouvoir poursuivre plus longtemps. J&rsquo;ai la chance que mon cadre de travail me permette de continuer facilement \u00e0 allaiter, alors pourquoi sevrer ?<\/p>\n<p style=\"text-align: justify;\"><strong>Articles en rapport :<\/strong><\/p>\n<ul>\n<li style=\"text-align: justify;\">Voir l&rsquo;onglet <a href=\"https:\/\/www.lactissima.com\/a-tire-d-ailes\/?page_id=1179\" target=\"_blank\">t\u00e9moignages<\/a><\/li>\n<\/ul>\n<p>&nbsp;<\/p>\n","protected":false},"excerpt":{"rendered":"<p>Ang\u00e9lique a repris le travail en maintenant un allaitement mixte : une partie de lait tir\u00e9, une partie de lait en poudre.<\/p>\n","protected":false},"author":170,"featured_media":3770,"comment_status":"open","ping_status":"open","sticky":false,"template":"","format":"standard","meta":{"_et_pb_use_builder":"","_et_pb_old_content":"","_et_gb_content_width":"","footnotes":""},"categories":[36,150],"tags":[51,447,138,448,449],"class_list":["post-3769","post","type-post","status-publish","format-standard","has-post-thumbnail","hentry","category-allaitement-et-travail","category-temoignages","tag-fatigue","tag-medela-lactina","tag-sevrer","tag-stock-au-congelateur","tag-tetee-de-retrouvailles"],"yoast_head":"<!-- This site is optimized with the Yoast SEO plugin v27.4 - https:\/\/yoast.com\/product\/yoast-seo-wordpress\/ -->\n<title>Travail et allaitement : le t\u00e9moignage d&#039;Ang\u00e9lique<\/title>\n<meta name=\"description\" content=\"Ang\u00e9lique a repris le travail en maintenant un allaitement mixte : une partie de lait tir\u00e9, une partie de lait en poudre.\" \/>\n<meta name=\"robots\" content=\"index, follow, max-snippet:-1, max-image-preview:large, max-video-preview:-1\" \/>\n<link rel=\"canonical\" href=\"https:\/\/www.lactissima.com\/a-tire-d-ailes\/travail-et-allaitement-le-temoignage-dangelique\/\" \/>\n<meta property=\"og:locale\" content=\"fr_FR\" \/>\n<meta property=\"og:type\" content=\"article\" \/>\n<meta property=\"og:title\" content=\"Travail et allaitement : le t\u00e9moignage d&#039;Ang\u00e9lique\" \/>\n<meta property=\"og:description\" content=\"Ang\u00e9lique a repris le travail en maintenant un allaitement mixte : une partie de lait tir\u00e9, une partie de lait en poudre.\" \/>\n<meta property=\"og:url\" content=\"https:\/\/www.lactissima.com\/a-tire-d-ailes\/travail-et-allaitement-le-temoignage-dangelique\/\" \/>\n<meta property=\"og:site_name\" content=\"A tire d&#039;Ailes\" \/>\n<meta property=\"article:publisher\" content=\"https:\/\/www.facebook.com\/consultante.en.lactation\" \/>\n<meta property=\"article:author\" content=\"www.facebook.com\/consultante.en.lactation\" \/>\n<meta property=\"article:published_time\" content=\"2013-02-22T18:46:22+00:00\" \/>\n<meta property=\"article:modified_time\" content=\"2014-03-15T14:31:00+00:00\" \/>\n<meta property=\"og:image\" content=\"https:\/\/www.lactissima.com\/a-tire-d-ailes\/wp-content\/uploads\/2013\/02\/travail-et-allaitement-Ang\u00e9lique.jpg\" \/>\n\t<meta property=\"og:image:width\" content=\"235\" \/>\n\t<meta property=\"og:image:height\" content=\"313\" \/>\n\t<meta property=\"og:image:type\" content=\"image\/jpeg\" \/>\n<meta name=\"author\" content=\"V\u00e9ronique Darmangeat\" \/>\n<meta name=\"twitter:card\" content=\"summary_large_image\" \/>\n<meta name=\"twitter:creator\" content=\"@VeroniqueIBCLC\" \/>\n<meta name=\"twitter:site\" content=\"@VeroniqueIBCLC\" \/>\n<meta name=\"twitter:label1\" content=\"\u00c9crit par\" \/>\n\t<meta name=\"twitter:data1\" content=\"V\u00e9ronique Darmangeat\" \/>\n\t<meta name=\"twitter:label2\" content=\"Dur\u00e9e de lecture estim\u00e9e\" \/>\n\t<meta name=\"twitter:data2\" content=\"5 minutes\" \/>\n<script type=\"application\/ld+json\" class=\"yoast-schema-graph\">{\"@context\":\"https:\\\/\\\/schema.org\",\"@graph\":[{\"@type\":\"Article\",\"@id\":\"https:\\\/\\\/www.lactissima.com\\\/a-tire-d-ailes\\\/travail-et-allaitement-le-temoignage-dangelique\\\/#article\",\"isPartOf\":{\"@id\":\"https:\\\/\\\/www.lactissima.com\\\/a-tire-d-ailes\\\/travail-et-allaitement-le-temoignage-dangelique\\\/\"},\"author\":{\"name\":\"V\u00e9ronique Darmangeat\",\"@id\":\"https:\\\/\\\/www.lactissima.com\\\/a-tire-d-ailes\\\/#\\\/schema\\\/person\\\/8f98d3a89530861bc1240e6d53d44eed\"},\"headline\":\"Travail et allaitement : le t\u00e9moignage d&rsquo;Ang\u00e9lique\",\"datePublished\":\"2013-02-22T18:46:22+00:00\",\"dateModified\":\"2014-03-15T14:31:00+00:00\",\"mainEntityOfPage\":{\"@id\":\"https:\\\/\\\/www.lactissima.com\\\/a-tire-d-ailes\\\/travail-et-allaitement-le-temoignage-dangelique\\\/\"},\"wordCount\":1159,\"commentCount\":5,\"image\":{\"@id\":\"https:\\\/\\\/www.lactissima.com\\\/a-tire-d-ailes\\\/travail-et-allaitement-le-temoignage-dangelique\\\/#primaryimage\"},\"thumbnailUrl\":\"https:\\\/\\\/www.lactissima.com\\\/a-tire-d-ailes\\\/wp-content\\\/uploads\\\/2013\\\/02\\\/travail-et-allaitement-Ang\u00e9lique.jpg\",\"keywords\":[\"fatigue\",\"Medela Lactina\",\"sevrer\",\"stock au cong\u00e9lateur\",\"t\u00e9t\u00e9e de retrouvailles\"],\"articleSection\":[\"Allaitement et Travail\",\"t\u00e9moignages\"],\"inLanguage\":\"fr-FR\",\"potentialAction\":[{\"@type\":\"CommentAction\",\"name\":\"Comment\",\"target\":[\"https:\\\/\\\/www.lactissima.com\\\/a-tire-d-ailes\\\/travail-et-allaitement-le-temoignage-dangelique\\\/#respond\"]}]},{\"@type\":\"WebPage\",\"@id\":\"https:\\\/\\\/www.lactissima.com\\\/a-tire-d-ailes\\\/travail-et-allaitement-le-temoignage-dangelique\\\/\",\"url\":\"https:\\\/\\\/www.lactissima.com\\\/a-tire-d-ailes\\\/travail-et-allaitement-le-temoignage-dangelique\\\/\",\"name\":\"Travail et allaitement : le t\u00e9moignage d'Ang\u00e9lique\",\"isPartOf\":{\"@id\":\"https:\\\/\\\/www.lactissima.com\\\/a-tire-d-ailes\\\/#website\"},\"primaryImageOfPage\":{\"@id\":\"https:\\\/\\\/www.lactissima.com\\\/a-tire-d-ailes\\\/travail-et-allaitement-le-temoignage-dangelique\\\/#primaryimage\"},\"image\":{\"@id\":\"https:\\\/\\\/www.lactissima.com\\\/a-tire-d-ailes\\\/travail-et-allaitement-le-temoignage-dangelique\\\/#primaryimage\"},\"thumbnailUrl\":\"https:\\\/\\\/www.lactissima.com\\\/a-tire-d-ailes\\\/wp-content\\\/uploads\\\/2013\\\/02\\\/travail-et-allaitement-Ang\u00e9lique.jpg\",\"datePublished\":\"2013-02-22T18:46:22+00:00\",\"dateModified\":\"2014-03-15T14:31:00+00:00\",\"author\":{\"@id\":\"https:\\\/\\\/www.lactissima.com\\\/a-tire-d-ailes\\\/#\\\/schema\\\/person\\\/8f98d3a89530861bc1240e6d53d44eed\"},\"description\":\"Ang\u00e9lique a repris le travail en maintenant un allaitement mixte : une partie de lait tir\u00e9, une partie de lait en poudre.\",\"breadcrumb\":{\"@id\":\"https:\\\/\\\/www.lactissima.com\\\/a-tire-d-ailes\\\/travail-et-allaitement-le-temoignage-dangelique\\\/#breadcrumb\"},\"inLanguage\":\"fr-FR\",\"potentialAction\":[{\"@type\":\"ReadAction\",\"target\":[\"https:\\\/\\\/www.lactissima.com\\\/a-tire-d-ailes\\\/travail-et-allaitement-le-temoignage-dangelique\\\/\"]}]},{\"@type\":\"ImageObject\",\"inLanguage\":\"fr-FR\",\"@id\":\"https:\\\/\\\/www.lactissima.com\\\/a-tire-d-ailes\\\/travail-et-allaitement-le-temoignage-dangelique\\\/#primaryimage\",\"url\":\"https:\\\/\\\/www.lactissima.com\\\/a-tire-d-ailes\\\/wp-content\\\/uploads\\\/2013\\\/02\\\/travail-et-allaitement-Ang\u00e9lique.jpg\",\"contentUrl\":\"https:\\\/\\\/www.lactissima.com\\\/a-tire-d-ailes\\\/wp-content\\\/uploads\\\/2013\\\/02\\\/travail-et-allaitement-Ang\u00e9lique.jpg\",\"width\":235,\"height\":313},{\"@type\":\"BreadcrumbList\",\"@id\":\"https:\\\/\\\/www.lactissima.com\\\/a-tire-d-ailes\\\/travail-et-allaitement-le-temoignage-dangelique\\\/#breadcrumb\",\"itemListElement\":[{\"@type\":\"ListItem\",\"position\":1,\"name\":\"Accueil\",\"item\":\"https:\\\/\\\/www.lactissima.com\\\/a-tire-d-ailes\\\/\"},{\"@type\":\"ListItem\",\"position\":2,\"name\":\"Travail et allaitement : le t\u00e9moignage d&rsquo;Ang\u00e9lique\"}]},{\"@type\":\"WebSite\",\"@id\":\"https:\\\/\\\/www.lactissima.com\\\/a-tire-d-ailes\\\/#website\",\"url\":\"https:\\\/\\\/www.lactissima.com\\\/a-tire-d-ailes\\\/\",\"name\":\"A tire d&#039;Ailes\",\"description\":\"Le blog des femmes qui allaitent et travaillent.\",\"potentialAction\":[{\"@type\":\"SearchAction\",\"target\":{\"@type\":\"EntryPoint\",\"urlTemplate\":\"https:\\\/\\\/www.lactissima.com\\\/a-tire-d-ailes\\\/?s={search_term_string}\"},\"query-input\":{\"@type\":\"PropertyValueSpecification\",\"valueRequired\":true,\"valueName\":\"search_term_string\"}}],\"inLanguage\":\"fr-FR\"},{\"@type\":\"Person\",\"@id\":\"https:\\\/\\\/www.lactissima.com\\\/a-tire-d-ailes\\\/#\\\/schema\\\/person\\\/8f98d3a89530861bc1240e6d53d44eed\",\"name\":\"V\u00e9ronique Darmangeat\",\"image\":{\"@type\":\"ImageObject\",\"inLanguage\":\"fr-FR\",\"@id\":\"https:\\\/\\\/secure.gravatar.com\\\/avatar\\\/268c99344c89cebfe4f5df5fa8be43068a18884fc76a29f3206fae98465b9cab?s=96&d=identicon&r=g\",\"url\":\"https:\\\/\\\/secure.gravatar.com\\\/avatar\\\/268c99344c89cebfe4f5df5fa8be43068a18884fc76a29f3206fae98465b9cab?s=96&d=identicon&r=g\",\"contentUrl\":\"https:\\\/\\\/secure.gravatar.com\\\/avatar\\\/268c99344c89cebfe4f5df5fa8be43068a18884fc76a29f3206fae98465b9cab?s=96&d=identicon&r=g\",\"caption\":\"V\u00e9ronique Darmangeat\"},\"sameAs\":[\"https:\\\/\\\/www.lactissima.com\\\/a-tire-d-ailes\",\"www.facebook.com\\\/consultante.en.lactation\"]}]}<\/script>\n<!-- \/ Yoast SEO plugin. -->","yoast_head_json":{"title":"Travail et allaitement : le t\u00e9moignage d'Ang\u00e9lique","description":"Ang\u00e9lique a repris le travail en maintenant un allaitement mixte : une partie de lait tir\u00e9, une partie de lait en poudre.","robots":{"index":"index","follow":"follow","max-snippet":"max-snippet:-1","max-image-preview":"max-image-preview:large","max-video-preview":"max-video-preview:-1"},"canonical":"https:\/\/www.lactissima.com\/a-tire-d-ailes\/travail-et-allaitement-le-temoignage-dangelique\/","og_locale":"fr_FR","og_type":"article","og_title":"Travail et allaitement : le t\u00e9moignage d'Ang\u00e9lique","og_description":"Ang\u00e9lique a repris le travail en maintenant un allaitement mixte : une partie de lait tir\u00e9, une partie de lait en poudre.","og_url":"https:\/\/www.lactissima.com\/a-tire-d-ailes\/travail-et-allaitement-le-temoignage-dangelique\/","og_site_name":"A tire d&#039;Ailes","article_publisher":"https:\/\/www.facebook.com\/consultante.en.lactation","article_author":"www.facebook.com\/consultante.en.lactation","article_published_time":"2013-02-22T18:46:22+00:00","article_modified_time":"2014-03-15T14:31:00+00:00","og_image":[{"width":235,"height":313,"url":"https:\/\/www.lactissima.com\/a-tire-d-ailes\/wp-content\/uploads\/2013\/02\/travail-et-allaitement-Ang\u00e9lique.jpg","type":"image\/jpeg"}],"author":"V\u00e9ronique Darmangeat","twitter_card":"summary_large_image","twitter_creator":"@VeroniqueIBCLC","twitter_site":"@VeroniqueIBCLC","twitter_misc":{"\u00c9crit par":"V\u00e9ronique Darmangeat","Dur\u00e9e de lecture estim\u00e9e":"5 minutes"},"schema":{"@context":"https:\/\/schema.org","@graph":[{"@type":"Article","@id":"https:\/\/www.lactissima.com\/a-tire-d-ailes\/travail-et-allaitement-le-temoignage-dangelique\/#article","isPartOf":{"@id":"https:\/\/www.lactissima.com\/a-tire-d-ailes\/travail-et-allaitement-le-temoignage-dangelique\/"},"author":{"name":"V\u00e9ronique Darmangeat","@id":"https:\/\/www.lactissima.com\/a-tire-d-ailes\/#\/schema\/person\/8f98d3a89530861bc1240e6d53d44eed"},"headline":"Travail et allaitement : le t\u00e9moignage d&rsquo;Ang\u00e9lique","datePublished":"2013-02-22T18:46:22+00:00","dateModified":"2014-03-15T14:31:00+00:00","mainEntityOfPage":{"@id":"https:\/\/www.lactissima.com\/a-tire-d-ailes\/travail-et-allaitement-le-temoignage-dangelique\/"},"wordCount":1159,"commentCount":5,"image":{"@id":"https:\/\/www.lactissima.com\/a-tire-d-ailes\/travail-et-allaitement-le-temoignage-dangelique\/#primaryimage"},"thumbnailUrl":"https:\/\/www.lactissima.com\/a-tire-d-ailes\/wp-content\/uploads\/2013\/02\/travail-et-allaitement-Ang\u00e9lique.jpg","keywords":["fatigue","Medela Lactina","sevrer","stock au cong\u00e9lateur","t\u00e9t\u00e9e de retrouvailles"],"articleSection":["Allaitement et Travail","t\u00e9moignages"],"inLanguage":"fr-FR","potentialAction":[{"@type":"CommentAction","name":"Comment","target":["https:\/\/www.lactissima.com\/a-tire-d-ailes\/travail-et-allaitement-le-temoignage-dangelique\/#respond"]}]},{"@type":"WebPage","@id":"https:\/\/www.lactissima.com\/a-tire-d-ailes\/travail-et-allaitement-le-temoignage-dangelique\/","url":"https:\/\/www.lactissima.com\/a-tire-d-ailes\/travail-et-allaitement-le-temoignage-dangelique\/","name":"Travail et allaitement : le t\u00e9moignage d'Ang\u00e9lique","isPartOf":{"@id":"https:\/\/www.lactissima.com\/a-tire-d-ailes\/#website"},"primaryImageOfPage":{"@id":"https:\/\/www.lactissima.com\/a-tire-d-ailes\/travail-et-allaitement-le-temoignage-dangelique\/#primaryimage"},"image":{"@id":"https:\/\/www.lactissima.com\/a-tire-d-ailes\/travail-et-allaitement-le-temoignage-dangelique\/#primaryimage"},"thumbnailUrl":"https:\/\/www.lactissima.com\/a-tire-d-ailes\/wp-content\/uploads\/2013\/02\/travail-et-allaitement-Ang\u00e9lique.jpg","datePublished":"2013-02-22T18:46:22+00:00","dateModified":"2014-03-15T14:31:00+00:00","author":{"@id":"https:\/\/www.lactissima.com\/a-tire-d-ailes\/#\/schema\/person\/8f98d3a89530861bc1240e6d53d44eed"},"description":"Ang\u00e9lique a repris le travail en maintenant un allaitement mixte : une partie de lait tir\u00e9, une partie de lait en poudre.","breadcrumb":{"@id":"https:\/\/www.lactissima.com\/a-tire-d-ailes\/travail-et-allaitement-le-temoignage-dangelique\/#breadcrumb"},"inLanguage":"fr-FR","potentialAction":[{"@type":"ReadAction","target":["https:\/\/www.lactissima.com\/a-tire-d-ailes\/travail-et-allaitement-le-temoignage-dangelique\/"]}]},{"@type":"ImageObject","inLanguage":"fr-FR","@id":"https:\/\/www.lactissima.com\/a-tire-d-ailes\/travail-et-allaitement-le-temoignage-dangelique\/#primaryimage","url":"https:\/\/www.lactissima.com\/a-tire-d-ailes\/wp-content\/uploads\/2013\/02\/travail-et-allaitement-Ang\u00e9lique.jpg","contentUrl":"https:\/\/www.lactissima.com\/a-tire-d-ailes\/wp-content\/uploads\/2013\/02\/travail-et-allaitement-Ang\u00e9lique.jpg","width":235,"height":313},{"@type":"BreadcrumbList","@id":"https:\/\/www.lactissima.com\/a-tire-d-ailes\/travail-et-allaitement-le-temoignage-dangelique\/#breadcrumb","itemListElement":[{"@type":"ListItem","position":1,"name":"Accueil","item":"https:\/\/www.lactissima.com\/a-tire-d-ailes\/"},{"@type":"ListItem","position":2,"name":"Travail et allaitement : le t\u00e9moignage d&rsquo;Ang\u00e9lique"}]},{"@type":"WebSite","@id":"https:\/\/www.lactissima.com\/a-tire-d-ailes\/#website","url":"https:\/\/www.lactissima.com\/a-tire-d-ailes\/","name":"A tire d&#039;Ailes","description":"Le blog des femmes qui allaitent et travaillent.","potentialAction":[{"@type":"SearchAction","target":{"@type":"EntryPoint","urlTemplate":"https:\/\/www.lactissima.com\/a-tire-d-ailes\/?s={search_term_string}"},"query-input":{"@type":"PropertyValueSpecification","valueRequired":true,"valueName":"search_term_string"}}],"inLanguage":"fr-FR"},{"@type":"Person","@id":"https:\/\/www.lactissima.com\/a-tire-d-ailes\/#\/schema\/person\/8f98d3a89530861bc1240e6d53d44eed","name":"V\u00e9ronique Darmangeat","image":{"@type":"ImageObject","inLanguage":"fr-FR","@id":"https:\/\/secure.gravatar.com\/avatar\/268c99344c89cebfe4f5df5fa8be43068a18884fc76a29f3206fae98465b9cab?s=96&d=identicon&r=g","url":"https:\/\/secure.gravatar.com\/avatar\/268c99344c89cebfe4f5df5fa8be43068a18884fc76a29f3206fae98465b9cab?s=96&d=identicon&r=g","contentUrl":"https:\/\/secure.gravatar.com\/avatar\/268c99344c89cebfe4f5df5fa8be43068a18884fc76a29f3206fae98465b9cab?s=96&d=identicon&r=g","caption":"V\u00e9ronique Darmangeat"},"sameAs":["https:\/\/www.lactissima.com\/a-tire-d-ailes","www.facebook.com\/consultante.en.lactation"]}]}},"_links":{"self":[{"href":"https:\/\/www.lactissima.com\/a-tire-d-ailes\/wp-json\/wp\/v2\/posts\/3769","targetHints":{"allow":["GET"]}}],"collection":[{"href":"https:\/\/www.lactissima.com\/a-tire-d-ailes\/wp-json\/wp\/v2\/posts"}],"about":[{"href":"https:\/\/www.lactissima.com\/a-tire-d-ailes\/wp-json\/wp\/v2\/types\/post"}],"author":[{"embeddable":true,"href":"https:\/\/www.lactissima.com\/a-tire-d-ailes\/wp-json\/wp\/v2\/users\/170"}],"replies":[{"embeddable":true,"href":"https:\/\/www.lactissima.com\/a-tire-d-ailes\/wp-json\/wp\/v2\/comments?post=3769"}],"version-history":[{"count":6,"href":"https:\/\/www.lactissima.com\/a-tire-d-ailes\/wp-json\/wp\/v2\/posts\/3769\/revisions"}],"predecessor-version":[{"id":5210,"href":"https:\/\/www.lactissima.com\/a-tire-d-ailes\/wp-json\/wp\/v2\/posts\/3769\/revisions\/5210"}],"wp:featuredmedia":[{"embeddable":true,"href":"https:\/\/www.lactissima.com\/a-tire-d-ailes\/wp-json\/wp\/v2\/media\/3770"}],"wp:attachment":[{"href":"https:\/\/www.lactissima.com\/a-tire-d-ailes\/wp-json\/wp\/v2\/media?parent=3769"}],"wp:term":[{"taxonomy":"category","embeddable":true,"href":"https:\/\/www.lactissima.com\/a-tire-d-ailes\/wp-json\/wp\/v2\/categories?post=3769"},{"taxonomy":"post_tag","embeddable":true,"href":"https:\/\/www.lactissima.com\/a-tire-d-ailes\/wp-json\/wp\/v2\/tags?post=3769"}],"curies":[{"name":"wp","href":"https:\/\/api.w.org\/{rel}","templated":true}]}}