{"id":3716,"date":"2013-02-02T17:28:00","date_gmt":"2013-02-02T15:28:00","guid":{"rendered":"https:\/\/www.lactissima.com\/a-tire-d-ailes\/?p=3716"},"modified":"2016-08-03T19:15:37","modified_gmt":"2016-08-03T17:15:37","slug":"tetee-de-retrouvailles","status":"publish","type":"post","link":"https:\/\/www.lactissima.com\/a-tire-d-ailes\/tetee-de-retrouvailles\/","title":{"rendered":"T\u00e9t\u00e9e de retrouvailles"},"content":{"rendered":"<p style=\"text-align: justify;\"><a href=\"https:\/\/www.lactissima.com\/a-tire-d-ailes\/wp-content\/uploads\/2013\/02\/t\u00e9t\u00e9e-de-retrouvaille.jpg\"><img loading=\"lazy\" decoding=\"async\" class=\"alignright size-full wp-image-3717\" title=\"t\u00e9t\u00e9e de retrouvailles\" src=\"https:\/\/www.lactissima.com\/a-tire-d-ailes\/wp-content\/uploads\/2013\/02\/t\u00e9t\u00e9e-de-retrouvaille.jpg\" alt=\"t\u00e9t\u00e9e de retrouvailles\" width=\"245\" height=\"320\" srcset=\"https:\/\/www.lactissima.com\/a-tire-d-ailes\/wp-content\/uploads\/2013\/02\/t\u00e9t\u00e9e-de-retrouvaille.jpg 245w, https:\/\/www.lactissima.com\/a-tire-d-ailes\/wp-content\/uploads\/2013\/02\/t\u00e9t\u00e9e-de-retrouvaille-229x300.jpg 229w\" sizes=\"(max-width: 245px) 100vw, 245px\" \/><\/a>La <span style=\"color: #333333;\"><a title=\"t\u00e9t\u00e9e de retrouvailles\" href=\"https:\/\/www.lactissima.com\/a-tire-d-ailes\/tetee-de-retrouvailles\/\"><span style=\"color: #333333;\">t\u00e9t\u00e9e de retrouvailles<\/span><\/a><\/span>, ce moment si particulier o\u00f9 vous retrouvez votre enfant apr\u00e8s une journ\u00e9e de travail et qu&rsquo;il vous demande \u00e0 t\u00e9ter.<\/p>\n<p style=\"text-align: justify;\">Ses yeux brillants \u00e0 l&rsquo;id\u00e9e du bonheur retrouv\u00e9.<\/p>\n<p style=\"text-align: justify;\">Cette d\u00e9tente apr\u00e8s une journ\u00e9e pass\u00e9e sans lui.<\/p>\n<p style=\"text-align: justify;\">Ce b\u00e9b\u00e9 qui a <a title=\"8 trucs pour faire face au refus du biberon\" href=\"https:\/\/www.lactissima.com\/a-tire-d-ailes\/8-trucs-pour-faire-face-au-refus-du-biberon\/\" target=\"_blank\">refus\u00e9 de manger<\/a> sans vous et peut enfin se r\u00e9galer.<\/p>\n<p style=\"text-align: justify;\">Ce bambin qui semble ivre et ne sait plus marcher droit en l\u00e2chant le sein.<\/p>\n<p style=\"text-align: justify;\">Faim ou pas, l\u00e0 n&rsquo;est pas la question&#8230;<\/p>\n<p style=\"text-align: justify;\">Vos seins si tendus en fin de journ\u00e9e, soulag\u00e9s par votre b\u00e9b\u00e9.<\/p>\n<p style=\"text-align: justify;\">Maison \u00e0 ranger, repas \u00e0 pr\u00e9parer, peu importe, tout cela attendra apr\u00e8s cette t\u00e9t\u00e9e.<\/p>\n<p style=\"text-align: justify;\">Douceur du canap\u00e9, petite chaise de la cr\u00e8che, dans l&rsquo;entr\u00e9e chez la nounou, dans la voiture pas encore r\u00e9chauff\u00e9e, tous les lieux sont bons pour cette t\u00e9t\u00e9e.<\/p>\n<p style=\"text-align: justify;\">15 h, 17 h ou 22 h, peu importe l&rsquo;heure, ce qui compte c&rsquo;est de se retrouver.<\/p>\n<p style=\"text-align: justify;\">Papa peut faire un c\u00e2lin, la nounou peut aider \u00e0 dormir mais personne de peut vous remplacer pour cette t\u00e9t\u00e9e !<\/p>\n<p style=\"text-align: justify;\">La t\u00e9t\u00e9e de retrouvailles est unique pour toutes les mamans et tous les b\u00e9b\u00e9s.<\/p>\n<p>&nbsp;<\/p>\n<p style=\"text-align: right;\">Photo de <a href=\"http:\/\/www.flickr.com\/photos\/64881109@N07\/\" target=\"_blank\">Pusteblumenland<\/a><\/p>\n<p style=\"text-align: right;\">\n","protected":false},"excerpt":{"rendered":"<p>La t\u00e9t\u00e9e de retrouvailles,  ce moment d\u00e9licieux o\u00f9 b\u00e9b\u00e9 retrouve sa maman apr\u00e8s une journ\u00e9e de travail.<\/p>\n","protected":false},"author":170,"featured_media":3717,"comment_status":"open","ping_status":"open","sticky":false,"template":"","format":"standard","meta":{"_et_pb_use_builder":"","_et_pb_old_content":"","_et_gb_content_width":"","footnotes":""},"categories":[35,36],"tags":[441],"class_list":["post-3716","post","type-post","status-publish","format-standard","has-post-thumbnail","hentry","category-allaitement","category-allaitement-et-travail","tag-refuse-de-manger"],"yoast_head":"<!-- This site is optimized with the Yoast SEO plugin v27.4 - https:\/\/yoast.com\/product\/yoast-seo-wordpress\/ -->\n<title>T\u00e9t\u00e9e de retrouvailles<\/title>\n<meta name=\"description\" content=\"La t\u00e9t\u00e9e de retrouvailles, ce moment d\u00e9licieux o\u00f9 b\u00e9b\u00e9 retrouve sa maman apr\u00e8s une journ\u00e9e de travail.\" \/>\n<meta name=\"robots\" content=\"index, follow, max-snippet:-1, max-image-preview:large, max-video-preview:-1\" \/>\n<link rel=\"canonical\" href=\"https:\/\/www.lactissima.com\/a-tire-d-ailes\/tetee-de-retrouvailles\/\" \/>\n<meta property=\"og:locale\" content=\"fr_FR\" \/>\n<meta property=\"og:type\" content=\"article\" \/>\n<meta property=\"og:title\" content=\"T\u00e9t\u00e9e de retrouvailles\" \/>\n<meta property=\"og:description\" content=\"La t\u00e9t\u00e9e de retrouvailles, ce moment d\u00e9licieux o\u00f9 b\u00e9b\u00e9 retrouve sa maman apr\u00e8s une journ\u00e9e de travail.\" \/>\n<meta property=\"og:url\" content=\"https:\/\/www.lactissima.com\/a-tire-d-ailes\/tetee-de-retrouvailles\/\" \/>\n<meta property=\"og:site_name\" content=\"A tire d&#039;Ailes\" \/>\n<meta property=\"article:publisher\" content=\"https:\/\/www.facebook.com\/consultante.en.lactation\" \/>\n<meta property=\"article:author\" content=\"www.facebook.com\/consultante.en.lactation\" \/>\n<meta property=\"article:published_time\" content=\"2013-02-02T15:28:00+00:00\" \/>\n<meta property=\"article:modified_time\" content=\"2016-08-03T17:15:37+00:00\" \/>\n<meta property=\"og:image\" content=\"https:\/\/www.lactissima.com\/a-tire-d-ailes\/wp-content\/uploads\/2013\/02\/t\u00e9t\u00e9e-de-retrouvaille.jpg\" \/>\n\t<meta property=\"og:image:width\" content=\"245\" \/>\n\t<meta property=\"og:image:height\" content=\"320\" \/>\n\t<meta property=\"og:image:type\" content=\"image\/jpeg\" \/>\n<meta name=\"author\" content=\"V\u00e9ronique Darmangeat\" \/>\n<meta name=\"twitter:card\" content=\"summary_large_image\" \/>\n<meta name=\"twitter:creator\" content=\"@VeroniqueIBCLC\" \/>\n<meta name=\"twitter:site\" content=\"@VeroniqueIBCLC\" \/>\n<meta name=\"twitter:label1\" content=\"\u00c9crit par\" \/>\n\t<meta name=\"twitter:data1\" content=\"V\u00e9ronique Darmangeat\" \/>\n\t<meta name=\"twitter:label2\" content=\"Dur\u00e9e de lecture estim\u00e9e\" \/>\n\t<meta name=\"twitter:data2\" content=\"1 minute\" \/>\n<script type=\"application\/ld+json\" class=\"yoast-schema-graph\">{\"@context\":\"https:\\\/\\\/schema.org\",\"@graph\":[{\"@type\":\"Article\",\"@id\":\"https:\\\/\\\/www.lactissima.com\\\/a-tire-d-ailes\\\/tetee-de-retrouvailles\\\/#article\",\"isPartOf\":{\"@id\":\"https:\\\/\\\/www.lactissima.com\\\/a-tire-d-ailes\\\/tetee-de-retrouvailles\\\/\"},\"author\":{\"name\":\"V\u00e9ronique Darmangeat\",\"@id\":\"https:\\\/\\\/www.lactissima.com\\\/a-tire-d-ailes\\\/#\\\/schema\\\/person\\\/8f98d3a89530861bc1240e6d53d44eed\"},\"headline\":\"T\u00e9t\u00e9e de retrouvailles\",\"datePublished\":\"2013-02-02T15:28:00+00:00\",\"dateModified\":\"2016-08-03T17:15:37+00:00\",\"mainEntityOfPage\":{\"@id\":\"https:\\\/\\\/www.lactissima.com\\\/a-tire-d-ailes\\\/tetee-de-retrouvailles\\\/\"},\"wordCount\":221,\"commentCount\":28,\"image\":{\"@id\":\"https:\\\/\\\/www.lactissima.com\\\/a-tire-d-ailes\\\/tetee-de-retrouvailles\\\/#primaryimage\"},\"thumbnailUrl\":\"https:\\\/\\\/www.lactissima.com\\\/a-tire-d-ailes\\\/wp-content\\\/uploads\\\/2013\\\/02\\\/t\u00e9t\u00e9e-de-retrouvaille.jpg\",\"keywords\":[\"refus\u00e9 de manger\"],\"articleSection\":[\"Allaitement\",\"Allaitement et Travail\"],\"inLanguage\":\"fr-FR\",\"potentialAction\":[{\"@type\":\"CommentAction\",\"name\":\"Comment\",\"target\":[\"https:\\\/\\\/www.lactissima.com\\\/a-tire-d-ailes\\\/tetee-de-retrouvailles\\\/#respond\"]}]},{\"@type\":\"WebPage\",\"@id\":\"https:\\\/\\\/www.lactissima.com\\\/a-tire-d-ailes\\\/tetee-de-retrouvailles\\\/\",\"url\":\"https:\\\/\\\/www.lactissima.com\\\/a-tire-d-ailes\\\/tetee-de-retrouvailles\\\/\",\"name\":\"T\u00e9t\u00e9e de retrouvailles\",\"isPartOf\":{\"@id\":\"https:\\\/\\\/www.lactissima.com\\\/a-tire-d-ailes\\\/#website\"},\"primaryImageOfPage\":{\"@id\":\"https:\\\/\\\/www.lactissima.com\\\/a-tire-d-ailes\\\/tetee-de-retrouvailles\\\/#primaryimage\"},\"image\":{\"@id\":\"https:\\\/\\\/www.lactissima.com\\\/a-tire-d-ailes\\\/tetee-de-retrouvailles\\\/#primaryimage\"},\"thumbnailUrl\":\"https:\\\/\\\/www.lactissima.com\\\/a-tire-d-ailes\\\/wp-content\\\/uploads\\\/2013\\\/02\\\/t\u00e9t\u00e9e-de-retrouvaille.jpg\",\"datePublished\":\"2013-02-02T15:28:00+00:00\",\"dateModified\":\"2016-08-03T17:15:37+00:00\",\"author\":{\"@id\":\"https:\\\/\\\/www.lactissima.com\\\/a-tire-d-ailes\\\/#\\\/schema\\\/person\\\/8f98d3a89530861bc1240e6d53d44eed\"},\"description\":\"La t\u00e9t\u00e9e de retrouvailles, ce moment d\u00e9licieux o\u00f9 b\u00e9b\u00e9 retrouve sa maman apr\u00e8s une journ\u00e9e de travail.\",\"breadcrumb\":{\"@id\":\"https:\\\/\\\/www.lactissima.com\\\/a-tire-d-ailes\\\/tetee-de-retrouvailles\\\/#breadcrumb\"},\"inLanguage\":\"fr-FR\",\"potentialAction\":[{\"@type\":\"ReadAction\",\"target\":[\"https:\\\/\\\/www.lactissima.com\\\/a-tire-d-ailes\\\/tetee-de-retrouvailles\\\/\"]}]},{\"@type\":\"ImageObject\",\"inLanguage\":\"fr-FR\",\"@id\":\"https:\\\/\\\/www.lactissima.com\\\/a-tire-d-ailes\\\/tetee-de-retrouvailles\\\/#primaryimage\",\"url\":\"https:\\\/\\\/www.lactissima.com\\\/a-tire-d-ailes\\\/wp-content\\\/uploads\\\/2013\\\/02\\\/t\u00e9t\u00e9e-de-retrouvaille.jpg\",\"contentUrl\":\"https:\\\/\\\/www.lactissima.com\\\/a-tire-d-ailes\\\/wp-content\\\/uploads\\\/2013\\\/02\\\/t\u00e9t\u00e9e-de-retrouvaille.jpg\",\"width\":245,\"height\":320},{\"@type\":\"BreadcrumbList\",\"@id\":\"https:\\\/\\\/www.lactissima.com\\\/a-tire-d-ailes\\\/tetee-de-retrouvailles\\\/#breadcrumb\",\"itemListElement\":[{\"@type\":\"ListItem\",\"position\":1,\"name\":\"Accueil\",\"item\":\"https:\\\/\\\/www.lactissima.com\\\/a-tire-d-ailes\\\/\"},{\"@type\":\"ListItem\",\"position\":2,\"name\":\"T\u00e9t\u00e9e de retrouvailles\"}]},{\"@type\":\"WebSite\",\"@id\":\"https:\\\/\\\/www.lactissima.com\\\/a-tire-d-ailes\\\/#website\",\"url\":\"https:\\\/\\\/www.lactissima.com\\\/a-tire-d-ailes\\\/\",\"name\":\"A tire d&#039;Ailes\",\"description\":\"Le blog des femmes qui allaitent et travaillent.\",\"potentialAction\":[{\"@type\":\"SearchAction\",\"target\":{\"@type\":\"EntryPoint\",\"urlTemplate\":\"https:\\\/\\\/www.lactissima.com\\\/a-tire-d-ailes\\\/?s={search_term_string}\"},\"query-input\":{\"@type\":\"PropertyValueSpecification\",\"valueRequired\":true,\"valueName\":\"search_term_string\"}}],\"inLanguage\":\"fr-FR\"},{\"@type\":\"Person\",\"@id\":\"https:\\\/\\\/www.lactissima.com\\\/a-tire-d-ailes\\\/#\\\/schema\\\/person\\\/8f98d3a89530861bc1240e6d53d44eed\",\"name\":\"V\u00e9ronique Darmangeat\",\"image\":{\"@type\":\"ImageObject\",\"inLanguage\":\"fr-FR\",\"@id\":\"https:\\\/\\\/secure.gravatar.com\\\/avatar\\\/268c99344c89cebfe4f5df5fa8be43068a18884fc76a29f3206fae98465b9cab?s=96&d=identicon&r=g\",\"url\":\"https:\\\/\\\/secure.gravatar.com\\\/avatar\\\/268c99344c89cebfe4f5df5fa8be43068a18884fc76a29f3206fae98465b9cab?s=96&d=identicon&r=g\",\"contentUrl\":\"https:\\\/\\\/secure.gravatar.com\\\/avatar\\\/268c99344c89cebfe4f5df5fa8be43068a18884fc76a29f3206fae98465b9cab?s=96&d=identicon&r=g\",\"caption\":\"V\u00e9ronique Darmangeat\"},\"sameAs\":[\"https:\\\/\\\/www.lactissima.com\\\/a-tire-d-ailes\",\"www.facebook.com\\\/consultante.en.lactation\"]}]}<\/script>\n<!-- \/ Yoast SEO plugin. -->","yoast_head_json":{"title":"T\u00e9t\u00e9e de retrouvailles","description":"La t\u00e9t\u00e9e de retrouvailles, ce moment d\u00e9licieux o\u00f9 b\u00e9b\u00e9 retrouve sa maman apr\u00e8s une journ\u00e9e de travail.","robots":{"index":"index","follow":"follow","max-snippet":"max-snippet:-1","max-image-preview":"max-image-preview:large","max-video-preview":"max-video-preview:-1"},"canonical":"https:\/\/www.lactissima.com\/a-tire-d-ailes\/tetee-de-retrouvailles\/","og_locale":"fr_FR","og_type":"article","og_title":"T\u00e9t\u00e9e de retrouvailles","og_description":"La t\u00e9t\u00e9e de retrouvailles, ce moment d\u00e9licieux o\u00f9 b\u00e9b\u00e9 retrouve sa maman apr\u00e8s une journ\u00e9e de travail.","og_url":"https:\/\/www.lactissima.com\/a-tire-d-ailes\/tetee-de-retrouvailles\/","og_site_name":"A tire d&#039;Ailes","article_publisher":"https:\/\/www.facebook.com\/consultante.en.lactation","article_author":"www.facebook.com\/consultante.en.lactation","article_published_time":"2013-02-02T15:28:00+00:00","article_modified_time":"2016-08-03T17:15:37+00:00","og_image":[{"width":245,"height":320,"url":"https:\/\/www.lactissima.com\/a-tire-d-ailes\/wp-content\/uploads\/2013\/02\/t\u00e9t\u00e9e-de-retrouvaille.jpg","type":"image\/jpeg"}],"author":"V\u00e9ronique Darmangeat","twitter_card":"summary_large_image","twitter_creator":"@VeroniqueIBCLC","twitter_site":"@VeroniqueIBCLC","twitter_misc":{"\u00c9crit par":"V\u00e9ronique Darmangeat","Dur\u00e9e de lecture estim\u00e9e":"1 minute"},"schema":{"@context":"https:\/\/schema.org","@graph":[{"@type":"Article","@id":"https:\/\/www.lactissima.com\/a-tire-d-ailes\/tetee-de-retrouvailles\/#article","isPartOf":{"@id":"https:\/\/www.lactissima.com\/a-tire-d-ailes\/tetee-de-retrouvailles\/"},"author":{"name":"V\u00e9ronique Darmangeat","@id":"https:\/\/www.lactissima.com\/a-tire-d-ailes\/#\/schema\/person\/8f98d3a89530861bc1240e6d53d44eed"},"headline":"T\u00e9t\u00e9e de retrouvailles","datePublished":"2013-02-02T15:28:00+00:00","dateModified":"2016-08-03T17:15:37+00:00","mainEntityOfPage":{"@id":"https:\/\/www.lactissima.com\/a-tire-d-ailes\/tetee-de-retrouvailles\/"},"wordCount":221,"commentCount":28,"image":{"@id":"https:\/\/www.lactissima.com\/a-tire-d-ailes\/tetee-de-retrouvailles\/#primaryimage"},"thumbnailUrl":"https:\/\/www.lactissima.com\/a-tire-d-ailes\/wp-content\/uploads\/2013\/02\/t\u00e9t\u00e9e-de-retrouvaille.jpg","keywords":["refus\u00e9 de manger"],"articleSection":["Allaitement","Allaitement et Travail"],"inLanguage":"fr-FR","potentialAction":[{"@type":"CommentAction","name":"Comment","target":["https:\/\/www.lactissima.com\/a-tire-d-ailes\/tetee-de-retrouvailles\/#respond"]}]},{"@type":"WebPage","@id":"https:\/\/www.lactissima.com\/a-tire-d-ailes\/tetee-de-retrouvailles\/","url":"https:\/\/www.lactissima.com\/a-tire-d-ailes\/tetee-de-retrouvailles\/","name":"T\u00e9t\u00e9e de retrouvailles","isPartOf":{"@id":"https:\/\/www.lactissima.com\/a-tire-d-ailes\/#website"},"primaryImageOfPage":{"@id":"https:\/\/www.lactissima.com\/a-tire-d-ailes\/tetee-de-retrouvailles\/#primaryimage"},"image":{"@id":"https:\/\/www.lactissima.com\/a-tire-d-ailes\/tetee-de-retrouvailles\/#primaryimage"},"thumbnailUrl":"https:\/\/www.lactissima.com\/a-tire-d-ailes\/wp-content\/uploads\/2013\/02\/t\u00e9t\u00e9e-de-retrouvaille.jpg","datePublished":"2013-02-02T15:28:00+00:00","dateModified":"2016-08-03T17:15:37+00:00","author":{"@id":"https:\/\/www.lactissima.com\/a-tire-d-ailes\/#\/schema\/person\/8f98d3a89530861bc1240e6d53d44eed"},"description":"La t\u00e9t\u00e9e de retrouvailles, ce moment d\u00e9licieux o\u00f9 b\u00e9b\u00e9 retrouve sa maman apr\u00e8s une journ\u00e9e de travail.","breadcrumb":{"@id":"https:\/\/www.lactissima.com\/a-tire-d-ailes\/tetee-de-retrouvailles\/#breadcrumb"},"inLanguage":"fr-FR","potentialAction":[{"@type":"ReadAction","target":["https:\/\/www.lactissima.com\/a-tire-d-ailes\/tetee-de-retrouvailles\/"]}]},{"@type":"ImageObject","inLanguage":"fr-FR","@id":"https:\/\/www.lactissima.com\/a-tire-d-ailes\/tetee-de-retrouvailles\/#primaryimage","url":"https:\/\/www.lactissima.com\/a-tire-d-ailes\/wp-content\/uploads\/2013\/02\/t\u00e9t\u00e9e-de-retrouvaille.jpg","contentUrl":"https:\/\/www.lactissima.com\/a-tire-d-ailes\/wp-content\/uploads\/2013\/02\/t\u00e9t\u00e9e-de-retrouvaille.jpg","width":245,"height":320},{"@type":"BreadcrumbList","@id":"https:\/\/www.lactissima.com\/a-tire-d-ailes\/tetee-de-retrouvailles\/#breadcrumb","itemListElement":[{"@type":"ListItem","position":1,"name":"Accueil","item":"https:\/\/www.lactissima.com\/a-tire-d-ailes\/"},{"@type":"ListItem","position":2,"name":"T\u00e9t\u00e9e de retrouvailles"}]},{"@type":"WebSite","@id":"https:\/\/www.lactissima.com\/a-tire-d-ailes\/#website","url":"https:\/\/www.lactissima.com\/a-tire-d-ailes\/","name":"A tire d&#039;Ailes","description":"Le blog des femmes qui allaitent et travaillent.","potentialAction":[{"@type":"SearchAction","target":{"@type":"EntryPoint","urlTemplate":"https:\/\/www.lactissima.com\/a-tire-d-ailes\/?s={search_term_string}"},"query-input":{"@type":"PropertyValueSpecification","valueRequired":true,"valueName":"search_term_string"}}],"inLanguage":"fr-FR"},{"@type":"Person","@id":"https:\/\/www.lactissima.com\/a-tire-d-ailes\/#\/schema\/person\/8f98d3a89530861bc1240e6d53d44eed","name":"V\u00e9ronique Darmangeat","image":{"@type":"ImageObject","inLanguage":"fr-FR","@id":"https:\/\/secure.gravatar.com\/avatar\/268c99344c89cebfe4f5df5fa8be43068a18884fc76a29f3206fae98465b9cab?s=96&d=identicon&r=g","url":"https:\/\/secure.gravatar.com\/avatar\/268c99344c89cebfe4f5df5fa8be43068a18884fc76a29f3206fae98465b9cab?s=96&d=identicon&r=g","contentUrl":"https:\/\/secure.gravatar.com\/avatar\/268c99344c89cebfe4f5df5fa8be43068a18884fc76a29f3206fae98465b9cab?s=96&d=identicon&r=g","caption":"V\u00e9ronique Darmangeat"},"sameAs":["https:\/\/www.lactissima.com\/a-tire-d-ailes","www.facebook.com\/consultante.en.lactation"]}]}},"_links":{"self":[{"href":"https:\/\/www.lactissima.com\/a-tire-d-ailes\/wp-json\/wp\/v2\/posts\/3716","targetHints":{"allow":["GET"]}}],"collection":[{"href":"https:\/\/www.lactissima.com\/a-tire-d-ailes\/wp-json\/wp\/v2\/posts"}],"about":[{"href":"https:\/\/www.lactissima.com\/a-tire-d-ailes\/wp-json\/wp\/v2\/types\/post"}],"author":[{"embeddable":true,"href":"https:\/\/www.lactissima.com\/a-tire-d-ailes\/wp-json\/wp\/v2\/users\/170"}],"replies":[{"embeddable":true,"href":"https:\/\/www.lactissima.com\/a-tire-d-ailes\/wp-json\/wp\/v2\/comments?post=3716"}],"version-history":[{"count":10,"href":"https:\/\/www.lactissima.com\/a-tire-d-ailes\/wp-json\/wp\/v2\/posts\/3716\/revisions"}],"predecessor-version":[{"id":6818,"href":"https:\/\/www.lactissima.com\/a-tire-d-ailes\/wp-json\/wp\/v2\/posts\/3716\/revisions\/6818"}],"wp:featuredmedia":[{"embeddable":true,"href":"https:\/\/www.lactissima.com\/a-tire-d-ailes\/wp-json\/wp\/v2\/media\/3717"}],"wp:attachment":[{"href":"https:\/\/www.lactissima.com\/a-tire-d-ailes\/wp-json\/wp\/v2\/media?parent=3716"}],"wp:term":[{"taxonomy":"category","embeddable":true,"href":"https:\/\/www.lactissima.com\/a-tire-d-ailes\/wp-json\/wp\/v2\/categories?post=3716"},{"taxonomy":"post_tag","embeddable":true,"href":"https:\/\/www.lactissima.com\/a-tire-d-ailes\/wp-json\/wp\/v2\/tags?post=3716"}],"curies":[{"name":"wp","href":"https:\/\/api.w.org\/{rel}","templated":true}]}}