{"id":3622,"date":"2012-12-27T19:38:51","date_gmt":"2012-12-27T17:38:51","guid":{"rendered":"https:\/\/www.lactissima.com\/a-tire-d-ailes\/?p=3622"},"modified":"2014-03-15T16:33:28","modified_gmt":"2014-03-15T14:33:28","slug":"travail-et-allaitement-le-temoignage-de-francoise","status":"publish","type":"post","link":"https:\/\/www.lactissima.com\/a-tire-d-ailes\/travail-et-allaitement-le-temoignage-de-francoise\/","title":{"rendered":"Travail et allaitement : le t\u00e9moignage de Fran\u00e7oise"},"content":{"rendered":"<p style=\"text-align: justify;\"><strong>Quel choix avez vous fait \u00e0 la reprise du travail ?<\/strong><br \/>\n<img loading=\"lazy\" decoding=\"async\" class=\"alignright size-full wp-image-3623\" title=\"fran\u00e7oise\" alt=\"\" src=\"https:\/\/www.lactissima.com\/a-tire-d-ailes\/wp-content\/uploads\/fran\u00e7oise.jpg\" width=\"448\" height=\"299\" srcset=\"https:\/\/www.lactissima.com\/a-tire-d-ailes\/wp-content\/uploads\/fran\u00e7oise.jpg 448w, https:\/\/www.lactissima.com\/a-tire-d-ailes\/wp-content\/uploads\/fran\u00e7oise-300x200.jpg 300w\" sizes=\"(max-width: 448px) 100vw, 448px\" \/><\/p>\n<p style=\"text-align: justify;\">J&rsquo;ai fait le choix de continuer \u00e0 allaiter, parce que j&rsquo;en avais vraiment envie :  les d\u00e9buts de <span style=\"color: #000000;\"><a href=\"http:\/\/www.allaiteraparis.fr\/aide-allaitement\" target=\"_blank\"><span style=\"color: #000000;\">l&rsquo;allaitement<\/span><\/a><\/span> ont \u00e9t\u00e9 difficiles et je ne souhaitais pas arr\u00eater au moment o\u00f9 tout commen\u00e7ait \u00e0 bien se passer, et aussi parce que je souhaitais allaiter un an mon second enfant. On a aussi diagnostiqu\u00e9 une allergie au produits laitiers chez mon b\u00e9b\u00e9, et donc nous souhaitions continuer de lui donner mon lait.<\/p>\n<ul style=\"text-align: justify;\">\n<li><strong>Comment vous \u00eates-vous organis\u00e9e ?<\/strong><\/li>\n<\/ul>\n<p style=\"text-align: justify;\">Alors il y a eu plusieurs organisations car plusieurs situations professionnelles diff\u00e9rentes ! J&rsquo;ai d\u00fb passer quelques journ\u00e9es sur un chantier assez loin de chez moi, quand mon fils avait deux mois et trois mois, donc cela voulait dire tirer mon lait en <a title=\"Allaitement et d\u00e9placements professionnels\" href=\"https:\/\/www.lactissima.com\/a-tire-d-ailes\/allaitement-et-deplacements-professionnels\/\" target=\"_blank\">d\u00e9placement<\/a> surtout pour m&rsquo;\u00e9viter un engorgement (15 h sans t\u00e9t\u00e9es, \u00e0 ce moment l\u00e0 de l&rsquo;allaitement, gloups). Vive le petit <a title=\"Le point sur les tire-lait\" href=\"https:\/\/www.lactissima.com\/a-tire-d-ailes\/le-point-sur-les-tire-lait\/\" target=\"_blank\">tire-lait manuel<\/a>, pratique, pas de conservation de lait puisque j&rsquo;avais un petit stock au cong\u00e9lo (lait tir\u00e9 lors des premi\u00e8res semaines car hyperlactation). Les joies du tire-lait dans les toilettes du train, de la gare (parce que sur un chantier, l&rsquo;intimit\u00e9 on repassera).<\/p>\n<p style=\"text-align: justify;\">Puis j&rsquo;ai repris le travail \u00e0 mi-temps en temps que salari\u00e9e, et je consacrais le reste de la journ\u00e9e \u00e0 cr\u00e9er ma future activit\u00e9 lib\u00e9rale. L\u00e0 c&rsquo;\u00e9tait t\u00e9t\u00e9e le matin (et la nuit soyons honn\u00eate), tirage vers 13h30 en arrivant dans mon bureau perso, tirage \u00e0 17h, t\u00e9t\u00e9e en rentrant vers 19h, et la soir\u00e9e. J&rsquo;\u00e9tais en flux tendu : tirage la veille pour le lendemain, stressant quand m\u00eame au niveau des quantit\u00e9s.<\/p>\n<p style=\"text-align: justify;\">L\u00e0 c&rsquo;\u00e9tait un peu dur, j&rsquo;avais le sentiment de ne faire que \u00e7a, je ne pouvais pas tirer de la matin\u00e9e, et je n&rsquo;arrivais pas \u00e0 supprimer le tirage de 17h. J&rsquo;ai utilis\u00e9 un tire-lait de location, puis j&rsquo;ai fini par m&rsquo;en offrir un petit \u00e9lectrique double pompage trop parfait.<\/p>\n<p style=\"text-align: justify;\">Je suis finalement partie de mon job, j&rsquo;ai cr\u00e9\u00e9 mon entreprise d&rsquo;architecture, et l\u00e0 j&rsquo;ai pu planifier les tirages en vue de les supprimer, pour ne garder que les t\u00e9t\u00e9es du soir et du matin (et des week-end et vacances). Beaucoup plus cool et sympa ! Evidemment, cela veut dire que mon fils avait des biberons de lait artificiel.<\/p>\n<ul style=\"text-align: justify;\">\n<li><strong>Quelles ont \u00e9t\u00e9 vos principales difficult\u00e9s ?<\/strong><\/li>\n<\/ul>\n<p style=\"text-align: justify;\">Je dirais la fatigue, et la lassitude du tirage, j&rsquo;ai \u00e9t\u00e9 plusieurs fois assez malades (sinusite, hernie discale, rage de dents)  Mais mon m\u00e9decin, sans \u00eatre un pro de l&rsquo;allaitement, a toujours su comment me soigner.<\/p>\n<p style=\"text-align: justify;\">L&rsquo;entourage moins proche n&rsquo;\u00e9tait pas vraiment au courant, mais cela a \u00e9t\u00e9 un peu dur d&rsquo;entendre malgr\u00e9 tout des contre v\u00e9rit\u00e9s : \u00c2\u00ab s&rsquo;il est allergique, c&rsquo;est parce que tu ne lui as pas donn\u00e9 assez t\u00f4t du vrai lait  \u00c2\u00bb. C&rsquo;est usant de devoir toujours expliquer, informer, clarifier les ou\u00c3\u00af-dire autour de l&rsquo;allaitement.<\/p>\n<p style=\"text-align: justify;\">Finalement je pr\u00e9f\u00e8re me rappeler plut\u00f4t les principales aides que j&rsquo;ai eu : une nounou et un papa ok pour donner des biberons de lait maternel (ce qui veut dire ne pas flipper que b\u00e9b\u00e9 ne veuille que sa maman, apprendre les r\u00e8gles de conservation, \u00eatre vraiment soutenant), pouvoir m&rsquo;offrir un tire-lait vraiment fait pour les d\u00e9placements, et un b\u00e9b\u00e9 qui soit ok avec tout \u00e7a !<\/p>\n<p style=\"text-align: justify;\">J&rsquo;ai aussi eu la chance d&rsquo;avoir \u00e0 ce moment l\u00e0 un projet professionnel qui m&rsquo;a permis d&rsquo;am\u00e9nager mes horaires (en temps plein avec mon ancienne charge de travail, cela aurait \u00e9t\u00e9 totalement impossible je crois : journ\u00e9es de chantier, r\u00e9unions de derni\u00e8res minutes, pas de bureau perso, journ\u00e9es \u00e0 rallonge, un environnement peu breastfeeding-friendly ).<\/p>\n<ul style=\"text-align: justify;\">\n<li><strong>Quels ont \u00e9t\u00e9 vos meilleurs moments ?<\/strong><\/li>\n<\/ul>\n<p style=\"text-align: justify;\">Toutes les fois o\u00f9 on est parti en famille \u00e0 quatre, que ce soit pour une balade ou des vacances au bout du monde, avec b\u00e9b\u00e9 dans les bras, et hop une t\u00e9t\u00e9e ! Simple, efficace, rassurant.<\/p>\n<ul style=\"text-align: justify;\">\n<li><strong>Qu&rsquo;est-ce que vous souhaiteriez dire aux mamans qui doivent faire un choix dans les semaines \u00e0 venir ?<\/strong><\/li>\n<\/ul>\n<p style=\"text-align: justify;\">De bien s&rsquo;informer sur la reprise du travail et la poursuite (ou le sevrage) de l&rsquo;allaitement (par exemple gr\u00e2ce \u00e0 ce blog et \u00e0 votre livre notamment). Je crois qu&rsquo;on est s\u00fbre de prendre la bonne d\u00e9cision quand on a toutes les cl\u00e9s en main pour choisir, cela permet d&rsquo;\u00eatre plus sereine face au sevrage ou \u00e0 la continuation !<\/p>\n<ul style=\"text-align: justify;\">\n<li><strong>Ce serait \u00e0 refaire, vous referiez le m\u00eame choix ? Que changeriez-vous ?<\/strong><\/li>\n<\/ul>\n<p style=\"text-align: justify;\">Oui ! Je changerai peut-\u00eatre pas mal de choses (achat du tire-lait plus t\u00f4t par exemple, cong\u00e9 parental plus long avant la reprise \u00e0 mi-temps), mais \u00e7a s&rsquo;est bien pass\u00e9 comme \u00e7a !<\/p>\n<p style=\"text-align: justify;\"><strong>Articles en rapport :<\/strong><\/p>\n<ul>\n<li style=\"text-align: justify;\">Voir l&rsquo;onglet <a href=\"https:\/\/www.lactissima.com\/a-tire-d-ailes\/?page_id=1179\" target=\"_blank\">t\u00e9moignages<\/a><\/li>\n<\/ul>\n<p>&nbsp;<\/p>\n","protected":false},"excerpt":{"rendered":"<p>Fran\u00e7oise a poursuivi l&rsquo;allaitement apr\u00e8s la reprise du travail mais elle a rencontr\u00e9 des difficult\u00e9s.<\/p>\n","protected":false},"author":170,"featured_media":3623,"comment_status":"open","ping_status":"open","sticky":false,"template":"","format":"standard","meta":{"_et_pb_use_builder":"","_et_pb_old_content":"","_et_gb_content_width":"","footnotes":""},"categories":[36,150],"tags":[389,300,308],"class_list":["post-3622","post","type-post","status-publish","format-standard","has-post-thumbnail","hentry","category-allaitement-et-travail","category-temoignages","tag-deplacements","tag-lallaitement","tag-tire-lait-manuel"],"yoast_head":"<!-- This site is optimized with the Yoast SEO plugin v27.4 - https:\/\/yoast.com\/product\/yoast-seo-wordpress\/ -->\n<title>Travail et allaitement : le t\u00e9moignage de Fran\u00e7oise<\/title>\n<meta name=\"description\" content=\"Fran\u00e7oise a poursuivi l&#039;allaitement apr\u00e8s la reprise du travail mais elle a rencontr\u00e9 des difficult\u00e9s.\" \/>\n<meta name=\"robots\" content=\"index, follow, max-snippet:-1, max-image-preview:large, max-video-preview:-1\" \/>\n<link rel=\"canonical\" href=\"https:\/\/www.lactissima.com\/a-tire-d-ailes\/travail-et-allaitement-le-temoignage-de-francoise\/\" \/>\n<meta property=\"og:locale\" content=\"fr_FR\" \/>\n<meta property=\"og:type\" content=\"article\" \/>\n<meta property=\"og:title\" content=\"Travail et allaitement : le t\u00e9moignage de Fran\u00e7oise\" \/>\n<meta property=\"og:description\" content=\"Fran\u00e7oise a poursuivi l&#039;allaitement apr\u00e8s la reprise du travail mais elle a rencontr\u00e9 des difficult\u00e9s.\" \/>\n<meta property=\"og:url\" content=\"https:\/\/www.lactissima.com\/a-tire-d-ailes\/travail-et-allaitement-le-temoignage-de-francoise\/\" \/>\n<meta property=\"og:site_name\" content=\"A tire d&#039;Ailes\" \/>\n<meta property=\"article:publisher\" content=\"https:\/\/www.facebook.com\/consultante.en.lactation\" \/>\n<meta property=\"article:author\" content=\"www.facebook.com\/consultante.en.lactation\" \/>\n<meta property=\"article:published_time\" content=\"2012-12-27T17:38:51+00:00\" \/>\n<meta property=\"article:modified_time\" content=\"2014-03-15T14:33:28+00:00\" \/>\n<meta property=\"og:image\" content=\"https:\/\/www.lactissima.com\/a-tire-d-ailes\/wp-content\/uploads\/fran\u00e7oise.jpg\" \/>\n\t<meta property=\"og:image:width\" content=\"448\" \/>\n\t<meta property=\"og:image:height\" content=\"299\" \/>\n\t<meta property=\"og:image:type\" content=\"image\/jpeg\" \/>\n<meta name=\"author\" content=\"V\u00e9ronique Darmangeat\" \/>\n<meta name=\"twitter:card\" content=\"summary_large_image\" \/>\n<meta name=\"twitter:creator\" content=\"@VeroniqueIBCLC\" \/>\n<meta name=\"twitter:site\" content=\"@VeroniqueIBCLC\" \/>\n<meta name=\"twitter:label1\" content=\"\u00c9crit par\" \/>\n\t<meta name=\"twitter:data1\" content=\"V\u00e9ronique Darmangeat\" \/>\n\t<meta name=\"twitter:label2\" content=\"Dur\u00e9e de lecture estim\u00e9e\" \/>\n\t<meta name=\"twitter:data2\" content=\"4 minutes\" \/>\n<script type=\"application\/ld+json\" class=\"yoast-schema-graph\">{\"@context\":\"https:\\\/\\\/schema.org\",\"@graph\":[{\"@type\":\"Article\",\"@id\":\"https:\\\/\\\/www.lactissima.com\\\/a-tire-d-ailes\\\/travail-et-allaitement-le-temoignage-de-francoise\\\/#article\",\"isPartOf\":{\"@id\":\"https:\\\/\\\/www.lactissima.com\\\/a-tire-d-ailes\\\/travail-et-allaitement-le-temoignage-de-francoise\\\/\"},\"author\":{\"name\":\"V\u00e9ronique Darmangeat\",\"@id\":\"https:\\\/\\\/www.lactissima.com\\\/a-tire-d-ailes\\\/#\\\/schema\\\/person\\\/8f98d3a89530861bc1240e6d53d44eed\"},\"headline\":\"Travail et allaitement : le t\u00e9moignage de Fran\u00e7oise\",\"datePublished\":\"2012-12-27T17:38:51+00:00\",\"dateModified\":\"2014-03-15T14:33:28+00:00\",\"mainEntityOfPage\":{\"@id\":\"https:\\\/\\\/www.lactissima.com\\\/a-tire-d-ailes\\\/travail-et-allaitement-le-temoignage-de-francoise\\\/\"},\"wordCount\":836,\"commentCount\":7,\"image\":{\"@id\":\"https:\\\/\\\/www.lactissima.com\\\/a-tire-d-ailes\\\/travail-et-allaitement-le-temoignage-de-francoise\\\/#primaryimage\"},\"thumbnailUrl\":\"https:\\\/\\\/www.lactissima.com\\\/a-tire-d-ailes\\\/wp-content\\\/uploads\\\/fran\u00e7oise.jpg\",\"keywords\":[\"d\u00e9placements\",\"l'allaitement\",\"tire-lait manuel\"],\"articleSection\":[\"Allaitement et Travail\",\"t\u00e9moignages\"],\"inLanguage\":\"fr-FR\",\"potentialAction\":[{\"@type\":\"CommentAction\",\"name\":\"Comment\",\"target\":[\"https:\\\/\\\/www.lactissima.com\\\/a-tire-d-ailes\\\/travail-et-allaitement-le-temoignage-de-francoise\\\/#respond\"]}]},{\"@type\":\"WebPage\",\"@id\":\"https:\\\/\\\/www.lactissima.com\\\/a-tire-d-ailes\\\/travail-et-allaitement-le-temoignage-de-francoise\\\/\",\"url\":\"https:\\\/\\\/www.lactissima.com\\\/a-tire-d-ailes\\\/travail-et-allaitement-le-temoignage-de-francoise\\\/\",\"name\":\"Travail et allaitement : le t\u00e9moignage de Fran\u00e7oise\",\"isPartOf\":{\"@id\":\"https:\\\/\\\/www.lactissima.com\\\/a-tire-d-ailes\\\/#website\"},\"primaryImageOfPage\":{\"@id\":\"https:\\\/\\\/www.lactissima.com\\\/a-tire-d-ailes\\\/travail-et-allaitement-le-temoignage-de-francoise\\\/#primaryimage\"},\"image\":{\"@id\":\"https:\\\/\\\/www.lactissima.com\\\/a-tire-d-ailes\\\/travail-et-allaitement-le-temoignage-de-francoise\\\/#primaryimage\"},\"thumbnailUrl\":\"https:\\\/\\\/www.lactissima.com\\\/a-tire-d-ailes\\\/wp-content\\\/uploads\\\/fran\u00e7oise.jpg\",\"datePublished\":\"2012-12-27T17:38:51+00:00\",\"dateModified\":\"2014-03-15T14:33:28+00:00\",\"author\":{\"@id\":\"https:\\\/\\\/www.lactissima.com\\\/a-tire-d-ailes\\\/#\\\/schema\\\/person\\\/8f98d3a89530861bc1240e6d53d44eed\"},\"description\":\"Fran\u00e7oise a poursuivi l'allaitement apr\u00e8s la reprise du travail mais elle a rencontr\u00e9 des difficult\u00e9s.\",\"breadcrumb\":{\"@id\":\"https:\\\/\\\/www.lactissima.com\\\/a-tire-d-ailes\\\/travail-et-allaitement-le-temoignage-de-francoise\\\/#breadcrumb\"},\"inLanguage\":\"fr-FR\",\"potentialAction\":[{\"@type\":\"ReadAction\",\"target\":[\"https:\\\/\\\/www.lactissima.com\\\/a-tire-d-ailes\\\/travail-et-allaitement-le-temoignage-de-francoise\\\/\"]}]},{\"@type\":\"ImageObject\",\"inLanguage\":\"fr-FR\",\"@id\":\"https:\\\/\\\/www.lactissima.com\\\/a-tire-d-ailes\\\/travail-et-allaitement-le-temoignage-de-francoise\\\/#primaryimage\",\"url\":\"https:\\\/\\\/www.lactissima.com\\\/a-tire-d-ailes\\\/wp-content\\\/uploads\\\/fran\u00e7oise.jpg\",\"contentUrl\":\"https:\\\/\\\/www.lactissima.com\\\/a-tire-d-ailes\\\/wp-content\\\/uploads\\\/fran\u00e7oise.jpg\",\"width\":\"448\",\"height\":\"299\"},{\"@type\":\"BreadcrumbList\",\"@id\":\"https:\\\/\\\/www.lactissima.com\\\/a-tire-d-ailes\\\/travail-et-allaitement-le-temoignage-de-francoise\\\/#breadcrumb\",\"itemListElement\":[{\"@type\":\"ListItem\",\"position\":1,\"name\":\"Accueil\",\"item\":\"https:\\\/\\\/www.lactissima.com\\\/a-tire-d-ailes\\\/\"},{\"@type\":\"ListItem\",\"position\":2,\"name\":\"Travail et allaitement : le t\u00e9moignage de Fran\u00e7oise\"}]},{\"@type\":\"WebSite\",\"@id\":\"https:\\\/\\\/www.lactissima.com\\\/a-tire-d-ailes\\\/#website\",\"url\":\"https:\\\/\\\/www.lactissima.com\\\/a-tire-d-ailes\\\/\",\"name\":\"A tire d&#039;Ailes\",\"description\":\"Le blog des femmes qui allaitent et travaillent.\",\"potentialAction\":[{\"@type\":\"SearchAction\",\"target\":{\"@type\":\"EntryPoint\",\"urlTemplate\":\"https:\\\/\\\/www.lactissima.com\\\/a-tire-d-ailes\\\/?s={search_term_string}\"},\"query-input\":{\"@type\":\"PropertyValueSpecification\",\"valueRequired\":true,\"valueName\":\"search_term_string\"}}],\"inLanguage\":\"fr-FR\"},{\"@type\":\"Person\",\"@id\":\"https:\\\/\\\/www.lactissima.com\\\/a-tire-d-ailes\\\/#\\\/schema\\\/person\\\/8f98d3a89530861bc1240e6d53d44eed\",\"name\":\"V\u00e9ronique Darmangeat\",\"image\":{\"@type\":\"ImageObject\",\"inLanguage\":\"fr-FR\",\"@id\":\"https:\\\/\\\/secure.gravatar.com\\\/avatar\\\/268c99344c89cebfe4f5df5fa8be43068a18884fc76a29f3206fae98465b9cab?s=96&d=identicon&r=g\",\"url\":\"https:\\\/\\\/secure.gravatar.com\\\/avatar\\\/268c99344c89cebfe4f5df5fa8be43068a18884fc76a29f3206fae98465b9cab?s=96&d=identicon&r=g\",\"contentUrl\":\"https:\\\/\\\/secure.gravatar.com\\\/avatar\\\/268c99344c89cebfe4f5df5fa8be43068a18884fc76a29f3206fae98465b9cab?s=96&d=identicon&r=g\",\"caption\":\"V\u00e9ronique Darmangeat\"},\"sameAs\":[\"https:\\\/\\\/www.lactissima.com\\\/a-tire-d-ailes\",\"www.facebook.com\\\/consultante.en.lactation\"]}]}<\/script>\n<!-- \/ Yoast SEO plugin. -->","yoast_head_json":{"title":"Travail et allaitement : le t\u00e9moignage de Fran\u00e7oise","description":"Fran\u00e7oise a poursuivi l'allaitement apr\u00e8s la reprise du travail mais elle a rencontr\u00e9 des difficult\u00e9s.","robots":{"index":"index","follow":"follow","max-snippet":"max-snippet:-1","max-image-preview":"max-image-preview:large","max-video-preview":"max-video-preview:-1"},"canonical":"https:\/\/www.lactissima.com\/a-tire-d-ailes\/travail-et-allaitement-le-temoignage-de-francoise\/","og_locale":"fr_FR","og_type":"article","og_title":"Travail et allaitement : le t\u00e9moignage de Fran\u00e7oise","og_description":"Fran\u00e7oise a poursuivi l'allaitement apr\u00e8s la reprise du travail mais elle a rencontr\u00e9 des difficult\u00e9s.","og_url":"https:\/\/www.lactissima.com\/a-tire-d-ailes\/travail-et-allaitement-le-temoignage-de-francoise\/","og_site_name":"A tire d&#039;Ailes","article_publisher":"https:\/\/www.facebook.com\/consultante.en.lactation","article_author":"www.facebook.com\/consultante.en.lactation","article_published_time":"2012-12-27T17:38:51+00:00","article_modified_time":"2014-03-15T14:33:28+00:00","og_image":[{"width":448,"height":299,"url":"https:\/\/www.lactissima.com\/a-tire-d-ailes\/wp-content\/uploads\/fran\u00e7oise.jpg","type":"image\/jpeg"}],"author":"V\u00e9ronique Darmangeat","twitter_card":"summary_large_image","twitter_creator":"@VeroniqueIBCLC","twitter_site":"@VeroniqueIBCLC","twitter_misc":{"\u00c9crit par":"V\u00e9ronique Darmangeat","Dur\u00e9e de lecture estim\u00e9e":"4 minutes"},"schema":{"@context":"https:\/\/schema.org","@graph":[{"@type":"Article","@id":"https:\/\/www.lactissima.com\/a-tire-d-ailes\/travail-et-allaitement-le-temoignage-de-francoise\/#article","isPartOf":{"@id":"https:\/\/www.lactissima.com\/a-tire-d-ailes\/travail-et-allaitement-le-temoignage-de-francoise\/"},"author":{"name":"V\u00e9ronique Darmangeat","@id":"https:\/\/www.lactissima.com\/a-tire-d-ailes\/#\/schema\/person\/8f98d3a89530861bc1240e6d53d44eed"},"headline":"Travail et allaitement : le t\u00e9moignage de Fran\u00e7oise","datePublished":"2012-12-27T17:38:51+00:00","dateModified":"2014-03-15T14:33:28+00:00","mainEntityOfPage":{"@id":"https:\/\/www.lactissima.com\/a-tire-d-ailes\/travail-et-allaitement-le-temoignage-de-francoise\/"},"wordCount":836,"commentCount":7,"image":{"@id":"https:\/\/www.lactissima.com\/a-tire-d-ailes\/travail-et-allaitement-le-temoignage-de-francoise\/#primaryimage"},"thumbnailUrl":"https:\/\/www.lactissima.com\/a-tire-d-ailes\/wp-content\/uploads\/fran\u00e7oise.jpg","keywords":["d\u00e9placements","l'allaitement","tire-lait manuel"],"articleSection":["Allaitement et Travail","t\u00e9moignages"],"inLanguage":"fr-FR","potentialAction":[{"@type":"CommentAction","name":"Comment","target":["https:\/\/www.lactissima.com\/a-tire-d-ailes\/travail-et-allaitement-le-temoignage-de-francoise\/#respond"]}]},{"@type":"WebPage","@id":"https:\/\/www.lactissima.com\/a-tire-d-ailes\/travail-et-allaitement-le-temoignage-de-francoise\/","url":"https:\/\/www.lactissima.com\/a-tire-d-ailes\/travail-et-allaitement-le-temoignage-de-francoise\/","name":"Travail et allaitement : le t\u00e9moignage de Fran\u00e7oise","isPartOf":{"@id":"https:\/\/www.lactissima.com\/a-tire-d-ailes\/#website"},"primaryImageOfPage":{"@id":"https:\/\/www.lactissima.com\/a-tire-d-ailes\/travail-et-allaitement-le-temoignage-de-francoise\/#primaryimage"},"image":{"@id":"https:\/\/www.lactissima.com\/a-tire-d-ailes\/travail-et-allaitement-le-temoignage-de-francoise\/#primaryimage"},"thumbnailUrl":"https:\/\/www.lactissima.com\/a-tire-d-ailes\/wp-content\/uploads\/fran\u00e7oise.jpg","datePublished":"2012-12-27T17:38:51+00:00","dateModified":"2014-03-15T14:33:28+00:00","author":{"@id":"https:\/\/www.lactissima.com\/a-tire-d-ailes\/#\/schema\/person\/8f98d3a89530861bc1240e6d53d44eed"},"description":"Fran\u00e7oise a poursuivi l'allaitement apr\u00e8s la reprise du travail mais elle a rencontr\u00e9 des difficult\u00e9s.","breadcrumb":{"@id":"https:\/\/www.lactissima.com\/a-tire-d-ailes\/travail-et-allaitement-le-temoignage-de-francoise\/#breadcrumb"},"inLanguage":"fr-FR","potentialAction":[{"@type":"ReadAction","target":["https:\/\/www.lactissima.com\/a-tire-d-ailes\/travail-et-allaitement-le-temoignage-de-francoise\/"]}]},{"@type":"ImageObject","inLanguage":"fr-FR","@id":"https:\/\/www.lactissima.com\/a-tire-d-ailes\/travail-et-allaitement-le-temoignage-de-francoise\/#primaryimage","url":"https:\/\/www.lactissima.com\/a-tire-d-ailes\/wp-content\/uploads\/fran\u00e7oise.jpg","contentUrl":"https:\/\/www.lactissima.com\/a-tire-d-ailes\/wp-content\/uploads\/fran\u00e7oise.jpg","width":"448","height":"299"},{"@type":"BreadcrumbList","@id":"https:\/\/www.lactissima.com\/a-tire-d-ailes\/travail-et-allaitement-le-temoignage-de-francoise\/#breadcrumb","itemListElement":[{"@type":"ListItem","position":1,"name":"Accueil","item":"https:\/\/www.lactissima.com\/a-tire-d-ailes\/"},{"@type":"ListItem","position":2,"name":"Travail et allaitement : le t\u00e9moignage de Fran\u00e7oise"}]},{"@type":"WebSite","@id":"https:\/\/www.lactissima.com\/a-tire-d-ailes\/#website","url":"https:\/\/www.lactissima.com\/a-tire-d-ailes\/","name":"A tire d&#039;Ailes","description":"Le blog des femmes qui allaitent et travaillent.","potentialAction":[{"@type":"SearchAction","target":{"@type":"EntryPoint","urlTemplate":"https:\/\/www.lactissima.com\/a-tire-d-ailes\/?s={search_term_string}"},"query-input":{"@type":"PropertyValueSpecification","valueRequired":true,"valueName":"search_term_string"}}],"inLanguage":"fr-FR"},{"@type":"Person","@id":"https:\/\/www.lactissima.com\/a-tire-d-ailes\/#\/schema\/person\/8f98d3a89530861bc1240e6d53d44eed","name":"V\u00e9ronique Darmangeat","image":{"@type":"ImageObject","inLanguage":"fr-FR","@id":"https:\/\/secure.gravatar.com\/avatar\/268c99344c89cebfe4f5df5fa8be43068a18884fc76a29f3206fae98465b9cab?s=96&d=identicon&r=g","url":"https:\/\/secure.gravatar.com\/avatar\/268c99344c89cebfe4f5df5fa8be43068a18884fc76a29f3206fae98465b9cab?s=96&d=identicon&r=g","contentUrl":"https:\/\/secure.gravatar.com\/avatar\/268c99344c89cebfe4f5df5fa8be43068a18884fc76a29f3206fae98465b9cab?s=96&d=identicon&r=g","caption":"V\u00e9ronique Darmangeat"},"sameAs":["https:\/\/www.lactissima.com\/a-tire-d-ailes","www.facebook.com\/consultante.en.lactation"]}]}},"_links":{"self":[{"href":"https:\/\/www.lactissima.com\/a-tire-d-ailes\/wp-json\/wp\/v2\/posts\/3622","targetHints":{"allow":["GET"]}}],"collection":[{"href":"https:\/\/www.lactissima.com\/a-tire-d-ailes\/wp-json\/wp\/v2\/posts"}],"about":[{"href":"https:\/\/www.lactissima.com\/a-tire-d-ailes\/wp-json\/wp\/v2\/types\/post"}],"author":[{"embeddable":true,"href":"https:\/\/www.lactissima.com\/a-tire-d-ailes\/wp-json\/wp\/v2\/users\/170"}],"replies":[{"embeddable":true,"href":"https:\/\/www.lactissima.com\/a-tire-d-ailes\/wp-json\/wp\/v2\/comments?post=3622"}],"version-history":[{"count":10,"href":"https:\/\/www.lactissima.com\/a-tire-d-ailes\/wp-json\/wp\/v2\/posts\/3622\/revisions"}],"predecessor-version":[{"id":5225,"href":"https:\/\/www.lactissima.com\/a-tire-d-ailes\/wp-json\/wp\/v2\/posts\/3622\/revisions\/5225"}],"wp:featuredmedia":[{"embeddable":true,"href":"https:\/\/www.lactissima.com\/a-tire-d-ailes\/wp-json\/wp\/v2\/media\/3623"}],"wp:attachment":[{"href":"https:\/\/www.lactissima.com\/a-tire-d-ailes\/wp-json\/wp\/v2\/media?parent=3622"}],"wp:term":[{"taxonomy":"category","embeddable":true,"href":"https:\/\/www.lactissima.com\/a-tire-d-ailes\/wp-json\/wp\/v2\/categories?post=3622"},{"taxonomy":"post_tag","embeddable":true,"href":"https:\/\/www.lactissima.com\/a-tire-d-ailes\/wp-json\/wp\/v2\/tags?post=3622"}],"curies":[{"name":"wp","href":"https:\/\/api.w.org\/{rel}","templated":true}]}}