{"id":3544,"date":"2012-11-09T17:00:45","date_gmt":"2012-11-09T15:00:45","guid":{"rendered":"https:\/\/www.lactissima.com\/a-tire-d-ailes\/?p=3544"},"modified":"2014-03-15T16:35:22","modified_gmt":"2014-03-15T14:35:22","slug":"travail-et-allaitement-le-temoignage-de-perrine","status":"publish","type":"post","link":"https:\/\/www.lactissima.com\/a-tire-d-ailes\/travail-et-allaitement-le-temoignage-de-perrine\/","title":{"rendered":"Travail et allaitement : le t\u00e9moignage de Perrine"},"content":{"rendered":"<div style=\"text-align: justify;\"><a href=\"https:\/\/www.lactissima.com\/a-tire-d-ailes\/wp-content\/uploads\/allaitement-Perrine.jpg\"><img loading=\"lazy\" decoding=\"async\" class=\"alignright size-full wp-image-3545\" title=\"allaitement Perrine\" alt=\"\" src=\"https:\/\/www.lactissima.com\/a-tire-d-ailes\/wp-content\/uploads\/allaitement-Perrine.jpg\" width=\"372\" height=\"336\" srcset=\"https:\/\/www.lactissima.com\/a-tire-d-ailes\/wp-content\/uploads\/allaitement-Perrine.jpg 372w, https:\/\/www.lactissima.com\/a-tire-d-ailes\/wp-content\/uploads\/allaitement-Perrine-300x270.jpg 300w\" sizes=\"(max-width: 372px) 100vw, 372px\" \/><\/a>Aujourd&rsquo;hui, je vous livre de le t\u00e9moignage de Perrine qui est assistante maternelle et a trois enfants.<\/div>\n<ul style=\"text-align: justify;\">\n<li><strong>Quel choix avez-vous fait au moment de la reprise du travail : sevrage ou poursuite de l&rsquo;allaitement ? Pourquoi ?<\/strong><\/li>\n<\/ul>\n<p style=\"text-align: justify;\">En fait, je n&rsquo;ai pas eu de choix \u00e0 faire car je n&rsquo;ai jamais pens\u00e9 \u00e0 arr\u00eater ! Je ne me suis m\u00eame pas pos\u00e9e la question. Si mon b\u00e9b\u00e9 avait \u00e9t\u00e9 le b\u00e9b\u00e9 de quelqu&rsquo;un d&rsquo;autre, il aurait aussi fallu que je prenne tout autant de temps pour m&rsquo;en occuper, pour le nourrir, le consoler, l&rsquo;endormir&#8230; alors pourquoi arr\u00eater si l&rsquo;allaitement comble largement tous ces besoins ? Et mon enfant prenant une place dans mon agr\u00e9ment, il a tout autant de droit qu&rsquo;un autre \u00e0 ce que je m&rsquo;occupe de lui et r\u00e9ponde \u00e0 ses besoins.<\/p>\n<p style=\"text-align: justify;\">L&rsquo;allaitement est naturel pour moi, c&rsquo;est ancr\u00e9 en moi, impossible d&rsquo;y renoncer d&rsquo;autant plus que j&rsquo;ai la chance d&rsquo;\u00eatre avec mon b\u00e9b\u00e9 tout le temps !<\/p>\n<ul style=\"text-align: justify;\">\n<li><strong>Comment vous \u00eates-vous organis\u00e9e ?<\/strong><\/li>\n<\/ul>\n<p style=\"text-align: justify;\">Pas vraiment d&rsquo;organisation puisque soigner, \u00e9veiller, r\u00e9pondre aux besoins des b\u00e9b\u00e9s est mon m\u00e9tier. Mon b\u00e9b\u00e9 aurait \u00e9t\u00e9 nourri au biberon, \u00e7a aurait \u00e9t\u00e9 la m\u00eame gestion. Pendant les t\u00e9t\u00e9es, je fais en sorte que la petite que j&rsquo;accueille (deux ans) joue pr\u00e8s de moi, tout en ayant au pr\u00e9alable v\u00e9rifi\u00e9 qu&rsquo;il n&rsquo;y ait pas de potentiel danger (ex: un crayon par terre sur lequel elle pourrait glisser) et afin que je sois d\u00e9tendue au mieux durant la t\u00e9t\u00e9e. Quand mon b\u00e9b\u00e9 veut s&rsquo;endormir au sein, on se pose sur le canap\u00e9 et on raconte une histoire, on parle ou alors elle me demande pourquoi b\u00e9b\u00e9 boit son lait (je lui ai expliqu\u00e9) bref c&rsquo;est notre petit moment de conversation calme. J&rsquo;ai la chance d&rsquo;avoir un b\u00e9b\u00e9 qu&rsquo;on peut d\u00e9clipser du sein et poser sans qu&rsquo;il ne se r\u00e9veille alors une fois bien endormi, je vais le poser dans son lit.<\/p>\n<ul style=\"text-align: justify;\">\n<li><strong>Quelles ont \u00e9t\u00e9 vos principales difficult\u00e9s ?<\/strong><\/li>\n<\/ul>\n<p style=\"text-align: justify;\">J&rsquo;appr\u00e9hendais la reprise du travail car c&rsquo;est une petite fille que j&rsquo;ai depuis qu&rsquo;elle est tout b\u00e9b\u00e9 et elle est assez speed donc peur qu&rsquo;elle chute et se blesse pendant que je donne une t\u00e9t\u00e9e. En plus, deux ans, l&rsquo;\u00e2ge de l&rsquo;opposition&#8230; Lorsque je l&rsquo;ai retrouv\u00e9e, elle venait tout juste d&rsquo;acqu\u00e9rir la propret\u00e9 donc des va-et-vient aux wc toutes les vingt minutes&#8230;  J&rsquo;avais peur que \u00e7a se passe mal \u00e0 cause de \u00e7a mais en fin de compte, \u00e7a se passe bien.<\/p>\n<p style=\"text-align: justify;\">Apr\u00e8s c&rsquo;est s\u00fbr que s&rsquo;occuper d&rsquo;enfants demande beaucoup d&rsquo;\u00e9nergie, d&rsquo;organisation, en plus des allers-retours \u00e0 l&rsquo;\u00e9cole pour amener mes deux grands&#8230; la journ\u00e9e passe vite !<\/p>\n<ul style=\"text-align: justify;\">\n<li><strong>Quels ont \u00e9t\u00e9 vos meilleurs moments ?<\/strong><\/li>\n<\/ul>\n<p style=\"text-align: justify;\">Le plus \u00e9mouvant, c&rsquo;est le premier jour, lorsqu&rsquo;elle est revenue chez moi apr\u00e8s mon cong\u00e9 maternit\u00e9, mon b\u00e9b\u00e9 a voulu t\u00e9ter alors je me suis pos\u00e9e dans mon canap\u00e9 et j&rsquo;ai plac\u00e9 mon <span style=\"color: #000000;\"><a href=\"http:\/\/www.allaiteraparis.fr\/aide-allaitement\" target=\"_blank\"><span style=\"color: #000000;\">b\u00e9b\u00e9 au sein<\/span><\/a><\/span>. Intrigu\u00e9e, la petite s&rsquo;est approch\u00e9e de moi, a point\u00e9 mon b\u00e9b\u00e9 du doigt en me demandant ce que mon b\u00e9b\u00e9 \u00e9tait en train de faire. Je pense qu&rsquo;elle avait bien vu que mon fils faisait autre chose qu&rsquo;un c\u00e2lin alors s&rsquo;est approch\u00e9e un peu plus, s&rsquo;est pench\u00e9e et elle demandait \u00e0 nouveau ce que faisait mon b\u00e9b\u00e9. Je lui ai alors expliqu\u00e9 qu&rsquo;il buvait son lait. Elle s&rsquo;est mise \u00e0 sourire, attendrie et sans doute \u00e9mue de la sc\u00e8ne, elle a pos\u00e9 sa petite main sur la t\u00eate de mon fils, comme pour ajouter de la douceur d&rsquo;elle aussi.<\/p>\n<ul style=\"text-align: justify;\">\n<li><strong>Qu&rsquo;est-ce que vous souhaiteriez dire aux mamans qui doivent faire un choix dans les semaines \u00e0 venir ?<\/strong><\/li>\n<\/ul>\n<p style=\"text-align: justify;\">Mon m\u00e9tier me permet d&rsquo;allaiter facilement mon b\u00e9b\u00e9 dans le sens o\u00f9 je n&rsquo;ai pas \u00e0 tirer puisque mon fils peut venir le tirer \u00e0 la source de lui-m\u00eame. Mais j&rsquo;aimerais quand m\u00eame dire que le <a title=\"Et le sevrage ?\" href=\"https:\/\/www.lactissima.com\/a-tire-d-ailes\/et-le-sevrage\/\" target=\"_blank\">sevrage<\/a>, lorsqu&rsquo;on reprend le travail, n&rsquo;est pas une fatalit\u00e9 et que c&rsquo;est tout \u00e0 fait possible de poursuivre l&rsquo;allaitement. J&rsquo;ai une maman, dont j&rsquo;ai accueilli l&rsquo;enfant, qui avait des <a title=\"Allaitement et travail de nuit\" href=\"https:\/\/www.lactissima.com\/a-tire-d-ailes\/allaitement-et-travail-de-nuit\/\" target=\"_blank\">horaires d\u00e9cal\u00e9s<\/a> et pourtant elle a poursuivi son allaitement jusqu&rsquo;\u00e0 douze mois. Alors que son entourage lui disait que ce n&rsquo;\u00e9tait plus la peine d&rsquo;allaiter, je l&rsquo;ai encourag\u00e9e \u00e0 poursuivre (et quelque part, \u00e7a nous a rapproch\u00e9es encore plus&#8230;)<\/p>\n<p style=\"text-align: justify;\">Le lait maternel est un don pr\u00e9cieux et les t\u00e9t\u00e9es-retrouvailles sont tellement plus intenses qu&rsquo;il serait dommage de passer \u00e0 c\u00f4t\u00e9 de \u00e7a !<\/p>\n<ul style=\"text-align: justify;\">\n<li><strong>Ce serait \u00e0 refaire, vous referiez le m\u00eame choix ? Que changeriez-vous ?<\/strong><\/li>\n<\/ul>\n<p style=\"text-align: justify;\">Oui, bien s\u00fbr ! C&rsquo;est d&rsquo;ailleurs d\u00e9j\u00e0 la troisi\u00e8me fois. Ce que je changerais ? Rien car \u00e7a me convient tr\u00e8s bien comme \u00e7a&#8230; et \u00e0 b\u00e9b\u00e9 aussi ! Un n\u00e9n\u00e9 tout bon, tout frais, n&rsquo;importe o\u00f9, n&rsquo;importe quand, alors que maman travaille, que demander de plus&#8230;?<\/p>\n<p style=\"text-align: justify;\"><strong>Articles en rapport :<\/strong><\/p>\n<ul>\n<li style=\"text-align: justify;\">Voir l&rsquo;onglet <a href=\"https:\/\/www.lactissima.com\/a-tire-d-ailes\/?page_id=1179\" target=\"_blank\">t\u00e9moignages<\/a><\/li>\n<\/ul>\n<p>&nbsp;<\/p>\n","protected":false},"excerpt":{"rendered":"<p>Perrine est assistante maternelle. Elle a repris le travail et continue \u00e0 allaiter sans troisi\u00e8me enfant, comme elle l&rsquo;a d\u00e9j\u00e0 fait pour les deux a\u00een\u00e9s.<\/p>\n","protected":false},"author":170,"featured_media":3545,"comment_status":"open","ping_status":"open","sticky":false,"template":"","format":"standard","meta":{"_et_pb_use_builder":"","_et_pb_old_content":"","_et_gb_content_width":"","footnotes":""},"categories":[36,150],"tags":[416,417,56],"class_list":["post-3544","post","type-post","status-publish","format-standard","has-post-thumbnail","hentry","category-allaitement-et-travail","category-temoignages","tag-bebe-au-sein","tag-horaires-decales","tag-sevrage"],"yoast_head":"<!-- This site is optimized with the Yoast SEO plugin v27.4 - https:\/\/yoast.com\/product\/yoast-seo-wordpress\/ -->\n<title>Travail et allaitement : le t\u00e9moignage de Perrine<\/title>\n<meta name=\"description\" content=\"Perrine est assistante maternelle. Elle a repris le travail et continue \u00e0 allaiter sans troisi\u00e8me enfant, comme elle l&#039;a d\u00e9j\u00e0 fait pour les deux a\u00een\u00e9s.\" \/>\n<meta name=\"robots\" content=\"index, follow, max-snippet:-1, max-image-preview:large, max-video-preview:-1\" \/>\n<link rel=\"canonical\" href=\"https:\/\/www.lactissima.com\/a-tire-d-ailes\/travail-et-allaitement-le-temoignage-de-perrine\/\" \/>\n<meta property=\"og:locale\" content=\"fr_FR\" \/>\n<meta property=\"og:type\" content=\"article\" \/>\n<meta property=\"og:title\" content=\"Travail et allaitement : le t\u00e9moignage de Perrine\" \/>\n<meta property=\"og:description\" content=\"Perrine est assistante maternelle. Elle a repris le travail et continue \u00e0 allaiter sans troisi\u00e8me enfant, comme elle l&#039;a d\u00e9j\u00e0 fait pour les deux a\u00een\u00e9s.\" \/>\n<meta property=\"og:url\" content=\"https:\/\/www.lactissima.com\/a-tire-d-ailes\/travail-et-allaitement-le-temoignage-de-perrine\/\" \/>\n<meta property=\"og:site_name\" content=\"A tire d&#039;Ailes\" \/>\n<meta property=\"article:publisher\" content=\"https:\/\/www.facebook.com\/consultante.en.lactation\" \/>\n<meta property=\"article:author\" content=\"www.facebook.com\/consultante.en.lactation\" \/>\n<meta property=\"article:published_time\" content=\"2012-11-09T15:00:45+00:00\" \/>\n<meta property=\"article:modified_time\" content=\"2014-03-15T14:35:22+00:00\" \/>\n<meta property=\"og:image\" content=\"https:\/\/www.lactissima.com\/a-tire-d-ailes\/wp-content\/uploads\/allaitement-Perrine.jpg\" \/>\n\t<meta property=\"og:image:width\" content=\"372\" \/>\n\t<meta property=\"og:image:height\" content=\"336\" \/>\n\t<meta property=\"og:image:type\" content=\"image\/jpeg\" \/>\n<meta name=\"author\" content=\"V\u00e9ronique Darmangeat\" \/>\n<meta name=\"twitter:card\" content=\"summary_large_image\" \/>\n<meta name=\"twitter:creator\" content=\"@VeroniqueIBCLC\" \/>\n<meta name=\"twitter:site\" content=\"@VeroniqueIBCLC\" \/>\n<meta name=\"twitter:label1\" content=\"\u00c9crit par\" \/>\n\t<meta name=\"twitter:data1\" content=\"V\u00e9ronique Darmangeat\" \/>\n\t<meta name=\"twitter:label2\" content=\"Dur\u00e9e de lecture estim\u00e9e\" \/>\n\t<meta name=\"twitter:data2\" content=\"4 minutes\" \/>\n<script type=\"application\/ld+json\" class=\"yoast-schema-graph\">{\"@context\":\"https:\\\/\\\/schema.org\",\"@graph\":[{\"@type\":\"Article\",\"@id\":\"https:\\\/\\\/www.lactissima.com\\\/a-tire-d-ailes\\\/travail-et-allaitement-le-temoignage-de-perrine\\\/#article\",\"isPartOf\":{\"@id\":\"https:\\\/\\\/www.lactissima.com\\\/a-tire-d-ailes\\\/travail-et-allaitement-le-temoignage-de-perrine\\\/\"},\"author\":{\"name\":\"V\u00e9ronique Darmangeat\",\"@id\":\"https:\\\/\\\/www.lactissima.com\\\/a-tire-d-ailes\\\/#\\\/schema\\\/person\\\/8f98d3a89530861bc1240e6d53d44eed\"},\"headline\":\"Travail et allaitement : le t\u00e9moignage de Perrine\",\"datePublished\":\"2012-11-09T15:00:45+00:00\",\"dateModified\":\"2014-03-15T14:35:22+00:00\",\"mainEntityOfPage\":{\"@id\":\"https:\\\/\\\/www.lactissima.com\\\/a-tire-d-ailes\\\/travail-et-allaitement-le-temoignage-de-perrine\\\/\"},\"wordCount\":910,\"commentCount\":1,\"image\":{\"@id\":\"https:\\\/\\\/www.lactissima.com\\\/a-tire-d-ailes\\\/travail-et-allaitement-le-temoignage-de-perrine\\\/#primaryimage\"},\"thumbnailUrl\":\"https:\\\/\\\/www.lactissima.com\\\/a-tire-d-ailes\\\/wp-content\\\/uploads\\\/allaitement-Perrine.jpg\",\"keywords\":[\"b\u00e9b\u00e9 au sein\",\"horaires d\u00e9cal\u00e9s\",\"Sevrage\"],\"articleSection\":[\"Allaitement et Travail\",\"t\u00e9moignages\"],\"inLanguage\":\"fr-FR\",\"potentialAction\":[{\"@type\":\"CommentAction\",\"name\":\"Comment\",\"target\":[\"https:\\\/\\\/www.lactissima.com\\\/a-tire-d-ailes\\\/travail-et-allaitement-le-temoignage-de-perrine\\\/#respond\"]}]},{\"@type\":\"WebPage\",\"@id\":\"https:\\\/\\\/www.lactissima.com\\\/a-tire-d-ailes\\\/travail-et-allaitement-le-temoignage-de-perrine\\\/\",\"url\":\"https:\\\/\\\/www.lactissima.com\\\/a-tire-d-ailes\\\/travail-et-allaitement-le-temoignage-de-perrine\\\/\",\"name\":\"Travail et allaitement : le t\u00e9moignage de Perrine\",\"isPartOf\":{\"@id\":\"https:\\\/\\\/www.lactissima.com\\\/a-tire-d-ailes\\\/#website\"},\"primaryImageOfPage\":{\"@id\":\"https:\\\/\\\/www.lactissima.com\\\/a-tire-d-ailes\\\/travail-et-allaitement-le-temoignage-de-perrine\\\/#primaryimage\"},\"image\":{\"@id\":\"https:\\\/\\\/www.lactissima.com\\\/a-tire-d-ailes\\\/travail-et-allaitement-le-temoignage-de-perrine\\\/#primaryimage\"},\"thumbnailUrl\":\"https:\\\/\\\/www.lactissima.com\\\/a-tire-d-ailes\\\/wp-content\\\/uploads\\\/allaitement-Perrine.jpg\",\"datePublished\":\"2012-11-09T15:00:45+00:00\",\"dateModified\":\"2014-03-15T14:35:22+00:00\",\"author\":{\"@id\":\"https:\\\/\\\/www.lactissima.com\\\/a-tire-d-ailes\\\/#\\\/schema\\\/person\\\/8f98d3a89530861bc1240e6d53d44eed\"},\"description\":\"Perrine est assistante maternelle. Elle a repris le travail et continue \u00e0 allaiter sans troisi\u00e8me enfant, comme elle l'a d\u00e9j\u00e0 fait pour les deux a\u00een\u00e9s.\",\"breadcrumb\":{\"@id\":\"https:\\\/\\\/www.lactissima.com\\\/a-tire-d-ailes\\\/travail-et-allaitement-le-temoignage-de-perrine\\\/#breadcrumb\"},\"inLanguage\":\"fr-FR\",\"potentialAction\":[{\"@type\":\"ReadAction\",\"target\":[\"https:\\\/\\\/www.lactissima.com\\\/a-tire-d-ailes\\\/travail-et-allaitement-le-temoignage-de-perrine\\\/\"]}]},{\"@type\":\"ImageObject\",\"inLanguage\":\"fr-FR\",\"@id\":\"https:\\\/\\\/www.lactissima.com\\\/a-tire-d-ailes\\\/travail-et-allaitement-le-temoignage-de-perrine\\\/#primaryimage\",\"url\":\"https:\\\/\\\/www.lactissima.com\\\/a-tire-d-ailes\\\/wp-content\\\/uploads\\\/allaitement-Perrine.jpg\",\"contentUrl\":\"https:\\\/\\\/www.lactissima.com\\\/a-tire-d-ailes\\\/wp-content\\\/uploads\\\/allaitement-Perrine.jpg\",\"width\":\"372\",\"height\":\"336\"},{\"@type\":\"BreadcrumbList\",\"@id\":\"https:\\\/\\\/www.lactissima.com\\\/a-tire-d-ailes\\\/travail-et-allaitement-le-temoignage-de-perrine\\\/#breadcrumb\",\"itemListElement\":[{\"@type\":\"ListItem\",\"position\":1,\"name\":\"Accueil\",\"item\":\"https:\\\/\\\/www.lactissima.com\\\/a-tire-d-ailes\\\/\"},{\"@type\":\"ListItem\",\"position\":2,\"name\":\"Travail et allaitement : le t\u00e9moignage de Perrine\"}]},{\"@type\":\"WebSite\",\"@id\":\"https:\\\/\\\/www.lactissima.com\\\/a-tire-d-ailes\\\/#website\",\"url\":\"https:\\\/\\\/www.lactissima.com\\\/a-tire-d-ailes\\\/\",\"name\":\"A tire d&#039;Ailes\",\"description\":\"Le blog des femmes qui allaitent et travaillent.\",\"potentialAction\":[{\"@type\":\"SearchAction\",\"target\":{\"@type\":\"EntryPoint\",\"urlTemplate\":\"https:\\\/\\\/www.lactissima.com\\\/a-tire-d-ailes\\\/?s={search_term_string}\"},\"query-input\":{\"@type\":\"PropertyValueSpecification\",\"valueRequired\":true,\"valueName\":\"search_term_string\"}}],\"inLanguage\":\"fr-FR\"},{\"@type\":\"Person\",\"@id\":\"https:\\\/\\\/www.lactissima.com\\\/a-tire-d-ailes\\\/#\\\/schema\\\/person\\\/8f98d3a89530861bc1240e6d53d44eed\",\"name\":\"V\u00e9ronique Darmangeat\",\"image\":{\"@type\":\"ImageObject\",\"inLanguage\":\"fr-FR\",\"@id\":\"https:\\\/\\\/secure.gravatar.com\\\/avatar\\\/268c99344c89cebfe4f5df5fa8be43068a18884fc76a29f3206fae98465b9cab?s=96&d=identicon&r=g\",\"url\":\"https:\\\/\\\/secure.gravatar.com\\\/avatar\\\/268c99344c89cebfe4f5df5fa8be43068a18884fc76a29f3206fae98465b9cab?s=96&d=identicon&r=g\",\"contentUrl\":\"https:\\\/\\\/secure.gravatar.com\\\/avatar\\\/268c99344c89cebfe4f5df5fa8be43068a18884fc76a29f3206fae98465b9cab?s=96&d=identicon&r=g\",\"caption\":\"V\u00e9ronique Darmangeat\"},\"sameAs\":[\"https:\\\/\\\/www.lactissima.com\\\/a-tire-d-ailes\",\"www.facebook.com\\\/consultante.en.lactation\"]}]}<\/script>\n<!-- \/ Yoast SEO plugin. -->","yoast_head_json":{"title":"Travail et allaitement : le t\u00e9moignage de Perrine","description":"Perrine est assistante maternelle. Elle a repris le travail et continue \u00e0 allaiter sans troisi\u00e8me enfant, comme elle l'a d\u00e9j\u00e0 fait pour les deux a\u00een\u00e9s.","robots":{"index":"index","follow":"follow","max-snippet":"max-snippet:-1","max-image-preview":"max-image-preview:large","max-video-preview":"max-video-preview:-1"},"canonical":"https:\/\/www.lactissima.com\/a-tire-d-ailes\/travail-et-allaitement-le-temoignage-de-perrine\/","og_locale":"fr_FR","og_type":"article","og_title":"Travail et allaitement : le t\u00e9moignage de Perrine","og_description":"Perrine est assistante maternelle. Elle a repris le travail et continue \u00e0 allaiter sans troisi\u00e8me enfant, comme elle l'a d\u00e9j\u00e0 fait pour les deux a\u00een\u00e9s.","og_url":"https:\/\/www.lactissima.com\/a-tire-d-ailes\/travail-et-allaitement-le-temoignage-de-perrine\/","og_site_name":"A tire d&#039;Ailes","article_publisher":"https:\/\/www.facebook.com\/consultante.en.lactation","article_author":"www.facebook.com\/consultante.en.lactation","article_published_time":"2012-11-09T15:00:45+00:00","article_modified_time":"2014-03-15T14:35:22+00:00","og_image":[{"width":372,"height":336,"url":"https:\/\/www.lactissima.com\/a-tire-d-ailes\/wp-content\/uploads\/allaitement-Perrine.jpg","type":"image\/jpeg"}],"author":"V\u00e9ronique Darmangeat","twitter_card":"summary_large_image","twitter_creator":"@VeroniqueIBCLC","twitter_site":"@VeroniqueIBCLC","twitter_misc":{"\u00c9crit par":"V\u00e9ronique Darmangeat","Dur\u00e9e de lecture estim\u00e9e":"4 minutes"},"schema":{"@context":"https:\/\/schema.org","@graph":[{"@type":"Article","@id":"https:\/\/www.lactissima.com\/a-tire-d-ailes\/travail-et-allaitement-le-temoignage-de-perrine\/#article","isPartOf":{"@id":"https:\/\/www.lactissima.com\/a-tire-d-ailes\/travail-et-allaitement-le-temoignage-de-perrine\/"},"author":{"name":"V\u00e9ronique Darmangeat","@id":"https:\/\/www.lactissima.com\/a-tire-d-ailes\/#\/schema\/person\/8f98d3a89530861bc1240e6d53d44eed"},"headline":"Travail et allaitement : le t\u00e9moignage de Perrine","datePublished":"2012-11-09T15:00:45+00:00","dateModified":"2014-03-15T14:35:22+00:00","mainEntityOfPage":{"@id":"https:\/\/www.lactissima.com\/a-tire-d-ailes\/travail-et-allaitement-le-temoignage-de-perrine\/"},"wordCount":910,"commentCount":1,"image":{"@id":"https:\/\/www.lactissima.com\/a-tire-d-ailes\/travail-et-allaitement-le-temoignage-de-perrine\/#primaryimage"},"thumbnailUrl":"https:\/\/www.lactissima.com\/a-tire-d-ailes\/wp-content\/uploads\/allaitement-Perrine.jpg","keywords":["b\u00e9b\u00e9 au sein","horaires d\u00e9cal\u00e9s","Sevrage"],"articleSection":["Allaitement et Travail","t\u00e9moignages"],"inLanguage":"fr-FR","potentialAction":[{"@type":"CommentAction","name":"Comment","target":["https:\/\/www.lactissima.com\/a-tire-d-ailes\/travail-et-allaitement-le-temoignage-de-perrine\/#respond"]}]},{"@type":"WebPage","@id":"https:\/\/www.lactissima.com\/a-tire-d-ailes\/travail-et-allaitement-le-temoignage-de-perrine\/","url":"https:\/\/www.lactissima.com\/a-tire-d-ailes\/travail-et-allaitement-le-temoignage-de-perrine\/","name":"Travail et allaitement : le t\u00e9moignage de Perrine","isPartOf":{"@id":"https:\/\/www.lactissima.com\/a-tire-d-ailes\/#website"},"primaryImageOfPage":{"@id":"https:\/\/www.lactissima.com\/a-tire-d-ailes\/travail-et-allaitement-le-temoignage-de-perrine\/#primaryimage"},"image":{"@id":"https:\/\/www.lactissima.com\/a-tire-d-ailes\/travail-et-allaitement-le-temoignage-de-perrine\/#primaryimage"},"thumbnailUrl":"https:\/\/www.lactissima.com\/a-tire-d-ailes\/wp-content\/uploads\/allaitement-Perrine.jpg","datePublished":"2012-11-09T15:00:45+00:00","dateModified":"2014-03-15T14:35:22+00:00","author":{"@id":"https:\/\/www.lactissima.com\/a-tire-d-ailes\/#\/schema\/person\/8f98d3a89530861bc1240e6d53d44eed"},"description":"Perrine est assistante maternelle. Elle a repris le travail et continue \u00e0 allaiter sans troisi\u00e8me enfant, comme elle l'a d\u00e9j\u00e0 fait pour les deux a\u00een\u00e9s.","breadcrumb":{"@id":"https:\/\/www.lactissima.com\/a-tire-d-ailes\/travail-et-allaitement-le-temoignage-de-perrine\/#breadcrumb"},"inLanguage":"fr-FR","potentialAction":[{"@type":"ReadAction","target":["https:\/\/www.lactissima.com\/a-tire-d-ailes\/travail-et-allaitement-le-temoignage-de-perrine\/"]}]},{"@type":"ImageObject","inLanguage":"fr-FR","@id":"https:\/\/www.lactissima.com\/a-tire-d-ailes\/travail-et-allaitement-le-temoignage-de-perrine\/#primaryimage","url":"https:\/\/www.lactissima.com\/a-tire-d-ailes\/wp-content\/uploads\/allaitement-Perrine.jpg","contentUrl":"https:\/\/www.lactissima.com\/a-tire-d-ailes\/wp-content\/uploads\/allaitement-Perrine.jpg","width":"372","height":"336"},{"@type":"BreadcrumbList","@id":"https:\/\/www.lactissima.com\/a-tire-d-ailes\/travail-et-allaitement-le-temoignage-de-perrine\/#breadcrumb","itemListElement":[{"@type":"ListItem","position":1,"name":"Accueil","item":"https:\/\/www.lactissima.com\/a-tire-d-ailes\/"},{"@type":"ListItem","position":2,"name":"Travail et allaitement : le t\u00e9moignage de Perrine"}]},{"@type":"WebSite","@id":"https:\/\/www.lactissima.com\/a-tire-d-ailes\/#website","url":"https:\/\/www.lactissima.com\/a-tire-d-ailes\/","name":"A tire d&#039;Ailes","description":"Le blog des femmes qui allaitent et travaillent.","potentialAction":[{"@type":"SearchAction","target":{"@type":"EntryPoint","urlTemplate":"https:\/\/www.lactissima.com\/a-tire-d-ailes\/?s={search_term_string}"},"query-input":{"@type":"PropertyValueSpecification","valueRequired":true,"valueName":"search_term_string"}}],"inLanguage":"fr-FR"},{"@type":"Person","@id":"https:\/\/www.lactissima.com\/a-tire-d-ailes\/#\/schema\/person\/8f98d3a89530861bc1240e6d53d44eed","name":"V\u00e9ronique Darmangeat","image":{"@type":"ImageObject","inLanguage":"fr-FR","@id":"https:\/\/secure.gravatar.com\/avatar\/268c99344c89cebfe4f5df5fa8be43068a18884fc76a29f3206fae98465b9cab?s=96&d=identicon&r=g","url":"https:\/\/secure.gravatar.com\/avatar\/268c99344c89cebfe4f5df5fa8be43068a18884fc76a29f3206fae98465b9cab?s=96&d=identicon&r=g","contentUrl":"https:\/\/secure.gravatar.com\/avatar\/268c99344c89cebfe4f5df5fa8be43068a18884fc76a29f3206fae98465b9cab?s=96&d=identicon&r=g","caption":"V\u00e9ronique Darmangeat"},"sameAs":["https:\/\/www.lactissima.com\/a-tire-d-ailes","www.facebook.com\/consultante.en.lactation"]}]}},"_links":{"self":[{"href":"https:\/\/www.lactissima.com\/a-tire-d-ailes\/wp-json\/wp\/v2\/posts\/3544","targetHints":{"allow":["GET"]}}],"collection":[{"href":"https:\/\/www.lactissima.com\/a-tire-d-ailes\/wp-json\/wp\/v2\/posts"}],"about":[{"href":"https:\/\/www.lactissima.com\/a-tire-d-ailes\/wp-json\/wp\/v2\/types\/post"}],"author":[{"embeddable":true,"href":"https:\/\/www.lactissima.com\/a-tire-d-ailes\/wp-json\/wp\/v2\/users\/170"}],"replies":[{"embeddable":true,"href":"https:\/\/www.lactissima.com\/a-tire-d-ailes\/wp-json\/wp\/v2\/comments?post=3544"}],"version-history":[{"count":7,"href":"https:\/\/www.lactissima.com\/a-tire-d-ailes\/wp-json\/wp\/v2\/posts\/3544\/revisions"}],"predecessor-version":[{"id":5237,"href":"https:\/\/www.lactissima.com\/a-tire-d-ailes\/wp-json\/wp\/v2\/posts\/3544\/revisions\/5237"}],"wp:featuredmedia":[{"embeddable":true,"href":"https:\/\/www.lactissima.com\/a-tire-d-ailes\/wp-json\/wp\/v2\/media\/3545"}],"wp:attachment":[{"href":"https:\/\/www.lactissima.com\/a-tire-d-ailes\/wp-json\/wp\/v2\/media?parent=3544"}],"wp:term":[{"taxonomy":"category","embeddable":true,"href":"https:\/\/www.lactissima.com\/a-tire-d-ailes\/wp-json\/wp\/v2\/categories?post=3544"},{"taxonomy":"post_tag","embeddable":true,"href":"https:\/\/www.lactissima.com\/a-tire-d-ailes\/wp-json\/wp\/v2\/tags?post=3544"}],"curies":[{"name":"wp","href":"https:\/\/api.w.org\/{rel}","templated":true}]}}