{"id":34,"date":"2009-01-27T17:48:31","date_gmt":"2009-01-27T16:48:31","guid":{"rendered":"https:\/\/www.lactissima.com\/a-tire-d-ailes\/?p=34"},"modified":"2014-03-15T17:19:51","modified_gmt":"2014-03-15T15:19:51","slug":"allaiter-et-travailler","status":"publish","type":"post","link":"https:\/\/www.lactissima.com\/a-tire-d-ailes\/allaiter-et-travailler\/","title":{"rendered":"Au coeur du sujet : allaiter et travailler"},"content":{"rendered":"<p style=\"text-align: justify;\">Une nouvelle ann\u00e9e commence et beaucoup de jeunes mamans vont reprendre leur travail apr\u00e8s la naissance de leur b\u00e9b\u00e9.<br \/>\nLa question revient souvent : est-ce que je dois <span style=\"color: #000000;\"><a title=\"sevrage\" href=\"https:\/\/www.lactissima.com\/a-tire-d-ailes\/et-le-sevrage\/\" target=\"_blank\"><span style=\"color: #000000;\">sevrer<\/span><\/a><\/span> pour reprendre mon travail ?<br \/>\n<strong>Tout d\u00e9pend de ce que <span style=\"color: #000000;\">vous<\/span> souhaitez <\/strong>!<\/p>\n<p style=\"text-align: justify;\">Si vous souhaitez sevrer, pas de souci, il suffit de mettre en place un sevrage en douceur pour votre b\u00e9b\u00e9 et surtout pour vos seins, pour \u00e9viter tout souci d&rsquo;<span style=\"color: #000000;\"><a title=\"engorgement\" href=\"https:\/\/www.lactissima.com\/a-tire-d-ailes\/lengorgement\/\" target=\"_blank\"><span style=\"color: #000000;\">engorgement<\/span><\/a><\/span>.<\/p>\n<p style=\"text-align: justify;\"><strong>Si vous souhaitez continuer allaiter et travailler, c&rsquo;est possible et plusieurs possibilit\u00e9s s&rsquo;offrent \u00e0 vous<\/strong> :<\/p>\n<ul style=\"text-align: justify;\">\n<li>Continuer l&rsquo;allaitement \u00e0 la demande quand vous \u00eates avec votre b\u00e9b\u00e9 et lui proposer autre chose quand vous \u00eates absente.<\/li>\n<li>Ne garder que trois t\u00e9t\u00e9es par 24 heures et remplacer les autres t\u00e9t\u00e9es par autre chose.<\/li>\n<\/ul>\n<p style=\"text-align: justify;\">Dans ces deux cas, vous allez devoir choisir le contenant et le contenu.<br \/>\nLe contenant : <span style=\"color: #000000;\"><a title=\"refus biberon\" href=\"https:\/\/www.lactissima.com\/a-tire-d-ailes\/quand-mon-bebe-refuse-le-biberon\/\" target=\"_blank\"><span style=\"color: #000000;\">biberon<\/span><\/a><\/span>, tasse, verre, &#8230;<br \/>\nLe contenu : lait maternel, lait industriel ou des solides si votre b\u00e9b\u00e9 a plus de six mois.<\/p>\n<p style=\"text-align: justify;\">Le contenant choisi va d\u00e9pendre de ce que votre b\u00e9b\u00e9 accepte et de la qualit\u00e9 de sa succion.<br \/>\nVotre b\u00e9b\u00e9 a une bonne succion : il a de bonnes chances de passer sans probl\u00e8me du sein au biberon et vice-versa.<br \/>\nCertains b\u00e9b\u00e9s en sont capables mais ne sont pas d&rsquo;accord : pr\u00e9f\u00e9rence pour le biberon ou pr\u00e9f\u00e9rence pour le sein, refus de changer de fa\u00e7on de se nourrir&#8230;<br \/>\nDans tous les cas,<strong> ce passage \u00e0 autre chose que le sein va ressembler \u00e0 une danse entre votre b\u00e9b\u00e9 et vous : une succession d&rsquo;essais pour trouver ce qui convient le mieux.<\/strong><br \/>\nVous devrez aussi composer avec ce que pr\u00e9f\u00e8re&#8230;la personne qui va s&rsquo;occuper de votre b\u00e9b\u00e9 en votre absence.<\/p>\n<p style=\"text-align: justify;\">En ce qui concerne le choix du lait, vous pouvez pr\u00e9voir de tirer votre lait lorsque vous \u00eates au travail pour qu&rsquo;il soit donn\u00e9 \u00e0 votre b\u00e9b\u00e9 en votre absence ou bien choisir de donner un lait industriel.<\/p>\n<p style=\"text-align: justify;\">Beaucoup de possibilit\u00e9s diff\u00e9rentes donc que nous approfondirons dans nos prochains articles.<\/p>\n<p style=\"text-align: justify;\">Et vous, qu&rsquo;avez-vous choisi de faire ?<\/p>\n<p>&nbsp;<\/p>\n","protected":false},"excerpt":{"rendered":"<p>Si vous souhaitez continuer l&rsquo;allaitement apr\u00e8s la reprise du travail, c&rsquo;est possible et plusieurs possibilit\u00e9s s&rsquo;offrent \u00e0 vous.<\/p>\n","protected":false},"author":170,"featured_media":0,"comment_status":"open","ping_status":"open","sticky":false,"template":"","format":"standard","meta":{"_et_pb_use_builder":"","_et_pb_old_content":"","_et_gb_content_width":"","footnotes":""},"categories":[36],"tags":[48,92,138],"class_list":["post-34","post","type-post","status-publish","format-standard","hentry","category-allaitement-et-travail","tag-biberon","tag-engorgement","tag-sevrer"],"yoast_head":"<!-- This site is optimized with the Yoast SEO plugin v27.4 - https:\/\/yoast.com\/product\/yoast-seo-wordpress\/ -->\n<title>allaiter et travailler<\/title>\n<meta name=\"description\" content=\"Si vous souhaitez continuer l&#039;allaitement apr\u00e8s la reprise du travail plusieurs possibilit\u00e9s s&#039;offrent \u00e0 vous. Allaiter et travailler c&#039;est possible !\" \/>\n<meta name=\"robots\" content=\"index, follow, max-snippet:-1, max-image-preview:large, max-video-preview:-1\" \/>\n<link rel=\"canonical\" href=\"https:\/\/www.lactissima.com\/a-tire-d-ailes\/allaiter-et-travailler\/\" \/>\n<meta property=\"og:locale\" content=\"fr_FR\" \/>\n<meta property=\"og:type\" content=\"article\" \/>\n<meta property=\"og:title\" content=\"allaiter et travailler\" \/>\n<meta property=\"og:description\" content=\"Si vous souhaitez continuer l&#039;allaitement apr\u00e8s la reprise du travail plusieurs possibilit\u00e9s s&#039;offrent \u00e0 vous. Allaiter et travailler c&#039;est possible !\" \/>\n<meta property=\"og:url\" content=\"https:\/\/www.lactissima.com\/a-tire-d-ailes\/allaiter-et-travailler\/\" \/>\n<meta property=\"og:site_name\" content=\"A tire d&#039;Ailes\" \/>\n<meta property=\"article:publisher\" content=\"https:\/\/www.facebook.com\/consultante.en.lactation\" \/>\n<meta property=\"article:author\" content=\"www.facebook.com\/consultante.en.lactation\" \/>\n<meta property=\"article:published_time\" content=\"2009-01-27T16:48:31+00:00\" \/>\n<meta property=\"article:modified_time\" content=\"2014-03-15T15:19:51+00:00\" \/>\n<meta name=\"author\" content=\"V\u00e9ronique Darmangeat\" \/>\n<meta name=\"twitter:card\" content=\"summary_large_image\" \/>\n<meta name=\"twitter:creator\" content=\"@VeroniqueIBCLC\" \/>\n<meta name=\"twitter:site\" content=\"@VeroniqueIBCLC\" \/>\n<meta name=\"twitter:label1\" content=\"\u00c9crit par\" \/>\n\t<meta name=\"twitter:data1\" content=\"V\u00e9ronique Darmangeat\" \/>\n\t<meta name=\"twitter:label2\" content=\"Dur\u00e9e de lecture estim\u00e9e\" \/>\n\t<meta name=\"twitter:data2\" content=\"2 minutes\" \/>\n<script type=\"application\/ld+json\" class=\"yoast-schema-graph\">{\"@context\":\"https:\\\/\\\/schema.org\",\"@graph\":[{\"@type\":\"Article\",\"@id\":\"https:\\\/\\\/www.lactissima.com\\\/a-tire-d-ailes\\\/allaiter-et-travailler\\\/#article\",\"isPartOf\":{\"@id\":\"https:\\\/\\\/www.lactissima.com\\\/a-tire-d-ailes\\\/allaiter-et-travailler\\\/\"},\"author\":{\"name\":\"V\u00e9ronique Darmangeat\",\"@id\":\"https:\\\/\\\/www.lactissima.com\\\/a-tire-d-ailes\\\/#\\\/schema\\\/person\\\/8f98d3a89530861bc1240e6d53d44eed\"},\"headline\":\"Au coeur du sujet : allaiter et travailler\",\"datePublished\":\"2009-01-27T16:48:31+00:00\",\"dateModified\":\"2014-03-15T15:19:51+00:00\",\"mainEntityOfPage\":{\"@id\":\"https:\\\/\\\/www.lactissima.com\\\/a-tire-d-ailes\\\/allaiter-et-travailler\\\/\"},\"wordCount\":370,\"commentCount\":15,\"keywords\":[\"biberon\",\"engorgement\",\"sevrer\"],\"articleSection\":[\"Allaitement et Travail\"],\"inLanguage\":\"fr-FR\",\"potentialAction\":[{\"@type\":\"CommentAction\",\"name\":\"Comment\",\"target\":[\"https:\\\/\\\/www.lactissima.com\\\/a-tire-d-ailes\\\/allaiter-et-travailler\\\/#respond\"]}]},{\"@type\":\"WebPage\",\"@id\":\"https:\\\/\\\/www.lactissima.com\\\/a-tire-d-ailes\\\/allaiter-et-travailler\\\/\",\"url\":\"https:\\\/\\\/www.lactissima.com\\\/a-tire-d-ailes\\\/allaiter-et-travailler\\\/\",\"name\":\"allaiter et travailler\",\"isPartOf\":{\"@id\":\"https:\\\/\\\/www.lactissima.com\\\/a-tire-d-ailes\\\/#website\"},\"datePublished\":\"2009-01-27T16:48:31+00:00\",\"dateModified\":\"2014-03-15T15:19:51+00:00\",\"author\":{\"@id\":\"https:\\\/\\\/www.lactissima.com\\\/a-tire-d-ailes\\\/#\\\/schema\\\/person\\\/8f98d3a89530861bc1240e6d53d44eed\"},\"description\":\"Si vous souhaitez continuer l'allaitement apr\u00e8s la reprise du travail plusieurs possibilit\u00e9s s'offrent \u00e0 vous. Allaiter et travailler c'est possible !\",\"breadcrumb\":{\"@id\":\"https:\\\/\\\/www.lactissima.com\\\/a-tire-d-ailes\\\/allaiter-et-travailler\\\/#breadcrumb\"},\"inLanguage\":\"fr-FR\",\"potentialAction\":[{\"@type\":\"ReadAction\",\"target\":[\"https:\\\/\\\/www.lactissima.com\\\/a-tire-d-ailes\\\/allaiter-et-travailler\\\/\"]}]},{\"@type\":\"BreadcrumbList\",\"@id\":\"https:\\\/\\\/www.lactissima.com\\\/a-tire-d-ailes\\\/allaiter-et-travailler\\\/#breadcrumb\",\"itemListElement\":[{\"@type\":\"ListItem\",\"position\":1,\"name\":\"Accueil\",\"item\":\"https:\\\/\\\/www.lactissima.com\\\/a-tire-d-ailes\\\/\"},{\"@type\":\"ListItem\",\"position\":2,\"name\":\"Au coeur du sujet : allaiter et travailler\"}]},{\"@type\":\"WebSite\",\"@id\":\"https:\\\/\\\/www.lactissima.com\\\/a-tire-d-ailes\\\/#website\",\"url\":\"https:\\\/\\\/www.lactissima.com\\\/a-tire-d-ailes\\\/\",\"name\":\"A tire d&#039;Ailes\",\"description\":\"Le blog des femmes qui allaitent et travaillent.\",\"potentialAction\":[{\"@type\":\"SearchAction\",\"target\":{\"@type\":\"EntryPoint\",\"urlTemplate\":\"https:\\\/\\\/www.lactissima.com\\\/a-tire-d-ailes\\\/?s={search_term_string}\"},\"query-input\":{\"@type\":\"PropertyValueSpecification\",\"valueRequired\":true,\"valueName\":\"search_term_string\"}}],\"inLanguage\":\"fr-FR\"},{\"@type\":\"Person\",\"@id\":\"https:\\\/\\\/www.lactissima.com\\\/a-tire-d-ailes\\\/#\\\/schema\\\/person\\\/8f98d3a89530861bc1240e6d53d44eed\",\"name\":\"V\u00e9ronique Darmangeat\",\"image\":{\"@type\":\"ImageObject\",\"inLanguage\":\"fr-FR\",\"@id\":\"https:\\\/\\\/secure.gravatar.com\\\/avatar\\\/268c99344c89cebfe4f5df5fa8be43068a18884fc76a29f3206fae98465b9cab?s=96&d=identicon&r=g\",\"url\":\"https:\\\/\\\/secure.gravatar.com\\\/avatar\\\/268c99344c89cebfe4f5df5fa8be43068a18884fc76a29f3206fae98465b9cab?s=96&d=identicon&r=g\",\"contentUrl\":\"https:\\\/\\\/secure.gravatar.com\\\/avatar\\\/268c99344c89cebfe4f5df5fa8be43068a18884fc76a29f3206fae98465b9cab?s=96&d=identicon&r=g\",\"caption\":\"V\u00e9ronique Darmangeat\"},\"sameAs\":[\"https:\\\/\\\/www.lactissima.com\\\/a-tire-d-ailes\",\"www.facebook.com\\\/consultante.en.lactation\"]}]}<\/script>\n<!-- \/ Yoast SEO plugin. -->","yoast_head_json":{"title":"allaiter et travailler","description":"Si vous souhaitez continuer l'allaitement apr\u00e8s la reprise du travail plusieurs possibilit\u00e9s s'offrent \u00e0 vous. Allaiter et travailler c'est possible !","robots":{"index":"index","follow":"follow","max-snippet":"max-snippet:-1","max-image-preview":"max-image-preview:large","max-video-preview":"max-video-preview:-1"},"canonical":"https:\/\/www.lactissima.com\/a-tire-d-ailes\/allaiter-et-travailler\/","og_locale":"fr_FR","og_type":"article","og_title":"allaiter et travailler","og_description":"Si vous souhaitez continuer l'allaitement apr\u00e8s la reprise du travail plusieurs possibilit\u00e9s s'offrent \u00e0 vous. Allaiter et travailler c'est possible !","og_url":"https:\/\/www.lactissima.com\/a-tire-d-ailes\/allaiter-et-travailler\/","og_site_name":"A tire d&#039;Ailes","article_publisher":"https:\/\/www.facebook.com\/consultante.en.lactation","article_author":"www.facebook.com\/consultante.en.lactation","article_published_time":"2009-01-27T16:48:31+00:00","article_modified_time":"2014-03-15T15:19:51+00:00","author":"V\u00e9ronique Darmangeat","twitter_card":"summary_large_image","twitter_creator":"@VeroniqueIBCLC","twitter_site":"@VeroniqueIBCLC","twitter_misc":{"\u00c9crit par":"V\u00e9ronique Darmangeat","Dur\u00e9e de lecture estim\u00e9e":"2 minutes"},"schema":{"@context":"https:\/\/schema.org","@graph":[{"@type":"Article","@id":"https:\/\/www.lactissima.com\/a-tire-d-ailes\/allaiter-et-travailler\/#article","isPartOf":{"@id":"https:\/\/www.lactissima.com\/a-tire-d-ailes\/allaiter-et-travailler\/"},"author":{"name":"V\u00e9ronique Darmangeat","@id":"https:\/\/www.lactissima.com\/a-tire-d-ailes\/#\/schema\/person\/8f98d3a89530861bc1240e6d53d44eed"},"headline":"Au coeur du sujet : allaiter et travailler","datePublished":"2009-01-27T16:48:31+00:00","dateModified":"2014-03-15T15:19:51+00:00","mainEntityOfPage":{"@id":"https:\/\/www.lactissima.com\/a-tire-d-ailes\/allaiter-et-travailler\/"},"wordCount":370,"commentCount":15,"keywords":["biberon","engorgement","sevrer"],"articleSection":["Allaitement et Travail"],"inLanguage":"fr-FR","potentialAction":[{"@type":"CommentAction","name":"Comment","target":["https:\/\/www.lactissima.com\/a-tire-d-ailes\/allaiter-et-travailler\/#respond"]}]},{"@type":"WebPage","@id":"https:\/\/www.lactissima.com\/a-tire-d-ailes\/allaiter-et-travailler\/","url":"https:\/\/www.lactissima.com\/a-tire-d-ailes\/allaiter-et-travailler\/","name":"allaiter et travailler","isPartOf":{"@id":"https:\/\/www.lactissima.com\/a-tire-d-ailes\/#website"},"datePublished":"2009-01-27T16:48:31+00:00","dateModified":"2014-03-15T15:19:51+00:00","author":{"@id":"https:\/\/www.lactissima.com\/a-tire-d-ailes\/#\/schema\/person\/8f98d3a89530861bc1240e6d53d44eed"},"description":"Si vous souhaitez continuer l'allaitement apr\u00e8s la reprise du travail plusieurs possibilit\u00e9s s'offrent \u00e0 vous. Allaiter et travailler c'est possible !","breadcrumb":{"@id":"https:\/\/www.lactissima.com\/a-tire-d-ailes\/allaiter-et-travailler\/#breadcrumb"},"inLanguage":"fr-FR","potentialAction":[{"@type":"ReadAction","target":["https:\/\/www.lactissima.com\/a-tire-d-ailes\/allaiter-et-travailler\/"]}]},{"@type":"BreadcrumbList","@id":"https:\/\/www.lactissima.com\/a-tire-d-ailes\/allaiter-et-travailler\/#breadcrumb","itemListElement":[{"@type":"ListItem","position":1,"name":"Accueil","item":"https:\/\/www.lactissima.com\/a-tire-d-ailes\/"},{"@type":"ListItem","position":2,"name":"Au coeur du sujet : allaiter et travailler"}]},{"@type":"WebSite","@id":"https:\/\/www.lactissima.com\/a-tire-d-ailes\/#website","url":"https:\/\/www.lactissima.com\/a-tire-d-ailes\/","name":"A tire d&#039;Ailes","description":"Le blog des femmes qui allaitent et travaillent.","potentialAction":[{"@type":"SearchAction","target":{"@type":"EntryPoint","urlTemplate":"https:\/\/www.lactissima.com\/a-tire-d-ailes\/?s={search_term_string}"},"query-input":{"@type":"PropertyValueSpecification","valueRequired":true,"valueName":"search_term_string"}}],"inLanguage":"fr-FR"},{"@type":"Person","@id":"https:\/\/www.lactissima.com\/a-tire-d-ailes\/#\/schema\/person\/8f98d3a89530861bc1240e6d53d44eed","name":"V\u00e9ronique Darmangeat","image":{"@type":"ImageObject","inLanguage":"fr-FR","@id":"https:\/\/secure.gravatar.com\/avatar\/268c99344c89cebfe4f5df5fa8be43068a18884fc76a29f3206fae98465b9cab?s=96&d=identicon&r=g","url":"https:\/\/secure.gravatar.com\/avatar\/268c99344c89cebfe4f5df5fa8be43068a18884fc76a29f3206fae98465b9cab?s=96&d=identicon&r=g","contentUrl":"https:\/\/secure.gravatar.com\/avatar\/268c99344c89cebfe4f5df5fa8be43068a18884fc76a29f3206fae98465b9cab?s=96&d=identicon&r=g","caption":"V\u00e9ronique Darmangeat"},"sameAs":["https:\/\/www.lactissima.com\/a-tire-d-ailes","www.facebook.com\/consultante.en.lactation"]}]}},"_links":{"self":[{"href":"https:\/\/www.lactissima.com\/a-tire-d-ailes\/wp-json\/wp\/v2\/posts\/34","targetHints":{"allow":["GET"]}}],"collection":[{"href":"https:\/\/www.lactissima.com\/a-tire-d-ailes\/wp-json\/wp\/v2\/posts"}],"about":[{"href":"https:\/\/www.lactissima.com\/a-tire-d-ailes\/wp-json\/wp\/v2\/types\/post"}],"author":[{"embeddable":true,"href":"https:\/\/www.lactissima.com\/a-tire-d-ailes\/wp-json\/wp\/v2\/users\/170"}],"replies":[{"embeddable":true,"href":"https:\/\/www.lactissima.com\/a-tire-d-ailes\/wp-json\/wp\/v2\/comments?post=34"}],"version-history":[{"count":8,"href":"https:\/\/www.lactissima.com\/a-tire-d-ailes\/wp-json\/wp\/v2\/posts\/34\/revisions"}],"predecessor-version":[{"id":5593,"href":"https:\/\/www.lactissima.com\/a-tire-d-ailes\/wp-json\/wp\/v2\/posts\/34\/revisions\/5593"}],"wp:attachment":[{"href":"https:\/\/www.lactissima.com\/a-tire-d-ailes\/wp-json\/wp\/v2\/media?parent=34"}],"wp:term":[{"taxonomy":"category","embeddable":true,"href":"https:\/\/www.lactissima.com\/a-tire-d-ailes\/wp-json\/wp\/v2\/categories?post=34"},{"taxonomy":"post_tag","embeddable":true,"href":"https:\/\/www.lactissima.com\/a-tire-d-ailes\/wp-json\/wp\/v2\/tags?post=34"}],"curies":[{"name":"wp","href":"https:\/\/api.w.org\/{rel}","templated":true}]}}