{"id":3394,"date":"2012-11-02T17:32:04","date_gmt":"2012-11-02T15:32:04","guid":{"rendered":"https:\/\/www.lactissima.com\/a-tire-d-ailes\/?p=3394"},"modified":"2014-03-15T16:35:52","modified_gmt":"2014-03-15T14:35:52","slug":"travail-et-allaitement-le-temoignage-de-celine","status":"publish","type":"post","link":"https:\/\/www.lactissima.com\/a-tire-d-ailes\/travail-et-allaitement-le-temoignage-de-celine\/","title":{"rendered":"Travail et allaitement : le t\u00e9moignage de C\u00e9line"},"content":{"rendered":"<p style=\"text-align: justify;\"><a title=\"allaitement C\u00e9line\" href=\"https:\/\/www.lactissima.com\/a-tire-d-ailes\/wp-content\/uploads\/allaitement C\u00e9line.jpg\"><img loading=\"lazy\" decoding=\"async\" class=\"alignright  wp-image-3408\" title=\"allaitement C\u00e9line\" alt=\"\" src=\"https:\/\/www.lactissima.com\/a-tire-d-ailes\/wp-content\/uploads\/allaitement C\u00e9line.jpg\" width=\"320\" height=\"181\" \/><\/a>J&rsquo;avais tr\u00e8s envie de vous livrer mon t\u00e9moignage car je suis fi\u00e8re de mener mon projet d&rsquo;allaitement comme je le souhaitais et j&rsquo;esp\u00e8re pouvoir continuer&#8230;<\/p>\n<p style=\"text-align: justify;\">Pour que vous compreniez un peu mieux mon t\u00e9moignage, je voulais vous pr\u00e9ciser que je suis gyn\u00e9cologue-obst\u00e9tricienne dans une grande maternit\u00e9 (5500 accouchements) ; je travaille au moins cinq jours par semaine avec des horaires de 9 \u00e0 10 h par jour et une garde de 24 h par semaine suivie d&rsquo;un repos de 24 h.<\/p>\n<p style=\"text-align: justify;\"><strong>Quel choix avez-vous fait au moment de la reprise du travail : sevrage ou poursuite de l&rsquo;allaitement ? Pourquoi ?<\/strong><\/p>\n<p style=\"text-align: justify;\">J&rsquo;ai repris le travail alors que mon fils avait deux mois et demi. J&rsquo;avais envie de poursuivre mon allaitement maternel exclusif en me disant \u00ab\u00a0on verra bien combien de temps j&rsquo;y arrive\u00a0\u00bb (et je me le dit encore). Je pense que le lait maternel est le meilleur des aliments pour mon b\u00e9b\u00e9. Et puis je ne me voyais pas d\u00e9j\u00e0 le <span style=\"color: #000000;\"><a title=\"Et le sevrage ?\" href=\"https:\/\/www.lactissima.com\/a-tire-d-ailes\/?p=216\" target=\"_blank\"><span style=\"color: #000000;\">sevrer<\/span><\/a> <\/span>(et je ne me vois toujours pas).<\/p>\n<p style=\"text-align: justify;\"><strong>Comment vous \u00eates-vous organis\u00e9e ?<\/strong><\/p>\n<p style=\"text-align: justify;\">Mon b\u00e9b\u00e9 est \u00e0 la cr\u00e8che dans la journ\u00e9e et avec son papa en fin d&rsquo;apr\u00e8s-midi (il finit plus t\u00f4t que moi). Je tire mon lait : un sein le matin en lui donnant l&rsquo;autre, sur mon lieu de travail une fois le midi et un sein le soir comme le matin. Parfois je refais un petit coup de tire-lait vers 22 h si mon b\u00e9b\u00e9 est couch\u00e9 t\u00f4t (20 h). J&rsquo;avais fait une <span style=\"color: #000000;\"><a title=\"Faire du stock de lait.\" href=\"https:\/\/www.lactissima.com\/a-tire-d-ailes\/?p=1321\" target=\"_blank\"><span style=\"color: #000000;\">r\u00e9serve de lait<\/span><\/a><\/span> congel\u00e9 puisque j&rsquo;avais commenc\u00e9 \u00e0 tirer mon lait un mois avant de reprendre le travail et que j&rsquo;avais donc&#8230; 9 litres de lait au congel. \u00c3\u2021a me rassurait de savoir que si ma lactation s&rsquo;arr\u00eatait d&rsquo;un coup \u00e0 cause du stress du travail, je pouvais faire un sevrage en douceur.<\/p>\n<p style=\"text-align: justify;\"><strong>Quelles ont \u00e9t\u00e9 vos principales difficult\u00e9s ?<\/strong><\/p>\n<p style=\"text-align: justify;\">Les principales difficult\u00e9s que je rencontre sont :<\/p>\n<p style=\"text-align: justify;\">1- pouvoir tirer mon lait \u00e0 heure fixe le midi<\/p>\n<p style=\"text-align: justify;\">2- arriver \u00e0 tirer mon lait r\u00e9guli\u00e8rement lors de mes gardes<\/p>\n<p style=\"text-align: justify;\">3- SURTOUT relancer\/maintenir ma lactation le lendemain de garde avec la fatigue<\/p>\n<p style=\"text-align: justify;\"><strong>Quels ont \u00e9t\u00e9 vos meilleurs moments ?<\/strong><\/p>\n<p style=\"text-align: justify;\">Les meilleurs moments sont :<\/p>\n<p style=\"text-align: justify;\">1- le matin quand mon petit loulou me sourit et me regarde comme s&rsquo;il avait envie de me manger \u00ab\u00a0en entier\u00a0\u00bb car il sait que je vais lui donner le sein.<\/p>\n<p style=\"text-align: justify;\">2 &#8211; des petits moments de victoire comme apr\u00e8s un d\u00e9placement de deux jours \u00e0 600 km de chez moi avec mon <span style=\"color: #000000;\"><a title=\"Le point sur les tire-lait\" href=\"https:\/\/www.lactissima.com\/a-tire-d-ailes\/le-point-sur-les-tire-lait\/\" target=\"_blank\"><span style=\"color: #000000;\">tire-lait<\/span><\/a> <\/span>et qu&rsquo;en revenant tout marche encore ! J&rsquo;ai encore du lait !<\/p>\n<p style=\"text-align: justify;\"><strong>Qu&rsquo;est-ce que vous souhaiteriez dire aux mamans qui doivent faire un choix dans les semaines \u00e0 venir ?<\/strong><\/p>\n<p style=\"text-align: justify;\">Faites-le si vous avez envie d&rsquo;allaiter; \u00e7a vaut tout l&rsquo;or du monde ! Et oui c&rsquo;est possible m\u00eame avec un m\u00e9tier \u00e0 horaires non fixes avec urgences gardes et stress ! Et c&rsquo;est le message que je fais passer \u00e0 mes patientes.<\/p>\n<p style=\"text-align: justify;\"><strong>Ce serait \u00e0 refaire, vous referiez le m\u00eame choix ? Que changeriez-vous ?<\/strong><\/p>\n<p style=\"text-align: justify;\">Oui. Rien.<\/p>\n<p style=\"text-align: justify;\"><strong>Articles en rapport :<\/strong><\/p>\n<ul>\n<li style=\"text-align: justify;\">Voir l&rsquo;onglet <a href=\"https:\/\/www.lactissima.com\/a-tire-d-ailes\/?page_id=1179\" target=\"_blank\">t\u00e9moignages<\/a><\/li>\n<\/ul>\n<p>&nbsp;<\/p>\n","protected":false},"excerpt":{"rendered":"<p>C\u00e9line travaille avec des horaires variables et des gardes. Pourtant elle est heureuse de r\u00e9ussir \u00e0 tirer son lait pour son b\u00e9b\u00e9.<\/p>\n","protected":false},"author":170,"featured_media":3408,"comment_status":"open","ping_status":"open","sticky":false,"template":"","format":"standard","meta":{"_et_pb_use_builder":"","_et_pb_old_content":"","_et_gb_content_width":"","footnotes":""},"categories":[36,150],"tags":[372,138,57],"class_list":["post-3394","post","type-post","status-publish","format-standard","has-post-thumbnail","hentry","category-allaitement-et-travail","category-temoignages","tag-reserve-de-lait","tag-sevrer","tag-tire-lait"],"yoast_head":"<!-- This site is optimized with the Yoast SEO plugin v27.4 - https:\/\/yoast.com\/product\/yoast-seo-wordpress\/ -->\n<title>Travail et allaitement : le t\u00e9moignage de C\u00e9line<\/title>\n<meta name=\"description\" content=\"C\u00e9line travaille avec des horaires variables et des gardes. Pourtant elle est heureuse de r\u00e9ussir \u00e0 tirer son lait pour son b\u00e9b\u00e9.\" \/>\n<meta name=\"robots\" content=\"index, follow, max-snippet:-1, max-image-preview:large, max-video-preview:-1\" \/>\n<link rel=\"canonical\" href=\"https:\/\/www.lactissima.com\/a-tire-d-ailes\/travail-et-allaitement-le-temoignage-de-celine\/\" \/>\n<meta property=\"og:locale\" content=\"fr_FR\" \/>\n<meta property=\"og:type\" content=\"article\" \/>\n<meta property=\"og:title\" content=\"Travail et allaitement : le t\u00e9moignage de C\u00e9line\" \/>\n<meta property=\"og:description\" content=\"C\u00e9line travaille avec des horaires variables et des gardes. Pourtant elle est heureuse de r\u00e9ussir \u00e0 tirer son lait pour son b\u00e9b\u00e9.\" \/>\n<meta property=\"og:url\" content=\"https:\/\/www.lactissima.com\/a-tire-d-ailes\/travail-et-allaitement-le-temoignage-de-celine\/\" \/>\n<meta property=\"og:site_name\" content=\"A tire d&#039;Ailes\" \/>\n<meta property=\"article:publisher\" content=\"https:\/\/www.facebook.com\/consultante.en.lactation\" \/>\n<meta property=\"article:author\" content=\"www.facebook.com\/consultante.en.lactation\" \/>\n<meta property=\"article:published_time\" content=\"2012-11-02T15:32:04+00:00\" \/>\n<meta property=\"article:modified_time\" content=\"2014-03-15T14:35:52+00:00\" \/>\n<meta property=\"og:image\" content=\"https:\/\/www.lactissima.com\/a-tire-d-ailes\/wp-content\/uploads\/allaitement-C\u00e9line.jpg\" \/>\n\t<meta property=\"og:image:width\" content=\"320\" \/>\n\t<meta property=\"og:image:height\" content=\"181\" \/>\n\t<meta property=\"og:image:type\" content=\"image\/jpeg\" \/>\n<meta name=\"author\" content=\"V\u00e9ronique Darmangeat\" \/>\n<meta name=\"twitter:card\" content=\"summary_large_image\" \/>\n<meta name=\"twitter:creator\" content=\"@VeroniqueIBCLC\" \/>\n<meta name=\"twitter:site\" content=\"@VeroniqueIBCLC\" \/>\n<meta name=\"twitter:label1\" content=\"\u00c9crit par\" \/>\n\t<meta name=\"twitter:data1\" content=\"V\u00e9ronique Darmangeat\" \/>\n\t<meta name=\"twitter:label2\" content=\"Dur\u00e9e de lecture estim\u00e9e\" \/>\n\t<meta name=\"twitter:data2\" content=\"3 minutes\" \/>\n<script type=\"application\/ld+json\" class=\"yoast-schema-graph\">{\"@context\":\"https:\\\/\\\/schema.org\",\"@graph\":[{\"@type\":\"Article\",\"@id\":\"https:\\\/\\\/www.lactissima.com\\\/a-tire-d-ailes\\\/travail-et-allaitement-le-temoignage-de-celine\\\/#article\",\"isPartOf\":{\"@id\":\"https:\\\/\\\/www.lactissima.com\\\/a-tire-d-ailes\\\/travail-et-allaitement-le-temoignage-de-celine\\\/\"},\"author\":{\"name\":\"V\u00e9ronique Darmangeat\",\"@id\":\"https:\\\/\\\/www.lactissima.com\\\/a-tire-d-ailes\\\/#\\\/schema\\\/person\\\/8f98d3a89530861bc1240e6d53d44eed\"},\"headline\":\"Travail et allaitement : le t\u00e9moignage de C\u00e9line\",\"datePublished\":\"2012-11-02T15:32:04+00:00\",\"dateModified\":\"2014-03-15T14:35:52+00:00\",\"mainEntityOfPage\":{\"@id\":\"https:\\\/\\\/www.lactissima.com\\\/a-tire-d-ailes\\\/travail-et-allaitement-le-temoignage-de-celine\\\/\"},\"wordCount\":536,\"commentCount\":7,\"image\":{\"@id\":\"https:\\\/\\\/www.lactissima.com\\\/a-tire-d-ailes\\\/travail-et-allaitement-le-temoignage-de-celine\\\/#primaryimage\"},\"thumbnailUrl\":\"https:\\\/\\\/www.lactissima.com\\\/a-tire-d-ailes\\\/wp-content\\\/uploads\\\/allaitement-C\u00e9line.jpg\",\"keywords\":[\"r\u00e9serve de lait\",\"sevrer\",\"tire-lait\"],\"articleSection\":[\"Allaitement et Travail\",\"t\u00e9moignages\"],\"inLanguage\":\"fr-FR\",\"potentialAction\":[{\"@type\":\"CommentAction\",\"name\":\"Comment\",\"target\":[\"https:\\\/\\\/www.lactissima.com\\\/a-tire-d-ailes\\\/travail-et-allaitement-le-temoignage-de-celine\\\/#respond\"]}]},{\"@type\":\"WebPage\",\"@id\":\"https:\\\/\\\/www.lactissima.com\\\/a-tire-d-ailes\\\/travail-et-allaitement-le-temoignage-de-celine\\\/\",\"url\":\"https:\\\/\\\/www.lactissima.com\\\/a-tire-d-ailes\\\/travail-et-allaitement-le-temoignage-de-celine\\\/\",\"name\":\"Travail et allaitement : le t\u00e9moignage de C\u00e9line\",\"isPartOf\":{\"@id\":\"https:\\\/\\\/www.lactissima.com\\\/a-tire-d-ailes\\\/#website\"},\"primaryImageOfPage\":{\"@id\":\"https:\\\/\\\/www.lactissima.com\\\/a-tire-d-ailes\\\/travail-et-allaitement-le-temoignage-de-celine\\\/#primaryimage\"},\"image\":{\"@id\":\"https:\\\/\\\/www.lactissima.com\\\/a-tire-d-ailes\\\/travail-et-allaitement-le-temoignage-de-celine\\\/#primaryimage\"},\"thumbnailUrl\":\"https:\\\/\\\/www.lactissima.com\\\/a-tire-d-ailes\\\/wp-content\\\/uploads\\\/allaitement-C\u00e9line.jpg\",\"datePublished\":\"2012-11-02T15:32:04+00:00\",\"dateModified\":\"2014-03-15T14:35:52+00:00\",\"author\":{\"@id\":\"https:\\\/\\\/www.lactissima.com\\\/a-tire-d-ailes\\\/#\\\/schema\\\/person\\\/8f98d3a89530861bc1240e6d53d44eed\"},\"description\":\"C\u00e9line travaille avec des horaires variables et des gardes. Pourtant elle est heureuse de r\u00e9ussir \u00e0 tirer son lait pour son b\u00e9b\u00e9.\",\"breadcrumb\":{\"@id\":\"https:\\\/\\\/www.lactissima.com\\\/a-tire-d-ailes\\\/travail-et-allaitement-le-temoignage-de-celine\\\/#breadcrumb\"},\"inLanguage\":\"fr-FR\",\"potentialAction\":[{\"@type\":\"ReadAction\",\"target\":[\"https:\\\/\\\/www.lactissima.com\\\/a-tire-d-ailes\\\/travail-et-allaitement-le-temoignage-de-celine\\\/\"]}]},{\"@type\":\"ImageObject\",\"inLanguage\":\"fr-FR\",\"@id\":\"https:\\\/\\\/www.lactissima.com\\\/a-tire-d-ailes\\\/travail-et-allaitement-le-temoignage-de-celine\\\/#primaryimage\",\"url\":\"https:\\\/\\\/www.lactissima.com\\\/a-tire-d-ailes\\\/wp-content\\\/uploads\\\/allaitement-C\u00e9line.jpg\",\"contentUrl\":\"https:\\\/\\\/www.lactissima.com\\\/a-tire-d-ailes\\\/wp-content\\\/uploads\\\/allaitement-C\u00e9line.jpg\",\"width\":\"320\",\"height\":\"181\"},{\"@type\":\"BreadcrumbList\",\"@id\":\"https:\\\/\\\/www.lactissima.com\\\/a-tire-d-ailes\\\/travail-et-allaitement-le-temoignage-de-celine\\\/#breadcrumb\",\"itemListElement\":[{\"@type\":\"ListItem\",\"position\":1,\"name\":\"Accueil\",\"item\":\"https:\\\/\\\/www.lactissima.com\\\/a-tire-d-ailes\\\/\"},{\"@type\":\"ListItem\",\"position\":2,\"name\":\"Travail et allaitement : le t\u00e9moignage de C\u00e9line\"}]},{\"@type\":\"WebSite\",\"@id\":\"https:\\\/\\\/www.lactissima.com\\\/a-tire-d-ailes\\\/#website\",\"url\":\"https:\\\/\\\/www.lactissima.com\\\/a-tire-d-ailes\\\/\",\"name\":\"A tire d&#039;Ailes\",\"description\":\"Le blog des femmes qui allaitent et travaillent.\",\"potentialAction\":[{\"@type\":\"SearchAction\",\"target\":{\"@type\":\"EntryPoint\",\"urlTemplate\":\"https:\\\/\\\/www.lactissima.com\\\/a-tire-d-ailes\\\/?s={search_term_string}\"},\"query-input\":{\"@type\":\"PropertyValueSpecification\",\"valueRequired\":true,\"valueName\":\"search_term_string\"}}],\"inLanguage\":\"fr-FR\"},{\"@type\":\"Person\",\"@id\":\"https:\\\/\\\/www.lactissima.com\\\/a-tire-d-ailes\\\/#\\\/schema\\\/person\\\/8f98d3a89530861bc1240e6d53d44eed\",\"name\":\"V\u00e9ronique Darmangeat\",\"image\":{\"@type\":\"ImageObject\",\"inLanguage\":\"fr-FR\",\"@id\":\"https:\\\/\\\/secure.gravatar.com\\\/avatar\\\/268c99344c89cebfe4f5df5fa8be43068a18884fc76a29f3206fae98465b9cab?s=96&d=identicon&r=g\",\"url\":\"https:\\\/\\\/secure.gravatar.com\\\/avatar\\\/268c99344c89cebfe4f5df5fa8be43068a18884fc76a29f3206fae98465b9cab?s=96&d=identicon&r=g\",\"contentUrl\":\"https:\\\/\\\/secure.gravatar.com\\\/avatar\\\/268c99344c89cebfe4f5df5fa8be43068a18884fc76a29f3206fae98465b9cab?s=96&d=identicon&r=g\",\"caption\":\"V\u00e9ronique Darmangeat\"},\"sameAs\":[\"https:\\\/\\\/www.lactissima.com\\\/a-tire-d-ailes\",\"www.facebook.com\\\/consultante.en.lactation\"]}]}<\/script>\n<!-- \/ Yoast SEO plugin. -->","yoast_head_json":{"title":"Travail et allaitement : le t\u00e9moignage de C\u00e9line","description":"C\u00e9line travaille avec des horaires variables et des gardes. Pourtant elle est heureuse de r\u00e9ussir \u00e0 tirer son lait pour son b\u00e9b\u00e9.","robots":{"index":"index","follow":"follow","max-snippet":"max-snippet:-1","max-image-preview":"max-image-preview:large","max-video-preview":"max-video-preview:-1"},"canonical":"https:\/\/www.lactissima.com\/a-tire-d-ailes\/travail-et-allaitement-le-temoignage-de-celine\/","og_locale":"fr_FR","og_type":"article","og_title":"Travail et allaitement : le t\u00e9moignage de C\u00e9line","og_description":"C\u00e9line travaille avec des horaires variables et des gardes. Pourtant elle est heureuse de r\u00e9ussir \u00e0 tirer son lait pour son b\u00e9b\u00e9.","og_url":"https:\/\/www.lactissima.com\/a-tire-d-ailes\/travail-et-allaitement-le-temoignage-de-celine\/","og_site_name":"A tire d&#039;Ailes","article_publisher":"https:\/\/www.facebook.com\/consultante.en.lactation","article_author":"www.facebook.com\/consultante.en.lactation","article_published_time":"2012-11-02T15:32:04+00:00","article_modified_time":"2014-03-15T14:35:52+00:00","og_image":[{"width":320,"height":181,"url":"https:\/\/www.lactissima.com\/a-tire-d-ailes\/wp-content\/uploads\/allaitement-C\u00e9line.jpg","type":"image\/jpeg"}],"author":"V\u00e9ronique Darmangeat","twitter_card":"summary_large_image","twitter_creator":"@VeroniqueIBCLC","twitter_site":"@VeroniqueIBCLC","twitter_misc":{"\u00c9crit par":"V\u00e9ronique Darmangeat","Dur\u00e9e de lecture estim\u00e9e":"3 minutes"},"schema":{"@context":"https:\/\/schema.org","@graph":[{"@type":"Article","@id":"https:\/\/www.lactissima.com\/a-tire-d-ailes\/travail-et-allaitement-le-temoignage-de-celine\/#article","isPartOf":{"@id":"https:\/\/www.lactissima.com\/a-tire-d-ailes\/travail-et-allaitement-le-temoignage-de-celine\/"},"author":{"name":"V\u00e9ronique Darmangeat","@id":"https:\/\/www.lactissima.com\/a-tire-d-ailes\/#\/schema\/person\/8f98d3a89530861bc1240e6d53d44eed"},"headline":"Travail et allaitement : le t\u00e9moignage de C\u00e9line","datePublished":"2012-11-02T15:32:04+00:00","dateModified":"2014-03-15T14:35:52+00:00","mainEntityOfPage":{"@id":"https:\/\/www.lactissima.com\/a-tire-d-ailes\/travail-et-allaitement-le-temoignage-de-celine\/"},"wordCount":536,"commentCount":7,"image":{"@id":"https:\/\/www.lactissima.com\/a-tire-d-ailes\/travail-et-allaitement-le-temoignage-de-celine\/#primaryimage"},"thumbnailUrl":"https:\/\/www.lactissima.com\/a-tire-d-ailes\/wp-content\/uploads\/allaitement-C\u00e9line.jpg","keywords":["r\u00e9serve de lait","sevrer","tire-lait"],"articleSection":["Allaitement et Travail","t\u00e9moignages"],"inLanguage":"fr-FR","potentialAction":[{"@type":"CommentAction","name":"Comment","target":["https:\/\/www.lactissima.com\/a-tire-d-ailes\/travail-et-allaitement-le-temoignage-de-celine\/#respond"]}]},{"@type":"WebPage","@id":"https:\/\/www.lactissima.com\/a-tire-d-ailes\/travail-et-allaitement-le-temoignage-de-celine\/","url":"https:\/\/www.lactissima.com\/a-tire-d-ailes\/travail-et-allaitement-le-temoignage-de-celine\/","name":"Travail et allaitement : le t\u00e9moignage de C\u00e9line","isPartOf":{"@id":"https:\/\/www.lactissima.com\/a-tire-d-ailes\/#website"},"primaryImageOfPage":{"@id":"https:\/\/www.lactissima.com\/a-tire-d-ailes\/travail-et-allaitement-le-temoignage-de-celine\/#primaryimage"},"image":{"@id":"https:\/\/www.lactissima.com\/a-tire-d-ailes\/travail-et-allaitement-le-temoignage-de-celine\/#primaryimage"},"thumbnailUrl":"https:\/\/www.lactissima.com\/a-tire-d-ailes\/wp-content\/uploads\/allaitement-C\u00e9line.jpg","datePublished":"2012-11-02T15:32:04+00:00","dateModified":"2014-03-15T14:35:52+00:00","author":{"@id":"https:\/\/www.lactissima.com\/a-tire-d-ailes\/#\/schema\/person\/8f98d3a89530861bc1240e6d53d44eed"},"description":"C\u00e9line travaille avec des horaires variables et des gardes. Pourtant elle est heureuse de r\u00e9ussir \u00e0 tirer son lait pour son b\u00e9b\u00e9.","breadcrumb":{"@id":"https:\/\/www.lactissima.com\/a-tire-d-ailes\/travail-et-allaitement-le-temoignage-de-celine\/#breadcrumb"},"inLanguage":"fr-FR","potentialAction":[{"@type":"ReadAction","target":["https:\/\/www.lactissima.com\/a-tire-d-ailes\/travail-et-allaitement-le-temoignage-de-celine\/"]}]},{"@type":"ImageObject","inLanguage":"fr-FR","@id":"https:\/\/www.lactissima.com\/a-tire-d-ailes\/travail-et-allaitement-le-temoignage-de-celine\/#primaryimage","url":"https:\/\/www.lactissima.com\/a-tire-d-ailes\/wp-content\/uploads\/allaitement-C\u00e9line.jpg","contentUrl":"https:\/\/www.lactissima.com\/a-tire-d-ailes\/wp-content\/uploads\/allaitement-C\u00e9line.jpg","width":"320","height":"181"},{"@type":"BreadcrumbList","@id":"https:\/\/www.lactissima.com\/a-tire-d-ailes\/travail-et-allaitement-le-temoignage-de-celine\/#breadcrumb","itemListElement":[{"@type":"ListItem","position":1,"name":"Accueil","item":"https:\/\/www.lactissima.com\/a-tire-d-ailes\/"},{"@type":"ListItem","position":2,"name":"Travail et allaitement : le t\u00e9moignage de C\u00e9line"}]},{"@type":"WebSite","@id":"https:\/\/www.lactissima.com\/a-tire-d-ailes\/#website","url":"https:\/\/www.lactissima.com\/a-tire-d-ailes\/","name":"A tire d&#039;Ailes","description":"Le blog des femmes qui allaitent et travaillent.","potentialAction":[{"@type":"SearchAction","target":{"@type":"EntryPoint","urlTemplate":"https:\/\/www.lactissima.com\/a-tire-d-ailes\/?s={search_term_string}"},"query-input":{"@type":"PropertyValueSpecification","valueRequired":true,"valueName":"search_term_string"}}],"inLanguage":"fr-FR"},{"@type":"Person","@id":"https:\/\/www.lactissima.com\/a-tire-d-ailes\/#\/schema\/person\/8f98d3a89530861bc1240e6d53d44eed","name":"V\u00e9ronique Darmangeat","image":{"@type":"ImageObject","inLanguage":"fr-FR","@id":"https:\/\/secure.gravatar.com\/avatar\/268c99344c89cebfe4f5df5fa8be43068a18884fc76a29f3206fae98465b9cab?s=96&d=identicon&r=g","url":"https:\/\/secure.gravatar.com\/avatar\/268c99344c89cebfe4f5df5fa8be43068a18884fc76a29f3206fae98465b9cab?s=96&d=identicon&r=g","contentUrl":"https:\/\/secure.gravatar.com\/avatar\/268c99344c89cebfe4f5df5fa8be43068a18884fc76a29f3206fae98465b9cab?s=96&d=identicon&r=g","caption":"V\u00e9ronique Darmangeat"},"sameAs":["https:\/\/www.lactissima.com\/a-tire-d-ailes","www.facebook.com\/consultante.en.lactation"]}]}},"_links":{"self":[{"href":"https:\/\/www.lactissima.com\/a-tire-d-ailes\/wp-json\/wp\/v2\/posts\/3394","targetHints":{"allow":["GET"]}}],"collection":[{"href":"https:\/\/www.lactissima.com\/a-tire-d-ailes\/wp-json\/wp\/v2\/posts"}],"about":[{"href":"https:\/\/www.lactissima.com\/a-tire-d-ailes\/wp-json\/wp\/v2\/types\/post"}],"author":[{"embeddable":true,"href":"https:\/\/www.lactissima.com\/a-tire-d-ailes\/wp-json\/wp\/v2\/users\/170"}],"replies":[{"embeddable":true,"href":"https:\/\/www.lactissima.com\/a-tire-d-ailes\/wp-json\/wp\/v2\/comments?post=3394"}],"version-history":[{"count":20,"href":"https:\/\/www.lactissima.com\/a-tire-d-ailes\/wp-json\/wp\/v2\/posts\/3394\/revisions"}],"predecessor-version":[{"id":5239,"href":"https:\/\/www.lactissima.com\/a-tire-d-ailes\/wp-json\/wp\/v2\/posts\/3394\/revisions\/5239"}],"wp:featuredmedia":[{"embeddable":true,"href":"https:\/\/www.lactissima.com\/a-tire-d-ailes\/wp-json\/wp\/v2\/media\/3408"}],"wp:attachment":[{"href":"https:\/\/www.lactissima.com\/a-tire-d-ailes\/wp-json\/wp\/v2\/media?parent=3394"}],"wp:term":[{"taxonomy":"category","embeddable":true,"href":"https:\/\/www.lactissima.com\/a-tire-d-ailes\/wp-json\/wp\/v2\/categories?post=3394"},{"taxonomy":"post_tag","embeddable":true,"href":"https:\/\/www.lactissima.com\/a-tire-d-ailes\/wp-json\/wp\/v2\/tags?post=3394"}],"curies":[{"name":"wp","href":"https:\/\/api.w.org\/{rel}","templated":true}]}}