{"id":3367,"date":"2012-10-26T17:36:23","date_gmt":"2012-10-26T15:36:23","guid":{"rendered":"https:\/\/www.lactissima.com\/a-tire-d-ailes\/?p=3367"},"modified":"2014-03-15T16:36:12","modified_gmt":"2014-03-15T14:36:12","slug":"consultante-en-lactation","status":"publish","type":"post","link":"https:\/\/www.lactissima.com\/a-tire-d-ailes\/consultante-en-lactation\/","title":{"rendered":"Mon chemin"},"content":{"rendered":"<p style=\"text-align: justify;\"><a href=\"https:\/\/www.lactissima.com\/a-tire-d-ailes\/wp-content\/uploads\/chemin1.jpg\"><img loading=\"lazy\" decoding=\"async\" class=\"alignright size-full wp-image-3487\" alt=\"Consultante en lactation\" src=\"https:\/\/www.lactissima.com\/a-tire-d-ailes\/wp-content\/uploads\/chemin1.jpg\" width=\"314\" height=\"235\" srcset=\"https:\/\/www.lactissima.com\/a-tire-d-ailes\/wp-content\/uploads\/chemin1.jpg 314w, https:\/\/www.lactissima.com\/a-tire-d-ailes\/wp-content\/uploads\/chemin1-300x224.jpg 300w\" sizes=\"(max-width: 314px) 100vw, 314px\" \/><\/a>Je ne vous ai jamais parl\u00e9, je crois, de ce qui m&rsquo;a <strong>motiv\u00e9e<\/strong> et amen\u00e9e \u00e0 cr\u00e9er ce blog et \u00e0 travailler sur ce sujet.<br \/>\nAujourd&rsquo;hui j&rsquo;ai envie de <strong>partager<\/strong> mon parcours avec vous.<\/p>\n<p style=\"text-align: justify;\">Captiv\u00e9e par l&rsquo;allaitement et le fonctionnement de la lactation, j&rsquo;ai d\u00e9cid\u00e9 en 2002 de me pr\u00e9parer \u00e0 passer le dipl\u00f4me de<strong> consultante en lactation<\/strong>. Cela m&rsquo;a demand\u00e9 de reprendre des \u00e9tudes et de m&rsquo;investir dans un domaine compl\u00e8tement \u00e9tranger \u00e0 mes \u00e9tudes initiales : j&rsquo;avais fait des \u00e9tudes d&rsquo;histoire d&rsquo;un c\u00f4t\u00e9, de violoncelle de l&rsquo;autre&#8230;<\/p>\n<p style=\"text-align: justify;\">C&rsquo;est donc le c\u00f4t\u00e9 <strong>technique<\/strong> de l&rsquo;allaitement qui m&rsquo;a amen\u00e9e \u00e0 passer et r\u00e9ussir ce dipl\u00f4me en 2005. J&rsquo;aimais par dessus tout d\u00e9brouiller les situations compliqu\u00e9es et comprendre d&rsquo;o\u00f9 venaient les difficult\u00e9s d&rsquo;allaitement des femmes que je rencontrais dans ma pratique. Petit \u00e0 petit, j&rsquo;ai \u00e9galement d\u00e9couvert une grande <strong>satisfaction<\/strong> \u00e0 d\u00e9velopper des <strong>relations<\/strong> bas\u00e9es sur la confiance avec ces femmes pour pouvoir les amener \u00e0 vivre l&rsquo;allaitement qu&rsquo;elles souhaitaient. Ce sont ces relations qui font aujourd&rsquo;hui l&rsquo;immense richesse de mon m\u00e9tier de <a href=\"http:\/\/www.allaiteraparis.fr\/\" target=\"_blank\">consultante en lactation<\/a>.<br \/>\nEn effet, je crois que chaque femme a la capacit\u00e9 de faire les <strong>choix<\/strong> qui lui conviennent, si elle a acc\u00e8s \u00e0 des informations valides et \u00e0 jour. Je crois que chaque femme doit pouvoir \u00eatre <strong>soutenue<\/strong> et <strong>accompagn\u00e9e<\/strong> dans ses choix, quels qu&rsquo;ils soient. Je crois que chaque femme est <strong>responsable<\/strong> de ses choix. Je crois que chaque famille est <strong>unique<\/strong> et que cette unicit\u00e9 doit \u00eatre respect\u00e9e.<\/p>\n<p style=\"text-align: justify;\">J&rsquo;ai rencontr\u00e9 en consultations de nombreuses femmes rencontrant des <strong>difficult\u00e9s<\/strong> pour tirer leur lait sur leur lieu de travail, d&rsquo;autres qui souhaitaient <strong>sevrer<\/strong> pour reprendre le travail mais ne trouvaient pas l&rsquo;aide dont elles avaient besoin, un immense vide dans ce domaine. J&rsquo;ai ainsi lanc\u00e9 en 2008 le cabinet <a href=\"https:\/\/www.lactissima.com\/\" target=\"_blank\">Lactissima<\/a> en collaboration avec ma coll\u00e8gue et amie Christine, avec l&rsquo;id\u00e9e d&rsquo;aider les <strong>entreprises<\/strong> \u00e0 accompagner les femmes qui allaitent et rentrent de cong\u00e9s maternit\u00e9.  Je voulais agir efficacement pour renforcer la coh\u00e9sion des entreprises et de leur personnel f\u00e9minin allaitant.<br \/>\nMa <strong>conviction<\/strong> est la suivante : plus l&rsquo;entreprise montre de l&rsquo;int\u00e9r\u00eat et du respect pour le choix personnel des m\u00e8res allaitantes, plus elle leur offre de possibilit\u00e9s permettant de vivre cette dualit\u00e9 en toute harmonie, mieux l&rsquo;entreprise fonctionne et meilleurs sont ses b\u00e9n\u00e9fices.<\/p>\n<p style=\"text-align: justify;\">Je me suis rapidement rendue compte que les entreprises n&rsquo;avaient aucune conscience de l&rsquo;enjeu de l&rsquo;allaitement pour les femmes. Ce blog a donc \u00e9t\u00e9 cr\u00e9\u00e9 pour apporter de l<strong>&lsquo;information pratique<\/strong> aux femmes que vous \u00eates mais \u00e9galement pour montrer aux entreprises <strong>votre existence et vos besoins<\/strong>.<br \/>\nPari <strong>r\u00e9ussi<\/strong> ! En effet vous \u00eates nombreuses \u00e0 lire et commenter ce blog.<\/p>\n<p style=\"text-align: justify;\">L&rsquo;\u00e9tape suivante a \u00e9t\u00e9 l&rsquo;\u00e9criture de mon livre <em><a href=\"http:\/\/www.amazon.fr\/Allaiter-reprendre-travail-V%C3%A9ronique-Darmangeat\/dp\/2850089095\/ref=sr_1_1?ie=UTF8&amp;qid=1339342642&amp;sr=8-1\" target=\"_blank\">Allaiter et reprendre le travail<\/a><\/em> qui \u00e9tait n\u00e9cessaire pour que toutes les femmes puissent avoir une source d&rsquo;information pratique au moment de la reprise du travail.<\/p>\n<p style=\"text-align: justify;\"><strong>Aujourd&rsquo;hui<\/strong> je poursuis cette aventure avec bonheur : <strong>vous<\/strong> \u00eates ma motivation !<\/p>\n<p style=\"text-align: justify;\">\n","protected":false},"excerpt":{"rendered":"<p>Par quel chemin j&rsquo;ai \u00e9t\u00e9 amen\u00e9e au m\u00e9tier de consultante en lactation, au cabinet Lactissima et \u00e0 ce blog.<\/p>\n","protected":false},"author":170,"featured_media":3487,"comment_status":"open","ping_status":"open","sticky":false,"template":"","format":"standard","meta":{"_et_pb_use_builder":"","_et_pb_old_content":"","_et_gb_content_width":"","footnotes":""},"categories":[67],"tags":[384,195,144],"class_list":["post-3367","post","type-post","status-publish","format-standard","has-post-thumbnail","hentry","category-vie-du-blog","tag-allaiter-et-reprendre-le-travail","tag-consultante-en-lactation","tag-lactissima"],"yoast_head":"<!-- This site is optimized with the Yoast SEO plugin v27.4 - https:\/\/yoast.com\/product\/yoast-seo-wordpress\/ -->\n<title>Consultante en lactation<\/title>\n<meta name=\"description\" content=\"Par quel chemin j&#039;ai \u00e9t\u00e9 amen\u00e9e au m\u00e9tier de consultante en lactation, au cabinet Lactissima et \u00e0 ce blog.\" \/>\n<meta name=\"robots\" content=\"index, follow, max-snippet:-1, max-image-preview:large, max-video-preview:-1\" \/>\n<link rel=\"canonical\" href=\"https:\/\/www.lactissima.com\/a-tire-d-ailes\/consultante-en-lactation\/\" \/>\n<meta property=\"og:locale\" content=\"fr_FR\" \/>\n<meta property=\"og:type\" content=\"article\" \/>\n<meta property=\"og:title\" content=\"Consultante en lactation\" \/>\n<meta property=\"og:description\" content=\"Par quel chemin j&#039;ai \u00e9t\u00e9 amen\u00e9e au m\u00e9tier de consultante en lactation, au cabinet Lactissima et \u00e0 ce blog.\" \/>\n<meta property=\"og:url\" content=\"https:\/\/www.lactissima.com\/a-tire-d-ailes\/consultante-en-lactation\/\" \/>\n<meta property=\"og:site_name\" content=\"A tire d&#039;Ailes\" \/>\n<meta property=\"article:publisher\" content=\"https:\/\/www.facebook.com\/consultante.en.lactation\" \/>\n<meta property=\"article:author\" content=\"www.facebook.com\/consultante.en.lactation\" \/>\n<meta property=\"article:published_time\" content=\"2012-10-26T15:36:23+00:00\" \/>\n<meta property=\"article:modified_time\" content=\"2014-03-15T14:36:12+00:00\" \/>\n<meta property=\"og:image\" content=\"https:\/\/www.lactissima.com\/a-tire-d-ailes\/wp-content\/uploads\/chemin1.jpg\" \/>\n\t<meta property=\"og:image:width\" content=\"314\" \/>\n\t<meta property=\"og:image:height\" content=\"235\" \/>\n\t<meta property=\"og:image:type\" content=\"image\/jpeg\" \/>\n<meta name=\"author\" content=\"V\u00e9ronique Darmangeat\" \/>\n<meta name=\"twitter:card\" content=\"summary_large_image\" \/>\n<meta name=\"twitter:creator\" content=\"@VeroniqueIBCLC\" \/>\n<meta name=\"twitter:site\" content=\"@VeroniqueIBCLC\" \/>\n<meta name=\"twitter:label1\" content=\"\u00c9crit par\" \/>\n\t<meta name=\"twitter:data1\" content=\"V\u00e9ronique Darmangeat\" \/>\n\t<meta name=\"twitter:label2\" content=\"Dur\u00e9e de lecture estim\u00e9e\" \/>\n\t<meta name=\"twitter:data2\" content=\"3 minutes\" \/>\n<script type=\"application\/ld+json\" class=\"yoast-schema-graph\">{\"@context\":\"https:\\\/\\\/schema.org\",\"@graph\":[{\"@type\":\"Article\",\"@id\":\"https:\\\/\\\/www.lactissima.com\\\/a-tire-d-ailes\\\/consultante-en-lactation\\\/#article\",\"isPartOf\":{\"@id\":\"https:\\\/\\\/www.lactissima.com\\\/a-tire-d-ailes\\\/consultante-en-lactation\\\/\"},\"author\":{\"name\":\"V\u00e9ronique Darmangeat\",\"@id\":\"https:\\\/\\\/www.lactissima.com\\\/a-tire-d-ailes\\\/#\\\/schema\\\/person\\\/8f98d3a89530861bc1240e6d53d44eed\"},\"headline\":\"Mon chemin\",\"datePublished\":\"2012-10-26T15:36:23+00:00\",\"dateModified\":\"2014-03-15T14:36:12+00:00\",\"mainEntityOfPage\":{\"@id\":\"https:\\\/\\\/www.lactissima.com\\\/a-tire-d-ailes\\\/consultante-en-lactation\\\/\"},\"wordCount\":543,\"commentCount\":20,\"image\":{\"@id\":\"https:\\\/\\\/www.lactissima.com\\\/a-tire-d-ailes\\\/consultante-en-lactation\\\/#primaryimage\"},\"thumbnailUrl\":\"https:\\\/\\\/www.lactissima.com\\\/a-tire-d-ailes\\\/wp-content\\\/uploads\\\/chemin1.jpg\",\"keywords\":[\"Allaiter et reprendre le travail\",\"consultante en lactation\",\"Lactissima\"],\"articleSection\":[\"Vie du blog\"],\"inLanguage\":\"fr-FR\",\"potentialAction\":[{\"@type\":\"CommentAction\",\"name\":\"Comment\",\"target\":[\"https:\\\/\\\/www.lactissima.com\\\/a-tire-d-ailes\\\/consultante-en-lactation\\\/#respond\"]}]},{\"@type\":\"WebPage\",\"@id\":\"https:\\\/\\\/www.lactissima.com\\\/a-tire-d-ailes\\\/consultante-en-lactation\\\/\",\"url\":\"https:\\\/\\\/www.lactissima.com\\\/a-tire-d-ailes\\\/consultante-en-lactation\\\/\",\"name\":\"Consultante en lactation\",\"isPartOf\":{\"@id\":\"https:\\\/\\\/www.lactissima.com\\\/a-tire-d-ailes\\\/#website\"},\"primaryImageOfPage\":{\"@id\":\"https:\\\/\\\/www.lactissima.com\\\/a-tire-d-ailes\\\/consultante-en-lactation\\\/#primaryimage\"},\"image\":{\"@id\":\"https:\\\/\\\/www.lactissima.com\\\/a-tire-d-ailes\\\/consultante-en-lactation\\\/#primaryimage\"},\"thumbnailUrl\":\"https:\\\/\\\/www.lactissima.com\\\/a-tire-d-ailes\\\/wp-content\\\/uploads\\\/chemin1.jpg\",\"datePublished\":\"2012-10-26T15:36:23+00:00\",\"dateModified\":\"2014-03-15T14:36:12+00:00\",\"author\":{\"@id\":\"https:\\\/\\\/www.lactissima.com\\\/a-tire-d-ailes\\\/#\\\/schema\\\/person\\\/8f98d3a89530861bc1240e6d53d44eed\"},\"description\":\"Par quel chemin j'ai \u00e9t\u00e9 amen\u00e9e au m\u00e9tier de consultante en lactation, au cabinet Lactissima et \u00e0 ce blog.\",\"breadcrumb\":{\"@id\":\"https:\\\/\\\/www.lactissima.com\\\/a-tire-d-ailes\\\/consultante-en-lactation\\\/#breadcrumb\"},\"inLanguage\":\"fr-FR\",\"potentialAction\":[{\"@type\":\"ReadAction\",\"target\":[\"https:\\\/\\\/www.lactissima.com\\\/a-tire-d-ailes\\\/consultante-en-lactation\\\/\"]}]},{\"@type\":\"ImageObject\",\"inLanguage\":\"fr-FR\",\"@id\":\"https:\\\/\\\/www.lactissima.com\\\/a-tire-d-ailes\\\/consultante-en-lactation\\\/#primaryimage\",\"url\":\"https:\\\/\\\/www.lactissima.com\\\/a-tire-d-ailes\\\/wp-content\\\/uploads\\\/chemin1.jpg\",\"contentUrl\":\"https:\\\/\\\/www.lactissima.com\\\/a-tire-d-ailes\\\/wp-content\\\/uploads\\\/chemin1.jpg\",\"width\":\"314\",\"height\":\"235\"},{\"@type\":\"BreadcrumbList\",\"@id\":\"https:\\\/\\\/www.lactissima.com\\\/a-tire-d-ailes\\\/consultante-en-lactation\\\/#breadcrumb\",\"itemListElement\":[{\"@type\":\"ListItem\",\"position\":1,\"name\":\"Accueil\",\"item\":\"https:\\\/\\\/www.lactissima.com\\\/a-tire-d-ailes\\\/\"},{\"@type\":\"ListItem\",\"position\":2,\"name\":\"Mon chemin\"}]},{\"@type\":\"WebSite\",\"@id\":\"https:\\\/\\\/www.lactissima.com\\\/a-tire-d-ailes\\\/#website\",\"url\":\"https:\\\/\\\/www.lactissima.com\\\/a-tire-d-ailes\\\/\",\"name\":\"A tire d&#039;Ailes\",\"description\":\"Le blog des femmes qui allaitent et travaillent.\",\"potentialAction\":[{\"@type\":\"SearchAction\",\"target\":{\"@type\":\"EntryPoint\",\"urlTemplate\":\"https:\\\/\\\/www.lactissima.com\\\/a-tire-d-ailes\\\/?s={search_term_string}\"},\"query-input\":{\"@type\":\"PropertyValueSpecification\",\"valueRequired\":true,\"valueName\":\"search_term_string\"}}],\"inLanguage\":\"fr-FR\"},{\"@type\":\"Person\",\"@id\":\"https:\\\/\\\/www.lactissima.com\\\/a-tire-d-ailes\\\/#\\\/schema\\\/person\\\/8f98d3a89530861bc1240e6d53d44eed\",\"name\":\"V\u00e9ronique Darmangeat\",\"image\":{\"@type\":\"ImageObject\",\"inLanguage\":\"fr-FR\",\"@id\":\"https:\\\/\\\/secure.gravatar.com\\\/avatar\\\/268c99344c89cebfe4f5df5fa8be43068a18884fc76a29f3206fae98465b9cab?s=96&d=identicon&r=g\",\"url\":\"https:\\\/\\\/secure.gravatar.com\\\/avatar\\\/268c99344c89cebfe4f5df5fa8be43068a18884fc76a29f3206fae98465b9cab?s=96&d=identicon&r=g\",\"contentUrl\":\"https:\\\/\\\/secure.gravatar.com\\\/avatar\\\/268c99344c89cebfe4f5df5fa8be43068a18884fc76a29f3206fae98465b9cab?s=96&d=identicon&r=g\",\"caption\":\"V\u00e9ronique Darmangeat\"},\"sameAs\":[\"https:\\\/\\\/www.lactissima.com\\\/a-tire-d-ailes\",\"www.facebook.com\\\/consultante.en.lactation\"]}]}<\/script>\n<!-- \/ Yoast SEO plugin. -->","yoast_head_json":{"title":"Consultante en lactation","description":"Par quel chemin j'ai \u00e9t\u00e9 amen\u00e9e au m\u00e9tier de consultante en lactation, au cabinet Lactissima et \u00e0 ce blog.","robots":{"index":"index","follow":"follow","max-snippet":"max-snippet:-1","max-image-preview":"max-image-preview:large","max-video-preview":"max-video-preview:-1"},"canonical":"https:\/\/www.lactissima.com\/a-tire-d-ailes\/consultante-en-lactation\/","og_locale":"fr_FR","og_type":"article","og_title":"Consultante en lactation","og_description":"Par quel chemin j'ai \u00e9t\u00e9 amen\u00e9e au m\u00e9tier de consultante en lactation, au cabinet Lactissima et \u00e0 ce blog.","og_url":"https:\/\/www.lactissima.com\/a-tire-d-ailes\/consultante-en-lactation\/","og_site_name":"A tire d&#039;Ailes","article_publisher":"https:\/\/www.facebook.com\/consultante.en.lactation","article_author":"www.facebook.com\/consultante.en.lactation","article_published_time":"2012-10-26T15:36:23+00:00","article_modified_time":"2014-03-15T14:36:12+00:00","og_image":[{"width":314,"height":235,"url":"https:\/\/www.lactissima.com\/a-tire-d-ailes\/wp-content\/uploads\/chemin1.jpg","type":"image\/jpeg"}],"author":"V\u00e9ronique Darmangeat","twitter_card":"summary_large_image","twitter_creator":"@VeroniqueIBCLC","twitter_site":"@VeroniqueIBCLC","twitter_misc":{"\u00c9crit par":"V\u00e9ronique Darmangeat","Dur\u00e9e de lecture estim\u00e9e":"3 minutes"},"schema":{"@context":"https:\/\/schema.org","@graph":[{"@type":"Article","@id":"https:\/\/www.lactissima.com\/a-tire-d-ailes\/consultante-en-lactation\/#article","isPartOf":{"@id":"https:\/\/www.lactissima.com\/a-tire-d-ailes\/consultante-en-lactation\/"},"author":{"name":"V\u00e9ronique Darmangeat","@id":"https:\/\/www.lactissima.com\/a-tire-d-ailes\/#\/schema\/person\/8f98d3a89530861bc1240e6d53d44eed"},"headline":"Mon chemin","datePublished":"2012-10-26T15:36:23+00:00","dateModified":"2014-03-15T14:36:12+00:00","mainEntityOfPage":{"@id":"https:\/\/www.lactissima.com\/a-tire-d-ailes\/consultante-en-lactation\/"},"wordCount":543,"commentCount":20,"image":{"@id":"https:\/\/www.lactissima.com\/a-tire-d-ailes\/consultante-en-lactation\/#primaryimage"},"thumbnailUrl":"https:\/\/www.lactissima.com\/a-tire-d-ailes\/wp-content\/uploads\/chemin1.jpg","keywords":["Allaiter et reprendre le travail","consultante en lactation","Lactissima"],"articleSection":["Vie du blog"],"inLanguage":"fr-FR","potentialAction":[{"@type":"CommentAction","name":"Comment","target":["https:\/\/www.lactissima.com\/a-tire-d-ailes\/consultante-en-lactation\/#respond"]}]},{"@type":"WebPage","@id":"https:\/\/www.lactissima.com\/a-tire-d-ailes\/consultante-en-lactation\/","url":"https:\/\/www.lactissima.com\/a-tire-d-ailes\/consultante-en-lactation\/","name":"Consultante en lactation","isPartOf":{"@id":"https:\/\/www.lactissima.com\/a-tire-d-ailes\/#website"},"primaryImageOfPage":{"@id":"https:\/\/www.lactissima.com\/a-tire-d-ailes\/consultante-en-lactation\/#primaryimage"},"image":{"@id":"https:\/\/www.lactissima.com\/a-tire-d-ailes\/consultante-en-lactation\/#primaryimage"},"thumbnailUrl":"https:\/\/www.lactissima.com\/a-tire-d-ailes\/wp-content\/uploads\/chemin1.jpg","datePublished":"2012-10-26T15:36:23+00:00","dateModified":"2014-03-15T14:36:12+00:00","author":{"@id":"https:\/\/www.lactissima.com\/a-tire-d-ailes\/#\/schema\/person\/8f98d3a89530861bc1240e6d53d44eed"},"description":"Par quel chemin j'ai \u00e9t\u00e9 amen\u00e9e au m\u00e9tier de consultante en lactation, au cabinet Lactissima et \u00e0 ce blog.","breadcrumb":{"@id":"https:\/\/www.lactissima.com\/a-tire-d-ailes\/consultante-en-lactation\/#breadcrumb"},"inLanguage":"fr-FR","potentialAction":[{"@type":"ReadAction","target":["https:\/\/www.lactissima.com\/a-tire-d-ailes\/consultante-en-lactation\/"]}]},{"@type":"ImageObject","inLanguage":"fr-FR","@id":"https:\/\/www.lactissima.com\/a-tire-d-ailes\/consultante-en-lactation\/#primaryimage","url":"https:\/\/www.lactissima.com\/a-tire-d-ailes\/wp-content\/uploads\/chemin1.jpg","contentUrl":"https:\/\/www.lactissima.com\/a-tire-d-ailes\/wp-content\/uploads\/chemin1.jpg","width":"314","height":"235"},{"@type":"BreadcrumbList","@id":"https:\/\/www.lactissima.com\/a-tire-d-ailes\/consultante-en-lactation\/#breadcrumb","itemListElement":[{"@type":"ListItem","position":1,"name":"Accueil","item":"https:\/\/www.lactissima.com\/a-tire-d-ailes\/"},{"@type":"ListItem","position":2,"name":"Mon chemin"}]},{"@type":"WebSite","@id":"https:\/\/www.lactissima.com\/a-tire-d-ailes\/#website","url":"https:\/\/www.lactissima.com\/a-tire-d-ailes\/","name":"A tire d&#039;Ailes","description":"Le blog des femmes qui allaitent et travaillent.","potentialAction":[{"@type":"SearchAction","target":{"@type":"EntryPoint","urlTemplate":"https:\/\/www.lactissima.com\/a-tire-d-ailes\/?s={search_term_string}"},"query-input":{"@type":"PropertyValueSpecification","valueRequired":true,"valueName":"search_term_string"}}],"inLanguage":"fr-FR"},{"@type":"Person","@id":"https:\/\/www.lactissima.com\/a-tire-d-ailes\/#\/schema\/person\/8f98d3a89530861bc1240e6d53d44eed","name":"V\u00e9ronique Darmangeat","image":{"@type":"ImageObject","inLanguage":"fr-FR","@id":"https:\/\/secure.gravatar.com\/avatar\/268c99344c89cebfe4f5df5fa8be43068a18884fc76a29f3206fae98465b9cab?s=96&d=identicon&r=g","url":"https:\/\/secure.gravatar.com\/avatar\/268c99344c89cebfe4f5df5fa8be43068a18884fc76a29f3206fae98465b9cab?s=96&d=identicon&r=g","contentUrl":"https:\/\/secure.gravatar.com\/avatar\/268c99344c89cebfe4f5df5fa8be43068a18884fc76a29f3206fae98465b9cab?s=96&d=identicon&r=g","caption":"V\u00e9ronique Darmangeat"},"sameAs":["https:\/\/www.lactissima.com\/a-tire-d-ailes","www.facebook.com\/consultante.en.lactation"]}]}},"_links":{"self":[{"href":"https:\/\/www.lactissima.com\/a-tire-d-ailes\/wp-json\/wp\/v2\/posts\/3367","targetHints":{"allow":["GET"]}}],"collection":[{"href":"https:\/\/www.lactissima.com\/a-tire-d-ailes\/wp-json\/wp\/v2\/posts"}],"about":[{"href":"https:\/\/www.lactissima.com\/a-tire-d-ailes\/wp-json\/wp\/v2\/types\/post"}],"author":[{"embeddable":true,"href":"https:\/\/www.lactissima.com\/a-tire-d-ailes\/wp-json\/wp\/v2\/users\/170"}],"replies":[{"embeddable":true,"href":"https:\/\/www.lactissima.com\/a-tire-d-ailes\/wp-json\/wp\/v2\/comments?post=3367"}],"version-history":[{"count":26,"href":"https:\/\/www.lactissima.com\/a-tire-d-ailes\/wp-json\/wp\/v2\/posts\/3367\/revisions"}],"predecessor-version":[{"id":5241,"href":"https:\/\/www.lactissima.com\/a-tire-d-ailes\/wp-json\/wp\/v2\/posts\/3367\/revisions\/5241"}],"wp:featuredmedia":[{"embeddable":true,"href":"https:\/\/www.lactissima.com\/a-tire-d-ailes\/wp-json\/wp\/v2\/media\/3487"}],"wp:attachment":[{"href":"https:\/\/www.lactissima.com\/a-tire-d-ailes\/wp-json\/wp\/v2\/media?parent=3367"}],"wp:term":[{"taxonomy":"category","embeddable":true,"href":"https:\/\/www.lactissima.com\/a-tire-d-ailes\/wp-json\/wp\/v2\/categories?post=3367"},{"taxonomy":"post_tag","embeddable":true,"href":"https:\/\/www.lactissima.com\/a-tire-d-ailes\/wp-json\/wp\/v2\/tags?post=3367"}],"curies":[{"name":"wp","href":"https:\/\/api.w.org\/{rel}","templated":true}]}}