{"id":3353,"date":"2012-10-20T10:19:19","date_gmt":"2012-10-20T08:19:19","guid":{"rendered":"https:\/\/www.lactissima.com\/a-tire-d-ailes\/?p=3353"},"modified":"2018-10-26T16:29:02","modified_gmt":"2018-10-26T14:29:02","slug":"la-revue-de-presse-da-tire-dailes-22","status":"publish","type":"post","link":"https:\/\/www.lactissima.com\/a-tire-d-ailes\/la-revue-de-presse-da-tire-dailes-22\/","title":{"rendered":"La revue de presse d&rsquo;A tire d&rsquo;Ailes (22)"},"content":{"rendered":"<p style=\"text-align: justify;\"><a href=\"https:\/\/www.lactissima.com\/a-tire-d-ailes\/wp-content\/uploads\/journal.jpg\"><img loading=\"lazy\" decoding=\"async\" class=\"alignleft  wp-image-3483\" title=\"journal\" alt=\"\" src=\"https:\/\/www.lactissima.com\/a-tire-d-ailes\/wp-content\/uploads\/journal.jpg\" width=\"161\" height=\"209\" srcset=\"https:\/\/www.lactissima.com\/a-tire-d-ailes\/wp-content\/uploads\/journal.jpg 336w, https:\/\/www.lactissima.com\/a-tire-d-ailes\/wp-content\/uploads\/journal-231x300.jpg 231w\" sizes=\"(max-width: 161px) 100vw, 161px\" \/><\/a>Cette semaine en France, c&rsquo;est la <strong>semaine mondiale de l&rsquo;allaitement maternel<\/strong> (SMAM).<br \/>\nA cette occasion, de <strong>nombreux articles<\/strong> sont sortis sur l&rsquo;allaitement. Je ne vous les mettrai pas tous ici mais voici ce que j&rsquo;ai <strong>rep\u00e9r\u00e9 pour vous<\/strong> depuis la derni\u00e8re revue de presse (il y a plus d&rsquo;un mois pour une fois&#8230;).<\/p>\n<p style=\"text-align: justify;\"><strong>&#8211;<\/strong> Commen\u00e7ons avec cette <strong>image<\/strong> qui a beaucoup plut :<\/p>\n<p style=\"text-align: justify;\">\n<p style=\"text-align: justify;\">Traduction : \u00ab\u00a0<strong>Maman retourne au travail, tu dois y aller aussi ?<\/strong>\u00ab\u00a0<\/p>\n<p style=\"text-align: justify;\">&#8211; En <strong>Suisse<\/strong>, les pauses d&rsquo;allaitement devraient \u00eatre <strong>r\u00e9mun\u00e9r\u00e9es<\/strong>.<\/p>\n<p style=\"text-align: justify;\">&#8211; Au <strong>Texas<\/strong>, un <strong>logo<\/strong> qui d\u00e9signe les lieux de travail <strong>favorables<\/strong> \u00e0 l&rsquo;allaitement !<\/p>\n<p style=\"text-align: justify;\">\n<p style=\"text-align: justify;\">&#8211; Un article sur allaitement et travail.<\/p>\n<p style=\"text-align: justify;\">&#8211; Je vous invite toujours \u00e0 aller lire les excellents articles de <strong>Maman Eprouvette<\/strong> :<\/p>\n<ul style=\"text-align: justify;\">\n<li>Comment fonctionnent les herbes favorisant la<a title=\"production de lait\" href=\"http:\/\/www.mamaneprouvette.com\/2012\/09\/question-de-la-semaine-comment.html\" target=\"_blank\"> production de lait<\/a> ?<\/li>\n<li> L&rsquo;impact de l&rsquo;<a title=\"allaitement long\" href=\"http:\/\/www.mamaneprouvette.com\/2012\/09\/limpact-de-lallaitement-prolonge-sur-la.html\" target=\"_blank\">allaitement prolong\u00e9<\/a> sur la croissance.<\/li>\n<li>Quelles sont les causes du <a title=\"REF\" href=\"http:\/\/www.mamaneprouvette.com\/2012\/09\/question-de-la-semaine-quelles-sont-les.html\" target=\"_blank\">r\u00e9flexe d&rsquo;\u00e9jection fort<\/a> et comment le traiter ?<\/li>\n<li>L&rsquo;importance d&rsquo;avoir diff\u00e9rentes approches pour la promotion et le support de <a title=\"allaitement\" href=\"http:\/\/www.mamaneprouvette.com\/2012\/09\/limportance-davoir-differentes.html\" target=\"_blank\">l&rsquo;allaitement<\/a>.<\/li>\n<li>L&rsquo;\u00e9tablissement de la flore intestinale chez le <a title=\"bebe allaite\" href=\"http:\/\/www.mamaneprouvette.com\/2012\/09\/letablissement-de-la-flore-intestinale.html\" target=\"_blank\">b\u00e9b\u00e9 allait\u00e9<\/a>.<\/li>\n<li>Compter le <a title=\"couches et allaitement\" href=\"http:\/\/www.mamaneprouvette.com\/2012\/09\/compter-le-nombre-de-couches-une-bonne.html\" target=\"_blank\">nombre de couche<\/a>s: une bonne fa\u00e7on de savoir ce que b\u00e9b\u00e9 boit ?<\/li>\n<li>La transition vers la paternit\u00e9 chez les <a title=\"p\u00e8re de b\u00e9b\u00e9 allait\u00e9\" href=\"http:\/\/www.mamaneprouvette.com\/2012\/10\/la-transition-vers-la-paternite-chez.html\" target=\"_blank\">p\u00e8res de b\u00e9b\u00e9s allait\u00e9s<\/a>.<\/li>\n<li>Existe-t-il un syndrome de <a href=\"http:\/\/www.mamaneprouvette.com\/2012\/10\/question-de-la-semaine-existe-t-il-un.html\" target=\"_blank\">sevrage des antid\u00e9presseurs<\/a> chez l&rsquo;enfant allait\u00e9 suite \u00e0 la cessation de l&rsquo;allaitement ?<\/li>\n<li>Effet de la <a href=\"http:\/\/www.mamaneprouvette.com\/2012\/10\/effet-de-la-formation-des-medecins-sur.html\" target=\"_blank\">formation des m\u00e9decins<\/a> sur les taux d&rsquo;allaitement.<\/li>\n<\/ul>\n<p style=\"text-align: justify;\">&#8211; Une<strong> tr\u00e8s belle vid\u00e9o<\/strong> \u00e0 montrer aux mamans enceintes de <a title=\"allaitement de jumeaux\" href=\"http:\/\/www.dailymotion.com\/video\/xgffz2_allaitement-multiple_people\" target=\"_blank\">jumeaux<\/a>.<\/p>\n<p style=\"text-align: justify;\">&#8211; Cette \u00e9tonnante <strong>couverture<\/strong> r\u00e9alis\u00e9e par l&rsquo;artiste tr\u00e8s pris\u00e9 Paul Cesar Helleu assimilait <strong>allaitement et \u00e9l\u00e9gance fran\u00e7aise<\/strong> traditionnelle. Certains des romans f\u00e9minins les plus populaires de l&rsquo;\u00e9poque abordaient la question du d\u00e9fi de l&rsquo;allaitement pour la femme exer\u00e7ant une <strong>profession lib\u00e9rale.<\/strong><\/p>\n<p style=\"text-align: justify;\">\n<p style=\"text-align: justify;\">&#8211; Une <strong>magnifique photo<\/strong> d&rsquo;allaitement de Max Sauter :<\/p>\n<p style=\"text-align: justify;\">\n<p style=\"text-align: justify;\">&#8211; Un <strong>dossier allaitement<\/strong> pr\u00e9par\u00e9 par Magic Maman :<\/p>\n<ul style=\"text-align: justify;\">\n<li>Une vid\u00e9o sur \u00ab\u00a0<a href=\"http:\/\/www.magicmaman.com\/,video-un-sein-ca-sert-a-la-reponse,2006339,2232606.asp\" target=\"_blank\">Le sein \u00e0 quoi \u00e7a sert<\/a>\u00ab\u00a0<\/li>\n<li>Chronique : et la meilleure <a href=\"http:\/\/www.magicmaman.com\/,chronique-allaitement-une-maman-sait-toujours-ce-qui-est-bon-pour-son-enfant,69,2235732.asp\" target=\"_blank\">position pour allaiter<\/a> est&#8230;<\/li>\n<li>Un beau diaporama de <a href=\"http:\/\/www.magicmaman.com\/,mamans-allaitantes-pleins-feux-sur-les-magicmamans,69,2235198.asp#?\" target=\"_blank\">mamans allaitantes<\/a>.<\/li>\n<li>Chronique : pourquoi la <a href=\"http:\/\/www.magicmaman.com\/,chronique-allaitement-l-allaitement-maternel-en-france-une-culture-perdue-a-retrouver,69,2235212.asp\" target=\"_blank\">culture de l&rsquo;allaitement<\/a> en France est perdue&#8230;<\/li>\n<li>Chronique allaitement : si les <a href=\"http:\/\/www.magicmaman.com\/,chronique-allaitement-et-si-les-difficultes-de-l-allaitement-m-etaient-contees,69,2237326.asp\" target=\"_blank\">difficult\u00e9s de l&rsquo;allaitement<\/a> m&rsquo;\u00e9taient cont\u00e9es&#8230;<\/li>\n<li><a href=\"http:\/\/www.magicmaman.com\/,chronique-allaitement-defendre-le-droit-d-allaiter-a-l-exterieur,69,2237896.asp\" target=\"_blank\">Allaitement en ext\u00e9rieur<\/a>.<\/li>\n<\/ul>\n<p style=\"text-align: justify;\">&#8211; <strong>Mamanana<\/strong> a sorti les r\u00e9sultats de son concours <strong>photo<\/strong> Milk in the city. La <strong>gagnante<\/strong> est :<\/p>\n<p style=\"text-align: justify;\">\n<p style=\"text-align: justify;\">N&rsquo;h\u00e9sitez pas \u00e0 aller d\u00e9couvrir les autres photos gagnantes.<\/p>\n<p style=\"text-align: justify;\">&#8211; Un <strong>tableau<\/strong> utile sur l&rsquo;\u00e9limination de l&rsquo;<a href=\"http:\/\/bienvivrelallaitement.wordpress.com\/2010\/02\/08\/elimination-de-lalcool-du-lait-maternel\/\" target=\"_blank\">alcool du lait maternel<\/a>.<\/p>\n<p style=\"text-align: justify;\">&#8211; Un peu <strong>d&rsquo;humour<\/strong> pour terminer : \u00ab\u00a0<strong>Est-ce que \u00e7a fait 4 heures maintenant ?<\/strong>\u00ab\u00a0<\/p>\n<p style=\"text-align: justify;\">\n<p style=\"text-align: justify;\">Bonne <strong>lecture<\/strong> ! Et surtout, n&rsquo;h\u00e9sitez pas \u00e0 nous faire <strong>partager<\/strong> vos d\u00e9couvertes <\/p>\n<p style=\"text-align: justify;\"><strong>Articles en rapport : <\/strong><\/p>\n<p style=\"text-align: justify;\">Voir l&rsquo;onglet <a title=\"Revues de presse\" href=\"https:\/\/www.lactissima.com\/a-tire-d-ailes\/revues-de-presse\/\" target=\"_blank\">Revues de presse<\/a>.<\/p>\n<p style=\"text-align: justify;\">\n","protected":false},"excerpt":{"rendered":"<p>Un mois tr\u00e8s charg\u00e9 sur l&rsquo;allaitement, en partie parce que cette semaine, c&rsquo;est la semaine mondiale de l&rsquo;allaitement maternel.<\/p>\n","protected":false},"author":170,"featured_media":3483,"comment_status":"open","ping_status":"open","sticky":false,"template":"","format":"standard","meta":{"_et_pb_use_builder":"","_et_pb_old_content":"","_et_gb_content_width":"","footnotes":""},"categories":[242],"tags":[415,681,408,219,413,414,410,300,412,370,409,411,407,314],"class_list":["post-3353","post","type-post","status-publish","format-standard","has-post-thumbnail","hentry","category-revue-de-presse","tag-allaitement-en-exterieur","tag-allaitement-et-travail","tag-allaitement-prolonge","tag-bebe-allaite","tag-culture-de-lallaitement","tag-difficultes-de-lallaitement","tag-jumeaux","tag-lallaitement","tag-mamans-allaitantes","tag-pauses-dallaitement","tag-peres-de-bebes-allaites","tag-position-pour-allaiter","tag-production-de-lait","tag-reflexe-dejection-fort"],"yoast_head":"<!-- This site is optimized with the Yoast SEO plugin v27.4 - https:\/\/yoast.com\/product\/yoast-seo-wordpress\/ -->\n<title>La revue de presse d&#039;A tire d&#039;Ailes (22)<\/title>\n<meta name=\"description\" content=\"Un mois tr\u00e8s charg\u00e9 sur l&#039;allaitement, en partie parce que cette semaine, c&#039;est la semaine mondiale de l&#039;allaitement maternel.\" \/>\n<meta name=\"robots\" content=\"index, follow, max-snippet:-1, max-image-preview:large, max-video-preview:-1\" \/>\n<link rel=\"canonical\" href=\"https:\/\/www.lactissima.com\/a-tire-d-ailes\/la-revue-de-presse-da-tire-dailes-22\/\" \/>\n<meta property=\"og:locale\" content=\"fr_FR\" \/>\n<meta property=\"og:type\" content=\"article\" \/>\n<meta property=\"og:title\" content=\"La revue de presse d&#039;A tire d&#039;Ailes (22)\" \/>\n<meta property=\"og:description\" content=\"Un mois tr\u00e8s charg\u00e9 sur l&#039;allaitement, en partie parce que cette semaine, c&#039;est la semaine mondiale de l&#039;allaitement maternel.\" \/>\n<meta property=\"og:url\" content=\"https:\/\/www.lactissima.com\/a-tire-d-ailes\/la-revue-de-presse-da-tire-dailes-22\/\" \/>\n<meta property=\"og:site_name\" content=\"A tire d&#039;Ailes\" \/>\n<meta property=\"article:publisher\" content=\"https:\/\/www.facebook.com\/consultante.en.lactation\" \/>\n<meta property=\"article:author\" content=\"www.facebook.com\/consultante.en.lactation\" \/>\n<meta property=\"article:published_time\" content=\"2012-10-20T08:19:19+00:00\" \/>\n<meta property=\"article:modified_time\" content=\"2018-10-26T14:29:02+00:00\" \/>\n<meta property=\"og:image\" content=\"https:\/\/www.lactissima.com\/a-tire-d-ailes\/wp-content\/uploads\/journal.jpg\" \/>\n\t<meta property=\"og:image:width\" content=\"336\" \/>\n\t<meta property=\"og:image:height\" content=\"436\" \/>\n\t<meta property=\"og:image:type\" content=\"image\/jpeg\" \/>\n<meta name=\"author\" content=\"V\u00e9ronique Darmangeat\" \/>\n<meta name=\"twitter:card\" content=\"summary_large_image\" \/>\n<meta name=\"twitter:creator\" content=\"@VeroniqueIBCLC\" \/>\n<meta name=\"twitter:site\" content=\"@VeroniqueIBCLC\" \/>\n<meta name=\"twitter:label1\" content=\"\u00c9crit par\" \/>\n\t<meta name=\"twitter:data1\" content=\"V\u00e9ronique Darmangeat\" \/>\n\t<meta name=\"twitter:label2\" content=\"Dur\u00e9e de lecture estim\u00e9e\" \/>\n\t<meta name=\"twitter:data2\" content=\"2 minutes\" \/>\n<script type=\"application\/ld+json\" class=\"yoast-schema-graph\">{\"@context\":\"https:\\\/\\\/schema.org\",\"@graph\":[{\"@type\":\"Article\",\"@id\":\"https:\\\/\\\/www.lactissima.com\\\/a-tire-d-ailes\\\/la-revue-de-presse-da-tire-dailes-22\\\/#article\",\"isPartOf\":{\"@id\":\"https:\\\/\\\/www.lactissima.com\\\/a-tire-d-ailes\\\/la-revue-de-presse-da-tire-dailes-22\\\/\"},\"author\":{\"name\":\"V\u00e9ronique Darmangeat\",\"@id\":\"https:\\\/\\\/www.lactissima.com\\\/a-tire-d-ailes\\\/#\\\/schema\\\/person\\\/8f98d3a89530861bc1240e6d53d44eed\"},\"headline\":\"La revue de presse d&rsquo;A tire d&rsquo;Ailes (22)\",\"datePublished\":\"2012-10-20T08:19:19+00:00\",\"dateModified\":\"2018-10-26T14:29:02+00:00\",\"mainEntityOfPage\":{\"@id\":\"https:\\\/\\\/www.lactissima.com\\\/a-tire-d-ailes\\\/la-revue-de-presse-da-tire-dailes-22\\\/\"},\"wordCount\":470,\"commentCount\":2,\"image\":{\"@id\":\"https:\\\/\\\/www.lactissima.com\\\/a-tire-d-ailes\\\/la-revue-de-presse-da-tire-dailes-22\\\/#primaryimage\"},\"thumbnailUrl\":\"https:\\\/\\\/www.lactissima.com\\\/a-tire-d-ailes\\\/wp-content\\\/uploads\\\/journal.jpg\",\"keywords\":[\"allaitement en ext\u00e9rieur\",\"Allaitement et Travail\",\"allaitement prolong\u00e9\",\"b\u00e9b\u00e9 allait\u00e9\",\"culture de l'allaitement\",\"difficult\u00e9s de l'allaitement\",\"jumeaux\",\"l'allaitement\",\"mamans allaitantes\",\"pauses d'allaitement\",\"p\u00e8res de b\u00e9b\u00e9s allait\u00e9s\",\"position pour allaiter\",\"production de lait\",\"r\u00e9flexe d'\u00e9jection fort\"],\"articleSection\":[\"Revue de presse\"],\"inLanguage\":\"fr-FR\",\"potentialAction\":[{\"@type\":\"CommentAction\",\"name\":\"Comment\",\"target\":[\"https:\\\/\\\/www.lactissima.com\\\/a-tire-d-ailes\\\/la-revue-de-presse-da-tire-dailes-22\\\/#respond\"]}]},{\"@type\":\"WebPage\",\"@id\":\"https:\\\/\\\/www.lactissima.com\\\/a-tire-d-ailes\\\/la-revue-de-presse-da-tire-dailes-22\\\/\",\"url\":\"https:\\\/\\\/www.lactissima.com\\\/a-tire-d-ailes\\\/la-revue-de-presse-da-tire-dailes-22\\\/\",\"name\":\"La revue de presse d'A tire d'Ailes (22)\",\"isPartOf\":{\"@id\":\"https:\\\/\\\/www.lactissima.com\\\/a-tire-d-ailes\\\/#website\"},\"primaryImageOfPage\":{\"@id\":\"https:\\\/\\\/www.lactissima.com\\\/a-tire-d-ailes\\\/la-revue-de-presse-da-tire-dailes-22\\\/#primaryimage\"},\"image\":{\"@id\":\"https:\\\/\\\/www.lactissima.com\\\/a-tire-d-ailes\\\/la-revue-de-presse-da-tire-dailes-22\\\/#primaryimage\"},\"thumbnailUrl\":\"https:\\\/\\\/www.lactissima.com\\\/a-tire-d-ailes\\\/wp-content\\\/uploads\\\/journal.jpg\",\"datePublished\":\"2012-10-20T08:19:19+00:00\",\"dateModified\":\"2018-10-26T14:29:02+00:00\",\"author\":{\"@id\":\"https:\\\/\\\/www.lactissima.com\\\/a-tire-d-ailes\\\/#\\\/schema\\\/person\\\/8f98d3a89530861bc1240e6d53d44eed\"},\"description\":\"Un mois tr\u00e8s charg\u00e9 sur l'allaitement, en partie parce que cette semaine, c'est la semaine mondiale de l'allaitement maternel.\",\"breadcrumb\":{\"@id\":\"https:\\\/\\\/www.lactissima.com\\\/a-tire-d-ailes\\\/la-revue-de-presse-da-tire-dailes-22\\\/#breadcrumb\"},\"inLanguage\":\"fr-FR\",\"potentialAction\":[{\"@type\":\"ReadAction\",\"target\":[\"https:\\\/\\\/www.lactissima.com\\\/a-tire-d-ailes\\\/la-revue-de-presse-da-tire-dailes-22\\\/\"]}]},{\"@type\":\"ImageObject\",\"inLanguage\":\"fr-FR\",\"@id\":\"https:\\\/\\\/www.lactissima.com\\\/a-tire-d-ailes\\\/la-revue-de-presse-da-tire-dailes-22\\\/#primaryimage\",\"url\":\"https:\\\/\\\/www.lactissima.com\\\/a-tire-d-ailes\\\/wp-content\\\/uploads\\\/journal.jpg\",\"contentUrl\":\"https:\\\/\\\/www.lactissima.com\\\/a-tire-d-ailes\\\/wp-content\\\/uploads\\\/journal.jpg\",\"width\":\"336\",\"height\":\"436\"},{\"@type\":\"BreadcrumbList\",\"@id\":\"https:\\\/\\\/www.lactissima.com\\\/a-tire-d-ailes\\\/la-revue-de-presse-da-tire-dailes-22\\\/#breadcrumb\",\"itemListElement\":[{\"@type\":\"ListItem\",\"position\":1,\"name\":\"Accueil\",\"item\":\"https:\\\/\\\/www.lactissima.com\\\/a-tire-d-ailes\\\/\"},{\"@type\":\"ListItem\",\"position\":2,\"name\":\"La revue de presse d&rsquo;A tire d&rsquo;Ailes (22)\"}]},{\"@type\":\"WebSite\",\"@id\":\"https:\\\/\\\/www.lactissima.com\\\/a-tire-d-ailes\\\/#website\",\"url\":\"https:\\\/\\\/www.lactissima.com\\\/a-tire-d-ailes\\\/\",\"name\":\"A tire d&#039;Ailes\",\"description\":\"Le blog des femmes qui allaitent et travaillent.\",\"potentialAction\":[{\"@type\":\"SearchAction\",\"target\":{\"@type\":\"EntryPoint\",\"urlTemplate\":\"https:\\\/\\\/www.lactissima.com\\\/a-tire-d-ailes\\\/?s={search_term_string}\"},\"query-input\":{\"@type\":\"PropertyValueSpecification\",\"valueRequired\":true,\"valueName\":\"search_term_string\"}}],\"inLanguage\":\"fr-FR\"},{\"@type\":\"Person\",\"@id\":\"https:\\\/\\\/www.lactissima.com\\\/a-tire-d-ailes\\\/#\\\/schema\\\/person\\\/8f98d3a89530861bc1240e6d53d44eed\",\"name\":\"V\u00e9ronique Darmangeat\",\"image\":{\"@type\":\"ImageObject\",\"inLanguage\":\"fr-FR\",\"@id\":\"https:\\\/\\\/secure.gravatar.com\\\/avatar\\\/268c99344c89cebfe4f5df5fa8be43068a18884fc76a29f3206fae98465b9cab?s=96&d=identicon&r=g\",\"url\":\"https:\\\/\\\/secure.gravatar.com\\\/avatar\\\/268c99344c89cebfe4f5df5fa8be43068a18884fc76a29f3206fae98465b9cab?s=96&d=identicon&r=g\",\"contentUrl\":\"https:\\\/\\\/secure.gravatar.com\\\/avatar\\\/268c99344c89cebfe4f5df5fa8be43068a18884fc76a29f3206fae98465b9cab?s=96&d=identicon&r=g\",\"caption\":\"V\u00e9ronique Darmangeat\"},\"sameAs\":[\"https:\\\/\\\/www.lactissima.com\\\/a-tire-d-ailes\",\"www.facebook.com\\\/consultante.en.lactation\"]}]}<\/script>\n<!-- \/ Yoast SEO plugin. -->","yoast_head_json":{"title":"La revue de presse d'A tire d'Ailes (22)","description":"Un mois tr\u00e8s charg\u00e9 sur l'allaitement, en partie parce que cette semaine, c'est la semaine mondiale de l'allaitement maternel.","robots":{"index":"index","follow":"follow","max-snippet":"max-snippet:-1","max-image-preview":"max-image-preview:large","max-video-preview":"max-video-preview:-1"},"canonical":"https:\/\/www.lactissima.com\/a-tire-d-ailes\/la-revue-de-presse-da-tire-dailes-22\/","og_locale":"fr_FR","og_type":"article","og_title":"La revue de presse d'A tire d'Ailes (22)","og_description":"Un mois tr\u00e8s charg\u00e9 sur l'allaitement, en partie parce que cette semaine, c'est la semaine mondiale de l'allaitement maternel.","og_url":"https:\/\/www.lactissima.com\/a-tire-d-ailes\/la-revue-de-presse-da-tire-dailes-22\/","og_site_name":"A tire d&#039;Ailes","article_publisher":"https:\/\/www.facebook.com\/consultante.en.lactation","article_author":"www.facebook.com\/consultante.en.lactation","article_published_time":"2012-10-20T08:19:19+00:00","article_modified_time":"2018-10-26T14:29:02+00:00","og_image":[{"width":336,"height":436,"url":"https:\/\/www.lactissima.com\/a-tire-d-ailes\/wp-content\/uploads\/journal.jpg","type":"image\/jpeg"}],"author":"V\u00e9ronique Darmangeat","twitter_card":"summary_large_image","twitter_creator":"@VeroniqueIBCLC","twitter_site":"@VeroniqueIBCLC","twitter_misc":{"\u00c9crit par":"V\u00e9ronique Darmangeat","Dur\u00e9e de lecture estim\u00e9e":"2 minutes"},"schema":{"@context":"https:\/\/schema.org","@graph":[{"@type":"Article","@id":"https:\/\/www.lactissima.com\/a-tire-d-ailes\/la-revue-de-presse-da-tire-dailes-22\/#article","isPartOf":{"@id":"https:\/\/www.lactissima.com\/a-tire-d-ailes\/la-revue-de-presse-da-tire-dailes-22\/"},"author":{"name":"V\u00e9ronique Darmangeat","@id":"https:\/\/www.lactissima.com\/a-tire-d-ailes\/#\/schema\/person\/8f98d3a89530861bc1240e6d53d44eed"},"headline":"La revue de presse d&rsquo;A tire d&rsquo;Ailes (22)","datePublished":"2012-10-20T08:19:19+00:00","dateModified":"2018-10-26T14:29:02+00:00","mainEntityOfPage":{"@id":"https:\/\/www.lactissima.com\/a-tire-d-ailes\/la-revue-de-presse-da-tire-dailes-22\/"},"wordCount":470,"commentCount":2,"image":{"@id":"https:\/\/www.lactissima.com\/a-tire-d-ailes\/la-revue-de-presse-da-tire-dailes-22\/#primaryimage"},"thumbnailUrl":"https:\/\/www.lactissima.com\/a-tire-d-ailes\/wp-content\/uploads\/journal.jpg","keywords":["allaitement en ext\u00e9rieur","Allaitement et Travail","allaitement prolong\u00e9","b\u00e9b\u00e9 allait\u00e9","culture de l'allaitement","difficult\u00e9s de l'allaitement","jumeaux","l'allaitement","mamans allaitantes","pauses d'allaitement","p\u00e8res de b\u00e9b\u00e9s allait\u00e9s","position pour allaiter","production de lait","r\u00e9flexe d'\u00e9jection fort"],"articleSection":["Revue de presse"],"inLanguage":"fr-FR","potentialAction":[{"@type":"CommentAction","name":"Comment","target":["https:\/\/www.lactissima.com\/a-tire-d-ailes\/la-revue-de-presse-da-tire-dailes-22\/#respond"]}]},{"@type":"WebPage","@id":"https:\/\/www.lactissima.com\/a-tire-d-ailes\/la-revue-de-presse-da-tire-dailes-22\/","url":"https:\/\/www.lactissima.com\/a-tire-d-ailes\/la-revue-de-presse-da-tire-dailes-22\/","name":"La revue de presse d'A tire d'Ailes (22)","isPartOf":{"@id":"https:\/\/www.lactissima.com\/a-tire-d-ailes\/#website"},"primaryImageOfPage":{"@id":"https:\/\/www.lactissima.com\/a-tire-d-ailes\/la-revue-de-presse-da-tire-dailes-22\/#primaryimage"},"image":{"@id":"https:\/\/www.lactissima.com\/a-tire-d-ailes\/la-revue-de-presse-da-tire-dailes-22\/#primaryimage"},"thumbnailUrl":"https:\/\/www.lactissima.com\/a-tire-d-ailes\/wp-content\/uploads\/journal.jpg","datePublished":"2012-10-20T08:19:19+00:00","dateModified":"2018-10-26T14:29:02+00:00","author":{"@id":"https:\/\/www.lactissima.com\/a-tire-d-ailes\/#\/schema\/person\/8f98d3a89530861bc1240e6d53d44eed"},"description":"Un mois tr\u00e8s charg\u00e9 sur l'allaitement, en partie parce que cette semaine, c'est la semaine mondiale de l'allaitement maternel.","breadcrumb":{"@id":"https:\/\/www.lactissima.com\/a-tire-d-ailes\/la-revue-de-presse-da-tire-dailes-22\/#breadcrumb"},"inLanguage":"fr-FR","potentialAction":[{"@type":"ReadAction","target":["https:\/\/www.lactissima.com\/a-tire-d-ailes\/la-revue-de-presse-da-tire-dailes-22\/"]}]},{"@type":"ImageObject","inLanguage":"fr-FR","@id":"https:\/\/www.lactissima.com\/a-tire-d-ailes\/la-revue-de-presse-da-tire-dailes-22\/#primaryimage","url":"https:\/\/www.lactissima.com\/a-tire-d-ailes\/wp-content\/uploads\/journal.jpg","contentUrl":"https:\/\/www.lactissima.com\/a-tire-d-ailes\/wp-content\/uploads\/journal.jpg","width":"336","height":"436"},{"@type":"BreadcrumbList","@id":"https:\/\/www.lactissima.com\/a-tire-d-ailes\/la-revue-de-presse-da-tire-dailes-22\/#breadcrumb","itemListElement":[{"@type":"ListItem","position":1,"name":"Accueil","item":"https:\/\/www.lactissima.com\/a-tire-d-ailes\/"},{"@type":"ListItem","position":2,"name":"La revue de presse d&rsquo;A tire d&rsquo;Ailes (22)"}]},{"@type":"WebSite","@id":"https:\/\/www.lactissima.com\/a-tire-d-ailes\/#website","url":"https:\/\/www.lactissima.com\/a-tire-d-ailes\/","name":"A tire d&#039;Ailes","description":"Le blog des femmes qui allaitent et travaillent.","potentialAction":[{"@type":"SearchAction","target":{"@type":"EntryPoint","urlTemplate":"https:\/\/www.lactissima.com\/a-tire-d-ailes\/?s={search_term_string}"},"query-input":{"@type":"PropertyValueSpecification","valueRequired":true,"valueName":"search_term_string"}}],"inLanguage":"fr-FR"},{"@type":"Person","@id":"https:\/\/www.lactissima.com\/a-tire-d-ailes\/#\/schema\/person\/8f98d3a89530861bc1240e6d53d44eed","name":"V\u00e9ronique Darmangeat","image":{"@type":"ImageObject","inLanguage":"fr-FR","@id":"https:\/\/secure.gravatar.com\/avatar\/268c99344c89cebfe4f5df5fa8be43068a18884fc76a29f3206fae98465b9cab?s=96&d=identicon&r=g","url":"https:\/\/secure.gravatar.com\/avatar\/268c99344c89cebfe4f5df5fa8be43068a18884fc76a29f3206fae98465b9cab?s=96&d=identicon&r=g","contentUrl":"https:\/\/secure.gravatar.com\/avatar\/268c99344c89cebfe4f5df5fa8be43068a18884fc76a29f3206fae98465b9cab?s=96&d=identicon&r=g","caption":"V\u00e9ronique Darmangeat"},"sameAs":["https:\/\/www.lactissima.com\/a-tire-d-ailes","www.facebook.com\/consultante.en.lactation"]}]}},"_links":{"self":[{"href":"https:\/\/www.lactissima.com\/a-tire-d-ailes\/wp-json\/wp\/v2\/posts\/3353","targetHints":{"allow":["GET"]}}],"collection":[{"href":"https:\/\/www.lactissima.com\/a-tire-d-ailes\/wp-json\/wp\/v2\/posts"}],"about":[{"href":"https:\/\/www.lactissima.com\/a-tire-d-ailes\/wp-json\/wp\/v2\/types\/post"}],"author":[{"embeddable":true,"href":"https:\/\/www.lactissima.com\/a-tire-d-ailes\/wp-json\/wp\/v2\/users\/170"}],"replies":[{"embeddable":true,"href":"https:\/\/www.lactissima.com\/a-tire-d-ailes\/wp-json\/wp\/v2\/comments?post=3353"}],"version-history":[{"count":32,"href":"https:\/\/www.lactissima.com\/a-tire-d-ailes\/wp-json\/wp\/v2\/posts\/3353\/revisions"}],"predecessor-version":[{"id":7896,"href":"https:\/\/www.lactissima.com\/a-tire-d-ailes\/wp-json\/wp\/v2\/posts\/3353\/revisions\/7896"}],"wp:featuredmedia":[{"embeddable":true,"href":"https:\/\/www.lactissima.com\/a-tire-d-ailes\/wp-json\/wp\/v2\/media\/3483"}],"wp:attachment":[{"href":"https:\/\/www.lactissima.com\/a-tire-d-ailes\/wp-json\/wp\/v2\/media?parent=3353"}],"wp:term":[{"taxonomy":"category","embeddable":true,"href":"https:\/\/www.lactissima.com\/a-tire-d-ailes\/wp-json\/wp\/v2\/categories?post=3353"},{"taxonomy":"post_tag","embeddable":true,"href":"https:\/\/www.lactissima.com\/a-tire-d-ailes\/wp-json\/wp\/v2\/tags?post=3353"}],"curies":[{"name":"wp","href":"https:\/\/api.w.org\/{rel}","templated":true}]}}