{"id":3342,"date":"2012-10-13T19:53:08","date_gmt":"2012-10-13T17:53:08","guid":{"rendered":"https:\/\/www.lactissima.com\/a-tire-d-ailes\/?p=3342"},"modified":"2014-03-15T16:36:45","modified_gmt":"2014-03-15T14:36:45","slug":"allaitement-et-assistante-maternelle","status":"publish","type":"post","link":"https:\/\/www.lactissima.com\/a-tire-d-ailes\/allaitement-et-assistante-maternelle\/","title":{"rendered":"Allaitement et travail : le t\u00e9moignage d&rsquo;une assistante maternelle"},"content":{"rendered":"<p style=\"text-align: justify;\"><a href=\"https:\/\/www.lactissima.com\/a-tire-d-ailes\/wp-content\/uploads\/Tasse.jpg\"><img loading=\"lazy\" decoding=\"async\" class=\"alignright size-full wp-image-3343\" title=\"allaitement et assistante maternelle\" alt=\"allaitement et assistante maternelle\" src=\"https:\/\/www.lactissima.com\/a-tire-d-ailes\/wp-content\/uploads\/Tasse.jpg\" width=\"336\" height=\"349\" srcset=\"https:\/\/www.lactissima.com\/a-tire-d-ailes\/wp-content\/uploads\/Tasse.jpg 336w, https:\/\/www.lactissima.com\/a-tire-d-ailes\/wp-content\/uploads\/Tasse-288x300.jpg 288w\" sizes=\"(max-width: 336px) 100vw, 336px\" \/><\/a>Je suis tr\u00e8s heureuse de pouvoir vous proposer le t\u00e9moignage d&rsquo;Anne. Elle est <span style=\"color: #000000;\"><a title=\"Assistante maternelle\" href=\"https:\/\/www.lactissima.com\/a-tire-d-ailes\/assistante-maternelle-magazine\/\" target=\"_blank\"><span style=\"color: #000000;\">assistante maternelle<\/span><\/a><\/span> et a accept\u00e9 de r\u00e9pondre \u00e0 mes questions sur l&rsquo;accueil d&rsquo;un b\u00e9b\u00e9 allait\u00e9.<\/p>\n<ul style=\"text-align: justify;\">\n<li><strong>Bonjour Anne, vous \u00eates assistante maternelle, avez-vous d\u00e9j\u00e0 gard\u00e9 des b\u00e9b\u00e9s allait\u00e9s ? Comment cela s&rsquo;est-il pass\u00e9 ?<\/strong><\/li>\n<\/ul>\n<p style=\"text-align: justify;\">Je suis assistante maternelle depuis quatre ans. J&rsquo;ai gard\u00e9 trois enfants et fait un remplacement.<br \/>\nDeux de ces enfants ont \u00e9t\u00e9 allait\u00e9s plus d&rsquo;un an pour un et deux ans pour l&rsquo;autre.<\/p>\n<p style=\"text-align: justify;\">Pour les repas chez moi, cela s&rsquo;est tr\u00e8s bien pass\u00e9.<\/p>\n<ul style=\"text-align: justify;\">\n<li><strong>Avez-vous d\u00e9j\u00e0 gard\u00e9 des b\u00e9b\u00e9s sevr\u00e9s pour la reprise du travail ? \u00c3\u2030tait-ce plus facile pour le b\u00e9b\u00e9 ?<\/strong><\/li>\n<\/ul>\n<p style=\"text-align: justify;\">Non, je n&rsquo;ai pas gard\u00e9 de b\u00e9b\u00e9s sevr\u00e9s pour la reprise du travail.<\/p>\n<ul style=\"text-align: justify;\">\n<li><strong>Quels conseils donneriez-vous aux mamans pour mieux communiquer avec leur assistante maternelle ?<\/strong><\/li>\n<\/ul>\n<p style=\"text-align: justify;\">Je conseillerai de garder un rapport professionnel, de se vouvoyer par exemple.<br \/>\n\u00c3\u2030liminer tout de suite les probl\u00e8mes classiques et parasites qui peuvent survenir \u00e0 propos des horaires, du salaire, date des cong\u00e9s, des heures suppl\u00e9mentaires&#8230;etc en mettant tout au clair dans le contrat. Et respectez les horaires.<\/p>\n<p style=\"text-align: justify;\">Il faut parler des probl\u00e8mes d\u00e8s qu&rsquo;ils se pr\u00e9sentent et de ne pas h\u00e9siter \u00e0 se voir sans la pr\u00e9sence des enfants pour avoir une discussion dans le calme.<br \/>\nSi vous la sentez r\u00e9ticente sur un sujet, c&rsquo;est peut-\u00eatre qu&rsquo;elle ne le connait pas. Parlez-en avec elle. Vous pouvez m\u00eame lui proposer de la documentation.<br \/>\nIl faut aussi prendre en compte que l&rsquo;assistante maternelle accueille d&rsquo;autres enfants dont les parents auront d&rsquo;autres principes d&rsquo;\u00e9ducations.<\/p>\n<p style=\"text-align: justify;\">Si vous \u00eates contente de son travail, n&rsquo;h\u00e9sitez pas \u00e0 lui dire. C&rsquo;est un travail qui manque de reconnaissance (heureusement on a le sourire des enfants).<\/p>\n<ul style=\"text-align: justify;\">\n<li><strong>Quels conseils donneriez-vous aux assistantes maternelles pour garder un b\u00e9b\u00e9 allait\u00e9 ?<\/strong><\/li>\n<\/ul>\n<p style=\"text-align: justify;\">Gardez un peu de lait dans votre cong\u00e9lateur. C&rsquo;est pratique en cas de souci.<br \/>\nDemandez aux parents de bien noter le jour sur le r\u00e9cipient de lait maternel.<\/p>\n<p style=\"text-align: justify;\">Les habitudes et les quantit\u00e9s ne sont pas les m\u00eames qu&rsquo;avec un b\u00e9b\u00e9 au lait artificiel, il ne faut pas comparer les deux. Pensez \u00e0 d&rsquo;autres syst\u00e8mes que le biberon si l&rsquo;enfant le refuse, comme la <a href=\"https:\/\/www.lactissima.com\/a-tire-d-ailes\/donner-son-lait-autrementquau-biberon\/\" target=\"_blank\">tasse \u00e0 bec<\/a> pour les plus de six mois.<\/p>\n<p style=\"text-align: justify;\">Je trouve que c&rsquo;est beaucoup plus simple de donner du lait maternel que du lait artificiel \u00e9paissi qui fait des grumeaux&#8230;<\/p>\n<p style=\"text-align: justify;\">Merci beaucoup Anne pour ce t\u00e9moignage sur allaitement et assistante maternelle !<\/p>\n<p style=\"text-align: justify;\"><strong>Articles en rapport :<\/strong><\/p>\n<ul>\n<li style=\"text-align: justify;\"><a href=\"https:\/\/www.lactissima.com\/a-tire-d-ailes\/interview-dune-directrice-de-creche\/\" target=\"_blank\">Interview d&rsquo;une directrice de cr\u00e8che<\/a><\/li>\n<\/ul>\n<p>&nbsp;<\/p>\n","protected":false},"excerpt":{"rendered":"<p>Anne est assistante maternelle. Elle pense que ce n&rsquo;est pas plus compliqu\u00e9 d&rsquo;accueillir un b\u00e9b\u00e9 allait\u00e9.<\/p>\n","protected":false},"author":170,"featured_media":3343,"comment_status":"open","ping_status":"open","sticky":false,"template":"","format":"standard","meta":{"_et_pb_use_builder":"","_et_pb_old_content":"","_et_gb_content_width":"","footnotes":""},"categories":[36,150],"tags":[87,94],"class_list":["post-3342","post","type-post","status-publish","format-standard","has-post-thumbnail","hentry","category-allaitement-et-travail","category-temoignages","tag-assistante-maternelle","tag-tasse-a-bec"],"yoast_head":"<!-- This site is optimized with the Yoast SEO plugin v27.4 - https:\/\/yoast.com\/product\/yoast-seo-wordpress\/ -->\n<title>allaitement et assistante maternelle<\/title>\n<meta name=\"description\" content=\"Anne est assistante maternelle. Elle pense que l&#039;on peut concilier sans probl\u00e8me allaitement et assistante maternelle. Un b\u00e9b\u00e9 allait\u00e9 n&#039;est pas un probl\u00e8me.\" \/>\n<meta name=\"robots\" content=\"index, follow, max-snippet:-1, max-image-preview:large, max-video-preview:-1\" \/>\n<link rel=\"canonical\" href=\"https:\/\/www.lactissima.com\/a-tire-d-ailes\/allaitement-et-assistante-maternelle\/\" \/>\n<meta property=\"og:locale\" content=\"fr_FR\" \/>\n<meta property=\"og:type\" content=\"article\" \/>\n<meta property=\"og:title\" content=\"allaitement et assistante maternelle\" \/>\n<meta property=\"og:description\" content=\"Anne est assistante maternelle. Elle pense que l&#039;on peut concilier sans probl\u00e8me allaitement et assistante maternelle. Un b\u00e9b\u00e9 allait\u00e9 n&#039;est pas un probl\u00e8me.\" \/>\n<meta property=\"og:url\" content=\"https:\/\/www.lactissima.com\/a-tire-d-ailes\/allaitement-et-assistante-maternelle\/\" \/>\n<meta property=\"og:site_name\" content=\"A tire d&#039;Ailes\" \/>\n<meta property=\"article:publisher\" content=\"https:\/\/www.facebook.com\/consultante.en.lactation\" \/>\n<meta property=\"article:author\" content=\"www.facebook.com\/consultante.en.lactation\" \/>\n<meta property=\"article:published_time\" content=\"2012-10-13T17:53:08+00:00\" \/>\n<meta property=\"article:modified_time\" content=\"2014-03-15T14:36:45+00:00\" \/>\n<meta property=\"og:image\" content=\"https:\/\/www.lactissima.com\/a-tire-d-ailes\/wp-content\/uploads\/Tasse.jpg\" \/>\n\t<meta property=\"og:image:width\" content=\"336\" \/>\n\t<meta property=\"og:image:height\" content=\"349\" \/>\n\t<meta property=\"og:image:type\" content=\"image\/jpeg\" \/>\n<meta name=\"author\" content=\"V\u00e9ronique Darmangeat\" \/>\n<meta name=\"twitter:card\" content=\"summary_large_image\" \/>\n<meta name=\"twitter:creator\" content=\"@VeroniqueIBCLC\" \/>\n<meta name=\"twitter:site\" content=\"@VeroniqueIBCLC\" \/>\n<meta name=\"twitter:label1\" content=\"\u00c9crit par\" \/>\n\t<meta name=\"twitter:data1\" content=\"V\u00e9ronique Darmangeat\" \/>\n\t<meta name=\"twitter:label2\" content=\"Dur\u00e9e de lecture estim\u00e9e\" \/>\n\t<meta name=\"twitter:data2\" content=\"2 minutes\" \/>\n<script type=\"application\/ld+json\" class=\"yoast-schema-graph\">{\"@context\":\"https:\\\/\\\/schema.org\",\"@graph\":[{\"@type\":\"Article\",\"@id\":\"https:\\\/\\\/www.lactissima.com\\\/a-tire-d-ailes\\\/allaitement-et-assistante-maternelle\\\/#article\",\"isPartOf\":{\"@id\":\"https:\\\/\\\/www.lactissima.com\\\/a-tire-d-ailes\\\/allaitement-et-assistante-maternelle\\\/\"},\"author\":{\"name\":\"V\u00e9ronique Darmangeat\",\"@id\":\"https:\\\/\\\/www.lactissima.com\\\/a-tire-d-ailes\\\/#\\\/schema\\\/person\\\/8f98d3a89530861bc1240e6d53d44eed\"},\"headline\":\"Allaitement et travail : le t\u00e9moignage d&rsquo;une assistante maternelle\",\"datePublished\":\"2012-10-13T17:53:08+00:00\",\"dateModified\":\"2014-03-15T14:36:45+00:00\",\"mainEntityOfPage\":{\"@id\":\"https:\\\/\\\/www.lactissima.com\\\/a-tire-d-ailes\\\/allaitement-et-assistante-maternelle\\\/\"},\"wordCount\":469,\"commentCount\":0,\"image\":{\"@id\":\"https:\\\/\\\/www.lactissima.com\\\/a-tire-d-ailes\\\/allaitement-et-assistante-maternelle\\\/#primaryimage\"},\"thumbnailUrl\":\"https:\\\/\\\/www.lactissima.com\\\/a-tire-d-ailes\\\/wp-content\\\/uploads\\\/Tasse.jpg\",\"keywords\":[\"assistante maternelle\",\"tasse \u00e0 bec\"],\"articleSection\":[\"Allaitement et Travail\",\"t\u00e9moignages\"],\"inLanguage\":\"fr-FR\",\"potentialAction\":[{\"@type\":\"CommentAction\",\"name\":\"Comment\",\"target\":[\"https:\\\/\\\/www.lactissima.com\\\/a-tire-d-ailes\\\/allaitement-et-assistante-maternelle\\\/#respond\"]}]},{\"@type\":\"WebPage\",\"@id\":\"https:\\\/\\\/www.lactissima.com\\\/a-tire-d-ailes\\\/allaitement-et-assistante-maternelle\\\/\",\"url\":\"https:\\\/\\\/www.lactissima.com\\\/a-tire-d-ailes\\\/allaitement-et-assistante-maternelle\\\/\",\"name\":\"allaitement et assistante maternelle\",\"isPartOf\":{\"@id\":\"https:\\\/\\\/www.lactissima.com\\\/a-tire-d-ailes\\\/#website\"},\"primaryImageOfPage\":{\"@id\":\"https:\\\/\\\/www.lactissima.com\\\/a-tire-d-ailes\\\/allaitement-et-assistante-maternelle\\\/#primaryimage\"},\"image\":{\"@id\":\"https:\\\/\\\/www.lactissima.com\\\/a-tire-d-ailes\\\/allaitement-et-assistante-maternelle\\\/#primaryimage\"},\"thumbnailUrl\":\"https:\\\/\\\/www.lactissima.com\\\/a-tire-d-ailes\\\/wp-content\\\/uploads\\\/Tasse.jpg\",\"datePublished\":\"2012-10-13T17:53:08+00:00\",\"dateModified\":\"2014-03-15T14:36:45+00:00\",\"author\":{\"@id\":\"https:\\\/\\\/www.lactissima.com\\\/a-tire-d-ailes\\\/#\\\/schema\\\/person\\\/8f98d3a89530861bc1240e6d53d44eed\"},\"description\":\"Anne est assistante maternelle. Elle pense que l'on peut concilier sans probl\u00e8me allaitement et assistante maternelle. Un b\u00e9b\u00e9 allait\u00e9 n'est pas un probl\u00e8me.\",\"breadcrumb\":{\"@id\":\"https:\\\/\\\/www.lactissima.com\\\/a-tire-d-ailes\\\/allaitement-et-assistante-maternelle\\\/#breadcrumb\"},\"inLanguage\":\"fr-FR\",\"potentialAction\":[{\"@type\":\"ReadAction\",\"target\":[\"https:\\\/\\\/www.lactissima.com\\\/a-tire-d-ailes\\\/allaitement-et-assistante-maternelle\\\/\"]}]},{\"@type\":\"ImageObject\",\"inLanguage\":\"fr-FR\",\"@id\":\"https:\\\/\\\/www.lactissima.com\\\/a-tire-d-ailes\\\/allaitement-et-assistante-maternelle\\\/#primaryimage\",\"url\":\"https:\\\/\\\/www.lactissima.com\\\/a-tire-d-ailes\\\/wp-content\\\/uploads\\\/Tasse.jpg\",\"contentUrl\":\"https:\\\/\\\/www.lactissima.com\\\/a-tire-d-ailes\\\/wp-content\\\/uploads\\\/Tasse.jpg\",\"width\":\"336\",\"height\":\"349\"},{\"@type\":\"BreadcrumbList\",\"@id\":\"https:\\\/\\\/www.lactissima.com\\\/a-tire-d-ailes\\\/allaitement-et-assistante-maternelle\\\/#breadcrumb\",\"itemListElement\":[{\"@type\":\"ListItem\",\"position\":1,\"name\":\"Accueil\",\"item\":\"https:\\\/\\\/www.lactissima.com\\\/a-tire-d-ailes\\\/\"},{\"@type\":\"ListItem\",\"position\":2,\"name\":\"Allaitement et travail : le t\u00e9moignage d&rsquo;une assistante maternelle\"}]},{\"@type\":\"WebSite\",\"@id\":\"https:\\\/\\\/www.lactissima.com\\\/a-tire-d-ailes\\\/#website\",\"url\":\"https:\\\/\\\/www.lactissima.com\\\/a-tire-d-ailes\\\/\",\"name\":\"A tire d&#039;Ailes\",\"description\":\"Le blog des femmes qui allaitent et travaillent.\",\"potentialAction\":[{\"@type\":\"SearchAction\",\"target\":{\"@type\":\"EntryPoint\",\"urlTemplate\":\"https:\\\/\\\/www.lactissima.com\\\/a-tire-d-ailes\\\/?s={search_term_string}\"},\"query-input\":{\"@type\":\"PropertyValueSpecification\",\"valueRequired\":true,\"valueName\":\"search_term_string\"}}],\"inLanguage\":\"fr-FR\"},{\"@type\":\"Person\",\"@id\":\"https:\\\/\\\/www.lactissima.com\\\/a-tire-d-ailes\\\/#\\\/schema\\\/person\\\/8f98d3a89530861bc1240e6d53d44eed\",\"name\":\"V\u00e9ronique Darmangeat\",\"image\":{\"@type\":\"ImageObject\",\"inLanguage\":\"fr-FR\",\"@id\":\"https:\\\/\\\/secure.gravatar.com\\\/avatar\\\/268c99344c89cebfe4f5df5fa8be43068a18884fc76a29f3206fae98465b9cab?s=96&d=identicon&r=g\",\"url\":\"https:\\\/\\\/secure.gravatar.com\\\/avatar\\\/268c99344c89cebfe4f5df5fa8be43068a18884fc76a29f3206fae98465b9cab?s=96&d=identicon&r=g\",\"contentUrl\":\"https:\\\/\\\/secure.gravatar.com\\\/avatar\\\/268c99344c89cebfe4f5df5fa8be43068a18884fc76a29f3206fae98465b9cab?s=96&d=identicon&r=g\",\"caption\":\"V\u00e9ronique Darmangeat\"},\"sameAs\":[\"https:\\\/\\\/www.lactissima.com\\\/a-tire-d-ailes\",\"www.facebook.com\\\/consultante.en.lactation\"]}]}<\/script>\n<!-- \/ Yoast SEO plugin. -->","yoast_head_json":{"title":"allaitement et assistante maternelle","description":"Anne est assistante maternelle. Elle pense que l'on peut concilier sans probl\u00e8me allaitement et assistante maternelle. Un b\u00e9b\u00e9 allait\u00e9 n'est pas un probl\u00e8me.","robots":{"index":"index","follow":"follow","max-snippet":"max-snippet:-1","max-image-preview":"max-image-preview:large","max-video-preview":"max-video-preview:-1"},"canonical":"https:\/\/www.lactissima.com\/a-tire-d-ailes\/allaitement-et-assistante-maternelle\/","og_locale":"fr_FR","og_type":"article","og_title":"allaitement et assistante maternelle","og_description":"Anne est assistante maternelle. Elle pense que l'on peut concilier sans probl\u00e8me allaitement et assistante maternelle. Un b\u00e9b\u00e9 allait\u00e9 n'est pas un probl\u00e8me.","og_url":"https:\/\/www.lactissima.com\/a-tire-d-ailes\/allaitement-et-assistante-maternelle\/","og_site_name":"A tire d&#039;Ailes","article_publisher":"https:\/\/www.facebook.com\/consultante.en.lactation","article_author":"www.facebook.com\/consultante.en.lactation","article_published_time":"2012-10-13T17:53:08+00:00","article_modified_time":"2014-03-15T14:36:45+00:00","og_image":[{"width":336,"height":349,"url":"https:\/\/www.lactissima.com\/a-tire-d-ailes\/wp-content\/uploads\/Tasse.jpg","type":"image\/jpeg"}],"author":"V\u00e9ronique Darmangeat","twitter_card":"summary_large_image","twitter_creator":"@VeroniqueIBCLC","twitter_site":"@VeroniqueIBCLC","twitter_misc":{"\u00c9crit par":"V\u00e9ronique Darmangeat","Dur\u00e9e de lecture estim\u00e9e":"2 minutes"},"schema":{"@context":"https:\/\/schema.org","@graph":[{"@type":"Article","@id":"https:\/\/www.lactissima.com\/a-tire-d-ailes\/allaitement-et-assistante-maternelle\/#article","isPartOf":{"@id":"https:\/\/www.lactissima.com\/a-tire-d-ailes\/allaitement-et-assistante-maternelle\/"},"author":{"name":"V\u00e9ronique Darmangeat","@id":"https:\/\/www.lactissima.com\/a-tire-d-ailes\/#\/schema\/person\/8f98d3a89530861bc1240e6d53d44eed"},"headline":"Allaitement et travail : le t\u00e9moignage d&rsquo;une assistante maternelle","datePublished":"2012-10-13T17:53:08+00:00","dateModified":"2014-03-15T14:36:45+00:00","mainEntityOfPage":{"@id":"https:\/\/www.lactissima.com\/a-tire-d-ailes\/allaitement-et-assistante-maternelle\/"},"wordCount":469,"commentCount":0,"image":{"@id":"https:\/\/www.lactissima.com\/a-tire-d-ailes\/allaitement-et-assistante-maternelle\/#primaryimage"},"thumbnailUrl":"https:\/\/www.lactissima.com\/a-tire-d-ailes\/wp-content\/uploads\/Tasse.jpg","keywords":["assistante maternelle","tasse \u00e0 bec"],"articleSection":["Allaitement et Travail","t\u00e9moignages"],"inLanguage":"fr-FR","potentialAction":[{"@type":"CommentAction","name":"Comment","target":["https:\/\/www.lactissima.com\/a-tire-d-ailes\/allaitement-et-assistante-maternelle\/#respond"]}]},{"@type":"WebPage","@id":"https:\/\/www.lactissima.com\/a-tire-d-ailes\/allaitement-et-assistante-maternelle\/","url":"https:\/\/www.lactissima.com\/a-tire-d-ailes\/allaitement-et-assistante-maternelle\/","name":"allaitement et assistante maternelle","isPartOf":{"@id":"https:\/\/www.lactissima.com\/a-tire-d-ailes\/#website"},"primaryImageOfPage":{"@id":"https:\/\/www.lactissima.com\/a-tire-d-ailes\/allaitement-et-assistante-maternelle\/#primaryimage"},"image":{"@id":"https:\/\/www.lactissima.com\/a-tire-d-ailes\/allaitement-et-assistante-maternelle\/#primaryimage"},"thumbnailUrl":"https:\/\/www.lactissima.com\/a-tire-d-ailes\/wp-content\/uploads\/Tasse.jpg","datePublished":"2012-10-13T17:53:08+00:00","dateModified":"2014-03-15T14:36:45+00:00","author":{"@id":"https:\/\/www.lactissima.com\/a-tire-d-ailes\/#\/schema\/person\/8f98d3a89530861bc1240e6d53d44eed"},"description":"Anne est assistante maternelle. Elle pense que l'on peut concilier sans probl\u00e8me allaitement et assistante maternelle. Un b\u00e9b\u00e9 allait\u00e9 n'est pas un probl\u00e8me.","breadcrumb":{"@id":"https:\/\/www.lactissima.com\/a-tire-d-ailes\/allaitement-et-assistante-maternelle\/#breadcrumb"},"inLanguage":"fr-FR","potentialAction":[{"@type":"ReadAction","target":["https:\/\/www.lactissima.com\/a-tire-d-ailes\/allaitement-et-assistante-maternelle\/"]}]},{"@type":"ImageObject","inLanguage":"fr-FR","@id":"https:\/\/www.lactissima.com\/a-tire-d-ailes\/allaitement-et-assistante-maternelle\/#primaryimage","url":"https:\/\/www.lactissima.com\/a-tire-d-ailes\/wp-content\/uploads\/Tasse.jpg","contentUrl":"https:\/\/www.lactissima.com\/a-tire-d-ailes\/wp-content\/uploads\/Tasse.jpg","width":"336","height":"349"},{"@type":"BreadcrumbList","@id":"https:\/\/www.lactissima.com\/a-tire-d-ailes\/allaitement-et-assistante-maternelle\/#breadcrumb","itemListElement":[{"@type":"ListItem","position":1,"name":"Accueil","item":"https:\/\/www.lactissima.com\/a-tire-d-ailes\/"},{"@type":"ListItem","position":2,"name":"Allaitement et travail : le t\u00e9moignage d&rsquo;une assistante maternelle"}]},{"@type":"WebSite","@id":"https:\/\/www.lactissima.com\/a-tire-d-ailes\/#website","url":"https:\/\/www.lactissima.com\/a-tire-d-ailes\/","name":"A tire d&#039;Ailes","description":"Le blog des femmes qui allaitent et travaillent.","potentialAction":[{"@type":"SearchAction","target":{"@type":"EntryPoint","urlTemplate":"https:\/\/www.lactissima.com\/a-tire-d-ailes\/?s={search_term_string}"},"query-input":{"@type":"PropertyValueSpecification","valueRequired":true,"valueName":"search_term_string"}}],"inLanguage":"fr-FR"},{"@type":"Person","@id":"https:\/\/www.lactissima.com\/a-tire-d-ailes\/#\/schema\/person\/8f98d3a89530861bc1240e6d53d44eed","name":"V\u00e9ronique Darmangeat","image":{"@type":"ImageObject","inLanguage":"fr-FR","@id":"https:\/\/secure.gravatar.com\/avatar\/268c99344c89cebfe4f5df5fa8be43068a18884fc76a29f3206fae98465b9cab?s=96&d=identicon&r=g","url":"https:\/\/secure.gravatar.com\/avatar\/268c99344c89cebfe4f5df5fa8be43068a18884fc76a29f3206fae98465b9cab?s=96&d=identicon&r=g","contentUrl":"https:\/\/secure.gravatar.com\/avatar\/268c99344c89cebfe4f5df5fa8be43068a18884fc76a29f3206fae98465b9cab?s=96&d=identicon&r=g","caption":"V\u00e9ronique Darmangeat"},"sameAs":["https:\/\/www.lactissima.com\/a-tire-d-ailes","www.facebook.com\/consultante.en.lactation"]}]}},"_links":{"self":[{"href":"https:\/\/www.lactissima.com\/a-tire-d-ailes\/wp-json\/wp\/v2\/posts\/3342","targetHints":{"allow":["GET"]}}],"collection":[{"href":"https:\/\/www.lactissima.com\/a-tire-d-ailes\/wp-json\/wp\/v2\/posts"}],"about":[{"href":"https:\/\/www.lactissima.com\/a-tire-d-ailes\/wp-json\/wp\/v2\/types\/post"}],"author":[{"embeddable":true,"href":"https:\/\/www.lactissima.com\/a-tire-d-ailes\/wp-json\/wp\/v2\/users\/170"}],"replies":[{"embeddable":true,"href":"https:\/\/www.lactissima.com\/a-tire-d-ailes\/wp-json\/wp\/v2\/comments?post=3342"}],"version-history":[{"count":11,"href":"https:\/\/www.lactissima.com\/a-tire-d-ailes\/wp-json\/wp\/v2\/posts\/3342\/revisions"}],"predecessor-version":[{"id":5245,"href":"https:\/\/www.lactissima.com\/a-tire-d-ailes\/wp-json\/wp\/v2\/posts\/3342\/revisions\/5245"}],"wp:featuredmedia":[{"embeddable":true,"href":"https:\/\/www.lactissima.com\/a-tire-d-ailes\/wp-json\/wp\/v2\/media\/3343"}],"wp:attachment":[{"href":"https:\/\/www.lactissima.com\/a-tire-d-ailes\/wp-json\/wp\/v2\/media?parent=3342"}],"wp:term":[{"taxonomy":"category","embeddable":true,"href":"https:\/\/www.lactissima.com\/a-tire-d-ailes\/wp-json\/wp\/v2\/categories?post=3342"},{"taxonomy":"post_tag","embeddable":true,"href":"https:\/\/www.lactissima.com\/a-tire-d-ailes\/wp-json\/wp\/v2\/tags?post=3342"}],"curies":[{"name":"wp","href":"https:\/\/api.w.org\/{rel}","templated":true}]}}