{"id":3325,"date":"2012-10-06T09:29:04","date_gmt":"2012-10-06T07:29:04","guid":{"rendered":"https:\/\/www.lactissima.com\/a-tire-d-ailes\/?p=3325"},"modified":"2014-03-15T16:37:05","modified_gmt":"2014-03-15T14:37:05","slug":"allaiter-et-travailler-le-temoignage-de-nadege","status":"publish","type":"post","link":"https:\/\/www.lactissima.com\/a-tire-d-ailes\/allaiter-et-travailler-le-temoignage-de-nadege\/","title":{"rendered":"Travail et allaitement : le t\u00e9moignage de Nad\u00e8ge"},"content":{"rendered":"<p style=\"text-align: justify;\"><a href=\"https:\/\/www.lactissima.com\/a-tire-d-ailes\/wp-content\/uploads\/allaitement Nadege.jpg\"><img decoding=\"async\" class=\"alignright  wp-image-3326\" title=\"allaitement Nad\u00e8ge\" alt=\"\" src=\"https:\/\/www.lactissima.com\/a-tire-d-ailes\/wp-content\/uploads\/allaitement Nadege.jpg\" \/><\/a>J&rsquo;ai <strong>repris le travail<\/strong>, chez moi, d\u00e9but septembre. En plus de Morgan, <strong>je garde un petit gar\u00e7on<\/strong> de dix-huit mois et <strong>deux filles<\/strong> de quatre ans apr\u00e8s l&rsquo;\u00e9cole.<\/p>\n<p style=\"text-align: justify;\">Pour moi, la question du <span style=\"color: #000000;\"><strong><a title=\"sevrage\" href=\"http:\/\/www.allaiteraparis.fr\/aide-allaitement\" target=\"_blank\"><span style=\"color: #000000;\">sevrage <\/span><\/a><\/strong><\/span>ne s&rsquo;\u00e9tait pas du tout pos\u00e9e ! Mais malgr\u00e9 tout, je dois parfois <strong>jongler<\/strong> entre essayer de donner une <strong>t\u00e9t\u00e9e tranquille<\/strong> qui tombe avant la sieste, et un petit de dix-huit mois qui lui a d\u00e9j\u00e0 dormi, est en pleine forme et pas forc\u00e9ment calme !<\/p>\n<p style=\"text-align: justify;\">J&rsquo;ai quand m\u00eame la chance d&rsquo;avoir un b\u00e9b\u00e9 qui est <strong>imperturbable<\/strong> face au Lolo de sa maman!<\/p>\n<p style=\"text-align: justify;\">Mon <strong>meilleur moment<\/strong>, c&rsquo;est au d\u00e9but quand les filles me regardaient, intrigu\u00e9es ! \u00ab\u00a0<strong>Mais il fait quoi<\/strong> ? Et bien il boit le lait ! Et \u00e7a a le go\u00fbt du cacao ? Et si tu manges des \u00e9pinards ton lait il est vert ?\u00a0\u00bb<\/p>\n<p style=\"text-align: justify;\">J&rsquo;ai ador\u00e9 leur expliquer, leur <strong>transmettre<\/strong> cette mani\u00e8re de faire, me dire que de voir \u00e7a, pour ces petits bouts c&rsquo;est naturel ! Et maintenant, au milieu d&rsquo;un jeu, il arrive que Morgan r\u00e9clame, je le mets au sein et les enfants n&rsquo;y pr\u00eatent plus attention&#8230; Et je me dit que c&rsquo;est une petite victoire !<\/p>\n<p style=\"text-align: justify;\">Quel <strong>bonheur<\/strong> pour moi, car avec Louane, j&rsquo;ai repris le boulot elle avait dix mois et a l&rsquo;\u00e9poque je travaillais dans le <strong>commerce<\/strong>. A trente kilom\u00e8tres de la maison ! Je devais tirer mon lait la journ\u00e9e dans des <strong>conditions ex\u00e9crables<\/strong> je perdais trente minutes \u00e0 tout d\u00e9sinfecter ! (un bout de tabouret \u00e0 c\u00f4t\u00e9 des toilettes, hyper glauque !)<\/p>\n<p style=\"text-align: justify;\">Je rentrais <strong>\u00e9puis\u00e9e<\/strong> ! Et la <strong>nuit<\/strong> Louane r\u00e9clamait encore de temps en temps je n&rsquo;arrivais plus \u00e0 la satisfaire&#8230; J&rsquo;ai tenu presque deux mois comme \u00e7a \u00e0 pleurer en donnant la t\u00e9t\u00e9e parce que ma Loulou s&rsquo;\u00e9nervait \u00e0 tirer longtemps et que rien n&rsquo;arrivait ! Et \u00e0 me dire que cette aventure \u00e9tait finie&#8230; Mon <strong>sevrage<\/strong> avec ma fille a \u00e9t\u00e9 brutal et douloureux&#8230; J&rsquo;ai mis beaucoup de temps \u00e0 en faire le <strong>deuil<\/strong>.<\/p>\n<p style=\"text-align: justify;\">Voil\u00e0 , c&rsquo;est \u00e0 peu pr\u00e8s tout \u00e0 part dire que je mesure la chance que j&rsquo;ai de pouvoir dire que j&rsquo;ai toutes les cartes en main pour allaiter le plus <strong>longtemps<\/strong> possible tout en travaillant <strong>sereinement<\/strong> !<\/p>\n<p style=\"text-align: justify;\">Surtout \u00e0 toutes celles qui reprennent le boulot, soyez encore plus soutenue et entour\u00e9e pour continuer \u00e0 <span style=\"color: #000000;\"><a title=\"allaiter\" href=\"http:\/\/www.allaiteraparis.fr\/consultante-en-lactation\" target=\"_blank\"><span style=\"color: #000000;\">allaiter<\/span><\/a><\/span>, <strong>informez<\/strong> vous aussi sur vos droits, car oui nous en avons, nous, allaitantes !<\/p>\n<p style=\"text-align: justify;\"><strong>Nad\u00e8ge<\/strong> 29 ans, assistante maternelle. Maman de Louane 4 ans et du petit Morgan 4 mois.<\/p>\n<p style=\"text-align: justify;\"><strong>Articles en rapport :<\/strong><\/p>\n<ul>\n<li style=\"text-align: justify;\">Voir l&rsquo;onglet <a href=\"https:\/\/www.lactissima.com\/a-tire-d-ailes\/?page_id=1179\" target=\"_blank\">t\u00e9moignages<\/a><\/li>\n<\/ul>\n<p>&nbsp;<\/p>\n","protected":false},"excerpt":{"rendered":"<p>Nad\u00e8ge est assistante maternelle et continue \u00e0 allaiter son fils de dix-huit mois tout en gardant trois enfants.<\/p>\n","protected":false},"author":170,"featured_media":0,"comment_status":"open","ping_status":"open","sticky":false,"template":"","format":"standard","meta":{"_et_pb_use_builder":"","_et_pb_old_content":"","_et_gb_content_width":"","footnotes":""},"categories":[36,150],"tags":[112,56],"class_list":["post-3325","post","type-post","status-publish","format-standard","hentry","category-allaitement-et-travail","category-temoignages","tag-allaiter","tag-sevrage"],"yoast_head":"<!-- This site is optimized with the Yoast SEO plugin v27.4 - https:\/\/yoast.com\/product\/yoast-seo-wordpress\/ -->\n<title>Allaiter et travailler : le t\u00e9moignage de Nad\u00e8ge<\/title>\n<meta name=\"description\" content=\"Nad\u00e8ge est assistante maternelle et continue \u00e0 allaiter son fils de dix-huit mois tout en gardant trois enfants.\" \/>\n<meta name=\"robots\" content=\"index, follow, max-snippet:-1, max-image-preview:large, max-video-preview:-1\" \/>\n<link rel=\"canonical\" href=\"https:\/\/www.lactissima.com\/a-tire-d-ailes\/allaiter-et-travailler-le-temoignage-de-nadege\/\" \/>\n<meta property=\"og:locale\" content=\"fr_FR\" \/>\n<meta property=\"og:type\" content=\"article\" \/>\n<meta property=\"og:title\" content=\"Allaiter et travailler : le t\u00e9moignage de Nad\u00e8ge\" \/>\n<meta property=\"og:description\" content=\"Nad\u00e8ge est assistante maternelle et continue \u00e0 allaiter son fils de dix-huit mois tout en gardant trois enfants.\" \/>\n<meta property=\"og:url\" content=\"https:\/\/www.lactissima.com\/a-tire-d-ailes\/allaiter-et-travailler-le-temoignage-de-nadege\/\" \/>\n<meta property=\"og:site_name\" content=\"A tire d&#039;Ailes\" \/>\n<meta property=\"article:publisher\" content=\"https:\/\/www.facebook.com\/consultante.en.lactation\" \/>\n<meta property=\"article:author\" content=\"www.facebook.com\/consultante.en.lactation\" \/>\n<meta property=\"article:published_time\" content=\"2012-10-06T07:29:04+00:00\" \/>\n<meta property=\"article:modified_time\" content=\"2014-03-15T14:37:05+00:00\" \/>\n<meta property=\"og:image\" content=\"https:\/\/www.lactissima.com\/a-tire-d-ailes\/wp-content\/uploads\/allaitement%20Nadege.jpg\" \/>\n<meta name=\"author\" content=\"V\u00e9ronique Darmangeat\" \/>\n<meta name=\"twitter:card\" content=\"summary_large_image\" \/>\n<meta name=\"twitter:creator\" content=\"@VeroniqueIBCLC\" \/>\n<meta name=\"twitter:site\" content=\"@VeroniqueIBCLC\" \/>\n<meta name=\"twitter:label1\" content=\"\u00c9crit par\" \/>\n\t<meta name=\"twitter:data1\" content=\"V\u00e9ronique Darmangeat\" \/>\n\t<meta name=\"twitter:label2\" content=\"Dur\u00e9e de lecture estim\u00e9e\" \/>\n\t<meta name=\"twitter:data2\" content=\"2 minutes\" \/>\n<script type=\"application\/ld+json\" class=\"yoast-schema-graph\">{\"@context\":\"https:\\\/\\\/schema.org\",\"@graph\":[{\"@type\":\"Article\",\"@id\":\"https:\\\/\\\/www.lactissima.com\\\/a-tire-d-ailes\\\/allaiter-et-travailler-le-temoignage-de-nadege\\\/#article\",\"isPartOf\":{\"@id\":\"https:\\\/\\\/www.lactissima.com\\\/a-tire-d-ailes\\\/allaiter-et-travailler-le-temoignage-de-nadege\\\/\"},\"author\":{\"name\":\"V\u00e9ronique Darmangeat\",\"@id\":\"https:\\\/\\\/www.lactissima.com\\\/a-tire-d-ailes\\\/#\\\/schema\\\/person\\\/8f98d3a89530861bc1240e6d53d44eed\"},\"headline\":\"Travail et allaitement : le t\u00e9moignage de Nad\u00e8ge\",\"datePublished\":\"2012-10-06T07:29:04+00:00\",\"dateModified\":\"2014-03-15T14:37:05+00:00\",\"mainEntityOfPage\":{\"@id\":\"https:\\\/\\\/www.lactissima.com\\\/a-tire-d-ailes\\\/allaiter-et-travailler-le-temoignage-de-nadege\\\/\"},\"wordCount\":455,\"commentCount\":5,\"keywords\":[\"allaiter\",\"Sevrage\"],\"articleSection\":[\"Allaitement et Travail\",\"t\u00e9moignages\"],\"inLanguage\":\"fr-FR\",\"potentialAction\":[{\"@type\":\"CommentAction\",\"name\":\"Comment\",\"target\":[\"https:\\\/\\\/www.lactissima.com\\\/a-tire-d-ailes\\\/allaiter-et-travailler-le-temoignage-de-nadege\\\/#respond\"]}]},{\"@type\":\"WebPage\",\"@id\":\"https:\\\/\\\/www.lactissima.com\\\/a-tire-d-ailes\\\/allaiter-et-travailler-le-temoignage-de-nadege\\\/\",\"url\":\"https:\\\/\\\/www.lactissima.com\\\/a-tire-d-ailes\\\/allaiter-et-travailler-le-temoignage-de-nadege\\\/\",\"name\":\"Allaiter et travailler : le t\u00e9moignage de Nad\u00e8ge\",\"isPartOf\":{\"@id\":\"https:\\\/\\\/www.lactissima.com\\\/a-tire-d-ailes\\\/#website\"},\"datePublished\":\"2012-10-06T07:29:04+00:00\",\"dateModified\":\"2014-03-15T14:37:05+00:00\",\"author\":{\"@id\":\"https:\\\/\\\/www.lactissima.com\\\/a-tire-d-ailes\\\/#\\\/schema\\\/person\\\/8f98d3a89530861bc1240e6d53d44eed\"},\"description\":\"Nad\u00e8ge est assistante maternelle et continue \u00e0 allaiter son fils de dix-huit mois tout en gardant trois enfants.\",\"breadcrumb\":{\"@id\":\"https:\\\/\\\/www.lactissima.com\\\/a-tire-d-ailes\\\/allaiter-et-travailler-le-temoignage-de-nadege\\\/#breadcrumb\"},\"inLanguage\":\"fr-FR\",\"potentialAction\":[{\"@type\":\"ReadAction\",\"target\":[\"https:\\\/\\\/www.lactissima.com\\\/a-tire-d-ailes\\\/allaiter-et-travailler-le-temoignage-de-nadege\\\/\"]}]},{\"@type\":\"BreadcrumbList\",\"@id\":\"https:\\\/\\\/www.lactissima.com\\\/a-tire-d-ailes\\\/allaiter-et-travailler-le-temoignage-de-nadege\\\/#breadcrumb\",\"itemListElement\":[{\"@type\":\"ListItem\",\"position\":1,\"name\":\"Accueil\",\"item\":\"https:\\\/\\\/www.lactissima.com\\\/a-tire-d-ailes\\\/\"},{\"@type\":\"ListItem\",\"position\":2,\"name\":\"Travail et allaitement : le t\u00e9moignage de Nad\u00e8ge\"}]},{\"@type\":\"WebSite\",\"@id\":\"https:\\\/\\\/www.lactissima.com\\\/a-tire-d-ailes\\\/#website\",\"url\":\"https:\\\/\\\/www.lactissima.com\\\/a-tire-d-ailes\\\/\",\"name\":\"A tire d&#039;Ailes\",\"description\":\"Le blog des femmes qui allaitent et travaillent.\",\"potentialAction\":[{\"@type\":\"SearchAction\",\"target\":{\"@type\":\"EntryPoint\",\"urlTemplate\":\"https:\\\/\\\/www.lactissima.com\\\/a-tire-d-ailes\\\/?s={search_term_string}\"},\"query-input\":{\"@type\":\"PropertyValueSpecification\",\"valueRequired\":true,\"valueName\":\"search_term_string\"}}],\"inLanguage\":\"fr-FR\"},{\"@type\":\"Person\",\"@id\":\"https:\\\/\\\/www.lactissima.com\\\/a-tire-d-ailes\\\/#\\\/schema\\\/person\\\/8f98d3a89530861bc1240e6d53d44eed\",\"name\":\"V\u00e9ronique Darmangeat\",\"image\":{\"@type\":\"ImageObject\",\"inLanguage\":\"fr-FR\",\"@id\":\"https:\\\/\\\/secure.gravatar.com\\\/avatar\\\/268c99344c89cebfe4f5df5fa8be43068a18884fc76a29f3206fae98465b9cab?s=96&d=identicon&r=g\",\"url\":\"https:\\\/\\\/secure.gravatar.com\\\/avatar\\\/268c99344c89cebfe4f5df5fa8be43068a18884fc76a29f3206fae98465b9cab?s=96&d=identicon&r=g\",\"contentUrl\":\"https:\\\/\\\/secure.gravatar.com\\\/avatar\\\/268c99344c89cebfe4f5df5fa8be43068a18884fc76a29f3206fae98465b9cab?s=96&d=identicon&r=g\",\"caption\":\"V\u00e9ronique Darmangeat\"},\"sameAs\":[\"https:\\\/\\\/www.lactissima.com\\\/a-tire-d-ailes\",\"www.facebook.com\\\/consultante.en.lactation\"]}]}<\/script>\n<!-- \/ Yoast SEO plugin. -->","yoast_head_json":{"title":"Allaiter et travailler : le t\u00e9moignage de Nad\u00e8ge","description":"Nad\u00e8ge est assistante maternelle et continue \u00e0 allaiter son fils de dix-huit mois tout en gardant trois enfants.","robots":{"index":"index","follow":"follow","max-snippet":"max-snippet:-1","max-image-preview":"max-image-preview:large","max-video-preview":"max-video-preview:-1"},"canonical":"https:\/\/www.lactissima.com\/a-tire-d-ailes\/allaiter-et-travailler-le-temoignage-de-nadege\/","og_locale":"fr_FR","og_type":"article","og_title":"Allaiter et travailler : le t\u00e9moignage de Nad\u00e8ge","og_description":"Nad\u00e8ge est assistante maternelle et continue \u00e0 allaiter son fils de dix-huit mois tout en gardant trois enfants.","og_url":"https:\/\/www.lactissima.com\/a-tire-d-ailes\/allaiter-et-travailler-le-temoignage-de-nadege\/","og_site_name":"A tire d&#039;Ailes","article_publisher":"https:\/\/www.facebook.com\/consultante.en.lactation","article_author":"www.facebook.com\/consultante.en.lactation","article_published_time":"2012-10-06T07:29:04+00:00","article_modified_time":"2014-03-15T14:37:05+00:00","og_image":[{"url":"https:\/\/www.lactissima.com\/a-tire-d-ailes\/wp-content\/uploads\/allaitement Nadege.jpg","type":"","width":"","height":""}],"author":"V\u00e9ronique Darmangeat","twitter_card":"summary_large_image","twitter_creator":"@VeroniqueIBCLC","twitter_site":"@VeroniqueIBCLC","twitter_misc":{"\u00c9crit par":"V\u00e9ronique Darmangeat","Dur\u00e9e de lecture estim\u00e9e":"2 minutes"},"schema":{"@context":"https:\/\/schema.org","@graph":[{"@type":"Article","@id":"https:\/\/www.lactissima.com\/a-tire-d-ailes\/allaiter-et-travailler-le-temoignage-de-nadege\/#article","isPartOf":{"@id":"https:\/\/www.lactissima.com\/a-tire-d-ailes\/allaiter-et-travailler-le-temoignage-de-nadege\/"},"author":{"name":"V\u00e9ronique Darmangeat","@id":"https:\/\/www.lactissima.com\/a-tire-d-ailes\/#\/schema\/person\/8f98d3a89530861bc1240e6d53d44eed"},"headline":"Travail et allaitement : le t\u00e9moignage de Nad\u00e8ge","datePublished":"2012-10-06T07:29:04+00:00","dateModified":"2014-03-15T14:37:05+00:00","mainEntityOfPage":{"@id":"https:\/\/www.lactissima.com\/a-tire-d-ailes\/allaiter-et-travailler-le-temoignage-de-nadege\/"},"wordCount":455,"commentCount":5,"keywords":["allaiter","Sevrage"],"articleSection":["Allaitement et Travail","t\u00e9moignages"],"inLanguage":"fr-FR","potentialAction":[{"@type":"CommentAction","name":"Comment","target":["https:\/\/www.lactissima.com\/a-tire-d-ailes\/allaiter-et-travailler-le-temoignage-de-nadege\/#respond"]}]},{"@type":"WebPage","@id":"https:\/\/www.lactissima.com\/a-tire-d-ailes\/allaiter-et-travailler-le-temoignage-de-nadege\/","url":"https:\/\/www.lactissima.com\/a-tire-d-ailes\/allaiter-et-travailler-le-temoignage-de-nadege\/","name":"Allaiter et travailler : le t\u00e9moignage de Nad\u00e8ge","isPartOf":{"@id":"https:\/\/www.lactissima.com\/a-tire-d-ailes\/#website"},"datePublished":"2012-10-06T07:29:04+00:00","dateModified":"2014-03-15T14:37:05+00:00","author":{"@id":"https:\/\/www.lactissima.com\/a-tire-d-ailes\/#\/schema\/person\/8f98d3a89530861bc1240e6d53d44eed"},"description":"Nad\u00e8ge est assistante maternelle et continue \u00e0 allaiter son fils de dix-huit mois tout en gardant trois enfants.","breadcrumb":{"@id":"https:\/\/www.lactissima.com\/a-tire-d-ailes\/allaiter-et-travailler-le-temoignage-de-nadege\/#breadcrumb"},"inLanguage":"fr-FR","potentialAction":[{"@type":"ReadAction","target":["https:\/\/www.lactissima.com\/a-tire-d-ailes\/allaiter-et-travailler-le-temoignage-de-nadege\/"]}]},{"@type":"BreadcrumbList","@id":"https:\/\/www.lactissima.com\/a-tire-d-ailes\/allaiter-et-travailler-le-temoignage-de-nadege\/#breadcrumb","itemListElement":[{"@type":"ListItem","position":1,"name":"Accueil","item":"https:\/\/www.lactissima.com\/a-tire-d-ailes\/"},{"@type":"ListItem","position":2,"name":"Travail et allaitement : le t\u00e9moignage de Nad\u00e8ge"}]},{"@type":"WebSite","@id":"https:\/\/www.lactissima.com\/a-tire-d-ailes\/#website","url":"https:\/\/www.lactissima.com\/a-tire-d-ailes\/","name":"A tire d&#039;Ailes","description":"Le blog des femmes qui allaitent et travaillent.","potentialAction":[{"@type":"SearchAction","target":{"@type":"EntryPoint","urlTemplate":"https:\/\/www.lactissima.com\/a-tire-d-ailes\/?s={search_term_string}"},"query-input":{"@type":"PropertyValueSpecification","valueRequired":true,"valueName":"search_term_string"}}],"inLanguage":"fr-FR"},{"@type":"Person","@id":"https:\/\/www.lactissima.com\/a-tire-d-ailes\/#\/schema\/person\/8f98d3a89530861bc1240e6d53d44eed","name":"V\u00e9ronique Darmangeat","image":{"@type":"ImageObject","inLanguage":"fr-FR","@id":"https:\/\/secure.gravatar.com\/avatar\/268c99344c89cebfe4f5df5fa8be43068a18884fc76a29f3206fae98465b9cab?s=96&d=identicon&r=g","url":"https:\/\/secure.gravatar.com\/avatar\/268c99344c89cebfe4f5df5fa8be43068a18884fc76a29f3206fae98465b9cab?s=96&d=identicon&r=g","contentUrl":"https:\/\/secure.gravatar.com\/avatar\/268c99344c89cebfe4f5df5fa8be43068a18884fc76a29f3206fae98465b9cab?s=96&d=identicon&r=g","caption":"V\u00e9ronique Darmangeat"},"sameAs":["https:\/\/www.lactissima.com\/a-tire-d-ailes","www.facebook.com\/consultante.en.lactation"]}]}},"_links":{"self":[{"href":"https:\/\/www.lactissima.com\/a-tire-d-ailes\/wp-json\/wp\/v2\/posts\/3325","targetHints":{"allow":["GET"]}}],"collection":[{"href":"https:\/\/www.lactissima.com\/a-tire-d-ailes\/wp-json\/wp\/v2\/posts"}],"about":[{"href":"https:\/\/www.lactissima.com\/a-tire-d-ailes\/wp-json\/wp\/v2\/types\/post"}],"author":[{"embeddable":true,"href":"https:\/\/www.lactissima.com\/a-tire-d-ailes\/wp-json\/wp\/v2\/users\/170"}],"replies":[{"embeddable":true,"href":"https:\/\/www.lactissima.com\/a-tire-d-ailes\/wp-json\/wp\/v2\/comments?post=3325"}],"version-history":[{"count":15,"href":"https:\/\/www.lactissima.com\/a-tire-d-ailes\/wp-json\/wp\/v2\/posts\/3325\/revisions"}],"predecessor-version":[{"id":5247,"href":"https:\/\/www.lactissima.com\/a-tire-d-ailes\/wp-json\/wp\/v2\/posts\/3325\/revisions\/5247"}],"wp:attachment":[{"href":"https:\/\/www.lactissima.com\/a-tire-d-ailes\/wp-json\/wp\/v2\/media?parent=3325"}],"wp:term":[{"taxonomy":"category","embeddable":true,"href":"https:\/\/www.lactissima.com\/a-tire-d-ailes\/wp-json\/wp\/v2\/categories?post=3325"},{"taxonomy":"post_tag","embeddable":true,"href":"https:\/\/www.lactissima.com\/a-tire-d-ailes\/wp-json\/wp\/v2\/tags?post=3325"}],"curies":[{"name":"wp","href":"https:\/\/api.w.org\/{rel}","templated":true}]}}