{"id":3237,"date":"2012-08-31T08:55:21","date_gmt":"2012-08-31T06:55:21","guid":{"rendered":"https:\/\/www.lactissima.com\/a-tire-d-ailes\/?p=3237"},"modified":"2016-08-03T19:16:47","modified_gmt":"2016-08-03T17:16:47","slug":"bebe-ne-sendort-quau-sein","status":"publish","type":"post","link":"https:\/\/www.lactissima.com\/a-tire-d-ailes\/bebe-ne-sendort-quau-sein\/","title":{"rendered":"Le b\u00e9b\u00e9 qui ne s&rsquo;endort qu&rsquo;au sein"},"content":{"rendered":"<p style=\"text-align: justify;\"><a href=\"https:\/\/www.lactissima.com\/a-tire-d-ailes\/wp-content\/uploads\/b\u00e9b\u00e9-dort.jpg\"><img loading=\"lazy\" decoding=\"async\" class=\"alignright size-full wp-image-3240\" title=\"b\u00e9b\u00e9 ne s'endort qu'au sein\" src=\"https:\/\/www.lactissima.com\/a-tire-d-ailes\/wp-content\/uploads\/b\u00e9b\u00e9-dort.jpg\" alt=\"b\u00e9b\u00e9 ne s'endort qu'au sein\" width=\"320\" height=\"240\" srcset=\"https:\/\/www.lactissima.com\/a-tire-d-ailes\/wp-content\/uploads\/b\u00e9b\u00e9-dort.jpg 320w, https:\/\/www.lactissima.com\/a-tire-d-ailes\/wp-content\/uploads\/b\u00e9b\u00e9-dort-300x225.jpg 300w\" sizes=\"(max-width: 320px) 100vw, 320px\" \/><\/a>Depuis sa naissance, votre <span style=\"color: #333333;\"><a title=\"bebe ne s'endort qu'au sein\" href=\"https:\/\/www.lactissima.com\/a-tire-d-ailes\/bebe-ne-sendort-quau-sein\/\"><span style=\"color: #333333;\">b\u00e9b\u00e9 ne s&rsquo;endort qu&rsquo;au sein<\/span><\/a><\/span>. Vous avez donc pris l&rsquo;habitude qu&rsquo;il s&rsquo;endorme de cette mani\u00e8re.<br \/>\nMais la reprise du <strong>travail<\/strong> se profile et cette <strong>question<\/strong> se pose : comment va-t-il r\u00e9ussir \u00e0 <strong>s&rsquo;endormir \u00e0 la cr\u00e8che<\/strong> ou chez l&rsquo;assistante maternelle ? Du coup vous vous dites peut-\u00eatre que vous devriez lui <strong>apprendre<\/strong> \u00e0 s&rsquo;endormir autrement qu&rsquo;au sein, pour que la <strong>transition<\/strong> ne soit pas trop brutale lorsque vous le laisserez en garde.<br \/>\nEst-ce une bonne <strong>id\u00e9e<\/strong> ?<\/p>\n<p style=\"text-align: justify;\">Tout d&rsquo;abord, il est compl\u00e8tement <strong>normal<\/strong> qu&rsquo;en enfant s&rsquo;endorme au sein ! Vous n&rsquo;avez donc pas donn\u00e9 de mauvaises <strong>habitudes<\/strong> \u00e0 votre b\u00e9b\u00e9. Simplement, en votre absence il va devoir <strong>s&rsquo;adapter<\/strong>.<\/p>\n<p style=\"text-align: justify;\">La personne qui va <strong>garder<\/strong> votre b\u00e9b\u00e9 <strong>connait<\/strong> d\u00e9j\u00e0 cette situation car de <strong>nombreux<\/strong> b\u00e9b\u00e9s ne s&rsquo;endorment que dans les <strong>bras<\/strong> de leurs parents, qu&rsquo;ils soient <strong><span style=\"color: #000000;\"><a title=\"allaiter\" href=\"http:\/\/www.allaiteraparis.fr\/aide-allaitement\" target=\"_blank\"><span style=\"color: #000000;\">allait\u00e9s<\/span><\/a><\/span> ou pas<\/strong>. Elle sait donc, normalement, <strong>apprendre<\/strong> \u00e0 un b\u00e9b\u00e9 \u00e0 s&rsquo;endormir autrement.<br \/>\nDe plus, votre b\u00e9b\u00e9 a de bonnes capacit\u00e9s <strong>d&rsquo;adaptation<\/strong>, il va trouver une nouvelle mani\u00e8re de s&rsquo;endormir en votre absence.<\/p>\n<p style=\"text-align: justify;\">Ce n&rsquo;est donc <strong>pas absolument n\u00e9cessaire<\/strong> d&rsquo;apprendre \u00e0 votre b\u00e9b\u00e9 \u00e0 s&rsquo;endormir seul  \u00e0 la maison. Tout d\u00e9pend de votre souhait : cela vous <strong>d\u00e9range<\/strong>-t-il de l&rsquo;endormir au sein ? Au contraire <strong>appr\u00e9ciez<\/strong>-vous ce moment pour sa douceur et sa simplicit\u00e9 ?<br \/>\nSi l&rsquo;<span style=\"color: #000000;\"><a title=\"endormir au sein\" href=\"https:\/\/www.lactissima.com\/a-tire-d-ailes\/?p=3094\" target=\"_blank\"><span style=\"color: #000000;\">endormissement au sein<\/span><\/a><\/span> ne vous pose pas de probl\u00e8me, vous pouvez <strong>continuer<\/strong> \u00e0 le pratiquer sans aucun risque pour votre b\u00e9b\u00e9. Il <strong>apprendra<\/strong> en garde \u00e0 s&rsquo;endormir autrement en votre absence et il y a de fortes chances pour qu&rsquo;il continue \u00e0 s&rsquo;endormir au sein avec vous.<\/p>\n<p style=\"text-align: justify;\">Si vous souhaitez qu&rsquo;il <strong>sache s&rsquo;endormir<\/strong> autrement \u00e9galement \u00e0 la maison, vous pouvez lui apprendre <strong>progressivement  <\/strong>en le couchant dans son lit avant qu&rsquo;il s&rsquo;endorme vraiment au sein. Petit \u00e0 petit, vous le coucherez de plus en plus <strong>\u00e9veill\u00e9<\/strong> lorsque vous sentirez qu&rsquo;il a besoin de dormir. Vous pouvez <strong>l&rsquo;accompagner<\/strong> dans son sommeil en lui tenant la main ou en lui chantant une berceuse. A vous de trouver ce qui <strong>apaise<\/strong> votre petit.<\/p>\n<p style=\"text-align: justify;\">Encore une fois, c&rsquo;est \u00e0 chaque <strong>famille<\/strong> de trouver la solution qui lui <strong>convient<\/strong>, en gardant \u00e0 l&rsquo;esprit que ce n&rsquo;est <strong>pas mauvais<\/strong> pour un enfant de s&rsquo;endormir au sein, il faut juste que cela vous convienne \u00e9galement ou bien choisir une autre solution.<\/p>\n<p style=\"text-align: justify;\">Et <strong>vous<\/strong>, comment <strong>votre b\u00e9b\u00e9<\/strong> a-t-il appris \u00e0 s&rsquo;endormir autrement qu&rsquo;au sein ?<\/p>\n<p style=\"text-align: justify;\"><strong>Articles en rapport :<\/strong><\/p>\n<ul>\n<li style=\"text-align: justify;\"><a title=\"Les nuits avec un b\u00e9b\u00e9 qui t\u00e8te beaucoup \" href=\"https:\/\/www.lactissima.com\/a-tire-d-ailes\/?p=1706\" target=\"_blank\">Les nuits avec un b\u00e9b\u00e9 qui t\u00e8te beaucoup.<\/a><\/li>\n<\/ul>\n<p>&nbsp;<\/p>\n","protected":false},"excerpt":{"rendered":"<p>Beaucoup de b\u00e9b\u00e9s ne s&rsquo;endorment qu&rsquo;au sein. De nombreuses mamans sont donc inqui\u00e8tes : comment leur b\u00e9b\u00e9 va-t-il s&rsquo;endormir en leur absence ?<\/p>\n","protected":false},"author":170,"featured_media":3240,"comment_status":"open","ping_status":"open","sticky":false,"template":"","format":"standard","meta":{"_et_pb_use_builder":"","_et_pb_old_content":"","_et_gb_content_width":"","footnotes":""},"categories":[35,713,46],"tags":[112,397],"class_list":["post-3237","post","type-post","status-publish","format-standard","has-post-thumbnail","hentry","category-allaitement","category-sommeil-et-rythme-du-bebe","category-vie-de-famille","tag-allaiter","tag-endormissement-au-sein"],"yoast_head":"<!-- This site is optimized with the Yoast SEO plugin v27.4 - https:\/\/yoast.com\/product\/yoast-seo-wordpress\/ -->\n<title>b\u00e9b\u00e9 ne s&#039;endort qu&#039;au sein<\/title>\n<meta name=\"description\" content=\"Votre b\u00e9b\u00e9 ne s&#039;endort qu&#039;au sein. De nombreuses mamans sont inqui\u00e8tes : comment leur b\u00e9b\u00e9 va-t-il s&#039;endormir en leur absence ?\" \/>\n<meta name=\"robots\" content=\"index, follow, max-snippet:-1, max-image-preview:large, max-video-preview:-1\" \/>\n<link rel=\"canonical\" href=\"https:\/\/www.lactissima.com\/a-tire-d-ailes\/bebe-ne-sendort-quau-sein\/\" \/>\n<meta property=\"og:locale\" content=\"fr_FR\" \/>\n<meta property=\"og:type\" content=\"article\" \/>\n<meta property=\"og:title\" content=\"b\u00e9b\u00e9 ne s&#039;endort qu&#039;au sein\" \/>\n<meta property=\"og:description\" content=\"Votre b\u00e9b\u00e9 ne s&#039;endort qu&#039;au sein. De nombreuses mamans sont inqui\u00e8tes : comment leur b\u00e9b\u00e9 va-t-il s&#039;endormir en leur absence ?\" \/>\n<meta property=\"og:url\" content=\"https:\/\/www.lactissima.com\/a-tire-d-ailes\/bebe-ne-sendort-quau-sein\/\" \/>\n<meta property=\"og:site_name\" content=\"A tire d&#039;Ailes\" \/>\n<meta property=\"article:publisher\" content=\"https:\/\/www.facebook.com\/consultante.en.lactation\" \/>\n<meta property=\"article:author\" content=\"www.facebook.com\/consultante.en.lactation\" \/>\n<meta property=\"article:published_time\" content=\"2012-08-31T06:55:21+00:00\" \/>\n<meta property=\"article:modified_time\" content=\"2016-08-03T17:16:47+00:00\" \/>\n<meta property=\"og:image\" content=\"https:\/\/www.lactissima.com\/a-tire-d-ailes\/wp-content\/uploads\/b\u00e9b\u00e9-dort.jpg\" \/>\n\t<meta property=\"og:image:width\" content=\"320\" \/>\n\t<meta property=\"og:image:height\" content=\"240\" \/>\n\t<meta property=\"og:image:type\" content=\"image\/jpeg\" \/>\n<meta name=\"author\" content=\"V\u00e9ronique Darmangeat\" \/>\n<meta name=\"twitter:card\" content=\"summary_large_image\" \/>\n<meta name=\"twitter:creator\" content=\"@VeroniqueIBCLC\" \/>\n<meta name=\"twitter:site\" content=\"@VeroniqueIBCLC\" \/>\n<meta name=\"twitter:label1\" content=\"\u00c9crit par\" \/>\n\t<meta name=\"twitter:data1\" content=\"V\u00e9ronique Darmangeat\" \/>\n\t<meta name=\"twitter:label2\" content=\"Dur\u00e9e de lecture estim\u00e9e\" \/>\n\t<meta name=\"twitter:data2\" content=\"2 minutes\" \/>\n<script type=\"application\/ld+json\" class=\"yoast-schema-graph\">{\"@context\":\"https:\\\/\\\/schema.org\",\"@graph\":[{\"@type\":\"Article\",\"@id\":\"https:\\\/\\\/www.lactissima.com\\\/a-tire-d-ailes\\\/bebe-ne-sendort-quau-sein\\\/#article\",\"isPartOf\":{\"@id\":\"https:\\\/\\\/www.lactissima.com\\\/a-tire-d-ailes\\\/bebe-ne-sendort-quau-sein\\\/\"},\"author\":{\"name\":\"V\u00e9ronique Darmangeat\",\"@id\":\"https:\\\/\\\/www.lactissima.com\\\/a-tire-d-ailes\\\/#\\\/schema\\\/person\\\/8f98d3a89530861bc1240e6d53d44eed\"},\"headline\":\"Le b\u00e9b\u00e9 qui ne s&rsquo;endort qu&rsquo;au sein\",\"datePublished\":\"2012-08-31T06:55:21+00:00\",\"dateModified\":\"2016-08-03T17:16:47+00:00\",\"mainEntityOfPage\":{\"@id\":\"https:\\\/\\\/www.lactissima.com\\\/a-tire-d-ailes\\\/bebe-ne-sendort-quau-sein\\\/\"},\"wordCount\":455,\"commentCount\":435,\"image\":{\"@id\":\"https:\\\/\\\/www.lactissima.com\\\/a-tire-d-ailes\\\/bebe-ne-sendort-quau-sein\\\/#primaryimage\"},\"thumbnailUrl\":\"https:\\\/\\\/www.lactissima.com\\\/a-tire-d-ailes\\\/wp-content\\\/uploads\\\/b\u00e9b\u00e9-dort.jpg\",\"keywords\":[\"allaiter\",\"endormissement au sein\"],\"articleSection\":[\"Allaitement\",\"Sommeil et rythmes du b\u00e9b\u00e9\",\"Vie de famille\"],\"inLanguage\":\"fr-FR\",\"potentialAction\":[{\"@type\":\"CommentAction\",\"name\":\"Comment\",\"target\":[\"https:\\\/\\\/www.lactissima.com\\\/a-tire-d-ailes\\\/bebe-ne-sendort-quau-sein\\\/#respond\"]}]},{\"@type\":\"WebPage\",\"@id\":\"https:\\\/\\\/www.lactissima.com\\\/a-tire-d-ailes\\\/bebe-ne-sendort-quau-sein\\\/\",\"url\":\"https:\\\/\\\/www.lactissima.com\\\/a-tire-d-ailes\\\/bebe-ne-sendort-quau-sein\\\/\",\"name\":\"b\u00e9b\u00e9 ne s'endort qu'au sein\",\"isPartOf\":{\"@id\":\"https:\\\/\\\/www.lactissima.com\\\/a-tire-d-ailes\\\/#website\"},\"primaryImageOfPage\":{\"@id\":\"https:\\\/\\\/www.lactissima.com\\\/a-tire-d-ailes\\\/bebe-ne-sendort-quau-sein\\\/#primaryimage\"},\"image\":{\"@id\":\"https:\\\/\\\/www.lactissima.com\\\/a-tire-d-ailes\\\/bebe-ne-sendort-quau-sein\\\/#primaryimage\"},\"thumbnailUrl\":\"https:\\\/\\\/www.lactissima.com\\\/a-tire-d-ailes\\\/wp-content\\\/uploads\\\/b\u00e9b\u00e9-dort.jpg\",\"datePublished\":\"2012-08-31T06:55:21+00:00\",\"dateModified\":\"2016-08-03T17:16:47+00:00\",\"author\":{\"@id\":\"https:\\\/\\\/www.lactissima.com\\\/a-tire-d-ailes\\\/#\\\/schema\\\/person\\\/8f98d3a89530861bc1240e6d53d44eed\"},\"description\":\"Votre b\u00e9b\u00e9 ne s'endort qu'au sein. De nombreuses mamans sont inqui\u00e8tes : comment leur b\u00e9b\u00e9 va-t-il s'endormir en leur absence ?\",\"breadcrumb\":{\"@id\":\"https:\\\/\\\/www.lactissima.com\\\/a-tire-d-ailes\\\/bebe-ne-sendort-quau-sein\\\/#breadcrumb\"},\"inLanguage\":\"fr-FR\",\"potentialAction\":[{\"@type\":\"ReadAction\",\"target\":[\"https:\\\/\\\/www.lactissima.com\\\/a-tire-d-ailes\\\/bebe-ne-sendort-quau-sein\\\/\"]}]},{\"@type\":\"ImageObject\",\"inLanguage\":\"fr-FR\",\"@id\":\"https:\\\/\\\/www.lactissima.com\\\/a-tire-d-ailes\\\/bebe-ne-sendort-quau-sein\\\/#primaryimage\",\"url\":\"https:\\\/\\\/www.lactissima.com\\\/a-tire-d-ailes\\\/wp-content\\\/uploads\\\/b\u00e9b\u00e9-dort.jpg\",\"contentUrl\":\"https:\\\/\\\/www.lactissima.com\\\/a-tire-d-ailes\\\/wp-content\\\/uploads\\\/b\u00e9b\u00e9-dort.jpg\",\"width\":\"320\",\"height\":\"240\"},{\"@type\":\"BreadcrumbList\",\"@id\":\"https:\\\/\\\/www.lactissima.com\\\/a-tire-d-ailes\\\/bebe-ne-sendort-quau-sein\\\/#breadcrumb\",\"itemListElement\":[{\"@type\":\"ListItem\",\"position\":1,\"name\":\"Accueil\",\"item\":\"https:\\\/\\\/www.lactissima.com\\\/a-tire-d-ailes\\\/\"},{\"@type\":\"ListItem\",\"position\":2,\"name\":\"Le b\u00e9b\u00e9 qui ne s&rsquo;endort qu&rsquo;au sein\"}]},{\"@type\":\"WebSite\",\"@id\":\"https:\\\/\\\/www.lactissima.com\\\/a-tire-d-ailes\\\/#website\",\"url\":\"https:\\\/\\\/www.lactissima.com\\\/a-tire-d-ailes\\\/\",\"name\":\"A tire d&#039;Ailes\",\"description\":\"Le blog des femmes qui allaitent et travaillent.\",\"potentialAction\":[{\"@type\":\"SearchAction\",\"target\":{\"@type\":\"EntryPoint\",\"urlTemplate\":\"https:\\\/\\\/www.lactissima.com\\\/a-tire-d-ailes\\\/?s={search_term_string}\"},\"query-input\":{\"@type\":\"PropertyValueSpecification\",\"valueRequired\":true,\"valueName\":\"search_term_string\"}}],\"inLanguage\":\"fr-FR\"},{\"@type\":\"Person\",\"@id\":\"https:\\\/\\\/www.lactissima.com\\\/a-tire-d-ailes\\\/#\\\/schema\\\/person\\\/8f98d3a89530861bc1240e6d53d44eed\",\"name\":\"V\u00e9ronique Darmangeat\",\"image\":{\"@type\":\"ImageObject\",\"inLanguage\":\"fr-FR\",\"@id\":\"https:\\\/\\\/secure.gravatar.com\\\/avatar\\\/268c99344c89cebfe4f5df5fa8be43068a18884fc76a29f3206fae98465b9cab?s=96&d=identicon&r=g\",\"url\":\"https:\\\/\\\/secure.gravatar.com\\\/avatar\\\/268c99344c89cebfe4f5df5fa8be43068a18884fc76a29f3206fae98465b9cab?s=96&d=identicon&r=g\",\"contentUrl\":\"https:\\\/\\\/secure.gravatar.com\\\/avatar\\\/268c99344c89cebfe4f5df5fa8be43068a18884fc76a29f3206fae98465b9cab?s=96&d=identicon&r=g\",\"caption\":\"V\u00e9ronique Darmangeat\"},\"sameAs\":[\"https:\\\/\\\/www.lactissima.com\\\/a-tire-d-ailes\",\"www.facebook.com\\\/consultante.en.lactation\"]}]}<\/script>\n<!-- \/ Yoast SEO plugin. -->","yoast_head_json":{"title":"b\u00e9b\u00e9 ne s'endort qu'au sein","description":"Votre b\u00e9b\u00e9 ne s'endort qu'au sein. De nombreuses mamans sont inqui\u00e8tes : comment leur b\u00e9b\u00e9 va-t-il s'endormir en leur absence ?","robots":{"index":"index","follow":"follow","max-snippet":"max-snippet:-1","max-image-preview":"max-image-preview:large","max-video-preview":"max-video-preview:-1"},"canonical":"https:\/\/www.lactissima.com\/a-tire-d-ailes\/bebe-ne-sendort-quau-sein\/","og_locale":"fr_FR","og_type":"article","og_title":"b\u00e9b\u00e9 ne s'endort qu'au sein","og_description":"Votre b\u00e9b\u00e9 ne s'endort qu'au sein. De nombreuses mamans sont inqui\u00e8tes : comment leur b\u00e9b\u00e9 va-t-il s'endormir en leur absence ?","og_url":"https:\/\/www.lactissima.com\/a-tire-d-ailes\/bebe-ne-sendort-quau-sein\/","og_site_name":"A tire d&#039;Ailes","article_publisher":"https:\/\/www.facebook.com\/consultante.en.lactation","article_author":"www.facebook.com\/consultante.en.lactation","article_published_time":"2012-08-31T06:55:21+00:00","article_modified_time":"2016-08-03T17:16:47+00:00","og_image":[{"width":320,"height":240,"url":"https:\/\/www.lactissima.com\/a-tire-d-ailes\/wp-content\/uploads\/b\u00e9b\u00e9-dort.jpg","type":"image\/jpeg"}],"author":"V\u00e9ronique Darmangeat","twitter_card":"summary_large_image","twitter_creator":"@VeroniqueIBCLC","twitter_site":"@VeroniqueIBCLC","twitter_misc":{"\u00c9crit par":"V\u00e9ronique Darmangeat","Dur\u00e9e de lecture estim\u00e9e":"2 minutes"},"schema":{"@context":"https:\/\/schema.org","@graph":[{"@type":"Article","@id":"https:\/\/www.lactissima.com\/a-tire-d-ailes\/bebe-ne-sendort-quau-sein\/#article","isPartOf":{"@id":"https:\/\/www.lactissima.com\/a-tire-d-ailes\/bebe-ne-sendort-quau-sein\/"},"author":{"name":"V\u00e9ronique Darmangeat","@id":"https:\/\/www.lactissima.com\/a-tire-d-ailes\/#\/schema\/person\/8f98d3a89530861bc1240e6d53d44eed"},"headline":"Le b\u00e9b\u00e9 qui ne s&rsquo;endort qu&rsquo;au sein","datePublished":"2012-08-31T06:55:21+00:00","dateModified":"2016-08-03T17:16:47+00:00","mainEntityOfPage":{"@id":"https:\/\/www.lactissima.com\/a-tire-d-ailes\/bebe-ne-sendort-quau-sein\/"},"wordCount":455,"commentCount":435,"image":{"@id":"https:\/\/www.lactissima.com\/a-tire-d-ailes\/bebe-ne-sendort-quau-sein\/#primaryimage"},"thumbnailUrl":"https:\/\/www.lactissima.com\/a-tire-d-ailes\/wp-content\/uploads\/b\u00e9b\u00e9-dort.jpg","keywords":["allaiter","endormissement au sein"],"articleSection":["Allaitement","Sommeil et rythmes du b\u00e9b\u00e9","Vie de famille"],"inLanguage":"fr-FR","potentialAction":[{"@type":"CommentAction","name":"Comment","target":["https:\/\/www.lactissima.com\/a-tire-d-ailes\/bebe-ne-sendort-quau-sein\/#respond"]}]},{"@type":"WebPage","@id":"https:\/\/www.lactissima.com\/a-tire-d-ailes\/bebe-ne-sendort-quau-sein\/","url":"https:\/\/www.lactissima.com\/a-tire-d-ailes\/bebe-ne-sendort-quau-sein\/","name":"b\u00e9b\u00e9 ne s'endort qu'au sein","isPartOf":{"@id":"https:\/\/www.lactissima.com\/a-tire-d-ailes\/#website"},"primaryImageOfPage":{"@id":"https:\/\/www.lactissima.com\/a-tire-d-ailes\/bebe-ne-sendort-quau-sein\/#primaryimage"},"image":{"@id":"https:\/\/www.lactissima.com\/a-tire-d-ailes\/bebe-ne-sendort-quau-sein\/#primaryimage"},"thumbnailUrl":"https:\/\/www.lactissima.com\/a-tire-d-ailes\/wp-content\/uploads\/b\u00e9b\u00e9-dort.jpg","datePublished":"2012-08-31T06:55:21+00:00","dateModified":"2016-08-03T17:16:47+00:00","author":{"@id":"https:\/\/www.lactissima.com\/a-tire-d-ailes\/#\/schema\/person\/8f98d3a89530861bc1240e6d53d44eed"},"description":"Votre b\u00e9b\u00e9 ne s'endort qu'au sein. De nombreuses mamans sont inqui\u00e8tes : comment leur b\u00e9b\u00e9 va-t-il s'endormir en leur absence ?","breadcrumb":{"@id":"https:\/\/www.lactissima.com\/a-tire-d-ailes\/bebe-ne-sendort-quau-sein\/#breadcrumb"},"inLanguage":"fr-FR","potentialAction":[{"@type":"ReadAction","target":["https:\/\/www.lactissima.com\/a-tire-d-ailes\/bebe-ne-sendort-quau-sein\/"]}]},{"@type":"ImageObject","inLanguage":"fr-FR","@id":"https:\/\/www.lactissima.com\/a-tire-d-ailes\/bebe-ne-sendort-quau-sein\/#primaryimage","url":"https:\/\/www.lactissima.com\/a-tire-d-ailes\/wp-content\/uploads\/b\u00e9b\u00e9-dort.jpg","contentUrl":"https:\/\/www.lactissima.com\/a-tire-d-ailes\/wp-content\/uploads\/b\u00e9b\u00e9-dort.jpg","width":"320","height":"240"},{"@type":"BreadcrumbList","@id":"https:\/\/www.lactissima.com\/a-tire-d-ailes\/bebe-ne-sendort-quau-sein\/#breadcrumb","itemListElement":[{"@type":"ListItem","position":1,"name":"Accueil","item":"https:\/\/www.lactissima.com\/a-tire-d-ailes\/"},{"@type":"ListItem","position":2,"name":"Le b\u00e9b\u00e9 qui ne s&rsquo;endort qu&rsquo;au sein"}]},{"@type":"WebSite","@id":"https:\/\/www.lactissima.com\/a-tire-d-ailes\/#website","url":"https:\/\/www.lactissima.com\/a-tire-d-ailes\/","name":"A tire d&#039;Ailes","description":"Le blog des femmes qui allaitent et travaillent.","potentialAction":[{"@type":"SearchAction","target":{"@type":"EntryPoint","urlTemplate":"https:\/\/www.lactissima.com\/a-tire-d-ailes\/?s={search_term_string}"},"query-input":{"@type":"PropertyValueSpecification","valueRequired":true,"valueName":"search_term_string"}}],"inLanguage":"fr-FR"},{"@type":"Person","@id":"https:\/\/www.lactissima.com\/a-tire-d-ailes\/#\/schema\/person\/8f98d3a89530861bc1240e6d53d44eed","name":"V\u00e9ronique Darmangeat","image":{"@type":"ImageObject","inLanguage":"fr-FR","@id":"https:\/\/secure.gravatar.com\/avatar\/268c99344c89cebfe4f5df5fa8be43068a18884fc76a29f3206fae98465b9cab?s=96&d=identicon&r=g","url":"https:\/\/secure.gravatar.com\/avatar\/268c99344c89cebfe4f5df5fa8be43068a18884fc76a29f3206fae98465b9cab?s=96&d=identicon&r=g","contentUrl":"https:\/\/secure.gravatar.com\/avatar\/268c99344c89cebfe4f5df5fa8be43068a18884fc76a29f3206fae98465b9cab?s=96&d=identicon&r=g","caption":"V\u00e9ronique Darmangeat"},"sameAs":["https:\/\/www.lactissima.com\/a-tire-d-ailes","www.facebook.com\/consultante.en.lactation"]}]}},"_links":{"self":[{"href":"https:\/\/www.lactissima.com\/a-tire-d-ailes\/wp-json\/wp\/v2\/posts\/3237","targetHints":{"allow":["GET"]}}],"collection":[{"href":"https:\/\/www.lactissima.com\/a-tire-d-ailes\/wp-json\/wp\/v2\/posts"}],"about":[{"href":"https:\/\/www.lactissima.com\/a-tire-d-ailes\/wp-json\/wp\/v2\/types\/post"}],"author":[{"embeddable":true,"href":"https:\/\/www.lactissima.com\/a-tire-d-ailes\/wp-json\/wp\/v2\/users\/170"}],"replies":[{"embeddable":true,"href":"https:\/\/www.lactissima.com\/a-tire-d-ailes\/wp-json\/wp\/v2\/comments?post=3237"}],"version-history":[{"count":21,"href":"https:\/\/www.lactissima.com\/a-tire-d-ailes\/wp-json\/wp\/v2\/posts\/3237\/revisions"}],"predecessor-version":[{"id":6822,"href":"https:\/\/www.lactissima.com\/a-tire-d-ailes\/wp-json\/wp\/v2\/posts\/3237\/revisions\/6822"}],"wp:featuredmedia":[{"embeddable":true,"href":"https:\/\/www.lactissima.com\/a-tire-d-ailes\/wp-json\/wp\/v2\/media\/3240"}],"wp:attachment":[{"href":"https:\/\/www.lactissima.com\/a-tire-d-ailes\/wp-json\/wp\/v2\/media?parent=3237"}],"wp:term":[{"taxonomy":"category","embeddable":true,"href":"https:\/\/www.lactissima.com\/a-tire-d-ailes\/wp-json\/wp\/v2\/categories?post=3237"},{"taxonomy":"post_tag","embeddable":true,"href":"https:\/\/www.lactissima.com\/a-tire-d-ailes\/wp-json\/wp\/v2\/tags?post=3237"}],"curies":[{"name":"wp","href":"https:\/\/api.w.org\/{rel}","templated":true}]}}