{"id":3223,"date":"2012-07-27T10:02:55","date_gmt":"2012-07-27T08:02:55","guid":{"rendered":"https:\/\/www.lactissima.com\/a-tire-d-ailes\/?p=3223"},"modified":"2019-01-18T09:37:02","modified_gmt":"2019-01-18T08:37:02","slug":"allaiter-et-travailler-le-temoignage-demilie-2","status":"publish","type":"post","link":"https:\/\/www.lactissima.com\/a-tire-d-ailes\/allaiter-et-travailler-le-temoignage-demilie-2\/","title":{"rendered":"Allaiter et travailler : le t\u00e9moignage d&rsquo;Emilie"},"content":{"rendered":"<p style=\"text-align: justify;\"><a href=\"https:\/\/www.lactissima.com\/a-tire-d-ailes\/wp-content\/uploads\/interview.jpg\"><img loading=\"lazy\" decoding=\"async\" class=\"alignright  wp-image-3224\" title=\"interview\" alt=\"\" src=\"https:\/\/www.lactissima.com\/a-tire-d-ailes\/wp-content\/uploads\/interview.jpg\" width=\"192\" height=\"148\" srcset=\"https:\/\/www.lactissima.com\/a-tire-d-ailes\/wp-content\/uploads\/interview.jpg 400w, https:\/\/www.lactissima.com\/a-tire-d-ailes\/wp-content\/uploads\/interview-300x231.jpg 300w\" sizes=\"(max-width: 192px) 100vw, 192px\" \/><\/a>J&rsquo;ai un petit gar\u00e7on de <strong>treize mois<\/strong>. J&rsquo;ai voulu l&rsquo;<span style=\"color: #323232;\"><span style=\"color: #323232;\">allaiter<\/span><\/span> parce que pour moi c&rsquo;etait \u00ab\u00a0normal\u00a0\u00bb, que mon corps y avait \u00e9t\u00e9 \u00ab\u00a0pr\u00e9par\u00e9\u00a0\u00bb avec la grossesse et que c&rsquo;\u00e9tait la suite logique de l&rsquo;accouchement. Gr\u00e2ce \u00e0 ce blog et \u00e0 la Leche League, j&rsquo;ai eu assez d&rsquo;informations qui m&rsquo;ont aid\u00e9es les premiers mois. Du coup je n&rsquo;ai pas rencontr\u00e9 de soucis particulier. Il a \u00e9t\u00e9 nourri jusque ses cinq mois <strong>exclusivement<\/strong> au lait maternel, date \u00e0 laquelle il a commenc\u00e9 la <strong>diversification<\/strong>. J&rsquo;ai eu la chance de pouvoir retarder la reprise du travail jusqu&rsquo;\u00e0 ses <strong>sept mois<\/strong>. Et pendant toute cette p\u00e9riode je lui ai donn\u00e9 mon lait \u00ab\u00a0\u00e0 la source\u00a0\u00bb ainsi que quelques biberons de mon lait lorsque je devais m&rsquo;absenter, \u00e0 partir d&rsquo;un mois et demi (pour \u00e9viter une \u00e9ventuelle confusion sein\/t\u00e9tine).<\/p>\n<p style=\"text-align: justify;\">La <span style=\"color: #000000;\"><a title=\"Fiche pratique pour l'assistante maternelle\" href=\"https:\/\/www.lactissima.com\/a-tire-d-ailes\/?p=1292\" target=\"_blank\"><span style=\"color: #000000;\"><strong>nounou<\/strong><\/span><\/a><\/span> n&rsquo;\u00e9tant pas franchement enthousiaste \u00e0 l&rsquo;id\u00e9e de devoir donner du <span style=\"color: #363636;\"><a title=\"le lait maternel\" href=\"http:\/\/www.allaiteraparis.fr\/professionnels-de-sante-et-allaitement\/formation-allaitement\" target=\"_blank\"><span style=\"color: #363636;\">lait maternel<\/span><\/a><\/span>, quinze jours avant la reprise du travail (mon b\u00e9b\u00e9 avait six mois et demi) j&rsquo;ai voulu commenc\u00e9 \u00e0 le <strong>sevrer<\/strong> avec du lait deuxi\u00e8me \u00e2ge achet\u00e9 dans le commerce et l\u00e0 &#8230; Le hic. On a d\u00e9couvert une <strong>intol\u00e9rance<\/strong> \u00e0 la prot\u00e9ine de lait de vache.<\/p>\n<p style=\"text-align: justify;\">Quinze jours plus tard, le moment de la <strong>reprise<\/strong> \u00e9tait l\u00e0 et l&rsquo;allergologue n&rsquo;ayant pas encore les r\u00e9sultats d&rsquo;analyse qui lui permettraient de prescrire le lait en poudre adapt\u00e9, je suis partie avec une id\u00e9e en t\u00eate : continuer \u00e0 lui donner<strong> mon lait<\/strong>. En plus cela ne posait pas de probl\u00e8me avec le mode de garde, puisque c&rsquo;est ma <strong>famille<\/strong> qui a gard\u00e9 mon petit gar\u00e7on pendant les trois premiers mois de la reprise du travail.<br \/>\nAu final pendant ces trois mois ma famille n&rsquo;a eu aucune difficult\u00e9 \u00e0 donner les biberons de <strong>lait maternel<\/strong> (tir\u00e9 la veille au travail \u00e0 <strong>l&rsquo;infirmerie<\/strong> &#8211; merci le <span style=\"color: #000000;\"><a title=\"Le point sur les tire-lait\" href=\"https:\/\/www.lactissima.com\/a-tire-d-ailes\/?p=56\" target=\"_blank\"><span style=\"color: #000000;\">tire-lait<\/span><\/a><\/span> Ameda double pompage en location avec le sac \u00e0 dos de transport et la glaci\u00e8re !- ), et j&rsquo;ai juste donn\u00e9 quelques recommandations sur la <span style=\"color: #000000;\"><a title=\"La conservation du lait maternel\" href=\"https:\/\/www.lactissima.com\/a-tire-d-ailes\/?p=291\" target=\"_blank\"><span style=\"color: #000000;\"><strong>conservation<\/strong> du lait maternel<\/span><\/a><\/span> ainsi que quelques r\u00e9serves congel\u00e9es pour faire face \u00e0 un \u00e9ventuel besoin de lait suppl\u00e9mentaire.<br \/>\nJ&rsquo;en profite pour signaler que prendre trente minutes sur une journ\u00e9e de travail pour aller au calme tirer son lait en pensant \u00e0 son bout de chou et en fermant les yeux&#8230;<strong>\u00e7a fait du bien <\/strong>! C&rsquo;est un moment de <strong>pause<\/strong> appr\u00e9ciable lorsqu&rsquo;on reprend le travail avec le rythme soutenu que cela suppose et avec la fatigue associ\u00e9e !<\/p>\n<p style=\"text-align: justify;\">Pass\u00e9s ces trois mois, dix jours avant de confier mon b\u00e9b\u00e9 \u00e0 l&rsquo;<strong>assistance maternelle<\/strong> nous avons introduit les biberons de <strong>lait en poudre<\/strong> adapt\u00e9 \u00e0 l&rsquo;allergie. Devant cette nouvelle mixture, mon gar\u00e7on alors \u00e2g\u00e9 de dix mois a <strong>refus\u00e9<\/strong> net de boire ce lait \u00e0 cause de son go\u00fbt particulier. Nous avons du ruser en y ajoutant un peu de cacao les premiers jours puis nous en avons diminu\u00e9 la dose jusqu&rsquo;\u00e0 ne plus en ajouter du tout. Et \u00e0 l&rsquo;heure actuelle notre gar\u00e7on reste sur ce <strong>r\u00e9gime<\/strong> :<br \/>\nt\u00e9t\u00e9e le matin au sein, repas solide et biberons de lait en poudre dans la journ\u00e9e, puis repas solide le soir et t\u00e9t\u00e9e de retrouvailles avant le coucher (je rentre assez tard le soir) !<\/p>\n<p style=\"text-align: justify;\">Il est donc \u00e0 l&rsquo;\u00e2ge de treize mois encore en <strong>allaitement mixte<\/strong>, et a priori le temps n&rsquo;est pas encore venu pour nous d&rsquo;arr\u00eater les t\u00e9t\u00e9es pour notre plus grand bonheur&#8230; \u00e0 tous les deux !<\/p>\n<p style=\"text-align: justify;\"><strong>Articles en rapport :<\/strong><\/p>\n<ul>\n<li style=\"text-align: justify;\">Voir l&rsquo;onglet <a href=\"https:\/\/www.lactissima.com\/a-tire-d-ailes\/?page_id=1179\" target=\"_blank\">t\u00e9moignages<\/a><\/li>\n<\/ul>\n<p>&nbsp;<\/p>\n","protected":false},"excerpt":{"rendered":"<p>La nounou du b\u00e9b\u00e9 d&rsquo;Emilie a refus\u00e9 de donner du lait maternel. Mais ce b\u00e9b\u00e9 \u00e9tait allergique aux prot\u00e9ines de lait de vache, probl\u00e8me !<\/p>\n","protected":false},"author":170,"featured_media":3224,"comment_status":"open","ping_status":"open","sticky":false,"template":"","format":"standard","meta":{"_et_pb_use_builder":"","_et_pb_old_content":"","_et_gb_content_width":"","footnotes":""},"categories":[36,150],"tags":[396,85,57],"class_list":["post-3223","post","type-post","status-publish","format-standard","has-post-thumbnail","hentry","category-allaitement-et-travail","category-temoignages","tag-conservation-du-lait-maternel","tag-nounou","tag-tire-lait"],"yoast_head":"<!-- This site is optimized with the Yoast SEO plugin v27.4 - https:\/\/yoast.com\/product\/yoast-seo-wordpress\/ -->\n<title>Allaiter et travailler : le t\u00e9moignage d&#039;Emilie<\/title>\n<meta name=\"description\" content=\"La nounou du b\u00e9b\u00e9 d&#039;Emilie a refus\u00e9 de donner du lait maternel. Mais ce b\u00e9b\u00e9 \u00e9tait allergique aux prot\u00e9ines de lait de vache, probl\u00e8me !\" \/>\n<meta name=\"robots\" content=\"index, follow, max-snippet:-1, max-image-preview:large, max-video-preview:-1\" \/>\n<link rel=\"canonical\" href=\"https:\/\/www.lactissima.com\/a-tire-d-ailes\/allaiter-et-travailler-le-temoignage-demilie-2\/\" \/>\n<meta property=\"og:locale\" content=\"fr_FR\" \/>\n<meta property=\"og:type\" content=\"article\" \/>\n<meta property=\"og:title\" content=\"Allaiter et travailler : le t\u00e9moignage d&#039;Emilie\" \/>\n<meta property=\"og:description\" content=\"La nounou du b\u00e9b\u00e9 d&#039;Emilie a refus\u00e9 de donner du lait maternel. Mais ce b\u00e9b\u00e9 \u00e9tait allergique aux prot\u00e9ines de lait de vache, probl\u00e8me !\" \/>\n<meta property=\"og:url\" content=\"https:\/\/www.lactissima.com\/a-tire-d-ailes\/allaiter-et-travailler-le-temoignage-demilie-2\/\" \/>\n<meta property=\"og:site_name\" content=\"A tire d&#039;Ailes\" \/>\n<meta property=\"article:publisher\" content=\"https:\/\/www.facebook.com\/consultante.en.lactation\" \/>\n<meta property=\"article:author\" content=\"www.facebook.com\/consultante.en.lactation\" \/>\n<meta property=\"article:published_time\" content=\"2012-07-27T08:02:55+00:00\" \/>\n<meta property=\"article:modified_time\" content=\"2019-01-18T08:37:02+00:00\" \/>\n<meta property=\"og:image\" content=\"https:\/\/www.lactissima.com\/a-tire-d-ailes\/wp-content\/uploads\/interview.jpg\" \/>\n\t<meta property=\"og:image:width\" content=\"400\" \/>\n\t<meta property=\"og:image:height\" content=\"308\" \/>\n\t<meta property=\"og:image:type\" content=\"image\/jpeg\" \/>\n<meta name=\"author\" content=\"V\u00e9ronique Darmangeat\" \/>\n<meta name=\"twitter:card\" content=\"summary_large_image\" \/>\n<meta name=\"twitter:creator\" content=\"@VeroniqueIBCLC\" \/>\n<meta name=\"twitter:site\" content=\"@VeroniqueIBCLC\" \/>\n<meta name=\"twitter:label1\" content=\"\u00c9crit par\" \/>\n\t<meta name=\"twitter:data1\" content=\"V\u00e9ronique Darmangeat\" \/>\n\t<meta name=\"twitter:label2\" content=\"Dur\u00e9e de lecture estim\u00e9e\" \/>\n\t<meta name=\"twitter:data2\" content=\"3 minutes\" \/>\n<script type=\"application\/ld+json\" class=\"yoast-schema-graph\">{\"@context\":\"https:\\\/\\\/schema.org\",\"@graph\":[{\"@type\":\"Article\",\"@id\":\"https:\\\/\\\/www.lactissima.com\\\/a-tire-d-ailes\\\/allaiter-et-travailler-le-temoignage-demilie-2\\\/#article\",\"isPartOf\":{\"@id\":\"https:\\\/\\\/www.lactissima.com\\\/a-tire-d-ailes\\\/allaiter-et-travailler-le-temoignage-demilie-2\\\/\"},\"author\":{\"name\":\"V\u00e9ronique Darmangeat\",\"@id\":\"https:\\\/\\\/www.lactissima.com\\\/a-tire-d-ailes\\\/#\\\/schema\\\/person\\\/8f98d3a89530861bc1240e6d53d44eed\"},\"headline\":\"Allaiter et travailler : le t\u00e9moignage d&rsquo;Emilie\",\"datePublished\":\"2012-07-27T08:02:55+00:00\",\"dateModified\":\"2019-01-18T08:37:02+00:00\",\"mainEntityOfPage\":{\"@id\":\"https:\\\/\\\/www.lactissima.com\\\/a-tire-d-ailes\\\/allaiter-et-travailler-le-temoignage-demilie-2\\\/\"},\"wordCount\":625,\"commentCount\":5,\"image\":{\"@id\":\"https:\\\/\\\/www.lactissima.com\\\/a-tire-d-ailes\\\/allaiter-et-travailler-le-temoignage-demilie-2\\\/#primaryimage\"},\"thumbnailUrl\":\"https:\\\/\\\/www.lactissima.com\\\/a-tire-d-ailes\\\/wp-content\\\/uploads\\\/interview.jpg\",\"keywords\":[\"conservation du lait maternel\",\"nounou\",\"tire-lait\"],\"articleSection\":[\"Allaitement et Travail\",\"t\u00e9moignages\"],\"inLanguage\":\"fr-FR\",\"potentialAction\":[{\"@type\":\"CommentAction\",\"name\":\"Comment\",\"target\":[\"https:\\\/\\\/www.lactissima.com\\\/a-tire-d-ailes\\\/allaiter-et-travailler-le-temoignage-demilie-2\\\/#respond\"]}]},{\"@type\":\"WebPage\",\"@id\":\"https:\\\/\\\/www.lactissima.com\\\/a-tire-d-ailes\\\/allaiter-et-travailler-le-temoignage-demilie-2\\\/\",\"url\":\"https:\\\/\\\/www.lactissima.com\\\/a-tire-d-ailes\\\/allaiter-et-travailler-le-temoignage-demilie-2\\\/\",\"name\":\"Allaiter et travailler : le t\u00e9moignage d'Emilie\",\"isPartOf\":{\"@id\":\"https:\\\/\\\/www.lactissima.com\\\/a-tire-d-ailes\\\/#website\"},\"primaryImageOfPage\":{\"@id\":\"https:\\\/\\\/www.lactissima.com\\\/a-tire-d-ailes\\\/allaiter-et-travailler-le-temoignage-demilie-2\\\/#primaryimage\"},\"image\":{\"@id\":\"https:\\\/\\\/www.lactissima.com\\\/a-tire-d-ailes\\\/allaiter-et-travailler-le-temoignage-demilie-2\\\/#primaryimage\"},\"thumbnailUrl\":\"https:\\\/\\\/www.lactissima.com\\\/a-tire-d-ailes\\\/wp-content\\\/uploads\\\/interview.jpg\",\"datePublished\":\"2012-07-27T08:02:55+00:00\",\"dateModified\":\"2019-01-18T08:37:02+00:00\",\"author\":{\"@id\":\"https:\\\/\\\/www.lactissima.com\\\/a-tire-d-ailes\\\/#\\\/schema\\\/person\\\/8f98d3a89530861bc1240e6d53d44eed\"},\"description\":\"La nounou du b\u00e9b\u00e9 d'Emilie a refus\u00e9 de donner du lait maternel. Mais ce b\u00e9b\u00e9 \u00e9tait allergique aux prot\u00e9ines de lait de vache, probl\u00e8me !\",\"breadcrumb\":{\"@id\":\"https:\\\/\\\/www.lactissima.com\\\/a-tire-d-ailes\\\/allaiter-et-travailler-le-temoignage-demilie-2\\\/#breadcrumb\"},\"inLanguage\":\"fr-FR\",\"potentialAction\":[{\"@type\":\"ReadAction\",\"target\":[\"https:\\\/\\\/www.lactissima.com\\\/a-tire-d-ailes\\\/allaiter-et-travailler-le-temoignage-demilie-2\\\/\"]}]},{\"@type\":\"ImageObject\",\"inLanguage\":\"fr-FR\",\"@id\":\"https:\\\/\\\/www.lactissima.com\\\/a-tire-d-ailes\\\/allaiter-et-travailler-le-temoignage-demilie-2\\\/#primaryimage\",\"url\":\"https:\\\/\\\/www.lactissima.com\\\/a-tire-d-ailes\\\/wp-content\\\/uploads\\\/interview.jpg\",\"contentUrl\":\"https:\\\/\\\/www.lactissima.com\\\/a-tire-d-ailes\\\/wp-content\\\/uploads\\\/interview.jpg\",\"width\":\"400\",\"height\":\"308\"},{\"@type\":\"BreadcrumbList\",\"@id\":\"https:\\\/\\\/www.lactissima.com\\\/a-tire-d-ailes\\\/allaiter-et-travailler-le-temoignage-demilie-2\\\/#breadcrumb\",\"itemListElement\":[{\"@type\":\"ListItem\",\"position\":1,\"name\":\"Accueil\",\"item\":\"https:\\\/\\\/www.lactissima.com\\\/a-tire-d-ailes\\\/\"},{\"@type\":\"ListItem\",\"position\":2,\"name\":\"Allaiter et travailler : le t\u00e9moignage d&rsquo;Emilie\"}]},{\"@type\":\"WebSite\",\"@id\":\"https:\\\/\\\/www.lactissima.com\\\/a-tire-d-ailes\\\/#website\",\"url\":\"https:\\\/\\\/www.lactissima.com\\\/a-tire-d-ailes\\\/\",\"name\":\"A tire d&#039;Ailes\",\"description\":\"Le blog des femmes qui allaitent et travaillent.\",\"potentialAction\":[{\"@type\":\"SearchAction\",\"target\":{\"@type\":\"EntryPoint\",\"urlTemplate\":\"https:\\\/\\\/www.lactissima.com\\\/a-tire-d-ailes\\\/?s={search_term_string}\"},\"query-input\":{\"@type\":\"PropertyValueSpecification\",\"valueRequired\":true,\"valueName\":\"search_term_string\"}}],\"inLanguage\":\"fr-FR\"},{\"@type\":\"Person\",\"@id\":\"https:\\\/\\\/www.lactissima.com\\\/a-tire-d-ailes\\\/#\\\/schema\\\/person\\\/8f98d3a89530861bc1240e6d53d44eed\",\"name\":\"V\u00e9ronique Darmangeat\",\"image\":{\"@type\":\"ImageObject\",\"inLanguage\":\"fr-FR\",\"@id\":\"https:\\\/\\\/secure.gravatar.com\\\/avatar\\\/268c99344c89cebfe4f5df5fa8be43068a18884fc76a29f3206fae98465b9cab?s=96&d=identicon&r=g\",\"url\":\"https:\\\/\\\/secure.gravatar.com\\\/avatar\\\/268c99344c89cebfe4f5df5fa8be43068a18884fc76a29f3206fae98465b9cab?s=96&d=identicon&r=g\",\"contentUrl\":\"https:\\\/\\\/secure.gravatar.com\\\/avatar\\\/268c99344c89cebfe4f5df5fa8be43068a18884fc76a29f3206fae98465b9cab?s=96&d=identicon&r=g\",\"caption\":\"V\u00e9ronique Darmangeat\"},\"sameAs\":[\"https:\\\/\\\/www.lactissima.com\\\/a-tire-d-ailes\",\"www.facebook.com\\\/consultante.en.lactation\"]}]}<\/script>\n<!-- \/ Yoast SEO plugin. -->","yoast_head_json":{"title":"Allaiter et travailler : le t\u00e9moignage d'Emilie","description":"La nounou du b\u00e9b\u00e9 d'Emilie a refus\u00e9 de donner du lait maternel. Mais ce b\u00e9b\u00e9 \u00e9tait allergique aux prot\u00e9ines de lait de vache, probl\u00e8me !","robots":{"index":"index","follow":"follow","max-snippet":"max-snippet:-1","max-image-preview":"max-image-preview:large","max-video-preview":"max-video-preview:-1"},"canonical":"https:\/\/www.lactissima.com\/a-tire-d-ailes\/allaiter-et-travailler-le-temoignage-demilie-2\/","og_locale":"fr_FR","og_type":"article","og_title":"Allaiter et travailler : le t\u00e9moignage d'Emilie","og_description":"La nounou du b\u00e9b\u00e9 d'Emilie a refus\u00e9 de donner du lait maternel. Mais ce b\u00e9b\u00e9 \u00e9tait allergique aux prot\u00e9ines de lait de vache, probl\u00e8me !","og_url":"https:\/\/www.lactissima.com\/a-tire-d-ailes\/allaiter-et-travailler-le-temoignage-demilie-2\/","og_site_name":"A tire d&#039;Ailes","article_publisher":"https:\/\/www.facebook.com\/consultante.en.lactation","article_author":"www.facebook.com\/consultante.en.lactation","article_published_time":"2012-07-27T08:02:55+00:00","article_modified_time":"2019-01-18T08:37:02+00:00","og_image":[{"width":400,"height":308,"url":"https:\/\/www.lactissima.com\/a-tire-d-ailes\/wp-content\/uploads\/interview.jpg","type":"image\/jpeg"}],"author":"V\u00e9ronique Darmangeat","twitter_card":"summary_large_image","twitter_creator":"@VeroniqueIBCLC","twitter_site":"@VeroniqueIBCLC","twitter_misc":{"\u00c9crit par":"V\u00e9ronique Darmangeat","Dur\u00e9e de lecture estim\u00e9e":"3 minutes"},"schema":{"@context":"https:\/\/schema.org","@graph":[{"@type":"Article","@id":"https:\/\/www.lactissima.com\/a-tire-d-ailes\/allaiter-et-travailler-le-temoignage-demilie-2\/#article","isPartOf":{"@id":"https:\/\/www.lactissima.com\/a-tire-d-ailes\/allaiter-et-travailler-le-temoignage-demilie-2\/"},"author":{"name":"V\u00e9ronique Darmangeat","@id":"https:\/\/www.lactissima.com\/a-tire-d-ailes\/#\/schema\/person\/8f98d3a89530861bc1240e6d53d44eed"},"headline":"Allaiter et travailler : le t\u00e9moignage d&rsquo;Emilie","datePublished":"2012-07-27T08:02:55+00:00","dateModified":"2019-01-18T08:37:02+00:00","mainEntityOfPage":{"@id":"https:\/\/www.lactissima.com\/a-tire-d-ailes\/allaiter-et-travailler-le-temoignage-demilie-2\/"},"wordCount":625,"commentCount":5,"image":{"@id":"https:\/\/www.lactissima.com\/a-tire-d-ailes\/allaiter-et-travailler-le-temoignage-demilie-2\/#primaryimage"},"thumbnailUrl":"https:\/\/www.lactissima.com\/a-tire-d-ailes\/wp-content\/uploads\/interview.jpg","keywords":["conservation du lait maternel","nounou","tire-lait"],"articleSection":["Allaitement et Travail","t\u00e9moignages"],"inLanguage":"fr-FR","potentialAction":[{"@type":"CommentAction","name":"Comment","target":["https:\/\/www.lactissima.com\/a-tire-d-ailes\/allaiter-et-travailler-le-temoignage-demilie-2\/#respond"]}]},{"@type":"WebPage","@id":"https:\/\/www.lactissima.com\/a-tire-d-ailes\/allaiter-et-travailler-le-temoignage-demilie-2\/","url":"https:\/\/www.lactissima.com\/a-tire-d-ailes\/allaiter-et-travailler-le-temoignage-demilie-2\/","name":"Allaiter et travailler : le t\u00e9moignage d'Emilie","isPartOf":{"@id":"https:\/\/www.lactissima.com\/a-tire-d-ailes\/#website"},"primaryImageOfPage":{"@id":"https:\/\/www.lactissima.com\/a-tire-d-ailes\/allaiter-et-travailler-le-temoignage-demilie-2\/#primaryimage"},"image":{"@id":"https:\/\/www.lactissima.com\/a-tire-d-ailes\/allaiter-et-travailler-le-temoignage-demilie-2\/#primaryimage"},"thumbnailUrl":"https:\/\/www.lactissima.com\/a-tire-d-ailes\/wp-content\/uploads\/interview.jpg","datePublished":"2012-07-27T08:02:55+00:00","dateModified":"2019-01-18T08:37:02+00:00","author":{"@id":"https:\/\/www.lactissima.com\/a-tire-d-ailes\/#\/schema\/person\/8f98d3a89530861bc1240e6d53d44eed"},"description":"La nounou du b\u00e9b\u00e9 d'Emilie a refus\u00e9 de donner du lait maternel. Mais ce b\u00e9b\u00e9 \u00e9tait allergique aux prot\u00e9ines de lait de vache, probl\u00e8me !","breadcrumb":{"@id":"https:\/\/www.lactissima.com\/a-tire-d-ailes\/allaiter-et-travailler-le-temoignage-demilie-2\/#breadcrumb"},"inLanguage":"fr-FR","potentialAction":[{"@type":"ReadAction","target":["https:\/\/www.lactissima.com\/a-tire-d-ailes\/allaiter-et-travailler-le-temoignage-demilie-2\/"]}]},{"@type":"ImageObject","inLanguage":"fr-FR","@id":"https:\/\/www.lactissima.com\/a-tire-d-ailes\/allaiter-et-travailler-le-temoignage-demilie-2\/#primaryimage","url":"https:\/\/www.lactissima.com\/a-tire-d-ailes\/wp-content\/uploads\/interview.jpg","contentUrl":"https:\/\/www.lactissima.com\/a-tire-d-ailes\/wp-content\/uploads\/interview.jpg","width":"400","height":"308"},{"@type":"BreadcrumbList","@id":"https:\/\/www.lactissima.com\/a-tire-d-ailes\/allaiter-et-travailler-le-temoignage-demilie-2\/#breadcrumb","itemListElement":[{"@type":"ListItem","position":1,"name":"Accueil","item":"https:\/\/www.lactissima.com\/a-tire-d-ailes\/"},{"@type":"ListItem","position":2,"name":"Allaiter et travailler : le t\u00e9moignage d&rsquo;Emilie"}]},{"@type":"WebSite","@id":"https:\/\/www.lactissima.com\/a-tire-d-ailes\/#website","url":"https:\/\/www.lactissima.com\/a-tire-d-ailes\/","name":"A tire d&#039;Ailes","description":"Le blog des femmes qui allaitent et travaillent.","potentialAction":[{"@type":"SearchAction","target":{"@type":"EntryPoint","urlTemplate":"https:\/\/www.lactissima.com\/a-tire-d-ailes\/?s={search_term_string}"},"query-input":{"@type":"PropertyValueSpecification","valueRequired":true,"valueName":"search_term_string"}}],"inLanguage":"fr-FR"},{"@type":"Person","@id":"https:\/\/www.lactissima.com\/a-tire-d-ailes\/#\/schema\/person\/8f98d3a89530861bc1240e6d53d44eed","name":"V\u00e9ronique Darmangeat","image":{"@type":"ImageObject","inLanguage":"fr-FR","@id":"https:\/\/secure.gravatar.com\/avatar\/268c99344c89cebfe4f5df5fa8be43068a18884fc76a29f3206fae98465b9cab?s=96&d=identicon&r=g","url":"https:\/\/secure.gravatar.com\/avatar\/268c99344c89cebfe4f5df5fa8be43068a18884fc76a29f3206fae98465b9cab?s=96&d=identicon&r=g","contentUrl":"https:\/\/secure.gravatar.com\/avatar\/268c99344c89cebfe4f5df5fa8be43068a18884fc76a29f3206fae98465b9cab?s=96&d=identicon&r=g","caption":"V\u00e9ronique Darmangeat"},"sameAs":["https:\/\/www.lactissima.com\/a-tire-d-ailes","www.facebook.com\/consultante.en.lactation"]}]}},"_links":{"self":[{"href":"https:\/\/www.lactissima.com\/a-tire-d-ailes\/wp-json\/wp\/v2\/posts\/3223","targetHints":{"allow":["GET"]}}],"collection":[{"href":"https:\/\/www.lactissima.com\/a-tire-d-ailes\/wp-json\/wp\/v2\/posts"}],"about":[{"href":"https:\/\/www.lactissima.com\/a-tire-d-ailes\/wp-json\/wp\/v2\/types\/post"}],"author":[{"embeddable":true,"href":"https:\/\/www.lactissima.com\/a-tire-d-ailes\/wp-json\/wp\/v2\/users\/170"}],"replies":[{"embeddable":true,"href":"https:\/\/www.lactissima.com\/a-tire-d-ailes\/wp-json\/wp\/v2\/comments?post=3223"}],"version-history":[{"count":12,"href":"https:\/\/www.lactissima.com\/a-tire-d-ailes\/wp-json\/wp\/v2\/posts\/3223\/revisions"}],"predecessor-version":[{"id":8004,"href":"https:\/\/www.lactissima.com\/a-tire-d-ailes\/wp-json\/wp\/v2\/posts\/3223\/revisions\/8004"}],"wp:featuredmedia":[{"embeddable":true,"href":"https:\/\/www.lactissima.com\/a-tire-d-ailes\/wp-json\/wp\/v2\/media\/3224"}],"wp:attachment":[{"href":"https:\/\/www.lactissima.com\/a-tire-d-ailes\/wp-json\/wp\/v2\/media?parent=3223"}],"wp:term":[{"taxonomy":"category","embeddable":true,"href":"https:\/\/www.lactissima.com\/a-tire-d-ailes\/wp-json\/wp\/v2\/categories?post=3223"},{"taxonomy":"post_tag","embeddable":true,"href":"https:\/\/www.lactissima.com\/a-tire-d-ailes\/wp-json\/wp\/v2\/tags?post=3223"}],"curies":[{"name":"wp","href":"https:\/\/api.w.org\/{rel}","templated":true}]}}