{"id":3192,"date":"2012-07-13T09:00:47","date_gmt":"2012-07-13T07:00:47","guid":{"rendered":"https:\/\/www.lactissima.com\/a-tire-d-ailes\/?p=3192"},"modified":"2024-02-07T09:50:05","modified_gmt":"2024-02-07T08:50:05","slug":"la-revue-de-presse-da-tire-dailes-20","status":"publish","type":"post","link":"https:\/\/www.lactissima.com\/a-tire-d-ailes\/la-revue-de-presse-da-tire-dailes-20\/","title":{"rendered":"La revue de presse d&rsquo;A tire d&rsquo;Ailes (20)"},"content":{"rendered":"<p style=\"text-align: justify;\"><a href=\"https:\/\/www.lactissima.com\/a-tire-d-ailes\/wp-content\/uploads\/journal.jpg\"><img loading=\"lazy\" decoding=\"async\" class=\"alignleft  wp-image-1613\" title=\"allaitement\" alt=\"\" src=\"https:\/\/www.lactissima.com\/a-tire-d-ailes\/wp-content\/uploads\/journal.jpg\" width=\"227\" height=\"294\" \/><\/a>Au cours du dernier <strong>mois<\/strong>, voici ce que j&rsquo;ai <strong>rep\u00e9r\u00e9<\/strong> pour vous :<\/p>\n<p style=\"text-align: justify;\">&#8211; Un bon billet sur les <a href=\"http:\/\/babillagesaveclaurie.blogspot.fr\/2012\/06\/les-avantages-de-lallaitement-pour-la.html\" target=\"_blank\" rel=\"noopener\">avantages de l&rsquo;allaitemen<\/a>t pour la <strong>maman<\/strong>.<\/p>\n<p style=\"text-align: justify;\">&#8211; Une recherche qui valide l&rsquo;usage du <strong>Motilium<\/strong> pour augmenter la lactation.<\/p>\n<p style=\"text-align: justify;\">&#8211; <strong>Maman Eprouvette<\/strong> nous a ravis avec quatre tr\u00e8s bons articles, comme toujours :<\/p>\n<ul style=\"text-align: justify;\">\n<li>Devrait-on attendre d&rsquo;avoir les <a title=\"seins pleins\" href=\"http:\/\/www.mamaneprouvette.com\/2012\/06\/question-de-la-semaine-devrait-on.html\" target=\"_blank\" rel=\"noopener\">seins bien pleins<\/a> avant <strong>d&rsquo;allaiter<\/strong> ?<\/li>\n<li> Des <strong>substances<\/strong> dans le lait maternel favorisent le <a title=\"sommeil b\u00e9b\u00e9\" href=\"http:\/\/www.mamaneprouvette.com\/2012\/06\/des-substances-dans-le-lait-maternel.html\" target=\"_blank\" rel=\"noopener\">sommeil du b\u00e9b\u00e9<\/a>.<\/li>\n<li> Est-il possible d&rsquo;<a title=\"allaiter b\u00e9b\u00e9\" href=\"http:\/\/www.mamaneprouvette.com\/2012\/07\/question-la-semaine-est-il-possible.html\" target=\"_blank\" rel=\"noopener\">allaiter un b\u00e9b\u00e9<\/a> sans l&rsquo;avoir <strong>port\u00e9<\/strong> ?<\/li>\n<li> L&rsquo;impact des <strong>complications<\/strong> pendant l&rsquo;accouchement sur la <a title=\"dur\u00e9e allaitement\" href=\"http:\/\/www.mamaneprouvette.com\/2012\/07\/limpact-des-complications-pendant.html\" target=\"_blank\" rel=\"noopener\">dur\u00e9e de l&rsquo;allaitement<\/a>.<\/li>\n<\/ul>\n<p style=\"text-align: justify;\">&#8211; Une image du <strong>b\u00e9b\u00e9 allait\u00e9 au retour de sa m\u00e8re du travail<\/strong> qui a eu beaucoup de succ\u00e8s sur la page facebook de Lactissima !<\/p>\n<p style=\"text-align: justify;\"><a href=\"https:\/\/www.lactissima.com\/a-tire-d-ailes\/wp-content\/uploads\/retour-travail.jpg\"><img loading=\"lazy\" decoding=\"async\" class=\"aligncenter size-full wp-image-3506\" title=\"retour travail\" alt=\"\" src=\"https:\/\/www.lactissima.com\/a-tire-d-ailes\/wp-content\/uploads\/retour-travail.jpg\" width=\"300\" height=\"201\" \/><\/a><\/p>\n<p style=\"text-align: justify;\">&#8211; La photo d&rsquo;une <strong>femme<\/strong> allaitant un <strong>ourson<\/strong> dans le d\u00e9but des ann\u00e9es <strong>1900<\/strong>. Son mari, un bucheron, avait tu\u00e9 la m\u00e8re et a \u00e9t\u00e9 atterr\u00e9 de d\u00e9couvrir que les cris de l&rsquo;ourson (n\u00e9 un jour ou deux auparavant) \u00e9taient tellement <strong>semblables<\/strong> \u00e0 ceux de son b\u00e9b\u00e9. Il l&rsquo;a donc ramen\u00e9 \u00e0 sa femme qui a allait\u00e9 Bruno, l&rsquo;ourson, en m\u00eame temps que son enfant.<\/p>\n<p style=\"text-align: justify;\"><a href=\"https:\/\/www.lactissima.com\/a-tire-d-ailes\/wp-content\/uploads\/allaitement-ourson1.jpg\"><img loading=\"lazy\" decoding=\"async\" class=\"aligncenter size-full wp-image-3507\" title=\"allaitement ourson\" alt=\"\" src=\"https:\/\/www.lactissima.com\/a-tire-d-ailes\/wp-content\/uploads\/allaitement-ourson1.jpg\" width=\"457\" height=\"720\" srcset=\"https:\/\/www.lactissima.com\/a-tire-d-ailes\/wp-content\/uploads\/allaitement-ourson1.jpg 457w, https:\/\/www.lactissima.com\/a-tire-d-ailes\/wp-content\/uploads\/allaitement-ourson1-190x300.jpg 190w\" sizes=\"(max-width: 457px) 100vw, 457px\" \/><\/a><\/p>\n<p style=\"text-align: justify;\">&#8211; Une nouvelle <strong>recherche<\/strong> qui montre que l&rsquo;allaitement maternel prot\u00e8ge de <strong>l&rsquo;asthme<\/strong> jusqu&rsquo;\u00e0 l&rsquo;\u00e2ge de 6 ans.<\/p>\n<p style=\"text-align: justify;\">&#8211; Et enfin, la photo de la t\u00e9t\u00e9e la plus <strong>acrobatique<\/strong> du mois !<\/p>\n<p style=\"text-align: justify;\"><a href=\"https:\/\/www.lactissima.com\/a-tire-d-ailes\/wp-content\/uploads\/t\u00e9t\u00e9e-acrobatique.jpg\"><img loading=\"lazy\" decoding=\"async\" class=\"aligncenter size-full wp-image-3508\" title=\"t\u00e9t\u00e9e acrobatique\" alt=\"\" src=\"https:\/\/www.lactissima.com\/a-tire-d-ailes\/wp-content\/uploads\/t\u00e9t\u00e9e-acrobatique.jpg\" width=\"314\" height=\"210\" srcset=\"https:\/\/www.lactissima.com\/a-tire-d-ailes\/wp-content\/uploads\/t\u00e9t\u00e9e-acrobatique.jpg 314w, https:\/\/www.lactissima.com\/a-tire-d-ailes\/wp-content\/uploads\/t\u00e9t\u00e9e-acrobatique-300x200.jpg 300w\" sizes=\"(max-width: 314px) 100vw, 314px\" \/><\/a><\/p>\n<p style=\"text-align: justify;\">Bonne <strong>lecture<\/strong> ! Et surtout, n&rsquo;h\u00e9sitez pas \u00e0 nous faire <strong>partager<\/strong> vos d\u00e9couvertes <\/p>\n<p style=\"text-align: justify;\"><strong>Articles en rapport : <\/strong><\/p>\n<p style=\"text-align: justify;\">Voir l&rsquo;onglet <a title=\"Revues de presse\" href=\"https:\/\/www.lactissima.com\/a-tire-d-ailes\/revues-de-presse\/\" target=\"_blank\" rel=\"noopener\">Revues de presse<\/a>.<\/p>\n<p>&nbsp;<\/p>\n","protected":false},"excerpt":{"rendered":"<p>Ce mois-ci a \u00e9t\u00e9 marqu\u00e9 par des photos d&rsquo;allaitement \u00e9tonnantes et de tr\u00e8s bons articles de Maman Eprouvette.<\/p>\n","protected":false},"author":170,"featured_media":3483,"comment_status":"open","ping_status":"open","sticky":false,"template":"","format":"standard","meta":{"_et_pb_use_builder":"","_et_pb_old_content":"","_et_gb_content_width":"","footnotes":""},"categories":[34,242],"tags":[393,356,390,394,317,391,392],"class_list":["post-3192","post","type-post","status-publish","format-standard","has-post-thumbnail","hentry","category-actualites","category-revue-de-presse","tag-allaiter-un-bebe","tag-augmenter-la-lactation","tag-avantages-de-lallaitement","tag-duree-de-lallaitement","tag-lallaitement-maternel","tag-seins-bien-pleins","tag-sommeil-du-bebe"],"yoast_head":"<!-- This site is optimized with the Yoast SEO plugin v27.4 - https:\/\/yoast.com\/product\/yoast-seo-wordpress\/ -->\n<title>La revue de presse d&#039;A tire d&#039;Ailes (20)<\/title>\n<meta name=\"description\" content=\"Ce mois-ci a \u00e9t\u00e9 marqu\u00e9 par des photos d&#039;allaitement \u00e9tonnantes et de tr\u00e8s bons articles de Maman Eprouvette.\" \/>\n<meta name=\"robots\" content=\"index, follow, max-snippet:-1, max-image-preview:large, max-video-preview:-1\" \/>\n<link rel=\"canonical\" href=\"https:\/\/www.lactissima.com\/a-tire-d-ailes\/la-revue-de-presse-da-tire-dailes-20\/\" \/>\n<meta property=\"og:locale\" content=\"fr_FR\" \/>\n<meta property=\"og:type\" content=\"article\" \/>\n<meta property=\"og:title\" content=\"La revue de presse d&#039;A tire d&#039;Ailes (20)\" \/>\n<meta property=\"og:description\" content=\"Ce mois-ci a \u00e9t\u00e9 marqu\u00e9 par des photos d&#039;allaitement \u00e9tonnantes et de tr\u00e8s bons articles de Maman Eprouvette.\" \/>\n<meta property=\"og:url\" content=\"https:\/\/www.lactissima.com\/a-tire-d-ailes\/la-revue-de-presse-da-tire-dailes-20\/\" \/>\n<meta property=\"og:site_name\" content=\"A tire d&#039;Ailes\" \/>\n<meta property=\"article:publisher\" content=\"https:\/\/www.facebook.com\/consultante.en.lactation\" \/>\n<meta property=\"article:author\" content=\"www.facebook.com\/consultante.en.lactation\" \/>\n<meta property=\"article:published_time\" content=\"2012-07-13T07:00:47+00:00\" \/>\n<meta property=\"article:modified_time\" content=\"2024-02-07T08:50:05+00:00\" \/>\n<meta property=\"og:image\" content=\"https:\/\/www.lactissima.com\/a-tire-d-ailes\/wp-content\/uploads\/journal.jpg\" \/>\n\t<meta property=\"og:image:width\" content=\"336\" \/>\n\t<meta property=\"og:image:height\" content=\"436\" \/>\n\t<meta property=\"og:image:type\" content=\"image\/jpeg\" \/>\n<meta name=\"author\" content=\"V\u00e9ronique Darmangeat\" \/>\n<meta name=\"twitter:card\" content=\"summary_large_image\" \/>\n<meta name=\"twitter:creator\" content=\"@VeroniqueIBCLC\" \/>\n<meta name=\"twitter:site\" content=\"@VeroniqueIBCLC\" \/>\n<meta name=\"twitter:label1\" content=\"\u00c9crit par\" \/>\n\t<meta name=\"twitter:data1\" content=\"V\u00e9ronique Darmangeat\" \/>\n\t<meta name=\"twitter:label2\" content=\"Dur\u00e9e de lecture estim\u00e9e\" \/>\n\t<meta name=\"twitter:data2\" content=\"1 minute\" \/>\n<script type=\"application\/ld+json\" class=\"yoast-schema-graph\">{\"@context\":\"https:\\\/\\\/schema.org\",\"@graph\":[{\"@type\":\"Article\",\"@id\":\"https:\\\/\\\/www.lactissima.com\\\/a-tire-d-ailes\\\/la-revue-de-presse-da-tire-dailes-20\\\/#article\",\"isPartOf\":{\"@id\":\"https:\\\/\\\/www.lactissima.com\\\/a-tire-d-ailes\\\/la-revue-de-presse-da-tire-dailes-20\\\/\"},\"author\":{\"name\":\"V\u00e9ronique Darmangeat\",\"@id\":\"https:\\\/\\\/www.lactissima.com\\\/a-tire-d-ailes\\\/#\\\/schema\\\/person\\\/8f98d3a89530861bc1240e6d53d44eed\"},\"headline\":\"La revue de presse d&rsquo;A tire d&rsquo;Ailes (20)\",\"datePublished\":\"2012-07-13T07:00:47+00:00\",\"dateModified\":\"2024-02-07T08:50:05+00:00\",\"mainEntityOfPage\":{\"@id\":\"https:\\\/\\\/www.lactissima.com\\\/a-tire-d-ailes\\\/la-revue-de-presse-da-tire-dailes-20\\\/\"},\"wordCount\":270,\"commentCount\":6,\"image\":{\"@id\":\"https:\\\/\\\/www.lactissima.com\\\/a-tire-d-ailes\\\/la-revue-de-presse-da-tire-dailes-20\\\/#primaryimage\"},\"thumbnailUrl\":\"https:\\\/\\\/www.lactissima.com\\\/a-tire-d-ailes\\\/wp-content\\\/uploads\\\/journal.jpg\",\"keywords\":[\"allaiter un b\u00e9b\u00e9\",\"augmenter la lactation\",\"avantages de l'allaitement\",\"dur\u00e9e de l'allaitement\",\"l'allaitement maternel\",\"seins bien pleins\",\"sommeil du b\u00e9b\u00e9\"],\"articleSection\":[\"Actualit\u00e9s\",\"Revue de presse\"],\"inLanguage\":\"fr-FR\",\"potentialAction\":[{\"@type\":\"CommentAction\",\"name\":\"Comment\",\"target\":[\"https:\\\/\\\/www.lactissima.com\\\/a-tire-d-ailes\\\/la-revue-de-presse-da-tire-dailes-20\\\/#respond\"]}]},{\"@type\":\"WebPage\",\"@id\":\"https:\\\/\\\/www.lactissima.com\\\/a-tire-d-ailes\\\/la-revue-de-presse-da-tire-dailes-20\\\/\",\"url\":\"https:\\\/\\\/www.lactissima.com\\\/a-tire-d-ailes\\\/la-revue-de-presse-da-tire-dailes-20\\\/\",\"name\":\"La revue de presse d'A tire d'Ailes (20)\",\"isPartOf\":{\"@id\":\"https:\\\/\\\/www.lactissima.com\\\/a-tire-d-ailes\\\/#website\"},\"primaryImageOfPage\":{\"@id\":\"https:\\\/\\\/www.lactissima.com\\\/a-tire-d-ailes\\\/la-revue-de-presse-da-tire-dailes-20\\\/#primaryimage\"},\"image\":{\"@id\":\"https:\\\/\\\/www.lactissima.com\\\/a-tire-d-ailes\\\/la-revue-de-presse-da-tire-dailes-20\\\/#primaryimage\"},\"thumbnailUrl\":\"https:\\\/\\\/www.lactissima.com\\\/a-tire-d-ailes\\\/wp-content\\\/uploads\\\/journal.jpg\",\"datePublished\":\"2012-07-13T07:00:47+00:00\",\"dateModified\":\"2024-02-07T08:50:05+00:00\",\"author\":{\"@id\":\"https:\\\/\\\/www.lactissima.com\\\/a-tire-d-ailes\\\/#\\\/schema\\\/person\\\/8f98d3a89530861bc1240e6d53d44eed\"},\"description\":\"Ce mois-ci a \u00e9t\u00e9 marqu\u00e9 par des photos d'allaitement \u00e9tonnantes et de tr\u00e8s bons articles de Maman Eprouvette.\",\"breadcrumb\":{\"@id\":\"https:\\\/\\\/www.lactissima.com\\\/a-tire-d-ailes\\\/la-revue-de-presse-da-tire-dailes-20\\\/#breadcrumb\"},\"inLanguage\":\"fr-FR\",\"potentialAction\":[{\"@type\":\"ReadAction\",\"target\":[\"https:\\\/\\\/www.lactissima.com\\\/a-tire-d-ailes\\\/la-revue-de-presse-da-tire-dailes-20\\\/\"]}]},{\"@type\":\"ImageObject\",\"inLanguage\":\"fr-FR\",\"@id\":\"https:\\\/\\\/www.lactissima.com\\\/a-tire-d-ailes\\\/la-revue-de-presse-da-tire-dailes-20\\\/#primaryimage\",\"url\":\"https:\\\/\\\/www.lactissima.com\\\/a-tire-d-ailes\\\/wp-content\\\/uploads\\\/journal.jpg\",\"contentUrl\":\"https:\\\/\\\/www.lactissima.com\\\/a-tire-d-ailes\\\/wp-content\\\/uploads\\\/journal.jpg\",\"width\":\"336\",\"height\":\"436\"},{\"@type\":\"BreadcrumbList\",\"@id\":\"https:\\\/\\\/www.lactissima.com\\\/a-tire-d-ailes\\\/la-revue-de-presse-da-tire-dailes-20\\\/#breadcrumb\",\"itemListElement\":[{\"@type\":\"ListItem\",\"position\":1,\"name\":\"Accueil\",\"item\":\"https:\\\/\\\/www.lactissima.com\\\/a-tire-d-ailes\\\/\"},{\"@type\":\"ListItem\",\"position\":2,\"name\":\"La revue de presse d&rsquo;A tire d&rsquo;Ailes (20)\"}]},{\"@type\":\"WebSite\",\"@id\":\"https:\\\/\\\/www.lactissima.com\\\/a-tire-d-ailes\\\/#website\",\"url\":\"https:\\\/\\\/www.lactissima.com\\\/a-tire-d-ailes\\\/\",\"name\":\"A tire d&#039;Ailes\",\"description\":\"Le blog des femmes qui allaitent et travaillent.\",\"potentialAction\":[{\"@type\":\"SearchAction\",\"target\":{\"@type\":\"EntryPoint\",\"urlTemplate\":\"https:\\\/\\\/www.lactissima.com\\\/a-tire-d-ailes\\\/?s={search_term_string}\"},\"query-input\":{\"@type\":\"PropertyValueSpecification\",\"valueRequired\":true,\"valueName\":\"search_term_string\"}}],\"inLanguage\":\"fr-FR\"},{\"@type\":\"Person\",\"@id\":\"https:\\\/\\\/www.lactissima.com\\\/a-tire-d-ailes\\\/#\\\/schema\\\/person\\\/8f98d3a89530861bc1240e6d53d44eed\",\"name\":\"V\u00e9ronique Darmangeat\",\"image\":{\"@type\":\"ImageObject\",\"inLanguage\":\"fr-FR\",\"@id\":\"https:\\\/\\\/secure.gravatar.com\\\/avatar\\\/268c99344c89cebfe4f5df5fa8be43068a18884fc76a29f3206fae98465b9cab?s=96&d=identicon&r=g\",\"url\":\"https:\\\/\\\/secure.gravatar.com\\\/avatar\\\/268c99344c89cebfe4f5df5fa8be43068a18884fc76a29f3206fae98465b9cab?s=96&d=identicon&r=g\",\"contentUrl\":\"https:\\\/\\\/secure.gravatar.com\\\/avatar\\\/268c99344c89cebfe4f5df5fa8be43068a18884fc76a29f3206fae98465b9cab?s=96&d=identicon&r=g\",\"caption\":\"V\u00e9ronique Darmangeat\"},\"sameAs\":[\"https:\\\/\\\/www.lactissima.com\\\/a-tire-d-ailes\",\"www.facebook.com\\\/consultante.en.lactation\"]}]}<\/script>\n<!-- \/ Yoast SEO plugin. -->","yoast_head_json":{"title":"La revue de presse d'A tire d'Ailes (20)","description":"Ce mois-ci a \u00e9t\u00e9 marqu\u00e9 par des photos d'allaitement \u00e9tonnantes et de tr\u00e8s bons articles de Maman Eprouvette.","robots":{"index":"index","follow":"follow","max-snippet":"max-snippet:-1","max-image-preview":"max-image-preview:large","max-video-preview":"max-video-preview:-1"},"canonical":"https:\/\/www.lactissima.com\/a-tire-d-ailes\/la-revue-de-presse-da-tire-dailes-20\/","og_locale":"fr_FR","og_type":"article","og_title":"La revue de presse d'A tire d'Ailes (20)","og_description":"Ce mois-ci a \u00e9t\u00e9 marqu\u00e9 par des photos d'allaitement \u00e9tonnantes et de tr\u00e8s bons articles de Maman Eprouvette.","og_url":"https:\/\/www.lactissima.com\/a-tire-d-ailes\/la-revue-de-presse-da-tire-dailes-20\/","og_site_name":"A tire d&#039;Ailes","article_publisher":"https:\/\/www.facebook.com\/consultante.en.lactation","article_author":"www.facebook.com\/consultante.en.lactation","article_published_time":"2012-07-13T07:00:47+00:00","article_modified_time":"2024-02-07T08:50:05+00:00","og_image":[{"width":336,"height":436,"url":"https:\/\/www.lactissima.com\/a-tire-d-ailes\/wp-content\/uploads\/journal.jpg","type":"image\/jpeg"}],"author":"V\u00e9ronique Darmangeat","twitter_card":"summary_large_image","twitter_creator":"@VeroniqueIBCLC","twitter_site":"@VeroniqueIBCLC","twitter_misc":{"\u00c9crit par":"V\u00e9ronique Darmangeat","Dur\u00e9e de lecture estim\u00e9e":"1 minute"},"schema":{"@context":"https:\/\/schema.org","@graph":[{"@type":"Article","@id":"https:\/\/www.lactissima.com\/a-tire-d-ailes\/la-revue-de-presse-da-tire-dailes-20\/#article","isPartOf":{"@id":"https:\/\/www.lactissima.com\/a-tire-d-ailes\/la-revue-de-presse-da-tire-dailes-20\/"},"author":{"name":"V\u00e9ronique Darmangeat","@id":"https:\/\/www.lactissima.com\/a-tire-d-ailes\/#\/schema\/person\/8f98d3a89530861bc1240e6d53d44eed"},"headline":"La revue de presse d&rsquo;A tire d&rsquo;Ailes (20)","datePublished":"2012-07-13T07:00:47+00:00","dateModified":"2024-02-07T08:50:05+00:00","mainEntityOfPage":{"@id":"https:\/\/www.lactissima.com\/a-tire-d-ailes\/la-revue-de-presse-da-tire-dailes-20\/"},"wordCount":270,"commentCount":6,"image":{"@id":"https:\/\/www.lactissima.com\/a-tire-d-ailes\/la-revue-de-presse-da-tire-dailes-20\/#primaryimage"},"thumbnailUrl":"https:\/\/www.lactissima.com\/a-tire-d-ailes\/wp-content\/uploads\/journal.jpg","keywords":["allaiter un b\u00e9b\u00e9","augmenter la lactation","avantages de l'allaitement","dur\u00e9e de l'allaitement","l'allaitement maternel","seins bien pleins","sommeil du b\u00e9b\u00e9"],"articleSection":["Actualit\u00e9s","Revue de presse"],"inLanguage":"fr-FR","potentialAction":[{"@type":"CommentAction","name":"Comment","target":["https:\/\/www.lactissima.com\/a-tire-d-ailes\/la-revue-de-presse-da-tire-dailes-20\/#respond"]}]},{"@type":"WebPage","@id":"https:\/\/www.lactissima.com\/a-tire-d-ailes\/la-revue-de-presse-da-tire-dailes-20\/","url":"https:\/\/www.lactissima.com\/a-tire-d-ailes\/la-revue-de-presse-da-tire-dailes-20\/","name":"La revue de presse d'A tire d'Ailes (20)","isPartOf":{"@id":"https:\/\/www.lactissima.com\/a-tire-d-ailes\/#website"},"primaryImageOfPage":{"@id":"https:\/\/www.lactissima.com\/a-tire-d-ailes\/la-revue-de-presse-da-tire-dailes-20\/#primaryimage"},"image":{"@id":"https:\/\/www.lactissima.com\/a-tire-d-ailes\/la-revue-de-presse-da-tire-dailes-20\/#primaryimage"},"thumbnailUrl":"https:\/\/www.lactissima.com\/a-tire-d-ailes\/wp-content\/uploads\/journal.jpg","datePublished":"2012-07-13T07:00:47+00:00","dateModified":"2024-02-07T08:50:05+00:00","author":{"@id":"https:\/\/www.lactissima.com\/a-tire-d-ailes\/#\/schema\/person\/8f98d3a89530861bc1240e6d53d44eed"},"description":"Ce mois-ci a \u00e9t\u00e9 marqu\u00e9 par des photos d'allaitement \u00e9tonnantes et de tr\u00e8s bons articles de Maman Eprouvette.","breadcrumb":{"@id":"https:\/\/www.lactissima.com\/a-tire-d-ailes\/la-revue-de-presse-da-tire-dailes-20\/#breadcrumb"},"inLanguage":"fr-FR","potentialAction":[{"@type":"ReadAction","target":["https:\/\/www.lactissima.com\/a-tire-d-ailes\/la-revue-de-presse-da-tire-dailes-20\/"]}]},{"@type":"ImageObject","inLanguage":"fr-FR","@id":"https:\/\/www.lactissima.com\/a-tire-d-ailes\/la-revue-de-presse-da-tire-dailes-20\/#primaryimage","url":"https:\/\/www.lactissima.com\/a-tire-d-ailes\/wp-content\/uploads\/journal.jpg","contentUrl":"https:\/\/www.lactissima.com\/a-tire-d-ailes\/wp-content\/uploads\/journal.jpg","width":"336","height":"436"},{"@type":"BreadcrumbList","@id":"https:\/\/www.lactissima.com\/a-tire-d-ailes\/la-revue-de-presse-da-tire-dailes-20\/#breadcrumb","itemListElement":[{"@type":"ListItem","position":1,"name":"Accueil","item":"https:\/\/www.lactissima.com\/a-tire-d-ailes\/"},{"@type":"ListItem","position":2,"name":"La revue de presse d&rsquo;A tire d&rsquo;Ailes (20)"}]},{"@type":"WebSite","@id":"https:\/\/www.lactissima.com\/a-tire-d-ailes\/#website","url":"https:\/\/www.lactissima.com\/a-tire-d-ailes\/","name":"A tire d&#039;Ailes","description":"Le blog des femmes qui allaitent et travaillent.","potentialAction":[{"@type":"SearchAction","target":{"@type":"EntryPoint","urlTemplate":"https:\/\/www.lactissima.com\/a-tire-d-ailes\/?s={search_term_string}"},"query-input":{"@type":"PropertyValueSpecification","valueRequired":true,"valueName":"search_term_string"}}],"inLanguage":"fr-FR"},{"@type":"Person","@id":"https:\/\/www.lactissima.com\/a-tire-d-ailes\/#\/schema\/person\/8f98d3a89530861bc1240e6d53d44eed","name":"V\u00e9ronique Darmangeat","image":{"@type":"ImageObject","inLanguage":"fr-FR","@id":"https:\/\/secure.gravatar.com\/avatar\/268c99344c89cebfe4f5df5fa8be43068a18884fc76a29f3206fae98465b9cab?s=96&d=identicon&r=g","url":"https:\/\/secure.gravatar.com\/avatar\/268c99344c89cebfe4f5df5fa8be43068a18884fc76a29f3206fae98465b9cab?s=96&d=identicon&r=g","contentUrl":"https:\/\/secure.gravatar.com\/avatar\/268c99344c89cebfe4f5df5fa8be43068a18884fc76a29f3206fae98465b9cab?s=96&d=identicon&r=g","caption":"V\u00e9ronique Darmangeat"},"sameAs":["https:\/\/www.lactissima.com\/a-tire-d-ailes","www.facebook.com\/consultante.en.lactation"]}]}},"_links":{"self":[{"href":"https:\/\/www.lactissima.com\/a-tire-d-ailes\/wp-json\/wp\/v2\/posts\/3192","targetHints":{"allow":["GET"]}}],"collection":[{"href":"https:\/\/www.lactissima.com\/a-tire-d-ailes\/wp-json\/wp\/v2\/posts"}],"about":[{"href":"https:\/\/www.lactissima.com\/a-tire-d-ailes\/wp-json\/wp\/v2\/types\/post"}],"author":[{"embeddable":true,"href":"https:\/\/www.lactissima.com\/a-tire-d-ailes\/wp-json\/wp\/v2\/users\/170"}],"replies":[{"embeddable":true,"href":"https:\/\/www.lactissima.com\/a-tire-d-ailes\/wp-json\/wp\/v2\/comments?post=3192"}],"version-history":[{"count":21,"href":"https:\/\/www.lactissima.com\/a-tire-d-ailes\/wp-json\/wp\/v2\/posts\/3192\/revisions"}],"predecessor-version":[{"id":9482,"href":"https:\/\/www.lactissima.com\/a-tire-d-ailes\/wp-json\/wp\/v2\/posts\/3192\/revisions\/9482"}],"wp:featuredmedia":[{"embeddable":true,"href":"https:\/\/www.lactissima.com\/a-tire-d-ailes\/wp-json\/wp\/v2\/media\/3483"}],"wp:attachment":[{"href":"https:\/\/www.lactissima.com\/a-tire-d-ailes\/wp-json\/wp\/v2\/media?parent=3192"}],"wp:term":[{"taxonomy":"category","embeddable":true,"href":"https:\/\/www.lactissima.com\/a-tire-d-ailes\/wp-json\/wp\/v2\/categories?post=3192"},{"taxonomy":"post_tag","embeddable":true,"href":"https:\/\/www.lactissima.com\/a-tire-d-ailes\/wp-json\/wp\/v2\/tags?post=3192"}],"curies":[{"name":"wp","href":"https:\/\/api.w.org\/{rel}","templated":true}]}}