{"id":3180,"date":"2012-07-07T11:02:08","date_gmt":"2012-07-07T09:02:08","guid":{"rendered":"https:\/\/www.lactissima.com\/a-tire-d-ailes\/?p=3180"},"modified":"2014-03-21T19:54:31","modified_gmt":"2014-03-21T18:54:31","slug":"soutenir-lallaitement-dans-son-entreprise","status":"publish","type":"post","link":"https:\/\/www.lactissima.com\/a-tire-d-ailes\/soutenir-lallaitement-dans-son-entreprise\/","title":{"rendered":"Soutenir l&rsquo;allaitement dans son entreprise : le t\u00e9moignage de M\u00e9lanie"},"content":{"rendered":"<p style=\"text-align: justify;\"><a href=\"https:\/\/www.lactissima.com\/a-tire-d-ailes\/wp-content\/uploads\/salle-allaitement2.jpg\"><img loading=\"lazy\" decoding=\"async\" class=\"alignright size-full wp-image-3511\" title=\"salle allaitement\" alt=\"Soutenir l'allaitement dans son entreprise\" src=\"https:\/\/www.lactissima.com\/a-tire-d-ailes\/wp-content\/uploads\/salle-allaitement2.jpg\" width=\"235\" height=\"314\" srcset=\"https:\/\/www.lactissima.com\/a-tire-d-ailes\/wp-content\/uploads\/salle-allaitement2.jpg 235w, https:\/\/www.lactissima.com\/a-tire-d-ailes\/wp-content\/uploads\/salle-allaitement2-224x300.jpg 224w\" sizes=\"(max-width: 235px) 100vw, 235px\" \/><\/a>Je suis tr\u00e8s heureuse de vous pr\u00e9senter aujourd&rsquo;hui l&rsquo;interview de <strong>M\u00e9lanie<\/strong> qui a d\u00e9cid\u00e9 de soutenir l&rsquo;allaitement dans son entreprise et mettre en place un dispositif de <span style=\"color: #000000;\"><a title=\"soutien allaitement\" href=\"https:\/\/www.lactissima.com\/\" target=\"_blank\"><span style=\"color: #000000;\"><strong>soutien \u00e0 l&rsquo;allaitement<\/strong><\/span><\/a><\/span> sur son lieu de <strong>travail<\/strong>.<\/p>\n<p style=\"text-align: justify;\"><span style=\"color: #ff6600;\"><strong>&#8211; Vous avez mis en place un dispositif pour permettre aux femmes de votre administration de tirer leur lait. Pouvez-vous nous le d\u00e9crire ?<\/strong> <\/span><\/p>\n<p style=\"text-align: justify;\">Je travaille dans un <strong>minist\u00e8re<\/strong>. A l&rsquo;heure actuelle, sur notre site, nous pouvons utiliser la <strong>salle de repos<\/strong> attenante \u00e0 l&rsquo;infirmerie. Toutefois, cela n&rsquo;est pas id\u00e9al car la salle est fr\u00e9quemment occup\u00e9e et nous ne pouvons pas pr\u00e9server notre <strong>intimit\u00e9<\/strong>. Par ailleurs, nous devons amener <strong>notre propre <span style=\"color: #000000;\"><a title=\"Le point sur les tire-lait\" href=\"https:\/\/www.lactissima.com\/a-tire-d-ailes\/?p=56\" target=\"_blank\"><span style=\"color: #000000;\">tire-lait<\/span><\/a><\/span><\/strong>, ce qui signifie le louer en pharmacie ou l&rsquo;acheter pour certains mod\u00e8les.<\/p>\n<p style=\"text-align: justify;\">Nous avons donc eu l&rsquo;id\u00e9e de cr\u00e9er une <strong>association<\/strong>, pour notre<strong> site de travail<\/strong>. L&rsquo;objectif principal est d&rsquo;obtenir une <strong>pi\u00e8ce \u00e9quip\u00e9e d&rsquo;un tire-lait<\/strong>. Nous souhaitons, par ce biais, favoriser l&rsquo;allaitement maternel de nos <strong>coll\u00e8gues<\/strong>, en diffusant des <strong>informations<\/strong> et en organisant des <strong>\u00e9changes<\/strong> entre les femmes enceintes, les jeunes m\u00e8res et celles qui sont plus aguerries.<\/p>\n<p style=\"text-align: justify;\">Nous consid\u00e9rons par ailleurs que <strong>l&rsquo;ensemble<\/strong> de la communaut\u00e9 de travail b\u00e9n\u00e9ficie d&rsquo;une telle d\u00e9marche : retour apr\u00e8s cong\u00e9s de maternit\u00e9 plus <strong>sereins<\/strong>, meilleure <strong>ambiance<\/strong>, et probablement <span style=\"color: #000000;\"><a href=\"https:\/\/www.lactissima.com\/programme-allaitement\/\" target=\"_blank\"><span style=\"color: #000000;\"><strong>moins d&rsquo;arr\u00eats<\/strong> de travail<\/span><\/a><\/span>.<\/p>\n<p style=\"text-align: justify;\"><span style=\"color: #ff6600;\"><strong>&#8211; Qu&rsquo;est-ce qui vous a pouss\u00e9 \u00e0 travailler sur ce sujet ?<\/strong> <\/span><\/p>\n<p style=\"text-align: justify;\">Fille de p\u00e9diatre, j&rsquo;ai toujours \u00e9t\u00e9 persuad\u00e9e du bien fond\u00e9 de l&rsquo;allaitement maternel. Or, le <strong>cong\u00e9<\/strong> de maternit\u00e9 en France est beaucoup trop <strong>court<\/strong> par rapport \u00e0 l&rsquo;allaitement. Je pense qu&rsquo;il faut au moins deux mois pour \u00eatre bien cal\u00e9e avec son enfant  alors, arr\u00eater l&rsquo;allaitement apr\u00e8s tant d&rsquo;efforts deux semaines plus tard me semble absurde. Il faut militer pour que le cong\u00e9 de maternit\u00e9 soit <strong>allong\u00e9<\/strong>. Cependant, tant que ce n&rsquo;est pas le cas, il faut bien trouver un <strong>compromis<\/strong>. Heureusement, il existe d&rsquo;excellents <strong>tire-lait<\/strong> qui permettent de vivre ce compromis dans de tr\u00e8s bonnes conditions. Et malheureusement, beaucoup d&rsquo;amies ou de coll\u00e8gues consid\u00e8rent que tirer son lait est <strong>douloureux<\/strong>, d\u00e9gradant, <strong>impossible<\/strong> avec les horaires impos\u00e9s du travail, les r\u00e9unions, les d\u00e9placements etc etc. Il existe mille raisons qui font que les m\u00e8res se persuadent qu&rsquo;\u00e0 leur retour au travail, leur allaitement sera termin\u00e9  Il y a m\u00eame des m\u00e8res qui <strong>refusent<\/strong> carr\u00e9ment d&rsquo;allaiter \u00e0 la naissance, parce qu&rsquo;elles savent que deux mois et demi apr\u00e8s ce sera termin\u00e9 ! Je trouve \u00e7a vraiment dommage, m\u00eame si je comprends.<\/p>\n<p style=\"text-align: justify;\">Je constate aussi que le sujet est un peu <strong>difficile<\/strong> \u00e0 aborder avec les coll\u00e8gues  dire \u00e0 son chef : \u00c2\u00ab attendez-moi une demi-heure, j&rsquo;ai \u00c2\u00ab vous-savez-quoi \u00c2\u00bb \u00e0 faire  \u00c2\u00bb peut sembler un peu <strong>ridicule<\/strong>. Les coll\u00e8gues qui ne connaissent pas se demandent ce qui se passe  on sait qu&rsquo;allaiter donne beaucoup de plaisir, alors  il peut y avoir certains <strong>fantasmes<\/strong> ou certaines <strong>ranc\u00c5\u201curs<\/strong>, voire une d\u00e9valorisation  On entend aussi des <strong>critiques<\/strong> du type \u00c2\u00ab essaie un peu de l\u00e2cher ton enfant \u00c2\u00bb, comme si en souhaitant allaiter son enfant au-del\u00e0 de trois mois relevait de la <strong>pathologie<\/strong>. Il convient d&rsquo;expliciter au mieux cet \u00c2\u00ab <strong>autre travail<\/strong> \u00c2\u00bb que nous faisons de fa\u00e7on isol\u00e9e, d&rsquo;en expliquer les <strong>raisons<\/strong> en particulier le r\u00f4le de l&rsquo;allaitement dans la pr\u00e9vention des maladies, de lever le <strong>tabou<\/strong> qui fait dire \u00c2\u00ab vous-savez-quoi \u00c2\u00bb et de toujours, \u00e0 chaque expression du lait, se sentir soi-m\u00eame tr\u00e8s <strong>valeureuse<\/strong>. La meilleure fa\u00e7on d&rsquo;y arriver, c&rsquo;est en se <strong>soutenant<\/strong> mutuellement ! J&rsquo;ai bien vu la <strong>diff\u00e9rence<\/strong>, entre mon premier allaitement au travail, o\u00f9 je tirais mon lait, en <strong>cachette<\/strong>, aux toilettes  et mon second allaitement au travail, avec le <strong>soutien<\/strong> de mes coll\u00e8gues, leurs bonnes id\u00e9es et la <strong>joie<\/strong> que tout \u00e7a v\u00e9hicule  tout simplement.<\/p>\n<p style=\"text-align: justify;\">En montant ce <strong>projet<\/strong> sur notre lieu de travail, nous souhaitons informer notamment les femmes enceintes que \u00c2\u00ab <strong>\u00e7a sera possible<\/strong> \u00c2\u00bb, qu&rsquo;il n&rsquo;y a pas de tabou et que nous serons l\u00e0 pour les <strong>encourager<\/strong>. A la base de la cr\u00e9ation de l&rsquo;association, il y a <strong>quelques m\u00e8res<\/strong> qui, comme moi, ont r\u00e9ussi \u00e0 allaiter au travail le temps qu&rsquo;elles voulaient  et qui en sont tr\u00e8s <strong>fi\u00e8res<\/strong>.<\/p>\n<p style=\"text-align: justify;\"><span style=\"color: #ff6600;\"><strong>&#8211; Comment imaginez-vous l&rsquo;\u00e9volution de ce dispositif ?<\/strong><\/span><\/p>\n<p style=\"text-align: justify;\">Nous souhaiterions que l&rsquo;association concerne <strong>les autres sites<\/strong> de notre administration  et organiser des <strong>ponts<\/strong> vers d&rsquo;autres <strong>minist\u00e8res<\/strong>, d&rsquo;autres <strong>entreprises<\/strong> ? A bon entendeur <\/p>\n<p style=\"text-align: justify;\"><span style=\"color: #ff6600;\"><strong>&#8211; Que souhaitez-vous pour l&rsquo;avenir ?<\/strong> <\/span><\/p>\n<p style=\"text-align: justify;\">Dans mes r\u00eaves  je voudrais un<strong> cong\u00e9 de maternit\u00e9 plus long<\/strong>. Je ne sais pas quelle longueur serait optimale  mais deux mois et demi en post-partum, c&rsquo;est s\u00fbr, ce n&rsquo;est absolument pas optimal ! C&rsquo;est presque se moquer des gens, des m\u00e8res en particulier, qui sacrifient leur <strong>salaire<\/strong> et leur <strong>retraite<\/strong> pour retarder un peu leur retour au travail.<\/p>\n<p style=\"text-align: justify;\">Mais je souhaiterais \u00e9galement une <strong>vraie <span style=\"color: #000000;\"><a href=\"https:\/\/www.lactissima.com\/programme-allaitement\/\" target=\"_blank\"><span style=\"color: #000000;\">politique de l&rsquo;allaitement au travail<\/span><\/a><\/span><\/strong>, avec un <strong>programme fran\u00e7ais<\/strong> digne de ce nom, port\u00e9 par le minist\u00e8re en charge de la sant\u00e9. Cela comporterait l&rsquo;obligation formelle (et opposable) de d\u00e9tenir une <strong>salle<\/strong> d\u00e9di\u00e9e \u00e0 l&rsquo;allaitement et <strong>\u00e9quip\u00e9e<\/strong> convenablement dans toutes les entreprises, par exemple au-del\u00e0 de cinquante salari\u00e9s. Nous avons des d\u00e9fibrillateurs partout, m\u00eame dans les trains  alors, et le <strong>tire-lait<\/strong> ?? Il conviendrait \u00e9galement de promouvoir l&rsquo;allaitement par des <strong>formations<\/strong> organis\u00e9es par les entreprises, des campagnes d&rsquo;affichage partout, des <strong>concours<\/strong> des \u00c2\u00ab meilleurs initiatives en entreprise \u00c2\u00bb par exemple. Parmi toutes les campagnes de pr\u00e9vention de l&rsquo;Etat, celle-ci me semblerait peu on\u00e9reuse et surtout <strong>rentable<\/strong> tr\u00e8s rapidement.<\/p>\n<p style=\"text-align: justify;\"><strong><span style=\"color: #ff6600;\">&#8211; Qu&rsquo;aimeriez-vous dire aux femmes qui ont envie de faire comme vous dans leur entreprise ?<\/span> <\/strong><\/p>\n<p style=\"text-align: justify;\">Pour ce qui est de monter une <strong>association<\/strong>, je pense que toutes les <strong>initiatives<\/strong> f\u00e9d\u00e9ratrices sont bonnes \u00e0 prendre. Nous n&rsquo;avons pas assez de recul pour formuler des conseils&#8230;<\/p>\n<p style=\"text-align: justify;\">Pour ce qui est d&rsquo;allaiter au travail&#8230; je dirais que c&rsquo;est une excellente <strong>id\u00e9e<\/strong> !!! On sait que les enfants allait\u00e9s sont moins malades  Voil\u00e0 , d\u00e9j\u00e0 , une bonne raison de le faire. Mais ce n&rsquo;est absolument pas un sacrifice pour vous : il existe des tire-lait ultra performants, rapides et doux  Et puis, faire cette petite escale quotidienne vous permettra de ne pas avoir la sensation d&rsquo;\u00eatre brutalement <strong>s\u00e9par\u00e9e<\/strong> de votre enfant. Avec un peu <strong>d&rsquo;entra\u00eenement<\/strong>, l&rsquo;expression du lait peut ne durer qu&rsquo;une demi-heure par jour, c&rsquo;est<strong> rien du tout<\/strong> par rapport au temps de pause qu&rsquo;on peut s&rsquo;accorder (qu&rsquo;on doit s&rsquo;accorder pour \u00eatre efficace !). Le moment de l&rsquo;expression du lait peut <strong>changer<\/strong> d&rsquo;un jour \u00e0 l&rsquo;autre, \u00e0 plusieurs heures pr\u00e8s. Et puis, de toute fa\u00e7on, vous \u00eates m\u00e8re, vos coll\u00e8gues et vos chefs le savent. Donc, assumer l&rsquo;allaitement au travail ce n&rsquo;est que rappeler que vous avez une <strong>autre mission<\/strong> dans la vie, ce qui est plut\u00f4t <strong>glorifiant<\/strong> et d\u00e9note une grande capacit\u00e9 <strong>d&rsquo;organisation<\/strong>. D&rsquo;autre part, on est souvent surpris par la r\u00e9action des gens  tr\u00e8s tr\u00e8s <strong>bienveillants<\/strong> \u00e0 ce sujet. Et ceux qui ne le sont pas ? Les <strong>identifier<\/strong> dans le cadre de l&rsquo;allaitement au travail permet d&rsquo;\u00e9viter des d\u00e9boires dans d&rsquo;autres sujets professionnels, car \u00e7a n&rsquo;est pas bon signe  Enfin, il y a le probl\u00e8me des <span style=\"color: #000000;\"><a title=\"Allaitement et d\u00e9placements professionnels\" href=\"https:\/\/www.lactissima.com\/a-tire-d-ailes\/?p=627\" target=\"_blank\"><span style=\"color: #000000;\"><strong>d\u00e9placements<\/strong><\/span><\/a><\/span>. Quand ceux-ci sont de courte dur\u00e9e (un ou deux jours), il y a toujours des possibilit\u00e9s. Mais il faut se renseigner pour conna\u00eetre l&#8217;emplacement du frigo, d&rsquo;une pi\u00e8ce isol\u00e9e, il faut aussi optimiser les trajets, pr\u00e9voir le mat\u00e9riel ad\u00e9quat etc  C&rsquo;est s\u00fbr que \u00e7a complique, mais la <strong>solidarit\u00e9<\/strong> r\u00e9sout beaucoup de choses.<\/p>\n<p style=\"text-align: justify;\">Je pense enfin que l&rsquo;allaitement au travail doit \u00eatre un minimum <strong>pr\u00e9par\u00e9<\/strong>, ne serait-ce que pour le tire-lait. Avoir une mont\u00e9e de lait avec cet appareil peut sembler insurmontable  donc, mieux vaut <strong>s&rsquo;entra\u00eener<\/strong>. Pourquoi pas donner son lait au <strong>lactarium<\/strong> pendant le cong\u00e9 de maternit\u00e9 ? C&rsquo;est ce que j&rsquo;ai fait pour mes deux lactations, je me suis donc un peu \u00c2\u00ab pouss\u00e9e \u00c2\u00bb, mais je me suis vraiment d\u00e9tendue avec le tire-lait parce que je n&rsquo;avais pas un objectif de r\u00e9sultat. Et apr\u00e8s  j&rsquo;avoue que la vision ou m\u00eame simplement le fait de penser au tire-lait me donnait des<strong> mont\u00e9es de lait<\/strong> !!! Il est certain qu&rsquo;avec le <strong>stress<\/strong> de la reprise, j&rsquo;aurais eu beaucoup de mal dans l&rsquo;\u00e9tape de \u00c2\u00ab <strong>d\u00e9couverte<\/strong> \u00c2\u00bb de l&rsquo;objet. Et puis, quand on choisit d&rsquo;allaiter au travail, il faut en <strong>parler<\/strong>, se faire <strong>conseiller<\/strong>, <strong>assumer<\/strong>, \u00eatre <strong>fi\u00e8re<\/strong>, parce que je pense qu&rsquo;on le m\u00e9rite. Enfin, il y a la question de la <strong>fatigue<\/strong>  ind\u00e9niable. Mais quand on a un vrai beau d\u00e9fi, on trouve toujours les <strong>ressources<\/strong> n\u00e9cessaires.<\/p>\n<p style=\"text-align: justify;\">A mon avis, quand on ressent la fatigue, c&rsquo;est qu&rsquo;on a d\u00e9cid\u00e9 inconsciemment que l&rsquo;allaitement avait assez dur\u00e9. Pas de regret \u00e0 avoir, chaque jour d&rsquo;allaitement est un petit <strong>bonus<\/strong> !<\/p>\n<p style=\"text-align: justify;\"><strong><span style=\"color: #ff6600;\">Merci beaucoup M\u00e9lanie et bravo !<\/span><\/strong><\/p>\n<p style=\"text-align: justify;\"><strong>Articles en rapport :<\/strong><\/p>\n<p style=\"text-align: justify;\">&#8211; <a href=\"https:\/\/www.lactissima.com\/a-tire-d-ailes\/?p=2202\" target=\"_blank\">Salle d&rsquo;allaitement<\/a><\/p>\n<p style=\"text-align: justify;\">\n","protected":false},"excerpt":{"rendered":"<p>M\u00e9lanie a mont\u00e9 une association au sein de son lieu de travail pour permettre \u00e0 ses coll\u00e8gues de tirer leur lait dans de bonnes conditions.<\/p>\n","protected":false},"author":170,"featured_media":3511,"comment_status":"open","ping_status":"open","sticky":false,"template":"","format":"standard","meta":{"_et_pb_use_builder":"","_et_pb_old_content":"","_et_gb_content_width":"","footnotes":""},"categories":[36,40],"tags":[389,387,388,386,57],"class_list":["post-3180","post","type-post","status-publish","format-standard","has-post-thumbnail","hentry","category-allaitement-et-travail","category-entreprises","tag-deplacements","tag-moins-darrets-de-travail","tag-politique-de-lallaitement-au-travail","tag-soutien-a-lallaitement","tag-tire-lait"],"yoast_head":"<!-- This site is optimized with the Yoast SEO plugin v27.4 - https:\/\/yoast.com\/product\/yoast-seo-wordpress\/ -->\n<title>Soutenir l&#039;allaitement dans son entreprise<\/title>\n<meta name=\"description\" content=\"M\u00e9lanie a d\u00e9cid\u00e9 de soutenir l&#039;allaitement dans son entreprise et mont\u00e9 une association au sein de son lieu de travail pour permettre \u00e0 ses coll\u00e8gues de tirer leur lait dans de bonnes conditions.\" \/>\n<meta name=\"robots\" content=\"index, follow, max-snippet:-1, max-image-preview:large, max-video-preview:-1\" \/>\n<link rel=\"canonical\" href=\"https:\/\/www.lactissima.com\/a-tire-d-ailes\/soutenir-lallaitement-dans-son-entreprise\/\" \/>\n<meta property=\"og:locale\" content=\"fr_FR\" \/>\n<meta property=\"og:type\" content=\"article\" \/>\n<meta property=\"og:title\" content=\"Soutenir l&#039;allaitement dans son entreprise\" \/>\n<meta property=\"og:description\" content=\"M\u00e9lanie a d\u00e9cid\u00e9 de soutenir l&#039;allaitement dans son entreprise et mont\u00e9 une association au sein de son lieu de travail pour permettre \u00e0 ses coll\u00e8gues de tirer leur lait dans de bonnes conditions.\" \/>\n<meta property=\"og:url\" content=\"https:\/\/www.lactissima.com\/a-tire-d-ailes\/soutenir-lallaitement-dans-son-entreprise\/\" \/>\n<meta property=\"og:site_name\" content=\"A tire d&#039;Ailes\" \/>\n<meta property=\"article:publisher\" content=\"https:\/\/www.facebook.com\/consultante.en.lactation\" \/>\n<meta property=\"article:author\" content=\"www.facebook.com\/consultante.en.lactation\" \/>\n<meta property=\"article:published_time\" content=\"2012-07-07T09:02:08+00:00\" \/>\n<meta property=\"article:modified_time\" content=\"2014-03-21T18:54:31+00:00\" \/>\n<meta property=\"og:image\" content=\"https:\/\/www.lactissima.com\/a-tire-d-ailes\/wp-content\/uploads\/salle-allaitement2.jpg\" \/>\n\t<meta property=\"og:image:width\" content=\"235\" \/>\n\t<meta property=\"og:image:height\" content=\"314\" \/>\n\t<meta property=\"og:image:type\" content=\"image\/jpeg\" \/>\n<meta name=\"author\" content=\"V\u00e9ronique Darmangeat\" \/>\n<meta name=\"twitter:card\" content=\"summary_large_image\" \/>\n<meta name=\"twitter:creator\" content=\"@VeroniqueIBCLC\" \/>\n<meta name=\"twitter:site\" content=\"@VeroniqueIBCLC\" \/>\n<meta name=\"twitter:label1\" content=\"\u00c9crit par\" \/>\n\t<meta name=\"twitter:data1\" content=\"V\u00e9ronique Darmangeat\" \/>\n\t<meta name=\"twitter:label2\" content=\"Dur\u00e9e de lecture estim\u00e9e\" \/>\n\t<meta name=\"twitter:data2\" content=\"7 minutes\" \/>\n<script type=\"application\/ld+json\" class=\"yoast-schema-graph\">{\"@context\":\"https:\\\/\\\/schema.org\",\"@graph\":[{\"@type\":\"Article\",\"@id\":\"https:\\\/\\\/www.lactissima.com\\\/a-tire-d-ailes\\\/soutenir-lallaitement-dans-son-entreprise\\\/#article\",\"isPartOf\":{\"@id\":\"https:\\\/\\\/www.lactissima.com\\\/a-tire-d-ailes\\\/soutenir-lallaitement-dans-son-entreprise\\\/\"},\"author\":{\"name\":\"V\u00e9ronique Darmangeat\",\"@id\":\"https:\\\/\\\/www.lactissima.com\\\/a-tire-d-ailes\\\/#\\\/schema\\\/person\\\/8f98d3a89530861bc1240e6d53d44eed\"},\"headline\":\"Soutenir l&rsquo;allaitement dans son entreprise : le t\u00e9moignage de M\u00e9lanie\",\"datePublished\":\"2012-07-07T09:02:08+00:00\",\"dateModified\":\"2014-03-21T18:54:31+00:00\",\"mainEntityOfPage\":{\"@id\":\"https:\\\/\\\/www.lactissima.com\\\/a-tire-d-ailes\\\/soutenir-lallaitement-dans-son-entreprise\\\/\"},\"wordCount\":1606,\"commentCount\":6,\"image\":{\"@id\":\"https:\\\/\\\/www.lactissima.com\\\/a-tire-d-ailes\\\/soutenir-lallaitement-dans-son-entreprise\\\/#primaryimage\"},\"thumbnailUrl\":\"https:\\\/\\\/www.lactissima.com\\\/a-tire-d-ailes\\\/wp-content\\\/uploads\\\/salle-allaitement2.jpg\",\"keywords\":[\"d\u00e9placements\",\"moins d'arr\u00eats de travail\",\"politique de l'allaitement au travail\",\"soutien \u00e0 l'allaitement\",\"tire-lait\"],\"articleSection\":[\"Allaitement et Travail\",\"Entreprises\"],\"inLanguage\":\"fr-FR\",\"potentialAction\":[{\"@type\":\"CommentAction\",\"name\":\"Comment\",\"target\":[\"https:\\\/\\\/www.lactissima.com\\\/a-tire-d-ailes\\\/soutenir-lallaitement-dans-son-entreprise\\\/#respond\"]}]},{\"@type\":\"WebPage\",\"@id\":\"https:\\\/\\\/www.lactissima.com\\\/a-tire-d-ailes\\\/soutenir-lallaitement-dans-son-entreprise\\\/\",\"url\":\"https:\\\/\\\/www.lactissima.com\\\/a-tire-d-ailes\\\/soutenir-lallaitement-dans-son-entreprise\\\/\",\"name\":\"Soutenir l'allaitement dans son entreprise\",\"isPartOf\":{\"@id\":\"https:\\\/\\\/www.lactissima.com\\\/a-tire-d-ailes\\\/#website\"},\"primaryImageOfPage\":{\"@id\":\"https:\\\/\\\/www.lactissima.com\\\/a-tire-d-ailes\\\/soutenir-lallaitement-dans-son-entreprise\\\/#primaryimage\"},\"image\":{\"@id\":\"https:\\\/\\\/www.lactissima.com\\\/a-tire-d-ailes\\\/soutenir-lallaitement-dans-son-entreprise\\\/#primaryimage\"},\"thumbnailUrl\":\"https:\\\/\\\/www.lactissima.com\\\/a-tire-d-ailes\\\/wp-content\\\/uploads\\\/salle-allaitement2.jpg\",\"datePublished\":\"2012-07-07T09:02:08+00:00\",\"dateModified\":\"2014-03-21T18:54:31+00:00\",\"author\":{\"@id\":\"https:\\\/\\\/www.lactissima.com\\\/a-tire-d-ailes\\\/#\\\/schema\\\/person\\\/8f98d3a89530861bc1240e6d53d44eed\"},\"description\":\"M\u00e9lanie a d\u00e9cid\u00e9 de soutenir l'allaitement dans son entreprise et mont\u00e9 une association au sein de son lieu de travail pour permettre \u00e0 ses coll\u00e8gues de tirer leur lait dans de bonnes conditions.\",\"breadcrumb\":{\"@id\":\"https:\\\/\\\/www.lactissima.com\\\/a-tire-d-ailes\\\/soutenir-lallaitement-dans-son-entreprise\\\/#breadcrumb\"},\"inLanguage\":\"fr-FR\",\"potentialAction\":[{\"@type\":\"ReadAction\",\"target\":[\"https:\\\/\\\/www.lactissima.com\\\/a-tire-d-ailes\\\/soutenir-lallaitement-dans-son-entreprise\\\/\"]}]},{\"@type\":\"ImageObject\",\"inLanguage\":\"fr-FR\",\"@id\":\"https:\\\/\\\/www.lactissima.com\\\/a-tire-d-ailes\\\/soutenir-lallaitement-dans-son-entreprise\\\/#primaryimage\",\"url\":\"https:\\\/\\\/www.lactissima.com\\\/a-tire-d-ailes\\\/wp-content\\\/uploads\\\/salle-allaitement2.jpg\",\"contentUrl\":\"https:\\\/\\\/www.lactissima.com\\\/a-tire-d-ailes\\\/wp-content\\\/uploads\\\/salle-allaitement2.jpg\",\"width\":\"235\",\"height\":\"314\"},{\"@type\":\"BreadcrumbList\",\"@id\":\"https:\\\/\\\/www.lactissima.com\\\/a-tire-d-ailes\\\/soutenir-lallaitement-dans-son-entreprise\\\/#breadcrumb\",\"itemListElement\":[{\"@type\":\"ListItem\",\"position\":1,\"name\":\"Accueil\",\"item\":\"https:\\\/\\\/www.lactissima.com\\\/a-tire-d-ailes\\\/\"},{\"@type\":\"ListItem\",\"position\":2,\"name\":\"Soutenir l&rsquo;allaitement dans son entreprise : le t\u00e9moignage de M\u00e9lanie\"}]},{\"@type\":\"WebSite\",\"@id\":\"https:\\\/\\\/www.lactissima.com\\\/a-tire-d-ailes\\\/#website\",\"url\":\"https:\\\/\\\/www.lactissima.com\\\/a-tire-d-ailes\\\/\",\"name\":\"A tire d&#039;Ailes\",\"description\":\"Le blog des femmes qui allaitent et travaillent.\",\"potentialAction\":[{\"@type\":\"SearchAction\",\"target\":{\"@type\":\"EntryPoint\",\"urlTemplate\":\"https:\\\/\\\/www.lactissima.com\\\/a-tire-d-ailes\\\/?s={search_term_string}\"},\"query-input\":{\"@type\":\"PropertyValueSpecification\",\"valueRequired\":true,\"valueName\":\"search_term_string\"}}],\"inLanguage\":\"fr-FR\"},{\"@type\":\"Person\",\"@id\":\"https:\\\/\\\/www.lactissima.com\\\/a-tire-d-ailes\\\/#\\\/schema\\\/person\\\/8f98d3a89530861bc1240e6d53d44eed\",\"name\":\"V\u00e9ronique Darmangeat\",\"image\":{\"@type\":\"ImageObject\",\"inLanguage\":\"fr-FR\",\"@id\":\"https:\\\/\\\/secure.gravatar.com\\\/avatar\\\/268c99344c89cebfe4f5df5fa8be43068a18884fc76a29f3206fae98465b9cab?s=96&d=identicon&r=g\",\"url\":\"https:\\\/\\\/secure.gravatar.com\\\/avatar\\\/268c99344c89cebfe4f5df5fa8be43068a18884fc76a29f3206fae98465b9cab?s=96&d=identicon&r=g\",\"contentUrl\":\"https:\\\/\\\/secure.gravatar.com\\\/avatar\\\/268c99344c89cebfe4f5df5fa8be43068a18884fc76a29f3206fae98465b9cab?s=96&d=identicon&r=g\",\"caption\":\"V\u00e9ronique Darmangeat\"},\"sameAs\":[\"https:\\\/\\\/www.lactissima.com\\\/a-tire-d-ailes\",\"www.facebook.com\\\/consultante.en.lactation\"]}]}<\/script>\n<!-- \/ Yoast SEO plugin. -->","yoast_head_json":{"title":"Soutenir l'allaitement dans son entreprise","description":"M\u00e9lanie a d\u00e9cid\u00e9 de soutenir l'allaitement dans son entreprise et mont\u00e9 une association au sein de son lieu de travail pour permettre \u00e0 ses coll\u00e8gues de tirer leur lait dans de bonnes conditions.","robots":{"index":"index","follow":"follow","max-snippet":"max-snippet:-1","max-image-preview":"max-image-preview:large","max-video-preview":"max-video-preview:-1"},"canonical":"https:\/\/www.lactissima.com\/a-tire-d-ailes\/soutenir-lallaitement-dans-son-entreprise\/","og_locale":"fr_FR","og_type":"article","og_title":"Soutenir l'allaitement dans son entreprise","og_description":"M\u00e9lanie a d\u00e9cid\u00e9 de soutenir l'allaitement dans son entreprise et mont\u00e9 une association au sein de son lieu de travail pour permettre \u00e0 ses coll\u00e8gues de tirer leur lait dans de bonnes conditions.","og_url":"https:\/\/www.lactissima.com\/a-tire-d-ailes\/soutenir-lallaitement-dans-son-entreprise\/","og_site_name":"A tire d&#039;Ailes","article_publisher":"https:\/\/www.facebook.com\/consultante.en.lactation","article_author":"www.facebook.com\/consultante.en.lactation","article_published_time":"2012-07-07T09:02:08+00:00","article_modified_time":"2014-03-21T18:54:31+00:00","og_image":[{"width":235,"height":314,"url":"https:\/\/www.lactissima.com\/a-tire-d-ailes\/wp-content\/uploads\/salle-allaitement2.jpg","type":"image\/jpeg"}],"author":"V\u00e9ronique Darmangeat","twitter_card":"summary_large_image","twitter_creator":"@VeroniqueIBCLC","twitter_site":"@VeroniqueIBCLC","twitter_misc":{"\u00c9crit par":"V\u00e9ronique Darmangeat","Dur\u00e9e de lecture estim\u00e9e":"7 minutes"},"schema":{"@context":"https:\/\/schema.org","@graph":[{"@type":"Article","@id":"https:\/\/www.lactissima.com\/a-tire-d-ailes\/soutenir-lallaitement-dans-son-entreprise\/#article","isPartOf":{"@id":"https:\/\/www.lactissima.com\/a-tire-d-ailes\/soutenir-lallaitement-dans-son-entreprise\/"},"author":{"name":"V\u00e9ronique Darmangeat","@id":"https:\/\/www.lactissima.com\/a-tire-d-ailes\/#\/schema\/person\/8f98d3a89530861bc1240e6d53d44eed"},"headline":"Soutenir l&rsquo;allaitement dans son entreprise : le t\u00e9moignage de M\u00e9lanie","datePublished":"2012-07-07T09:02:08+00:00","dateModified":"2014-03-21T18:54:31+00:00","mainEntityOfPage":{"@id":"https:\/\/www.lactissima.com\/a-tire-d-ailes\/soutenir-lallaitement-dans-son-entreprise\/"},"wordCount":1606,"commentCount":6,"image":{"@id":"https:\/\/www.lactissima.com\/a-tire-d-ailes\/soutenir-lallaitement-dans-son-entreprise\/#primaryimage"},"thumbnailUrl":"https:\/\/www.lactissima.com\/a-tire-d-ailes\/wp-content\/uploads\/salle-allaitement2.jpg","keywords":["d\u00e9placements","moins d'arr\u00eats de travail","politique de l'allaitement au travail","soutien \u00e0 l'allaitement","tire-lait"],"articleSection":["Allaitement et Travail","Entreprises"],"inLanguage":"fr-FR","potentialAction":[{"@type":"CommentAction","name":"Comment","target":["https:\/\/www.lactissima.com\/a-tire-d-ailes\/soutenir-lallaitement-dans-son-entreprise\/#respond"]}]},{"@type":"WebPage","@id":"https:\/\/www.lactissima.com\/a-tire-d-ailes\/soutenir-lallaitement-dans-son-entreprise\/","url":"https:\/\/www.lactissima.com\/a-tire-d-ailes\/soutenir-lallaitement-dans-son-entreprise\/","name":"Soutenir l'allaitement dans son entreprise","isPartOf":{"@id":"https:\/\/www.lactissima.com\/a-tire-d-ailes\/#website"},"primaryImageOfPage":{"@id":"https:\/\/www.lactissima.com\/a-tire-d-ailes\/soutenir-lallaitement-dans-son-entreprise\/#primaryimage"},"image":{"@id":"https:\/\/www.lactissima.com\/a-tire-d-ailes\/soutenir-lallaitement-dans-son-entreprise\/#primaryimage"},"thumbnailUrl":"https:\/\/www.lactissima.com\/a-tire-d-ailes\/wp-content\/uploads\/salle-allaitement2.jpg","datePublished":"2012-07-07T09:02:08+00:00","dateModified":"2014-03-21T18:54:31+00:00","author":{"@id":"https:\/\/www.lactissima.com\/a-tire-d-ailes\/#\/schema\/person\/8f98d3a89530861bc1240e6d53d44eed"},"description":"M\u00e9lanie a d\u00e9cid\u00e9 de soutenir l'allaitement dans son entreprise et mont\u00e9 une association au sein de son lieu de travail pour permettre \u00e0 ses coll\u00e8gues de tirer leur lait dans de bonnes conditions.","breadcrumb":{"@id":"https:\/\/www.lactissima.com\/a-tire-d-ailes\/soutenir-lallaitement-dans-son-entreprise\/#breadcrumb"},"inLanguage":"fr-FR","potentialAction":[{"@type":"ReadAction","target":["https:\/\/www.lactissima.com\/a-tire-d-ailes\/soutenir-lallaitement-dans-son-entreprise\/"]}]},{"@type":"ImageObject","inLanguage":"fr-FR","@id":"https:\/\/www.lactissima.com\/a-tire-d-ailes\/soutenir-lallaitement-dans-son-entreprise\/#primaryimage","url":"https:\/\/www.lactissima.com\/a-tire-d-ailes\/wp-content\/uploads\/salle-allaitement2.jpg","contentUrl":"https:\/\/www.lactissima.com\/a-tire-d-ailes\/wp-content\/uploads\/salle-allaitement2.jpg","width":"235","height":"314"},{"@type":"BreadcrumbList","@id":"https:\/\/www.lactissima.com\/a-tire-d-ailes\/soutenir-lallaitement-dans-son-entreprise\/#breadcrumb","itemListElement":[{"@type":"ListItem","position":1,"name":"Accueil","item":"https:\/\/www.lactissima.com\/a-tire-d-ailes\/"},{"@type":"ListItem","position":2,"name":"Soutenir l&rsquo;allaitement dans son entreprise : le t\u00e9moignage de M\u00e9lanie"}]},{"@type":"WebSite","@id":"https:\/\/www.lactissima.com\/a-tire-d-ailes\/#website","url":"https:\/\/www.lactissima.com\/a-tire-d-ailes\/","name":"A tire d&#039;Ailes","description":"Le blog des femmes qui allaitent et travaillent.","potentialAction":[{"@type":"SearchAction","target":{"@type":"EntryPoint","urlTemplate":"https:\/\/www.lactissima.com\/a-tire-d-ailes\/?s={search_term_string}"},"query-input":{"@type":"PropertyValueSpecification","valueRequired":true,"valueName":"search_term_string"}}],"inLanguage":"fr-FR"},{"@type":"Person","@id":"https:\/\/www.lactissima.com\/a-tire-d-ailes\/#\/schema\/person\/8f98d3a89530861bc1240e6d53d44eed","name":"V\u00e9ronique Darmangeat","image":{"@type":"ImageObject","inLanguage":"fr-FR","@id":"https:\/\/secure.gravatar.com\/avatar\/268c99344c89cebfe4f5df5fa8be43068a18884fc76a29f3206fae98465b9cab?s=96&d=identicon&r=g","url":"https:\/\/secure.gravatar.com\/avatar\/268c99344c89cebfe4f5df5fa8be43068a18884fc76a29f3206fae98465b9cab?s=96&d=identicon&r=g","contentUrl":"https:\/\/secure.gravatar.com\/avatar\/268c99344c89cebfe4f5df5fa8be43068a18884fc76a29f3206fae98465b9cab?s=96&d=identicon&r=g","caption":"V\u00e9ronique Darmangeat"},"sameAs":["https:\/\/www.lactissima.com\/a-tire-d-ailes","www.facebook.com\/consultante.en.lactation"]}]}},"_links":{"self":[{"href":"https:\/\/www.lactissima.com\/a-tire-d-ailes\/wp-json\/wp\/v2\/posts\/3180","targetHints":{"allow":["GET"]}}],"collection":[{"href":"https:\/\/www.lactissima.com\/a-tire-d-ailes\/wp-json\/wp\/v2\/posts"}],"about":[{"href":"https:\/\/www.lactissima.com\/a-tire-d-ailes\/wp-json\/wp\/v2\/types\/post"}],"author":[{"embeddable":true,"href":"https:\/\/www.lactissima.com\/a-tire-d-ailes\/wp-json\/wp\/v2\/users\/170"}],"replies":[{"embeddable":true,"href":"https:\/\/www.lactissima.com\/a-tire-d-ailes\/wp-json\/wp\/v2\/comments?post=3180"}],"version-history":[{"count":18,"href":"https:\/\/www.lactissima.com\/a-tire-d-ailes\/wp-json\/wp\/v2\/posts\/3180\/revisions"}],"predecessor-version":[{"id":5658,"href":"https:\/\/www.lactissima.com\/a-tire-d-ailes\/wp-json\/wp\/v2\/posts\/3180\/revisions\/5658"}],"wp:featuredmedia":[{"embeddable":true,"href":"https:\/\/www.lactissima.com\/a-tire-d-ailes\/wp-json\/wp\/v2\/media\/3511"}],"wp:attachment":[{"href":"https:\/\/www.lactissima.com\/a-tire-d-ailes\/wp-json\/wp\/v2\/media?parent=3180"}],"wp:term":[{"taxonomy":"category","embeddable":true,"href":"https:\/\/www.lactissima.com\/a-tire-d-ailes\/wp-json\/wp\/v2\/categories?post=3180"},{"taxonomy":"post_tag","embeddable":true,"href":"https:\/\/www.lactissima.com\/a-tire-d-ailes\/wp-json\/wp\/v2\/tags?post=3180"}],"curies":[{"name":"wp","href":"https:\/\/api.w.org\/{rel}","templated":true}]}}