{"id":3163,"date":"2012-06-30T11:27:11","date_gmt":"2012-06-30T09:27:11","guid":{"rendered":"https:\/\/www.lactissima.com\/a-tire-d-ailes\/?p=3163"},"modified":"2014-10-06T07:55:40","modified_gmt":"2014-10-06T05:55:40","slug":"allaiter-et-travailler-le-temoignage-de-vervaine","status":"publish","type":"post","link":"https:\/\/www.lactissima.com\/a-tire-d-ailes\/allaiter-et-travailler-le-temoignage-de-vervaine\/","title":{"rendered":"Allaiter et travailler : le t\u00e9moignage de Vervaine"},"content":{"rendered":"<p style=\"text-align: justify;\"><strong><strong><\/strong><strong><\/strong><img loading=\"lazy\" decoding=\"async\" class=\"alignright size-full wp-image-3165\" title=\"allaitement vervaine\" alt=\"\" src=\"https:\/\/www.lactissima.com\/a-tire-d-ailes\/wp-content\/uploads\/allaitement vervaine.jpg\" width=\"336\" height=\"448\" \/>Quel choix avez-vous fait au moment de la reprise du travail : sevrage ou poursuite de l&rsquo;allaitement ? Pourquoi ?<strong><\/strong><\/strong><\/p>\n<p style=\"text-align: justify;\"><strong><\/strong>J&rsquo;ai du reprendre le travail quand ma fille avait trois mois. Je voulais garder les t\u00e9t\u00e9es du matin et du soir, mais je ne savais pas encore que donner en journ\u00e9e. Au hasard de discussions et de lectures sur le net, j&rsquo;ai appris qu&rsquo;on pouvait tirer son lait et m\u00eame d\u00e9couvert qu&rsquo;une coll\u00e8gue avait tir\u00e9 son lait au travail !<\/p>\n<p style=\"text-align: justify;\">J&rsquo;ai donc d\u00e9cid\u00e9 de tenter l&rsquo;aventure du <span style=\"color: #000000;\"><a title=\"tire-lait\" href=\"https:\/\/www.lactissima.com\/a-tire-d-ailes\/?p=56\" target=\"_blank\"><span style=\"color: #000000;\">tire-lait<\/span><\/a><\/span> pour \u00e9viter au maximum la pr\u00e9paration pour nourrisson.<\/p>\n<p style=\"text-align: justify;\"><strong>Comment vous \u00eates-vous organis\u00e9e ?<\/strong><\/p>\n<p style=\"text-align: justify;\">J&rsquo;ai beaucoup de trajet entre mon domicile et mon travail. Au d\u00e9but de ma reprise, nous avions d\u00e9cid\u00e9 de prendre une <span style=\"color: #000000;\"><a title=\"nounou\" href=\"https:\/\/www.lactissima.com\/a-tire-d-ailes\/?p=1524\" target=\"_blank\"><span style=\"color: #000000;\">assistante maternelle<\/span><\/a><\/span> \u00e0 cot\u00e9 de mon travail. Je faisais donc le trajet -1h15 en train- avec ma fille matin et soir. Je donnais donc la t\u00e9t\u00e9e du matin dans le train, et celle de retrouvailles aussi !<\/p>\n<p style=\"text-align: justify;\">Avant mon cong\u00e9 maternit\u00e9, j&rsquo;ai entendu au cours d&rsquo;un d\u00e9jeuner des coll\u00e8gues parler de tire-lait. Une d&rsquo;elle venait de rentrer de cong\u00e9s maternit\u00e9 et racontait ses malheurs \u00e0 la pharmacie avec le tire-lait. Je crois que c&rsquo;est ce qui m&rsquo;a mis la puce \u00e0 l&rsquo;oreille ! Apr\u00e8s la naissance de ma puce, j&rsquo;ai appel\u00e9 cette coll\u00e8gue et demand\u00e9 comment elle s&rsquo;\u00e9tait organis\u00e9e. Elle m&rsquo;a dit n&rsquo;avoir pas demand\u00e9 officiellement sa pause tire-lait et avoir fait cela dans son bureau, porte et volets ferm\u00e9s.<\/p>\n<p style=\"text-align: justify;\">Chez moi, j&rsquo;avais lou\u00e9 un tire-lait dans la pharmacie de la petite ville o\u00f9 j&rsquo;habite. J&rsquo;ai eu droit \u00e0 un vieux Kitett que j&rsquo;ai laiss\u00e9 dans le salon pendant plusieurs jours. Il m&rsquo;a fallu du temps avant de \u00c2\u00ab l&rsquo;apprivoiser \u00c2\u00bb. Je me suis enfin d\u00e9cid\u00e9 un jour aux environs des deux mois de ma fille- \u00e0 tirer, pour faire des r\u00e9serves. C&rsquo;\u00e9tait assez contraignant et je n&rsquo;en ai pas fait beaucoup.<\/p>\n<p style=\"text-align: justify;\">Une \u00e0 deux semaines avant ma reprise, le papa a commenc\u00e9 \u00e0 donner quelques biberons. C&rsquo;est moi qui ai essay\u00e9 de donner le premier, qui n&rsquo;est pas pass\u00e9 du tout ! Mais le papa a donn\u00e9 le second un moment o\u00f9 je m&rsquo;\u00e9tais absent\u00e9e et cela s&rsquo;est tr\u00e8s bien pass\u00e9. Nous avons donn\u00e9 quelques biberons avant la reprise, mais pas un par jour, faute d&rsquo;organisation et nous n&rsquo;\u00e9tions pas inquiets du tout.<\/p>\n<p style=\"text-align: justify;\">A cause de la distance, je n&rsquo;ai pas pu faire une r\u00e9elle semaine d&rsquo;adaptation, cela a \u00e9t\u00e9 en fait deux apr\u00e8s-midi, qui se sont bien pass\u00e9es, puis on est pass\u00e9 directement \u00e0 des journ\u00e9es de 9 h de garde.<\/p>\n<p style=\"text-align: justify;\">Au travail, j&rsquo;ai commenc\u00e9 \u00e0 tirer mon lait avec le Kitett que j&rsquo;avais transport\u00e9 tant bien que mal. J&rsquo;ai la chance d&rsquo;avoir un bureau individuel. Je fermais les stores et la porte de mon bureau \u00e0 clef et je tirais deux fois par jour. C&rsquo;\u00e9tait assez long et laborieux, mais comme c&rsquo;\u00e9tait un simple tirage, j&rsquo;avais une main de libre, et j&rsquo;en profitais pour lire les m\u00e8ls ou lire des documents. Je m&rsquo;arrangeais pour avoir des choses \u00e0 lire et pr\u00e9parer tout sur mon bureau avant de tirer. La nounou avait accept\u00e9 de donner le lait maternel et elle a tr\u00e8s vite compris les r\u00e8gles \u00e0 respecter et l&rsquo;organisation \u00e0 adopter. Au d\u00e9but je pr\u00e9cisais tout, et puis en quelques jours, je lui donnais le lait tir\u00e9 et elle g\u00e9rait elle-m\u00eame.<\/p>\n<p style=\"text-align: justify;\">Je mettais mon lait dans des petits pots Avent, que l&rsquo;on peut mettre au frigo, au cong\u00e9lateur et au bain-marie ou chauffe-biberon pour faire r\u00e9chauffer. Je notais dessus la date et la quantit\u00e9, au crayon \u00e0 papier, qui se gommait ensuite.<\/p>\n<p style=\"text-align: justify;\">Mais les premiers jours de garde, ma fille s&rsquo;est r\u00e9v\u00e9l\u00e9e \u00eatre un ogre ! Elle buvait beaucoup et mes quelques r\u00e9serves de lait du cong\u00e9 maternit\u00e9 se sont vite \u00e9puis\u00e9es. Je fonctionnais alors en \u00c2\u00ab flux tendus \u00c2\u00bb, lait tir\u00e9 la veille pour le lendemain. Avec la reprise, le changement de rythme et la fatigue, je tirais beaucoup moins de lait, et pas assez pour une journ\u00e9e (deux fois 240 mL !). J&rsquo;ai d\u00fb la mort dans l&rsquo;\u00e2me aller acheter une boite de lait en poudre pour compenser. J&rsquo;ai alors recherch\u00e9 des informations sur le net et c&rsquo;est l\u00e0 que j&rsquo;ai d\u00e9couvert le blog A tires d&rsquo;ailes. Il m&rsquo;aurait bien servi quelques mois plus t\u00f4t, mais c&rsquo;\u00e9tait d\u00e9j\u00e0 super de le trouver !<\/p>\n<p style=\"text-align: justify;\">Depuis, mon aventure a pris un autre tournant. J&rsquo;ai \u00e9t\u00e9 louer un Medela double pompage, j&rsquo;ai pris du fenugrec  Le lait a \u00e9t\u00e9 plus abondant, m\u00eame si pas toujours suffisant pour la journ\u00e9e. J&rsquo;ai gard\u00e9 un petit tire-lait \u00e9lectrique simple pompage pour la maison, et tir\u00e9 un peu les week-ends pour avoir du rab pour la semaine. Je laissais toujours une boite de pr\u00e9paration pour nourrisson \u00e0 la nounou au cas o\u00f9, mais j&rsquo;\u00e9tais tr\u00e8s fi\u00e8re quand ma fille passait plusieurs jours sans l&rsquo;utiliser.<\/p>\n<p style=\"text-align: justify;\">Nous avons chang\u00e9 d&rsquo;organisation autour des neuf mois de notre fille. En effet, la fatigue me gagnait et j&rsquo;\u00e9tais proche de l&rsquo;\u00e9puisement. Levers \u00e0 6 h, nuits interrompues, pas une minute de r\u00e9pit entre le travail et le r\u00f4le de maman. Sit\u00f4t lev\u00e9e, sit\u00f4t sortie du bureau, j&rsquo;avais ma fille. M\u00eame si c&rsquo;\u00e9tait g\u00e9nial de passer du temps avec elle, j&rsquo;\u00e9tais \u00e9puis\u00e9e. Nous devions d\u00e9m\u00e9nager, mais cela s&rsquo;est \u00e9ternis\u00e9. Nous avons donc chang\u00e9 \u00e0 regret de nourrice et pris une assistante maternelle \u00e0 cot\u00e9 de la maison. C&rsquo;est d\u00e9sormais son p\u00e8re qui l\u00e8ve notre fille le matin et l&#8217;emm\u00e8ne chez la nourrice et moi qui la r\u00e9cup\u00e8re le soir. Cela me permet d&rsquo;avoir un temps pour moi dans le train et de dormir si n\u00e9cessaire ! C&rsquo;en \u00e9tait donc fini des t\u00e9t\u00e9es du matin. Moi qui voulais arr\u00eater le tire-lait, j&rsquo;ai d\u00e9cid\u00e9 de continuer, pour fournir au moins un biberon de lait maternel le matin. Je ne tire plus que sur ma pause de midi (d&rsquo;ailleurs j&rsquo;ai d\u00e9pass\u00e9 les un an de pause l\u00e9gale). Au go\u00fbter, elle prend un yaourt. Et garde sa t\u00e9t\u00e9e le soir ! J&rsquo;ai choisi de continuer le tire-lait pour \u00e9viter aussi la baisse de lactation. Il y a eu des hauts et des bas, principalement motiv\u00e9s par le retour de couches (vers les dix mois) et avant les r\u00e8gles. Dans ces cas-l\u00e0 , le f\u00e9nugrec ne faisait pas d&rsquo;effet.<\/p>\n<p style=\"text-align: justify;\">Les week-ends et vacances, ma fille t\u00e8te \u00e0 la demande (assez r\u00e9gul\u00e9e par les heures des repas\/gouters). Ce qui permet, entre autres bons moments pass\u00e9s, de relancer un peu la lactation. Et j&rsquo;allaite encore ma fille qui a bient\u00f4t quinze mois !<\/p>\n<p style=\"text-align: justify;\"><strong>Quelles ont \u00e9t\u00e9 vos principales difficult\u00e9s ?<\/strong><\/p>\n<p style=\"text-align: justify;\">Le tire-lait : le voir, se d\u00e9cider \u00e0 l&rsquo;utiliser. Vaincre la barri\u00e8re \u00c2\u00ab psychologique \u00c2\u00bb de se mettre une machine sur les seins. Encore pire avec le Kitett de l&rsquo;avant-guerre !<\/p>\n<p style=\"text-align: justify;\">Les baisses de lait \u00e0 cause de la fatigue, et les tentatives de relancer la lactation, quand on ne peut pas mettre b\u00e9b\u00e9 au sein aussi souvent qu&rsquo;on le souhaite.<\/p>\n<p style=\"text-align: justify;\">Le questionnement de d\u00e9part sur \u00c2\u00ab combien va-t-elle prendre \u00c2\u00bb et la quantit\u00e9 de lait \u00e0 fournir. Le manque de lait et l&rsquo;achat de poudre.<\/p>\n<p style=\"text-align: justify;\">La <span style=\"color: #000000;\"><a title=\"motivation pour tirer son lait\" href=\"https:\/\/www.lactissima.com\/a-tire-d-ailes\/?p=1305\" target=\"_blank\"><span style=\"color: #000000;\">motivation pour tirer son lait<\/span><\/a><\/span> quand on est prise par une journ\u00e9e de boulot.<\/p>\n<p style=\"text-align: justify;\"><strong>Quels ont \u00e9t\u00e9 vos meilleurs moments ?<\/strong><\/p>\n<p style=\"text-align: justify;\">Les t\u00e9t\u00e9es de retrouvailles dans le train !<\/p>\n<p style=\"text-align: justify;\">Les t\u00e9t\u00e9es du soir quand ma fille s&rsquo;endormait sur ma poitrine.<\/p>\n<p style=\"text-align: justify;\">Les week-ends tranquilles o\u00f9 ma fille t\u00e8te \u00e0 volont\u00e9, et l\u00e8ve la t\u00eate pour me regarder avec un grand sourire !<\/p>\n<p style=\"text-align: justify;\">Quand ma fille a refus\u00e9 le biberon vers ses douze mois. Elle prend maintenant le lait du matin avec une bouillie de c\u00e9r\u00e9ales. Je n&rsquo;ai plus peur de confusion sein-t\u00e9tine !<\/p>\n<p style=\"text-align: justify;\">Le peu de maladies durant la premi\u00e8re ann\u00e9e, et le premier hiver.<\/p>\n<p style=\"text-align: justify;\">Le fait de n&rsquo;avoir jamais pr\u00e9par\u00e9 un biberon !<\/p>\n<p style=\"text-align: justify;\">Pouvoir encore allaiter maintenant !<\/p>\n<p style=\"text-align: justify;\">La praticit\u00e9 des d\u00e9parts et des grands voyage : pas de biberons \u00e0 emporter, ni d&rsquo;eau, de boites de poudre. Si elle r\u00e2le, on fait un pause, elle t\u00e8te, et \u00e7a repart !<\/p>\n<p style=\"text-align: justify;\"><strong>Qu&rsquo;est-ce que vous souhaiteriez dire aux mamans qui doivent faire un choix dans les semaines \u00e0 venir ?<\/strong><\/p>\n<p style=\"text-align: justify;\">De bien se renseigner avant de se d\u00e9cider, pour prendre leur d\u00e9cision en connaissant toutes les possibilit\u00e9s, pour que ce soit vraiment un choix et pas une solution par d\u00e9faut.<\/p>\n<p style=\"text-align: justify;\">D&rsquo;essayer quand m\u00eame de tirer son lait, m\u00eame si elles donnent du lait artificiel en compl\u00e9ment, pour entretenir la lactation.<\/p>\n<p style=\"text-align: justify;\">De bien se renseigner \u00e0 leur travail pour connaitre les conditions de tirage\/d&rsquo;absence pour allaiter leur b\u00e9b\u00e9.<\/p>\n<p style=\"text-align: justify;\"><strong>Ce serait \u00e0 refaire, vous referiez le m\u00eame choix ? Que changeriez-vous ?<\/strong><\/p>\n<p style=\"text-align: justify;\">Je continuerais \u00e0 allaiter mon prochain b\u00e9b\u00e9 le plus longtemps possible !<\/p>\n<p style=\"text-align: justify;\">Ce que je changerai :<\/p>\n<p style=\"text-align: justify;\">&#8211; je ferai plus de r\u00e9serves avant la reprise ;<\/p>\n<p style=\"text-align: justify;\">&#8211; je n&rsquo;introduirai pas de biberons mais j&rsquo;essayerai la pipette, le verre ou la tasse \u00e0 bec (pour que ce soit pratique pour la nounou aussi) ;<\/p>\n<p style=\"text-align: justify;\">&#8211; Dans l&rsquo;id\u00e9al, je prendrais un cong\u00e9 jusqu&rsquo;aux six mois de b\u00e9b\u00e9 pour pouvoir allaiter exclusivement sans tire-lait <\/p>\n<p style=\"text-align: justify;\">Pour r\u00e9sumer, je dirais que l&rsquo;allaitement est un long chemin, avec toujours une surprise au bout ! Aujourd&rsquo;hui, j&rsquo;ai eu l&rsquo;impression d&rsquo;\u00eatre partie pour monter jusqu&rsquo;au sommet de l&rsquo;Everest, en me pr\u00e9parant comme si je partais pour une promenade en campagne, avec juste une paire de basket. Mais j&rsquo;ai eu la chance de trouver des \u00c2\u00ab refuges \u00c2\u00bb tout au long du chemin pour mieux m&rsquo;\u00e9quiper (en information).<\/p>\n<p style=\"text-align: justify;\"><strong>Articles en rapport :<\/strong><\/p>\n<ul>\n<li style=\"text-align: justify;\">Voir l&rsquo;onglet <a href=\"https:\/\/www.lactissima.com\/a-tire-d-ailes\/?page_id=1179\" target=\"_blank\">t\u00e9moignages<\/a><\/li>\n<\/ul>\n<p>&nbsp;<\/p>\n","protected":false},"excerpt":{"rendered":"<p>Vervaine a d\u00e9cid\u00e9 de tirer son lait gr\u00e2ce \u00e0 une coll\u00e8gue l&rsquo;ayant d\u00e9j\u00e0 fait sur son lieu de travail.<\/p>\n","protected":false},"author":170,"featured_media":3165,"comment_status":"open","ping_status":"open","sticky":false,"template":"","format":"standard","meta":{"_et_pb_use_builder":"","_et_pb_old_content":"","_et_gb_content_width":"","footnotes":""},"categories":[36,150],"tags":[87,385,57],"class_list":["post-3163","post","type-post","status-publish","format-standard","has-post-thumbnail","hentry","category-allaitement-et-travail","category-temoignages","tag-assistante-maternelle","tag-motivation-pour-tirer-son-lait","tag-tire-lait"],"yoast_head":"<!-- This site is optimized with the Yoast SEO plugin v27.4 - https:\/\/yoast.com\/product\/yoast-seo-wordpress\/ -->\n<title>Allaiter et travailler : le t\u00e9moignage de Vervaine<\/title>\n<meta name=\"description\" content=\"Vervaine a d\u00e9cid\u00e9 de tirer son lait gr\u00e2ce \u00e0 une coll\u00e8gue l&#039;ayant d\u00e9j\u00e0 fait sur son lieu de travail.\" \/>\n<meta name=\"robots\" content=\"index, follow, max-snippet:-1, max-image-preview:large, max-video-preview:-1\" \/>\n<link rel=\"canonical\" href=\"https:\/\/www.lactissima.com\/a-tire-d-ailes\/allaiter-et-travailler-le-temoignage-de-vervaine\/\" \/>\n<meta property=\"og:locale\" content=\"fr_FR\" \/>\n<meta property=\"og:type\" content=\"article\" \/>\n<meta property=\"og:title\" content=\"Allaiter et travailler : le t\u00e9moignage de Vervaine\" \/>\n<meta property=\"og:description\" content=\"Vervaine a d\u00e9cid\u00e9 de tirer son lait gr\u00e2ce \u00e0 une coll\u00e8gue l&#039;ayant d\u00e9j\u00e0 fait sur son lieu de travail.\" \/>\n<meta property=\"og:url\" content=\"https:\/\/www.lactissima.com\/a-tire-d-ailes\/allaiter-et-travailler-le-temoignage-de-vervaine\/\" \/>\n<meta property=\"og:site_name\" content=\"A tire d&#039;Ailes\" \/>\n<meta property=\"article:publisher\" content=\"https:\/\/www.facebook.com\/consultante.en.lactation\" \/>\n<meta property=\"article:author\" content=\"www.facebook.com\/consultante.en.lactation\" \/>\n<meta property=\"article:published_time\" content=\"2012-06-30T09:27:11+00:00\" \/>\n<meta property=\"article:modified_time\" content=\"2014-10-06T05:55:40+00:00\" \/>\n<meta property=\"og:image\" content=\"https:\/\/www.lactissima.com\/a-tire-d-ailes\/wp-content\/uploads\/allaitement-vervaine.jpg\" \/>\n\t<meta property=\"og:image:width\" content=\"336\" \/>\n\t<meta property=\"og:image:height\" content=\"448\" \/>\n\t<meta property=\"og:image:type\" content=\"image\/jpeg\" \/>\n<meta name=\"author\" content=\"V\u00e9ronique Darmangeat\" \/>\n<meta name=\"twitter:card\" content=\"summary_large_image\" \/>\n<meta name=\"twitter:creator\" content=\"@VeroniqueIBCLC\" \/>\n<meta name=\"twitter:site\" content=\"@VeroniqueIBCLC\" \/>\n<meta name=\"twitter:label1\" content=\"\u00c9crit par\" \/>\n\t<meta name=\"twitter:data1\" content=\"V\u00e9ronique Darmangeat\" \/>\n\t<meta name=\"twitter:label2\" content=\"Dur\u00e9e de lecture estim\u00e9e\" \/>\n\t<meta name=\"twitter:data2\" content=\"8 minutes\" \/>\n<script type=\"application\/ld+json\" class=\"yoast-schema-graph\">{\"@context\":\"https:\\\/\\\/schema.org\",\"@graph\":[{\"@type\":\"Article\",\"@id\":\"https:\\\/\\\/www.lactissima.com\\\/a-tire-d-ailes\\\/allaiter-et-travailler-le-temoignage-de-vervaine\\\/#article\",\"isPartOf\":{\"@id\":\"https:\\\/\\\/www.lactissima.com\\\/a-tire-d-ailes\\\/allaiter-et-travailler-le-temoignage-de-vervaine\\\/\"},\"author\":{\"name\":\"V\u00e9ronique Darmangeat\",\"@id\":\"https:\\\/\\\/www.lactissima.com\\\/a-tire-d-ailes\\\/#\\\/schema\\\/person\\\/8f98d3a89530861bc1240e6d53d44eed\"},\"headline\":\"Allaiter et travailler : le t\u00e9moignage de Vervaine\",\"datePublished\":\"2012-06-30T09:27:11+00:00\",\"dateModified\":\"2014-10-06T05:55:40+00:00\",\"mainEntityOfPage\":{\"@id\":\"https:\\\/\\\/www.lactissima.com\\\/a-tire-d-ailes\\\/allaiter-et-travailler-le-temoignage-de-vervaine\\\/\"},\"wordCount\":1730,\"commentCount\":6,\"image\":{\"@id\":\"https:\\\/\\\/www.lactissima.com\\\/a-tire-d-ailes\\\/allaiter-et-travailler-le-temoignage-de-vervaine\\\/#primaryimage\"},\"thumbnailUrl\":\"https:\\\/\\\/www.lactissima.com\\\/a-tire-d-ailes\\\/wp-content\\\/uploads\\\/allaitement-vervaine.jpg\",\"keywords\":[\"assistante maternelle\",\"motivation pour tirer son lait\",\"tire-lait\"],\"articleSection\":[\"Allaitement et Travail\",\"t\u00e9moignages\"],\"inLanguage\":\"fr-FR\",\"potentialAction\":[{\"@type\":\"CommentAction\",\"name\":\"Comment\",\"target\":[\"https:\\\/\\\/www.lactissima.com\\\/a-tire-d-ailes\\\/allaiter-et-travailler-le-temoignage-de-vervaine\\\/#respond\"]}]},{\"@type\":\"WebPage\",\"@id\":\"https:\\\/\\\/www.lactissima.com\\\/a-tire-d-ailes\\\/allaiter-et-travailler-le-temoignage-de-vervaine\\\/\",\"url\":\"https:\\\/\\\/www.lactissima.com\\\/a-tire-d-ailes\\\/allaiter-et-travailler-le-temoignage-de-vervaine\\\/\",\"name\":\"Allaiter et travailler : le t\u00e9moignage de Vervaine\",\"isPartOf\":{\"@id\":\"https:\\\/\\\/www.lactissima.com\\\/a-tire-d-ailes\\\/#website\"},\"primaryImageOfPage\":{\"@id\":\"https:\\\/\\\/www.lactissima.com\\\/a-tire-d-ailes\\\/allaiter-et-travailler-le-temoignage-de-vervaine\\\/#primaryimage\"},\"image\":{\"@id\":\"https:\\\/\\\/www.lactissima.com\\\/a-tire-d-ailes\\\/allaiter-et-travailler-le-temoignage-de-vervaine\\\/#primaryimage\"},\"thumbnailUrl\":\"https:\\\/\\\/www.lactissima.com\\\/a-tire-d-ailes\\\/wp-content\\\/uploads\\\/allaitement-vervaine.jpg\",\"datePublished\":\"2012-06-30T09:27:11+00:00\",\"dateModified\":\"2014-10-06T05:55:40+00:00\",\"author\":{\"@id\":\"https:\\\/\\\/www.lactissima.com\\\/a-tire-d-ailes\\\/#\\\/schema\\\/person\\\/8f98d3a89530861bc1240e6d53d44eed\"},\"description\":\"Vervaine a d\u00e9cid\u00e9 de tirer son lait gr\u00e2ce \u00e0 une coll\u00e8gue l'ayant d\u00e9j\u00e0 fait sur son lieu de travail.\",\"breadcrumb\":{\"@id\":\"https:\\\/\\\/www.lactissima.com\\\/a-tire-d-ailes\\\/allaiter-et-travailler-le-temoignage-de-vervaine\\\/#breadcrumb\"},\"inLanguage\":\"fr-FR\",\"potentialAction\":[{\"@type\":\"ReadAction\",\"target\":[\"https:\\\/\\\/www.lactissima.com\\\/a-tire-d-ailes\\\/allaiter-et-travailler-le-temoignage-de-vervaine\\\/\"]}]},{\"@type\":\"ImageObject\",\"inLanguage\":\"fr-FR\",\"@id\":\"https:\\\/\\\/www.lactissima.com\\\/a-tire-d-ailes\\\/allaiter-et-travailler-le-temoignage-de-vervaine\\\/#primaryimage\",\"url\":\"https:\\\/\\\/www.lactissima.com\\\/a-tire-d-ailes\\\/wp-content\\\/uploads\\\/allaitement-vervaine.jpg\",\"contentUrl\":\"https:\\\/\\\/www.lactissima.com\\\/a-tire-d-ailes\\\/wp-content\\\/uploads\\\/allaitement-vervaine.jpg\",\"width\":\"336\",\"height\":\"448\"},{\"@type\":\"BreadcrumbList\",\"@id\":\"https:\\\/\\\/www.lactissima.com\\\/a-tire-d-ailes\\\/allaiter-et-travailler-le-temoignage-de-vervaine\\\/#breadcrumb\",\"itemListElement\":[{\"@type\":\"ListItem\",\"position\":1,\"name\":\"Accueil\",\"item\":\"https:\\\/\\\/www.lactissima.com\\\/a-tire-d-ailes\\\/\"},{\"@type\":\"ListItem\",\"position\":2,\"name\":\"Allaiter et travailler : le t\u00e9moignage de Vervaine\"}]},{\"@type\":\"WebSite\",\"@id\":\"https:\\\/\\\/www.lactissima.com\\\/a-tire-d-ailes\\\/#website\",\"url\":\"https:\\\/\\\/www.lactissima.com\\\/a-tire-d-ailes\\\/\",\"name\":\"A tire d&#039;Ailes\",\"description\":\"Le blog des femmes qui allaitent et travaillent.\",\"potentialAction\":[{\"@type\":\"SearchAction\",\"target\":{\"@type\":\"EntryPoint\",\"urlTemplate\":\"https:\\\/\\\/www.lactissima.com\\\/a-tire-d-ailes\\\/?s={search_term_string}\"},\"query-input\":{\"@type\":\"PropertyValueSpecification\",\"valueRequired\":true,\"valueName\":\"search_term_string\"}}],\"inLanguage\":\"fr-FR\"},{\"@type\":\"Person\",\"@id\":\"https:\\\/\\\/www.lactissima.com\\\/a-tire-d-ailes\\\/#\\\/schema\\\/person\\\/8f98d3a89530861bc1240e6d53d44eed\",\"name\":\"V\u00e9ronique Darmangeat\",\"image\":{\"@type\":\"ImageObject\",\"inLanguage\":\"fr-FR\",\"@id\":\"https:\\\/\\\/secure.gravatar.com\\\/avatar\\\/268c99344c89cebfe4f5df5fa8be43068a18884fc76a29f3206fae98465b9cab?s=96&d=identicon&r=g\",\"url\":\"https:\\\/\\\/secure.gravatar.com\\\/avatar\\\/268c99344c89cebfe4f5df5fa8be43068a18884fc76a29f3206fae98465b9cab?s=96&d=identicon&r=g\",\"contentUrl\":\"https:\\\/\\\/secure.gravatar.com\\\/avatar\\\/268c99344c89cebfe4f5df5fa8be43068a18884fc76a29f3206fae98465b9cab?s=96&d=identicon&r=g\",\"caption\":\"V\u00e9ronique Darmangeat\"},\"sameAs\":[\"https:\\\/\\\/www.lactissima.com\\\/a-tire-d-ailes\",\"www.facebook.com\\\/consultante.en.lactation\"]}]}<\/script>\n<!-- \/ Yoast SEO plugin. -->","yoast_head_json":{"title":"Allaiter et travailler : le t\u00e9moignage de Vervaine","description":"Vervaine a d\u00e9cid\u00e9 de tirer son lait gr\u00e2ce \u00e0 une coll\u00e8gue l'ayant d\u00e9j\u00e0 fait sur son lieu de travail.","robots":{"index":"index","follow":"follow","max-snippet":"max-snippet:-1","max-image-preview":"max-image-preview:large","max-video-preview":"max-video-preview:-1"},"canonical":"https:\/\/www.lactissima.com\/a-tire-d-ailes\/allaiter-et-travailler-le-temoignage-de-vervaine\/","og_locale":"fr_FR","og_type":"article","og_title":"Allaiter et travailler : le t\u00e9moignage de Vervaine","og_description":"Vervaine a d\u00e9cid\u00e9 de tirer son lait gr\u00e2ce \u00e0 une coll\u00e8gue l'ayant d\u00e9j\u00e0 fait sur son lieu de travail.","og_url":"https:\/\/www.lactissima.com\/a-tire-d-ailes\/allaiter-et-travailler-le-temoignage-de-vervaine\/","og_site_name":"A tire d&#039;Ailes","article_publisher":"https:\/\/www.facebook.com\/consultante.en.lactation","article_author":"www.facebook.com\/consultante.en.lactation","article_published_time":"2012-06-30T09:27:11+00:00","article_modified_time":"2014-10-06T05:55:40+00:00","og_image":[{"width":336,"height":448,"url":"https:\/\/www.lactissima.com\/a-tire-d-ailes\/wp-content\/uploads\/allaitement-vervaine.jpg","type":"image\/jpeg"}],"author":"V\u00e9ronique Darmangeat","twitter_card":"summary_large_image","twitter_creator":"@VeroniqueIBCLC","twitter_site":"@VeroniqueIBCLC","twitter_misc":{"\u00c9crit par":"V\u00e9ronique Darmangeat","Dur\u00e9e de lecture estim\u00e9e":"8 minutes"},"schema":{"@context":"https:\/\/schema.org","@graph":[{"@type":"Article","@id":"https:\/\/www.lactissima.com\/a-tire-d-ailes\/allaiter-et-travailler-le-temoignage-de-vervaine\/#article","isPartOf":{"@id":"https:\/\/www.lactissima.com\/a-tire-d-ailes\/allaiter-et-travailler-le-temoignage-de-vervaine\/"},"author":{"name":"V\u00e9ronique Darmangeat","@id":"https:\/\/www.lactissima.com\/a-tire-d-ailes\/#\/schema\/person\/8f98d3a89530861bc1240e6d53d44eed"},"headline":"Allaiter et travailler : le t\u00e9moignage de Vervaine","datePublished":"2012-06-30T09:27:11+00:00","dateModified":"2014-10-06T05:55:40+00:00","mainEntityOfPage":{"@id":"https:\/\/www.lactissima.com\/a-tire-d-ailes\/allaiter-et-travailler-le-temoignage-de-vervaine\/"},"wordCount":1730,"commentCount":6,"image":{"@id":"https:\/\/www.lactissima.com\/a-tire-d-ailes\/allaiter-et-travailler-le-temoignage-de-vervaine\/#primaryimage"},"thumbnailUrl":"https:\/\/www.lactissima.com\/a-tire-d-ailes\/wp-content\/uploads\/allaitement-vervaine.jpg","keywords":["assistante maternelle","motivation pour tirer son lait","tire-lait"],"articleSection":["Allaitement et Travail","t\u00e9moignages"],"inLanguage":"fr-FR","potentialAction":[{"@type":"CommentAction","name":"Comment","target":["https:\/\/www.lactissima.com\/a-tire-d-ailes\/allaiter-et-travailler-le-temoignage-de-vervaine\/#respond"]}]},{"@type":"WebPage","@id":"https:\/\/www.lactissima.com\/a-tire-d-ailes\/allaiter-et-travailler-le-temoignage-de-vervaine\/","url":"https:\/\/www.lactissima.com\/a-tire-d-ailes\/allaiter-et-travailler-le-temoignage-de-vervaine\/","name":"Allaiter et travailler : le t\u00e9moignage de Vervaine","isPartOf":{"@id":"https:\/\/www.lactissima.com\/a-tire-d-ailes\/#website"},"primaryImageOfPage":{"@id":"https:\/\/www.lactissima.com\/a-tire-d-ailes\/allaiter-et-travailler-le-temoignage-de-vervaine\/#primaryimage"},"image":{"@id":"https:\/\/www.lactissima.com\/a-tire-d-ailes\/allaiter-et-travailler-le-temoignage-de-vervaine\/#primaryimage"},"thumbnailUrl":"https:\/\/www.lactissima.com\/a-tire-d-ailes\/wp-content\/uploads\/allaitement-vervaine.jpg","datePublished":"2012-06-30T09:27:11+00:00","dateModified":"2014-10-06T05:55:40+00:00","author":{"@id":"https:\/\/www.lactissima.com\/a-tire-d-ailes\/#\/schema\/person\/8f98d3a89530861bc1240e6d53d44eed"},"description":"Vervaine a d\u00e9cid\u00e9 de tirer son lait gr\u00e2ce \u00e0 une coll\u00e8gue l'ayant d\u00e9j\u00e0 fait sur son lieu de travail.","breadcrumb":{"@id":"https:\/\/www.lactissima.com\/a-tire-d-ailes\/allaiter-et-travailler-le-temoignage-de-vervaine\/#breadcrumb"},"inLanguage":"fr-FR","potentialAction":[{"@type":"ReadAction","target":["https:\/\/www.lactissima.com\/a-tire-d-ailes\/allaiter-et-travailler-le-temoignage-de-vervaine\/"]}]},{"@type":"ImageObject","inLanguage":"fr-FR","@id":"https:\/\/www.lactissima.com\/a-tire-d-ailes\/allaiter-et-travailler-le-temoignage-de-vervaine\/#primaryimage","url":"https:\/\/www.lactissima.com\/a-tire-d-ailes\/wp-content\/uploads\/allaitement-vervaine.jpg","contentUrl":"https:\/\/www.lactissima.com\/a-tire-d-ailes\/wp-content\/uploads\/allaitement-vervaine.jpg","width":"336","height":"448"},{"@type":"BreadcrumbList","@id":"https:\/\/www.lactissima.com\/a-tire-d-ailes\/allaiter-et-travailler-le-temoignage-de-vervaine\/#breadcrumb","itemListElement":[{"@type":"ListItem","position":1,"name":"Accueil","item":"https:\/\/www.lactissima.com\/a-tire-d-ailes\/"},{"@type":"ListItem","position":2,"name":"Allaiter et travailler : le t\u00e9moignage de Vervaine"}]},{"@type":"WebSite","@id":"https:\/\/www.lactissima.com\/a-tire-d-ailes\/#website","url":"https:\/\/www.lactissima.com\/a-tire-d-ailes\/","name":"A tire d&#039;Ailes","description":"Le blog des femmes qui allaitent et travaillent.","potentialAction":[{"@type":"SearchAction","target":{"@type":"EntryPoint","urlTemplate":"https:\/\/www.lactissima.com\/a-tire-d-ailes\/?s={search_term_string}"},"query-input":{"@type":"PropertyValueSpecification","valueRequired":true,"valueName":"search_term_string"}}],"inLanguage":"fr-FR"},{"@type":"Person","@id":"https:\/\/www.lactissima.com\/a-tire-d-ailes\/#\/schema\/person\/8f98d3a89530861bc1240e6d53d44eed","name":"V\u00e9ronique Darmangeat","image":{"@type":"ImageObject","inLanguage":"fr-FR","@id":"https:\/\/secure.gravatar.com\/avatar\/268c99344c89cebfe4f5df5fa8be43068a18884fc76a29f3206fae98465b9cab?s=96&d=identicon&r=g","url":"https:\/\/secure.gravatar.com\/avatar\/268c99344c89cebfe4f5df5fa8be43068a18884fc76a29f3206fae98465b9cab?s=96&d=identicon&r=g","contentUrl":"https:\/\/secure.gravatar.com\/avatar\/268c99344c89cebfe4f5df5fa8be43068a18884fc76a29f3206fae98465b9cab?s=96&d=identicon&r=g","caption":"V\u00e9ronique Darmangeat"},"sameAs":["https:\/\/www.lactissima.com\/a-tire-d-ailes","www.facebook.com\/consultante.en.lactation"]}]}},"_links":{"self":[{"href":"https:\/\/www.lactissima.com\/a-tire-d-ailes\/wp-json\/wp\/v2\/posts\/3163","targetHints":{"allow":["GET"]}}],"collection":[{"href":"https:\/\/www.lactissima.com\/a-tire-d-ailes\/wp-json\/wp\/v2\/posts"}],"about":[{"href":"https:\/\/www.lactissima.com\/a-tire-d-ailes\/wp-json\/wp\/v2\/types\/post"}],"author":[{"embeddable":true,"href":"https:\/\/www.lactissima.com\/a-tire-d-ailes\/wp-json\/wp\/v2\/users\/170"}],"replies":[{"embeddable":true,"href":"https:\/\/www.lactissima.com\/a-tire-d-ailes\/wp-json\/wp\/v2\/comments?post=3163"}],"version-history":[{"count":9,"href":"https:\/\/www.lactissima.com\/a-tire-d-ailes\/wp-json\/wp\/v2\/posts\/3163\/revisions"}],"predecessor-version":[{"id":5950,"href":"https:\/\/www.lactissima.com\/a-tire-d-ailes\/wp-json\/wp\/v2\/posts\/3163\/revisions\/5950"}],"wp:featuredmedia":[{"embeddable":true,"href":"https:\/\/www.lactissima.com\/a-tire-d-ailes\/wp-json\/wp\/v2\/media\/3165"}],"wp:attachment":[{"href":"https:\/\/www.lactissima.com\/a-tire-d-ailes\/wp-json\/wp\/v2\/media?parent=3163"}],"wp:term":[{"taxonomy":"category","embeddable":true,"href":"https:\/\/www.lactissima.com\/a-tire-d-ailes\/wp-json\/wp\/v2\/categories?post=3163"},{"taxonomy":"post_tag","embeddable":true,"href":"https:\/\/www.lactissima.com\/a-tire-d-ailes\/wp-json\/wp\/v2\/tags?post=3163"}],"curies":[{"name":"wp","href":"https:\/\/api.w.org\/{rel}","templated":true}]}}